{"id":213344,"date":"2021-10-18T12:34:49","date_gmt":"2021-10-18T12:34:49","guid":{"rendered":"https:\/\/www.meydan.tv\/article\/sehid-ailesi-ile-qohumlar-arasindaki-mulk-davasi-mehkemeye-dasindi\/"},"modified":"2021-10-18T12:34:49","modified_gmt":"2021-10-18T12:34:49","slug":"sehid-ailesi-ile-qohumlar-arasindaki-mulk-davasi-mehkemeye-dasindi","status":"publish","type":"post","link":"https:\/\/www.meydan.tv\/az\/article\/sehid-ailesi-ile-qohumlar-arasindaki-mulk-davasi-mehkemeye-dasindi\/","title":{"rendered":"\u015e\u0259hid ail\u0259si il\u0259 qohumlar aras\u0131ndak\u0131 m\u00fclk davas\u0131 m\u0259hk\u0259m\u0259y\u0259 da\u015f\u0131nd\u0131"},"content":{"rendered":"<p>\n  <i><br \/>\n    Ana evini n\u0259v\u0259sin\u0259 vers\u0259 d\u0259, \u00f6vladlar\u0131 bununla raz\u0131la\u015fm\u0131r<br \/>\n  <\/i>\n<\/p>\n<p>\n  Birinci Qaraba\u011f m\u00fcharib\u0259sind\u0259 h\u0259lak olmu\u015f El\u015fad Bayramovun ail\u0259si il\u0259 bac\u0131s\u0131 aras\u0131\u0131ndak\u0131 m\u00fclk davas\u0131 m\u0259hk\u0259m\u0259y\u0259 q\u0259d\u0259r uzan\u0131b. T\u0259r\u0259fl\u0259r aras\u0131nda m\u00fcbahis\u0259 Quba rayonunun Alpan k\u0259ndind\u0259 yerl\u0259\u015f\u0259n ata evi \u00fcst\u00fcnd\u0259 d\u00fc\u015f\u00fcb. Haz\u0131rda h\u0259min evd\u0259 El\u015fad Bayramovun ail\u0259si ya\u015fay\u0131r.\n<\/p>\n<p>\n  Atas\u0131n\u0131n ad\u0131n\u0131 da\u015f\u0131yan o\u011flu El\u015fad Bayramov Meydan TV-y\u0259 deyib ki, o, do\u011fulandan atas\u0131n\u0131n \u00fcz\u00fcn\u00fc g\u00f6rm\u0259yib: \u201cAnamla t\u0259k qalm\u0131\u015fam. 1999-cu ild\u0259 haz\u0131rda \u00fcz\u0259rind\u0259 m\u00fcbahis\u0259 ged\u0259n ev v\u0259siyy\u0259tnam\u0259 il\u0259 m\u0259n\u0259 verilib. O vaxtdan bu evd\u0259 ya\u015fay\u0131r\u0131q\u201d.\n<\/p>\n<p>\n  El\u015fad Bayramov 1992-ci ilin sentyabr\u0131nda A\u011fd\u0259r\u0259 istiqam\u0259tind\u0259 ged\u0259n d\u00f6y\u00fc\u015fl\u0259rd\u0259 h\u0259yat\u0131n\u0131 itirib. K\u0259ndd\u0259ki m\u0259kt\u0259b d\u0259 onun ad\u0131n\u0131 da\u015f\u0131y\u0131r.\n<\/p>\n<p>\n  \u201cBibimgil k\u0259ndd\u0259ki evini sat\u0131b. \u0130ndi deyirl\u0259r ki, bu evd\u0259 d\u0259 paylar\u0131 olmal\u0131d\u0131r. Halbuki n\u0259n\u0259m &#8211; atam\u0131n anas\u0131 onu m\u0259n\u0259 v\u0259siyy\u0259t edib v\u0259 bunu t\u0259sdiq ed\u0259n s\u0259n\u0259d d\u0259 var. 3 \u00f6vlad\u0131m var, anam da m\u0259niml\u0259 ya\u015fay\u0131r. Quba Rayon M\u0259hk\u0259m\u0259sind\u0259 haz\u0131rda onlar\u0131n iddia \u0259riz\u0259sin\u0259 bax\u0131l\u0131r\u201d, &#8211; E.Bayramov deyib. \u018flav\u0259 edib ki, bibisinin Bak\u0131da da evi var.\n<\/p>\n<figure class=\"wp-block-image size-large\">\n  <img decoding=\"async\" src=\"https:\/\/www.meydan.tv\/az\/f78f5540-3147-4ad6-8e24-d584191d9793-jpg\/\" alt=\"f78f5540-3147-4ad6-8e24-d584191d9793.jpg\" class=\"wp-image-211218\"\/><figcaption>\n    M\u0259hk\u0259m\u0259 q\u0259tnam\u0259si<br \/>\n  <\/figcaption><\/figure>\n<p>\n  Sentyabr\u0131n 21-d\u0259 iddia \u0259riz\u0259sin\u0259 bax\u0131l\u0131b v\u0259 iddia r\u0259dd edilib:\n<\/p>\n<p>\n  \u201c\u0130ddia \u0259riz\u0259sind\u0259 anam\u0131n v\u0259 m\u0259nim evd\u0259n \u00e7\u0131xar\u0131lma\u011f\u0131m ist\u0259nilirdi. Q\u0259rardan sonra dedil\u0259r ki, yenid\u0259n iddia qald\u0131racaq v\u0259 biz evd\u0259n \u00e7\u0131xar\u0131lmayanad\u0259k \u0259l \u00e7\u0259km\u0259y\u0259c\u0259kl\u0259r. Evd\u0259n pay almaq \u00fc\u00e7\u00fcn h\u0259r vasit\u0259d\u0259n istifad\u0259 edirl\u0259r, bu da m\u0259ni incidir. Atam m\u0259n anadan olmazdan 3 ay \u0259vv\u0259l \u015f\u0259hid olub, bac\u0131m-qarda\u015f\u0131m yoxdur. Evin t\u0259mirind\u0259n tutmu\u015f \u0259\u015fyalara q\u0259d\u0259r \u00e7\u0259tinlikl\u0259 d\u00fcz\u0259ltmi\u015fik. N\u0259n\u0259m h\u0259l\u0259 v\u0259fat etm\u0259zd\u0259n \u0259vv\u0259l ona aid evi m\u0259n\u0259 verib. T\u0259s\u0259vv\u00fcr edin, n\u0259n\u0259m m\u00fclk\u00fcn\u00fc, \u0259mlak\u0131n\u0131 \u015f\u0259hid o\u011flu, balas\u0131n\u0131n yadigar\u0131 kimi m\u0259n\u0259 verib, ill\u0259rd\u0259n sonra qohumlar\u0131m bununla raz\u0131la\u015fm\u0131r. Bibim n\u0259n\u0259m\u0259 aid olan torpa\u011f\u0131 m\u00fcxt\u0259lif vasit\u0259 il\u0259 \u00f6z ad\u0131na ke\u00e7irib, pay\u00e7\u0131 kimi m\u0259nim raz\u0131l\u0131\u011f\u0131m al\u0131nmay\u0131b. Guya evi z\u0259bt etmi\u015fik, bir hiss\u0259sin ist\u0259yirl\u0259r\u201d,-\u015fikay\u0259t\u00e7i deyib.\n<\/p>\n<p>\n  E.Bayramov qeyd edib ki, anas\u0131 onu \u00e7\u0259tinlikl\u0259 b\u00f6y\u00fcd\u00fcb: \u201cOnsuz da ata qay\u011f\u0131s\u0131 g\u00f6rm\u0259mi\u015f\u0259m, amma bibi v\u0259 \u0259mil\u0259rin bu iddias\u0131 h\u0259m d\u0259 m\u0259n\u0259vi c\u0259h\u0259td\u0259n z\u0259rb\u0259dir. Bu \u00e7\u0259tin vaxtda m\u0259hk\u0259m\u0259l\u0259r\u0259 vaxt v\u0259 maddi v\u0259saitim gedir, nec\u0259 \u00e7\u0259tinlikl\u0259 \u00fczl\u0259\u015fdiyimi s\u00f6zl\u0259 t\u0259svir ed\u0259 bilmir\u0259m\u201d.\n<\/p>\n<figure class=\"wp-block-image size-large\">\n  <img decoding=\"async\" src=\"https:\/\/www.meydan.tv\/az\/2ba1d37f-7e17-4a6b-869e-7ba97c4e7bc1_720-jpg\/\" alt=\"2ba1d37f-7e17-4a6b-869e-7ba97c4e7bc1_720.jpg\" class=\"wp-image-211221\"\/><figcaption>\n    V\u0259siyy\u0259tnam\u0259<br \/>\n  <\/figcaption><\/figure>\n<p>\n  Quba Rayon \u0130cra Hakimiyy\u0259tind\u0259n bildiribl\u0259r ki, \u015f\u0259hid ail\u0259si il\u0259 yax\u0131nlar\u0131n\u0131n m\u0259hk\u0259m\u0259 m\u00fcbahis\u0259sin\u0259 qat\u0131la bilm\u0259zl\u0259r.\n<\/p>\n<p>\n  \u015e\u0259hidin P\u0259rvan\u0259 adl\u0131 bac\u0131s\u0131 is\u0259 Meydan TV-y\u0259 deyib ki, ail\u0259d\u0259 10 u\u015faq olublar. \u015e\u0259hid qarda\u015f\u0131n\u0131n o\u011flu is\u0259 onu, qarda\u015flar\u0131 v\u0259 bac\u0131lar\u0131n\u0131 ata yurduna buraxm\u0131r:\n<\/p>\n<p>\n  &quot;Anam x\u0259st\u0259 olanda u\u015faqlar\u0131ndan x\u0259b\u0259rsiz notariusdan adam g\u0259tiribl\u0259r. X\u0259st\u0259 anama qol \u00e7\u0259kdiribl\u0259r\u201d.\n<\/p>\n<figure class=\"wp-block-image size-large\">\n  <img decoding=\"async\" src=\"https:\/\/www.meydan.tv\/az\/sekill-jpg\/\" alt=\"sekill.jpg\" class=\"wp-image-211230\"\/><figcaption>\n    Do\u011fum haqq\u0131nda \u015f\u0259had\u0259tnam\u0259<br \/>\n  <\/figcaption><\/figure>\n<p>\n  P\u0259rvan\u0259 xan\u0131m m\u0259s\u0259l\u0259ni ictimail\u0259\u015fdir\u0259c\u0259k media orqanlar\u0131n\u0131 da m\u0259hk\u0259m\u0259 il\u0259 h\u0259d\u0259l\u0259yib:\n<\/p>\n<p>\n  \u201cAnam x\u0259st\u0259 olanda Meydan TV g\u0259lib ona baxm\u0131\u015fd\u0131? Hara gedirl\u0259r, \u015f\u0259hid ail\u0259sinin ad\u0131ndan istifad\u0259 ddirl\u0259r. \u015e\u0259hid\u0259 qurban olum. Qarda\u015f\u0131m\u0131n toyunu m\u0259n el\u0259mi\u015f\u0259m. 10 u\u015fa\u011f\u0131q, az deyilk. Anam vaxt\u0131nda torpaq vermi\u015fdi, onu sat\u0131b ev tikdirdi, cansa\u011fl\u0131\u011f\u0131 il\u0259, onun evin\u0259 gir\u0259n yoxdur. D\u00f6vl\u0259td\u0259n ev ist\u0259di, d\u00f6vl\u0259t ev verdi. D\u00f6vl\u0259timiz sa\u011f olsun. Prezidentimiz\u0259, onun xan\u0131m\u0131na, icra hakimiyy\u0259tin\u0259 d\u0259 b\u00f6y\u00fck h\u00f6rm\u0259tim var. M\u0259n Heyd\u0259r \u018fliyevin s\u00f6zl\u0259ri il\u0259 ya\u015fay\u0131ram. O deyir ki, h\u0259r bir az\u0259rbaycanl\u0131 \u00f6z h\u00fcquqlar\u0131n\u0131 bilm\u0259lidir. Bu s\u00f6zl\u0259ri \u00fcr\u0259kl\u0259 t\u0259krarlay\u0131ram. O evi z\u0259bt edibl\u0259r. Anam\u0131n evin\u0259 bizi buraxm\u0131rlar. Bac\u0131m o evd\u0259 qeydiyyatdad\u0131r, \u0259\u015fyalar\u0131 da var. \u018f\u015fyalar\u0131na baxmaq \u00fc\u00e7\u00fcn ev\u0259 buraxm\u0131rd\u0131lar. M\u0259n \u00f6z h\u00fcquqlar\u0131m\u0131 bilir\u0259m! G\u0259lib siz\u0259 \u015fikay\u0259t edib. Sizi d\u0259 m\u0259hk\u0259m\u0259y\u0259 ver\u0259c\u0259m&quot;.\n<\/p>\n<figure class=\"wp-block-image size-large\">\n  <img decoding=\"async\" src=\"https:\/\/www.meydan.tv\/az\/pppp-jpg\/\" alt=\"pppp.jpg\" class=\"wp-image-211224\"\/><figcaption>\n    Meydan TV<br \/>\n  <\/figcaption><\/figure>\n","protected":false},"excerpt":{"rendered":"<p>&#8220;Anam vaxt\u0131nda torpaq vermi\u015fdi, onu sat\u0131b ev tikdirdi, cansa\u011fl\u0131\u011f\u0131 il\u0259, onun evin\u0259 gir\u0259n yoxdur&#8221;<\/p>\n","protected":false},"author":11,"featured_media":211212,"comment_status":"closed","ping_status":"open","sticky":false,"template":"","format":"standard","meta":{"_acf_changed":false,"_sitemap_exclude":false,"_sitemap_priority":"","_sitemap_frequency":"","footnotes":""},"categories":[60],"tags":[],"class_list":["post-213344","post","type-post","status-publish","format-standard","has-post-thumbnail","hentry","category-bolge","infinite-scroll-item","generate-columns","tablet-grid-50","mobile-grid-100","grid-parent","grid-33","no-featured-image-padding"],"acf":[],"yoast_head":"<!-- This site is optimized with the Yoast SEO plugin v27.5 - https:\/\/yoast.com\/product\/yoast-seo-wordpress\/ -->\n<title>\u015e\u0259hid ail\u0259si il\u0259 qohumlar aras\u0131ndak\u0131 m\u00fclk davas\u0131 m\u0259hk\u0259m\u0259y\u0259 da\u015f\u0131nd\u0131 - MEYDAN.TV<\/title>\n<meta name=\"robots\" content=\"index, follow, max-snippet:-1, max-image-preview:large, max-video-preview:-1\" \/>\n<link rel=\"canonical\" href=\"https:\/\/www.meydan.tv\/az\/article\/sehid-ailesi-ile-qohumlar-arasindaki-mulk-davasi-mehkemeye-dasindi\/\" \/>\n<meta property=\"og:locale\" content=\"az_AZ\" \/>\n<meta property=\"og:type\" content=\"article\" \/>\n<meta property=\"og:title\" content=\"\u015e\u0259hid ail\u0259si il\u0259 qohumlar aras\u0131ndak\u0131 m\u00fclk davas\u0131 m\u0259hk\u0259m\u0259y\u0259 da\u015f\u0131nd\u0131 - MEYDAN.TV\" \/>\n<meta property=\"og:description\" content=\"&quot;Anam vaxt\u0131nda torpaq vermi\u015fdi, onu sat\u0131b ev tikdirdi, cansa\u011fl\u0131\u011f\u0131 il\u0259, onun evin\u0259 gir\u0259n yoxdur&quot;\" \/>\n<meta property=\"og:url\" content=\"https:\/\/www.meydan.tv\/az\/article\/sehid-ailesi-ile-qohumlar-arasindaki-mulk-davasi-mehkemeye-dasindi\/\" \/>\n<meta property=\"og:site_name\" content=\"MEYDAN.TV\" \/>\n<meta property=\"article:published_time\" content=\"2021-10-18T12:34:49+00:00\" \/>\n<meta property=\"og:image\" content=\"https:\/\/www.meydan.tv\/wp-content\/uploads\/original_size_facebook_app__untitled_design_1_8yxuqwx.png\" \/>\n\t<meta property=\"og:image:width\" content=\"864\" \/>\n\t<meta property=\"og:image:height\" content=\"480\" \/>\n\t<meta property=\"og:image:type\" content=\"image\/png\" \/>\n<meta name=\"author\" content=\"user-manager\" \/>\n<meta name=\"twitter:card\" content=\"summary_large_image\" \/>\n<script type=\"application\/ld+json\" class=\"yoast-schema-graph\">{\"@context\":\"https:\\\/\\\/schema.org\",\"@graph\":[{\"@type\":\"Article\",\"@id\":\"https:\\\/\\\/www.meydan.tv\\\/az\\\/article\\\/sehid-ailesi-ile-qohumlar-arasindaki-mulk-davasi-mehkemeye-dasindi\\\/#article\",\"isPartOf\":{\"@id\":\"https:\\\/\\\/www.meydan.tv\\\/az\\\/article\\\/sehid-ailesi-ile-qohumlar-arasindaki-mulk-davasi-mehkemeye-dasindi\\\/\"},\"author\":{\"name\":\"user-manager\",\"@id\":\"https:\\\/\\\/www.meydan.tv\\\/az\\\/#\\\/schema\\\/person\\\/10d11eccf6da3662cf5fdab9806ea91a\"},\"headline\":\"\u015e\u0259hid ail\u0259si il\u0259 qohumlar aras\u0131ndak\u0131 m\u00fclk davas\u0131 m\u0259hk\u0259m\u0259y\u0259 da\u015f\u0131nd\u0131\",\"datePublished\":\"2021-10-18T12:34:49+00:00\",\"mainEntityOfPage\":{\"@id\":\"https:\\\/\\\/www.meydan.tv\\\/az\\\/article\\\/sehid-ailesi-ile-qohumlar-arasindaki-mulk-davasi-mehkemeye-dasindi\\\/\"},\"wordCount\":835,\"publisher\":{\"@id\":\"https:\\\/\\\/www.meydan.tv\\\/az\\\/#organization\"},\"image\":{\"@id\":\"https:\\\/\\\/www.meydan.tv\\\/az\\\/article\\\/sehid-ailesi-ile-qohumlar-arasindaki-mulk-davasi-mehkemeye-dasindi\\\/#primaryimage\"},\"thumbnailUrl\":\"https:\\\/\\\/www.meydan.tv\\\/wp-content\\\/uploads\\\/original_size_facebook_app__untitled_design_1_8yxuqwx.png\",\"articleSection\":[\"B\u00f6lg\u0259\"],\"inLanguage\":\"az\"},{\"@type\":\"WebPage\",\"@id\":\"https:\\\/\\\/www.meydan.tv\\\/az\\\/article\\\/sehid-ailesi-ile-qohumlar-arasindaki-mulk-davasi-mehkemeye-dasindi\\\/\",\"url\":\"https:\\\/\\\/www.meydan.tv\\\/az\\\/article\\\/sehid-ailesi-ile-qohumlar-arasindaki-mulk-davasi-mehkemeye-dasindi\\\/\",\"name\":\"\u015e\u0259hid ail\u0259si il\u0259 qohumlar aras\u0131ndak\u0131 m\u00fclk davas\u0131 m\u0259hk\u0259m\u0259y\u0259 da\u015f\u0131nd\u0131 - MEYDAN.TV\",\"isPartOf\":{\"@id\":\"https:\\\/\\\/www.meydan.tv\\\/az\\\/#website\"},\"primaryImageOfPage\":{\"@id\":\"https:\\\/\\\/www.meydan.tv\\\/az\\\/article\\\/sehid-ailesi-ile-qohumlar-arasindaki-mulk-davasi-mehkemeye-dasindi\\\/#primaryimage\"},\"image\":{\"@id\":\"https:\\\/\\\/www.meydan.tv\\\/az\\\/article\\\/sehid-ailesi-ile-qohumlar-arasindaki-mulk-davasi-mehkemeye-dasindi\\\/#primaryimage\"},\"thumbnailUrl\":\"https:\\\/\\\/www.meydan.tv\\\/wp-content\\\/uploads\\\/original_size_facebook_app__untitled_design_1_8yxuqwx.png\",\"datePublished\":\"2021-10-18T12:34:49+00:00\",\"breadcrumb\":{\"@id\":\"https:\\\/\\\/www.meydan.tv\\\/az\\\/article\\\/sehid-ailesi-ile-qohumlar-arasindaki-mulk-davasi-mehkemeye-dasindi\\\/#breadcrumb\"},\"inLanguage\":\"az\",\"potentialAction\":[{\"@type\":\"ReadAction\",\"target\":[\"https:\\\/\\\/www.meydan.tv\\\/az\\\/article\\\/sehid-ailesi-ile-qohumlar-arasindaki-mulk-davasi-mehkemeye-dasindi\\\/\"]}]},{\"@type\":\"ImageObject\",\"inLanguage\":\"az\",\"@id\":\"https:\\\/\\\/www.meydan.tv\\\/az\\\/article\\\/sehid-ailesi-ile-qohumlar-arasindaki-mulk-davasi-mehkemeye-dasindi\\\/#primaryimage\",\"url\":\"https:\\\/\\\/www.meydan.tv\\\/wp-content\\\/uploads\\\/original_size_facebook_app__untitled_design_1_8yxuqwx.png\",\"contentUrl\":\"https:\\\/\\\/www.meydan.tv\\\/wp-content\\\/uploads\\\/original_size_facebook_app__untitled_design_1_8yxuqwx.png\",\"width\":864,\"height\":480,\"caption\":\"Source: Meydan TV\"},{\"@type\":\"BreadcrumbList\",\"@id\":\"https:\\\/\\\/www.meydan.tv\\\/az\\\/article\\\/sehid-ailesi-ile-qohumlar-arasindaki-mulk-davasi-mehkemeye-dasindi\\\/#breadcrumb\",\"itemListElement\":[{\"@type\":\"ListItem\",\"position\":1,\"name\":\"Ana s\u0259hif\u0259\",\"item\":\"https:\\\/\\\/www.meydan.tv\\\/az\\\/\"},{\"@type\":\"ListItem\",\"position\":2,\"name\":\"B\u00f6lg\u0259\",\"item\":\"https:\\\/\\\/www.meydan.tv\\\/az\\\/section\\\/bolge\\\/\"},{\"@type\":\"ListItem\",\"position\":3,\"name\":\"\u015e\u0259hid ail\u0259si il\u0259 qohumlar aras\u0131ndak\u0131 m\u00fclk davas\u0131 m\u0259hk\u0259m\u0259y\u0259 da\u015f\u0131nd\u0131\"}]},{\"@type\":\"WebSite\",\"@id\":\"https:\\\/\\\/www.meydan.tv\\\/az\\\/#website\",\"url\":\"https:\\\/\\\/www.meydan.tv\\\/az\\\/\",\"name\":\"MEYDAN.TV\",\"description\":\"Meydan TV Az\u0259rbaycan\u0131n media m\u0259kan\u0131ndak\u0131 alternativ s\u0259sidir\",\"publisher\":{\"@id\":\"https:\\\/\\\/www.meydan.tv\\\/az\\\/#organization\"},\"potentialAction\":[{\"@type\":\"SearchAction\",\"target\":{\"@type\":\"EntryPoint\",\"urlTemplate\":\"https:\\\/\\\/www.meydan.tv\\\/az\\\/?s={search_term_string}\"},\"query-input\":{\"@type\":\"PropertyValueSpecification\",\"valueRequired\":true,\"valueName\":\"search_term_string\"}}],\"inLanguage\":\"az\"},{\"@type\":\"Organization\",\"@id\":\"https:\\\/\\\/www.meydan.tv\\\/az\\\/#organization\",\"name\":\"Meydan TV\",\"url\":\"https:\\\/\\\/www.meydan.tv\\\/az\\\/\",\"logo\":{\"@type\":\"ImageObject\",\"inLanguage\":\"az\",\"@id\":\"https:\\\/\\\/www.meydan.tv\\\/az\\\/#\\\/schema\\\/logo\\\/image\\\/\",\"url\":\"https:\\\/\\\/www.meydan.tv\\\/wp-content\\\/uploads\\\/2021\\\/07\\\/meydan-logo.svg\",\"contentUrl\":\"https:\\\/\\\/www.meydan.tv\\\/wp-content\\\/uploads\\\/2021\\\/07\\\/meydan-logo.svg\",\"width\":195,\"height\":46,\"caption\":\"Meydan TV\"},\"image\":{\"@id\":\"https:\\\/\\\/www.meydan.tv\\\/az\\\/#\\\/schema\\\/logo\\\/image\\\/\"}},{\"@type\":\"Person\",\"@id\":\"https:\\\/\\\/www.meydan.tv\\\/az\\\/#\\\/schema\\\/person\\\/10d11eccf6da3662cf5fdab9806ea91a\",\"name\":\"user-manager\"}]}<\/script>\n<!-- \/ Yoast SEO plugin. -->","yoast_head_json":{"title":"\u015e\u0259hid ail\u0259si il\u0259 qohumlar aras\u0131ndak\u0131 m\u00fclk davas\u0131 m\u0259hk\u0259m\u0259y\u0259 da\u015f\u0131nd\u0131 - MEYDAN.TV","robots":{"index":"index","follow":"follow","max-snippet":"max-snippet:-1","max-image-preview":"max-image-preview:large","max-video-preview":"max-video-preview:-1"},"canonical":"https:\/\/www.meydan.tv\/az\/article\/sehid-ailesi-ile-qohumlar-arasindaki-mulk-davasi-mehkemeye-dasindi\/","og_locale":"az_AZ","og_type":"article","og_title":"\u015e\u0259hid ail\u0259si il\u0259 qohumlar aras\u0131ndak\u0131 m\u00fclk davas\u0131 m\u0259hk\u0259m\u0259y\u0259 da\u015f\u0131nd\u0131 - MEYDAN.TV","og_description":"\"Anam vaxt\u0131nda torpaq vermi\u015fdi, onu sat\u0131b ev tikdirdi, cansa\u011fl\u0131\u011f\u0131 il\u0259, onun evin\u0259 gir\u0259n yoxdur\"","og_url":"https:\/\/www.meydan.tv\/az\/article\/sehid-ailesi-ile-qohumlar-arasindaki-mulk-davasi-mehkemeye-dasindi\/","og_site_name":"MEYDAN.TV","article_published_time":"2021-10-18T12:34:49+00:00","og_image":[{"width":864,"height":480,"url":"https:\/\/www.meydan.tv\/wp-content\/uploads\/original_size_facebook_app__untitled_design_1_8yxuqwx.png","type":"image\/png"}],"author":"user-manager","twitter_card":"summary_large_image","schema":{"@context":"https:\/\/schema.org","@graph":[{"@type":"Article","@id":"https:\/\/www.meydan.tv\/az\/article\/sehid-ailesi-ile-qohumlar-arasindaki-mulk-davasi-mehkemeye-dasindi\/#article","isPartOf":{"@id":"https:\/\/www.meydan.tv\/az\/article\/sehid-ailesi-ile-qohumlar-arasindaki-mulk-davasi-mehkemeye-dasindi\/"},"author":{"name":"user-manager","@id":"https:\/\/www.meydan.tv\/az\/#\/schema\/person\/10d11eccf6da3662cf5fdab9806ea91a"},"headline":"\u015e\u0259hid ail\u0259si il\u0259 qohumlar aras\u0131ndak\u0131 m\u00fclk davas\u0131 m\u0259hk\u0259m\u0259y\u0259 da\u015f\u0131nd\u0131","datePublished":"2021-10-18T12:34:49+00:00","mainEntityOfPage":{"@id":"https:\/\/www.meydan.tv\/az\/article\/sehid-ailesi-ile-qohumlar-arasindaki-mulk-davasi-mehkemeye-dasindi\/"},"wordCount":835,"publisher":{"@id":"https:\/\/www.meydan.tv\/az\/#organization"},"image":{"@id":"https:\/\/www.meydan.tv\/az\/article\/sehid-ailesi-ile-qohumlar-arasindaki-mulk-davasi-mehkemeye-dasindi\/#primaryimage"},"thumbnailUrl":"https:\/\/www.meydan.tv\/wp-content\/uploads\/original_size_facebook_app__untitled_design_1_8yxuqwx.png","articleSection":["B\u00f6lg\u0259"],"inLanguage":"az"},{"@type":"WebPage","@id":"https:\/\/www.meydan.tv\/az\/article\/sehid-ailesi-ile-qohumlar-arasindaki-mulk-davasi-mehkemeye-dasindi\/","url":"https:\/\/www.meydan.tv\/az\/article\/sehid-ailesi-ile-qohumlar-arasindaki-mulk-davasi-mehkemeye-dasindi\/","name":"\u015e\u0259hid ail\u0259si il\u0259 qohumlar aras\u0131ndak\u0131 m\u00fclk davas\u0131 m\u0259hk\u0259m\u0259y\u0259 da\u015f\u0131nd\u0131 - MEYDAN.TV","isPartOf":{"@id":"https:\/\/www.meydan.tv\/az\/#website"},"primaryImageOfPage":{"@id":"https:\/\/www.meydan.tv\/az\/article\/sehid-ailesi-ile-qohumlar-arasindaki-mulk-davasi-mehkemeye-dasindi\/#primaryimage"},"image":{"@id":"https:\/\/www.meydan.tv\/az\/article\/sehid-ailesi-ile-qohumlar-arasindaki-mulk-davasi-mehkemeye-dasindi\/#primaryimage"},"thumbnailUrl":"https:\/\/www.meydan.tv\/wp-content\/uploads\/original_size_facebook_app__untitled_design_1_8yxuqwx.png","datePublished":"2021-10-18T12:34:49+00:00","breadcrumb":{"@id":"https:\/\/www.meydan.tv\/az\/article\/sehid-ailesi-ile-qohumlar-arasindaki-mulk-davasi-mehkemeye-dasindi\/#breadcrumb"},"inLanguage":"az","potentialAction":[{"@type":"ReadAction","target":["https:\/\/www.meydan.tv\/az\/article\/sehid-ailesi-ile-qohumlar-arasindaki-mulk-davasi-mehkemeye-dasindi\/"]}]},{"@type":"ImageObject","inLanguage":"az","@id":"https:\/\/www.meydan.tv\/az\/article\/sehid-ailesi-ile-qohumlar-arasindaki-mulk-davasi-mehkemeye-dasindi\/#primaryimage","url":"https:\/\/www.meydan.tv\/wp-content\/uploads\/original_size_facebook_app__untitled_design_1_8yxuqwx.png","contentUrl":"https:\/\/www.meydan.tv\/wp-content\/uploads\/original_size_facebook_app__untitled_design_1_8yxuqwx.png","width":864,"height":480,"caption":"Source: Meydan TV"},{"@type":"BreadcrumbList","@id":"https:\/\/www.meydan.tv\/az\/article\/sehid-ailesi-ile-qohumlar-arasindaki-mulk-davasi-mehkemeye-dasindi\/#breadcrumb","itemListElement":[{"@type":"ListItem","position":1,"name":"Ana s\u0259hif\u0259","item":"https:\/\/www.meydan.tv\/az\/"},{"@type":"ListItem","position":2,"name":"B\u00f6lg\u0259","item":"https:\/\/www.meydan.tv\/az\/section\/bolge\/"},{"@type":"ListItem","position":3,"name":"\u015e\u0259hid ail\u0259si il\u0259 qohumlar aras\u0131ndak\u0131 m\u00fclk davas\u0131 m\u0259hk\u0259m\u0259y\u0259 da\u015f\u0131nd\u0131"}]},{"@type":"WebSite","@id":"https:\/\/www.meydan.tv\/az\/#website","url":"https:\/\/www.meydan.tv\/az\/","name":"MEYDAN.TV","description":"Meydan TV Az\u0259rbaycan\u0131n media m\u0259kan\u0131ndak\u0131 alternativ s\u0259sidir","publisher":{"@id":"https:\/\/www.meydan.tv\/az\/#organization"},"potentialAction":[{"@type":"SearchAction","target":{"@type":"EntryPoint","urlTemplate":"https:\/\/www.meydan.tv\/az\/?s={search_term_string}"},"query-input":{"@type":"PropertyValueSpecification","valueRequired":true,"valueName":"search_term_string"}}],"inLanguage":"az"},{"@type":"Organization","@id":"https:\/\/www.meydan.tv\/az\/#organization","name":"Meydan TV","url":"https:\/\/www.meydan.tv\/az\/","logo":{"@type":"ImageObject","inLanguage":"az","@id":"https:\/\/www.meydan.tv\/az\/#\/schema\/logo\/image\/","url":"https:\/\/www.meydan.tv\/wp-content\/uploads\/2021\/07\/meydan-logo.svg","contentUrl":"https:\/\/www.meydan.tv\/wp-content\/uploads\/2021\/07\/meydan-logo.svg","width":195,"height":46,"caption":"Meydan TV"},"image":{"@id":"https:\/\/www.meydan.tv\/az\/#\/schema\/logo\/image\/"}},{"@type":"Person","@id":"https:\/\/www.meydan.tv\/az\/#\/schema\/person\/10d11eccf6da3662cf5fdab9806ea91a","name":"user-manager"}]}},"_links":{"self":[{"href":"https:\/\/www.meydan.tv\/az\/wp-json\/wp\/v2\/posts\/213344","targetHints":{"allow":["GET"]}}],"collection":[{"href":"https:\/\/www.meydan.tv\/az\/wp-json\/wp\/v2\/posts"}],"about":[{"href":"https:\/\/www.meydan.tv\/az\/wp-json\/wp\/v2\/types\/post"}],"author":[{"embeddable":true,"href":"https:\/\/www.meydan.tv\/az\/wp-json\/wp\/v2\/users\/11"}],"replies":[{"embeddable":true,"href":"https:\/\/www.meydan.tv\/az\/wp-json\/wp\/v2\/comments?post=213344"}],"version-history":[{"count":1,"href":"https:\/\/www.meydan.tv\/az\/wp-json\/wp\/v2\/posts\/213344\/revisions"}],"predecessor-version":[{"id":224930,"href":"https:\/\/www.meydan.tv\/az\/wp-json\/wp\/v2\/posts\/213344\/revisions\/224930"}],"wp:featuredmedia":[{"embeddable":true,"href":"https:\/\/www.meydan.tv\/az\/wp-json\/wp\/v2\/media\/211212"}],"wp:attachment":[{"href":"https:\/\/www.meydan.tv\/az\/wp-json\/wp\/v2\/media?parent=213344"}],"wp:term":[{"taxonomy":"category","embeddable":true,"href":"https:\/\/www.meydan.tv\/az\/wp-json\/wp\/v2\/categories?post=213344"},{"taxonomy":"post_tag","embeddable":true,"href":"https:\/\/www.meydan.tv\/az\/wp-json\/wp\/v2\/tags?post=213344"}],"curies":[{"name":"wp","href":"https:\/\/api.w.org\/{rel}","templated":true}]}}