{"id":213328,"date":"2021-10-16T16:15:25","date_gmt":"2021-10-16T16:15:25","guid":{"rendered":"https:\/\/www.meydan.tv\/article\/emekhaqlari-artmasa-cox-ciddi-sosial-gerginlik-yaranacaq\/"},"modified":"2021-10-16T16:15:25","modified_gmt":"2021-10-16T16:15:25","slug":"emekhaqlari-artmasa-cox-ciddi-sosial-gerginlik-yaranacaq","status":"publish","type":"post","link":"https:\/\/www.meydan.tv\/az\/article\/emekhaqlari-artmasa-cox-ciddi-sosial-gerginlik-yaranacaq\/","title":{"rendered":"\u201c\u018fm\u0259khaqlar\u0131 artmasa, \u00e7ox ciddi sosial g\u0259rginlik yaranacaq\u201d"},"content":{"rendered":"<p>\n  <i><br \/>\n    \u0130qtisad\u00e7\u0131lar prezidentin s\u0259r\u0259ncam\u0131n\u0131 \u015f\u0259rh edir<br \/>\n  <\/i>\n<\/p>\n<p>\n  Prezident \u0130lham \u018fliyev \u0259m\u0259khaqlar\u0131n\u0131n, \u0259m\u0259k pensiyalar\u0131n\u0131n v\u0259 sosial m\u00fcavin\u0259tl\u0259rin, t\u0259qa\u00fcdl\u0259rin v\u0259 dig\u0259r sosial \u00f6d\u0259ni\u015fl\u0259rin m\u0259bl\u0259\u011fl\u0259rinin art\u0131r\u0131lmas\u0131n\u0131n t\u0259min edilm\u0259si il\u0259 ba\u011fl\u0131 Nazirl\u0259r Kabinetin\u0259 tap\u015f\u0131r\u0131q verib.\n<\/p>\n<p>\n  \u0130lham \u018fliyevin oktyabr\u0131n 16-da imzalad\u0131\u011f\u0131<br \/>\n  <a href=\"https:\/\/president.az\/articles\/53499\"><br \/>\n    s\u0259r\u0259ncam<br \/>\n  <\/a><br \/>\n  da deyilir ki, Nazirl\u0259r Kabineti 2022-ci il d\u00f6vl\u0259t b\u00fcdc\u0259si layih\u0259sind\u0259 m\u00fcvafiq t\u0259dbirl\u0259rin \u0259ks etdirilm\u0259si \u00fc\u00e7\u00fcn t\u0259klifl\u0259rini t\u0259qdim etsin.\n<\/p>\n<p>\n  S\u0259rancamda qeyd olunub ki, son ill\u0259rd\u0259 \u0259halinin rifah hal\u0131n\u0131n art\u0131r\u0131lmas\u0131 istiqam\u0259tind\u0259 ciddi ir\u0259lil\u0259yi\u015fl\u0259r\u0259 nail olunub, \u0259halinin sosial m\u00fcdafi\u0259sinin g\u00fccl\u0259ndirilm\u0259si, sosial \u00f6d\u0259ni\u015fl\u0259rin, \u0259m\u0259khaqlar\u0131n\u0131n art\u0131r\u0131lmas\u0131 istiqam\u0259tind\u0259 ard\u0131c\u0131l add\u0131mlar at\u0131l\u0131b:\n<\/p>\n<p>\n  &quot;Bu m\u0259qs\u0259dl\u0259 2019-cu ild\u0259 iki sosial islahat z\u0259rfi q\u0259bul olunaraq icra edilib, m\u00fcavin\u0259t v\u0259 t\u0259qa\u00fcdl\u0259rin m\u0259bl\u0259\u011finin orta hesabla 92%, \u0259m\u0259k pensiyas\u0131n\u0131n minimum m\u0259bl\u0259\u011finin 72%, minimum \u0259m\u0259khaqq\u0131n\u0131n 92%, d\u00f6vl\u0259t b\u00fcdc\u0259sind\u0259n maliyy\u0259l\u0259\u015fdiril\u0259n qurumlarda i\u015fl\u0259y\u0259nl\u0259rin \u0259m\u0259khaqlar\u0131n\u0131n orta hesabla 50% art\u0131r\u0131lmas\u0131 t\u0259min edilib. G\u00f6r\u00fclm\u00fc\u015f t\u0259dbirl\u0259r n\u0259tic\u0259sind\u0259 2018-ci ilin \u0259vv\u0259li il\u0259 m\u00fcqayis\u0259d\u0259 orta ayl\u0131q nominal \u0259m\u0259khaqq\u0131n\u0131n m\u0259bl\u0259\u011find\u0259 39%, \u0259m\u0259k pensiyalar\u0131n\u0131n orta m\u0259bl\u0259\u011find\u0259 60%, sosial m\u00fcavin\u0259tl\u0259rin orta m\u0259bl\u0259\u011find\u0259 2 d\u0259f\u0259, Prezidentin t\u0259qa\u00fcdl\u0259rinin orta m\u0259bl\u0259\u011find\u0259 is\u0259 2,2 d\u0259f\u0259 art\u0131m \u0259ld\u0259 olunub&quot;.\n<\/p>\n<p>\n  S\u0259n\u0259dd\u0259 COVID-19 pandemiyas\u0131n\u0131n yaratd\u0131\u011f\u0131 sars\u0131nt\u0131lar\u0131n gerid\u0259 qoyuldu\u011funu bildirilib:\n<\/p>\n<p>\n  D\u00fcnya iqtisadiyyat\u0131nda b\u0259rpa meyill\u0259rinin g\u00fccl\u0259nm\u0259si m\u00fc\u015fahid\u0259 olunmaqdad\u0131r. Lakin d\u00fcnya miqyas\u0131nda iqtisadi f\u0259all\u0131\u011f\u0131n b\u0259rpas\u0131 v\u0259 m\u0259cmu t\u0259l\u0259bin artmas\u0131 templ\u0259rinin vaxtil\u0259 dayand\u0131r\u0131lm\u0131\u015f istehsal, n\u0259qliyyat-logistika v\u0259 t\u0259chizat g\u00fccl\u0259rinin iqtisadi d\u00f6vriyy\u0259y\u0259 qaytar\u0131lmas\u0131 s\u00fcr\u0259tini xeyli \u00fcst\u0259l\u0259m\u0259si beyn\u0259lxalq bazarlarda bir \u00e7ox \u0259mt\u0259\u0259l\u0259rin qiym\u0259tl\u0259rinin \u0259h\u0259miyy\u0259tli d\u0259r\u0259c\u0259d\u0259 qalxmas\u0131n\u0131 \u015f\u0259rtl\u0259ndir\u0259r\u0259k yeni \u00e7a\u011f\u0131r\u0131\u015flar yaratm\u0131\u015fd\u0131r. Bu v\u0259ziyy\u0259t \u00f6lk\u0259miz\u0259 idxal olunan \u0259mt\u0259\u0259l\u0259rin, o c\u00fcml\u0259d\u0259n bir s\u0131ra \u0259rzaq m\u0259hsullar\u0131n\u0131n qiym\u0259tl\u0259rinin art\u0131m\u0131na s\u0259b\u0259b olur v\u0259 n\u0259tic\u0259 etibaril\u0259 sosial bax\u0131mdan \u0259n h\u0259ssas \u0259hali qruplar\u0131n\u0131n rifah hal\u0131na m\u0259nfi t\u0259sir g\u00f6st\u0259rir&quot;.\n<\/p>\n<p>\n  D\u00f6vl\u0259t ba\u015f\u00e7\u0131s\u0131n\u0131n s\u0259r\u0259ncam\u0131n\u0131 Meydan TV-y\u0259 \u015f\u0259rh ed\u0259n iqtisad\u00e7\u0131 Qubad \u0130bado\u011flu s\u0259n\u0259din bu il\u0259 aidiyyat\u0131n\u0131n olmad\u0131\u011f\u0131n\u0131 vur\u011fulay\u0131b:\n<\/p>\n<p>\n  &quot;S\u0259r\u0259ncamdak\u0131 tap\u015f\u0131r\u0131q n\u00f6vb\u0259ti ilin b\u00fcdc\u0259sind\u0259 n\u0259z\u0259r\u0259 al\u0131nmas\u0131n\u0131 ehtiva edir. Amma bu aydan qiym\u0259tl\u0259ri bahala\u015fd\u0131rmadan sosial m\u00fcavin\u0259tl\u0259r, pensiyalar v\u0259 \u0259m\u0259khaqlar\u0131 art\u0131r\u0131lmal\u0131yd\u0131. H\u0259m d\u0259 m\u0259cburi k\u00f6\u00e7k\u00fcnl\u0259r\u0259 veril\u0259n vahid ayl\u0131q m\u00fcavin\u0259t d\u0259 artmal\u0131yd\u0131, bunun i\u00e7\u0259risind\u0259 \u00e7\u00f6r\u0259k pulu v\u0259 kommunal x\u0259rcl\u0259r d\u0259 var. T\u0259s\u0259vv\u00fcr edin ki, kommunal x\u0259rcl\u0259rin o q\u0259d\u0259r art\u0131m\u0131 g\u0259l\u0259n il artacaq v\u0259saitin ham\u0131s\u0131n\u0131 bu istiqam\u0259t\u0259 y\u00f6n\u0259ld\u0259c\u0259k. Dig\u0259r t\u0259r\u0259fd\u0259n, vahid ayl\u0131q v\u0259 sosial m\u00fcavin\u0259t sonuncu d\u0259f\u0259 2019-cu ilin aprelind\u0259 50 faiz qald\u0131r\u0131l\u0131b. \u018fm\u0259khaqq\u0131lar h\u0259min ilin noyabr\u0131nda art\u0131r\u0131l\u0131b, indi minimum \u0259m\u0259khaqq\u0131 da art\u0131r\u0131lmal\u0131d\u0131r. B\u00fct\u00fcn bunlar ba\u015f verm\u0259s\u0259, \u00e7ox ciddi sosial g\u0259rginlik yaranacaq. He\u00e7 k\u0259s istisna etmir ki, sosial etirazlar da ya\u015fana bil\u0259r. X\u00fcsus\u0259n d\u0259 pay\u0131z v\u0259 q\u0131\u015f m\u00f6vs\u00fcm\u00fcn\u00fc n\u0259z\u0259r\u0259 alsaq, Tarif \u015euras\u0131n\u0131n q\u0259rar\u0131 \u0259halinin dolan\u0131\u015f\u0131\u011f\u0131n\u0131 ciddi \u015f\u0259kild\u0259 t\u0259sirl\u0259ndir\u0259c\u0259k&quot;.\n<\/p>\n<figure class=\"wp-block-image size-large\">\n  <img decoding=\"async\" src=\"https:\/\/www.meydan.tv\/az\/qubad-jpg-3\/\" alt=\"qubad.jpg\" class=\"wp-image-209962\"\/><figcaption>\n    Qubad \u0130bado\u011flu<br \/>\n  <\/figcaption><\/figure>\n<p>\n  Qubad \u0130bado\u011flu kommunal qiym\u0259tl\u0259rin art\u0131m\u0131n\u0131n g\u00f6zl\u0259nil\u0259n say\u0131b:\n<\/p>\n<p>\n  &quot;\u00c7\u00fcnki d\u00f6vl\u0259t \u015firk\u0259tl\u0259ri Az\u0259rbaycan \u0130nvestisiya Holdinqin\u0259 t\u0259qdim olunub. Ona g\u00f6r\u0259 d\u0259 \u015firk\u0259tl\u0259rin yenid\u0259n strukturla\u015fmas\u0131 \u00fc\u00e7\u00fcn qiym\u0259tl\u0259rin bahala\u015fd\u0131r\u0131lmas\u0131, kommersiyala\u015fmas\u0131 v\u0259 idar\u0259\u00e7iy\u0259 c\u0259lb olunmas\u0131 qar\u015f\u0131ya qoyulmu\u015fdu. Qaz\u0131n v\u0259 benzinin qiym\u0259tl\u0259rinin bahala\u015fd\u0131r\u0131lmas\u0131 is\u0259 SOCAR-\u0131n xarici borc \u00f6hd\u0259likl\u0259rinin yerin\u0259 yetirlm\u0259si il\u0259 ba\u011fl\u0131d\u0131r. 2021 v\u0259 2022-ci il d\u0259 daxil olmaqla SOCAR-\u0131n xarici banklar qar\u015f\u0131s\u0131nda borc \u00f6hd\u0259likl\u0259ri \u0259h\u0259miyy\u0259tli d\u0259r\u0259c\u0259d\u0259 art\u0131b&quot;.\n<\/p>\n<p>\n  O, qaz\u0131n qiym\u0259tinin art\u0131r\u0131lmas\u0131n\u0131n beyn\u0259lxalq bazarla \u0259laq\u0259l\u0259ndirilm\u0259sini \u0259sass\u0131z say\u0131b:\n<\/p>\n<p>\n  &quot;Biz qaz\u0131n \u00e7ox hiss\u0259sini pulsuz al\u0131r\u0131q, \u0259ld\u0259 edil\u0259n v\u0259 \u0259haliy\u0259 sat\u0131lan qaz\u0131n \u0259sas hiss\u0259si Az\u0259ri-G\u00fcn\u0259\u015fli-\u00c7\u0131raql\u0131 yata\u011f\u0131nda s\u0259mt qaz\u0131 hesab\u0131na t\u0259min olunur. T\u0259s\u0259vv\u00fcr edin ki, 185 milyard kubmetr s\u0259mt qaz\u0131 pulsuz verilir, bu, orta hesabla 18 il\u0259 q\u0259d\u0259r Az\u0259rbaycan\u0131n daxili t\u0259l\u0259bat\u0131n\u0131 \u00f6d\u0259m\u0259y\u0259 yet\u0259rlidir. Y\u0259ni 18 il \u0259haliy\u0259 pulsuz qaz ver\u0259 bil\u0259rik. Dem\u0259li, SOCAR pulsuz ald\u0131\u011f\u0131 qaz\u0131 \u0259haliy\u0259 pulla sat\u0131r. B\u00fct\u00fcn bunlarla yana\u015f\u0131, &quot;Az\u0259riqaz&quot; \u0130stehsalat Birliyi m\u0259lumat verir ki, onlar ziyanla i\u015fl\u0259yir. Bahala\u015fan qaz da indiki halda azt\u0259minatl\u0131 t\u0259b\u0259q\u0259nin istifad\u0259 etdiyi qazd\u0131r, illik 1200 kubmetr\u0259 q\u0259d\u0259r olan qazd\u0131r. Buna \u0259sas\u0259n 1 otaql\u0131 m\u0259nzild\u0259 ya\u015fayan pensiya\u00e7\u0131lar, azt\u0259minatl\u0131 t\u0259b\u0259q\u0259nin \u00fczvl\u0259ri bu q\u0259d\u0259r qaz s\u0259rfin\u0259 malikdirl\u0259r. Bug\u00fcnk\u00fc q\u0259rar onlar\u0131n dolan\u0131\u015f\u0131\u011f\u0131nl pisl\u0259\u015fdir\u0259c\u0259k&quot;.\n<\/p>\n<p>\n  Natiq C\u0259f\u0259rli d\u0259 kommunal qiym\u0259tl\u0259r haqda r\u0259smi a\u00e7\u0131qlaman\u0131n m\u0259ntiqsizlikl\u0259 dolu oldu\u011funu deyib:\n<\/p>\n<p>\n  &quot;\u018fslind\u0259, d\u00fcnya bazarlar\u0131na istinad ed\u0259n Tarif \u015euras\u0131 qeyd etm\u0259liydi ki, Az\u0259rbaycan idxal\u00e7\u0131 yox, ixracat\u00e7\u0131 \u00f6lk\u0259dir. Dn\u00fcya bazarlar\u0131nda enerji da\u015f\u0131y\u0131c\u0131lar\u0131n\u0131n qiym\u0259tinin d\u0259yi\u015fm\u0259si ixracat\u00e7\u0131 \u00f6lk\u0259l\u0259r\u0259 t\u0259sir etmir. \u00c7\u00fcnki Az\u0259rbaycan qaz, elektrik enerjisi ixrac edir, idxal etmir ki, d\u00fcnya bazarlar\u0131ndan as\u0131l\u0131 v\u0259ziyy\u0259t\u0259 d\u00fc\u015fs\u00fcn. Bundan \u0259lav\u0259, qaz qiym\u0259tl\u0259rinin art\u0131r\u0131lmas\u0131 \u00fcmumiyy\u0259tl\u0259, do\u011fru deyil. \u00c7\u00fcnki AB\u018f\u015e uzun ill\u0259rdir s\u0259mt qaz\u0131n\u0131 Az\u0259rbaycana pulsuz verir v\u0259 t\u0259qrib\u0259n 2.5, 3 milyard kubmetr \u00f6lk\u0259nin pay\u0131na d\u00fc\u015f\u00fcr ki, bu da daxili istehlakda \u0259haliy\u0259 d\u00fc\u015f\u0259n pay\u0131n az qala 60-70 faizini t\u0259\u015fkil edir. \u018fslind\u0259, bu, qiym\u0259t art\u0131m\u0131n\u0131n qar\u015f\u0131s\u0131n\u0131 alan amil\u0259 \u00e7evrilm\u0259liyrdi. Y\u0259ni Tarif \u015euras\u0131 q\u0259rar\u0131n\u0131 d\u00fcnya bazar\u0131yla \u0259laq\u0259ndirm\u0259siyl\u0259 absurda yol verib&quot;.\n<\/p>\n<figure class=\"wp-block-image size-large\">\n  <img decoding=\"async\" src=\"https:\/\/www.meydan.tv\/az\/natiq-ceferli-13\/\" alt=\"Natiq C\u0259f\u0259rli\" class=\"wp-image-210013\"\/><figcaption>\n    Natiq C\u0259f\u0259rli<br \/>\n  <\/figcaption><\/figure>\n<p>\n  Natiq C\u0259f\u0259rli deyir ki, Az\u0259rbaycan qanunvericiliyin\u0259 \u0259sas\u0259n, \u0259vv\u0259ll\u0259r r\u0259smi inflyasiyaya g\u00f6r\u0259 maa\u015flar v\u0259 pensiyalar ilin \u0259vv\u0259lind\u0259 indeksasiya olurdu:\n<\/p>\n<p>\n  &quot;2016-c\u0131 ild\u0259n m\u0259lum devalvasiya q\u0259rarlar\u0131ndan ir\u0259li g\u0259l\u0259r\u0259k r\u0259smi inflyasiya r\u0259q\u0259ml\u0259ri \u00e7ox y\u00fcks\u0259k oldu\u011fundan h\u00f6kum\u0259t m\u0259lum q\u0259rar\u0131ndan imtina etdi v\u0259 maa\u015flar\u0131, pensiyalar\u0131 art\u0131rma\u011fa m\u0259cbur oldu. Y\u0259ni mexanizmi d\u0259yi\u015fdil\u0259r, orta ayl\u0131q \u0259m\u0259khaqq\u0131n\u0131n illik art\u0131m tempin\u0259 g\u00f6r\u0259 indeksasiyaya ba\u015flad\u0131lar. Bu da Az\u0259rbaycan reall\u0131\u011f\u0131nda ild\u0259 3-4 faiz civar\u0131nda olurdu. \u0130ndi is\u0259 h\u00f6kum\u0259t h\u0259min qanuna \u0259saslan\u0131b indeksasiyan\u0131 ild\u0259 bir d\u0259f\u0259 aparma\u011fa \u00fcst\u00fcnl\u00fck verir, bu da n\u0259tic\u0259 etibar\u0131l\u0259 insanlar\u0131n dolan\u0131\u015f\u0131\u011f\u0131na ciddi m\u0259nfi t\u0259sir edir. D\u00fczd\u00fcr, d\u00f6vl\u0259t ba\u015f\u00e7\u0131s\u0131n\u0131n t\u0259qa\u00fcdl\u0259rin v\u0259 pensiyalar\u0131n il \u0259rzind\u0259 art\u0131r\u0131lmas\u0131na s\u0259lahiyy\u0259tl\u0259ri var, bir ne\u00e7\u0259 d\u0259f\u0259 minimum \u0259m\u0259k haqq\u0131n\u0131 art\u0131r\u0131b da. Amma indi Nazirl\u0259r Kabinetin\u0259 tap\u015f\u0131rma\u011f\u0131 onu g\u00f6st\u0259rir ki, ilin sonunda indeksasiya apar\u0131lacaq. Ola bil\u0259r ki, bu d\u0259f\u0259 r\u0259smi inflyasiya r\u0259q\u0259ml\u0259rini g\u00f6t\u00fcrs\u00fcnl\u0259r, \u00e7\u00fcnki r\u0259smi inflyasiya \u00f6lk\u0259d\u0259 5.1 faizdir, t\u0259qrib\u0259n 5 faiz art\u0131ma ged\u0259 bil\u0259rl\u0259r. Ancaq bu add\u0131m da insanlar\u0131n itkil\u0259rin\u0259, g\u00f6zl\u0259ntil\u0259rin\u0259 cavab vermir, kommunal x\u0259rcl\u0259r artd\u0131qca, insanlar\u0131n \u0259rza\u011fa, d\u0259rmana, keyfiyy\u0259tli h\u0259yata \u00e7\u0131x\u0131\u015f\u0131 azal\u0131r. \u00c7\u00fcnki daha \u00e7ox kommunal xidm\u0259tl\u0259rin \u00f6d\u0259ni\u015fini etm\u0259y\u0259 m\u0259cbur olurlar. Bu bax\u0131mdan insanlar\u0131n \u0259m\u0259k haqlar\u0131 v\u0259 t\u0259qa\u00fcdl\u0259ri il\u0259 ba\u011fl\u0131 yeni mexanizml\u0259rin yarad\u0131lmas\u0131na ehtiyac var. Bizd\u0259 o mexanizml\u0259rin yarad\u0131lmas\u0131 \u00fc\u00e7\u00fcn institutla\u015fma yoxdur. T\u00fcrkiy\u0259d\u0259 minimum \u0259m\u0259k haqq\u0131n\u0131n v\u0259 t\u0259qa\u00fcd minimumunu h\u00f6kum\u0259tl\u0259 h\u0259mkarlar birg\u0259 h\u0259ll edir. Bizd\u0259 h\u0259mkarlar institutu \u00f6l\u00fc do\u011fulan orqand\u0131r, parlamentd\u0259 is\u0259 c\u0259miyy\u0259t yet\u0259rli g\u00fcc\u0259 v\u0259 s\u0259s\u0259 malik deyil. Ona g\u00f6r\u0259 yeni mexanizml\u0259r yarad\u0131lmal\u0131d\u0131r ki, ayl\u0131q inflyasiya r\u0259q\u0259ml\u0259ri il\u0259 indeksasiya getsin. \u0130nsanlar da g\u00f6rs\u00fcn ki, bu ay ald\u0131qlar\u0131ndan g\u0259l\u0259n ay 3-5 faiz \u00e7ox al\u0131rlar&quot;.<\/p>\n","protected":false},"excerpt":{"rendered":"<p>&#8220;Ancaq bu add\u0131m da insanlar\u0131n itkil\u0259rin\u0259, g\u00f6zl\u0259ntil\u0259rin\u0259 cavab vermir, kommunal x\u0259rcl\u0259r artd\u0131qca, insanlar\u0131n \u0259rza\u011fa, d\u0259rmana, keyfiyy\u0259tli h\u0259yata \u00e7\u0131x\u0131\u015f\u0131 azal\u0131r&#8221;<\/p>\n","protected":false},"author":11,"featured_media":211197,"comment_status":"closed","ping_status":"open","sticky":false,"template":"","format":"standard","meta":{"_acf_changed":false,"_sitemap_exclude":false,"_sitemap_priority":"","_sitemap_frequency":"","footnotes":""},"categories":[62],"tags":[],"class_list":["post-213328","post","type-post","status-publish","format-standard","has-post-thumbnail","hentry","category-sosial","infinite-scroll-item","generate-columns","tablet-grid-50","mobile-grid-100","grid-parent","grid-33","no-featured-image-padding"],"acf":[],"yoast_head":"<!-- This site is optimized with the Yoast SEO plugin v27.5 - https:\/\/yoast.com\/product\/yoast-seo-wordpress\/ -->\n<title>\u201c\u018fm\u0259khaqlar\u0131 artmasa, \u00e7ox ciddi sosial g\u0259rginlik yaranacaq\u201d - MEYDAN.TV<\/title>\n<meta name=\"robots\" content=\"index, follow, max-snippet:-1, max-image-preview:large, max-video-preview:-1\" \/>\n<link rel=\"canonical\" href=\"https:\/\/www.meydan.tv\/az\/article\/emekhaqlari-artmasa-cox-ciddi-sosial-gerginlik-yaranacaq\/\" \/>\n<meta property=\"og:locale\" content=\"az_AZ\" \/>\n<meta property=\"og:type\" content=\"article\" \/>\n<meta property=\"og:title\" content=\"\u201c\u018fm\u0259khaqlar\u0131 artmasa, \u00e7ox ciddi sosial g\u0259rginlik yaranacaq\u201d - MEYDAN.TV\" \/>\n<meta property=\"og:description\" content=\"&quot;Ancaq bu add\u0131m da insanlar\u0131n itkil\u0259rin\u0259, g\u00f6zl\u0259ntil\u0259rin\u0259 cavab vermir, kommunal x\u0259rcl\u0259r artd\u0131qca, insanlar\u0131n \u0259rza\u011fa, d\u0259rmana, keyfiyy\u0259tli h\u0259yata \u00e7\u0131x\u0131\u015f\u0131 azal\u0131r&quot;\" \/>\n<meta property=\"og:url\" content=\"https:\/\/www.meydan.tv\/az\/article\/emekhaqlari-artmasa-cox-ciddi-sosial-gerginlik-yaranacaq\/\" \/>\n<meta property=\"og:site_name\" content=\"MEYDAN.TV\" \/>\n<meta property=\"article:published_time\" content=\"2021-10-16T16:15:25+00:00\" \/>\n<meta property=\"og:image\" content=\"https:\/\/www.meydan.tv\/wp-content\/uploads\/modern.az_bankomat-pensiya-kasib-yoxsul1542352983_309.jpg\" \/>\n\t<meta property=\"og:image:width\" content=\"1000\" \/>\n\t<meta property=\"og:image:height\" content=\"764\" \/>\n\t<meta property=\"og:image:type\" content=\"image\/jpeg\" \/>\n<meta name=\"author\" content=\"user-manager\" \/>\n<meta name=\"twitter:card\" content=\"summary_large_image\" \/>\n<script type=\"application\/ld+json\" class=\"yoast-schema-graph\">{\"@context\":\"https:\\\/\\\/schema.org\",\"@graph\":[{\"@type\":\"Article\",\"@id\":\"https:\\\/\\\/www.meydan.tv\\\/az\\\/article\\\/emekhaqlari-artmasa-cox-ciddi-sosial-gerginlik-yaranacaq\\\/#article\",\"isPartOf\":{\"@id\":\"https:\\\/\\\/www.meydan.tv\\\/az\\\/article\\\/emekhaqlari-artmasa-cox-ciddi-sosial-gerginlik-yaranacaq\\\/\"},\"author\":{\"name\":\"user-manager\",\"@id\":\"https:\\\/\\\/www.meydan.tv\\\/az\\\/#\\\/schema\\\/person\\\/10d11eccf6da3662cf5fdab9806ea91a\"},\"headline\":\"\u201c\u018fm\u0259khaqlar\u0131 artmasa, \u00e7ox ciddi sosial g\u0259rginlik yaranacaq\u201d\",\"datePublished\":\"2021-10-16T16:15:25+00:00\",\"mainEntityOfPage\":{\"@id\":\"https:\\\/\\\/www.meydan.tv\\\/az\\\/article\\\/emekhaqlari-artmasa-cox-ciddi-sosial-gerginlik-yaranacaq\\\/\"},\"wordCount\":1638,\"publisher\":{\"@id\":\"https:\\\/\\\/www.meydan.tv\\\/az\\\/#organization\"},\"image\":{\"@id\":\"https:\\\/\\\/www.meydan.tv\\\/az\\\/article\\\/emekhaqlari-artmasa-cox-ciddi-sosial-gerginlik-yaranacaq\\\/#primaryimage\"},\"thumbnailUrl\":\"https:\\\/\\\/www.meydan.tv\\\/wp-content\\\/uploads\\\/modern.az_bankomat-pensiya-kasib-yoxsul1542352983_309.jpg\",\"articleSection\":[\"Sosial\"],\"inLanguage\":\"az\"},{\"@type\":\"WebPage\",\"@id\":\"https:\\\/\\\/www.meydan.tv\\\/az\\\/article\\\/emekhaqlari-artmasa-cox-ciddi-sosial-gerginlik-yaranacaq\\\/\",\"url\":\"https:\\\/\\\/www.meydan.tv\\\/az\\\/article\\\/emekhaqlari-artmasa-cox-ciddi-sosial-gerginlik-yaranacaq\\\/\",\"name\":\"\u201c\u018fm\u0259khaqlar\u0131 artmasa, \u00e7ox ciddi sosial g\u0259rginlik yaranacaq\u201d - MEYDAN.TV\",\"isPartOf\":{\"@id\":\"https:\\\/\\\/www.meydan.tv\\\/az\\\/#website\"},\"primaryImageOfPage\":{\"@id\":\"https:\\\/\\\/www.meydan.tv\\\/az\\\/article\\\/emekhaqlari-artmasa-cox-ciddi-sosial-gerginlik-yaranacaq\\\/#primaryimage\"},\"image\":{\"@id\":\"https:\\\/\\\/www.meydan.tv\\\/az\\\/article\\\/emekhaqlari-artmasa-cox-ciddi-sosial-gerginlik-yaranacaq\\\/#primaryimage\"},\"thumbnailUrl\":\"https:\\\/\\\/www.meydan.tv\\\/wp-content\\\/uploads\\\/modern.az_bankomat-pensiya-kasib-yoxsul1542352983_309.jpg\",\"datePublished\":\"2021-10-16T16:15:25+00:00\",\"breadcrumb\":{\"@id\":\"https:\\\/\\\/www.meydan.tv\\\/az\\\/article\\\/emekhaqlari-artmasa-cox-ciddi-sosial-gerginlik-yaranacaq\\\/#breadcrumb\"},\"inLanguage\":\"az\",\"potentialAction\":[{\"@type\":\"ReadAction\",\"target\":[\"https:\\\/\\\/www.meydan.tv\\\/az\\\/article\\\/emekhaqlari-artmasa-cox-ciddi-sosial-gerginlik-yaranacaq\\\/\"]}]},{\"@type\":\"ImageObject\",\"inLanguage\":\"az\",\"@id\":\"https:\\\/\\\/www.meydan.tv\\\/az\\\/article\\\/emekhaqlari-artmasa-cox-ciddi-sosial-gerginlik-yaranacaq\\\/#primaryimage\",\"url\":\"https:\\\/\\\/www.meydan.tv\\\/wp-content\\\/uploads\\\/modern.az_bankomat-pensiya-kasib-yoxsul1542352983_309.jpg\",\"contentUrl\":\"https:\\\/\\\/www.meydan.tv\\\/wp-content\\\/uploads\\\/modern.az_bankomat-pensiya-kasib-yoxsul1542352983_309.jpg\",\"width\":1000,\"height\":764,\"caption\":\"Source: Modern.az\"},{\"@type\":\"BreadcrumbList\",\"@id\":\"https:\\\/\\\/www.meydan.tv\\\/az\\\/article\\\/emekhaqlari-artmasa-cox-ciddi-sosial-gerginlik-yaranacaq\\\/#breadcrumb\",\"itemListElement\":[{\"@type\":\"ListItem\",\"position\":1,\"name\":\"Ana s\u0259hif\u0259\",\"item\":\"https:\\\/\\\/www.meydan.tv\\\/az\\\/\"},{\"@type\":\"ListItem\",\"position\":2,\"name\":\"Sosial\",\"item\":\"https:\\\/\\\/www.meydan.tv\\\/az\\\/section\\\/sosial\\\/\"},{\"@type\":\"ListItem\",\"position\":3,\"name\":\"\u201c\u018fm\u0259khaqlar\u0131 artmasa, \u00e7ox ciddi sosial g\u0259rginlik yaranacaq\u201d\"}]},{\"@type\":\"WebSite\",\"@id\":\"https:\\\/\\\/www.meydan.tv\\\/az\\\/#website\",\"url\":\"https:\\\/\\\/www.meydan.tv\\\/az\\\/\",\"name\":\"MEYDAN.TV\",\"description\":\"Meydan TV Az\u0259rbaycan\u0131n media m\u0259kan\u0131ndak\u0131 alternativ s\u0259sidir\",\"publisher\":{\"@id\":\"https:\\\/\\\/www.meydan.tv\\\/az\\\/#organization\"},\"potentialAction\":[{\"@type\":\"SearchAction\",\"target\":{\"@type\":\"EntryPoint\",\"urlTemplate\":\"https:\\\/\\\/www.meydan.tv\\\/az\\\/?s={search_term_string}\"},\"query-input\":{\"@type\":\"PropertyValueSpecification\",\"valueRequired\":true,\"valueName\":\"search_term_string\"}}],\"inLanguage\":\"az\"},{\"@type\":\"Organization\",\"@id\":\"https:\\\/\\\/www.meydan.tv\\\/az\\\/#organization\",\"name\":\"Meydan TV\",\"url\":\"https:\\\/\\\/www.meydan.tv\\\/az\\\/\",\"logo\":{\"@type\":\"ImageObject\",\"inLanguage\":\"az\",\"@id\":\"https:\\\/\\\/www.meydan.tv\\\/az\\\/#\\\/schema\\\/logo\\\/image\\\/\",\"url\":\"https:\\\/\\\/www.meydan.tv\\\/wp-content\\\/uploads\\\/2021\\\/07\\\/meydan-logo.svg\",\"contentUrl\":\"https:\\\/\\\/www.meydan.tv\\\/wp-content\\\/uploads\\\/2021\\\/07\\\/meydan-logo.svg\",\"width\":195,\"height\":46,\"caption\":\"Meydan TV\"},\"image\":{\"@id\":\"https:\\\/\\\/www.meydan.tv\\\/az\\\/#\\\/schema\\\/logo\\\/image\\\/\"}},{\"@type\":\"Person\",\"@id\":\"https:\\\/\\\/www.meydan.tv\\\/az\\\/#\\\/schema\\\/person\\\/10d11eccf6da3662cf5fdab9806ea91a\",\"name\":\"user-manager\"}]}<\/script>\n<!-- \/ Yoast SEO plugin. -->","yoast_head_json":{"title":"\u201c\u018fm\u0259khaqlar\u0131 artmasa, \u00e7ox ciddi sosial g\u0259rginlik yaranacaq\u201d - MEYDAN.TV","robots":{"index":"index","follow":"follow","max-snippet":"max-snippet:-1","max-image-preview":"max-image-preview:large","max-video-preview":"max-video-preview:-1"},"canonical":"https:\/\/www.meydan.tv\/az\/article\/emekhaqlari-artmasa-cox-ciddi-sosial-gerginlik-yaranacaq\/","og_locale":"az_AZ","og_type":"article","og_title":"\u201c\u018fm\u0259khaqlar\u0131 artmasa, \u00e7ox ciddi sosial g\u0259rginlik yaranacaq\u201d - MEYDAN.TV","og_description":"\"Ancaq bu add\u0131m da insanlar\u0131n itkil\u0259rin\u0259, g\u00f6zl\u0259ntil\u0259rin\u0259 cavab vermir, kommunal x\u0259rcl\u0259r artd\u0131qca, insanlar\u0131n \u0259rza\u011fa, d\u0259rmana, keyfiyy\u0259tli h\u0259yata \u00e7\u0131x\u0131\u015f\u0131 azal\u0131r\"","og_url":"https:\/\/www.meydan.tv\/az\/article\/emekhaqlari-artmasa-cox-ciddi-sosial-gerginlik-yaranacaq\/","og_site_name":"MEYDAN.TV","article_published_time":"2021-10-16T16:15:25+00:00","og_image":[{"width":1000,"height":764,"url":"https:\/\/www.meydan.tv\/wp-content\/uploads\/modern.az_bankomat-pensiya-kasib-yoxsul1542352983_309.jpg","type":"image\/jpeg"}],"author":"user-manager","twitter_card":"summary_large_image","schema":{"@context":"https:\/\/schema.org","@graph":[{"@type":"Article","@id":"https:\/\/www.meydan.tv\/az\/article\/emekhaqlari-artmasa-cox-ciddi-sosial-gerginlik-yaranacaq\/#article","isPartOf":{"@id":"https:\/\/www.meydan.tv\/az\/article\/emekhaqlari-artmasa-cox-ciddi-sosial-gerginlik-yaranacaq\/"},"author":{"name":"user-manager","@id":"https:\/\/www.meydan.tv\/az\/#\/schema\/person\/10d11eccf6da3662cf5fdab9806ea91a"},"headline":"\u201c\u018fm\u0259khaqlar\u0131 artmasa, \u00e7ox ciddi sosial g\u0259rginlik yaranacaq\u201d","datePublished":"2021-10-16T16:15:25+00:00","mainEntityOfPage":{"@id":"https:\/\/www.meydan.tv\/az\/article\/emekhaqlari-artmasa-cox-ciddi-sosial-gerginlik-yaranacaq\/"},"wordCount":1638,"publisher":{"@id":"https:\/\/www.meydan.tv\/az\/#organization"},"image":{"@id":"https:\/\/www.meydan.tv\/az\/article\/emekhaqlari-artmasa-cox-ciddi-sosial-gerginlik-yaranacaq\/#primaryimage"},"thumbnailUrl":"https:\/\/www.meydan.tv\/wp-content\/uploads\/modern.az_bankomat-pensiya-kasib-yoxsul1542352983_309.jpg","articleSection":["Sosial"],"inLanguage":"az"},{"@type":"WebPage","@id":"https:\/\/www.meydan.tv\/az\/article\/emekhaqlari-artmasa-cox-ciddi-sosial-gerginlik-yaranacaq\/","url":"https:\/\/www.meydan.tv\/az\/article\/emekhaqlari-artmasa-cox-ciddi-sosial-gerginlik-yaranacaq\/","name":"\u201c\u018fm\u0259khaqlar\u0131 artmasa, \u00e7ox ciddi sosial g\u0259rginlik yaranacaq\u201d - MEYDAN.TV","isPartOf":{"@id":"https:\/\/www.meydan.tv\/az\/#website"},"primaryImageOfPage":{"@id":"https:\/\/www.meydan.tv\/az\/article\/emekhaqlari-artmasa-cox-ciddi-sosial-gerginlik-yaranacaq\/#primaryimage"},"image":{"@id":"https:\/\/www.meydan.tv\/az\/article\/emekhaqlari-artmasa-cox-ciddi-sosial-gerginlik-yaranacaq\/#primaryimage"},"thumbnailUrl":"https:\/\/www.meydan.tv\/wp-content\/uploads\/modern.az_bankomat-pensiya-kasib-yoxsul1542352983_309.jpg","datePublished":"2021-10-16T16:15:25+00:00","breadcrumb":{"@id":"https:\/\/www.meydan.tv\/az\/article\/emekhaqlari-artmasa-cox-ciddi-sosial-gerginlik-yaranacaq\/#breadcrumb"},"inLanguage":"az","potentialAction":[{"@type":"ReadAction","target":["https:\/\/www.meydan.tv\/az\/article\/emekhaqlari-artmasa-cox-ciddi-sosial-gerginlik-yaranacaq\/"]}]},{"@type":"ImageObject","inLanguage":"az","@id":"https:\/\/www.meydan.tv\/az\/article\/emekhaqlari-artmasa-cox-ciddi-sosial-gerginlik-yaranacaq\/#primaryimage","url":"https:\/\/www.meydan.tv\/wp-content\/uploads\/modern.az_bankomat-pensiya-kasib-yoxsul1542352983_309.jpg","contentUrl":"https:\/\/www.meydan.tv\/wp-content\/uploads\/modern.az_bankomat-pensiya-kasib-yoxsul1542352983_309.jpg","width":1000,"height":764,"caption":"Source: Modern.az"},{"@type":"BreadcrumbList","@id":"https:\/\/www.meydan.tv\/az\/article\/emekhaqlari-artmasa-cox-ciddi-sosial-gerginlik-yaranacaq\/#breadcrumb","itemListElement":[{"@type":"ListItem","position":1,"name":"Ana s\u0259hif\u0259","item":"https:\/\/www.meydan.tv\/az\/"},{"@type":"ListItem","position":2,"name":"Sosial","item":"https:\/\/www.meydan.tv\/az\/section\/sosial\/"},{"@type":"ListItem","position":3,"name":"\u201c\u018fm\u0259khaqlar\u0131 artmasa, \u00e7ox ciddi sosial g\u0259rginlik yaranacaq\u201d"}]},{"@type":"WebSite","@id":"https:\/\/www.meydan.tv\/az\/#website","url":"https:\/\/www.meydan.tv\/az\/","name":"MEYDAN.TV","description":"Meydan TV Az\u0259rbaycan\u0131n media m\u0259kan\u0131ndak\u0131 alternativ s\u0259sidir","publisher":{"@id":"https:\/\/www.meydan.tv\/az\/#organization"},"potentialAction":[{"@type":"SearchAction","target":{"@type":"EntryPoint","urlTemplate":"https:\/\/www.meydan.tv\/az\/?s={search_term_string}"},"query-input":{"@type":"PropertyValueSpecification","valueRequired":true,"valueName":"search_term_string"}}],"inLanguage":"az"},{"@type":"Organization","@id":"https:\/\/www.meydan.tv\/az\/#organization","name":"Meydan TV","url":"https:\/\/www.meydan.tv\/az\/","logo":{"@type":"ImageObject","inLanguage":"az","@id":"https:\/\/www.meydan.tv\/az\/#\/schema\/logo\/image\/","url":"https:\/\/www.meydan.tv\/wp-content\/uploads\/2021\/07\/meydan-logo.svg","contentUrl":"https:\/\/www.meydan.tv\/wp-content\/uploads\/2021\/07\/meydan-logo.svg","width":195,"height":46,"caption":"Meydan TV"},"image":{"@id":"https:\/\/www.meydan.tv\/az\/#\/schema\/logo\/image\/"}},{"@type":"Person","@id":"https:\/\/www.meydan.tv\/az\/#\/schema\/person\/10d11eccf6da3662cf5fdab9806ea91a","name":"user-manager"}]}},"_links":{"self":[{"href":"https:\/\/www.meydan.tv\/az\/wp-json\/wp\/v2\/posts\/213328","targetHints":{"allow":["GET"]}}],"collection":[{"href":"https:\/\/www.meydan.tv\/az\/wp-json\/wp\/v2\/posts"}],"about":[{"href":"https:\/\/www.meydan.tv\/az\/wp-json\/wp\/v2\/types\/post"}],"author":[{"embeddable":true,"href":"https:\/\/www.meydan.tv\/az\/wp-json\/wp\/v2\/users\/11"}],"replies":[{"embeddable":true,"href":"https:\/\/www.meydan.tv\/az\/wp-json\/wp\/v2\/comments?post=213328"}],"version-history":[{"count":0,"href":"https:\/\/www.meydan.tv\/az\/wp-json\/wp\/v2\/posts\/213328\/revisions"}],"wp:featuredmedia":[{"embeddable":true,"href":"https:\/\/www.meydan.tv\/az\/wp-json\/wp\/v2\/media\/211197"}],"wp:attachment":[{"href":"https:\/\/www.meydan.tv\/az\/wp-json\/wp\/v2\/media?parent=213328"}],"wp:term":[{"taxonomy":"category","embeddable":true,"href":"https:\/\/www.meydan.tv\/az\/wp-json\/wp\/v2\/categories?post=213328"},{"taxonomy":"post_tag","embeddable":true,"href":"https:\/\/www.meydan.tv\/az\/wp-json\/wp\/v2\/tags?post=213328"}],"curies":[{"name":"wp","href":"https:\/\/api.w.org\/{rel}","templated":true}]}}