{"id":213321,"date":"2021-10-15T18:26:49","date_gmt":"2021-10-15T18:26:49","guid":{"rendered":"https:\/\/www.meydan.tv\/article\/rustem-ibrahimbeyov-kino-sobesinin-adini-deyisdiler-bu-da-oldu-islahat\/"},"modified":"2021-10-15T18:26:49","modified_gmt":"2021-10-15T18:26:49","slug":"rustem-ibrahimbeyov-kino-sobesinin-adini-deyisdiler-bu-da-oldu-islahat","status":"publish","type":"post","link":"https:\/\/www.meydan.tv\/az\/article\/rustem-ibrahimbeyov-kino-sobesinin-adini-deyisdiler-bu-da-oldu-islahat\/","title":{"rendered":"R\u00fcst\u0259m \u0130brahimb\u0259yov: Kino \u015f\u00f6b\u0259sinin ad\u0131n\u0131 d\u0259yi\u015fdil\u0259r, bu da oldu &#8220;islahat&#8221;"},"content":{"rendered":"<p>\n  <i><br \/>\n    Rasim Balayev: &quot;R\u00fcst\u0259m \u0130brahimb\u0259yov Az\u0259rbaycan kinosunun inki\u015faf\u0131n\u0131 ist\u0259yir&quot;<br \/>\n  <\/i>\n<\/p>\n<p>\n  \u201cBe\u015f-alt\u0131 ildir ki, \u201cislahat, islahat\u201d deyirl\u0259r. Ax\u0131rda da kino \u015f\u00f6b\u0259sinin ad\u0131n\u0131 d\u0259yi\u015fdil\u0259r, bu da oldu bizim islahat\u201d.\n<\/p>\n<p>\n  Bunu Xalq yaz\u0131\u00e7\u0131s\u0131, kinorejissor R\u00fcst\u0259m \u0130brahimb\u0259yov Milli Kitab S\u0259rgisi \u00e7\u0259r\u00e7iv\u0259sind\u0259 ke\u00e7iril\u0259n g\u00f6r\u00fc\u015f\u00fc zaman\u0131<br \/>\n  <a href=\"https:\/\/aki.az\/rust%c9%99m-ibrahimb%c9%99yov-kinomuzun-keyfiyy%c9%99tini-qaldirmaq-lazimdir\/\"><br \/>\n    deyib<br \/>\n  <\/a><br \/>\n  .\n<\/p>\n<p>\n  \u201cBizd\u0259 b\u0259zi rejissorlar film \u00e7\u0259km\u0259y\u0259 ba\u015flayanda deyirl\u0259r ki, Kann festival\u0131 \u00fc\u00e7\u00fcn \u00e7\u0259kir\u0259m. Bir ba\u015fqas\u0131 deyir ki, filmi \u201cOskar\u201d \u00fc\u00e7\u00fcn \u00e7\u0259kir\u0259m. Bu, yanl\u0131\u015fd\u0131r. D\u00fczd\u00fcr, g\u0259nc rejissorlar\u0131m\u0131z bu prosesin u\u011furlu olaca\u011f\u0131 il\u0259 ba\u011fl\u0131 m\u0259n\u0259 \u00fcmid verir. Amma M\u0259d\u0259niyy\u0259t Nazirliyi h\u0259mi\u015f\u0259ki kimi yen\u0259 d\u0259 bu i\u015fd\u0259n k\u0259narda qal\u0131b. N\u0259 il\u0259 m\u0259\u015f\u011fuldurlar, bilmir\u0259m. T\u0259z\u0259 v\u0259zif\u0259y\u0259 g\u0259l\u0259n R\u00fcf\u0259t H\u0259s\u0259nov \u00e7ox istedadl\u0131 rejissordur, yax\u015f\u0131 prod\u00fcserdir. Amma g\u00f6r\u00fcn\u00fcr, ona i\u015fl\u0259m\u0259y\u0259 imkan vermirl\u0259r. \u201cNobel\u201d, \u201cOskar\u201d m\u00fckafatlar\u0131, bunlar t\u0259sad\u00fcfi \u015feyl\u0259rdir. D\u00fcnyada \u00e7ox \u00f6lk\u0259l\u0259r var ki, onlar\u0131n \u00e7ox keyfiyy\u0259tli filml\u0259ri var, amma \u201cOskar\u201d almay\u0131blar. Eyni \u015feyi \u201cNobel\u201d\u0259 d\u0259 aid etm\u0259k olar. Kinomuzun keyfiyy\u0259tini qald\u0131rmaq laz\u0131md\u0131r\u201d, &#8211; dey\u0259 kinodramaturq bildirib.\n<\/p>\n<p>\n  <b><br \/>\n    &quot;D\u00fc\u015f\u00fcn\u00fcr\u0259m ki, R\u00fcst\u0259m \u0130brahimb\u0259yovun s\u00f6z\u00fc onlara t\u0259sir ed\u0259c\u0259k&quot;<br \/>\n  <\/b>\n<\/p>\n<p>\n  Kinorejissor Tahir Tahirovi\u00e7 Meydan TV-y\u0259 a\u00e7\u0131qlamas\u0131nda R\u00fcst\u0259m \u0130brahimb\u0259yovun fikirl\u0259ri il\u0259 raz\u0131la\u015fd\u0131\u011f\u0131n\u0131 deyib: \u201cR\u00fcst\u0259m \u0130brahimb\u0259yovun ist\u0259diyi odur ki, Az\u0259rbaycan kinosu k\u00fctl\u0259vil\u0259\u015fsin. D\u00f6vl\u0259tin Az\u0259rbaycan kinosu \u00fc\u00e7\u00fcn ay\u0131rd\u0131\u011f\u0131 pulun k\u0259miyy\u0259ti, keyfiyy\u0259ti arts\u0131n. S\u00f6hb\u0259t onda deyil ki, m\u0259n Kinematorqaf\u00e7\u0131lar \u0130ttifaq\u0131n\u0131n \u0130dar\u0259 hey\u0259tnin \u00fczv\u00fcy\u0259m, R\u00fcst\u0259m \u0130brahimb\u0259yov da m\u0259nim s\u0259drimdir. O, Az\u0259rbaycan kinosunun inki\u015faf\u0131n\u0131 ist\u0259yir. M\u00fcsahib\u0259l\u0259rimd\u0259n birind\u0259 d\u0259 demi\u015fdim. V\u0259zif\u0259d\u0259ki \u015f\u0259xsl\u0259r t\u0259miz olduqlar\u0131 m\u00fcdd\u0259td\u0259 yax\u015f\u0131 i\u015f g\u00f6r\u00fcrl\u0259r. \u015e\u0259ffafl\u0131q pozulandan sonra h\u0259r \u015fey bitir. \u0130\u015fl\u0259r yax\u015f\u0131l\u0131qdan \u00e7\u0131x\u0131r, m\u0259cras\u0131n\u0131 d\u0259yi\u015fir. Amma d\u00fc\u015f\u00fcn\u00fcr\u0259m ki, R\u00fcst\u0259m \u0130brahimb\u0259yovun s\u00f6z\u00fc onlara t\u0259sir ed\u0259c\u0259k\u201d.\n<\/p>\n<p>\n  <b><br \/>\n    &quot;\u00c7ox t\u0259\u0259ss\u00fcf ki, kino yox d\u0259r\u0259c\u0259sind\u0259dir&quot;<br \/>\n  <\/b>\n<\/p>\n<p>\n  Xalq artisti, kinoaktyor Rasim Balayev hesab edir ki, kino sah\u0259si M\u0259d\u0259niyy\u0259t Nazirliyinin n\u0259zdind\u0259 deyil, ayr\u0131ca qurum kimi f\u0259aliyy\u0259t g\u00f6st\u0259rm\u0259lidir: \u201cBir vaxtlar kino sah\u0259si M\u0259d\u0259niyy\u0259t Nazirliyi s\u0259viyy\u0259sind\u0259 ayr\u0131ca bir komit\u0259 idi. Sonra ad\u0131n\u0131 d\u0259yi\u015fib \u201cAz\u0259rtelefilm\u201d Yarac\u0131l\u0131q Birliyi etdil\u0259r. Daha sonra is\u0259 M\u0259d\u0259niyy\u0259t Nazirliyinin tabeliyin\u0259 ke\u00e7di. Hesab edir\u0259m ki, kino sah\u0259si il\u0259 ba\u011fl\u0131 ayr\u0131ca qurum olmal\u0131d\u0131r. Bu m\u0259s\u0259l\u0259 il\u0259 ba\u011fl\u0131 ciddi m\u0259\u015f\u011ful olmaq laz\u0131md\u0131r. M\u0259d\u0259niyy\u0259t Nazirliyind\u0259 ruslar demi\u015f, \u201c\u0440\u0430\u0434\u0438 \u0433\u0430\u043b\u043e\u0447\u043a\u0438\u201d bir kino \u015f\u00f6b\u0259si var. Kinoya d\u00f6vl\u0259t b\u00fcdc\u0259sind\u0259n kifay\u0259t q\u0259d\u0259r pul ayr\u0131l\u0131r. D\u00fczd\u00fcr, indi Qaraba\u011f m\u0259s\u0259l\u0259si var, orada tikinti-b\u0259rpa i\u015fl\u0259ri gedir. \u00c7oxlu x\u0259rcl\u0259rimiz var. Amma h\u0259r halda be\u015f-alt\u0131 milyona d\u00f6rd-be\u015f film \u00e7\u0259km\u0259k olar. \u00c7ox t\u0259\u0259ss\u00fcf ki, kino yox d\u0259r\u0259c\u0259sind\u0259dir. M\u0259d\u0259niyy\u0259t Nazirliyinin kino \u015f\u00f6b\u0259sind\u0259 cavanlar i\u015fl\u0259yir. Kino s\u0259n\u0259tinin g\u00f6st\u0259ricisi ekrand\u0131r. \u018fg\u0259r ekranda he\u00e7 n\u0259 yoxdursa, bu i\u015fl\u0259r s\u00f6zl\u0259 olmur ki, h\u0259r \u015fey yax\u015f\u0131d\u0131r v\u0259 s. Ekranda is\u0259, do\u011frudan da, he\u00e7 n\u0259 yoxdur. Yad\u0131mdad\u0131r, R\u00fcst\u0259m \u0130brahimb\u0259yov prezidentl\u0259 g\u00f6r\u00fc\u015fm\u00fc\u015fd\u00fc. Kino il\u0259 ba\u011fl\u0131 b\u00f6y\u00fck planlar n\u0259z\u0259rd\u0259 tutulmu\u015fdu. Prezidentin s\u0259r\u0259ncam\u0131 vard\u0131 ki, kino il\u0259 ba\u011fl\u0131 i\u015fl\u0259r yax\u0131n on ild\u0259 g\u00f6r\u00fcls\u00fcn. T\u0259\u0259ss\u00fcf ki, bunlar \u00f6z h\u0259llini tapmad\u0131. Filml\u0259r var, \u00e7\u0259kirl\u0259r, amma bo\u015f, uzun-uzad\u0131, m\u0259nas\u0131z. Onunla i\u015f getmir. Biz indi m\u00fcst\u0259qil d\u00f6vl\u0259tik. D\u00fcnya bazar\u0131na \u00e7\u0131xmal\u0131y\u0131q. Kino h\u0259m d\u0259 biznesdir. Ona g\u00f6r\u0259 d\u0259 d\u00fcny\u0259vi m\u00f6vzulara m\u00fcraci\u0259t olunmal\u0131d\u0131r. Beyn\u0259lxalq festivallarda i\u015ftirak etm\u0259k laz\u0131md\u0131r. Bunun \u00fc\u00e7\u00fcn s\u0259viyy\u0259li filml\u0259r \u00e7\u0259km\u0259k laz\u0131md\u0131r. El\u0259 bir v\u0259ziyy\u0259t\u0259 g\u0259lib, \u00e7\u0131xm\u0131\u015f\u0131q ki, sanki ham\u0131m\u0131z dayanm\u0131\u015f\u0131q v\u0259 kimis\u0259 g\u00f6zl\u0259yirik. Ona g\u00f6r\u0259 d\u0259 ortada he\u00e7 n\u0259 yoxdur\u201d.\n<\/p>\n<p>\n  <b><br \/>\n    &quot;M\u0259d\u0259niyy\u0259t Nazirliyinin kino sah\u0259sind\u0259 g\u00f6rd\u00fcy\u00fc i\u015fl\u0259r qaneedici deyil&quot;<br \/>\n  <\/b>\n<\/p>\n<p>\n  Kino\u015f\u00fcnas Ayg\u00fcn Aslanl\u0131 M\u0259d\u0259niyy\u0259t Nazirliyinin kino sah\u0259sind\u0259 g\u00f6rd\u00fcy\u00fc i\u015fl\u0259ri qaneedici saym\u0131r. \u00dcst\u0259lik, hesab edir ki, Nazirlik, h\u0259m\u00e7inin Kinematoqrafiya \u015f\u00f6b\u0259si c\u0259miyy\u0259t qar\u015f\u0131s\u0131nda cavabdehlik da\u015f\u0131y\u0131r: \u201cKe\u00e7\u0259n il dedik ki, pandemiyad\u0131r, b\u00fct\u00fcn sah\u0259l\u0259rd\u0259 oldu\u011fu kimi kino sah\u0259si d\u0259 f\u0259aliyy\u0259tini dayand\u0131rm\u0131\u015fd\u0131. Amma indi v\u0259ziyy\u0259t normalla\u015fma\u011fa do\u011fru gedir. Lakin prosesl\u0259r onu g\u00f6st\u0259rir ki, yen\u0259 d\u0259 kosmetik d\u0259yi\u015fiklikl\u0259r gedir. M\u0259s\u0259l\u0259n, Kino Agentliyinin yarad\u0131lmas\u0131, tammetrajl\u0131 b\u0259dii filml\u0259rl\u0259 ba\u011fl\u0131 m\u00fcsabiq\u0259l\u0259rin ke\u00e7irilm\u0259si n\u0259z\u0259rd\u0259 tutulmu\u015fdu. H\u0259l\u0259 ki realla\u015fmay\u0131b. H\u0259m\u00e7inin kinoteatrlar\u0131n say\u0131n\u0131n art\u0131r\u0131lmas\u0131 m\u0259s\u0259l\u0259si d\u0259 a\u00e7\u0131q qal\u0131b. Bilmir\u0259m, b\u0259lk\u0259 d\u0259, n\u0259s\u0259 i\u015f g\u00f6r\u00fcrl\u0259r, amma bunu gizl\u0259dirl\u0259r. Az\u0259rbaycanda idar\u0259etm\u0259nin \u0259n ciddi problemi odur ki, hans\u0131 i\u015f, yenilik etdikl\u0259ri bilinmir. Sanki bunu \u00f6zl\u0259ri \u00fc\u00e7\u00fcn edirl\u0259r. \u0130ctimaiyy\u0259t\u0259 bu bar\u0259d\u0259 m\u0259lumat verilmir\u201d.\n<\/p>\n<p>\n  <b><br \/>\n    M\u0259d\u0259niyy\u0259t Nazirliyi: &quot;R\u00fcst\u0259m \u0130brahimb\u0259yovla h\u0259mfikirik&#8230;&quot;<br \/>\n  <\/b>\n<\/p>\n<p>\n  M\u0259d\u0259niyy\u0259t Nazirliyinin Kinematoqrafiya \u015f\u00f6b\u0259sinin m\u00fcdiri R\u00fcf\u0259t H\u0259s\u0259nov R\u00fcst\u0259m \u0130brahimb\u0259yovun fikirl\u0259rin\u0259 m\u00fcnasib\u0259t bildirib.\n<\/p>\n<p>\n  O, Meydan TV-y\u0259 deyib ki, g\u00f6r\u00fcl\u0259n i\u015fl\u0259r \u00e7oxdur v\u0259 bununla ba\u011fl\u0131 m\u0259lumatlar m\u00fct\u0259madi ictimaiyy\u0259t\u0259 \u00e7atd\u0131r\u0131l\u0131r: &quot;\u0130st\u0259r institusional v\u0259 idar\u0259etm\u0259 islahatlar\u0131m\u0131z \u00e7\u0259r\u00e7iv\u0259sind\u0259 &#8211; Film Komissiyas\u0131, Kino Agentliyi, pit\u00e7inq, t\u0259dris proqramlar\u0131 v\u0259 sair i\u015fl\u0259r &#8211; ist\u0259rs\u0259 d\u0259, istehsal etdiyimiz filml\u0259r bar\u0259d\u0259 m\u0259lumatlar\u0131 b\u00f6l\u00fc\u015f\u00fcr\u00fck. T\u0259kc\u0259 bu il d\u00f6rd tammetrajl\u0131 v\u0259 onlarla s\u0259n\u0259dli film istehsalata burax\u0131l\u0131b&quot;.\n<\/p>\n<figure class=\"wp-block-image size-large\">\n  <img decoding=\"async\" src=\"https:\/\/www.meydan.tv\/az\/10-jpg-8\/\" alt=\"10.jpg\" class=\"wp-image-211167\"\/><figcaption>\n    R\u00fcst\u0259m \u0130barhimb\u0259yovla Milli Kitab S\u0259rgisind\u0259 g\u00f6r\u00fc\u015f<br \/>\n  <\/figcaption><\/figure>\n<p>\n  &quot;R\u00fcst\u0259m \u0130brahimb\u0259yovun sadalad\u0131\u011f\u0131 rejissorlara g\u0259linc\u0259, Mirbala S\u0259limlinin \u201cQ\u0131rm\u0131z\u0131 ba\u011f\u201d , Asif R\u00fcst\u0259movun \u201cAx\u0131nla a\u015fa\u011f\u0131\u201d v\u0259 haz\u0131rda istehsalatda olan \u201cM\u0259rm\u0259r soyu\u011fu\u201d filml\u0259ri v\u0259 m\u0259nim \u201cDaxild\u0259ki ada\u201d filmim M\u0259d\u0259niyy\u0259t Nazirliyinin d\u0259st\u0259k v\u0259 ya sifari\u015fil\u0259 \u00e7\u0259kilmi\u015f layih\u0259l\u0259rdir. T\u0259bii ki, sektorda m\u00fcst\u0259qil \u015f\u0259kild\u0259 f\u0259aliyy\u0259t g\u00f6st\u0259r\u0259n istedadl\u0131 rejissorlar\u0131n d\u0259st\u0259yi d\u0259 bizim \u00fc\u00e7\u00fcn prioritet m\u00f6vzudur. \u0130stedadl\u0131 rejissorlar\u0131 a\u015fkarlamaq, onlara d\u0259st\u0259k olmaq \u00fc\u00e7\u00fcn m\u00fct\u0259madi m\u00fcsabiq\u0259 v\u0259 pit\u00e7inql\u0259r elan etm\u0259y\u0259 davam ed\u0259c\u0259yik. \u00d6lk\u0259mizd\u0259 istehsal olunan filml\u0259rin prokat\u0131 m\u00f6vzusunda R\u00fcst\u0259m \u0130brahimb\u0259yovla h\u0259mfikirik v\u0259 hesab edirik ki, yerli kino istehsal\u00e7\u0131lar\u0131n\u0131n kinoteatrlar t\u0259r\u0259find\u0259n d\u0259st\u0259y\u0259 ehtiyac\u0131 var. Kinematoqraf\u0131m\u0131z\u0131n inki\u015faf\u0131 namin\u0259 filml\u0259rimiz izl\u0259yiciy\u0259 \u00e7atd\u0131r\u0131lmal\u0131d\u0131r v\u0259 izl\u0259yici m\u00fcasir kinomuzu tan\u0131mal\u0131d\u0131r\u201d, &#8211; o, bel\u0259 deyib.\n<\/p>\n<p>\n  2019-cu ilin mart\u0131nda Prezident \u0130lham \u018fliyevin \u201cAz\u0259rbaycan kinematoqrafiyas\u0131n\u0131n inki\u015faf\u0131 il\u0259 ba\u011fl\u0131 b\u0259zi t\u0259dbirl\u0259r haqq\u0131nda\u201d S\u0259r\u0259ncam\u0131na \u0259sas\u0259n, M\u0259d\u0259niyy\u0259t Nazirliyin\u0259 d\u00f6vl\u0259t fondundan be\u015f milyon manat ayr\u0131l\u0131b.\n<\/p>\n<p>\n  Pul d\u00f6vl\u0259t sifari\u015fi il\u0259 film istehsal\u0131n\u0131 v\u0259 g\u0259nc kinematoqraf\u00e7\u0131lar\u0131n yarad\u0131c\u0131l\u0131\u011f\u0131n\u0131n d\u0259st\u0259kl\u0259nm\u0259si il\u0259 ba\u011fl\u0131 layih\u0259l\u0259rin h\u0259yata ke\u00e7irilm\u0259sini t\u0259min etm\u0259k \u00fc\u00e7\u00fcn n\u0259z\u0259rd\u0259 tutulub.\n<\/p>\n<p>\n  2020-ci ilin d\u00f6vl\u0259t b\u00fcdc\u0259sind\u0259n is\u0259 Az\u0259rbaycan kinosunun inki\u015faf\u0131 \u00fc\u00e7\u00fcn 7,5 milyon manat ayr\u0131l\u0131b.\n<\/p>\n<p>\n  2021-ci ilin iyununda maliyy\u0259 naziri Samir \u015e\u0259rifov M\u0259d\u0259niyy\u0259t Nazirliyin\u0259 iradlar<br \/>\n  <a href=\"https:\/\/www.meydan.tv\/az\/article\/niye-cekilen-filmlerin-budcesi-aciqlanmir\/?ref=search\"><br \/>\n    s\u0259sl\u0259ndirmi\u015fdi<br \/>\n  <\/a><br \/>\n  .\n<\/p>\n<figure class=\"wp-block-image size-large\">\n  <img decoding=\"async\" src=\"https:\/\/www.meydan.tv\/az\/17-jpg-6\/\" alt=\"17.jpg\" class=\"wp-image-211170\"\/><figcaption>\n    R\u00fcst\u0259m \u0130barhimb\u0259yovla Milli Kitab S\u0259rgisind\u0259 g\u00f6r\u00fc\u015f<br \/>\n  <\/figcaption><\/figure>\n<p>\n  O, M\u0259d\u0259niyy\u0259t Nazirliyin\u0259 ayr\u0131lan maliyy\u0259 v\u0259saiti qar\u015f\u0131l\u0131\u011f\u0131nda he\u00e7 bir yenilik olmad\u0131\u011f\u0131n\u0131 s\u00f6yl\u0259mi\u015fdi.\n<\/p>\n<p>\n  \u018flav\u0259 etmi\u015fdi ki, nazirliyin t\u0259qdim etdiyi \u201cAz\u0259rbaycan Kinematoqafiyas\u0131n\u0131n \u0130nki\u015faf Konsepsiyas\u0131\u201d qaneedici deyil.\n<\/p>\n<p>\n  M\u0259d\u0259niyy\u0259t Nazirliyi is\u0259 Samir \u015e\u0259rifovun ittihamlar\u0131na cavab olaraq il \u0259rzind\u0259 \u0259h\u0259miyy\u0259tli t\u0259dbirl\u0259r g\u00f6r\u00fclm\u0259sin\u0259 dair hesabat a\u00e7\u0131qlam\u0131\u015fd\u0131.\n<\/p>\n<p>\n  Bildirilirdi ki, il \u0259rzind\u0259 \u201cB\u00f6y\u00fck qay\u0131d\u0131\u015f\u201d m\u00fcsabiq\u0259si ke\u00e7irilib, \u0130kinci Qaraba\u011f m\u00fcharib\u0259sin\u0259 h\u0259sr olunan 11 q\u0131sametrajl\u0131 (b\u0259dii, s\u0259n\u0259dli v\u0259 animasiya) film istehsala burax\u0131lmaqdad\u0131r. Bununla yana\u015f\u0131, 1982-ci ild\u0259n bug\u00fcn\u0259d\u0259k ilk d\u0259f\u0259 olaraq 2021-ci ilin \u0259vv\u0259lind\u0259 C\u0259f\u0259r Cabbarl\u0131 ad\u0131na \u201cAz\u0259rbaycanfilm\u201d kinostudiyas\u0131 \u00fc\u00e7\u00fcn kinotexnika avadanl\u0131qlar\u0131 al\u0131n\u0131b.\n<\/p>\n<p>\n  \u201cF\u0259ryad 2\u201d, \u201cM\u0259ry\u0259m\u201d v\u0259 \u201cM\u0259rm\u0259r Soyuqu\u201d tammetrajl\u0131 b\u0259dii filml\u0259rin istehsala burax\u0131l\u0131b.<\/p>\n","protected":false},"excerpt":{"rendered":"<p>&#8220;Bilmir\u0259m, b\u0259lk\u0259 d\u0259, n\u0259s\u0259 i\u015f g\u00f6r\u00fcrl\u0259r, amma bunu gizl\u0259dirl\u0259r&#8221;<\/p>\n","protected":false},"author":11,"featured_media":128255,"comment_status":"closed","ping_status":"open","sticky":false,"template":"","format":"standard","meta":{"_acf_changed":false,"_sitemap_exclude":false,"_sitemap_priority":"","_sitemap_frequency":"","footnotes":""},"categories":[52],"tags":[],"class_list":["post-213321","post","type-post","status-publish","format-standard","has-post-thumbnail","hentry","category-medeniyyet","infinite-scroll-item","generate-columns","tablet-grid-50","mobile-grid-100","grid-parent","grid-33","no-featured-image-padding"],"acf":[],"yoast_head":"<!-- This site is optimized with the Yoast SEO plugin v27.4 - https:\/\/yoast.com\/product\/yoast-seo-wordpress\/ -->\n<title>R\u00fcst\u0259m \u0130brahimb\u0259yov: Kino \u015f\u00f6b\u0259sinin ad\u0131n\u0131 d\u0259yi\u015fdil\u0259r, bu da oldu &quot;islahat&quot; - MEYDAN.TV<\/title>\n<meta name=\"robots\" content=\"index, follow, max-snippet:-1, max-image-preview:large, max-video-preview:-1\" \/>\n<link rel=\"canonical\" href=\"https:\/\/www.meydan.tv\/az\/article\/rustem-ibrahimbeyov-kino-sobesinin-adini-deyisdiler-bu-da-oldu-islahat\/\" \/>\n<meta property=\"og:locale\" content=\"az_AZ\" \/>\n<meta property=\"og:type\" content=\"article\" \/>\n<meta property=\"og:title\" content=\"R\u00fcst\u0259m \u0130brahimb\u0259yov: Kino \u015f\u00f6b\u0259sinin ad\u0131n\u0131 d\u0259yi\u015fdil\u0259r, bu da oldu &quot;islahat&quot; - MEYDAN.TV\" \/>\n<meta property=\"og:description\" content=\"&quot;Bilmir\u0259m, b\u0259lk\u0259 d\u0259, n\u0259s\u0259 i\u015f g\u00f6r\u00fcrl\u0259r, amma bunu gizl\u0259dirl\u0259r&quot;\" \/>\n<meta property=\"og:url\" content=\"https:\/\/www.meydan.tv\/az\/article\/rustem-ibrahimbeyov-kino-sobesinin-adini-deyisdiler-bu-da-oldu-islahat\/\" \/>\n<meta property=\"og:site_name\" content=\"MEYDAN.TV\" \/>\n<meta property=\"article:published_time\" content=\"2021-10-15T18:26:49+00:00\" \/>\n<meta property=\"og:image\" content=\"https:\/\/www.meydan.tv\/wp-content\/uploads\/b93a8603-1874-4e49-ba33-2d61319ca54a_cx0_cy13_cw0_w1200_s.jpg\" \/>\n\t<meta property=\"og:image:width\" content=\"1200\" \/>\n\t<meta property=\"og:image:height\" content=\"826\" \/>\n\t<meta property=\"og:image:type\" content=\"image\/jpeg\" \/>\n<meta name=\"author\" content=\"user-manager\" \/>\n<meta name=\"twitter:card\" content=\"summary_large_image\" \/>\n<script type=\"application\/ld+json\" class=\"yoast-schema-graph\">{\"@context\":\"https:\\\/\\\/schema.org\",\"@graph\":[{\"@type\":\"Article\",\"@id\":\"https:\\\/\\\/www.meydan.tv\\\/az\\\/article\\\/rustem-ibrahimbeyov-kino-sobesinin-adini-deyisdiler-bu-da-oldu-islahat\\\/#article\",\"isPartOf\":{\"@id\":\"https:\\\/\\\/www.meydan.tv\\\/az\\\/article\\\/rustem-ibrahimbeyov-kino-sobesinin-adini-deyisdiler-bu-da-oldu-islahat\\\/\"},\"author\":{\"name\":\"user-manager\",\"@id\":\"https:\\\/\\\/www.meydan.tv\\\/az\\\/#\\\/schema\\\/person\\\/10d11eccf6da3662cf5fdab9806ea91a\"},\"headline\":\"R\u00fcst\u0259m \u0130brahimb\u0259yov: Kino \u015f\u00f6b\u0259sinin ad\u0131n\u0131 d\u0259yi\u015fdil\u0259r, bu da oldu &#8220;islahat&#8221;\",\"datePublished\":\"2021-10-15T18:26:49+00:00\",\"mainEntityOfPage\":{\"@id\":\"https:\\\/\\\/www.meydan.tv\\\/az\\\/article\\\/rustem-ibrahimbeyov-kino-sobesinin-adini-deyisdiler-bu-da-oldu-islahat\\\/\"},\"wordCount\":1915,\"publisher\":{\"@id\":\"https:\\\/\\\/www.meydan.tv\\\/az\\\/#organization\"},\"image\":{\"@id\":\"https:\\\/\\\/www.meydan.tv\\\/az\\\/article\\\/rustem-ibrahimbeyov-kino-sobesinin-adini-deyisdiler-bu-da-oldu-islahat\\\/#primaryimage\"},\"thumbnailUrl\":\"https:\\\/\\\/www.meydan.tv\\\/wp-content\\\/uploads\\\/b93a8603-1874-4e49-ba33-2d61319ca54a_cx0_cy13_cw0_w1200_s.jpg\",\"articleSection\":[\"M\u0259d\u0259niyy\u0259t\"],\"inLanguage\":\"az\"},{\"@type\":\"WebPage\",\"@id\":\"https:\\\/\\\/www.meydan.tv\\\/az\\\/article\\\/rustem-ibrahimbeyov-kino-sobesinin-adini-deyisdiler-bu-da-oldu-islahat\\\/\",\"url\":\"https:\\\/\\\/www.meydan.tv\\\/az\\\/article\\\/rustem-ibrahimbeyov-kino-sobesinin-adini-deyisdiler-bu-da-oldu-islahat\\\/\",\"name\":\"R\u00fcst\u0259m \u0130brahimb\u0259yov: Kino \u015f\u00f6b\u0259sinin ad\u0131n\u0131 d\u0259yi\u015fdil\u0259r, bu da oldu \\\"islahat\\\" - MEYDAN.TV\",\"isPartOf\":{\"@id\":\"https:\\\/\\\/www.meydan.tv\\\/az\\\/#website\"},\"primaryImageOfPage\":{\"@id\":\"https:\\\/\\\/www.meydan.tv\\\/az\\\/article\\\/rustem-ibrahimbeyov-kino-sobesinin-adini-deyisdiler-bu-da-oldu-islahat\\\/#primaryimage\"},\"image\":{\"@id\":\"https:\\\/\\\/www.meydan.tv\\\/az\\\/article\\\/rustem-ibrahimbeyov-kino-sobesinin-adini-deyisdiler-bu-da-oldu-islahat\\\/#primaryimage\"},\"thumbnailUrl\":\"https:\\\/\\\/www.meydan.tv\\\/wp-content\\\/uploads\\\/b93a8603-1874-4e49-ba33-2d61319ca54a_cx0_cy13_cw0_w1200_s.jpg\",\"datePublished\":\"2021-10-15T18:26:49+00:00\",\"breadcrumb\":{\"@id\":\"https:\\\/\\\/www.meydan.tv\\\/az\\\/article\\\/rustem-ibrahimbeyov-kino-sobesinin-adini-deyisdiler-bu-da-oldu-islahat\\\/#breadcrumb\"},\"inLanguage\":\"az\",\"potentialAction\":[{\"@type\":\"ReadAction\",\"target\":[\"https:\\\/\\\/www.meydan.tv\\\/az\\\/article\\\/rustem-ibrahimbeyov-kino-sobesinin-adini-deyisdiler-bu-da-oldu-islahat\\\/\"]}]},{\"@type\":\"ImageObject\",\"inLanguage\":\"az\",\"@id\":\"https:\\\/\\\/www.meydan.tv\\\/az\\\/article\\\/rustem-ibrahimbeyov-kino-sobesinin-adini-deyisdiler-bu-da-oldu-islahat\\\/#primaryimage\",\"url\":\"https:\\\/\\\/www.meydan.tv\\\/wp-content\\\/uploads\\\/b93a8603-1874-4e49-ba33-2d61319ca54a_cx0_cy13_cw0_w1200_s.jpg\",\"contentUrl\":\"https:\\\/\\\/www.meydan.tv\\\/wp-content\\\/uploads\\\/b93a8603-1874-4e49-ba33-2d61319ca54a_cx0_cy13_cw0_w1200_s.jpg\",\"width\":1200,\"height\":826,\"caption\":\"Foto: Meydan tv\"},{\"@type\":\"BreadcrumbList\",\"@id\":\"https:\\\/\\\/www.meydan.tv\\\/az\\\/article\\\/rustem-ibrahimbeyov-kino-sobesinin-adini-deyisdiler-bu-da-oldu-islahat\\\/#breadcrumb\",\"itemListElement\":[{\"@type\":\"ListItem\",\"position\":1,\"name\":\"Ana s\u0259hif\u0259\",\"item\":\"https:\\\/\\\/www.meydan.tv\\\/az\\\/\"},{\"@type\":\"ListItem\",\"position\":2,\"name\":\"M\u0259d\u0259niyy\u0259t\",\"item\":\"https:\\\/\\\/www.meydan.tv\\\/az\\\/section\\\/medeniyyet\\\/\"},{\"@type\":\"ListItem\",\"position\":3,\"name\":\"R\u00fcst\u0259m \u0130brahimb\u0259yov: Kino \u015f\u00f6b\u0259sinin ad\u0131n\u0131 d\u0259yi\u015fdil\u0259r, bu da oldu &#8220;islahat&#8221;\"}]},{\"@type\":\"WebSite\",\"@id\":\"https:\\\/\\\/www.meydan.tv\\\/az\\\/#website\",\"url\":\"https:\\\/\\\/www.meydan.tv\\\/az\\\/\",\"name\":\"MEYDAN.TV\",\"description\":\"Meydan TV Az\u0259rbaycan\u0131n media m\u0259kan\u0131ndak\u0131 alternativ s\u0259sidir\",\"publisher\":{\"@id\":\"https:\\\/\\\/www.meydan.tv\\\/az\\\/#organization\"},\"potentialAction\":[{\"@type\":\"SearchAction\",\"target\":{\"@type\":\"EntryPoint\",\"urlTemplate\":\"https:\\\/\\\/www.meydan.tv\\\/az\\\/?s={search_term_string}\"},\"query-input\":{\"@type\":\"PropertyValueSpecification\",\"valueRequired\":true,\"valueName\":\"search_term_string\"}}],\"inLanguage\":\"az\"},{\"@type\":\"Organization\",\"@id\":\"https:\\\/\\\/www.meydan.tv\\\/az\\\/#organization\",\"name\":\"Meydan TV\",\"url\":\"https:\\\/\\\/www.meydan.tv\\\/az\\\/\",\"logo\":{\"@type\":\"ImageObject\",\"inLanguage\":\"az\",\"@id\":\"https:\\\/\\\/www.meydan.tv\\\/az\\\/#\\\/schema\\\/logo\\\/image\\\/\",\"url\":\"https:\\\/\\\/www.meydan.tv\\\/wp-content\\\/uploads\\\/2021\\\/07\\\/meydan-logo.svg\",\"contentUrl\":\"https:\\\/\\\/www.meydan.tv\\\/wp-content\\\/uploads\\\/2021\\\/07\\\/meydan-logo.svg\",\"width\":195,\"height\":46,\"caption\":\"Meydan TV\"},\"image\":{\"@id\":\"https:\\\/\\\/www.meydan.tv\\\/az\\\/#\\\/schema\\\/logo\\\/image\\\/\"}},{\"@type\":\"Person\",\"@id\":\"https:\\\/\\\/www.meydan.tv\\\/az\\\/#\\\/schema\\\/person\\\/10d11eccf6da3662cf5fdab9806ea91a\",\"name\":\"user-manager\"}]}<\/script>\n<!-- \/ Yoast SEO plugin. -->","yoast_head_json":{"title":"R\u00fcst\u0259m \u0130brahimb\u0259yov: Kino \u015f\u00f6b\u0259sinin ad\u0131n\u0131 d\u0259yi\u015fdil\u0259r, bu da oldu \"islahat\" - MEYDAN.TV","robots":{"index":"index","follow":"follow","max-snippet":"max-snippet:-1","max-image-preview":"max-image-preview:large","max-video-preview":"max-video-preview:-1"},"canonical":"https:\/\/www.meydan.tv\/az\/article\/rustem-ibrahimbeyov-kino-sobesinin-adini-deyisdiler-bu-da-oldu-islahat\/","og_locale":"az_AZ","og_type":"article","og_title":"R\u00fcst\u0259m \u0130brahimb\u0259yov: Kino \u015f\u00f6b\u0259sinin ad\u0131n\u0131 d\u0259yi\u015fdil\u0259r, bu da oldu \"islahat\" - MEYDAN.TV","og_description":"\"Bilmir\u0259m, b\u0259lk\u0259 d\u0259, n\u0259s\u0259 i\u015f g\u00f6r\u00fcrl\u0259r, amma bunu gizl\u0259dirl\u0259r\"","og_url":"https:\/\/www.meydan.tv\/az\/article\/rustem-ibrahimbeyov-kino-sobesinin-adini-deyisdiler-bu-da-oldu-islahat\/","og_site_name":"MEYDAN.TV","article_published_time":"2021-10-15T18:26:49+00:00","og_image":[{"width":1200,"height":826,"url":"https:\/\/www.meydan.tv\/wp-content\/uploads\/b93a8603-1874-4e49-ba33-2d61319ca54a_cx0_cy13_cw0_w1200_s.jpg","type":"image\/jpeg"}],"author":"user-manager","twitter_card":"summary_large_image","schema":{"@context":"https:\/\/schema.org","@graph":[{"@type":"Article","@id":"https:\/\/www.meydan.tv\/az\/article\/rustem-ibrahimbeyov-kino-sobesinin-adini-deyisdiler-bu-da-oldu-islahat\/#article","isPartOf":{"@id":"https:\/\/www.meydan.tv\/az\/article\/rustem-ibrahimbeyov-kino-sobesinin-adini-deyisdiler-bu-da-oldu-islahat\/"},"author":{"name":"user-manager","@id":"https:\/\/www.meydan.tv\/az\/#\/schema\/person\/10d11eccf6da3662cf5fdab9806ea91a"},"headline":"R\u00fcst\u0259m \u0130brahimb\u0259yov: Kino \u015f\u00f6b\u0259sinin ad\u0131n\u0131 d\u0259yi\u015fdil\u0259r, bu da oldu &#8220;islahat&#8221;","datePublished":"2021-10-15T18:26:49+00:00","mainEntityOfPage":{"@id":"https:\/\/www.meydan.tv\/az\/article\/rustem-ibrahimbeyov-kino-sobesinin-adini-deyisdiler-bu-da-oldu-islahat\/"},"wordCount":1915,"publisher":{"@id":"https:\/\/www.meydan.tv\/az\/#organization"},"image":{"@id":"https:\/\/www.meydan.tv\/az\/article\/rustem-ibrahimbeyov-kino-sobesinin-adini-deyisdiler-bu-da-oldu-islahat\/#primaryimage"},"thumbnailUrl":"https:\/\/www.meydan.tv\/wp-content\/uploads\/b93a8603-1874-4e49-ba33-2d61319ca54a_cx0_cy13_cw0_w1200_s.jpg","articleSection":["M\u0259d\u0259niyy\u0259t"],"inLanguage":"az"},{"@type":"WebPage","@id":"https:\/\/www.meydan.tv\/az\/article\/rustem-ibrahimbeyov-kino-sobesinin-adini-deyisdiler-bu-da-oldu-islahat\/","url":"https:\/\/www.meydan.tv\/az\/article\/rustem-ibrahimbeyov-kino-sobesinin-adini-deyisdiler-bu-da-oldu-islahat\/","name":"R\u00fcst\u0259m \u0130brahimb\u0259yov: Kino \u015f\u00f6b\u0259sinin ad\u0131n\u0131 d\u0259yi\u015fdil\u0259r, bu da oldu \"islahat\" - MEYDAN.TV","isPartOf":{"@id":"https:\/\/www.meydan.tv\/az\/#website"},"primaryImageOfPage":{"@id":"https:\/\/www.meydan.tv\/az\/article\/rustem-ibrahimbeyov-kino-sobesinin-adini-deyisdiler-bu-da-oldu-islahat\/#primaryimage"},"image":{"@id":"https:\/\/www.meydan.tv\/az\/article\/rustem-ibrahimbeyov-kino-sobesinin-adini-deyisdiler-bu-da-oldu-islahat\/#primaryimage"},"thumbnailUrl":"https:\/\/www.meydan.tv\/wp-content\/uploads\/b93a8603-1874-4e49-ba33-2d61319ca54a_cx0_cy13_cw0_w1200_s.jpg","datePublished":"2021-10-15T18:26:49+00:00","breadcrumb":{"@id":"https:\/\/www.meydan.tv\/az\/article\/rustem-ibrahimbeyov-kino-sobesinin-adini-deyisdiler-bu-da-oldu-islahat\/#breadcrumb"},"inLanguage":"az","potentialAction":[{"@type":"ReadAction","target":["https:\/\/www.meydan.tv\/az\/article\/rustem-ibrahimbeyov-kino-sobesinin-adini-deyisdiler-bu-da-oldu-islahat\/"]}]},{"@type":"ImageObject","inLanguage":"az","@id":"https:\/\/www.meydan.tv\/az\/article\/rustem-ibrahimbeyov-kino-sobesinin-adini-deyisdiler-bu-da-oldu-islahat\/#primaryimage","url":"https:\/\/www.meydan.tv\/wp-content\/uploads\/b93a8603-1874-4e49-ba33-2d61319ca54a_cx0_cy13_cw0_w1200_s.jpg","contentUrl":"https:\/\/www.meydan.tv\/wp-content\/uploads\/b93a8603-1874-4e49-ba33-2d61319ca54a_cx0_cy13_cw0_w1200_s.jpg","width":1200,"height":826,"caption":"Foto: Meydan tv"},{"@type":"BreadcrumbList","@id":"https:\/\/www.meydan.tv\/az\/article\/rustem-ibrahimbeyov-kino-sobesinin-adini-deyisdiler-bu-da-oldu-islahat\/#breadcrumb","itemListElement":[{"@type":"ListItem","position":1,"name":"Ana s\u0259hif\u0259","item":"https:\/\/www.meydan.tv\/az\/"},{"@type":"ListItem","position":2,"name":"M\u0259d\u0259niyy\u0259t","item":"https:\/\/www.meydan.tv\/az\/section\/medeniyyet\/"},{"@type":"ListItem","position":3,"name":"R\u00fcst\u0259m \u0130brahimb\u0259yov: Kino \u015f\u00f6b\u0259sinin ad\u0131n\u0131 d\u0259yi\u015fdil\u0259r, bu da oldu &#8220;islahat&#8221;"}]},{"@type":"WebSite","@id":"https:\/\/www.meydan.tv\/az\/#website","url":"https:\/\/www.meydan.tv\/az\/","name":"MEYDAN.TV","description":"Meydan TV Az\u0259rbaycan\u0131n media m\u0259kan\u0131ndak\u0131 alternativ s\u0259sidir","publisher":{"@id":"https:\/\/www.meydan.tv\/az\/#organization"},"potentialAction":[{"@type":"SearchAction","target":{"@type":"EntryPoint","urlTemplate":"https:\/\/www.meydan.tv\/az\/?s={search_term_string}"},"query-input":{"@type":"PropertyValueSpecification","valueRequired":true,"valueName":"search_term_string"}}],"inLanguage":"az"},{"@type":"Organization","@id":"https:\/\/www.meydan.tv\/az\/#organization","name":"Meydan TV","url":"https:\/\/www.meydan.tv\/az\/","logo":{"@type":"ImageObject","inLanguage":"az","@id":"https:\/\/www.meydan.tv\/az\/#\/schema\/logo\/image\/","url":"https:\/\/www.meydan.tv\/wp-content\/uploads\/2021\/07\/meydan-logo.svg","contentUrl":"https:\/\/www.meydan.tv\/wp-content\/uploads\/2021\/07\/meydan-logo.svg","width":195,"height":46,"caption":"Meydan TV"},"image":{"@id":"https:\/\/www.meydan.tv\/az\/#\/schema\/logo\/image\/"}},{"@type":"Person","@id":"https:\/\/www.meydan.tv\/az\/#\/schema\/person\/10d11eccf6da3662cf5fdab9806ea91a","name":"user-manager"}]}},"_links":{"self":[{"href":"https:\/\/www.meydan.tv\/az\/wp-json\/wp\/v2\/posts\/213321","targetHints":{"allow":["GET"]}}],"collection":[{"href":"https:\/\/www.meydan.tv\/az\/wp-json\/wp\/v2\/posts"}],"about":[{"href":"https:\/\/www.meydan.tv\/az\/wp-json\/wp\/v2\/types\/post"}],"author":[{"embeddable":true,"href":"https:\/\/www.meydan.tv\/az\/wp-json\/wp\/v2\/users\/11"}],"replies":[{"embeddable":true,"href":"https:\/\/www.meydan.tv\/az\/wp-json\/wp\/v2\/comments?post=213321"}],"version-history":[{"count":0,"href":"https:\/\/www.meydan.tv\/az\/wp-json\/wp\/v2\/posts\/213321\/revisions"}],"wp:featuredmedia":[{"embeddable":true,"href":"https:\/\/www.meydan.tv\/az\/wp-json\/wp\/v2\/media\/128255"}],"wp:attachment":[{"href":"https:\/\/www.meydan.tv\/az\/wp-json\/wp\/v2\/media?parent=213321"}],"wp:term":[{"taxonomy":"category","embeddable":true,"href":"https:\/\/www.meydan.tv\/az\/wp-json\/wp\/v2\/categories?post=213321"},{"taxonomy":"post_tag","embeddable":true,"href":"https:\/\/www.meydan.tv\/az\/wp-json\/wp\/v2\/tags?post=213321"}],"curies":[{"name":"wp","href":"https:\/\/api.w.org\/{rel}","templated":true}]}}