{"id":213306,"date":"2021-10-14T19:13:55","date_gmt":"2021-10-14T19:13:55","guid":{"rendered":"https:\/\/www.meydan.tv\/article\/aylardir-prokurorluga-nazirliye-yazdigimiz-sikayetlere-baxilmir\/"},"modified":"2021-10-14T19:13:55","modified_gmt":"2021-10-14T19:13:55","slug":"aylardir-prokurorluga-nazirliye-yazdigimiz-sikayetlere-baxilmir","status":"publish","type":"post","link":"https:\/\/www.meydan.tv\/az\/article\/aylardir-prokurorluga-nazirliye-yazdigimiz-sikayetlere-baxilmir\/","title":{"rendered":"\u201cAylard\u0131r prokurorlu\u011fa, nazirliy\u0259 yazd\u0131\u011f\u0131m\u0131z \u015fikay\u0259tl\u0259r\u0259 bax\u0131lm\u0131r\u201d"},"content":{"rendered":"<p>\n  <i><br \/>\n    Aldad\u0131ld\u0131\u011f\u0131n\u0131 dey\u0259n v\u0259t\u0259nda\u015f h\u00fcquq-m\u00fchafiz\u0259 orqanlar\u0131n\u0131n h\u0259r\u0259k\u0259tsizliyind\u0259n naraz\u0131d\u0131r<br \/>\n  <\/i>\n<\/p>\n<p>\n  \u201c\u0130ki aydan \u00e7oxdur ki, d\u0259l\u0259duzlu\u011fa m\u0259ruz qalma\u011f\u0131m\u0131zla ba\u011fl\u0131 h\u00fcquq-m\u00fchafiz\u0259 orqanlar\u0131na m\u00fcraci\u0259t etmi\u015fik. Ancaq \u0259riz\u0259l\u0259rimiz\u0259 he\u00e7 bir reaksiya yoxdur. Halbuki, aldad\u0131lan adam s\u0131radan biri deyil, \u0130kinci Qaraba\u011f M\u00fcharib\u0259sind\u0259n qay\u0131d\u0131b i\u015fsizlikd\u0259n \u0259ziyy\u0259t \u00e7\u0259k\u0259n, \u00f6z\u00fcn\u0259 i\u015f axtaran bir g\u0259ncdir\u201d.\n<\/p>\n<p>\n  G\u0259nc\u0259 sakini Elmar M\u0259d\u0259tov Meydan TV-y\u0259 dan\u0131\u015f\u0131r ki, o\u011flu Eldar M\u0259d\u0259tov Qaraba\u011f d\u00f6y\u00fc\u015f\u00fcnd\u0259n qay\u0131td\u0131qdan sonra \u00f6z\u00fcn\u0259 i\u015f axtarma\u011fa ba\u015flay\u0131b. H\u0259min vaxt Elmar M\u0259d\u0259tovun tan\u0131\u015f\u0131 Cavid H\u0259\u015fimov ona Eldar\u0131 F\u00f6vq\u0259lad\u0259 Hallar Nazirliyin\u0259 i\u015f\u0259 d\u00fcz\u0259ltm\u0259k imkan\u0131nda oldu\u011funu bildirib. El\u0259 h\u0259r \u015fey d\u0259 bundan sonra ba\u015flay\u0131b:\n<\/p>\n<p>\n  \u201cBu ilin aprelind\u0259 Cavid x\u0259b\u0259r tutanda ki, o\u011flum i\u015f axtar\u0131r, dedi ki, F\u00f6vq\u0259lad\u0259 Hallar Nazirliyinin \u0130nsan Resurslar\u0131 \u015e\u00f6b\u0259sind\u0259 dostu i\u015fl\u0259yir, o, o\u011flumu i\u015f\u0259 d\u00fcz\u0259ld\u0259 bil\u0259r. Bir ne\u00e7\u0259 g\u00fcn sonra Cavid dedi, Anar H\u00fcseynov ad-soyadda olan h\u0259min dostuyla dan\u0131\u015f\u0131b, o da bildirib ki, 6 min manat vers\u0259k, Eldar\u0131 h\u0259min qurumda i\u015f\u0259 d\u00fcz\u0259ld\u0259 bil\u0259r. Bu u\u015faq da Qaraba\u011fdan qay\u0131d\u0131b, i\u015fsiz-g\u00fccs\u00fcz qal\u0131b, d\u00fc\u015f\u00fcnd\u00fck ki, anas\u0131n\u0131n q\u0131z\u0131llar\u0131n\u0131 sataq, \u0259limizd\u0259 olan pulu ver\u0259k, onu i\u015f\u0259 d\u00fcz\u0259ld\u0259k. Bel\u0259likl\u0259, o\u011flum Eldar, m\u0259n, Cavid v\u0259 onun Anar kimi t\u0259qdim etdiyi \u015f\u0259xsl\u0259 Bak\u0131da \u2013 Sabun\u00e7u rayonu \u0259razisind\u0259 yerl\u0259\u015f\u0259n \u201cQurd qap\u0131s\u0131\u201d restoran\u0131nda g\u00f6r\u00fc\u015fd\u00fck. Orada m\u0259n o\u011flumun v\u0259 Cavidin i\u015ftirak\u0131yla 6 min manat pul v\u0259 o\u011fluma aid s\u0259n\u0259dl\u0259ri Anar kimi t\u0259qdim olunan \u015f\u0259xs\u0259 verdim. O, m\u0259n\u0259 m\u0259s\u0259l\u0259nin 10-15 g\u00fcn \u0259rzind\u0259 h\u0259ll olunaca\u011f\u0131n\u0131 bildirdi. Anar kimi tan\u0131\u015f oldu\u011fum \u015f\u0259xs Cavidl\u0259 birlikd\u0259 \u00e7\u00f6l\u0259 \u00e7\u0131xanda o\u011flum p\u0259nc\u0259r\u0259d\u0259n g\u00f6rd\u00fc ki, onlar pulu aralar\u0131nda b\u00f6l\u00fc\u015fd\u00fcr\u00fcrl\u0259r. Ancaq he\u00e7 a\u011fl\u0131m\u0131z\u0131n ucundan da ke\u00e7m\u0259di ki, biz\u0259 qar\u015f\u0131 d\u0259l\u0259duzluq prosesi gedir\u201d.\n<\/p>\n<p>\n  Elmar M\u0259d\u0259tov deyir, may\u0131n 11-d\u0259 Anar ad\u0131yla tan\u0131d\u0131\u011f\u0131 h\u0259min \u015f\u0259xs ona \u201cWhatsapp\u201d \u00fcz\u0259rind\u0259n s\u0259sli ismar\u0131c g\u00f6nd\u0259r\u0259r\u0259k i\u015fin tezl\u0259\u015fdirilm\u0259si \u00fc\u00e7\u00fcn \u0259lav\u0259 1000 manat t\u0259l\u0259b olundu\u011funu bildirib v\u0259 pulu Cavidin bank kart\u0131na k\u00f6\u00e7\u00fcrm\u0259sini xahi\u015f edib. Elmar M\u0259d\u0259tov 1000 manat\u0131 Cavid H\u0259\u015fimovun bank kart\u0131na k\u00f6\u00e7\u00fcr\u00fcb. May\u0131n 27-d\u0259 h\u0259min \u015f\u0259xs Elmar M\u0259d\u0259tovdan yen\u0259 d\u0259 pul ist\u0259yib:\n<\/p>\n<p>\n  \u201cBu d\u0259f\u0259 d\u0259 dedi ki, Eldar\u0131n b\u0259d\u0259nind\u0259 m\u00fcharib\u0259nin iz buraxd\u0131\u011f\u0131 c\u0131z\u0131qlar var, ona g\u00f6r\u0259 d\u0259 h\u0259kim m\u00fcayin\u0259sind\u0259n ke\u00e7m\u0259si m\u0259sl\u0259h\u0259t deyil, buna g\u00f6r\u0259 is\u0259 1000 manat da verilm\u0259lidir. M\u0259n 1000 manat\u0131 v\u0259 o\u011flumun kimliyini taksiyl\u0259 Bak\u0131ya yola sald\u0131m, orada Anar qar\u015f\u0131lay\u0131b g\u00f6t\u00fcrd\u00fc\u201d.\n<\/p>\n<figure class=\"wp-block-image size-large\">\n  <img decoding=\"async\" src=\"https:\/\/www.meydan.tv\/az\/photo-2021-10-14-17-58-28-jpg\/\" alt=\"photo-2021-10-14-17-58-28.jpg\" class=\"wp-image-211143\"\/><figcaption>\n    Sabun\u00e7u  Rayon Prokurorlu\u011funun cavab\u0131<br \/>\n  <\/figcaption><\/figure>\n<p>\n  Elmar M\u0259d\u0259tovun s\u00f6zl\u0259rin\u0259 g\u00f6r\u0259, q\u0131sa m\u00fcdd\u0259td\u0259n sonra o, yen\u0259 d\u0259 Bak\u0131xanov q\u0259s\u0259b\u0259sind\u0259ki restoranlardan birind\u0259 g\u00f6r\u00fc\u015f\u0259r\u0259k Anar kimi tan\u0131d\u0131\u011f\u0131 \u015f\u0259xs\u0259 1500 manat verib. El\u0259 h\u0259min vaxt da m\u0259s\u0259l\u0259d\u0259n \u015f\u00fcbh\u0259l\u0259nib. Anar ad\u0131yla tan\u0131d\u0131\u011f\u0131 \u015f\u0259xsi ara\u015fd\u0131randa m\u0259lum olub ki, o, \u015e\u0259ki sakini Ruslan R\u0259himovdur, F\u00f6vq\u0259lad\u0259 Hallar Nazirliyi il\u0259 he\u00e7 bir \u0259laq\u0259si yoxdur:\n<\/p>\n<p>\n  \u201c\u0130yunun 7-d\u0259 ona z\u0259ng edib bu bar\u0259d\u0259 dey\u0259nd\u0259 and i\u00e7di ki, q\u0131sa m\u00fcdd\u0259td\u0259 b\u00fct\u00fcn pullar\u0131 biz\u0259 qaytaracaq. T\u0259sir ed\u0259n odur ki, m\u0259nim g\u0259nc o\u011flum bel\u0259 adamlar\u0131n h\u0259yatda qalmas\u0131 \u00fc\u00e7\u00fcn \u00f6z\u00fcn\u00fc m\u00fcharib\u0259nin i\u00e7in\u0259 atm\u0131\u015fd\u0131, o, sa\u011flaml\u0131\u011f\u0131n\u0131 da itir\u0259 bil\u0259rdi, h\u0259yat\u0131n\u0131 da&#8230; Odun-alovun i\u00e7\u0259risind\u0259n qay\u0131dan bir g\u0259ncin i\u015fsiz durumundan istifad\u0259 edib ona qar\u015f\u0131 bel\u0259 h\u0259r\u0259k\u0259t\u0259 \u0259l atmaq vicdandan deyildi\u201d.\n<\/p>\n<p>\n  Elmar M\u0259d\u0259tov hesab edir ki, qar\u015f\u0131 t\u0259r\u0259fin himay\u0259\u00e7il\u0259ri oldu\u011funa g\u00f6r\u0259 onun \u0259riz\u0259si ara\u015fd\u0131r\u0131lm\u0131r:\n<\/p>\n<p>\n  \u201cBu da m\u0259n\u0259 t\u0259sir ed\u0259n ikinci m\u0259s\u0259l\u0259dir. Ba\u015f\u0131m\u0131za g\u0259l\u0259nl\u0259rl\u0259 ba\u011fl\u0131 iki aydan \u00e7oxdur ki, \u00f6lk\u0259nin Ba\u015f Prokurorlu\u011funa, Daxili \u0130\u015fl\u0259r Nazirliyin\u0259 m\u00fcraci\u0259t etmi\u015f\u0259m, ancaq h\u0259l\u0259 d\u0259 biri \u00e7a\u011f\u0131r\u0131b soru\u015fmur ki, n\u0259 ba\u015f verib? V\u0259 bu yax\u0131nlarda ara\u015fd\u0131rm\u0131\u015fam ki, bu adamlar m\u0259n\u0259 q\u0259d\u0259r, m\u0259nd\u0259n sonra ne\u00e7\u0259-ne\u00e7\u0259 insan\u0131n etibar\u0131ndan sui-istifad\u0259 ed\u0259r\u0259k pullar\u0131n\u0131 \u0259l\u0259 ke\u00e7iribl\u0259r. Sad\u0259c\u0259 olaraq \u201cBandotdel\u201dd\u0259 (Ba\u015f M\u00fct\u0259\u015f\u0259kkil Cinay\u0259tkarl\u0131\u011fa Qar\u015f\u0131 M\u00fcbariz\u0259 \u0130dar\u0259si) onlar\u0131 himay\u0259 ed\u0259n var dey\u0259, polis\u0259 yaz\u0131lan \u0259riz\u0259l\u0259r\u0259 bax\u0131lm\u0131r. M\u0259n \u0259vv\u0259l bunun sad\u0259c\u0259 s\u00f6z oldu\u011funu d\u00fc\u015f\u00fcn\u00fcrd\u00fcm, ancaq vaxt ke\u00e7dikc\u0259 g\u00f6r\u00fcr\u0259m ki, dey\u0259s\u0259n do\u011furdan da bel\u0259dir. Yoxsa polis v\u0259t\u0259nda\u015f\u0131n \u0259riz\u0259sini niy\u0259 ara\u015fd\u0131rmas\u0131n? K\u00fc\u00e7\u0259d\u0259 biri m\u00f6hk\u0259m s\u0259sl\u0259 dan\u0131\u015fanda tutub apar\u0131rlar ki, asayi\u015fi pozmusan. Cavid adl\u0131 \u015f\u0259xs adamlar\u0131n etibar\u0131ndan sui-istifad\u0259 edib pullar\u0131n\u0131 \u0259l\u0259 ke\u00e7irir, v\u0259t\u0259nda\u015f \u015fikay\u0259t\u0259 gedir, ancaq polis bu boyda cinay\u0259t\u0259 reaksiya vermir\u201d.\n<\/p>\n<p>\n  Sabun\u00e7u Rayon Polis \u0130dar\u0259sinin 13-c\u00fc polis b\u00f6lm\u0259sind\u0259n Meydan TV-y\u0259 bildirilib ki, Sabun\u00e7u Rayon Prokurorlu\u011fu bu il sentyabr\u0131n sonunda Elmar M\u0259d\u0259tovun \u0259riz\u0259sini ara\u015fd\u0131r\u0131lmas\u0131 \u00fc\u00e7\u00fcn bu b\u00f6lm\u0259y\u0259 g\u00f6nd\u0259rib. \u018friz\u0259 ara\u015fd\u0131r\u0131l\u0131r v\u0259 bu bar\u0259d\u0259 \u0259riz\u0259\u00e7iy\u0259 m\u0259lumat veril\u0259c\u0259k.\n<\/p>\n<p>\n  Elmar M\u0259d\u0259tov Ba\u015f prokurora, daxili i\u015fl\u0259r nazirin\u0259, Sabun\u00e7u Rayon Polis \u0130dar\u0259sinin r\u0259isin\u0259 \u0259riz\u0259l\u0259r g\u00f6nd\u0259rib.\n<\/p>\n<figure class=\"wp-block-image size-large\">\n  <img decoding=\"async\" src=\"https:\/\/www.meydan.tv\/az\/photo-2021-10-14-17-58-29-jpg\/\" alt=\"photo-2021-10-14-17-58-29.jpg\" class=\"wp-image-211146\"\/><figcaption>\n    Ba\u015f Prokuror Kamran \u018fliyev\u0259, Daxili i\u015fl\u0259r naziri Vilay\u0259t Eyvazova m\u00fcraci\u0259t<br \/>\n  <\/figcaption><\/figure>\n","protected":false},"excerpt":{"rendered":"<p>Elmar M\u0259d\u0259tov hesab edir ki, qar\u015f\u0131 t\u0259r\u0259fin himay\u0259\u00e7il\u0259ri oldu\u011funa g\u00f6r\u0259 onun \u0259riz\u0259si ara\u015fd\u0131r\u0131lm\u0131r<\/p>\n","protected":false},"author":11,"featured_media":106211,"comment_status":"closed","ping_status":"open","sticky":false,"template":"","format":"standard","meta":{"_acf_changed":false,"_sitemap_exclude":false,"_sitemap_priority":"","_sitemap_frequency":"","footnotes":""},"categories":[60],"tags":[],"class_list":["post-213306","post","type-post","status-publish","format-standard","has-post-thumbnail","hentry","category-bolge","infinite-scroll-item","generate-columns","tablet-grid-50","mobile-grid-100","grid-parent","grid-33","no-featured-image-padding"],"acf":[],"yoast_head":"<!-- This site is optimized with the Yoast SEO plugin v27.5 - https:\/\/yoast.com\/product\/yoast-seo-wordpress\/ -->\n<title>\u201cAylard\u0131r prokurorlu\u011fa, nazirliy\u0259 yazd\u0131\u011f\u0131m\u0131z \u015fikay\u0259tl\u0259r\u0259 bax\u0131lm\u0131r\u201d - MEYDAN.TV<\/title>\n<meta name=\"robots\" content=\"index, follow, max-snippet:-1, max-image-preview:large, max-video-preview:-1\" \/>\n<link rel=\"canonical\" href=\"https:\/\/www.meydan.tv\/az\/article\/aylardir-prokurorluga-nazirliye-yazdigimiz-sikayetlere-baxilmir\/\" \/>\n<meta property=\"og:locale\" content=\"az_AZ\" \/>\n<meta property=\"og:type\" content=\"article\" \/>\n<meta property=\"og:title\" content=\"\u201cAylard\u0131r prokurorlu\u011fa, nazirliy\u0259 yazd\u0131\u011f\u0131m\u0131z \u015fikay\u0259tl\u0259r\u0259 bax\u0131lm\u0131r\u201d - MEYDAN.TV\" \/>\n<meta property=\"og:description\" content=\"Elmar M\u0259d\u0259tov hesab edir ki, qar\u015f\u0131 t\u0259r\u0259fin himay\u0259\u00e7il\u0259ri oldu\u011funa g\u00f6r\u0259 onun \u0259riz\u0259si ara\u015fd\u0131r\u0131lm\u0131r\" \/>\n<meta property=\"og:url\" content=\"https:\/\/www.meydan.tv\/az\/article\/aylardir-prokurorluga-nazirliye-yazdigimiz-sikayetlere-baxilmir\/\" \/>\n<meta property=\"og:site_name\" content=\"MEYDAN.TV\" \/>\n<meta property=\"article:published_time\" content=\"2021-10-14T19:13:55+00:00\" \/>\n<meta property=\"og:image\" content=\"https:\/\/www.meydan.tv\/wp-content\/uploads\/42198.jpg\" \/>\n\t<meta property=\"og:image:width\" content=\"1000\" \/>\n\t<meta property=\"og:image:height\" content=\"542\" \/>\n\t<meta property=\"og:image:type\" content=\"image\/jpeg\" \/>\n<meta name=\"author\" content=\"user-manager\" \/>\n<meta name=\"twitter:card\" content=\"summary_large_image\" \/>\n<script type=\"application\/ld+json\" class=\"yoast-schema-graph\">{\"@context\":\"https:\\\/\\\/schema.org\",\"@graph\":[{\"@type\":\"Article\",\"@id\":\"https:\\\/\\\/www.meydan.tv\\\/az\\\/article\\\/aylardir-prokurorluga-nazirliye-yazdigimiz-sikayetlere-baxilmir\\\/#article\",\"isPartOf\":{\"@id\":\"https:\\\/\\\/www.meydan.tv\\\/az\\\/article\\\/aylardir-prokurorluga-nazirliye-yazdigimiz-sikayetlere-baxilmir\\\/\"},\"author\":{\"name\":\"user-manager\",\"@id\":\"https:\\\/\\\/www.meydan.tv\\\/az\\\/#\\\/schema\\\/person\\\/10d11eccf6da3662cf5fdab9806ea91a\"},\"headline\":\"\u201cAylard\u0131r prokurorlu\u011fa, nazirliy\u0259 yazd\u0131\u011f\u0131m\u0131z \u015fikay\u0259tl\u0259r\u0259 bax\u0131lm\u0131r\u201d\",\"datePublished\":\"2021-10-14T19:13:55+00:00\",\"mainEntityOfPage\":{\"@id\":\"https:\\\/\\\/www.meydan.tv\\\/az\\\/article\\\/aylardir-prokurorluga-nazirliye-yazdigimiz-sikayetlere-baxilmir\\\/\"},\"wordCount\":1080,\"publisher\":{\"@id\":\"https:\\\/\\\/www.meydan.tv\\\/az\\\/#organization\"},\"image\":{\"@id\":\"https:\\\/\\\/www.meydan.tv\\\/az\\\/article\\\/aylardir-prokurorluga-nazirliye-yazdigimiz-sikayetlere-baxilmir\\\/#primaryimage\"},\"thumbnailUrl\":\"https:\\\/\\\/www.meydan.tv\\\/wp-content\\\/uploads\\\/42198.jpg\",\"articleSection\":[\"B\u00f6lg\u0259\"],\"inLanguage\":\"az\"},{\"@type\":\"WebPage\",\"@id\":\"https:\\\/\\\/www.meydan.tv\\\/az\\\/article\\\/aylardir-prokurorluga-nazirliye-yazdigimiz-sikayetlere-baxilmir\\\/\",\"url\":\"https:\\\/\\\/www.meydan.tv\\\/az\\\/article\\\/aylardir-prokurorluga-nazirliye-yazdigimiz-sikayetlere-baxilmir\\\/\",\"name\":\"\u201cAylard\u0131r prokurorlu\u011fa, nazirliy\u0259 yazd\u0131\u011f\u0131m\u0131z \u015fikay\u0259tl\u0259r\u0259 bax\u0131lm\u0131r\u201d - MEYDAN.TV\",\"isPartOf\":{\"@id\":\"https:\\\/\\\/www.meydan.tv\\\/az\\\/#website\"},\"primaryImageOfPage\":{\"@id\":\"https:\\\/\\\/www.meydan.tv\\\/az\\\/article\\\/aylardir-prokurorluga-nazirliye-yazdigimiz-sikayetlere-baxilmir\\\/#primaryimage\"},\"image\":{\"@id\":\"https:\\\/\\\/www.meydan.tv\\\/az\\\/article\\\/aylardir-prokurorluga-nazirliye-yazdigimiz-sikayetlere-baxilmir\\\/#primaryimage\"},\"thumbnailUrl\":\"https:\\\/\\\/www.meydan.tv\\\/wp-content\\\/uploads\\\/42198.jpg\",\"datePublished\":\"2021-10-14T19:13:55+00:00\",\"breadcrumb\":{\"@id\":\"https:\\\/\\\/www.meydan.tv\\\/az\\\/article\\\/aylardir-prokurorluga-nazirliye-yazdigimiz-sikayetlere-baxilmir\\\/#breadcrumb\"},\"inLanguage\":\"az\",\"potentialAction\":[{\"@type\":\"ReadAction\",\"target\":[\"https:\\\/\\\/www.meydan.tv\\\/az\\\/article\\\/aylardir-prokurorluga-nazirliye-yazdigimiz-sikayetlere-baxilmir\\\/\"]}]},{\"@type\":\"ImageObject\",\"inLanguage\":\"az\",\"@id\":\"https:\\\/\\\/www.meydan.tv\\\/az\\\/article\\\/aylardir-prokurorluga-nazirliye-yazdigimiz-sikayetlere-baxilmir\\\/#primaryimage\",\"url\":\"https:\\\/\\\/www.meydan.tv\\\/wp-content\\\/uploads\\\/42198.jpg\",\"contentUrl\":\"https:\\\/\\\/www.meydan.tv\\\/wp-content\\\/uploads\\\/42198.jpg\",\"width\":1000,\"height\":542,\"caption\":\"Foto-kollaj: Meydan TV\"},{\"@type\":\"BreadcrumbList\",\"@id\":\"https:\\\/\\\/www.meydan.tv\\\/az\\\/article\\\/aylardir-prokurorluga-nazirliye-yazdigimiz-sikayetlere-baxilmir\\\/#breadcrumb\",\"itemListElement\":[{\"@type\":\"ListItem\",\"position\":1,\"name\":\"Ana s\u0259hif\u0259\",\"item\":\"https:\\\/\\\/www.meydan.tv\\\/az\\\/\"},{\"@type\":\"ListItem\",\"position\":2,\"name\":\"B\u00f6lg\u0259\",\"item\":\"https:\\\/\\\/www.meydan.tv\\\/az\\\/section\\\/bolge\\\/\"},{\"@type\":\"ListItem\",\"position\":3,\"name\":\"\u201cAylard\u0131r prokurorlu\u011fa, nazirliy\u0259 yazd\u0131\u011f\u0131m\u0131z \u015fikay\u0259tl\u0259r\u0259 bax\u0131lm\u0131r\u201d\"}]},{\"@type\":\"WebSite\",\"@id\":\"https:\\\/\\\/www.meydan.tv\\\/az\\\/#website\",\"url\":\"https:\\\/\\\/www.meydan.tv\\\/az\\\/\",\"name\":\"MEYDAN.TV\",\"description\":\"Meydan TV Az\u0259rbaycan\u0131n media m\u0259kan\u0131ndak\u0131 alternativ s\u0259sidir\",\"publisher\":{\"@id\":\"https:\\\/\\\/www.meydan.tv\\\/az\\\/#organization\"},\"potentialAction\":[{\"@type\":\"SearchAction\",\"target\":{\"@type\":\"EntryPoint\",\"urlTemplate\":\"https:\\\/\\\/www.meydan.tv\\\/az\\\/?s={search_term_string}\"},\"query-input\":{\"@type\":\"PropertyValueSpecification\",\"valueRequired\":true,\"valueName\":\"search_term_string\"}}],\"inLanguage\":\"az\"},{\"@type\":\"Organization\",\"@id\":\"https:\\\/\\\/www.meydan.tv\\\/az\\\/#organization\",\"name\":\"Meydan TV\",\"url\":\"https:\\\/\\\/www.meydan.tv\\\/az\\\/\",\"logo\":{\"@type\":\"ImageObject\",\"inLanguage\":\"az\",\"@id\":\"https:\\\/\\\/www.meydan.tv\\\/az\\\/#\\\/schema\\\/logo\\\/image\\\/\",\"url\":\"https:\\\/\\\/www.meydan.tv\\\/wp-content\\\/uploads\\\/2021\\\/07\\\/meydan-logo.svg\",\"contentUrl\":\"https:\\\/\\\/www.meydan.tv\\\/wp-content\\\/uploads\\\/2021\\\/07\\\/meydan-logo.svg\",\"width\":195,\"height\":46,\"caption\":\"Meydan TV\"},\"image\":{\"@id\":\"https:\\\/\\\/www.meydan.tv\\\/az\\\/#\\\/schema\\\/logo\\\/image\\\/\"}},{\"@type\":\"Person\",\"@id\":\"https:\\\/\\\/www.meydan.tv\\\/az\\\/#\\\/schema\\\/person\\\/10d11eccf6da3662cf5fdab9806ea91a\",\"name\":\"user-manager\"}]}<\/script>\n<!-- \/ Yoast SEO plugin. -->","yoast_head_json":{"title":"\u201cAylard\u0131r prokurorlu\u011fa, nazirliy\u0259 yazd\u0131\u011f\u0131m\u0131z \u015fikay\u0259tl\u0259r\u0259 bax\u0131lm\u0131r\u201d - MEYDAN.TV","robots":{"index":"index","follow":"follow","max-snippet":"max-snippet:-1","max-image-preview":"max-image-preview:large","max-video-preview":"max-video-preview:-1"},"canonical":"https:\/\/www.meydan.tv\/az\/article\/aylardir-prokurorluga-nazirliye-yazdigimiz-sikayetlere-baxilmir\/","og_locale":"az_AZ","og_type":"article","og_title":"\u201cAylard\u0131r prokurorlu\u011fa, nazirliy\u0259 yazd\u0131\u011f\u0131m\u0131z \u015fikay\u0259tl\u0259r\u0259 bax\u0131lm\u0131r\u201d - MEYDAN.TV","og_description":"Elmar M\u0259d\u0259tov hesab edir ki, qar\u015f\u0131 t\u0259r\u0259fin himay\u0259\u00e7il\u0259ri oldu\u011funa g\u00f6r\u0259 onun \u0259riz\u0259si ara\u015fd\u0131r\u0131lm\u0131r","og_url":"https:\/\/www.meydan.tv\/az\/article\/aylardir-prokurorluga-nazirliye-yazdigimiz-sikayetlere-baxilmir\/","og_site_name":"MEYDAN.TV","article_published_time":"2021-10-14T19:13:55+00:00","og_image":[{"width":1000,"height":542,"url":"https:\/\/www.meydan.tv\/wp-content\/uploads\/42198.jpg","type":"image\/jpeg"}],"author":"user-manager","twitter_card":"summary_large_image","schema":{"@context":"https:\/\/schema.org","@graph":[{"@type":"Article","@id":"https:\/\/www.meydan.tv\/az\/article\/aylardir-prokurorluga-nazirliye-yazdigimiz-sikayetlere-baxilmir\/#article","isPartOf":{"@id":"https:\/\/www.meydan.tv\/az\/article\/aylardir-prokurorluga-nazirliye-yazdigimiz-sikayetlere-baxilmir\/"},"author":{"name":"user-manager","@id":"https:\/\/www.meydan.tv\/az\/#\/schema\/person\/10d11eccf6da3662cf5fdab9806ea91a"},"headline":"\u201cAylard\u0131r prokurorlu\u011fa, nazirliy\u0259 yazd\u0131\u011f\u0131m\u0131z \u015fikay\u0259tl\u0259r\u0259 bax\u0131lm\u0131r\u201d","datePublished":"2021-10-14T19:13:55+00:00","mainEntityOfPage":{"@id":"https:\/\/www.meydan.tv\/az\/article\/aylardir-prokurorluga-nazirliye-yazdigimiz-sikayetlere-baxilmir\/"},"wordCount":1080,"publisher":{"@id":"https:\/\/www.meydan.tv\/az\/#organization"},"image":{"@id":"https:\/\/www.meydan.tv\/az\/article\/aylardir-prokurorluga-nazirliye-yazdigimiz-sikayetlere-baxilmir\/#primaryimage"},"thumbnailUrl":"https:\/\/www.meydan.tv\/wp-content\/uploads\/42198.jpg","articleSection":["B\u00f6lg\u0259"],"inLanguage":"az"},{"@type":"WebPage","@id":"https:\/\/www.meydan.tv\/az\/article\/aylardir-prokurorluga-nazirliye-yazdigimiz-sikayetlere-baxilmir\/","url":"https:\/\/www.meydan.tv\/az\/article\/aylardir-prokurorluga-nazirliye-yazdigimiz-sikayetlere-baxilmir\/","name":"\u201cAylard\u0131r prokurorlu\u011fa, nazirliy\u0259 yazd\u0131\u011f\u0131m\u0131z \u015fikay\u0259tl\u0259r\u0259 bax\u0131lm\u0131r\u201d - MEYDAN.TV","isPartOf":{"@id":"https:\/\/www.meydan.tv\/az\/#website"},"primaryImageOfPage":{"@id":"https:\/\/www.meydan.tv\/az\/article\/aylardir-prokurorluga-nazirliye-yazdigimiz-sikayetlere-baxilmir\/#primaryimage"},"image":{"@id":"https:\/\/www.meydan.tv\/az\/article\/aylardir-prokurorluga-nazirliye-yazdigimiz-sikayetlere-baxilmir\/#primaryimage"},"thumbnailUrl":"https:\/\/www.meydan.tv\/wp-content\/uploads\/42198.jpg","datePublished":"2021-10-14T19:13:55+00:00","breadcrumb":{"@id":"https:\/\/www.meydan.tv\/az\/article\/aylardir-prokurorluga-nazirliye-yazdigimiz-sikayetlere-baxilmir\/#breadcrumb"},"inLanguage":"az","potentialAction":[{"@type":"ReadAction","target":["https:\/\/www.meydan.tv\/az\/article\/aylardir-prokurorluga-nazirliye-yazdigimiz-sikayetlere-baxilmir\/"]}]},{"@type":"ImageObject","inLanguage":"az","@id":"https:\/\/www.meydan.tv\/az\/article\/aylardir-prokurorluga-nazirliye-yazdigimiz-sikayetlere-baxilmir\/#primaryimage","url":"https:\/\/www.meydan.tv\/wp-content\/uploads\/42198.jpg","contentUrl":"https:\/\/www.meydan.tv\/wp-content\/uploads\/42198.jpg","width":1000,"height":542,"caption":"Foto-kollaj: Meydan TV"},{"@type":"BreadcrumbList","@id":"https:\/\/www.meydan.tv\/az\/article\/aylardir-prokurorluga-nazirliye-yazdigimiz-sikayetlere-baxilmir\/#breadcrumb","itemListElement":[{"@type":"ListItem","position":1,"name":"Ana s\u0259hif\u0259","item":"https:\/\/www.meydan.tv\/az\/"},{"@type":"ListItem","position":2,"name":"B\u00f6lg\u0259","item":"https:\/\/www.meydan.tv\/az\/section\/bolge\/"},{"@type":"ListItem","position":3,"name":"\u201cAylard\u0131r prokurorlu\u011fa, nazirliy\u0259 yazd\u0131\u011f\u0131m\u0131z \u015fikay\u0259tl\u0259r\u0259 bax\u0131lm\u0131r\u201d"}]},{"@type":"WebSite","@id":"https:\/\/www.meydan.tv\/az\/#website","url":"https:\/\/www.meydan.tv\/az\/","name":"MEYDAN.TV","description":"Meydan TV Az\u0259rbaycan\u0131n media m\u0259kan\u0131ndak\u0131 alternativ s\u0259sidir","publisher":{"@id":"https:\/\/www.meydan.tv\/az\/#organization"},"potentialAction":[{"@type":"SearchAction","target":{"@type":"EntryPoint","urlTemplate":"https:\/\/www.meydan.tv\/az\/?s={search_term_string}"},"query-input":{"@type":"PropertyValueSpecification","valueRequired":true,"valueName":"search_term_string"}}],"inLanguage":"az"},{"@type":"Organization","@id":"https:\/\/www.meydan.tv\/az\/#organization","name":"Meydan TV","url":"https:\/\/www.meydan.tv\/az\/","logo":{"@type":"ImageObject","inLanguage":"az","@id":"https:\/\/www.meydan.tv\/az\/#\/schema\/logo\/image\/","url":"https:\/\/www.meydan.tv\/wp-content\/uploads\/2021\/07\/meydan-logo.svg","contentUrl":"https:\/\/www.meydan.tv\/wp-content\/uploads\/2021\/07\/meydan-logo.svg","width":195,"height":46,"caption":"Meydan TV"},"image":{"@id":"https:\/\/www.meydan.tv\/az\/#\/schema\/logo\/image\/"}},{"@type":"Person","@id":"https:\/\/www.meydan.tv\/az\/#\/schema\/person\/10d11eccf6da3662cf5fdab9806ea91a","name":"user-manager"}]}},"_links":{"self":[{"href":"https:\/\/www.meydan.tv\/az\/wp-json\/wp\/v2\/posts\/213306","targetHints":{"allow":["GET"]}}],"collection":[{"href":"https:\/\/www.meydan.tv\/az\/wp-json\/wp\/v2\/posts"}],"about":[{"href":"https:\/\/www.meydan.tv\/az\/wp-json\/wp\/v2\/types\/post"}],"author":[{"embeddable":true,"href":"https:\/\/www.meydan.tv\/az\/wp-json\/wp\/v2\/users\/11"}],"replies":[{"embeddable":true,"href":"https:\/\/www.meydan.tv\/az\/wp-json\/wp\/v2\/comments?post=213306"}],"version-history":[{"count":0,"href":"https:\/\/www.meydan.tv\/az\/wp-json\/wp\/v2\/posts\/213306\/revisions"}],"wp:featuredmedia":[{"embeddable":true,"href":"https:\/\/www.meydan.tv\/az\/wp-json\/wp\/v2\/media\/106211"}],"wp:attachment":[{"href":"https:\/\/www.meydan.tv\/az\/wp-json\/wp\/v2\/media?parent=213306"}],"wp:term":[{"taxonomy":"category","embeddable":true,"href":"https:\/\/www.meydan.tv\/az\/wp-json\/wp\/v2\/categories?post=213306"},{"taxonomy":"post_tag","embeddable":true,"href":"https:\/\/www.meydan.tv\/az\/wp-json\/wp\/v2\/tags?post=213306"}],"curies":[{"name":"wp","href":"https:\/\/api.w.org\/{rel}","templated":true}]}}