{"id":213290,"date":"2021-10-14T13:18:32","date_gmt":"2021-10-14T13:18:32","guid":{"rendered":"https:\/\/www.meydan.tv\/article\/goycay-sakini-sehid-anasiyam-evim-yanib-collerde-qalmisam\/"},"modified":"2021-11-04T16:43:22","modified_gmt":"2021-11-04T12:43:22","slug":"goycay-sakini-sehid-anasiyam-evim-yanib-collerde-qalmisam","status":"publish","type":"post","link":"https:\/\/www.meydan.tv\/az\/article\/goycay-sakini-sehid-anasiyam-evim-yanib-collerde-qalmisam\/","title":{"rendered":"G\u00f6y\u00e7ay sakini: \u015e\u0259hid anas\u0131yam, evim yan\u0131b, \u00e7\u00f6ll\u0259rd\u0259 qalm\u0131\u015fam"},"content":{"rendered":"<p><i><br \/>\u201c\u0130cra ba\u015f\u00e7\u0131s\u0131 Mehdi S\u0259limzad\u0259 \u201cget n\u00f6vb\u0259ni g\u00f6zl\u0259\u201d dey\u0259r\u0259k m\u0259ni ba\u015f\u0131ndan edir\u201d<br \/><\/i><\/p>\n<p>\u201cBu il may\u0131n 30-da elektrik q\u0131saqapanmas\u0131ndan evimiz al\u0131\u015fd\u0131, i\u00e7ind\u0259ki \u0259\u015fyalar\u0131 il\u0259 birlikd\u0259 tamamil\u0259 yan\u0131b k\u00fcl\u0259 d\u00f6nd\u00fc. O g\u00fcnd\u0259n qap\u0131larda qalm\u0131\u015fam\u201d.<\/p>\n<p>Bu s\u00f6zl\u0259ri G\u00f6y\u00e7ay rayonunun \u0130n\u00e7\u0259 k\u0259nd sakini Solmaz Heyd\u0259r q\u0131z\u0131 Abdulxal\u0131qova deyir. O, \u015f\u0259hid anas\u0131 statusunu da\u015f\u0131y\u0131r. O\u011flu Teymur Cay\u0259ddin o\u011flu Abdulxal\u0131qov 7 yanvar 1994-c\u00fc ild\u0259 Qaraba\u011f\u0131n azadl\u0131\u011f\u0131 u\u011frunda ged\u0259n d\u00f6y\u00fc\u015fl\u0259rd\u0259 h\u0259lak olub.<\/p>\n<p>\u0130ndi evsiz qalan ana uzun ill\u0259rdir m\u0259nzil n\u00f6vb\u0259sind\u0259 oldu\u011funu s\u00f6yl\u0259yir:<\/p>\n<p>\u201cAtalar yax\u015f\u0131 deyib: \u201cEl-el\u0259 s\u0131\u011far, ev ev\u0259 s\u0131\u011fmaz\u201d. He\u00e7 bir yerd\u0259n k\u00f6m\u0259yim olmasa da, bir \u00fcm\u00fcd\u00fcm odur ki, d\u00f6vl\u0259timiz \u015f\u0259hid ail\u0259l\u0259rin\u0259 pulsuz m\u0259nzil verir v\u0259 ya in\u015fa edir. M\u0259n uzun ill\u0259r \u0259vv\u0259l h\u0259min m\u0259nzil \u00fc\u00e7\u00fcn qeydiyyata al\u0131nm\u0131\u015fam. Ancaq h\u0259l\u0259 d\u0259 n\u00f6vb\u0259min \u00e7atmamas\u0131n\u0131 \u0259sas g\u0259tirib m\u0259n\u0259 m\u0259nzil verm\u0259yibl\u0259r. Evimizin yanmas\u0131n\u0131 v\u0259 \u00e7\u00f6ll\u0259rd\u0259 qalma\u011f\u0131m\u0131z\u0131 n\u0259z\u0259r\u0259 al\u0131b m\u0259n\u0259 n\u00f6vb\u0259d\u0259nk\u0259nar yeni m\u0259nzilin verilm\u0259si v\u0259 ya in\u015fa edilm\u0259si \u00fc\u00e7\u00fcn d\u0259f\u0259l\u0259rl\u0259 G\u00f6y\u00e7ay Rayon \u0130cra Hakimiyy\u0259tinin ba\u015f\u00e7\u0131s\u0131 Mehdi S\u0259limzad\u0259nin q\u0259bulunda olmu\u015fam. H\u0259r d\u0259f\u0259 d\u0259 \u201cget n\u00f6vb\u0259ni g\u00f6zl\u0259\u201d dey\u0259r\u0259k m\u0259ni ba\u015f\u0131ndan edib. Vicdan\u0131 olan h\u0259r k\u0259s ba\u015fa d\u00fc\u015f\u0259r ki, \u00e7\u00f6ll\u0259rd\u0259 qalm\u0131\u015fam. Bunu ba\u015fa d\u00fc\u015f\u00fcb, n\u0259z\u0259r\u0259 almaq laz\u0131md\u0131r, ancaq Mehdi S\u0259limzad\u0259 bunu ba\u015fa d\u00fc\u015fm\u00fcr\u201d.<\/p>\n<p>\u201cM\u0259nim o\u011flum Birinci Qaraba\u011f m\u00fcharib\u0259sind\u0259 i\u015ftirak edib, q\u0259hr\u0259mancas\u0131na vuru\u015fub, torpa\u011f\u0131, mill\u0259ti qoruyub. 80 ya\u015f\u0131m var, uzun ill\u0259r di\u015fiml\u0259, d\u0131rna\u011f\u0131mla qazand\u0131\u011f\u0131m, z\u0259hm\u0259t \u00e7\u0259kib tikdiyim evimin yanmas\u0131 h\u0259yat\u0131m\u0131 tamam m\u0259hv etdi.<\/p>\n<p>Az\u0259rbaycan Respublikas\u0131n\u0131n Prezidenti c\u0259nab \u0130lham \u018fliyevd\u0259n xahi\u015f edir\u0259m, \u015f\u0259hid anas\u0131 olma\u011f\u0131m\u0131, evimin yanmas\u0131n\u0131 v\u0259 \u00e7\u00f6ll\u0259rd\u0259 qalma\u011f\u0131m\u0131z\u0131 n\u0259z\u0259r\u0259 al\u0131b m\u0259n\u0259 n\u00f6vb\u0259d\u0259nk\u0259nar m\u0259nzil verilm\u0259sin\u0259, yaxud in\u015fa edilm\u0259sin\u0259 k\u00f6m\u0259klik g\u00f6st\u0259rsin\u201d, &#8211; Solmaz Abdulxal\u0131qova deyir.<\/p>\n<p>G\u00f6y\u00e7ay Rayon \u0130cra Hakimiyy\u0259tinin S\u0259n\u0259dl\u0259rl\u0259 v\u0259 v\u0259t\u0259nda\u015flar\u0131n m\u00fcraci\u0259tl\u0259ri il\u0259 i\u015f \u015f\u00f6b\u0259sind\u0259n Meydan TV-y\u0259 m\u0259s\u0259l\u0259ni ara\u015fd\u0131r\u0131b m\u0259lumat ver\u0259c\u0259kl\u0259rini deyibl\u0259r.<\/p>\n<figure class=\"wp-block-image size-large\"><img decoding=\"async\" class=\"wp-image-211119\" src=\"https:\/\/www.meydan.tv\/az\/244534794_1096891390842081_115623803428843145_n-jpg\/\" alt=\"244534794_1096891390842081_115623803428843145_n.jpg\" \/>\n<figcaption>Yan\u011f\u0131n<\/figcaption>\n<\/figure>\n<figure class=\"wp-block-image size-large\"><img decoding=\"async\" class=\"wp-image-211116\" src=\"https:\/\/www.meydan.tv\/az\/244513138_579548640019864_4431616320432886150_n-jpg\/\" alt=\"244513138_579548640019864_4431616320432886150_n.jpg\" \/>\n<p>\u00a0<\/p>\n<figcaption>S\u0259n\u0259d<\/figcaption>\n<\/figure>\n\n\n<p> <em>Material &#8220;G\u0259nc s\u0259sl\u0259r&#8221; layih\u0259si \u00e7\u0259r\u00e7iv\u0259sind\u0259 haz\u0131rlan\u0131b<\/em> <\/p>\n","protected":false},"excerpt":{"rendered":"<p>\u201c\u0130cra ba\u015f\u00e7\u0131s\u0131 Mehdi S\u0259limzad\u0259 \u201cget n\u00f6vb\u0259ni g\u00f6zl\u0259\u201d dey\u0259r\u0259k m\u0259ni ba\u015f\u0131ndan edir\u201d<\/p>\n","protected":false},"author":11,"featured_media":211110,"comment_status":"closed","ping_status":"open","sticky":false,"template":"","format":"standard","meta":{"_acf_changed":false,"_sitemap_exclude":false,"_sitemap_priority":"","_sitemap_frequency":"","footnotes":""},"categories":[60],"tags":[],"class_list":["post-213290","post","type-post","status-publish","format-standard","has-post-thumbnail","hentry","category-bolge","infinite-scroll-item","generate-columns","tablet-grid-50","mobile-grid-100","grid-parent","grid-33","no-featured-image-padding"],"acf":[],"yoast_head":"<!-- This site is optimized with the Yoast SEO plugin v27.5 - https:\/\/yoast.com\/product\/yoast-seo-wordpress\/ -->\n<title>G\u00f6y\u00e7ay sakini: \u015e\u0259hid anas\u0131yam, evim yan\u0131b, \u00e7\u00f6ll\u0259rd\u0259 qalm\u0131\u015fam - MEYDAN.TV<\/title>\n<meta name=\"robots\" content=\"index, follow, max-snippet:-1, max-image-preview:large, max-video-preview:-1\" \/>\n<link rel=\"canonical\" href=\"https:\/\/www.meydan.tv\/az\/article\/goycay-sakini-sehid-anasiyam-evim-yanib-collerde-qalmisam\/\" \/>\n<meta property=\"og:locale\" content=\"az_AZ\" \/>\n<meta property=\"og:type\" content=\"article\" \/>\n<meta property=\"og:title\" content=\"G\u00f6y\u00e7ay sakini: \u015e\u0259hid anas\u0131yam, evim yan\u0131b, \u00e7\u00f6ll\u0259rd\u0259 qalm\u0131\u015fam - MEYDAN.TV\" \/>\n<meta property=\"og:description\" content=\"\u201c\u0130cra ba\u015f\u00e7\u0131s\u0131 Mehdi S\u0259limzad\u0259 \u201cget n\u00f6vb\u0259ni g\u00f6zl\u0259\u201d dey\u0259r\u0259k m\u0259ni ba\u015f\u0131ndan edir\u201d\" \/>\n<meta property=\"og:url\" content=\"https:\/\/www.meydan.tv\/az\/article\/goycay-sakini-sehid-anasiyam-evim-yanib-collerde-qalmisam\/\" \/>\n<meta property=\"og:site_name\" content=\"MEYDAN.TV\" \/>\n<meta property=\"article:published_time\" content=\"2021-10-14T13:18:32+00:00\" \/>\n<meta property=\"article:modified_time\" content=\"2021-11-04T12:43:22+00:00\" \/>\n<meta property=\"og:image\" content=\"https:\/\/www.meydan.tv\/wp-content\/uploads\/245091859_589756638727988_1073410396878711423_n.jpg\" \/>\n\t<meta property=\"og:image:width\" content=\"1000\" \/>\n\t<meta property=\"og:image:height\" content=\"750\" \/>\n\t<meta property=\"og:image:type\" content=\"image\/jpeg\" \/>\n<meta name=\"author\" content=\"user-manager\" \/>\n<meta name=\"twitter:card\" content=\"summary_large_image\" \/>\n<script type=\"application\/ld+json\" class=\"yoast-schema-graph\">{\"@context\":\"https:\\\/\\\/schema.org\",\"@graph\":[{\"@type\":\"Article\",\"@id\":\"https:\\\/\\\/www.meydan.tv\\\/az\\\/article\\\/goycay-sakini-sehid-anasiyam-evim-yanib-collerde-qalmisam\\\/#article\",\"isPartOf\":{\"@id\":\"https:\\\/\\\/www.meydan.tv\\\/az\\\/article\\\/goycay-sakini-sehid-anasiyam-evim-yanib-collerde-qalmisam\\\/\"},\"author\":{\"name\":\"user-manager\",\"@id\":\"https:\\\/\\\/www.meydan.tv\\\/az\\\/#\\\/schema\\\/person\\\/10d11eccf6da3662cf5fdab9806ea91a\"},\"headline\":\"G\u00f6y\u00e7ay sakini: \u015e\u0259hid anas\u0131yam, evim yan\u0131b, \u00e7\u00f6ll\u0259rd\u0259 qalm\u0131\u015fam\",\"datePublished\":\"2021-10-14T13:18:32+00:00\",\"dateModified\":\"2021-11-04T12:43:22+00:00\",\"mainEntityOfPage\":{\"@id\":\"https:\\\/\\\/www.meydan.tv\\\/az\\\/article\\\/goycay-sakini-sehid-anasiyam-evim-yanib-collerde-qalmisam\\\/\"},\"wordCount\":494,\"publisher\":{\"@id\":\"https:\\\/\\\/www.meydan.tv\\\/az\\\/#organization\"},\"image\":{\"@id\":\"https:\\\/\\\/www.meydan.tv\\\/az\\\/article\\\/goycay-sakini-sehid-anasiyam-evim-yanib-collerde-qalmisam\\\/#primaryimage\"},\"thumbnailUrl\":\"https:\\\/\\\/www.meydan.tv\\\/wp-content\\\/uploads\\\/245091859_589756638727988_1073410396878711423_n.jpg\",\"articleSection\":[\"B\u00f6lg\u0259\"],\"inLanguage\":\"az\"},{\"@type\":\"WebPage\",\"@id\":\"https:\\\/\\\/www.meydan.tv\\\/az\\\/article\\\/goycay-sakini-sehid-anasiyam-evim-yanib-collerde-qalmisam\\\/\",\"url\":\"https:\\\/\\\/www.meydan.tv\\\/az\\\/article\\\/goycay-sakini-sehid-anasiyam-evim-yanib-collerde-qalmisam\\\/\",\"name\":\"G\u00f6y\u00e7ay sakini: \u015e\u0259hid anas\u0131yam, evim yan\u0131b, \u00e7\u00f6ll\u0259rd\u0259 qalm\u0131\u015fam - MEYDAN.TV\",\"isPartOf\":{\"@id\":\"https:\\\/\\\/www.meydan.tv\\\/az\\\/#website\"},\"primaryImageOfPage\":{\"@id\":\"https:\\\/\\\/www.meydan.tv\\\/az\\\/article\\\/goycay-sakini-sehid-anasiyam-evim-yanib-collerde-qalmisam\\\/#primaryimage\"},\"image\":{\"@id\":\"https:\\\/\\\/www.meydan.tv\\\/az\\\/article\\\/goycay-sakini-sehid-anasiyam-evim-yanib-collerde-qalmisam\\\/#primaryimage\"},\"thumbnailUrl\":\"https:\\\/\\\/www.meydan.tv\\\/wp-content\\\/uploads\\\/245091859_589756638727988_1073410396878711423_n.jpg\",\"datePublished\":\"2021-10-14T13:18:32+00:00\",\"dateModified\":\"2021-11-04T12:43:22+00:00\",\"breadcrumb\":{\"@id\":\"https:\\\/\\\/www.meydan.tv\\\/az\\\/article\\\/goycay-sakini-sehid-anasiyam-evim-yanib-collerde-qalmisam\\\/#breadcrumb\"},\"inLanguage\":\"az\",\"potentialAction\":[{\"@type\":\"ReadAction\",\"target\":[\"https:\\\/\\\/www.meydan.tv\\\/az\\\/article\\\/goycay-sakini-sehid-anasiyam-evim-yanib-collerde-qalmisam\\\/\"]}]},{\"@type\":\"ImageObject\",\"inLanguage\":\"az\",\"@id\":\"https:\\\/\\\/www.meydan.tv\\\/az\\\/article\\\/goycay-sakini-sehid-anasiyam-evim-yanib-collerde-qalmisam\\\/#primaryimage\",\"url\":\"https:\\\/\\\/www.meydan.tv\\\/wp-content\\\/uploads\\\/245091859_589756638727988_1073410396878711423_n.jpg\",\"contentUrl\":\"https:\\\/\\\/www.meydan.tv\\\/wp-content\\\/uploads\\\/245091859_589756638727988_1073410396878711423_n.jpg\",\"width\":1000,\"height\":750,\"caption\":\"Source: Meydan.tv\"},{\"@type\":\"BreadcrumbList\",\"@id\":\"https:\\\/\\\/www.meydan.tv\\\/az\\\/article\\\/goycay-sakini-sehid-anasiyam-evim-yanib-collerde-qalmisam\\\/#breadcrumb\",\"itemListElement\":[{\"@type\":\"ListItem\",\"position\":1,\"name\":\"Ana s\u0259hif\u0259\",\"item\":\"https:\\\/\\\/www.meydan.tv\\\/az\\\/\"},{\"@type\":\"ListItem\",\"position\":2,\"name\":\"B\u00f6lg\u0259\",\"item\":\"https:\\\/\\\/www.meydan.tv\\\/az\\\/section\\\/bolge\\\/\"},{\"@type\":\"ListItem\",\"position\":3,\"name\":\"G\u00f6y\u00e7ay sakini: \u015e\u0259hid anas\u0131yam, evim yan\u0131b, \u00e7\u00f6ll\u0259rd\u0259 qalm\u0131\u015fam\"}]},{\"@type\":\"WebSite\",\"@id\":\"https:\\\/\\\/www.meydan.tv\\\/az\\\/#website\",\"url\":\"https:\\\/\\\/www.meydan.tv\\\/az\\\/\",\"name\":\"MEYDAN.TV\",\"description\":\"Meydan TV Az\u0259rbaycan\u0131n media m\u0259kan\u0131ndak\u0131 alternativ s\u0259sidir\",\"publisher\":{\"@id\":\"https:\\\/\\\/www.meydan.tv\\\/az\\\/#organization\"},\"potentialAction\":[{\"@type\":\"SearchAction\",\"target\":{\"@type\":\"EntryPoint\",\"urlTemplate\":\"https:\\\/\\\/www.meydan.tv\\\/az\\\/?s={search_term_string}\"},\"query-input\":{\"@type\":\"PropertyValueSpecification\",\"valueRequired\":true,\"valueName\":\"search_term_string\"}}],\"inLanguage\":\"az\"},{\"@type\":\"Organization\",\"@id\":\"https:\\\/\\\/www.meydan.tv\\\/az\\\/#organization\",\"name\":\"Meydan TV\",\"url\":\"https:\\\/\\\/www.meydan.tv\\\/az\\\/\",\"logo\":{\"@type\":\"ImageObject\",\"inLanguage\":\"az\",\"@id\":\"https:\\\/\\\/www.meydan.tv\\\/az\\\/#\\\/schema\\\/logo\\\/image\\\/\",\"url\":\"https:\\\/\\\/www.meydan.tv\\\/wp-content\\\/uploads\\\/2021\\\/07\\\/meydan-logo.svg\",\"contentUrl\":\"https:\\\/\\\/www.meydan.tv\\\/wp-content\\\/uploads\\\/2021\\\/07\\\/meydan-logo.svg\",\"width\":195,\"height\":46,\"caption\":\"Meydan TV\"},\"image\":{\"@id\":\"https:\\\/\\\/www.meydan.tv\\\/az\\\/#\\\/schema\\\/logo\\\/image\\\/\"}},{\"@type\":\"Person\",\"@id\":\"https:\\\/\\\/www.meydan.tv\\\/az\\\/#\\\/schema\\\/person\\\/10d11eccf6da3662cf5fdab9806ea91a\",\"name\":\"user-manager\"}]}<\/script>\n<!-- \/ Yoast SEO plugin. -->","yoast_head_json":{"title":"G\u00f6y\u00e7ay sakini: \u015e\u0259hid anas\u0131yam, evim yan\u0131b, \u00e7\u00f6ll\u0259rd\u0259 qalm\u0131\u015fam - MEYDAN.TV","robots":{"index":"index","follow":"follow","max-snippet":"max-snippet:-1","max-image-preview":"max-image-preview:large","max-video-preview":"max-video-preview:-1"},"canonical":"https:\/\/www.meydan.tv\/az\/article\/goycay-sakini-sehid-anasiyam-evim-yanib-collerde-qalmisam\/","og_locale":"az_AZ","og_type":"article","og_title":"G\u00f6y\u00e7ay sakini: \u015e\u0259hid anas\u0131yam, evim yan\u0131b, \u00e7\u00f6ll\u0259rd\u0259 qalm\u0131\u015fam - MEYDAN.TV","og_description":"\u201c\u0130cra ba\u015f\u00e7\u0131s\u0131 Mehdi S\u0259limzad\u0259 \u201cget n\u00f6vb\u0259ni g\u00f6zl\u0259\u201d dey\u0259r\u0259k m\u0259ni ba\u015f\u0131ndan edir\u201d","og_url":"https:\/\/www.meydan.tv\/az\/article\/goycay-sakini-sehid-anasiyam-evim-yanib-collerde-qalmisam\/","og_site_name":"MEYDAN.TV","article_published_time":"2021-10-14T13:18:32+00:00","article_modified_time":"2021-11-04T12:43:22+00:00","og_image":[{"width":1000,"height":750,"url":"https:\/\/www.meydan.tv\/wp-content\/uploads\/245091859_589756638727988_1073410396878711423_n.jpg","type":"image\/jpeg"}],"author":"user-manager","twitter_card":"summary_large_image","schema":{"@context":"https:\/\/schema.org","@graph":[{"@type":"Article","@id":"https:\/\/www.meydan.tv\/az\/article\/goycay-sakini-sehid-anasiyam-evim-yanib-collerde-qalmisam\/#article","isPartOf":{"@id":"https:\/\/www.meydan.tv\/az\/article\/goycay-sakini-sehid-anasiyam-evim-yanib-collerde-qalmisam\/"},"author":{"name":"user-manager","@id":"https:\/\/www.meydan.tv\/az\/#\/schema\/person\/10d11eccf6da3662cf5fdab9806ea91a"},"headline":"G\u00f6y\u00e7ay sakini: \u015e\u0259hid anas\u0131yam, evim yan\u0131b, \u00e7\u00f6ll\u0259rd\u0259 qalm\u0131\u015fam","datePublished":"2021-10-14T13:18:32+00:00","dateModified":"2021-11-04T12:43:22+00:00","mainEntityOfPage":{"@id":"https:\/\/www.meydan.tv\/az\/article\/goycay-sakini-sehid-anasiyam-evim-yanib-collerde-qalmisam\/"},"wordCount":494,"publisher":{"@id":"https:\/\/www.meydan.tv\/az\/#organization"},"image":{"@id":"https:\/\/www.meydan.tv\/az\/article\/goycay-sakini-sehid-anasiyam-evim-yanib-collerde-qalmisam\/#primaryimage"},"thumbnailUrl":"https:\/\/www.meydan.tv\/wp-content\/uploads\/245091859_589756638727988_1073410396878711423_n.jpg","articleSection":["B\u00f6lg\u0259"],"inLanguage":"az"},{"@type":"WebPage","@id":"https:\/\/www.meydan.tv\/az\/article\/goycay-sakini-sehid-anasiyam-evim-yanib-collerde-qalmisam\/","url":"https:\/\/www.meydan.tv\/az\/article\/goycay-sakini-sehid-anasiyam-evim-yanib-collerde-qalmisam\/","name":"G\u00f6y\u00e7ay sakini: \u015e\u0259hid anas\u0131yam, evim yan\u0131b, \u00e7\u00f6ll\u0259rd\u0259 qalm\u0131\u015fam - MEYDAN.TV","isPartOf":{"@id":"https:\/\/www.meydan.tv\/az\/#website"},"primaryImageOfPage":{"@id":"https:\/\/www.meydan.tv\/az\/article\/goycay-sakini-sehid-anasiyam-evim-yanib-collerde-qalmisam\/#primaryimage"},"image":{"@id":"https:\/\/www.meydan.tv\/az\/article\/goycay-sakini-sehid-anasiyam-evim-yanib-collerde-qalmisam\/#primaryimage"},"thumbnailUrl":"https:\/\/www.meydan.tv\/wp-content\/uploads\/245091859_589756638727988_1073410396878711423_n.jpg","datePublished":"2021-10-14T13:18:32+00:00","dateModified":"2021-11-04T12:43:22+00:00","breadcrumb":{"@id":"https:\/\/www.meydan.tv\/az\/article\/goycay-sakini-sehid-anasiyam-evim-yanib-collerde-qalmisam\/#breadcrumb"},"inLanguage":"az","potentialAction":[{"@type":"ReadAction","target":["https:\/\/www.meydan.tv\/az\/article\/goycay-sakini-sehid-anasiyam-evim-yanib-collerde-qalmisam\/"]}]},{"@type":"ImageObject","inLanguage":"az","@id":"https:\/\/www.meydan.tv\/az\/article\/goycay-sakini-sehid-anasiyam-evim-yanib-collerde-qalmisam\/#primaryimage","url":"https:\/\/www.meydan.tv\/wp-content\/uploads\/245091859_589756638727988_1073410396878711423_n.jpg","contentUrl":"https:\/\/www.meydan.tv\/wp-content\/uploads\/245091859_589756638727988_1073410396878711423_n.jpg","width":1000,"height":750,"caption":"Source: Meydan.tv"},{"@type":"BreadcrumbList","@id":"https:\/\/www.meydan.tv\/az\/article\/goycay-sakini-sehid-anasiyam-evim-yanib-collerde-qalmisam\/#breadcrumb","itemListElement":[{"@type":"ListItem","position":1,"name":"Ana s\u0259hif\u0259","item":"https:\/\/www.meydan.tv\/az\/"},{"@type":"ListItem","position":2,"name":"B\u00f6lg\u0259","item":"https:\/\/www.meydan.tv\/az\/section\/bolge\/"},{"@type":"ListItem","position":3,"name":"G\u00f6y\u00e7ay sakini: \u015e\u0259hid anas\u0131yam, evim yan\u0131b, \u00e7\u00f6ll\u0259rd\u0259 qalm\u0131\u015fam"}]},{"@type":"WebSite","@id":"https:\/\/www.meydan.tv\/az\/#website","url":"https:\/\/www.meydan.tv\/az\/","name":"MEYDAN.TV","description":"Meydan TV Az\u0259rbaycan\u0131n media m\u0259kan\u0131ndak\u0131 alternativ s\u0259sidir","publisher":{"@id":"https:\/\/www.meydan.tv\/az\/#organization"},"potentialAction":[{"@type":"SearchAction","target":{"@type":"EntryPoint","urlTemplate":"https:\/\/www.meydan.tv\/az\/?s={search_term_string}"},"query-input":{"@type":"PropertyValueSpecification","valueRequired":true,"valueName":"search_term_string"}}],"inLanguage":"az"},{"@type":"Organization","@id":"https:\/\/www.meydan.tv\/az\/#organization","name":"Meydan TV","url":"https:\/\/www.meydan.tv\/az\/","logo":{"@type":"ImageObject","inLanguage":"az","@id":"https:\/\/www.meydan.tv\/az\/#\/schema\/logo\/image\/","url":"https:\/\/www.meydan.tv\/wp-content\/uploads\/2021\/07\/meydan-logo.svg","contentUrl":"https:\/\/www.meydan.tv\/wp-content\/uploads\/2021\/07\/meydan-logo.svg","width":195,"height":46,"caption":"Meydan TV"},"image":{"@id":"https:\/\/www.meydan.tv\/az\/#\/schema\/logo\/image\/"}},{"@type":"Person","@id":"https:\/\/www.meydan.tv\/az\/#\/schema\/person\/10d11eccf6da3662cf5fdab9806ea91a","name":"user-manager"}]}},"_links":{"self":[{"href":"https:\/\/www.meydan.tv\/az\/wp-json\/wp\/v2\/posts\/213290","targetHints":{"allow":["GET"]}}],"collection":[{"href":"https:\/\/www.meydan.tv\/az\/wp-json\/wp\/v2\/posts"}],"about":[{"href":"https:\/\/www.meydan.tv\/az\/wp-json\/wp\/v2\/types\/post"}],"author":[{"embeddable":true,"href":"https:\/\/www.meydan.tv\/az\/wp-json\/wp\/v2\/users\/11"}],"replies":[{"embeddable":true,"href":"https:\/\/www.meydan.tv\/az\/wp-json\/wp\/v2\/comments?post=213290"}],"version-history":[{"count":1,"href":"https:\/\/www.meydan.tv\/az\/wp-json\/wp\/v2\/posts\/213290\/revisions"}],"predecessor-version":[{"id":225223,"href":"https:\/\/www.meydan.tv\/az\/wp-json\/wp\/v2\/posts\/213290\/revisions\/225223"}],"wp:featuredmedia":[{"embeddable":true,"href":"https:\/\/www.meydan.tv\/az\/wp-json\/wp\/v2\/media\/211110"}],"wp:attachment":[{"href":"https:\/\/www.meydan.tv\/az\/wp-json\/wp\/v2\/media?parent=213290"}],"wp:term":[{"taxonomy":"category","embeddable":true,"href":"https:\/\/www.meydan.tv\/az\/wp-json\/wp\/v2\/categories?post=213290"},{"taxonomy":"post_tag","embeddable":true,"href":"https:\/\/www.meydan.tv\/az\/wp-json\/wp\/v2\/tags?post=213290"}],"curies":[{"name":"wp","href":"https:\/\/api.w.org\/{rel}","templated":true}]}}