{"id":213267,"date":"2021-10-13T12:18:31","date_gmt":"2021-10-13T12:18:31","guid":{"rendered":"https:\/\/www.meydan.tv\/article\/kinotenqidci-aktyordan-polise-sikayet-edib\/"},"modified":"2021-10-13T12:18:31","modified_gmt":"2021-10-13T12:18:31","slug":"kinotenqidci-aktyordan-polise-sikayet-edib","status":"publish","type":"post","link":"https:\/\/www.meydan.tv\/az\/article\/kinotenqidci-aktyordan-polise-sikayet-edib\/","title":{"rendered":"Kinot\u0259nqid\u00e7i aktyordan polis\u0259 \u015fikay\u0259t edib"},"content":{"rendered":"<p>\n  <i><br \/>\n    Sevda Sultanova: \u201cNormal polemika aparmaq \u0259v\u0259zin\u0259 t\u0259hqir edir\u201d<br \/>\n  <\/i>\n<\/p>\n<p>\n  Kinot\u0259nqid\u00e7i Sevda Sultanova aktyor Hikm\u0259t R\u0259himovu polis\u0259 verib.\n<\/p>\n<p>\n  O, Meydan TV-y\u0259 a\u00e7\u0131qlamas\u0131nda bildirib ki, 2021-ci ilin avqustunda \u201ckulis.az\u201dda \u201cTeatrlar\u0131m\u0131z\u0131 kiml\u0259r m\u0259zara qoyur?\u201d ba\u015fl\u0131ql\u0131 yaz\u0131s\u0131nda aktyorun teatrlarlarla ba\u011fl\u0131 s\u00f6yl\u0259diyi fikirl\u0259ri t\u0259nqid<br \/>\n  <a href=\"https:\/\/kulis.az\/news\/38813\"><br \/>\n    edib<br \/>\n  <\/a><br \/>\n  .\n<\/p>\n<p>\n  T\u0259nqid\u0259 s\u0259b\u0259b is\u0259 Hikm\u0259t R\u0259himovun \u201cnews24.az\u201da verdiyi a\u00e7\u0131qlama olub.\n<\/p>\n<p>\n  Aktyor<br \/>\n  <a href=\"https:\/\/news24.az\/68047-dua_edirik-teatrlar-yada-dushsun.html\"><br \/>\n    deyib<br \/>\n  <\/a><br \/>\n  ki, teatrlar a\u00e7\u0131lsa da, iki il \u00f6nc\u0259ki tama\u015falar\u0131n\u0131 g\u00f6st\u0259r\u0259c\u0259kl\u0259r: \u201cBunlar y\u0131\u011f\u0131lma\u011fa yer axtar\u0131r. \u018fll\u0259rind\u0259 bir d\u0259n\u0259 tama\u015falar\u0131 yoxdur ki, g\u00fcrc\u00fcn\u00fcn, erm\u0259ninin qaba\u011f\u0131na \u00e7\u0131xara bilsinl\u0259r. \u0130l yar\u0131md\u0131r ki, maa\u015f ald\u0131qlar\u0131na g\u00f6r\u0259 d\u00f6vl\u0259t\u0259 t\u0259\u015f\u0259kk\u00fcr el\u0259m\u0259lidirl\u0259r. Bel\u0259l\u0259rin\u0259 el\u0259 yax\u015f\u0131 edib teatrlar\u0131 a\u00e7m\u0131rlar\u201d.\n<\/p>\n<p>\n  Sevda Sultanovan\u0131n yaz\u0131s\u0131ndan sonra Hikm\u0259t R\u0259himov \u201cFacebook\u201d s\u0259hif\u0259sind\u0259 ona qar\u015f\u0131 t\u0259hqir v\u0259 t\u0259hdid ifad\u0259 ed\u0259n status payla\u015f\u0131b: \u201cH\u0259min yaz\u0131dan bir ne\u00e7\u0259 g\u00fcn sonra Hikm\u0259t R\u0259himov m\u0259ni, dostlar\u0131m\u0131 t\u0259hqir v\u0259 t\u0259hdid ed\u0259n status yazm\u0131\u015fd\u0131. Az sonra is\u0259 statusu silmi\u015fdi. Onun statusundan x\u0259b\u0259rim olmay\u0131b. Dostlar statusu \u201cscreen\u201d etmi\u015fdil\u0259r. H\u0259min vaxt rayonda idim. Sentyabrda Bak\u0131ya qay\u0131dandan sonra polis\u0259 \u015fikay\u0259t \u0259riz\u0259si verdim. M\u0259s\u0259l\u0259 h\u0259ll olunduqdan sonra hans\u0131 rayon \u015f\u00f6b\u0259sin\u0259 \u015fikay\u0259t etdiyimi a\u00e7\u0131qlayaca\u011fam. M\u0259nd\u0259n ba\u015fqa bir ne\u00e7\u0259 dostum da \u015fikay\u0259t \u0259riz\u0259si yaz\u0131b. N\u0259tic\u0259 olandan sonra daha geni\u015f a\u00e7\u0131qlama ver\u0259c\u0259y\u0259m\u201d.\n<\/p>\n<p>\n  Sevda Sultanova bildirib ki, m\u0259s\u0259l\u0259d\u0259 onu narahat ed\u0259n m\u0259qam, tan\u0131nm\u0131\u015f inc\u0259s\u0259n\u0259t adam\u0131n\u0131n sosial m\u0259suliyy\u0259t hiss etm\u0259m\u0259sidir.\n<\/p>\n<p>\n  O, hesab edir ki, ictimai y\u00fck\u00fc olan \u015f\u0259xsl\u0259r, s\u0259n\u0259t adamlar\u0131 dan\u0131\u015fd\u0131qlar\u0131n\u0131n, yazd\u0131qlar\u0131n\u0131n m\u0259suliyy\u0259tini da\u015f\u0131mal\u0131d\u0131r: \u201cM\u0259n bu add\u0131m\u0131mla ist\u0259yir\u0259m ki, bir presedent yarans\u0131n, n\u00fcmun\u0259 olsun. \u018fg\u0259r s\u0259ni t\u0259nqid edir\u0259ms\u0259, m\u0259n\u0259 intellektual \u015f\u0259kild\u0259, arqumentl\u0259rl\u0259 cavab ver. Hikm\u0259t deyir ki, erm\u0259nil\u0259rin qaba\u011f\u0131na \u00e7\u0131xar\u0131lacaq tama\u015fam\u0131z yoxdur. M\u0259n d\u0259 sual verir\u0259m ki, Hikm\u0259t hans\u0131 erm\u0259ni tama\u015fas\u0131na bax\u0131b? Birinin ad\u0131n\u0131 \u00e7\u0259ksin v\u0259 pe\u015f\u0259kar \u015f\u0259kild\u0259 analiz etsin ki, hans\u0131 c\u0259h\u0259tl\u0259ri il\u0259 \u00fcst\u00fcnd\u00fcr? Normal polemika aparmaq \u0259v\u0259zin\u0259 t\u0259hqir edir. Az\u0259rbaycanda t\u0259kc\u0259 teatr sah\u0259sind\u0259 yox, \u00e7ox sah\u0259d\u0259, misal \u00fc\u00e7\u00fcn, kinoda da ciddi probleml\u0259r var. Hikm\u0259t R\u0259himov bir aktyor kimi indi filml\u0259rd\u0259 \u00e7\u0259kilir. Sual verir\u0259m, \u00e7\u0259kildiyin hans\u0131 film y\u00fcks\u0259k kassa y\u0131\u011f\u0131b v\u0259 ya xaricd\u0259 festivalda u\u011fur qazan\u0131b? Onun \u00e7\u0259kildyi \u201c\u00dc\u00e7\u00fcnc\u00fc g\u00fcn\u00fcn adam\u0131\u201d filmin\u0259 d\u00f6vl\u0259t bir milyondan \u00e7ox b\u00fcdc\u0259 ay\u0131r\u0131b v\u0259 Hikm\u0259t aktyor kimi i\u015finin keyfiyy\u0259tsizliyi m\u00fcqabilind\u0259 bu filmd\u0259n y\u00fcks\u0259k qonorar al\u0131b. Bu film he\u00e7 bir u\u011fur qazanmay\u0131b.\n<\/p>\n<p>\n  Teatrlara g\u0259linc\u0259, nazirlik vahid, ayd\u0131n teatr konsepsiyas\u0131 i\u015fl\u0259m\u0259li v\u0259 teatrlar bu y\u00f6nd\u0259 f\u0259aliyy\u0259t g\u00f6st\u0259rm\u0259lidiril\u0259r. Y\u0259ni problem varsa, bu, t\u0259k teatr aktyorunun, rejissorun problemi deyil. Bir d\u0259 m\u0259n\u0259 el\u0259 g\u0259lir ki, Hikm\u0259t \u201cAzdram\u201ddan (Az\u0259rbaycan D\u00f6vl\u0259t Akademik Dram Teatr\u0131-red.) qovuldu\u011fu ill\u0259rd\u0259 ili\u015fib qal\u0131b v\u0259 yeni tama\u015falardan x\u0259b\u0259rsizdir. Bildiyim q\u0259d\u0259ril\u0259 haz\u0131rda b\u00fct\u00fcn teatrlar premyeralara haz\u0131la\u015f\u0131r. H\u0259tta noyabrda iki teatr festival v\u0259 m\u00fcsabiq\u0259si ke\u00e7iril\u0259c\u0259k\u201d.\n<\/p>\n<p>\n  Aktyor Hikm\u0259t R\u0259himov m\u0259s\u0259l\u0259y\u0259 m\u00fcnasib\u0259t bildirm\u0259k ist\u0259m\u0259yib.<\/p>\n","protected":false},"excerpt":{"rendered":"<p>Sevda Sultanova: \u201cNormal polemika aparmaq \u0259v\u0259zin\u0259 t\u0259hqir edir\u201d<\/p>\n","protected":false},"author":11,"featured_media":211065,"comment_status":"closed","ping_status":"open","sticky":false,"template":"","format":"standard","meta":{"_acf_changed":false,"_sitemap_exclude":false,"_sitemap_priority":"","_sitemap_frequency":"","footnotes":""},"categories":[52],"tags":[],"class_list":["post-213267","post","type-post","status-publish","format-standard","has-post-thumbnail","hentry","category-medeniyyet","infinite-scroll-item","generate-columns","tablet-grid-50","mobile-grid-100","grid-parent","grid-33","no-featured-image-padding"],"acf":[],"yoast_head":"<!-- This site is optimized with the Yoast SEO plugin v27.4 - https:\/\/yoast.com\/product\/yoast-seo-wordpress\/ -->\n<title>Kinot\u0259nqid\u00e7i aktyordan polis\u0259 \u015fikay\u0259t edib - MEYDAN.TV<\/title>\n<meta name=\"robots\" content=\"index, follow, max-snippet:-1, max-image-preview:large, max-video-preview:-1\" \/>\n<link rel=\"canonical\" href=\"https:\/\/www.meydan.tv\/az\/article\/kinotenqidci-aktyordan-polise-sikayet-edib\/\" \/>\n<meta property=\"og:locale\" content=\"az_AZ\" \/>\n<meta property=\"og:type\" content=\"article\" \/>\n<meta property=\"og:title\" content=\"Kinot\u0259nqid\u00e7i aktyordan polis\u0259 \u015fikay\u0259t edib - MEYDAN.TV\" \/>\n<meta property=\"og:description\" content=\"Sevda Sultanova: \u201cNormal polemika aparmaq \u0259v\u0259zin\u0259 t\u0259hqir edir\u201d\" \/>\n<meta property=\"og:url\" content=\"https:\/\/www.meydan.tv\/az\/article\/kinotenqidci-aktyordan-polise-sikayet-edib\/\" \/>\n<meta property=\"og:site_name\" content=\"MEYDAN.TV\" \/>\n<meta property=\"article:published_time\" content=\"2021-10-13T12:18:31+00:00\" \/>\n<meta property=\"og:image\" content=\"https:\/\/www.meydan.tv\/wp-content\/uploads\/untitled_design_-_2021-10-13t121732.064.png\" \/>\n\t<meta property=\"og:image:width\" content=\"1280\" \/>\n\t<meta property=\"og:image:height\" content=\"720\" \/>\n\t<meta property=\"og:image:type\" content=\"image\/png\" \/>\n<meta name=\"author\" content=\"user-manager\" \/>\n<meta name=\"twitter:card\" content=\"summary_large_image\" \/>\n<script type=\"application\/ld+json\" class=\"yoast-schema-graph\">{\"@context\":\"https:\\\/\\\/schema.org\",\"@graph\":[{\"@type\":\"Article\",\"@id\":\"https:\\\/\\\/www.meydan.tv\\\/az\\\/article\\\/kinotenqidci-aktyordan-polise-sikayet-edib\\\/#article\",\"isPartOf\":{\"@id\":\"https:\\\/\\\/www.meydan.tv\\\/az\\\/article\\\/kinotenqidci-aktyordan-polise-sikayet-edib\\\/\"},\"author\":{\"name\":\"user-manager\",\"@id\":\"https:\\\/\\\/www.meydan.tv\\\/az\\\/#\\\/schema\\\/person\\\/10d11eccf6da3662cf5fdab9806ea91a\"},\"headline\":\"Kinot\u0259nqid\u00e7i aktyordan polis\u0259 \u015fikay\u0259t edib\",\"datePublished\":\"2021-10-13T12:18:31+00:00\",\"mainEntityOfPage\":{\"@id\":\"https:\\\/\\\/www.meydan.tv\\\/az\\\/article\\\/kinotenqidci-aktyordan-polise-sikayet-edib\\\/\"},\"wordCount\":670,\"publisher\":{\"@id\":\"https:\\\/\\\/www.meydan.tv\\\/az\\\/#organization\"},\"image\":{\"@id\":\"https:\\\/\\\/www.meydan.tv\\\/az\\\/article\\\/kinotenqidci-aktyordan-polise-sikayet-edib\\\/#primaryimage\"},\"thumbnailUrl\":\"https:\\\/\\\/www.meydan.tv\\\/wp-content\\\/uploads\\\/untitled_design_-_2021-10-13t121732.064.png\",\"articleSection\":[\"M\u0259d\u0259niyy\u0259t\"],\"inLanguage\":\"az\"},{\"@type\":\"WebPage\",\"@id\":\"https:\\\/\\\/www.meydan.tv\\\/az\\\/article\\\/kinotenqidci-aktyordan-polise-sikayet-edib\\\/\",\"url\":\"https:\\\/\\\/www.meydan.tv\\\/az\\\/article\\\/kinotenqidci-aktyordan-polise-sikayet-edib\\\/\",\"name\":\"Kinot\u0259nqid\u00e7i aktyordan polis\u0259 \u015fikay\u0259t edib - MEYDAN.TV\",\"isPartOf\":{\"@id\":\"https:\\\/\\\/www.meydan.tv\\\/az\\\/#website\"},\"primaryImageOfPage\":{\"@id\":\"https:\\\/\\\/www.meydan.tv\\\/az\\\/article\\\/kinotenqidci-aktyordan-polise-sikayet-edib\\\/#primaryimage\"},\"image\":{\"@id\":\"https:\\\/\\\/www.meydan.tv\\\/az\\\/article\\\/kinotenqidci-aktyordan-polise-sikayet-edib\\\/#primaryimage\"},\"thumbnailUrl\":\"https:\\\/\\\/www.meydan.tv\\\/wp-content\\\/uploads\\\/untitled_design_-_2021-10-13t121732.064.png\",\"datePublished\":\"2021-10-13T12:18:31+00:00\",\"breadcrumb\":{\"@id\":\"https:\\\/\\\/www.meydan.tv\\\/az\\\/article\\\/kinotenqidci-aktyordan-polise-sikayet-edib\\\/#breadcrumb\"},\"inLanguage\":\"az\",\"potentialAction\":[{\"@type\":\"ReadAction\",\"target\":[\"https:\\\/\\\/www.meydan.tv\\\/az\\\/article\\\/kinotenqidci-aktyordan-polise-sikayet-edib\\\/\"]}]},{\"@type\":\"ImageObject\",\"inLanguage\":\"az\",\"@id\":\"https:\\\/\\\/www.meydan.tv\\\/az\\\/article\\\/kinotenqidci-aktyordan-polise-sikayet-edib\\\/#primaryimage\",\"url\":\"https:\\\/\\\/www.meydan.tv\\\/wp-content\\\/uploads\\\/untitled_design_-_2021-10-13t121732.064.png\",\"contentUrl\":\"https:\\\/\\\/www.meydan.tv\\\/wp-content\\\/uploads\\\/untitled_design_-_2021-10-13t121732.064.png\",\"width\":1280,\"height\":720,\"caption\":\"Source: Meydan.tv\"},{\"@type\":\"BreadcrumbList\",\"@id\":\"https:\\\/\\\/www.meydan.tv\\\/az\\\/article\\\/kinotenqidci-aktyordan-polise-sikayet-edib\\\/#breadcrumb\",\"itemListElement\":[{\"@type\":\"ListItem\",\"position\":1,\"name\":\"Ana s\u0259hif\u0259\",\"item\":\"https:\\\/\\\/www.meydan.tv\\\/az\\\/\"},{\"@type\":\"ListItem\",\"position\":2,\"name\":\"M\u0259d\u0259niyy\u0259t\",\"item\":\"https:\\\/\\\/www.meydan.tv\\\/az\\\/section\\\/medeniyyet\\\/\"},{\"@type\":\"ListItem\",\"position\":3,\"name\":\"Kinot\u0259nqid\u00e7i aktyordan polis\u0259 \u015fikay\u0259t edib\"}]},{\"@type\":\"WebSite\",\"@id\":\"https:\\\/\\\/www.meydan.tv\\\/az\\\/#website\",\"url\":\"https:\\\/\\\/www.meydan.tv\\\/az\\\/\",\"name\":\"MEYDAN.TV\",\"description\":\"Meydan TV Az\u0259rbaycan\u0131n media m\u0259kan\u0131ndak\u0131 alternativ s\u0259sidir\",\"publisher\":{\"@id\":\"https:\\\/\\\/www.meydan.tv\\\/az\\\/#organization\"},\"potentialAction\":[{\"@type\":\"SearchAction\",\"target\":{\"@type\":\"EntryPoint\",\"urlTemplate\":\"https:\\\/\\\/www.meydan.tv\\\/az\\\/?s={search_term_string}\"},\"query-input\":{\"@type\":\"PropertyValueSpecification\",\"valueRequired\":true,\"valueName\":\"search_term_string\"}}],\"inLanguage\":\"az\"},{\"@type\":\"Organization\",\"@id\":\"https:\\\/\\\/www.meydan.tv\\\/az\\\/#organization\",\"name\":\"Meydan TV\",\"url\":\"https:\\\/\\\/www.meydan.tv\\\/az\\\/\",\"logo\":{\"@type\":\"ImageObject\",\"inLanguage\":\"az\",\"@id\":\"https:\\\/\\\/www.meydan.tv\\\/az\\\/#\\\/schema\\\/logo\\\/image\\\/\",\"url\":\"https:\\\/\\\/www.meydan.tv\\\/wp-content\\\/uploads\\\/2021\\\/07\\\/meydan-logo.svg\",\"contentUrl\":\"https:\\\/\\\/www.meydan.tv\\\/wp-content\\\/uploads\\\/2021\\\/07\\\/meydan-logo.svg\",\"width\":195,\"height\":46,\"caption\":\"Meydan TV\"},\"image\":{\"@id\":\"https:\\\/\\\/www.meydan.tv\\\/az\\\/#\\\/schema\\\/logo\\\/image\\\/\"}},{\"@type\":\"Person\",\"@id\":\"https:\\\/\\\/www.meydan.tv\\\/az\\\/#\\\/schema\\\/person\\\/10d11eccf6da3662cf5fdab9806ea91a\",\"name\":\"user-manager\"}]}<\/script>\n<!-- \/ Yoast SEO plugin. -->","yoast_head_json":{"title":"Kinot\u0259nqid\u00e7i aktyordan polis\u0259 \u015fikay\u0259t edib - MEYDAN.TV","robots":{"index":"index","follow":"follow","max-snippet":"max-snippet:-1","max-image-preview":"max-image-preview:large","max-video-preview":"max-video-preview:-1"},"canonical":"https:\/\/www.meydan.tv\/az\/article\/kinotenqidci-aktyordan-polise-sikayet-edib\/","og_locale":"az_AZ","og_type":"article","og_title":"Kinot\u0259nqid\u00e7i aktyordan polis\u0259 \u015fikay\u0259t edib - MEYDAN.TV","og_description":"Sevda Sultanova: \u201cNormal polemika aparmaq \u0259v\u0259zin\u0259 t\u0259hqir edir\u201d","og_url":"https:\/\/www.meydan.tv\/az\/article\/kinotenqidci-aktyordan-polise-sikayet-edib\/","og_site_name":"MEYDAN.TV","article_published_time":"2021-10-13T12:18:31+00:00","og_image":[{"width":1280,"height":720,"url":"https:\/\/www.meydan.tv\/wp-content\/uploads\/untitled_design_-_2021-10-13t121732.064.png","type":"image\/png"}],"author":"user-manager","twitter_card":"summary_large_image","schema":{"@context":"https:\/\/schema.org","@graph":[{"@type":"Article","@id":"https:\/\/www.meydan.tv\/az\/article\/kinotenqidci-aktyordan-polise-sikayet-edib\/#article","isPartOf":{"@id":"https:\/\/www.meydan.tv\/az\/article\/kinotenqidci-aktyordan-polise-sikayet-edib\/"},"author":{"name":"user-manager","@id":"https:\/\/www.meydan.tv\/az\/#\/schema\/person\/10d11eccf6da3662cf5fdab9806ea91a"},"headline":"Kinot\u0259nqid\u00e7i aktyordan polis\u0259 \u015fikay\u0259t edib","datePublished":"2021-10-13T12:18:31+00:00","mainEntityOfPage":{"@id":"https:\/\/www.meydan.tv\/az\/article\/kinotenqidci-aktyordan-polise-sikayet-edib\/"},"wordCount":670,"publisher":{"@id":"https:\/\/www.meydan.tv\/az\/#organization"},"image":{"@id":"https:\/\/www.meydan.tv\/az\/article\/kinotenqidci-aktyordan-polise-sikayet-edib\/#primaryimage"},"thumbnailUrl":"https:\/\/www.meydan.tv\/wp-content\/uploads\/untitled_design_-_2021-10-13t121732.064.png","articleSection":["M\u0259d\u0259niyy\u0259t"],"inLanguage":"az"},{"@type":"WebPage","@id":"https:\/\/www.meydan.tv\/az\/article\/kinotenqidci-aktyordan-polise-sikayet-edib\/","url":"https:\/\/www.meydan.tv\/az\/article\/kinotenqidci-aktyordan-polise-sikayet-edib\/","name":"Kinot\u0259nqid\u00e7i aktyordan polis\u0259 \u015fikay\u0259t edib - MEYDAN.TV","isPartOf":{"@id":"https:\/\/www.meydan.tv\/az\/#website"},"primaryImageOfPage":{"@id":"https:\/\/www.meydan.tv\/az\/article\/kinotenqidci-aktyordan-polise-sikayet-edib\/#primaryimage"},"image":{"@id":"https:\/\/www.meydan.tv\/az\/article\/kinotenqidci-aktyordan-polise-sikayet-edib\/#primaryimage"},"thumbnailUrl":"https:\/\/www.meydan.tv\/wp-content\/uploads\/untitled_design_-_2021-10-13t121732.064.png","datePublished":"2021-10-13T12:18:31+00:00","breadcrumb":{"@id":"https:\/\/www.meydan.tv\/az\/article\/kinotenqidci-aktyordan-polise-sikayet-edib\/#breadcrumb"},"inLanguage":"az","potentialAction":[{"@type":"ReadAction","target":["https:\/\/www.meydan.tv\/az\/article\/kinotenqidci-aktyordan-polise-sikayet-edib\/"]}]},{"@type":"ImageObject","inLanguage":"az","@id":"https:\/\/www.meydan.tv\/az\/article\/kinotenqidci-aktyordan-polise-sikayet-edib\/#primaryimage","url":"https:\/\/www.meydan.tv\/wp-content\/uploads\/untitled_design_-_2021-10-13t121732.064.png","contentUrl":"https:\/\/www.meydan.tv\/wp-content\/uploads\/untitled_design_-_2021-10-13t121732.064.png","width":1280,"height":720,"caption":"Source: Meydan.tv"},{"@type":"BreadcrumbList","@id":"https:\/\/www.meydan.tv\/az\/article\/kinotenqidci-aktyordan-polise-sikayet-edib\/#breadcrumb","itemListElement":[{"@type":"ListItem","position":1,"name":"Ana s\u0259hif\u0259","item":"https:\/\/www.meydan.tv\/az\/"},{"@type":"ListItem","position":2,"name":"M\u0259d\u0259niyy\u0259t","item":"https:\/\/www.meydan.tv\/az\/section\/medeniyyet\/"},{"@type":"ListItem","position":3,"name":"Kinot\u0259nqid\u00e7i aktyordan polis\u0259 \u015fikay\u0259t edib"}]},{"@type":"WebSite","@id":"https:\/\/www.meydan.tv\/az\/#website","url":"https:\/\/www.meydan.tv\/az\/","name":"MEYDAN.TV","description":"Meydan TV Az\u0259rbaycan\u0131n media m\u0259kan\u0131ndak\u0131 alternativ s\u0259sidir","publisher":{"@id":"https:\/\/www.meydan.tv\/az\/#organization"},"potentialAction":[{"@type":"SearchAction","target":{"@type":"EntryPoint","urlTemplate":"https:\/\/www.meydan.tv\/az\/?s={search_term_string}"},"query-input":{"@type":"PropertyValueSpecification","valueRequired":true,"valueName":"search_term_string"}}],"inLanguage":"az"},{"@type":"Organization","@id":"https:\/\/www.meydan.tv\/az\/#organization","name":"Meydan TV","url":"https:\/\/www.meydan.tv\/az\/","logo":{"@type":"ImageObject","inLanguage":"az","@id":"https:\/\/www.meydan.tv\/az\/#\/schema\/logo\/image\/","url":"https:\/\/www.meydan.tv\/wp-content\/uploads\/2021\/07\/meydan-logo.svg","contentUrl":"https:\/\/www.meydan.tv\/wp-content\/uploads\/2021\/07\/meydan-logo.svg","width":195,"height":46,"caption":"Meydan TV"},"image":{"@id":"https:\/\/www.meydan.tv\/az\/#\/schema\/logo\/image\/"}},{"@type":"Person","@id":"https:\/\/www.meydan.tv\/az\/#\/schema\/person\/10d11eccf6da3662cf5fdab9806ea91a","name":"user-manager"}]}},"_links":{"self":[{"href":"https:\/\/www.meydan.tv\/az\/wp-json\/wp\/v2\/posts\/213267","targetHints":{"allow":["GET"]}}],"collection":[{"href":"https:\/\/www.meydan.tv\/az\/wp-json\/wp\/v2\/posts"}],"about":[{"href":"https:\/\/www.meydan.tv\/az\/wp-json\/wp\/v2\/types\/post"}],"author":[{"embeddable":true,"href":"https:\/\/www.meydan.tv\/az\/wp-json\/wp\/v2\/users\/11"}],"replies":[{"embeddable":true,"href":"https:\/\/www.meydan.tv\/az\/wp-json\/wp\/v2\/comments?post=213267"}],"version-history":[{"count":0,"href":"https:\/\/www.meydan.tv\/az\/wp-json\/wp\/v2\/posts\/213267\/revisions"}],"wp:featuredmedia":[{"embeddable":true,"href":"https:\/\/www.meydan.tv\/az\/wp-json\/wp\/v2\/media\/211065"}],"wp:attachment":[{"href":"https:\/\/www.meydan.tv\/az\/wp-json\/wp\/v2\/media?parent=213267"}],"wp:term":[{"taxonomy":"category","embeddable":true,"href":"https:\/\/www.meydan.tv\/az\/wp-json\/wp\/v2\/categories?post=213267"},{"taxonomy":"post_tag","embeddable":true,"href":"https:\/\/www.meydan.tv\/az\/wp-json\/wp\/v2\/tags?post=213267"}],"curies":[{"name":"wp","href":"https:\/\/api.w.org\/{rel}","templated":true}]}}