{"id":213252,"date":"2021-10-12T13:22:08","date_gmt":"2021-10-12T13:22:08","guid":{"rendered":"https:\/\/www.meydan.tv\/article\/atu-nun-kafedra-mudiri-usaqlara-peyvendin-vurulmasinin-qeti-eleyhineyem\/"},"modified":"2021-10-12T13:22:08","modified_gmt":"2021-10-12T13:22:08","slug":"atu-nun-kafedra-mudiri-usaqlara-peyvendin-vurulmasinin-qeti-eleyhineyem","status":"publish","type":"post","link":"https:\/\/www.meydan.tv\/az\/article\/atu-nun-kafedra-mudiri-usaqlara-peyvendin-vurulmasinin-qeti-eleyhineyem\/","title":{"rendered":"ATU-nun kafedra m\u00fcdiri: U\u015faqlara peyv\u0259ndin vurulmas\u0131n\u0131n q\u0259ti \u0259leyhin\u0259y\u0259m"},"content":{"rendered":"<p>\n  <i><br \/>\n    \u0130nfeksionist: &quot;\u201cPfizer\u201d peyv\u0259ndi u\u015faqlara t\u0259tbiq edil\u0259 bil\u0259r\u201d<br \/>\n  <\/i>\n<\/p>\n<p>\n  \u201cU\u015faq, yeniyetm\u0259 v\u0259 g\u0259ncl\u0259r\u0259 COV\u0130D-19 \u0259leyhin\u0259 peyv\u0259ndin vurulmas\u0131n\u0131n q\u0259ti \u0259leyhin\u0259y\u0259m\u201d.\n<\/p>\n<p>\n  Bunu Az\u0259rbaycan Tibb Universitetinin (ATU) Farmakologiya kafedras\u0131n\u0131n m\u00fcdiri, professor Musa Q\u0259niyev sosial \u015f\u0259b\u0259k\u0259d\u0259 yaz\u0131b.\n<\/p>\n<p>\n  Professor qeyd edib ki, peyv\u0259ndin orqanizm\u0259 h\u0259r hans\u0131 bir t\u0259siri \u00f6z\u00fcn\u00fc ill\u0259r sonra g\u00f6st\u0259r\u0259 bil\u0259r: \u201cPeyv\u0259ndin inki\u015faf ed\u0259n orqanizm\u0259 mutagen, kanserogen, eksperimental t\u0259sirini ill\u0259rl\u0259 apar\u0131lan klinik m\u00fc\u015fahid\u0259l\u0259rd\u0259 tam t\u0259sdiqini tapd\u0131qdan sonra bilm\u0259k olar. U\u015faqlar\u0131n virusa yoluxma ehtimal\u0131na g\u00f6r\u0259 stress, g\u0259rginlik v\u0259 ruhi sars\u0131nt\u0131ya d\u00fc\u015fm\u0259yin. \u00dcmumiyy\u0259tl\u0259, onlar\u0131 ist\u0259nil\u0259n viral infeksiyadan qorumaq laz\u0131md\u0131r. \u0130nfeksiyan\u0131n 11-12 ya\u015fa q\u0259d\u0259r u\u015faqlar \u00fc\u00e7\u00fcn he\u00e7 bir qorxusu yoxdur. 19 ya\u015f\u0131na q\u0259d\u0259r u\u015faqlarda is\u0259 virus qorxusu yaln\u0131z nisbidir. Y\u0259ni onlar x\u0259st\u0259l\u0259ns\u0259 d\u0259, bu infeksiyan\u0131 yaln\u0131z \u00f6sk\u00fcrm\u0259k v\u0259 asq\u0131rmaqla ke\u00e7ir\u0259c\u0259k\u201d.\n<\/p>\n<figure class=\"wp-block-image size-large\">\n  <img decoding=\"async\" src=\"https:\/\/www.meydan.tv\/az\/musa_qeniyev-jpg\/\" alt=\"Musa_Q\u0259niyev.jpg\" class=\"wp-image-211023\"\/><figcaption>\n    Musa Q\u0259niyev<br \/>\n  <\/figcaption><\/figure>\n<p>\n  \u0130nfeksionist V\u00fcqar Cavadzad\u0259 Meydan TV-y\u0259 a\u00e7\u0131qlamas\u0131nda bildirib ki, COV\u0130D-19 infeksiyas\u0131n\u0131n mutasiyaya u\u011fram\u0131\u015f \u201cDelta\u201d \u015ftamm\u0131 daha \u00e7ox u\u015faq v\u0259 ortaya\u015fl\u0131lar aras\u0131nda yay\u0131l\u0131r. On ya\u015fa q\u0259d\u0259r u\u015faqlarda ciddi f\u0259sad t\u00f6r\u0259tmir:\n<\/p>\n<p>\n  \u201cU\u015faqlarda \u00f6l\u00fcm hallar\u0131, dem\u0259k olar ki, yoxdur. Amma on ya\u015fdan yuxar\u0131 ya\u015fl\u0131 u\u015faqlarda m\u0259nfi n\u0259tic\u0259l\u0259r\u0259 s\u0259b\u0259b ola bil\u0259r. 18 ya\u015fa q\u0259d\u0259r yeniyetm\u0259l\u0259r aras\u0131nda \u00f6l\u00fcm hallar\u0131 m\u00fc\u015fahid\u0259 edilm\u0259s\u0259 d\u0259, 12 ya\u015fdan yuxar\u0131 vaksinin vurulmas\u0131 \u0259lav\u0259 problem yarada bilm\u0259z. \u201cPfizer\u201d peyv\u0259ndi il\u0259 ba\u011fl\u0131 bir s\u0131ra \u00f6lk\u0259l\u0259rd\u0259 i\u015fl\u0259r apar\u0131l\u0131b, ilkin n\u0259tic\u0259l\u0259r d\u0259 var. Y\u0259ni u\u015faqlara t\u0259tbiq edil\u0259 bil\u0259r\u201d.\n<\/p>\n<figure class=\"wp-block-image size-large\">\n  <img decoding=\"async\" src=\"https:\/\/www.meydan.tv\/az\/427339011_6_-1_1280_720_1920x0_80_0_0_07f6e50a81d18aabe440b4fc8181fb34-png\/\" alt=\"427339011_6_-1_1280_720_1920x0_80_0_0_07f6e50a81d18aabe440b4fc8181fb34.png\" class=\"wp-image-211029\"\/><figcaption>\n    V\u00fcqar Cavadzad\u0259<br \/>\n  <\/figcaption><\/figure>\n<p>\n  Az\u0259rbaycanda 12-15 ya\u015fl\u0131 yeniyetm\u0259l\u0259r\u0259 COVID-19 x\u0259st\u0259liyi \u0259leyhin\u0259 mRNT Pfizer (\u201cComirnaty\u201d) peyv\u0259ndi<br \/>\n  <a href=\"https:\/\/www.meydan.tv\/az\/article\/azerbaycanda-12-15-yasli-yeniyetmelere-vaksin-vurulacaq\/?ref=homepage-news\"><br \/>\n    vurulacaq<br \/>\n  <\/a><br \/>\n  .\n<\/p>\n<p>\n  Vaksin m\u00fcvafiq tibbi g\u00f6st\u0259ri\u015fl\u0259r\u0259 v\u0259 h\u0259r iki valideynin raz\u0131l\u0131\u011f\u0131na \u0259sas\u0259n t\u0259tbiq olunacaq.\n<\/p>\n<p>\n  Az\u0259rbaycanda 2021-ci il yanvar\u0131n 9-dan peyv\u0259ndl\u0259nm\u0259 ba\u015flan\u0131b.\n<\/p>\n<p>\n  \u00d6lk\u0259d\u0259 4 istehsal\u00e7\u0131n\u0131n vaksini t\u0259tbiq olunur: SINOVAC (\u00c7in), AstraZeneca\/Vaxzevria (\u0130ngilt\u0259r\u0259), Biontech\/Pfizer (Almaniya\/AB\u015e), Sputnik V (Rusiya).<\/p>\n","protected":false},"excerpt":{"rendered":"<p>Az\u0259rbaycanda 2021-ci il yanvar\u0131n 9-dan peyv\u0259ndl\u0259nm\u0259 ba\u015flan\u0131b.<\/p>\n","protected":false},"author":11,"featured_media":161616,"comment_status":"closed","ping_status":"open","sticky":false,"template":"","format":"standard","meta":{"_acf_changed":false,"_sitemap_exclude":false,"_sitemap_priority":"","_sitemap_frequency":"","footnotes":""},"categories":[54],"tags":[],"class_list":["post-213252","post","type-post","status-publish","format-standard","has-post-thumbnail","hentry","category-sagliq","infinite-scroll-item","generate-columns","tablet-grid-50","mobile-grid-100","grid-parent","grid-33","no-featured-image-padding"],"acf":[],"yoast_head":"<!-- This site is optimized with the Yoast SEO plugin v27.4 - https:\/\/yoast.com\/product\/yoast-seo-wordpress\/ -->\n<title>ATU-nun kafedra m\u00fcdiri: U\u015faqlara peyv\u0259ndin vurulmas\u0131n\u0131n q\u0259ti \u0259leyhin\u0259y\u0259m - MEYDAN.TV<\/title>\n<meta name=\"robots\" content=\"index, follow, max-snippet:-1, max-image-preview:large, max-video-preview:-1\" \/>\n<link rel=\"canonical\" href=\"https:\/\/www.meydan.tv\/az\/article\/atu-nun-kafedra-mudiri-usaqlara-peyvendin-vurulmasinin-qeti-eleyhineyem\/\" \/>\n<meta property=\"og:locale\" content=\"az_AZ\" \/>\n<meta property=\"og:type\" content=\"article\" \/>\n<meta property=\"og:title\" content=\"ATU-nun kafedra m\u00fcdiri: U\u015faqlara peyv\u0259ndin vurulmas\u0131n\u0131n q\u0259ti \u0259leyhin\u0259y\u0259m - MEYDAN.TV\" \/>\n<meta property=\"og:description\" content=\"Az\u0259rbaycanda 2021-ci il yanvar\u0131n 9-dan peyv\u0259ndl\u0259nm\u0259 ba\u015flan\u0131b.\" \/>\n<meta property=\"og:url\" content=\"https:\/\/www.meydan.tv\/az\/article\/atu-nun-kafedra-mudiri-usaqlara-peyvendin-vurulmasinin-qeti-eleyhineyem\/\" \/>\n<meta property=\"og:site_name\" content=\"MEYDAN.TV\" \/>\n<meta property=\"article:published_time\" content=\"2021-10-12T13:22:08+00:00\" \/>\n<meta property=\"og:image\" content=\"https:\/\/www.meydan.tv\/wp-content\/uploads\/covid1-scaled.jpg\" \/>\n\t<meta property=\"og:image:width\" content=\"2560\" \/>\n\t<meta property=\"og:image:height\" content=\"1440\" \/>\n\t<meta property=\"og:image:type\" content=\"image\/jpeg\" \/>\n<meta name=\"author\" content=\"user-manager\" \/>\n<meta name=\"twitter:card\" content=\"summary_large_image\" \/>\n<script type=\"application\/ld+json\" class=\"yoast-schema-graph\">{\"@context\":\"https:\\\/\\\/schema.org\",\"@graph\":[{\"@type\":\"Article\",\"@id\":\"https:\\\/\\\/www.meydan.tv\\\/az\\\/article\\\/atu-nun-kafedra-mudiri-usaqlara-peyvendin-vurulmasinin-qeti-eleyhineyem\\\/#article\",\"isPartOf\":{\"@id\":\"https:\\\/\\\/www.meydan.tv\\\/az\\\/article\\\/atu-nun-kafedra-mudiri-usaqlara-peyvendin-vurulmasinin-qeti-eleyhineyem\\\/\"},\"author\":{\"name\":\"user-manager\",\"@id\":\"https:\\\/\\\/www.meydan.tv\\\/az\\\/#\\\/schema\\\/person\\\/10d11eccf6da3662cf5fdab9806ea91a\"},\"headline\":\"ATU-nun kafedra m\u00fcdiri: U\u015faqlara peyv\u0259ndin vurulmas\u0131n\u0131n q\u0259ti \u0259leyhin\u0259y\u0259m\",\"datePublished\":\"2021-10-12T13:22:08+00:00\",\"mainEntityOfPage\":{\"@id\":\"https:\\\/\\\/www.meydan.tv\\\/az\\\/article\\\/atu-nun-kafedra-mudiri-usaqlara-peyvendin-vurulmasinin-qeti-eleyhineyem\\\/\"},\"wordCount\":428,\"publisher\":{\"@id\":\"https:\\\/\\\/www.meydan.tv\\\/az\\\/#organization\"},\"image\":{\"@id\":\"https:\\\/\\\/www.meydan.tv\\\/az\\\/article\\\/atu-nun-kafedra-mudiri-usaqlara-peyvendin-vurulmasinin-qeti-eleyhineyem\\\/#primaryimage\"},\"thumbnailUrl\":\"https:\\\/\\\/www.meydan.tv\\\/wp-content\\\/uploads\\\/covid1-scaled.jpg\",\"articleSection\":[\"Sa\u011fl\u0131q\"],\"inLanguage\":\"az\"},{\"@type\":\"WebPage\",\"@id\":\"https:\\\/\\\/www.meydan.tv\\\/az\\\/article\\\/atu-nun-kafedra-mudiri-usaqlara-peyvendin-vurulmasinin-qeti-eleyhineyem\\\/\",\"url\":\"https:\\\/\\\/www.meydan.tv\\\/az\\\/article\\\/atu-nun-kafedra-mudiri-usaqlara-peyvendin-vurulmasinin-qeti-eleyhineyem\\\/\",\"name\":\"ATU-nun kafedra m\u00fcdiri: U\u015faqlara peyv\u0259ndin vurulmas\u0131n\u0131n q\u0259ti \u0259leyhin\u0259y\u0259m - MEYDAN.TV\",\"isPartOf\":{\"@id\":\"https:\\\/\\\/www.meydan.tv\\\/az\\\/#website\"},\"primaryImageOfPage\":{\"@id\":\"https:\\\/\\\/www.meydan.tv\\\/az\\\/article\\\/atu-nun-kafedra-mudiri-usaqlara-peyvendin-vurulmasinin-qeti-eleyhineyem\\\/#primaryimage\"},\"image\":{\"@id\":\"https:\\\/\\\/www.meydan.tv\\\/az\\\/article\\\/atu-nun-kafedra-mudiri-usaqlara-peyvendin-vurulmasinin-qeti-eleyhineyem\\\/#primaryimage\"},\"thumbnailUrl\":\"https:\\\/\\\/www.meydan.tv\\\/wp-content\\\/uploads\\\/covid1-scaled.jpg\",\"datePublished\":\"2021-10-12T13:22:08+00:00\",\"breadcrumb\":{\"@id\":\"https:\\\/\\\/www.meydan.tv\\\/az\\\/article\\\/atu-nun-kafedra-mudiri-usaqlara-peyvendin-vurulmasinin-qeti-eleyhineyem\\\/#breadcrumb\"},\"inLanguage\":\"az\",\"potentialAction\":[{\"@type\":\"ReadAction\",\"target\":[\"https:\\\/\\\/www.meydan.tv\\\/az\\\/article\\\/atu-nun-kafedra-mudiri-usaqlara-peyvendin-vurulmasinin-qeti-eleyhineyem\\\/\"]}]},{\"@type\":\"ImageObject\",\"inLanguage\":\"az\",\"@id\":\"https:\\\/\\\/www.meydan.tv\\\/az\\\/article\\\/atu-nun-kafedra-mudiri-usaqlara-peyvendin-vurulmasinin-qeti-eleyhineyem\\\/#primaryimage\",\"url\":\"https:\\\/\\\/www.meydan.tv\\\/wp-content\\\/uploads\\\/covid1-scaled.jpg\",\"contentUrl\":\"https:\\\/\\\/www.meydan.tv\\\/wp-content\\\/uploads\\\/covid1-scaled.jpg\",\"width\":2560,\"height\":1440,\"caption\":\"Source: Meydan TV\"},{\"@type\":\"BreadcrumbList\",\"@id\":\"https:\\\/\\\/www.meydan.tv\\\/az\\\/article\\\/atu-nun-kafedra-mudiri-usaqlara-peyvendin-vurulmasinin-qeti-eleyhineyem\\\/#breadcrumb\",\"itemListElement\":[{\"@type\":\"ListItem\",\"position\":1,\"name\":\"Ana s\u0259hif\u0259\",\"item\":\"https:\\\/\\\/www.meydan.tv\\\/az\\\/\"},{\"@type\":\"ListItem\",\"position\":2,\"name\":\"Sa\u011fl\u0131q\",\"item\":\"https:\\\/\\\/www.meydan.tv\\\/az\\\/section\\\/sagliq\\\/\"},{\"@type\":\"ListItem\",\"position\":3,\"name\":\"ATU-nun kafedra m\u00fcdiri: U\u015faqlara peyv\u0259ndin vurulmas\u0131n\u0131n q\u0259ti \u0259leyhin\u0259y\u0259m\"}]},{\"@type\":\"WebSite\",\"@id\":\"https:\\\/\\\/www.meydan.tv\\\/az\\\/#website\",\"url\":\"https:\\\/\\\/www.meydan.tv\\\/az\\\/\",\"name\":\"MEYDAN.TV\",\"description\":\"Meydan TV Az\u0259rbaycan\u0131n media m\u0259kan\u0131ndak\u0131 alternativ s\u0259sidir\",\"publisher\":{\"@id\":\"https:\\\/\\\/www.meydan.tv\\\/az\\\/#organization\"},\"potentialAction\":[{\"@type\":\"SearchAction\",\"target\":{\"@type\":\"EntryPoint\",\"urlTemplate\":\"https:\\\/\\\/www.meydan.tv\\\/az\\\/?s={search_term_string}\"},\"query-input\":{\"@type\":\"PropertyValueSpecification\",\"valueRequired\":true,\"valueName\":\"search_term_string\"}}],\"inLanguage\":\"az\"},{\"@type\":\"Organization\",\"@id\":\"https:\\\/\\\/www.meydan.tv\\\/az\\\/#organization\",\"name\":\"Meydan TV\",\"url\":\"https:\\\/\\\/www.meydan.tv\\\/az\\\/\",\"logo\":{\"@type\":\"ImageObject\",\"inLanguage\":\"az\",\"@id\":\"https:\\\/\\\/www.meydan.tv\\\/az\\\/#\\\/schema\\\/logo\\\/image\\\/\",\"url\":\"https:\\\/\\\/www.meydan.tv\\\/wp-content\\\/uploads\\\/2021\\\/07\\\/meydan-logo.svg\",\"contentUrl\":\"https:\\\/\\\/www.meydan.tv\\\/wp-content\\\/uploads\\\/2021\\\/07\\\/meydan-logo.svg\",\"width\":195,\"height\":46,\"caption\":\"Meydan TV\"},\"image\":{\"@id\":\"https:\\\/\\\/www.meydan.tv\\\/az\\\/#\\\/schema\\\/logo\\\/image\\\/\"}},{\"@type\":\"Person\",\"@id\":\"https:\\\/\\\/www.meydan.tv\\\/az\\\/#\\\/schema\\\/person\\\/10d11eccf6da3662cf5fdab9806ea91a\",\"name\":\"user-manager\"}]}<\/script>\n<!-- \/ Yoast SEO plugin. -->","yoast_head_json":{"title":"ATU-nun kafedra m\u00fcdiri: U\u015faqlara peyv\u0259ndin vurulmas\u0131n\u0131n q\u0259ti \u0259leyhin\u0259y\u0259m - MEYDAN.TV","robots":{"index":"index","follow":"follow","max-snippet":"max-snippet:-1","max-image-preview":"max-image-preview:large","max-video-preview":"max-video-preview:-1"},"canonical":"https:\/\/www.meydan.tv\/az\/article\/atu-nun-kafedra-mudiri-usaqlara-peyvendin-vurulmasinin-qeti-eleyhineyem\/","og_locale":"az_AZ","og_type":"article","og_title":"ATU-nun kafedra m\u00fcdiri: U\u015faqlara peyv\u0259ndin vurulmas\u0131n\u0131n q\u0259ti \u0259leyhin\u0259y\u0259m - MEYDAN.TV","og_description":"Az\u0259rbaycanda 2021-ci il yanvar\u0131n 9-dan peyv\u0259ndl\u0259nm\u0259 ba\u015flan\u0131b.","og_url":"https:\/\/www.meydan.tv\/az\/article\/atu-nun-kafedra-mudiri-usaqlara-peyvendin-vurulmasinin-qeti-eleyhineyem\/","og_site_name":"MEYDAN.TV","article_published_time":"2021-10-12T13:22:08+00:00","og_image":[{"width":2560,"height":1440,"url":"https:\/\/www.meydan.tv\/wp-content\/uploads\/covid1-scaled.jpg","type":"image\/jpeg"}],"author":"user-manager","twitter_card":"summary_large_image","schema":{"@context":"https:\/\/schema.org","@graph":[{"@type":"Article","@id":"https:\/\/www.meydan.tv\/az\/article\/atu-nun-kafedra-mudiri-usaqlara-peyvendin-vurulmasinin-qeti-eleyhineyem\/#article","isPartOf":{"@id":"https:\/\/www.meydan.tv\/az\/article\/atu-nun-kafedra-mudiri-usaqlara-peyvendin-vurulmasinin-qeti-eleyhineyem\/"},"author":{"name":"user-manager","@id":"https:\/\/www.meydan.tv\/az\/#\/schema\/person\/10d11eccf6da3662cf5fdab9806ea91a"},"headline":"ATU-nun kafedra m\u00fcdiri: U\u015faqlara peyv\u0259ndin vurulmas\u0131n\u0131n q\u0259ti \u0259leyhin\u0259y\u0259m","datePublished":"2021-10-12T13:22:08+00:00","mainEntityOfPage":{"@id":"https:\/\/www.meydan.tv\/az\/article\/atu-nun-kafedra-mudiri-usaqlara-peyvendin-vurulmasinin-qeti-eleyhineyem\/"},"wordCount":428,"publisher":{"@id":"https:\/\/www.meydan.tv\/az\/#organization"},"image":{"@id":"https:\/\/www.meydan.tv\/az\/article\/atu-nun-kafedra-mudiri-usaqlara-peyvendin-vurulmasinin-qeti-eleyhineyem\/#primaryimage"},"thumbnailUrl":"https:\/\/www.meydan.tv\/wp-content\/uploads\/covid1-scaled.jpg","articleSection":["Sa\u011fl\u0131q"],"inLanguage":"az"},{"@type":"WebPage","@id":"https:\/\/www.meydan.tv\/az\/article\/atu-nun-kafedra-mudiri-usaqlara-peyvendin-vurulmasinin-qeti-eleyhineyem\/","url":"https:\/\/www.meydan.tv\/az\/article\/atu-nun-kafedra-mudiri-usaqlara-peyvendin-vurulmasinin-qeti-eleyhineyem\/","name":"ATU-nun kafedra m\u00fcdiri: U\u015faqlara peyv\u0259ndin vurulmas\u0131n\u0131n q\u0259ti \u0259leyhin\u0259y\u0259m - MEYDAN.TV","isPartOf":{"@id":"https:\/\/www.meydan.tv\/az\/#website"},"primaryImageOfPage":{"@id":"https:\/\/www.meydan.tv\/az\/article\/atu-nun-kafedra-mudiri-usaqlara-peyvendin-vurulmasinin-qeti-eleyhineyem\/#primaryimage"},"image":{"@id":"https:\/\/www.meydan.tv\/az\/article\/atu-nun-kafedra-mudiri-usaqlara-peyvendin-vurulmasinin-qeti-eleyhineyem\/#primaryimage"},"thumbnailUrl":"https:\/\/www.meydan.tv\/wp-content\/uploads\/covid1-scaled.jpg","datePublished":"2021-10-12T13:22:08+00:00","breadcrumb":{"@id":"https:\/\/www.meydan.tv\/az\/article\/atu-nun-kafedra-mudiri-usaqlara-peyvendin-vurulmasinin-qeti-eleyhineyem\/#breadcrumb"},"inLanguage":"az","potentialAction":[{"@type":"ReadAction","target":["https:\/\/www.meydan.tv\/az\/article\/atu-nun-kafedra-mudiri-usaqlara-peyvendin-vurulmasinin-qeti-eleyhineyem\/"]}]},{"@type":"ImageObject","inLanguage":"az","@id":"https:\/\/www.meydan.tv\/az\/article\/atu-nun-kafedra-mudiri-usaqlara-peyvendin-vurulmasinin-qeti-eleyhineyem\/#primaryimage","url":"https:\/\/www.meydan.tv\/wp-content\/uploads\/covid1-scaled.jpg","contentUrl":"https:\/\/www.meydan.tv\/wp-content\/uploads\/covid1-scaled.jpg","width":2560,"height":1440,"caption":"Source: Meydan TV"},{"@type":"BreadcrumbList","@id":"https:\/\/www.meydan.tv\/az\/article\/atu-nun-kafedra-mudiri-usaqlara-peyvendin-vurulmasinin-qeti-eleyhineyem\/#breadcrumb","itemListElement":[{"@type":"ListItem","position":1,"name":"Ana s\u0259hif\u0259","item":"https:\/\/www.meydan.tv\/az\/"},{"@type":"ListItem","position":2,"name":"Sa\u011fl\u0131q","item":"https:\/\/www.meydan.tv\/az\/section\/sagliq\/"},{"@type":"ListItem","position":3,"name":"ATU-nun kafedra m\u00fcdiri: U\u015faqlara peyv\u0259ndin vurulmas\u0131n\u0131n q\u0259ti \u0259leyhin\u0259y\u0259m"}]},{"@type":"WebSite","@id":"https:\/\/www.meydan.tv\/az\/#website","url":"https:\/\/www.meydan.tv\/az\/","name":"MEYDAN.TV","description":"Meydan TV Az\u0259rbaycan\u0131n media m\u0259kan\u0131ndak\u0131 alternativ s\u0259sidir","publisher":{"@id":"https:\/\/www.meydan.tv\/az\/#organization"},"potentialAction":[{"@type":"SearchAction","target":{"@type":"EntryPoint","urlTemplate":"https:\/\/www.meydan.tv\/az\/?s={search_term_string}"},"query-input":{"@type":"PropertyValueSpecification","valueRequired":true,"valueName":"search_term_string"}}],"inLanguage":"az"},{"@type":"Organization","@id":"https:\/\/www.meydan.tv\/az\/#organization","name":"Meydan TV","url":"https:\/\/www.meydan.tv\/az\/","logo":{"@type":"ImageObject","inLanguage":"az","@id":"https:\/\/www.meydan.tv\/az\/#\/schema\/logo\/image\/","url":"https:\/\/www.meydan.tv\/wp-content\/uploads\/2021\/07\/meydan-logo.svg","contentUrl":"https:\/\/www.meydan.tv\/wp-content\/uploads\/2021\/07\/meydan-logo.svg","width":195,"height":46,"caption":"Meydan TV"},"image":{"@id":"https:\/\/www.meydan.tv\/az\/#\/schema\/logo\/image\/"}},{"@type":"Person","@id":"https:\/\/www.meydan.tv\/az\/#\/schema\/person\/10d11eccf6da3662cf5fdab9806ea91a","name":"user-manager"}]}},"_links":{"self":[{"href":"https:\/\/www.meydan.tv\/az\/wp-json\/wp\/v2\/posts\/213252","targetHints":{"allow":["GET"]}}],"collection":[{"href":"https:\/\/www.meydan.tv\/az\/wp-json\/wp\/v2\/posts"}],"about":[{"href":"https:\/\/www.meydan.tv\/az\/wp-json\/wp\/v2\/types\/post"}],"author":[{"embeddable":true,"href":"https:\/\/www.meydan.tv\/az\/wp-json\/wp\/v2\/users\/11"}],"replies":[{"embeddable":true,"href":"https:\/\/www.meydan.tv\/az\/wp-json\/wp\/v2\/comments?post=213252"}],"version-history":[{"count":0,"href":"https:\/\/www.meydan.tv\/az\/wp-json\/wp\/v2\/posts\/213252\/revisions"}],"wp:featuredmedia":[{"embeddable":true,"href":"https:\/\/www.meydan.tv\/az\/wp-json\/wp\/v2\/media\/161616"}],"wp:attachment":[{"href":"https:\/\/www.meydan.tv\/az\/wp-json\/wp\/v2\/media?parent=213252"}],"wp:term":[{"taxonomy":"category","embeddable":true,"href":"https:\/\/www.meydan.tv\/az\/wp-json\/wp\/v2\/categories?post=213252"},{"taxonomy":"post_tag","embeddable":true,"href":"https:\/\/www.meydan.tv\/az\/wp-json\/wp\/v2\/tags?post=213252"}],"curies":[{"name":"wp","href":"https:\/\/api.w.org\/{rel}","templated":true}]}}