{"id":213235,"date":"2021-10-11T13:51:37","date_gmt":"2021-10-11T13:51:37","guid":{"rendered":"https:\/\/www.meydan.tv\/article\/sehiyye-nazirliyi-3-cu-doza-vaksinin-vurulmasi-ehtiyaci-yaranib\/"},"modified":"2021-10-11T13:51:37","modified_gmt":"2021-10-11T13:51:37","slug":"sehiyye-nazirliyi-3-cu-doza-vaksinin-vurulmasi-ehtiyaci-yaranib","status":"publish","type":"post","link":"https:\/\/www.meydan.tv\/az\/article\/sehiyye-nazirliyi-3-cu-doza-vaksinin-vurulmasi-ehtiyaci-yaranib\/","title":{"rendered":"S\u0259hiyy\u0259 Nazirliyi: 3-c\u00fc doza vaksinin vurulmas\u0131 ehtiyac\u0131 yaran\u0131b"},"content":{"rendered":"<p>\n  <i><br \/>\n    &quot;Az\u0259rbaycanda t\u0259sdiq olunan b\u00fct\u00fcn vaksinl\u0259r istifad\u0259 oluna bil\u0259r\u201d<br \/>\n  <\/i>\n<\/p>\n<p>\n  S\u0259hiyy\u0259 Nazirliyi \u0259haliy\u0259 COVID 19-a qar\u015f\u0131 immuniteti art\u0131rmaq \u00fc\u00e7\u00fcn 3-c\u00fc doza (buster) peyv\u0259ndin vurulmas\u0131n\u0131 m\u0259sl\u0259h\u0259t g\u00f6r\u00fcr.\n<\/p>\n<p>\n  Bu bar\u0259d\u0259 oktyabr\u0131n 11-d\u0259 S\u0259hiyy\u0259 Nazirliyinin a\u00e7\u0131qlad\u0131\u011f\u0131 m\u0259lumatda<br \/>\n  <a href=\"http:\/\/sehiyye.gov.az\/xeberler\/3482-azrbaycan-respublikasnn-shiyy-nazirliyinin-mlumati.html\"><br \/>\n    bildirilir<br \/>\n  <\/a><br \/>\n  :\n<\/p>\n<p>\n  \u201cAra\u015fd\u0131rmalar koronavirusa qar\u015f\u0131 istifad\u0259 olunan peyv\u0259ndl\u0259rin effektinin m\u00fc\u0259yy\u0259n m\u00fcdd\u0259td\u0259n sonra azald\u0131\u011f\u0131n\u0131 s\u00fcbuta yetirib. Odur ki, x\u0259st\u0259liy\u0259 qar\u015f\u0131 immuniteti art\u0131rmaq \u00fc\u00e7\u00fcn 3-c\u00fc (buster) dozan\u0131n vurulmas\u0131 ehtiyac\u0131 yaran\u0131r\u201d.\n<\/p>\n<p>\n  Nazirlik \u0259lav\u0259 edir ki, Az\u0259rbaycan Respublikas\u0131nda \u201cCOVID-19 x\u0259st\u0259liyi \u0259leyhin\u0259 2021-2022-ci ill\u0259r \u00fc\u00e7\u00fcn Vaksinasiya Strategiyas\u0131\u201dna uy\u011fun olaraq \u00f6lk\u0259 \u00fczr\u0259 peyv\u0259ndl\u0259nm\u0259 prosesi davam edir. Lakin koronavirusun daha yoluxucu &quot;Delta&quot; \u015ftamm\u0131n\u0131n g\u00fcnd\u0259md\u0259 olmas\u0131 virusla daha ciddi m\u00fcbariz\u0259 apar\u0131lmas\u0131n\u0131 z\u0259ruri edir: \u201cBundan \u0259lav\u0259, m\u00f6vs\u00fcml\u0259 \u0259laq\u0259dar havan\u0131n d\u0259yi\u015fm\u0259si d\u0259 epidemiyan\u0131n daha geni\u015f yay\u0131lmas\u0131 riskini art\u0131r\u0131r. Odur ki, bir s\u0131ra \u00f6lk\u0259l\u0259rd\u0259, m\u0259s\u0259l\u0259n, T\u00fcrkiy\u0259, \u00c7in, Avstriya, Bel\u00e7ika, Finlandiya, Macar\u0131stan, Rusiya, \u0130spaniyada, \u0130sve\u00e7r\u0259d\u0259 art\u0131q 3-c\u00fc g\u00fccl\u0259ndirici doza vaksinasiyaya start verilib\u201d.\n<\/p>\n<p>\n  Nazirlik son elmi t\u0259dqiqatlar\u0131n n\u0259tic\u0259l\u0259rini v\u0259 COVID-19 virusunun mutasiya u\u011framas\u0131n\u0131 n\u0259z\u0259r\u0259 alaraq, h\u0259r 2 doza vaksin alm\u0131\u015f risk qrupuna daxil olan v\u0259t\u0259nda\u015flar\u0131, xroniki x\u0259st\u0259liyi olanlar\u0131, b\u00fct\u00fcn tibb i\u015f\u00e7il\u0259rini v\u0259 ya\u015f\u0131 50-dan yuxar\u0131 olan \u0259halini 3-c\u00fc doza (\u201cbuster\u201d doza) il\u0259 peyv\u0259ndl\u0259nm\u0259y\u0259 \u00e7a\u011f\u0131r\u0131r: \u201c\u00dc\u00e7\u00fcnc\u00fc doza \u00fc\u00e7\u00fcn Az\u0259rbaycanda t\u0259sdiq olunan b\u00fct\u00fcn vaksinl\u0259r istifad\u0259 oluna bil\u0259r\u201d.\n<\/p>\n<p>\n  Avropa Tibb Agentliyi (EMA) d\u0259 oktyabr\u0131n 4-d\u0259 yayd\u0131\u011f\u0131<br \/>\n  <a href=\"https:\/\/www.ema.europa.eu\/en\/news\/comirnaty-spikevax-ema-recommendations-extra-doses-boosters\"><br \/>\n    a\u00e7\u0131qlama<br \/>\n  <\/a><br \/>\n  s\u0131nda bildirib ki, ya\u015f\u0131 18-d\u0259n yuxar\u0131 olanlara ikinci dozadan az\u0131 6 sonra buster dozalar\u0131n vurulmas\u0131 n\u0259z\u0259rd\u0259n ke\u00e7iril\u0259 bil\u0259r.\n<\/p>\n<p>\n  EMA immun sistemi k\u0259skin z\u0259if olanlar \u00fc\u00e7\u00fcn ikinci dozadan az\u0131 28 g\u00fcn sonra BioNTech\/Pfizer v\u0259 Moderna vaksinl\u0259rinin buster dozalar\u0131n\u0131 vurma\u011f\u0131 t\u00f6vsiy\u0259 edib.\n<\/p>\n<p>\n  BMT-nin ba\u015f katibi Antonio Quterres is\u0259 oktyabr\u0131n 9-da D\u00fcnya S\u0259hiyy\u0259 T\u0259\u015fkilat\u0131n\u0131n (DST) m\u0259tbuat konfrans\u0131nda<br \/>\n  <a href=\"https:\/\/www.azadliq.org\/a\/bmt-vaksin\/31500138.html\"><br \/>\n    deyib<br \/>\n  <\/a><br \/>\n  ki, \u00e7ox tezlikl\u0259 vaksinl\u0259r\u0259 m\u00fcqavim\u0259tli koronavirus variantlar\u0131 yarana bil\u0259r: \u201cBritaniya v\u0259 ba\u015fqa inki\u015faf etmi\u015f \u00f6lk\u0259l\u0259r vaksin t\u0259dar\u00fck\u00fcn\u00fc Afrika kimi yerl\u0259rd\u0259 c\u0259ml\u0259\u015fdirm\u0259m\u0259kl\u0259 \u201caxmaql\u0131q\u201d edirl\u0259r. Bu, koronavirusun yeni n\u00f6vl\u0259rinin yaranmas\u0131na s\u0259b\u0259b olmaqla pandemiyaya qar\u015f\u0131 indiy\u0259d\u0259k g\u00f6r\u00fclm\u00fc\u015f qlobal t\u0259dbirl\u0259rin n\u0259tic\u0259sini he\u00e7\u0259 endir\u0259 bil\u0259r\u201d.\n<\/p>\n<p>\n  DST-nin COVID 19-a Qar\u015f\u0131 Qlobal Vaksinl\u0259m\u0259y\u0259 Nail Olunmas\u0131 Srtrategiyas\u0131 adlanan plan\u0131 2021-ci ilin sonunad\u0259k h\u0259r bir \u00f6lk\u0259d\u0259 \u0259halinin minimum 40 faizinin, 2022-ci ilin ortalar\u0131nad\u0259k is\u0259 70 faizinin peyv\u0259ndl\u0259m\u0259sini h\u0259d\u0259f edir.\n<\/p>\n<p>\n  Bu strategiyan\u0131n h\u0259yata ke\u00e7irilm\u0259si \u00fc\u00e7\u00fcn az\u0131 11 milyard doza vaksin\u0259 ehtiyac var.\n<\/p>\n<p>\n  Ekspertl\u0259r bildirirl\u0259r ki, bu, vaksinl\u0259rin haz\u0131rk\u0131 qlobal t\u0259chizat templ\u0259ri \u2013 y\u0259ni aya 1.5 milyard dozan\u0131n istehsal\u0131 il\u0259 tamamil\u0259 realist h\u0259d\u0259fdir.\n<\/p>\n<p>\n  Planda habel\u0259 b\u00fct\u00fcn ya\u015fl\u0131lar\u0131n v\u0259 b\u00fct\u00fcn tibb i\u015f\u00e7il\u0259rinin ilk n\u00f6vb\u0259d\u0259 peyv\u0259nd olunmas\u0131 n\u0259z\u0259rd\u0259 tutulub.\n<\/p>\n<p>\n  \u201cBiz virusun da yay\u0131lmas\u0131na me\u015f\u0259 yan\u011f\u0131nlar\u0131n\u0131n yay\u0131lmas\u0131na imkan verdiyimiz kimi imkan vers\u0259k, yeni variantlar\u0131n yaranaca\u011f\u0131n\u0131 bilirik. Bel\u0259 olarsa, g\u00fcnl\u0259rin bir g\u00fcn\u00fcnd\u0259, daha do\u011frusu g\u00fcnl\u0259rin tez bir g\u00fcn\u00fcnd\u0259 vaksinl\u0259r\u0259 m\u00fcqavim\u0259t g\u00f6st\u0259r\u0259 bil\u0259n variantlar yarana bil\u0259r. Bel\u0259 olduqda inki\u015faf etmi\u015f \u00f6lk\u0259l\u0259rin vaksinasiya sah\u0259sind\u0259 g\u00f6st\u0259rdiyi b\u00fct\u00fcn s\u0259yl\u0259r iflasa u\u011frayar v\u0259 insanlar m\u00fcdafi\u0259siz qalar\u201d, &#8211; Quterres deyib.\n<\/p>\n<p>\n  2019-cu ilin sonlar\u0131nda d\u00fcnyada yeni koronavirus a\u015fkar edilib. 2020-ci il mart\u0131n 11-d\u0259 D\u00fcnya S\u0259hiyy\u0259 T\u0259\u015fkilat\u0131 koronavirusu pandemiya elan edib.\n<\/p>\n<p>\n  D\u00fcnyada s\u00fcr\u0259tl\u0259 yay\u0131lan bu virusdan indiy\u0259 q\u0259d\u0259r 4,8 milyondan \u00e7ox \u015f\u0259xsin v\u0259fat etdiyi a\u00e7\u0131qlan\u0131b.<\/p>\n","protected":false},"excerpt":{"rendered":"<p>\u201cAra\u015fd\u0131rmalar koronavirusa qar\u015f\u0131 istifad\u0259 olunan peyv\u0259ndl\u0259rin effektinin m\u00fc\u0259yy\u0259n m\u00fcdd\u0259td\u0259n sonra azald\u0131\u011f\u0131n\u0131 s\u00fcbuta yetirib&#8221;.<\/p>\n","protected":false},"author":11,"featured_media":156780,"comment_status":"closed","ping_status":"open","sticky":false,"template":"","format":"standard","meta":{"_acf_changed":false,"_sitemap_exclude":false,"_sitemap_priority":"","_sitemap_frequency":"","footnotes":""},"categories":[54],"tags":[],"class_list":["post-213235","post","type-post","status-publish","format-standard","has-post-thumbnail","hentry","category-sagliq","infinite-scroll-item","generate-columns","tablet-grid-50","mobile-grid-100","grid-parent","grid-33","no-featured-image-padding"],"acf":[],"yoast_head":"<!-- This site is optimized with the Yoast SEO plugin v27.4 - https:\/\/yoast.com\/product\/yoast-seo-wordpress\/ -->\n<title>S\u0259hiyy\u0259 Nazirliyi: 3-c\u00fc doza vaksinin vurulmas\u0131 ehtiyac\u0131 yaran\u0131b - MEYDAN.TV<\/title>\n<meta name=\"robots\" content=\"index, follow, max-snippet:-1, max-image-preview:large, max-video-preview:-1\" \/>\n<link rel=\"canonical\" href=\"https:\/\/www.meydan.tv\/az\/article\/sehiyye-nazirliyi-3-cu-doza-vaksinin-vurulmasi-ehtiyaci-yaranib\/\" \/>\n<meta property=\"og:locale\" content=\"az_AZ\" \/>\n<meta property=\"og:type\" content=\"article\" \/>\n<meta property=\"og:title\" content=\"S\u0259hiyy\u0259 Nazirliyi: 3-c\u00fc doza vaksinin vurulmas\u0131 ehtiyac\u0131 yaran\u0131b - MEYDAN.TV\" \/>\n<meta property=\"og:description\" content=\"\u201cAra\u015fd\u0131rmalar koronavirusa qar\u015f\u0131 istifad\u0259 olunan peyv\u0259ndl\u0259rin effektinin m\u00fc\u0259yy\u0259n m\u00fcdd\u0259td\u0259n sonra azald\u0131\u011f\u0131n\u0131 s\u00fcbuta yetirib&#039;&#039;.\" \/>\n<meta property=\"og:url\" content=\"https:\/\/www.meydan.tv\/az\/article\/sehiyye-nazirliyi-3-cu-doza-vaksinin-vurulmasi-ehtiyaci-yaranib\/\" \/>\n<meta property=\"og:site_name\" content=\"MEYDAN.TV\" \/>\n<meta property=\"article:published_time\" content=\"2021-10-11T13:51:37+00:00\" \/>\n<meta property=\"og:image\" content=\"https:\/\/www.meydan.tv\/wp-content\/uploads\/vaksin_w5aaa8k-scaled.jpg\" \/>\n\t<meta property=\"og:image:width\" content=\"2560\" \/>\n\t<meta property=\"og:image:height\" content=\"1440\" \/>\n\t<meta property=\"og:image:type\" content=\"image\/jpeg\" \/>\n<meta name=\"author\" content=\"user-manager\" \/>\n<meta name=\"twitter:card\" content=\"summary_large_image\" \/>\n<script type=\"application\/ld+json\" class=\"yoast-schema-graph\">{\"@context\":\"https:\\\/\\\/schema.org\",\"@graph\":[{\"@type\":\"Article\",\"@id\":\"https:\\\/\\\/www.meydan.tv\\\/az\\\/article\\\/sehiyye-nazirliyi-3-cu-doza-vaksinin-vurulmasi-ehtiyaci-yaranib\\\/#article\",\"isPartOf\":{\"@id\":\"https:\\\/\\\/www.meydan.tv\\\/az\\\/article\\\/sehiyye-nazirliyi-3-cu-doza-vaksinin-vurulmasi-ehtiyaci-yaranib\\\/\"},\"author\":{\"name\":\"user-manager\",\"@id\":\"https:\\\/\\\/www.meydan.tv\\\/az\\\/#\\\/schema\\\/person\\\/10d11eccf6da3662cf5fdab9806ea91a\"},\"headline\":\"S\u0259hiyy\u0259 Nazirliyi: 3-c\u00fc doza vaksinin vurulmas\u0131 ehtiyac\u0131 yaran\u0131b\",\"datePublished\":\"2021-10-11T13:51:37+00:00\",\"mainEntityOfPage\":{\"@id\":\"https:\\\/\\\/www.meydan.tv\\\/az\\\/article\\\/sehiyye-nazirliyi-3-cu-doza-vaksinin-vurulmasi-ehtiyaci-yaranib\\\/\"},\"wordCount\":714,\"publisher\":{\"@id\":\"https:\\\/\\\/www.meydan.tv\\\/az\\\/#organization\"},\"image\":{\"@id\":\"https:\\\/\\\/www.meydan.tv\\\/az\\\/article\\\/sehiyye-nazirliyi-3-cu-doza-vaksinin-vurulmasi-ehtiyaci-yaranib\\\/#primaryimage\"},\"thumbnailUrl\":\"https:\\\/\\\/www.meydan.tv\\\/wp-content\\\/uploads\\\/vaksin_w5aaa8k-scaled.jpg\",\"articleSection\":[\"Sa\u011fl\u0131q\"],\"inLanguage\":\"az\"},{\"@type\":\"WebPage\",\"@id\":\"https:\\\/\\\/www.meydan.tv\\\/az\\\/article\\\/sehiyye-nazirliyi-3-cu-doza-vaksinin-vurulmasi-ehtiyaci-yaranib\\\/\",\"url\":\"https:\\\/\\\/www.meydan.tv\\\/az\\\/article\\\/sehiyye-nazirliyi-3-cu-doza-vaksinin-vurulmasi-ehtiyaci-yaranib\\\/\",\"name\":\"S\u0259hiyy\u0259 Nazirliyi: 3-c\u00fc doza vaksinin vurulmas\u0131 ehtiyac\u0131 yaran\u0131b - MEYDAN.TV\",\"isPartOf\":{\"@id\":\"https:\\\/\\\/www.meydan.tv\\\/az\\\/#website\"},\"primaryImageOfPage\":{\"@id\":\"https:\\\/\\\/www.meydan.tv\\\/az\\\/article\\\/sehiyye-nazirliyi-3-cu-doza-vaksinin-vurulmasi-ehtiyaci-yaranib\\\/#primaryimage\"},\"image\":{\"@id\":\"https:\\\/\\\/www.meydan.tv\\\/az\\\/article\\\/sehiyye-nazirliyi-3-cu-doza-vaksinin-vurulmasi-ehtiyaci-yaranib\\\/#primaryimage\"},\"thumbnailUrl\":\"https:\\\/\\\/www.meydan.tv\\\/wp-content\\\/uploads\\\/vaksin_w5aaa8k-scaled.jpg\",\"datePublished\":\"2021-10-11T13:51:37+00:00\",\"breadcrumb\":{\"@id\":\"https:\\\/\\\/www.meydan.tv\\\/az\\\/article\\\/sehiyye-nazirliyi-3-cu-doza-vaksinin-vurulmasi-ehtiyaci-yaranib\\\/#breadcrumb\"},\"inLanguage\":\"az\",\"potentialAction\":[{\"@type\":\"ReadAction\",\"target\":[\"https:\\\/\\\/www.meydan.tv\\\/az\\\/article\\\/sehiyye-nazirliyi-3-cu-doza-vaksinin-vurulmasi-ehtiyaci-yaranib\\\/\"]}]},{\"@type\":\"ImageObject\",\"inLanguage\":\"az\",\"@id\":\"https:\\\/\\\/www.meydan.tv\\\/az\\\/article\\\/sehiyye-nazirliyi-3-cu-doza-vaksinin-vurulmasi-ehtiyaci-yaranib\\\/#primaryimage\",\"url\":\"https:\\\/\\\/www.meydan.tv\\\/wp-content\\\/uploads\\\/vaksin_w5aaa8k-scaled.jpg\",\"contentUrl\":\"https:\\\/\\\/www.meydan.tv\\\/wp-content\\\/uploads\\\/vaksin_w5aaa8k-scaled.jpg\",\"width\":2560,\"height\":1440,\"caption\":\"Source: Meydan TV\"},{\"@type\":\"BreadcrumbList\",\"@id\":\"https:\\\/\\\/www.meydan.tv\\\/az\\\/article\\\/sehiyye-nazirliyi-3-cu-doza-vaksinin-vurulmasi-ehtiyaci-yaranib\\\/#breadcrumb\",\"itemListElement\":[{\"@type\":\"ListItem\",\"position\":1,\"name\":\"Ana s\u0259hif\u0259\",\"item\":\"https:\\\/\\\/www.meydan.tv\\\/az\\\/\"},{\"@type\":\"ListItem\",\"position\":2,\"name\":\"Sa\u011fl\u0131q\",\"item\":\"https:\\\/\\\/www.meydan.tv\\\/az\\\/section\\\/sagliq\\\/\"},{\"@type\":\"ListItem\",\"position\":3,\"name\":\"S\u0259hiyy\u0259 Nazirliyi: 3-c\u00fc doza vaksinin vurulmas\u0131 ehtiyac\u0131 yaran\u0131b\"}]},{\"@type\":\"WebSite\",\"@id\":\"https:\\\/\\\/www.meydan.tv\\\/az\\\/#website\",\"url\":\"https:\\\/\\\/www.meydan.tv\\\/az\\\/\",\"name\":\"MEYDAN.TV\",\"description\":\"Meydan TV Az\u0259rbaycan\u0131n media m\u0259kan\u0131ndak\u0131 alternativ s\u0259sidir\",\"publisher\":{\"@id\":\"https:\\\/\\\/www.meydan.tv\\\/az\\\/#organization\"},\"potentialAction\":[{\"@type\":\"SearchAction\",\"target\":{\"@type\":\"EntryPoint\",\"urlTemplate\":\"https:\\\/\\\/www.meydan.tv\\\/az\\\/?s={search_term_string}\"},\"query-input\":{\"@type\":\"PropertyValueSpecification\",\"valueRequired\":true,\"valueName\":\"search_term_string\"}}],\"inLanguage\":\"az\"},{\"@type\":\"Organization\",\"@id\":\"https:\\\/\\\/www.meydan.tv\\\/az\\\/#organization\",\"name\":\"Meydan TV\",\"url\":\"https:\\\/\\\/www.meydan.tv\\\/az\\\/\",\"logo\":{\"@type\":\"ImageObject\",\"inLanguage\":\"az\",\"@id\":\"https:\\\/\\\/www.meydan.tv\\\/az\\\/#\\\/schema\\\/logo\\\/image\\\/\",\"url\":\"https:\\\/\\\/www.meydan.tv\\\/wp-content\\\/uploads\\\/2021\\\/07\\\/meydan-logo.svg\",\"contentUrl\":\"https:\\\/\\\/www.meydan.tv\\\/wp-content\\\/uploads\\\/2021\\\/07\\\/meydan-logo.svg\",\"width\":195,\"height\":46,\"caption\":\"Meydan TV\"},\"image\":{\"@id\":\"https:\\\/\\\/www.meydan.tv\\\/az\\\/#\\\/schema\\\/logo\\\/image\\\/\"}},{\"@type\":\"Person\",\"@id\":\"https:\\\/\\\/www.meydan.tv\\\/az\\\/#\\\/schema\\\/person\\\/10d11eccf6da3662cf5fdab9806ea91a\",\"name\":\"user-manager\"}]}<\/script>\n<!-- \/ Yoast SEO plugin. -->","yoast_head_json":{"title":"S\u0259hiyy\u0259 Nazirliyi: 3-c\u00fc doza vaksinin vurulmas\u0131 ehtiyac\u0131 yaran\u0131b - MEYDAN.TV","robots":{"index":"index","follow":"follow","max-snippet":"max-snippet:-1","max-image-preview":"max-image-preview:large","max-video-preview":"max-video-preview:-1"},"canonical":"https:\/\/www.meydan.tv\/az\/article\/sehiyye-nazirliyi-3-cu-doza-vaksinin-vurulmasi-ehtiyaci-yaranib\/","og_locale":"az_AZ","og_type":"article","og_title":"S\u0259hiyy\u0259 Nazirliyi: 3-c\u00fc doza vaksinin vurulmas\u0131 ehtiyac\u0131 yaran\u0131b - MEYDAN.TV","og_description":"\u201cAra\u015fd\u0131rmalar koronavirusa qar\u015f\u0131 istifad\u0259 olunan peyv\u0259ndl\u0259rin effektinin m\u00fc\u0259yy\u0259n m\u00fcdd\u0259td\u0259n sonra azald\u0131\u011f\u0131n\u0131 s\u00fcbuta yetirib''.","og_url":"https:\/\/www.meydan.tv\/az\/article\/sehiyye-nazirliyi-3-cu-doza-vaksinin-vurulmasi-ehtiyaci-yaranib\/","og_site_name":"MEYDAN.TV","article_published_time":"2021-10-11T13:51:37+00:00","og_image":[{"width":2560,"height":1440,"url":"https:\/\/www.meydan.tv\/wp-content\/uploads\/vaksin_w5aaa8k-scaled.jpg","type":"image\/jpeg"}],"author":"user-manager","twitter_card":"summary_large_image","schema":{"@context":"https:\/\/schema.org","@graph":[{"@type":"Article","@id":"https:\/\/www.meydan.tv\/az\/article\/sehiyye-nazirliyi-3-cu-doza-vaksinin-vurulmasi-ehtiyaci-yaranib\/#article","isPartOf":{"@id":"https:\/\/www.meydan.tv\/az\/article\/sehiyye-nazirliyi-3-cu-doza-vaksinin-vurulmasi-ehtiyaci-yaranib\/"},"author":{"name":"user-manager","@id":"https:\/\/www.meydan.tv\/az\/#\/schema\/person\/10d11eccf6da3662cf5fdab9806ea91a"},"headline":"S\u0259hiyy\u0259 Nazirliyi: 3-c\u00fc doza vaksinin vurulmas\u0131 ehtiyac\u0131 yaran\u0131b","datePublished":"2021-10-11T13:51:37+00:00","mainEntityOfPage":{"@id":"https:\/\/www.meydan.tv\/az\/article\/sehiyye-nazirliyi-3-cu-doza-vaksinin-vurulmasi-ehtiyaci-yaranib\/"},"wordCount":714,"publisher":{"@id":"https:\/\/www.meydan.tv\/az\/#organization"},"image":{"@id":"https:\/\/www.meydan.tv\/az\/article\/sehiyye-nazirliyi-3-cu-doza-vaksinin-vurulmasi-ehtiyaci-yaranib\/#primaryimage"},"thumbnailUrl":"https:\/\/www.meydan.tv\/wp-content\/uploads\/vaksin_w5aaa8k-scaled.jpg","articleSection":["Sa\u011fl\u0131q"],"inLanguage":"az"},{"@type":"WebPage","@id":"https:\/\/www.meydan.tv\/az\/article\/sehiyye-nazirliyi-3-cu-doza-vaksinin-vurulmasi-ehtiyaci-yaranib\/","url":"https:\/\/www.meydan.tv\/az\/article\/sehiyye-nazirliyi-3-cu-doza-vaksinin-vurulmasi-ehtiyaci-yaranib\/","name":"S\u0259hiyy\u0259 Nazirliyi: 3-c\u00fc doza vaksinin vurulmas\u0131 ehtiyac\u0131 yaran\u0131b - MEYDAN.TV","isPartOf":{"@id":"https:\/\/www.meydan.tv\/az\/#website"},"primaryImageOfPage":{"@id":"https:\/\/www.meydan.tv\/az\/article\/sehiyye-nazirliyi-3-cu-doza-vaksinin-vurulmasi-ehtiyaci-yaranib\/#primaryimage"},"image":{"@id":"https:\/\/www.meydan.tv\/az\/article\/sehiyye-nazirliyi-3-cu-doza-vaksinin-vurulmasi-ehtiyaci-yaranib\/#primaryimage"},"thumbnailUrl":"https:\/\/www.meydan.tv\/wp-content\/uploads\/vaksin_w5aaa8k-scaled.jpg","datePublished":"2021-10-11T13:51:37+00:00","breadcrumb":{"@id":"https:\/\/www.meydan.tv\/az\/article\/sehiyye-nazirliyi-3-cu-doza-vaksinin-vurulmasi-ehtiyaci-yaranib\/#breadcrumb"},"inLanguage":"az","potentialAction":[{"@type":"ReadAction","target":["https:\/\/www.meydan.tv\/az\/article\/sehiyye-nazirliyi-3-cu-doza-vaksinin-vurulmasi-ehtiyaci-yaranib\/"]}]},{"@type":"ImageObject","inLanguage":"az","@id":"https:\/\/www.meydan.tv\/az\/article\/sehiyye-nazirliyi-3-cu-doza-vaksinin-vurulmasi-ehtiyaci-yaranib\/#primaryimage","url":"https:\/\/www.meydan.tv\/wp-content\/uploads\/vaksin_w5aaa8k-scaled.jpg","contentUrl":"https:\/\/www.meydan.tv\/wp-content\/uploads\/vaksin_w5aaa8k-scaled.jpg","width":2560,"height":1440,"caption":"Source: Meydan TV"},{"@type":"BreadcrumbList","@id":"https:\/\/www.meydan.tv\/az\/article\/sehiyye-nazirliyi-3-cu-doza-vaksinin-vurulmasi-ehtiyaci-yaranib\/#breadcrumb","itemListElement":[{"@type":"ListItem","position":1,"name":"Ana s\u0259hif\u0259","item":"https:\/\/www.meydan.tv\/az\/"},{"@type":"ListItem","position":2,"name":"Sa\u011fl\u0131q","item":"https:\/\/www.meydan.tv\/az\/section\/sagliq\/"},{"@type":"ListItem","position":3,"name":"S\u0259hiyy\u0259 Nazirliyi: 3-c\u00fc doza vaksinin vurulmas\u0131 ehtiyac\u0131 yaran\u0131b"}]},{"@type":"WebSite","@id":"https:\/\/www.meydan.tv\/az\/#website","url":"https:\/\/www.meydan.tv\/az\/","name":"MEYDAN.TV","description":"Meydan TV Az\u0259rbaycan\u0131n media m\u0259kan\u0131ndak\u0131 alternativ s\u0259sidir","publisher":{"@id":"https:\/\/www.meydan.tv\/az\/#organization"},"potentialAction":[{"@type":"SearchAction","target":{"@type":"EntryPoint","urlTemplate":"https:\/\/www.meydan.tv\/az\/?s={search_term_string}"},"query-input":{"@type":"PropertyValueSpecification","valueRequired":true,"valueName":"search_term_string"}}],"inLanguage":"az"},{"@type":"Organization","@id":"https:\/\/www.meydan.tv\/az\/#organization","name":"Meydan TV","url":"https:\/\/www.meydan.tv\/az\/","logo":{"@type":"ImageObject","inLanguage":"az","@id":"https:\/\/www.meydan.tv\/az\/#\/schema\/logo\/image\/","url":"https:\/\/www.meydan.tv\/wp-content\/uploads\/2021\/07\/meydan-logo.svg","contentUrl":"https:\/\/www.meydan.tv\/wp-content\/uploads\/2021\/07\/meydan-logo.svg","width":195,"height":46,"caption":"Meydan TV"},"image":{"@id":"https:\/\/www.meydan.tv\/az\/#\/schema\/logo\/image\/"}},{"@type":"Person","@id":"https:\/\/www.meydan.tv\/az\/#\/schema\/person\/10d11eccf6da3662cf5fdab9806ea91a","name":"user-manager"}]}},"_links":{"self":[{"href":"https:\/\/www.meydan.tv\/az\/wp-json\/wp\/v2\/posts\/213235","targetHints":{"allow":["GET"]}}],"collection":[{"href":"https:\/\/www.meydan.tv\/az\/wp-json\/wp\/v2\/posts"}],"about":[{"href":"https:\/\/www.meydan.tv\/az\/wp-json\/wp\/v2\/types\/post"}],"author":[{"embeddable":true,"href":"https:\/\/www.meydan.tv\/az\/wp-json\/wp\/v2\/users\/11"}],"replies":[{"embeddable":true,"href":"https:\/\/www.meydan.tv\/az\/wp-json\/wp\/v2\/comments?post=213235"}],"version-history":[{"count":0,"href":"https:\/\/www.meydan.tv\/az\/wp-json\/wp\/v2\/posts\/213235\/revisions"}],"wp:featuredmedia":[{"embeddable":true,"href":"https:\/\/www.meydan.tv\/az\/wp-json\/wp\/v2\/media\/156780"}],"wp:attachment":[{"href":"https:\/\/www.meydan.tv\/az\/wp-json\/wp\/v2\/media?parent=213235"}],"wp:term":[{"taxonomy":"category","embeddable":true,"href":"https:\/\/www.meydan.tv\/az\/wp-json\/wp\/v2\/categories?post=213235"},{"taxonomy":"post_tag","embeddable":true,"href":"https:\/\/www.meydan.tv\/az\/wp-json\/wp\/v2\/tags?post=213235"}],"curies":[{"name":"wp","href":"https:\/\/api.w.org\/{rel}","templated":true}]}}