{"id":213233,"date":"2021-10-11T13:03:27","date_gmt":"2021-10-11T13:03:27","guid":{"rendered":"https:\/\/www.meydan.tv\/article\/lerik-rayon-icra-hakimiyyeti-vetendaslarin-yasayis-evleri-zerer-cekib\/"},"modified":"2021-10-11T13:03:27","modified_gmt":"2021-10-11T13:03:27","slug":"lerik-rayon-icra-hakimiyyeti-vetendaslarin-yasayis-evleri-zerer-cekib","status":"publish","type":"post","link":"https:\/\/www.meydan.tv\/az\/article\/lerik-rayon-icra-hakimiyyeti-vetendaslarin-yasayis-evleri-zerer-cekib\/","title":{"rendered":"Lerik Rayon \u0130cra Hakimiyy\u0259ti: V\u0259t\u0259nda\u015flar\u0131n ya\u015fay\u0131\u015f evl\u0259ri z\u0259r\u0259r \u00e7\u0259kib"},"content":{"rendered":"<p>\n  <i><br \/>\n    &quot;Torpaq s\u00fcr\u00fc\u015fm\u0259l\u0259ri il\u0259 ba\u011fl\u0131 m\u00fcvafiq qurumlar m\u0259lumatland\u0131r\u0131l\u0131b&quot;<br \/>\n  <\/i>\n<\/p>\n<p>\n  Lerik Rayon \u0130cra Hakimiyy\u0259ti rayonun \u015eivl\u0259 k\u0259ndind\u0259 ba\u015f ver\u0259n torpaq s\u00fcr\u00fc\u015fm\u0259si il\u0259 ba\u011fl\u0131 x\u0259b\u0259r\u0259 m\u00fcnasib\u0259t<br \/>\n  <a href=\"https:\/\/www.meydan.tv\/az\/article\/aramsiz-yagis-lerikde-torpaq-surusmesine-sebeb-olub\/?ref=list-news\"><br \/>\n    bildirib<br \/>\n  <\/a><br \/>\n  .\n<\/p>\n<p>\n  \u0130cra Hakimiyy\u0259tinin r\u0259smi a\u00e7\u0131qlamas\u0131nda qeyd olunur ki, fasil\u0259siz ya\u011f\u0131\u015f n\u0259tic\u0259sind\u0259 rayonun bir \u00e7ox \u0259razil\u0259rind\u0259 f\u0259sadlar yaran\u0131b: &quot;Sentyabr 2021-ci ilin son on g\u00fcnl\u00fcy\u00fcnd\u0259n ba\u015flayaraq bu g\u00fcn\u0259 kimi fasil\u0259siz olaraq ya\u011fan ya\u011f\u0131\u015f n\u0259tic\u0259sind\u0259 rayonun bir s\u0131ra \u0259razil\u0259rind\u0259 ciddi probleml\u0259r yaran\u0131b. Bel\u0259 ki, ya\u015fay\u0131\u015f m\u0259nt\u0259q\u0259l\u0259rind\u0259 torpaq s\u00fcr\u00fc\u015fm\u0259l\u0259rinin intensivliyi artm\u0131\u015f, avtomobil yollar\u0131nda ma\u015f\u0131nlar\u0131n h\u0259r\u0259k\u0259tind\u0259 \u00e7\u0259tinlikl\u0259r yaranm\u0131\u015f, v\u0259t\u0259nda\u015flar\u0131n ya\u015fay\u0131\u015f evl\u0259ri z\u0259r\u0259r \u00e7\u0259kib. Rayon icra hakimiyy\u0259tinin s\u0259lahiyy\u0259tl\u0259ri daxilind\u0259 yaranan probleml\u0259rin aradan qald\u0131r\u0131lmas\u0131 il\u0259 ba\u011fl\u0131 m\u00fcvafiq i\u015fl\u0259r h\u0259yata ke\u00e7irilib, dig\u0259r m\u0259s\u0259l\u0259l\u0259rin h\u0259ll edilm\u0259si \u00fc\u00e7\u00fcn \u0259laq\u0259dar qurumlar qar\u015f\u0131s\u0131nda m\u0259s\u0259l\u0259 qald\u0131r\u0131l\u0131b&quot;.\n<\/p>\n<p>\n  \u015eivl\u0259 k\u0259nd sakinl\u0259rinin yol v\u0259 k\u00f6rp\u00fc il\u0259 ba\u011fl\u0131 \u015fikay\u0259tin\u0259 g\u0259linc\u0259, \u0130cra Hakimiyy\u0259ti bildirib ki, bu bar\u0259d\u0259 Avtomobil Yollar\u0131 D\u00f6vl\u0259t Agentliyin\u0259 m\u00fcraci\u0259t edilib: &quot;\u015eivl\u0259 k\u0259ndi Noda-\u015eing\u0259dulan-Xanagah avtomobil yolunun \u00fcz\u0259rind\u0259 yerl\u0259\u015fir. Asfalt \u00f6rt\u00fckl\u00fc yolun 26-c\u0131 km-d\u0259n \u015eivl\u0259 k\u0259ndin\u0259 4 km m\u0259saf\u0259 var. Yol \u00e7aydan ke\u00e7ir. \u00c7ay\u0131n \u00fcz\u0259rind\u0259 k\u00f6rp\u00fc yoxdur. K\u00f6rp\u00fcn\u00fcn tikintisi il\u0259 ba\u011fl\u0131 Az\u0259rbaycan Avtomobil Yollar\u0131 D\u00f6vl\u0259t Agentliyin\u0259 m\u00fcraci\u0259t edilib&quot;.\n<\/p>\n<p>\n  Bildirilir ki, k\u0259ndd\u0259 ba\u015f ver\u0259n torpaq s\u00fcr\u00fc\u015fm\u0259l\u0259ri il\u0259 ba\u011fl\u0131 Ekologiya v\u0259 T\u0259bii S\u0259rv\u0259tl\u0259r Nazirliyinin \u0259m\u0259kda\u015flar\u0131 d\u0259f\u0259l\u0259rl\u0259 \u0259razid\u0259 olub, s\u00fcr\u00fc\u015fm\u0259 ocaqlar\u0131 n\u0259zar\u0259t\u0259 g\u00f6t\u00fcr\u00fcl\u00fcb: &quot;\u018fsas\u0259n v\u0259t\u0259nda\u015flara m\u0259xsus pay torpaq sah\u0259l\u0259rind\u0259 ba\u015f ver\u0259n s\u00fcr\u00fc\u015fm\u0259l\u0259rin m\u00fct\u0259madi olaraq m\u00fct\u0259x\u0259ssisl\u0259r t\u0259r\u0259find\u0259n monitorinqi h\u0259yata ke\u00e7irilir. Son g\u00fcnl\u0259r ba\u015f ver\u0259n torpaq s\u00fcr\u00fc\u015fm\u0259l\u0259ri il\u0259 ba\u011fl\u0131 rayon icra hakimiyy\u0259ti t\u0259r\u0259find\u0259n Ekologiya v\u0259 T\u0259bii S\u0259rv\u0259tl\u0259r Nazirliyi m\u0259lumatland\u0131r\u0131l\u0131b&quot;.\n<\/p>\n<p>\n  Oktyabr\u0131n 7-d\u0259 Lerik rayonunun \u015eivl\u0259 k\u0259ndind\u0259 torpaq s\u00fcr\u00fc\u015fm\u0259si ba\u015f verib.\n<\/p>\n<p>\n  Bu bar\u0259d\u0259 Meydan TV-y\u0259 k\u0259nd sakini Sur\u0259t \u018fliyev m\u0259lumat verib.\n<\/p>\n<p>\n  O bildirib ki, s\u00fcr\u00fc\u015fm\u0259 n\u0259tic\u0259sind\u0259 f\u0259rdi t\u0259s\u0259rr\u00fcfat\u0131na ziyan d\u0259yib.\n<\/p>\n<p>\n  K\u0259nd sakini h\u0259m\u00e7inin bildirib ki, k\u0259ndin yax\u0131nl\u0131\u011f\u0131ndan ke\u00e7\u0259n \u00e7ayda da\u015fq\u0131n olub, qon\u015fu k\u0259ndl\u0259r v\u0259 rayonla \u0259laq\u0259 k\u0259silib.\n<\/p>\n<p>\n  O, \u00e7ayda indiy\u0259d\u0259k k\u00f6rp\u00fcn\u00fcn olmad\u0131\u011f\u0131n\u0131 v\u0259 d\u0259f\u0259l\u0259rl\u0259 bununla ba\u011fl\u0131 m\u00fcraci\u0259t edildiyini deyib.<\/p>\n","protected":false},"excerpt":{"rendered":"<p>&#8220;\u018fsas\u0259n v\u0259t\u0259nda\u015flara m\u0259xsus pay torpaq sah\u0259l\u0259rind\u0259 ba\u015f ver\u0259n s\u00fcr\u00fc\u015fm\u0259l\u0259rin m\u00fct\u0259madi olaraq m\u00fct\u0259x\u0259ssisl\u0259r t\u0259r\u0259find\u0259n monitorinqi h\u0259yata ke\u00e7irilir&#8221;.<\/p>\n","protected":false},"author":11,"featured_media":210882,"comment_status":"closed","ping_status":"open","sticky":false,"template":"","format":"standard","meta":{"_acf_changed":false,"_sitemap_exclude":false,"_sitemap_priority":"","_sitemap_frequency":"","footnotes":""},"categories":[60],"tags":[],"class_list":["post-213233","post","type-post","status-publish","format-standard","has-post-thumbnail","hentry","category-bolge","infinite-scroll-item","generate-columns","tablet-grid-50","mobile-grid-100","grid-parent","grid-33","no-featured-image-padding"],"acf":[],"yoast_head":"<!-- This site is optimized with the Yoast SEO plugin v27.5 - https:\/\/yoast.com\/product\/yoast-seo-wordpress\/ -->\n<title>Lerik Rayon \u0130cra Hakimiyy\u0259ti: V\u0259t\u0259nda\u015flar\u0131n ya\u015fay\u0131\u015f evl\u0259ri z\u0259r\u0259r \u00e7\u0259kib - MEYDAN.TV<\/title>\n<meta name=\"robots\" content=\"index, follow, max-snippet:-1, max-image-preview:large, max-video-preview:-1\" \/>\n<link rel=\"canonical\" href=\"https:\/\/www.meydan.tv\/az\/article\/lerik-rayon-icra-hakimiyyeti-vetendaslarin-yasayis-evleri-zerer-cekib\/\" \/>\n<meta property=\"og:locale\" content=\"az_AZ\" \/>\n<meta property=\"og:type\" content=\"article\" \/>\n<meta property=\"og:title\" content=\"Lerik Rayon \u0130cra Hakimiyy\u0259ti: V\u0259t\u0259nda\u015flar\u0131n ya\u015fay\u0131\u015f evl\u0259ri z\u0259r\u0259r \u00e7\u0259kib - MEYDAN.TV\" \/>\n<meta property=\"og:description\" content=\"&quot;\u018fsas\u0259n v\u0259t\u0259nda\u015flara m\u0259xsus pay torpaq sah\u0259l\u0259rind\u0259 ba\u015f ver\u0259n s\u00fcr\u00fc\u015fm\u0259l\u0259rin m\u00fct\u0259madi olaraq m\u00fct\u0259x\u0259ssisl\u0259r t\u0259r\u0259find\u0259n monitorinqi h\u0259yata ke\u00e7irilir&quot;.\" \/>\n<meta property=\"og:url\" content=\"https:\/\/www.meydan.tv\/az\/article\/lerik-rayon-icra-hakimiyyeti-vetendaslarin-yasayis-evleri-zerer-cekib\/\" \/>\n<meta property=\"og:site_name\" content=\"MEYDAN.TV\" \/>\n<meta property=\"article:published_time\" content=\"2021-10-11T13:03:27+00:00\" \/>\n<meta property=\"og:image\" content=\"https:\/\/www.meydan.tv\/wp-content\/uploads\/original_size_facebook_app__untitled_design_1_8qpf7so.png\" \/>\n\t<meta property=\"og:image:width\" content=\"864\" \/>\n\t<meta property=\"og:image:height\" content=\"480\" \/>\n\t<meta property=\"og:image:type\" content=\"image\/png\" \/>\n<meta name=\"author\" content=\"user-manager\" \/>\n<meta name=\"twitter:card\" content=\"summary_large_image\" \/>\n<script type=\"application\/ld+json\" class=\"yoast-schema-graph\">{\"@context\":\"https:\\\/\\\/schema.org\",\"@graph\":[{\"@type\":\"Article\",\"@id\":\"https:\\\/\\\/www.meydan.tv\\\/az\\\/article\\\/lerik-rayon-icra-hakimiyyeti-vetendaslarin-yasayis-evleri-zerer-cekib\\\/#article\",\"isPartOf\":{\"@id\":\"https:\\\/\\\/www.meydan.tv\\\/az\\\/article\\\/lerik-rayon-icra-hakimiyyeti-vetendaslarin-yasayis-evleri-zerer-cekib\\\/\"},\"author\":{\"name\":\"user-manager\",\"@id\":\"https:\\\/\\\/www.meydan.tv\\\/az\\\/#\\\/schema\\\/person\\\/10d11eccf6da3662cf5fdab9806ea91a\"},\"headline\":\"Lerik Rayon \u0130cra Hakimiyy\u0259ti: V\u0259t\u0259nda\u015flar\u0131n ya\u015fay\u0131\u015f evl\u0259ri z\u0259r\u0259r \u00e7\u0259kib\",\"datePublished\":\"2021-10-11T13:03:27+00:00\",\"mainEntityOfPage\":{\"@id\":\"https:\\\/\\\/www.meydan.tv\\\/az\\\/article\\\/lerik-rayon-icra-hakimiyyeti-vetendaslarin-yasayis-evleri-zerer-cekib\\\/\"},\"wordCount\":544,\"publisher\":{\"@id\":\"https:\\\/\\\/www.meydan.tv\\\/az\\\/#organization\"},\"image\":{\"@id\":\"https:\\\/\\\/www.meydan.tv\\\/az\\\/article\\\/lerik-rayon-icra-hakimiyyeti-vetendaslarin-yasayis-evleri-zerer-cekib\\\/#primaryimage\"},\"thumbnailUrl\":\"https:\\\/\\\/www.meydan.tv\\\/wp-content\\\/uploads\\\/original_size_facebook_app__untitled_design_1_8qpf7so.png\",\"articleSection\":[\"B\u00f6lg\u0259\"],\"inLanguage\":\"az\"},{\"@type\":\"WebPage\",\"@id\":\"https:\\\/\\\/www.meydan.tv\\\/az\\\/article\\\/lerik-rayon-icra-hakimiyyeti-vetendaslarin-yasayis-evleri-zerer-cekib\\\/\",\"url\":\"https:\\\/\\\/www.meydan.tv\\\/az\\\/article\\\/lerik-rayon-icra-hakimiyyeti-vetendaslarin-yasayis-evleri-zerer-cekib\\\/\",\"name\":\"Lerik Rayon \u0130cra Hakimiyy\u0259ti: V\u0259t\u0259nda\u015flar\u0131n ya\u015fay\u0131\u015f evl\u0259ri z\u0259r\u0259r \u00e7\u0259kib - MEYDAN.TV\",\"isPartOf\":{\"@id\":\"https:\\\/\\\/www.meydan.tv\\\/az\\\/#website\"},\"primaryImageOfPage\":{\"@id\":\"https:\\\/\\\/www.meydan.tv\\\/az\\\/article\\\/lerik-rayon-icra-hakimiyyeti-vetendaslarin-yasayis-evleri-zerer-cekib\\\/#primaryimage\"},\"image\":{\"@id\":\"https:\\\/\\\/www.meydan.tv\\\/az\\\/article\\\/lerik-rayon-icra-hakimiyyeti-vetendaslarin-yasayis-evleri-zerer-cekib\\\/#primaryimage\"},\"thumbnailUrl\":\"https:\\\/\\\/www.meydan.tv\\\/wp-content\\\/uploads\\\/original_size_facebook_app__untitled_design_1_8qpf7so.png\",\"datePublished\":\"2021-10-11T13:03:27+00:00\",\"breadcrumb\":{\"@id\":\"https:\\\/\\\/www.meydan.tv\\\/az\\\/article\\\/lerik-rayon-icra-hakimiyyeti-vetendaslarin-yasayis-evleri-zerer-cekib\\\/#breadcrumb\"},\"inLanguage\":\"az\",\"potentialAction\":[{\"@type\":\"ReadAction\",\"target\":[\"https:\\\/\\\/www.meydan.tv\\\/az\\\/article\\\/lerik-rayon-icra-hakimiyyeti-vetendaslarin-yasayis-evleri-zerer-cekib\\\/\"]}]},{\"@type\":\"ImageObject\",\"inLanguage\":\"az\",\"@id\":\"https:\\\/\\\/www.meydan.tv\\\/az\\\/article\\\/lerik-rayon-icra-hakimiyyeti-vetendaslarin-yasayis-evleri-zerer-cekib\\\/#primaryimage\",\"url\":\"https:\\\/\\\/www.meydan.tv\\\/wp-content\\\/uploads\\\/original_size_facebook_app__untitled_design_1_8qpf7so.png\",\"contentUrl\":\"https:\\\/\\\/www.meydan.tv\\\/wp-content\\\/uploads\\\/original_size_facebook_app__untitled_design_1_8qpf7so.png\",\"width\":864,\"height\":480,\"caption\":\"Source: Specify Source\"},{\"@type\":\"BreadcrumbList\",\"@id\":\"https:\\\/\\\/www.meydan.tv\\\/az\\\/article\\\/lerik-rayon-icra-hakimiyyeti-vetendaslarin-yasayis-evleri-zerer-cekib\\\/#breadcrumb\",\"itemListElement\":[{\"@type\":\"ListItem\",\"position\":1,\"name\":\"Ana s\u0259hif\u0259\",\"item\":\"https:\\\/\\\/www.meydan.tv\\\/az\\\/\"},{\"@type\":\"ListItem\",\"position\":2,\"name\":\"B\u00f6lg\u0259\",\"item\":\"https:\\\/\\\/www.meydan.tv\\\/az\\\/section\\\/bolge\\\/\"},{\"@type\":\"ListItem\",\"position\":3,\"name\":\"Lerik Rayon \u0130cra Hakimiyy\u0259ti: V\u0259t\u0259nda\u015flar\u0131n ya\u015fay\u0131\u015f evl\u0259ri z\u0259r\u0259r \u00e7\u0259kib\"}]},{\"@type\":\"WebSite\",\"@id\":\"https:\\\/\\\/www.meydan.tv\\\/az\\\/#website\",\"url\":\"https:\\\/\\\/www.meydan.tv\\\/az\\\/\",\"name\":\"MEYDAN.TV\",\"description\":\"Meydan TV Az\u0259rbaycan\u0131n media m\u0259kan\u0131ndak\u0131 alternativ s\u0259sidir\",\"publisher\":{\"@id\":\"https:\\\/\\\/www.meydan.tv\\\/az\\\/#organization\"},\"potentialAction\":[{\"@type\":\"SearchAction\",\"target\":{\"@type\":\"EntryPoint\",\"urlTemplate\":\"https:\\\/\\\/www.meydan.tv\\\/az\\\/?s={search_term_string}\"},\"query-input\":{\"@type\":\"PropertyValueSpecification\",\"valueRequired\":true,\"valueName\":\"search_term_string\"}}],\"inLanguage\":\"az\"},{\"@type\":\"Organization\",\"@id\":\"https:\\\/\\\/www.meydan.tv\\\/az\\\/#organization\",\"name\":\"Meydan TV\",\"url\":\"https:\\\/\\\/www.meydan.tv\\\/az\\\/\",\"logo\":{\"@type\":\"ImageObject\",\"inLanguage\":\"az\",\"@id\":\"https:\\\/\\\/www.meydan.tv\\\/az\\\/#\\\/schema\\\/logo\\\/image\\\/\",\"url\":\"https:\\\/\\\/www.meydan.tv\\\/wp-content\\\/uploads\\\/2021\\\/07\\\/meydan-logo.svg\",\"contentUrl\":\"https:\\\/\\\/www.meydan.tv\\\/wp-content\\\/uploads\\\/2021\\\/07\\\/meydan-logo.svg\",\"width\":195,\"height\":46,\"caption\":\"Meydan TV\"},\"image\":{\"@id\":\"https:\\\/\\\/www.meydan.tv\\\/az\\\/#\\\/schema\\\/logo\\\/image\\\/\"}},{\"@type\":\"Person\",\"@id\":\"https:\\\/\\\/www.meydan.tv\\\/az\\\/#\\\/schema\\\/person\\\/10d11eccf6da3662cf5fdab9806ea91a\",\"name\":\"user-manager\"}]}<\/script>\n<!-- \/ Yoast SEO plugin. -->","yoast_head_json":{"title":"Lerik Rayon \u0130cra Hakimiyy\u0259ti: V\u0259t\u0259nda\u015flar\u0131n ya\u015fay\u0131\u015f evl\u0259ri z\u0259r\u0259r \u00e7\u0259kib - MEYDAN.TV","robots":{"index":"index","follow":"follow","max-snippet":"max-snippet:-1","max-image-preview":"max-image-preview:large","max-video-preview":"max-video-preview:-1"},"canonical":"https:\/\/www.meydan.tv\/az\/article\/lerik-rayon-icra-hakimiyyeti-vetendaslarin-yasayis-evleri-zerer-cekib\/","og_locale":"az_AZ","og_type":"article","og_title":"Lerik Rayon \u0130cra Hakimiyy\u0259ti: V\u0259t\u0259nda\u015flar\u0131n ya\u015fay\u0131\u015f evl\u0259ri z\u0259r\u0259r \u00e7\u0259kib - MEYDAN.TV","og_description":"\"\u018fsas\u0259n v\u0259t\u0259nda\u015flara m\u0259xsus pay torpaq sah\u0259l\u0259rind\u0259 ba\u015f ver\u0259n s\u00fcr\u00fc\u015fm\u0259l\u0259rin m\u00fct\u0259madi olaraq m\u00fct\u0259x\u0259ssisl\u0259r t\u0259r\u0259find\u0259n monitorinqi h\u0259yata ke\u00e7irilir\".","og_url":"https:\/\/www.meydan.tv\/az\/article\/lerik-rayon-icra-hakimiyyeti-vetendaslarin-yasayis-evleri-zerer-cekib\/","og_site_name":"MEYDAN.TV","article_published_time":"2021-10-11T13:03:27+00:00","og_image":[{"width":864,"height":480,"url":"https:\/\/www.meydan.tv\/wp-content\/uploads\/original_size_facebook_app__untitled_design_1_8qpf7so.png","type":"image\/png"}],"author":"user-manager","twitter_card":"summary_large_image","schema":{"@context":"https:\/\/schema.org","@graph":[{"@type":"Article","@id":"https:\/\/www.meydan.tv\/az\/article\/lerik-rayon-icra-hakimiyyeti-vetendaslarin-yasayis-evleri-zerer-cekib\/#article","isPartOf":{"@id":"https:\/\/www.meydan.tv\/az\/article\/lerik-rayon-icra-hakimiyyeti-vetendaslarin-yasayis-evleri-zerer-cekib\/"},"author":{"name":"user-manager","@id":"https:\/\/www.meydan.tv\/az\/#\/schema\/person\/10d11eccf6da3662cf5fdab9806ea91a"},"headline":"Lerik Rayon \u0130cra Hakimiyy\u0259ti: V\u0259t\u0259nda\u015flar\u0131n ya\u015fay\u0131\u015f evl\u0259ri z\u0259r\u0259r \u00e7\u0259kib","datePublished":"2021-10-11T13:03:27+00:00","mainEntityOfPage":{"@id":"https:\/\/www.meydan.tv\/az\/article\/lerik-rayon-icra-hakimiyyeti-vetendaslarin-yasayis-evleri-zerer-cekib\/"},"wordCount":544,"publisher":{"@id":"https:\/\/www.meydan.tv\/az\/#organization"},"image":{"@id":"https:\/\/www.meydan.tv\/az\/article\/lerik-rayon-icra-hakimiyyeti-vetendaslarin-yasayis-evleri-zerer-cekib\/#primaryimage"},"thumbnailUrl":"https:\/\/www.meydan.tv\/wp-content\/uploads\/original_size_facebook_app__untitled_design_1_8qpf7so.png","articleSection":["B\u00f6lg\u0259"],"inLanguage":"az"},{"@type":"WebPage","@id":"https:\/\/www.meydan.tv\/az\/article\/lerik-rayon-icra-hakimiyyeti-vetendaslarin-yasayis-evleri-zerer-cekib\/","url":"https:\/\/www.meydan.tv\/az\/article\/lerik-rayon-icra-hakimiyyeti-vetendaslarin-yasayis-evleri-zerer-cekib\/","name":"Lerik Rayon \u0130cra Hakimiyy\u0259ti: V\u0259t\u0259nda\u015flar\u0131n ya\u015fay\u0131\u015f evl\u0259ri z\u0259r\u0259r \u00e7\u0259kib - MEYDAN.TV","isPartOf":{"@id":"https:\/\/www.meydan.tv\/az\/#website"},"primaryImageOfPage":{"@id":"https:\/\/www.meydan.tv\/az\/article\/lerik-rayon-icra-hakimiyyeti-vetendaslarin-yasayis-evleri-zerer-cekib\/#primaryimage"},"image":{"@id":"https:\/\/www.meydan.tv\/az\/article\/lerik-rayon-icra-hakimiyyeti-vetendaslarin-yasayis-evleri-zerer-cekib\/#primaryimage"},"thumbnailUrl":"https:\/\/www.meydan.tv\/wp-content\/uploads\/original_size_facebook_app__untitled_design_1_8qpf7so.png","datePublished":"2021-10-11T13:03:27+00:00","breadcrumb":{"@id":"https:\/\/www.meydan.tv\/az\/article\/lerik-rayon-icra-hakimiyyeti-vetendaslarin-yasayis-evleri-zerer-cekib\/#breadcrumb"},"inLanguage":"az","potentialAction":[{"@type":"ReadAction","target":["https:\/\/www.meydan.tv\/az\/article\/lerik-rayon-icra-hakimiyyeti-vetendaslarin-yasayis-evleri-zerer-cekib\/"]}]},{"@type":"ImageObject","inLanguage":"az","@id":"https:\/\/www.meydan.tv\/az\/article\/lerik-rayon-icra-hakimiyyeti-vetendaslarin-yasayis-evleri-zerer-cekib\/#primaryimage","url":"https:\/\/www.meydan.tv\/wp-content\/uploads\/original_size_facebook_app__untitled_design_1_8qpf7so.png","contentUrl":"https:\/\/www.meydan.tv\/wp-content\/uploads\/original_size_facebook_app__untitled_design_1_8qpf7so.png","width":864,"height":480,"caption":"Source: Specify Source"},{"@type":"BreadcrumbList","@id":"https:\/\/www.meydan.tv\/az\/article\/lerik-rayon-icra-hakimiyyeti-vetendaslarin-yasayis-evleri-zerer-cekib\/#breadcrumb","itemListElement":[{"@type":"ListItem","position":1,"name":"Ana s\u0259hif\u0259","item":"https:\/\/www.meydan.tv\/az\/"},{"@type":"ListItem","position":2,"name":"B\u00f6lg\u0259","item":"https:\/\/www.meydan.tv\/az\/section\/bolge\/"},{"@type":"ListItem","position":3,"name":"Lerik Rayon \u0130cra Hakimiyy\u0259ti: V\u0259t\u0259nda\u015flar\u0131n ya\u015fay\u0131\u015f evl\u0259ri z\u0259r\u0259r \u00e7\u0259kib"}]},{"@type":"WebSite","@id":"https:\/\/www.meydan.tv\/az\/#website","url":"https:\/\/www.meydan.tv\/az\/","name":"MEYDAN.TV","description":"Meydan TV Az\u0259rbaycan\u0131n media m\u0259kan\u0131ndak\u0131 alternativ s\u0259sidir","publisher":{"@id":"https:\/\/www.meydan.tv\/az\/#organization"},"potentialAction":[{"@type":"SearchAction","target":{"@type":"EntryPoint","urlTemplate":"https:\/\/www.meydan.tv\/az\/?s={search_term_string}"},"query-input":{"@type":"PropertyValueSpecification","valueRequired":true,"valueName":"search_term_string"}}],"inLanguage":"az"},{"@type":"Organization","@id":"https:\/\/www.meydan.tv\/az\/#organization","name":"Meydan TV","url":"https:\/\/www.meydan.tv\/az\/","logo":{"@type":"ImageObject","inLanguage":"az","@id":"https:\/\/www.meydan.tv\/az\/#\/schema\/logo\/image\/","url":"https:\/\/www.meydan.tv\/wp-content\/uploads\/2021\/07\/meydan-logo.svg","contentUrl":"https:\/\/www.meydan.tv\/wp-content\/uploads\/2021\/07\/meydan-logo.svg","width":195,"height":46,"caption":"Meydan TV"},"image":{"@id":"https:\/\/www.meydan.tv\/az\/#\/schema\/logo\/image\/"}},{"@type":"Person","@id":"https:\/\/www.meydan.tv\/az\/#\/schema\/person\/10d11eccf6da3662cf5fdab9806ea91a","name":"user-manager"}]}},"_links":{"self":[{"href":"https:\/\/www.meydan.tv\/az\/wp-json\/wp\/v2\/posts\/213233","targetHints":{"allow":["GET"]}}],"collection":[{"href":"https:\/\/www.meydan.tv\/az\/wp-json\/wp\/v2\/posts"}],"about":[{"href":"https:\/\/www.meydan.tv\/az\/wp-json\/wp\/v2\/types\/post"}],"author":[{"embeddable":true,"href":"https:\/\/www.meydan.tv\/az\/wp-json\/wp\/v2\/users\/11"}],"replies":[{"embeddable":true,"href":"https:\/\/www.meydan.tv\/az\/wp-json\/wp\/v2\/comments?post=213233"}],"version-history":[{"count":0,"href":"https:\/\/www.meydan.tv\/az\/wp-json\/wp\/v2\/posts\/213233\/revisions"}],"wp:featuredmedia":[{"embeddable":true,"href":"https:\/\/www.meydan.tv\/az\/wp-json\/wp\/v2\/media\/210882"}],"wp:attachment":[{"href":"https:\/\/www.meydan.tv\/az\/wp-json\/wp\/v2\/media?parent=213233"}],"wp:term":[{"taxonomy":"category","embeddable":true,"href":"https:\/\/www.meydan.tv\/az\/wp-json\/wp\/v2\/categories?post=213233"},{"taxonomy":"post_tag","embeddable":true,"href":"https:\/\/www.meydan.tv\/az\/wp-json\/wp\/v2\/tags?post=213233"}],"curies":[{"name":"wp","href":"https:\/\/api.w.org\/{rel}","templated":true}]}}