{"id":213230,"date":"2021-10-11T11:44:16","date_gmt":"2021-10-11T11:44:16","guid":{"rendered":"https:\/\/www.meydan.tv\/article\/nazir-muavini-ile-bagli-hokm-deyisdirildi\/"},"modified":"2021-10-11T11:44:16","modified_gmt":"2021-10-11T11:44:16","slug":"nazir-muavini-ile-bagli-hokm-deyisdirildi","status":"publish","type":"post","link":"https:\/\/www.meydan.tv\/az\/article\/nazir-muavini-ile-bagli-hokm-deyisdirildi\/","title":{"rendered":"Nazir m\u00fcavini il\u0259 ba\u011fl\u0131 h\u00f6km d\u0259yi\u015fdirildi"},"content":{"rendered":"<p>\n  <i><br \/>\n    Rafiq Bayramov: \u201cBir n\u0259f\u0259r d\u0259 m\u0259hk\u0259m\u0259d\u0259 dem\u0259di ki, m\u0259n onlardan v\u0259 ya ba\u015fqas\u0131ndan r\u00fc\u015fv\u0259t alm\u0131\u015fam\u201d<br \/>\n  <\/i>\n<\/p>\n<p>\n  Bak\u0131 Apelyasiya M\u0259hk\u0259m\u0259si m\u0259d\u0259niyy\u0259t nazirinin ke\u00e7mi\u015f m\u00fcavini, 1.8 milyon manat r\u00fc\u015fv\u0259t almaqda ittiham olunan Rafiq Bayramov haqq\u0131nda h\u00f6km\u00fc d\u0259yi\u015fib. Hakim Elmar R\u0259himovun s\u0259drliyil\u0259 \u00e7\u0131xar\u0131lan h\u00f6km\u0259 \u0259sas\u0259n, Rafiq Bayramovun c\u0259zas\u0131 8 ild\u0259n 4 il 6 aya endirilib. M\u0259hk\u0259m\u0259 onun \u015f\u0259xsiyy\u0259tini, uzun ill\u0259r y\u00fcks\u0259k d\u00f6vl\u0259t v\u0259zif\u0259l\u0259rind\u0259 \u00e7al\u0131\u015fmas\u0131n\u0131, h\u0259bsind\u0259n sonra 1.2 milyon manat v\u0259saitin d\u00f6vl\u0259t n\u0259fin\u0259 k\u00f6\u00e7\u00fcr\u00fclm\u0259sini n\u0259z\u0259r\u0259 alaraq, ona Cinay\u0259t M\u0259c\u0259ll\u0259sinin 62-ci (Cinay\u0259t\u0259 g\u00f6r\u0259 m\u00fc\u0259yy\u0259n edilmi\u015f c\u0259zadan daha y\u00fcng\u00fcl c\u0259za t\u0259yin edilm\u0259si) madd\u0259sini t\u0259tbiq edib.\n<\/p>\n<p>\n  Rafiq Bayramovun ittiham olundu\u011fu Cinay\u0259t M\u0259c\u0259ll\u0259sinin 311.3.3 (k\u00fclli miqdarda r\u00fc\u015fv\u0259t alma) madd\u0259sind\u0259 8 ild\u0259n 12 il\u0259 q\u0259d\u0259r azadl\u0131qdan m\u0259hrumetm\u0259 n\u0259z\u0259rd\u0259 tutulub.\n<\/p>\n<p>\n  Rafiq Bayramov m\u0259hk\u0259m\u0259d\u0259 bildirib ki, \u00f6z\u00fcn\u00fc t\u0259qsirli bilmir, he\u00e7 kimd\u0259n r\u00fc\u015fv\u0259t almay\u0131b: &quot;M\u0259n \u00f6m\u00fcr boyu r\u00fc\u015fv\u0259t almam\u0131\u015fam. Bu, he\u00e7 c\u00fcr m\u00fcmk\u00fcn deyil. Bir n\u0259f\u0259r d\u0259 m\u0259hk\u0259m\u0259d\u0259 dem\u0259di ki, m\u0259n onlardan v\u0259 ya ba\u015fqas\u0131ndan r\u00fc\u015fv\u0259t alm\u0131\u015fam. M\u0259nim 4 idar\u0259 r\u0259isind\u0259n r\u00fc\u015fv\u0259t ald\u0131\u011f\u0131m iddia olunur. Halbuki, h\u0259min \u015f\u0259xsl\u0259rin i\u015fd\u0259n \u00e7\u0131xar\u0131lmas\u0131 il\u0259 ba\u011fl\u0131 r\u0259hb\u0259rliy\u0259 t\u0259qdimat yazm\u0131\u015fam. M\u0259n bunlardan r\u00fc\u015fv\u0259t al\u0131rd\u0131msa, onlardan niy\u0259 t\u0259qdimat yazm\u0131\u015fd\u0131m?&quot;\n<\/p>\n<p>\n  Rafiq Bayramovun s\u00f6zl\u0259rin\u0259 g\u00f6r\u0259, dindiril\u0259n idar\u0259 r\u0259isl\u0259ri r\u0259hb\u0259rlik t\u0259r\u0259find\u0259n t\u0259yin edilibl\u0259r. Onun h\u0259min \u015f\u0259xsl\u0259rd\u0259n r\u00fc\u015fv\u0259t almas\u0131 m\u00fcmk\u00fcn deyildi: &quot;Nazir m\u00fcavini olsam da, h\u0259min i\u015fl\u0259rin m\u0259nim raz\u0131l\u0131\u011f\u0131mla g\u00f6r\u00fclm\u0259si m\u00fcmk\u00fcn deyildi&quot;.<\/p>\n","protected":false},"excerpt":{"rendered":"<p>&#8220;M\u0259nim 4 idar\u0259 r\u0259isind\u0259n r\u00fc\u015fv\u0259t ald\u0131\u011f\u0131m iddia olunur&#8221;<\/p>\n","protected":false},"author":11,"featured_media":152549,"comment_status":"closed","ping_status":"open","sticky":false,"template":"","format":"standard","meta":{"_acf_changed":false,"_sitemap_exclude":false,"_sitemap_priority":"","_sitemap_frequency":"","footnotes":""},"categories":[62],"tags":[],"class_list":["post-213230","post","type-post","status-publish","format-standard","has-post-thumbnail","hentry","category-sosial","infinite-scroll-item","generate-columns","tablet-grid-50","mobile-grid-100","grid-parent","grid-33","no-featured-image-padding"],"acf":[],"yoast_head":"<!-- This site is optimized with the Yoast SEO plugin v27.5 - https:\/\/yoast.com\/product\/yoast-seo-wordpress\/ -->\n<title>Nazir m\u00fcavini il\u0259 ba\u011fl\u0131 h\u00f6km d\u0259yi\u015fdirildi - MEYDAN.TV<\/title>\n<meta name=\"robots\" content=\"index, follow, max-snippet:-1, max-image-preview:large, max-video-preview:-1\" \/>\n<link rel=\"canonical\" href=\"https:\/\/www.meydan.tv\/az\/article\/nazir-muavini-ile-bagli-hokm-deyisdirildi\/\" \/>\n<meta property=\"og:locale\" content=\"az_AZ\" \/>\n<meta property=\"og:type\" content=\"article\" \/>\n<meta property=\"og:title\" content=\"Nazir m\u00fcavini il\u0259 ba\u011fl\u0131 h\u00f6km d\u0259yi\u015fdirildi - MEYDAN.TV\" \/>\n<meta property=\"og:description\" content=\"&quot;M\u0259nim 4 idar\u0259 r\u0259isind\u0259n r\u00fc\u015fv\u0259t ald\u0131\u011f\u0131m iddia olunur&quot;\" \/>\n<meta property=\"og:url\" content=\"https:\/\/www.meydan.tv\/az\/article\/nazir-muavini-ile-bagli-hokm-deyisdirildi\/\" \/>\n<meta property=\"og:site_name\" content=\"MEYDAN.TV\" \/>\n<meta property=\"article:published_time\" content=\"2021-10-11T11:44:16+00:00\" \/>\n<meta property=\"og:image\" content=\"https:\/\/www.meydan.tv\/wp-content\/uploads\/b1c1e51f-5b50-3f67-8448-23a4dca8548b_850.png\" \/>\n\t<meta property=\"og:image:width\" content=\"850\" \/>\n\t<meta property=\"og:image:height\" content=\"530\" \/>\n\t<meta property=\"og:image:type\" content=\"image\/png\" \/>\n<meta name=\"author\" content=\"user-manager\" \/>\n<meta name=\"twitter:card\" content=\"summary_large_image\" \/>\n<script type=\"application\/ld+json\" class=\"yoast-schema-graph\">{\"@context\":\"https:\\\/\\\/schema.org\",\"@graph\":[{\"@type\":\"Article\",\"@id\":\"https:\\\/\\\/www.meydan.tv\\\/az\\\/article\\\/nazir-muavini-ile-bagli-hokm-deyisdirildi\\\/#article\",\"isPartOf\":{\"@id\":\"https:\\\/\\\/www.meydan.tv\\\/az\\\/article\\\/nazir-muavini-ile-bagli-hokm-deyisdirildi\\\/\"},\"author\":{\"name\":\"user-manager\",\"@id\":\"https:\\\/\\\/www.meydan.tv\\\/az\\\/#\\\/schema\\\/person\\\/10d11eccf6da3662cf5fdab9806ea91a\"},\"headline\":\"Nazir m\u00fcavini il\u0259 ba\u011fl\u0131 h\u00f6km d\u0259yi\u015fdirildi\",\"datePublished\":\"2021-10-11T11:44:16+00:00\",\"mainEntityOfPage\":{\"@id\":\"https:\\\/\\\/www.meydan.tv\\\/az\\\/article\\\/nazir-muavini-ile-bagli-hokm-deyisdirildi\\\/\"},\"wordCount\":379,\"publisher\":{\"@id\":\"https:\\\/\\\/www.meydan.tv\\\/az\\\/#organization\"},\"image\":{\"@id\":\"https:\\\/\\\/www.meydan.tv\\\/az\\\/article\\\/nazir-muavini-ile-bagli-hokm-deyisdirildi\\\/#primaryimage\"},\"thumbnailUrl\":\"https:\\\/\\\/www.meydan.tv\\\/wp-content\\\/uploads\\\/b1c1e51f-5b50-3f67-8448-23a4dca8548b_850.png\",\"articleSection\":[\"Sosial\"],\"inLanguage\":\"az\"},{\"@type\":\"WebPage\",\"@id\":\"https:\\\/\\\/www.meydan.tv\\\/az\\\/article\\\/nazir-muavini-ile-bagli-hokm-deyisdirildi\\\/\",\"url\":\"https:\\\/\\\/www.meydan.tv\\\/az\\\/article\\\/nazir-muavini-ile-bagli-hokm-deyisdirildi\\\/\",\"name\":\"Nazir m\u00fcavini il\u0259 ba\u011fl\u0131 h\u00f6km d\u0259yi\u015fdirildi - MEYDAN.TV\",\"isPartOf\":{\"@id\":\"https:\\\/\\\/www.meydan.tv\\\/az\\\/#website\"},\"primaryImageOfPage\":{\"@id\":\"https:\\\/\\\/www.meydan.tv\\\/az\\\/article\\\/nazir-muavini-ile-bagli-hokm-deyisdirildi\\\/#primaryimage\"},\"image\":{\"@id\":\"https:\\\/\\\/www.meydan.tv\\\/az\\\/article\\\/nazir-muavini-ile-bagli-hokm-deyisdirildi\\\/#primaryimage\"},\"thumbnailUrl\":\"https:\\\/\\\/www.meydan.tv\\\/wp-content\\\/uploads\\\/b1c1e51f-5b50-3f67-8448-23a4dca8548b_850.png\",\"datePublished\":\"2021-10-11T11:44:16+00:00\",\"breadcrumb\":{\"@id\":\"https:\\\/\\\/www.meydan.tv\\\/az\\\/article\\\/nazir-muavini-ile-bagli-hokm-deyisdirildi\\\/#breadcrumb\"},\"inLanguage\":\"az\",\"potentialAction\":[{\"@type\":\"ReadAction\",\"target\":[\"https:\\\/\\\/www.meydan.tv\\\/az\\\/article\\\/nazir-muavini-ile-bagli-hokm-deyisdirildi\\\/\"]}]},{\"@type\":\"ImageObject\",\"inLanguage\":\"az\",\"@id\":\"https:\\\/\\\/www.meydan.tv\\\/az\\\/article\\\/nazir-muavini-ile-bagli-hokm-deyisdirildi\\\/#primaryimage\",\"url\":\"https:\\\/\\\/www.meydan.tv\\\/wp-content\\\/uploads\\\/b1c1e51f-5b50-3f67-8448-23a4dca8548b_850.png\",\"contentUrl\":\"https:\\\/\\\/www.meydan.tv\\\/wp-content\\\/uploads\\\/b1c1e51f-5b50-3f67-8448-23a4dca8548b_850.png\",\"width\":850,\"height\":530,\"caption\":\"Source: google.az\"},{\"@type\":\"BreadcrumbList\",\"@id\":\"https:\\\/\\\/www.meydan.tv\\\/az\\\/article\\\/nazir-muavini-ile-bagli-hokm-deyisdirildi\\\/#breadcrumb\",\"itemListElement\":[{\"@type\":\"ListItem\",\"position\":1,\"name\":\"Ana s\u0259hif\u0259\",\"item\":\"https:\\\/\\\/www.meydan.tv\\\/az\\\/\"},{\"@type\":\"ListItem\",\"position\":2,\"name\":\"Sosial\",\"item\":\"https:\\\/\\\/www.meydan.tv\\\/az\\\/section\\\/sosial\\\/\"},{\"@type\":\"ListItem\",\"position\":3,\"name\":\"Nazir m\u00fcavini il\u0259 ba\u011fl\u0131 h\u00f6km d\u0259yi\u015fdirildi\"}]},{\"@type\":\"WebSite\",\"@id\":\"https:\\\/\\\/www.meydan.tv\\\/az\\\/#website\",\"url\":\"https:\\\/\\\/www.meydan.tv\\\/az\\\/\",\"name\":\"MEYDAN.TV\",\"description\":\"Meydan TV Az\u0259rbaycan\u0131n media m\u0259kan\u0131ndak\u0131 alternativ s\u0259sidir\",\"publisher\":{\"@id\":\"https:\\\/\\\/www.meydan.tv\\\/az\\\/#organization\"},\"potentialAction\":[{\"@type\":\"SearchAction\",\"target\":{\"@type\":\"EntryPoint\",\"urlTemplate\":\"https:\\\/\\\/www.meydan.tv\\\/az\\\/?s={search_term_string}\"},\"query-input\":{\"@type\":\"PropertyValueSpecification\",\"valueRequired\":true,\"valueName\":\"search_term_string\"}}],\"inLanguage\":\"az\"},{\"@type\":\"Organization\",\"@id\":\"https:\\\/\\\/www.meydan.tv\\\/az\\\/#organization\",\"name\":\"Meydan TV\",\"url\":\"https:\\\/\\\/www.meydan.tv\\\/az\\\/\",\"logo\":{\"@type\":\"ImageObject\",\"inLanguage\":\"az\",\"@id\":\"https:\\\/\\\/www.meydan.tv\\\/az\\\/#\\\/schema\\\/logo\\\/image\\\/\",\"url\":\"https:\\\/\\\/www.meydan.tv\\\/wp-content\\\/uploads\\\/2021\\\/07\\\/meydan-logo.svg\",\"contentUrl\":\"https:\\\/\\\/www.meydan.tv\\\/wp-content\\\/uploads\\\/2021\\\/07\\\/meydan-logo.svg\",\"width\":195,\"height\":46,\"caption\":\"Meydan TV\"},\"image\":{\"@id\":\"https:\\\/\\\/www.meydan.tv\\\/az\\\/#\\\/schema\\\/logo\\\/image\\\/\"}},{\"@type\":\"Person\",\"@id\":\"https:\\\/\\\/www.meydan.tv\\\/az\\\/#\\\/schema\\\/person\\\/10d11eccf6da3662cf5fdab9806ea91a\",\"name\":\"user-manager\"}]}<\/script>\n<!-- \/ Yoast SEO plugin. -->","yoast_head_json":{"title":"Nazir m\u00fcavini il\u0259 ba\u011fl\u0131 h\u00f6km d\u0259yi\u015fdirildi - MEYDAN.TV","robots":{"index":"index","follow":"follow","max-snippet":"max-snippet:-1","max-image-preview":"max-image-preview:large","max-video-preview":"max-video-preview:-1"},"canonical":"https:\/\/www.meydan.tv\/az\/article\/nazir-muavini-ile-bagli-hokm-deyisdirildi\/","og_locale":"az_AZ","og_type":"article","og_title":"Nazir m\u00fcavini il\u0259 ba\u011fl\u0131 h\u00f6km d\u0259yi\u015fdirildi - MEYDAN.TV","og_description":"\"M\u0259nim 4 idar\u0259 r\u0259isind\u0259n r\u00fc\u015fv\u0259t ald\u0131\u011f\u0131m iddia olunur\"","og_url":"https:\/\/www.meydan.tv\/az\/article\/nazir-muavini-ile-bagli-hokm-deyisdirildi\/","og_site_name":"MEYDAN.TV","article_published_time":"2021-10-11T11:44:16+00:00","og_image":[{"width":850,"height":530,"url":"https:\/\/www.meydan.tv\/wp-content\/uploads\/b1c1e51f-5b50-3f67-8448-23a4dca8548b_850.png","type":"image\/png"}],"author":"user-manager","twitter_card":"summary_large_image","schema":{"@context":"https:\/\/schema.org","@graph":[{"@type":"Article","@id":"https:\/\/www.meydan.tv\/az\/article\/nazir-muavini-ile-bagli-hokm-deyisdirildi\/#article","isPartOf":{"@id":"https:\/\/www.meydan.tv\/az\/article\/nazir-muavini-ile-bagli-hokm-deyisdirildi\/"},"author":{"name":"user-manager","@id":"https:\/\/www.meydan.tv\/az\/#\/schema\/person\/10d11eccf6da3662cf5fdab9806ea91a"},"headline":"Nazir m\u00fcavini il\u0259 ba\u011fl\u0131 h\u00f6km d\u0259yi\u015fdirildi","datePublished":"2021-10-11T11:44:16+00:00","mainEntityOfPage":{"@id":"https:\/\/www.meydan.tv\/az\/article\/nazir-muavini-ile-bagli-hokm-deyisdirildi\/"},"wordCount":379,"publisher":{"@id":"https:\/\/www.meydan.tv\/az\/#organization"},"image":{"@id":"https:\/\/www.meydan.tv\/az\/article\/nazir-muavini-ile-bagli-hokm-deyisdirildi\/#primaryimage"},"thumbnailUrl":"https:\/\/www.meydan.tv\/wp-content\/uploads\/b1c1e51f-5b50-3f67-8448-23a4dca8548b_850.png","articleSection":["Sosial"],"inLanguage":"az"},{"@type":"WebPage","@id":"https:\/\/www.meydan.tv\/az\/article\/nazir-muavini-ile-bagli-hokm-deyisdirildi\/","url":"https:\/\/www.meydan.tv\/az\/article\/nazir-muavini-ile-bagli-hokm-deyisdirildi\/","name":"Nazir m\u00fcavini il\u0259 ba\u011fl\u0131 h\u00f6km d\u0259yi\u015fdirildi - MEYDAN.TV","isPartOf":{"@id":"https:\/\/www.meydan.tv\/az\/#website"},"primaryImageOfPage":{"@id":"https:\/\/www.meydan.tv\/az\/article\/nazir-muavini-ile-bagli-hokm-deyisdirildi\/#primaryimage"},"image":{"@id":"https:\/\/www.meydan.tv\/az\/article\/nazir-muavini-ile-bagli-hokm-deyisdirildi\/#primaryimage"},"thumbnailUrl":"https:\/\/www.meydan.tv\/wp-content\/uploads\/b1c1e51f-5b50-3f67-8448-23a4dca8548b_850.png","datePublished":"2021-10-11T11:44:16+00:00","breadcrumb":{"@id":"https:\/\/www.meydan.tv\/az\/article\/nazir-muavini-ile-bagli-hokm-deyisdirildi\/#breadcrumb"},"inLanguage":"az","potentialAction":[{"@type":"ReadAction","target":["https:\/\/www.meydan.tv\/az\/article\/nazir-muavini-ile-bagli-hokm-deyisdirildi\/"]}]},{"@type":"ImageObject","inLanguage":"az","@id":"https:\/\/www.meydan.tv\/az\/article\/nazir-muavini-ile-bagli-hokm-deyisdirildi\/#primaryimage","url":"https:\/\/www.meydan.tv\/wp-content\/uploads\/b1c1e51f-5b50-3f67-8448-23a4dca8548b_850.png","contentUrl":"https:\/\/www.meydan.tv\/wp-content\/uploads\/b1c1e51f-5b50-3f67-8448-23a4dca8548b_850.png","width":850,"height":530,"caption":"Source: google.az"},{"@type":"BreadcrumbList","@id":"https:\/\/www.meydan.tv\/az\/article\/nazir-muavini-ile-bagli-hokm-deyisdirildi\/#breadcrumb","itemListElement":[{"@type":"ListItem","position":1,"name":"Ana s\u0259hif\u0259","item":"https:\/\/www.meydan.tv\/az\/"},{"@type":"ListItem","position":2,"name":"Sosial","item":"https:\/\/www.meydan.tv\/az\/section\/sosial\/"},{"@type":"ListItem","position":3,"name":"Nazir m\u00fcavini il\u0259 ba\u011fl\u0131 h\u00f6km d\u0259yi\u015fdirildi"}]},{"@type":"WebSite","@id":"https:\/\/www.meydan.tv\/az\/#website","url":"https:\/\/www.meydan.tv\/az\/","name":"MEYDAN.TV","description":"Meydan TV Az\u0259rbaycan\u0131n media m\u0259kan\u0131ndak\u0131 alternativ s\u0259sidir","publisher":{"@id":"https:\/\/www.meydan.tv\/az\/#organization"},"potentialAction":[{"@type":"SearchAction","target":{"@type":"EntryPoint","urlTemplate":"https:\/\/www.meydan.tv\/az\/?s={search_term_string}"},"query-input":{"@type":"PropertyValueSpecification","valueRequired":true,"valueName":"search_term_string"}}],"inLanguage":"az"},{"@type":"Organization","@id":"https:\/\/www.meydan.tv\/az\/#organization","name":"Meydan TV","url":"https:\/\/www.meydan.tv\/az\/","logo":{"@type":"ImageObject","inLanguage":"az","@id":"https:\/\/www.meydan.tv\/az\/#\/schema\/logo\/image\/","url":"https:\/\/www.meydan.tv\/wp-content\/uploads\/2021\/07\/meydan-logo.svg","contentUrl":"https:\/\/www.meydan.tv\/wp-content\/uploads\/2021\/07\/meydan-logo.svg","width":195,"height":46,"caption":"Meydan TV"},"image":{"@id":"https:\/\/www.meydan.tv\/az\/#\/schema\/logo\/image\/"}},{"@type":"Person","@id":"https:\/\/www.meydan.tv\/az\/#\/schema\/person\/10d11eccf6da3662cf5fdab9806ea91a","name":"user-manager"}]}},"_links":{"self":[{"href":"https:\/\/www.meydan.tv\/az\/wp-json\/wp\/v2\/posts\/213230","targetHints":{"allow":["GET"]}}],"collection":[{"href":"https:\/\/www.meydan.tv\/az\/wp-json\/wp\/v2\/posts"}],"about":[{"href":"https:\/\/www.meydan.tv\/az\/wp-json\/wp\/v2\/types\/post"}],"author":[{"embeddable":true,"href":"https:\/\/www.meydan.tv\/az\/wp-json\/wp\/v2\/users\/11"}],"replies":[{"embeddable":true,"href":"https:\/\/www.meydan.tv\/az\/wp-json\/wp\/v2\/comments?post=213230"}],"version-history":[{"count":0,"href":"https:\/\/www.meydan.tv\/az\/wp-json\/wp\/v2\/posts\/213230\/revisions"}],"wp:featuredmedia":[{"embeddable":true,"href":"https:\/\/www.meydan.tv\/az\/wp-json\/wp\/v2\/media\/152549"}],"wp:attachment":[{"href":"https:\/\/www.meydan.tv\/az\/wp-json\/wp\/v2\/media?parent=213230"}],"wp:term":[{"taxonomy":"category","embeddable":true,"href":"https:\/\/www.meydan.tv\/az\/wp-json\/wp\/v2\/categories?post=213230"},{"taxonomy":"post_tag","embeddable":true,"href":"https:\/\/www.meydan.tv\/az\/wp-json\/wp\/v2\/tags?post=213230"}],"curies":[{"name":"wp","href":"https:\/\/api.w.org\/{rel}","templated":true}]}}