{"id":213228,"date":"2021-10-08T20:26:01","date_gmt":"2021-10-08T20:26:01","guid":{"rendered":"https:\/\/www.meydan.tv\/article\/oqtay-esedovun-ailesine-mexsus-milyonlar-deyerindeki-mulkler\/"},"modified":"2021-10-27T13:47:48","modified_gmt":"2021-10-27T09:47:48","slug":"oqtay-esedovun-ailesine-mexsus-milyonlar-deyerindeki-mulkler","status":"publish","type":"post","link":"https:\/\/www.meydan.tv\/az\/article\/oqtay-esedovun-ailesine-mexsus-milyonlar-deyerindeki-mulkler\/","title":{"rendered":"Oqtay \u018fs\u0259dovun ail\u0259sin\u0259 m\u0259xsus milyonlar d\u0259y\u0259rind\u0259ki m\u00fclkl\u0259r"},"content":{"rendered":"<p>&#8220;Sadiq Xan d\u0259bd\u0259b\u0259li evl\u0259r tikib&#8221; dey\u0259n \u00f6z\u00fcn\u0259 inaml\u0131 g\u00f6r\u00fcn\u0259n v\u0259 xarici aksent il\u0259 dan\u0131\u015fan adam kameraya baxaraq dan\u0131\u015f\u0131r: &#8220;Kam \u0259lveri\u015fli evl\u0259r tik\u0259c\u0259k&#8221;.<\/p>\n<p>Doqquz saniy\u0259lik video\u00e7arx Kam Balayevin bu il ke\u00e7iril\u0259n 39-cu se\u00e7kil\u0259rd\u0259 Londonun m\u0259\u015fhur b\u0259l\u0259diyy\u0259 s\u0259drini taxt\u0131ndan uzaqla\u015fd\u0131rmaq c\u0259hdinin bir hiss\u0259sidir. Balayev se\u00e7ki kampaniyas\u0131 \u00fc\u00e7\u00fcn yarad\u0131lan internet sayt\u0131nda t\u0259l\u0259b\u0259lik ill\u0259rind\u0259 Az\u0259rbaycandan bura g\u0259ldikd\u0259n sonra \u015f\u0259h\u0259r\u0259 a\u015fiq oldu\u011funu deyib. \u0130ndi is\u0259 ist\u0259yi &#8220;b\u00fct\u00fcn londonlular \u00fc\u00e7\u00fcn \u00e7al\u0131\u015fmaq&#8221;d\u0131r.<\/p>\n<p>Ancaq Balayev arzular\u0131 olan h\u0259r hans\u0131 bir m\u00fchacird\u0259n f\u0259rql\u0259nir v\u0259 Londonda d\u0259bd\u0259b\u0259li da\u015f\u0131nmaz \u0259mlak m\u00f6vzusu \u00f6z\u00fc v\u0259 k\u00f6hn\u0259 qohumlar\u0131 \u00fc\u00e7\u00fcn olduqca vacib m\u0259s\u0259l\u0259dir.<\/p>\n<p>Balayev h\u0259l\u0259 evli olanda, \u0130ngilt\u0259r\u0259nin paytaxt\u0131n\u0131n \u0259n prestijli b\u00f6lg\u0259l\u0259rind\u0259n olan \u201cHyde Park\u201ddan piyada c\u0259mi be\u015f d\u0259qiq\u0259lik m\u0259saf\u0259d\u0259 yerl\u0259\u015f\u0259n bahal\u0131 bir m\u0259nzil al\u0131b. O vaxt h\u0259yat yolda\u015f\u0131n\u0131n v\u0259 \u00f6z\u00fcn\u00fcn t\u0259xmin\u0259n 20 ya\u015f\u0131 olub. Bir ne\u00e7\u0259 il sonra onlar ba\u015fqa bir m\u0259nzil al\u0131blar.<\/p>\n<figure class=\"wp-block-image size-large\">\n  <img decoding=\"async\" src=\"https:\/\/www.meydan.tv\/az\/esger-sayt-cover-png-20\/\" alt=\"esger-sayt-cover.png\" class=\"wp-image-210966\"><figcaption>\n    Kam Balayev b\u0259l\u0259diyy\u0259 ba\u015f\u00e7\u0131l\u0131\u011f\u0131na namiz\u0259d kimi \u201cFacebook\u201dda \u00f6z kampaniyas\u0131n\u0131 reklam edir<br \/>\n<\/figcaption><\/figure>\n<h3>\n  PANDORA S\u0259n\u0259dl\u0259ri<\/h3>\n<p>Bu s\u0259n\u0259dl\u0259r Beyn\u0259lxalq Ara\u015fd\u0131rma Jurnalistl\u0259ri Konsorsiumuna (ICIJ) s\u0131zd\u0131r\u0131lan v\u0259 OCCRP d\u0259 daxil olmaqla d\u00fcnyadak\u0131 b\u00fct\u00fcn media t\u0259r\u0259fda\u015flar\u0131na g\u00f6nd\u0259ril\u0259n, of\u015for \u015firk\u0259tl\u0259r \u00fc\u00e7\u00fcn korporativ xidm\u0259t t\u0259min ed\u0259nl\u0259r\u0259 m\u0259xsus milyonlarla s\u0259n\u0259dd\u0259n ibar\u0259t Pandora S\u0259n\u0259dl\u0259rinin bir hiss\u0259sidir.<\/p>\n<p>\u00dcmumilikd\u0259, o vaxtdan b\u0259ri \u0259n az\u0131 bir m\u00fclk sat\u0131lsa da, \u018fs\u0259dovlar ail\u0259sinin bu ill\u0259r \u0259rzind\u0259 dem\u0259k olar ki, 10 milyon dollar d\u0259y\u0259rind\u0259 aktivi olub. Ail\u0259 \u00fczvl\u0259rinin nam\u0259lum g\u0259lirl\u0259rini n\u0259z\u0259r\u0259 ald\u0131rda, bu pulun m\u0259nb\u0259yi suallar do\u011furur.<\/p>\n<p>Oqtay \u018fs\u0259dov parlament\u0259 r\u0259hb\u0259rlik etdiyi 14 il \u0259rzind\u0259 r\u0259smi olaraq 30 min dollardan az maa\u015f al\u0131b. (Eyni zamanda Az\u0259rbaycan Tennis Federasiyas\u0131n\u0131n prezidenti olub, orada maa\u015f al\u0131b -almad\u0131\u011f\u0131 m\u0259lum deyil. Onun \u00f6z\u0259l sektorda pul qazanmas\u0131 qanunsuz olard\u0131.)<\/p>\n<p>Onun uzun ill\u0259r bir d\u00f6vl\u0259t ba\u011f\u00e7as\u0131nda m\u00fcdir v\u0259zif\u0259sind\u0259 olan h\u0259yat yolda\u015f\u0131 daha az pul qazan\u0131b. Ancaq haz\u0131rda Moskvada b\u00f6y\u00fck bir kiray\u0259 \u0259mlak sahibidir, lakin onun g\u0259liri ail\u0259nin h\u0259yata ke\u00e7irdiyi alq\u0131 -satq\u0131lar\u0131 izah etm\u0259y\u0259 kifay\u0259t etmir v\u0259 ilk n\u00f6vb\u0259d\u0259 onun bu m\u00fclk\u00fc sat\u0131n ala bilm\u0259si daha \u00e7ox suallar ortaya \u00e7\u0131xar\u0131r. Ail\u0259nin iki q\u0131z\u0131 birlikd\u0259 \u015f\u0259xsi u\u015faq ba\u011f\u00e7as\u0131n\u0131n sahibidirl\u0259r. Onlarla \u0259laq\u0259li dig\u0259r \u015firk\u0259tl\u0259r b\u00f6y\u00fck q\u0131z\u0131n\u0131n \u0259ri t\u0259r\u0259find\u0259n qurulan iki k\u00f6hn\u0259 t\u00fcrk \u015firk\u0259tidir.<\/p>\n<p>\u015e\u0259rh ist\u0259kl\u0259rin\u0259 cavab olaraq Kamran Balayevi m\u00fcdafi\u0259 ed\u0259n v\u0259kil &#8220;v\u0259zif\u0259 s\u0259lahiyy\u0259tl\u0259rind\u0259n sui -istifad\u0259 etm\u0259si il\u0259 ba\u011fl\u0131 iddialar\u0131 r\u0259dd etdiyini&#8221;, qeyri -qanuni davran\u0131\u015flar\u0131 &#8220;absurd&#8221; kimi qiym\u0259tl\u0259ndirdiyini v\u0259 &#8220;uzun ill\u0259rdir ki, c\u0259nab \u018fs\u0259dovla v\u0259 ail\u0259si il\u0259 birba\u015fa \u0259laq\u0259si olmad\u0131\u011f\u0131n\u0131&#8221; qeyd edib.<\/p>\n<p>\u018fs\u0259dov, h\u0259yat yolda\u015f\u0131, q\u0131zlar\u0131 v\u0259 dig\u0259r k\u00fcr\u0259k\u0259ni jurnalistl\u0259rin m\u00fcraci\u0259tl\u0259rini cavabs\u0131z qoyub.<\/p>\n<p>Balayevin m\u0259sl\u0259h\u0259tl\u0259\u015fdiyi, indi f\u0259aliyy\u0259tini dayand\u0131ran Londondak\u0131 h\u00fcquq firmas\u0131 t\u0259r\u0259find\u0259n n\u0259\u015fr olunan t\u0259rc\u00fcmeyi-hal\u0131na g\u00f6r\u0259, o vaxt Az\u0259rbaycan \u018fdliyy\u0259 Nazirliyind\u0259 \u00e7al\u0131\u015fan bir d\u00f6vl\u0259t m\u0259muru olub v\u0259 g\u0259nc h\u0259yat yolda\u015f\u0131 il\u0259 bu c\u00fcr m\u00fclkl\u0259ri nec\u0259 \u0259ld\u0259 ed\u0259 bildiyi sual do\u011furur.<\/p>\n<p>B\u0259nz\u0259r suallar ail\u0259sin\u0259 d\u0259 veril\u0259 bil\u0259r.<\/p>\n<p>Balayevin on il\u0259 yax\u0131n evli qald\u0131\u011f\u0131 N\u0259rmin\u0259 \u018fs\u0259dova, v\u0259t\u0259ni Az\u0259rbaycanda \u0259n n\u00fcfuzlu siyas\u0259t\u00e7il\u0259rd\u0259n biri, ke\u00e7mi\u015f parlament s\u0259dri Oqtay \u018fs\u0259dovun ki\u00e7ik q\u0131z\u0131d\u0131r.<\/p>\n<p>OCCRP-nin ara\u015fd\u0131rmas\u0131 n\u0259tic\u0259sind\u0259 m\u0259lum olub ki, \u018fs\u0259dovun h\u0259yat yolda\u015f\u0131, b\u00f6y\u00fck q\u0131z\u0131 v\u0259 onun \u0259ri London, Dubay v\u0259 Moskvada d\u0259bd\u0259b\u0259li da\u015f\u0131nmaz \u0259mlaklar sat\u0131n al\u0131blar. H\u0259r bir halda y\u00fcks\u0259k v\u0259zif\u0259li siyas\u0259t\u00e7i il\u0259 yax\u0131n \u0259laq\u0259l\u0259ri olmas\u0131na baxmayaraq, \u00f6z adlar\u0131ndan istifad\u0259 edibl\u0259r.<\/p>\n<figure class=\"wp-block-image size-large\">\n  <img decoding=\"async\" src=\"https:\/\/www.meydan.tv\/az\/aliyevasadov-jpeg\/\" alt=\"AliyevAsadov.jpeg\" class=\"wp-image-210969\"><figcaption>\n    Prezident \u0130lham \u018fliyev, d\u00f6vl\u0259t orqan\u0131n\u0131n 2020-ci ild\u0259ki ilk plenar iclas\u0131nda Az\u0259rbaycan parlamentind\u0259ki xidm\u0259tl\u0259rin\u0259 g\u00f6r\u0259 Oqtay \u018fs\u0259dova t\u0259\u015f\u0259kk\u00fcr edib.<br \/>\n<\/figcaption><\/figure>\n<h3>\n  Spikerin m\u0259nzili<\/h3>\n<p>Oqtay \u018fs\u0259dov, Sovet \u0130ttifaq\u0131ndan ayr\u0131laraq m\u00fcst\u0259qillik \u0259ld\u0259 etdikd\u0259n sonra &#8211; 2005-ci ild\u0259n 2019-cu il\u0259 q\u0259d\u0259r bu v\u0259zif\u0259ni icra edib, Az\u0259rbaycan parlamentinin \u0259n uzun m\u00fcdd\u0259tli s\u0259dri olub. O, h\u0259tta parlamentd\u0259 daha \u00f6nc\u0259d\u0259n olub: ilk d\u0259f\u0259 2000-ci ild\u0259 se\u00e7ilib v\u0259 bu g\u00fcn\u0259 q\u0259d\u0259r oradad\u0131r.<\/p>\n<p>\u00c7al\u0131\u015fd\u0131\u011f\u0131 m\u00fcdd\u0259td\u0259 b\u0259z\u0259n dig\u0259r mill\u0259t v\u0259kill\u0259ri il\u0259 m\u00fcbahis\u0259 ed\u0259n, Avropa Birliyind\u0259ki h\u0259mkarlar\u0131n\u0131 korrupsiyada ittiham ed\u0259n kobud adam kimi tan\u0131n\u0131b.<\/p>\n<p>Bak\u0131dak\u0131 m\u00fclkl\u0259ri \u0259hat\u0259 ed\u0259n divarlar\u0131n arxas\u0131nda d\u0259bd\u0259b\u0259li ya\u015famalar\u0131na baxmayaraq, \u0259ks\u0259r hallarda \u00f6z\u00fc v\u0259 ail\u0259 \u00fczvl\u0259ri ictimaiyy\u0259tin g\u00f6z\u00fcnd\u0259n k\u0259narda qal\u0131b. \u015e\u0259xsi m\u0259kan \u018fs\u0259dovla o q\u0259d\u0259r eynil\u0259\u015fdirilir ki, b\u0259z\u0259n onu &#8220;spiker bloku&#8221; adland\u0131r\u0131rlar.<\/p>\n<figure class=\"wp-block-image size-large\">\n  <img decoding=\"async\" src=\"https:\/\/www.meydan.tv\/az\/asadovvilla-jpeg\/\" alt=\"AsadovVilla.jpeg\" class=\"wp-image-210972\"><figcaption>\n    \u018fs\u0259dovlar ail\u0259sinin Bak\u0131n\u0131n \u015fimal -q\u0259rb hiss\u0259sind\u0259 yerl\u0259\u015f\u0259n ya\u015fay\u0131\u015f kompleksi 2009-2012-ci ill\u0259r aras\u0131nda yeni bir villaya \u00e7evrilib. Burada tennis kortu var v\u0259 \u0259traf\u0131 y\u00fcks\u0259k divarlarla \u00f6rt\u00fcl\u00fcb.<br \/>\n<\/figcaption><\/figure>\n<p>\u018fs\u0259dov parlamentd\u0259 spiker olduqdan iki il sonra, ail\u0259si xaricd\u0259 bilin\u0259n ilk da\u015f\u0131nmaz \u0259mlak\u0131n alq\u0131-satq\u0131s\u0131n\u0131 h\u0259yata ke\u00e7irib: 2007-ci ild\u0259 h\u0259yat yolda\u015f\u0131 Zemfira \u018fs\u0259dova Moskvada \u201cTriumph Palace\u201dda, b\u00f6y\u00fck bir neo-Stalin \u00fcslunubda tikil\u0259n g\u00f6yd\u0259l\u0259nd\u0259 d\u0259bd\u0259b\u0259li bir m\u0259nzil al\u0131b.<\/p>\n<p>Onun 57 m\u0259rt\u0259b\u0259li binadak\u0131 1000 m\u0259nzild\u0259n biri olan 148 kvadratmetrlik m\u0259nzil\u0259 n\u0259 q\u0259d\u0259r pul \u00f6d\u0259diyi m\u0259lum deyil. \u201cTriumph Palace\u201dda ox\u015far \u00f6l\u00e7\u00fcl\u0259rd\u0259ki m\u0259nzill\u0259r hal -haz\u0131rda 1,4 il\u0259 1,7 milyon dollar aras\u0131nda sat\u0131l\u0131r.<\/p>\n<p>Ancaq bu d\u00f6vl\u0259t ba\u011f\u00e7as\u0131 m\u00fcdirinin Rusiyan\u0131n paytaxt\u0131nda sat\u0131n ald\u0131\u011f\u0131 yegan\u0259 \u0259mlak deyil. Sonrak\u0131 il o Moskvan\u0131n c\u0259nubundak\u0131 bir binan\u0131n zirz\u0259misind\u0259 v\u0259 birinci m\u0259rt\u0259b\u0259sind\u0259 b\u00f6y\u00fck ticar\u0259t obyektl\u0259rin\u0259 sahib olan \u201cArizarum Group\u201d adl\u0131 bir \u015firk\u0259ti sat\u0131n al\u0131b.<\/p>\n<p>Hal -haz\u0131rda binada bir supermarket, ortaq sauna v\u0259 g\u00f6z\u0259llik salonu var.<\/p>\n<figure class=\"wp-block-image size-large\">\n  <img decoding=\"async\" src=\"https:\/\/www.meydan.tv\/az\/kapriz-jpeg\/\" alt=\"Kapriz.jpeg\" class=\"wp-image-210975\"><figcaption>\n    \u201cKapriz\u201d i\u00e7\u0259risind\u0259 saunalar, hovuzlar, dinc\u0259lm\u0259k yeri v\u0259 soyunma ota\u011f\u0131 olan ki\u00e7ik bir spa v\u0259 g\u00f6z\u0259llik salonudur. \u018fmlak qeydl\u0259ri \u018fs\u0259dovan\u0131n bu m\u00fclk\u00fcn sahibi olub -olmad\u0131\u011f\u0131n\u0131 v\u0259 ya sad\u0259c\u0259 buran\u0131 kiray\u0259 g\u00f6t\u00fcr\u00fcb -g\u00f6t\u00fcrm\u0259diyini ayd\u0131n \u015f\u0259kild\u0259 g\u00f6st\u0259rmir.<br \/>\n<\/figcaption><\/figure>\n<p>\u201cArizarum\u201d \u015firk\u0259tinin maliyy\u0259 hesabatlar\u0131na \u0259sas\u0259n, \u015firk\u0259t 2013-c\u00fc ild\u0259n b\u0259ri t\u0259xmin\u0259n 800.000 dollar g\u0259lir \u0259ld\u0259 edib. Rusiya \u018fmlak Reyestri, 2013-c\u00fc il \u00fc\u00e7\u00fcn \u0259mlak\u0131n d\u0259y\u0259rini 2 milyon AB\u015e dollar\u0131 olaraq hesablay\u0131b, lakin bu &#8220;kadastr d\u0259y\u0259ri&#8221; \u00e7ox vaxt h\u0259qiqi bazar d\u0259y\u0259rinin alt\u0131ndad\u0131r.<\/p>\n<p>\u018fs\u0259dovan\u0131n \u201cArizarum\u201du almaq \u015f\u0259rtl\u0259ri m\u0259lum deyil. Jurnalistl\u0259r onunla \u0259laq\u0259 saxlad\u0131qda, \u0259vv\u0259lki sahibi \u015firk\u0259t \u00fc\u00e7\u00fcn n\u0259 q\u0259d\u0259r maa\u015f ald\u0131\u011f\u0131n\u0131 xat\u0131rlamad\u0131\u011f\u0131n\u0131 s\u00f6yl\u0259yib.<\/p>\n<h3>\n  Q\u0131zlar v\u0259 k\u00fcr\u0259k\u0259nl\u0259r<\/h3>\n<p>Oqtay \u018fs\u0259dovun q\u0131zlar\u0131 N\u0259rmin\u0259 v\u0259 Nigar g\u0259lir m\u0259nb\u0259l\u0259rinin \u00e7ox olmas\u0131 il\u0259 m\u0259\u015fhur deyill\u0259r. H\u0259r iki bac\u0131 Bak\u0131da \u00f6z\u0259l u\u015faq ba\u011f\u00e7as\u0131 yarad\u0131b v\u0259 Nigar d\u00f6vl\u0259t\u0259 m\u0259xsus do\u011fum evind\u0259 h\u0259kim kimi \u00e7al\u0131\u015f\u0131r.<\/p>\n<p>AB\u015e-\u0131n Qad\u0131n Tennis Assosiasiyas\u0131 t\u0259r\u0259find\u0259n n\u0259\u015fr olunan qaydalar kitab\u0131nda, Nigar\u0131n ad\u0131 Bak\u0131 Tennis Akademiyas\u0131nda d\u00f6rd il m\u00fcdd\u0259tind\u0259 ke\u00e7iril\u0259n qad\u0131n tennis turniri \u201cBaku Cup 2012\u201dnin direktoru olaraq g\u00f6st\u0259rilib.<\/p>\n<p>Prezident \u0130lham \u018fliyevin i\u015ftirak\u0131 il\u0259 d\u0259bd\u0259b\u0259li \u015f\u0259kild\u0259 a\u00e7\u0131l\u0131\u015f\u0131 olan n\u0259h\u0259ng bina Nigar\u0131n atas\u0131 v\u0259 ke\u00e7mi\u015f spiker \u018fs\u0259dovun r\u0259hb\u0259ri oldu\u011fu Az\u0259rbaycan Tennis Federasiyas\u0131 t\u0259r\u0259find\u0259n in\u015fa edilib. Jurnalistl\u0259rin suallar\u0131n\u0131 cavabland\u0131ran \u0130qtisadiyyat Nazirliyinin n\u00fcmay\u0259nd\u0259si akademiyan\u0131n tikintisinin \u00f6z\u0259l m\u0259nb\u0259l\u0259r hesab\u0131na maliyy\u0259l\u0259\u015fdirildiyini, lakin d\u0259qiq m\u0259nb\u0259l\u0259rin a\u00e7\u0131qlanmad\u0131\u011f\u0131n\u0131 bildirib. Akademiyan\u0131n direktoru \u018fs\u0259dovun bac\u0131s\u0131 o\u011flu Ba\u011f\u0131r \u018fsg\u0259r\u0259lizad\u0259dir.<\/p>\n<figure class=\"wp-block-image size-large\">\n  <img decoding=\"async\" src=\"https:\/\/www.meydan.tv\/az\/esger-sayt-cover-2-png-3\/\" alt=\"esger-sayt-cover (2).png\" class=\"wp-image-210987\"><figcaption>\n    \u201cTriumph Palace\u201d tikildikd\u0259n sonra Avropan\u0131n \u0259n h\u00fcnd\u00fcr ya\u015fay\u0131\u015f binas\u0131 olub. Stalinin d\u00f6vr\u00fcnd\u0259 \u015f\u0259h\u0259rd\u0259 tikilmi\u015f g\u00f6yd\u0259l\u0259n olan \u201cYeddi Bac\u0131\u201dya b\u0259nz\u0259y\u0259n &#8220;S\u0259kkizinci Bac\u0131&#8221; adlan\u0131r.<br \/>\n<\/figcaption><\/figure>\n<h3>\n  Federasiya kuklalar\u0131<\/h3>\n<p>Az\u0259rbaycanda b\u0259zi idman federasiyalar\u0131 d\u00f6vl\u0259t r\u0259smil\u0259ri t\u0259r\u0259find\u0259n idar\u0259 olunur, lakin \u00f6z\u0259l fondlar hesab\u0131na maliyy\u0259l\u0259\u015fdirilir. B\u0259zil\u0259ri d\u0259 d\u00f6vl\u0259td\u0259n d\u0259st\u0259k al\u0131r.<\/p>\n<p>Prezident \u0130lham \u018fliyevin h\u0259yat yolda\u015f\u0131 Az\u0259rbaycan Gimnastika Federasiyas\u0131n\u0131n prezidentidir, f\u00f6vq\u0259lad\u0259 hallar naziri Az\u0259rbaycan Boks Federasiyas\u0131na r\u0259hb\u0259rlik edir, Az\u0259rbaycan \u015eahmat Federasiyas\u0131n\u0131n prezidenti is\u0259 M\u0259rk\u0259zi Bank\u0131n r\u0259hb\u0259ridir.<\/p>\n<p>Ke\u00e7mi\u015f spiker \u018fs\u0259dov 2004 -c\u00fc ild\u0259n b\u0259ri Az\u0259rbaycan Tennis Federasiyas\u0131na r\u0259hb\u0259rlik edir. D\u00f6vl\u0259t r\u0259smil\u0259ri t\u0259r\u0259find\u0259n idar\u0259 olunan dig\u0259r idman t\u0259\u015fkilatlar\u0131 kimi, federasiyadan da maliyy\u0259 bar\u0259d\u0259 a\u00e7\u0131qlama verm\u0259si t\u0259l\u0259b olunmur.<\/p>\n<p>&#8220;Bu sektorda \u015f\u0259ffafl\u0131q yoxdur&#8221; dey\u0259n az\u0259rbaycanl\u0131 iqtisad\u00e7\u0131 Z\u00f6hrab \u0130smay\u0131l qeyd edir. &#8220;\u018flb\u0259tt\u0259 ki, bu pullar\u0131n hardan g\u0259ldiyi v\u0259 hara getdiyi m\u0259lum deyil. Bu, \u00e7ox \u015f\u00fcbh\u0259l\u0259r yarad\u0131r &#8220;.<\/p>\n<p>2008-2011-ci ill\u0259rd\u0259 in\u015fa edil\u0259n Bak\u0131 Tennis Akademiyas\u0131n\u0131n tikintisinin d\u0259y\u0259ri m\u0259lum deyil. \u0130qtisadiyyat Nazirliyind\u0259n OCCRP -y\u0259 m\u0259lumat veribl\u0259r ki, tikinti d\u00f6vl\u0259t pulu il\u0259 maliyy\u0259l\u0259\u015fdirilm\u0259yib. Lakin a\u00e7\u0131l\u0131\u015f m\u0259rasimind\u0259 Prezident \u018fliyev i\u015ftirak edib.<\/p>\n<p>N\u0259 Tennis Akademiyas\u0131, n\u0259 d\u0259 Federasiya \u015f\u0259rh v\u0259 ya maliyy\u0259 m\u0259lumat\u0131 il\u0259 ba\u011fl\u0131 m\u0259lumat almaq ist\u0259kl\u0259rin\u0259 cavab verm\u0259yib.<\/p>\n<p>\u201cC4ADS\u201d ara\u015fd\u0131rma t\u0259\u015fkilat\u0131 t\u0259r\u0259find\u0259n OCCRP-y\u0259 veril\u0259n s\u0131zd\u0131r\u0131lm\u0131\u015f m\u0259lumata g\u00f6r\u0259, Nigar \u018fs\u0259dova 2016-2018-ci ill\u0259r aras\u0131nda Dubayda yerl\u0259\u015f\u0259n \u201cAl Bateen Residences\u201dd\u0259 ikiotaql\u0131 m\u0259nzil al\u0131b. Tikinti layih\u0259si &#8220;m\u00f6ht\u0259\u015f\u0259m 50 m\u0259rt\u0259b\u0259li ya\u015fay\u0131\u015f kompleksi&#8221; kimi t\u0259qdim olunur v\u0259 birba\u015fa \u00e7im\u0259rliy\u0259 yax\u0131nd\u0131r, a\u00e7\u0131q hovuzu, 24 saat m\u00fchafiz\u0259 xidm\u0259ti var v\u0259 dig\u0259r imkanlara sahibir.<\/p>\n<p>Nigar\u0131n h\u0259yat yolda\u015f\u0131 Mehman Qocayev d\u0259 Dubayda da\u015f\u0131nmaz \u0259mlak sat\u0131n al\u0131b. S\u0131zd\u0131r\u0131lm\u0131\u015f eyni m\u0259lumata g\u00f6r\u0259, elit \u201cJumeirah Park\u201d b\u00f6lg\u0259sind\u0259 \u00fc\u00e7otaql\u0131 bir villan\u0131n sahibi olub. O, m\u00fclk\u00fc 2014-2016 -c\u0131 ill\u0259r aras\u0131nda 740.000 dollara sat\u0131n al\u0131b.<\/p>\n<p>O, \u201cJumeirah Park\u201dda yerl\u0259\u015f\u0259n villas\u0131ndan 10 d\u0259qiq\u0259lik m\u0259saf\u0259d\u0259, 39 m\u0259rt\u0259b\u0259li \u201cHDS Tower JLT\u201d ticar\u0259t binas\u0131n\u0131n iki m\u0259rt\u0259b\u0259sind\u0259 d\u0259 ofis al\u0131b. Onun ofis \u00fc\u00e7\u00fcn \u00f6d\u0259diyi m\u0259bl\u0259\u011f m\u0259lum deyil, ancaq apar\u0131c\u0131 yerli da\u015f\u0131nmaz \u0259mlak sayt\u0131nda qeyd edil\u0259n m\u0259lumata g\u00f6r\u0259 oradak\u0131 ofisl\u0259rin qiym\u0259ti 136-300 min dollar aras\u0131nda d\u0259yi\u015fir v\u0259 illik 8000 il\u0259 60,900 dollar aras\u0131nda kiray\u0259y\u0259 g\u00f6t\u00fcr\u00fcl\u0259 bil\u0259r.<\/p>\n<figure class=\"wp-block-image size-large\">\n  <img decoding=\"async\" src=\"https:\/\/www.meydan.tv\/az\/gojayev-jpeg\/\" alt=\"Gojayev.jpeg\" class=\"wp-image-210984\"><figcaption>\n    M\u0259rhum ke\u00e7mi\u015f prezident Heyd\u0259r \u018fliyevin an\u0131m m\u0259rasimi, Mehman Qocayev Bak\u0131 \u015f\u0259h\u0259rinin ba\u015f prokuroru \u0130lqar Abbasovun sa\u011f t\u0259r\u0259find\u0259 oturub.<br \/>\n<\/figcaption><\/figure>\n<p>Qocayev 2009-cu ild\u0259 Londonda qohumlar\u0131na yax\u0131n n\u00fcfuzlu \u201cRegent&#8217;s Park\u201d \u0259razisind\u0259 1,2 milyon dollara \u00fc\u00e7otaql\u0131 m\u0259nzil almaqla Londonda da da\u015f\u0131nmaz \u0259mlak sahibi olub.<\/p>\n<p>Qocayev \u00f6t\u0259n il\u0259d\u0259k Bak\u0131 \u015f\u0259h\u0259r prokurorunun iki m\u00fcavinind\u0259n biri idi.<\/p>\n<p>Az\u0259rbaycanda Korrupsiyaya Qar\u015f\u0131 M\u00fcbariz\u0259 Qanunu d\u00f6vl\u0259t r\u0259smil\u0259rinin birba\u015fa v\u0259 ya dolay\u0131 yolla, h\u0259tta \u201cpart-taym\u201d \u015f\u0259kild\u0259 h\u0259r hans\u0131 bir biznesl\u0259 m\u0259\u015f\u011ful olmas\u0131na qada\u011fa qoyur.<\/p>\n<p>Qocayev biri metal ticar\u0259ti, dig\u0259ri tikinti \u015firk\u0259ti kimi qeydiyyatdan ke\u00e7mi\u015f iki m\u0259\u015fhur t\u00fcrk ail\u0259si il\u0259 birlikd\u0259 iki t\u00fcrk \u015firk\u0259tinin orta\u011f\u0131, eyni zamanda \u015firk\u0259tl\u0259rd\u0259n birinin direktoru olub.<\/p>\n<p>\u015eirk\u0259tl\u0259rin he\u00e7 biri haqq\u0131nda m\u0259lumata internetd\u0259 axtar\u0131\u015f zaman\u0131 rast g\u0259linmir v\u0259 g\u00f6rd\u00fckl\u0259ri i\u015fl\u0259r m\u0259lum deyil. Qanun d\u00f6vl\u0259t r\u0259smil\u0259rinin bir \u015firk\u0259tin &#8220;idar\u0259 hey\u0259tin\u0259 daxil olmas\u0131n\u0131&#8221; a\u00e7\u0131q \u015f\u0259kild\u0259 qada\u011fan ets\u0259 d\u0259, bu \u015firk\u0259tl\u0259r\u0259 sahib olmas\u0131 korrupsiyaya qar\u015f\u0131 m\u00fcbariz\u0259 qanunlar\u0131n\u0131 pozub-pozmad\u0131\u011f\u0131 b\u0259lli deyil.<\/p>\n<p>2017 v\u0259 2018 -ci ill\u0259rd\u0259 h\u0259r iki \u015firk\u0259t ba\u011flan\u0131b v\u0259 n\u0259 Qocayev, n\u0259 d\u0259 ke\u00e7mi\u015f biznes ortaqlar\u0131 \u015f\u0259rh ist\u0259kl\u0259rin\u0259 cavab verm\u0259yib.<\/p>\n<figure class=\"wp-block-image size-large\">\n  <img decoding=\"async\" src=\"https:\/\/www.meydan.tv\/az\/albateen-jpeg\/\" alt=\"AlBateen.jpeg\" class=\"wp-image-210978\"><figcaption>\n    Sa\u011fdak\u0131 \u201cAl Bateen\u201d kompleksi, 50 m\u0259rt\u0259b\u0259li ya\u015fay\u0131\u015f q\u00fcll\u0259sind\u0259n v\u0259 Dubay sahilind\u0259 yerl\u0259\u015f\u0259n \u201cDoubleTree\u201d otelind\u0259n ibar\u0259tdir<br \/>\n<\/figcaption><\/figure>\n<h3>\n  Bo\u015fanma Of\u015fora apar\u0131r<\/h3>\n<p>Biri istisna olmaqla, bu ara\u015fd\u0131rmada ad\u0131 \u00e7\u0259kil\u0259n b\u00fct\u00fcn m\u00fclkl\u0259r \u018fs\u0259dovlar ail\u0259sinin \u00f6z adlar\u0131na al\u0131n\u0131b. Yegan\u0259 istisna, N\u0259rmin\u0259nin ki\u00e7ik bac\u0131s\u0131 v\u0259 onun ke\u00e7mi\u015f h\u0259yat yolda\u015f\u0131, b\u0259l\u0259diyy\u0259 ba\u015f\u00e7\u0131s\u0131 kimi namiz\u0259dliyini ir\u0259li s\u00fcr\u0259n Kamran Balayevin Londonda sat\u0131n ald\u0131qlar\u0131 ikinci m\u0259nzildir.<\/p>\n<p>S\u0259n\u0259d \u00fcz\u0259rind\u0259 \u201cPorchester Terrace\u201dda yerl\u0259\u015f\u0259n m\u00fclk, Britanyan\u0131n Vircin Adalar\u0131nda qeydiyyatdan ke\u00e7mi\u015f, c\u00fctl\u00fcy\u00fcn ortaq \u015f\u0259kild\u0259 yaratd\u0131\u011f\u0131 \u201cNNM Investment\u201d adl\u0131 bir \u015firk\u0259t\u0259 m\u0259xsus olub.<\/p>\n<p>Bu m\u0259lumatlar c\u00fctl\u00fcy\u00fcn v\u0259kill\u0259ri il\u0259 \u201cNNM\u201d \u015firk\u0259tini yaradan Panamadak\u0131 \u201cAlcogal\u201d adl\u0131 h\u00fcquq firmas\u0131n\u0131n n\u00fcmay\u0259nd\u0259l\u0259ri aras\u0131ndak\u0131 e-mail yaz\u0131\u015fmalar\u0131nda g\u00f6r\u00fcn\u00fcr.<\/p>\n<p>Atas\u0131n\u0131n n\u00fcfuzuna baxmayaraq, \u018fs\u0259dova v\u0259 Balayev Britaniyan\u0131n Virgin Adalar\u0131nda \u015firk\u0259tin s\u0259hmdar\u0131 olduqdan bir ne\u00e7\u0259 h\u0259ft\u0259 sonra doldurduqlar\u0131 sor\u011fu anketind\u0259 &#8220;siyasi \u0259laq\u0259l\u0259ri olub-olmamas\u0131\u201d sual\u0131na \u201cyoxdur\u201d cavab\u0131n\u0131 i\u015far\u0259l\u0259yibl\u0259r.<\/p>\n<p>E-maill\u0259rd\u0259 h\u0259m\u00e7inin c\u00fctl\u00fcy\u00fcn ictimaiyy\u0259t aras\u0131nda yay\u0131lan bo\u015fanma x\u0259b\u0259rind\u0259n sonra Balayevin iki f\u0259rqli arqument g\u00f6st\u0259r\u0259r\u0259k \u015firk\u0259t \u00fcz\u0259rind\u0259 daha \u00e7ox n\u0259zar\u0259ti \u0259l\u0259 alma\u011fa \u00e7al\u0131\u015fmas\u0131 il\u0259 ba\u011fl\u0131 fikirl\u0259r d\u0259 t\u0259qdim olunur.<\/p>\n<p>\u201cNNM\u201d \u015firk\u0259tini birg\u0259 qurduqlar\u0131 halda, yaln\u0131z N\u0259rmin\u0259 direktor kimi t\u0259yin olunub. Lakin \u201cAlkogal\u201d-\u0131n 2012 -ci ilin iyul ay\u0131nda ald\u0131\u011f\u0131 bir e-maild\u0259 qeyd olunur ki, Balayev indi idar\u0259y\u0259 n\u0259zar\u0259ti itirm\u0259diyin\u0259 \u0259min olmaq ist\u0259yib.<\/p>\n<p>&#8220;Z\u0259hm\u0259t olmasa, c\u0259nab Kamran Balayevi direktor t\u0259yin ed\u0259 bil\u0259rsiniz&#8221;,- dey\u0259 onun n\u00fcmay\u0259nd\u0259si yaz\u0131b. &#8220;O, \u015firk\u0259tin s\u0259hml\u0259rinin \u0259lli faizinin sahibidir&#8221;.<\/p>\n<figure class=\"wp-block-image size-large\">\n  <img decoding=\"async\" src=\"https:\/\/www.meydan.tv\/az\/porchester-terrace-jpeg\/\" alt=\"Porchester-Terrace.jpeg\" class=\"wp-image-210981\"><figcaption>\n    Tom Stocks\/OCCRP<br \/>\n<\/figcaption><\/figure>\n<p>Ad\u0259t\u0259n bel\u0259 bir t\u0259l\u0259b \u015firk\u0259tin cari direktorunun q\u0259tnam\u0259si il\u0259 n\u0259tic\u0259l\u0259nir. Amma he\u00e7 bir \u015fey \u00e7\u0131xmay\u0131b.<\/p>\n<p>\u0130ki h\u0259ft\u0259 sonra Balayev yenid\u0259n c\u0259hd g\u00f6st\u0259rib. Bu d\u0259f\u0259 \u00f6z ad\u0131ndan bir e-mail g\u00f6nd\u0259rib: &#8220;M\u0259n \u015firk\u0259tin t\u0259nziml\u0259nm\u0259sini d\u0259yi\u015fdirm\u0259k ist\u0259rdim ki, \u015firk\u0259tin maraqlar\u0131na toxunan h\u0259r hans\u0131 bir q\u0259rar, o c\u00fcml\u0259d\u0259n m\u00fclkiyy\u0259tl\u0259 ba\u011fl\u0131 (Porchester Terrace-da yerl\u0259\u015f\u0259n m\u00fclkiyy\u0259t d\u0259 daxil olmaqla) h\u0259r hans\u0131 bir q\u0259rar yaln\u0131z s\u0259hmdarlar\u0131n ortaq q\u0259rar\u0131 il\u0259 al\u0131ns\u0131n&#8221;,- dey\u0259 h\u0259yat yolda\u015f\u0131n\u0131n ona verdiyi etibarnam\u0259y\u0259 \u0259saslanaraq bu d\u0259yi\u015fikliyi etm\u0259k s\u0259lahiyy\u0259tin\u0259 malik oldu\u011funu da \u0259lav\u0259 ed\u0259r\u0259k yaz\u0131b.<\/p>\n<p>N\u0259hay\u0259t, \u018fs\u0259dova h\u0259yat yolda\u015f\u0131n\u0131n n\u0259 etm\u0259k ist\u0259diyini ba\u015fa d\u00fc\u015f\u00fcb. 2013-c\u00fc ilin fevral ay\u0131nda onun n\u00fcmay\u0259nd\u0259l\u0259ri Panama h\u00fcquq firmas\u0131na e-mail g\u00f6nd\u0259ribl\u0259r: &#8220;\u00d6yr\u0259ndik ki, c\u0259nab Kamran Balayev siz\u0259 t\u0259limat vermi\u015f ola bil\u0259r. Bu e-maill\u0259 xan\u0131m \u018fs\u0259dova t\u0259r\u0259find\u0259n imzalanm\u0131\u015f v\u0259 ya imzaland\u0131\u011f\u0131 iddia edil\u0259n etibarnam\u0259l\u0259rin l\u0259\u011fv edildiyini r\u0259smi olaraq siz\u0259 bildiririk&#8221;.<\/p>\n<p>\u018fs\u0259dova bu m\u00fcbariz\u0259nin qalibi olub, bo\u015fanma n\u0259tic\u0259sind\u0259 h\u0259m \u015firk\u0259ti, h\u0259m d\u0259 sahibi oldu\u011fu m\u0259nzili geri al\u0131b. Daha sonra m\u0259nzili t\u0259xmin\u0259n 1,9 milyon funt sterlinq\u0259 (2,3 milyon dollar) sat\u0131b.<\/p>\n<figure class=\"wp-block-image size-large\">\n  <img decoding=\"async\" src=\"https:\/\/www.meydan.tv\/az\/esger-sayt-cover-1-png-7\/\" alt=\"esger-sayt-cover (1).png\" class=\"wp-image-210990\"><figcaption>\n    Bo\u015fanmalar\u0131na baxmayaraq, \u0259mlak qeydl\u0259rind\u0259 g\u00f6r\u00fcn\u00fcr ki, c\u00fctl\u00fck h\u0259l\u0259 d\u0259 birlikd\u0259 Londonun Kendal k\u00fc\u00e7\u0259sind\u0259ki bu binada ortaq m\u0259nzilin sahibidirl\u0259r<br \/>\n<\/figcaption><\/figure>\n<p>Balayev \u0130ngilt\u0259r\u0259d\u0259 qald\u0131, n\u0259tic\u0259d\u0259 b\u0259l\u0259diyy\u0259 ba\u015f\u00e7\u0131l\u0131\u011f\u0131na namiz\u0259d oldu, bir ne\u00e7\u0259 \u015firk\u0259t a\u00e7d\u0131 v\u0259 haz\u0131rda f\u0259aliyy\u0259tini dayand\u0131rm\u0131\u015f London h\u00fcquq firmas\u0131na m\u0259sl\u0259h\u0259t\u00e7i kimi i\u015fl\u0259di.<\/p>\n<p>&#8220;S\u0259rh\u0259dsiz H\u00fcquq\u015f\u00fcnaslar&#8221; qeyri -kommersiya m\u0259qs\u0259di da\u015f\u0131yan insan h\u00fcquqlar\u0131 t\u0259\u015fkilat\u0131 qurdu\u011fu \u00fc\u00e7\u00fcn Balayev, firma t\u0259r\u0259find\u0259n n\u0259\u015fr olunan t\u0259rc\u00fcmeyi-halda &#8220;insan h\u00fcquqlar\u0131 qanunu m\u00f6vzusunda arzular\u0131 olan&#8221; bir \u015f\u0259xs kimi t\u0259svir edilib.<\/p>\n<p>B\u0259lk\u0259 d\u0259 t\u0259\u0259cc\u00fcbl\u00fc deyil ki, 2013-2017-ci ill\u0259r aras\u0131nda f\u0259aliyy\u0259t g\u00f6st\u0259r\u0259n qrup Az\u0259rbaycan h\u00f6kum\u0259ti t\u0259r\u0259find\u0259n t\u0259zyiq\u0259 m\u0259ruz qalm\u0131\u015f m\u00fcxalifl\u0259ri m\u00fcdafi\u0259 ed\u0259n bir ne\u00e7\u0259 v\u0259kil\u0259 qar\u015f\u0131 ciddi insan haqlar\u0131 pozuntular\u0131 olmas\u0131ndan he\u00e7 b\u0259hs etm\u0259yib.<\/p>\n<p>Balayev bo\u015fand\u0131qdan sonra \u201cAlcogal\u201d t\u0259r\u0259find\u0259n yarad\u0131lan iki of\u015for \u015firk\u0259tini istifad\u0259 ed\u0259r\u0259k 3,1 milyon funt sterlinq\u0259 (5,2 milyon dollar) Londonda iki m\u00fclk sat\u0131n al\u0131b.<\/p>\n<p><b><br \/>\n<i><br \/>\nOlesya Shmagun (OCCRP), Tom Stocks (OCCRP), Sonya Savina (IStories), Nigar \u0130sg\u0259nd\u0259r v\u0259 H\u0259bib M\u00fcnt\u0259zir (Meydan TV) ara\u015fd\u0131rmaya k\u00f6m\u0259klik g\u00f6st\u0259ribl\u0259r.<br \/>\n<\/i><br \/>\n<\/b><\/p>\n","protected":false},"excerpt":{"rendered":"<p>Xaricd\u0259 ke\u00e7mi\u015f parlament s\u0259drinin h\u0259yat yolda\u015f\u0131na v\u0259 q\u0131zlar\u0131na m\u0259xsus \u0259mlaklar var<\/p>\n","protected":false},"author":11,"featured_media":210963,"comment_status":"closed","ping_status":"open","sticky":false,"template":"","format":"standard","meta":{"_acf_changed":false,"_sitemap_exclude":false,"_sitemap_priority":"","_sitemap_frequency":"","footnotes":""},"categories":[55,59],"tags":[],"class_list":["post-213228","post","type-post","status-publish","format-standard","has-post-thumbnail","hentry","category-arasdirma","category-siyaset","infinite-scroll-item","generate-columns","tablet-grid-50","mobile-grid-100","grid-parent","grid-33","no-featured-image-padding"],"acf":[],"yoast_head":"<!-- This site is optimized with the Yoast SEO plugin v27.4 - https:\/\/yoast.com\/product\/yoast-seo-wordpress\/ -->\n<title>Oqtay \u018fs\u0259dovun ail\u0259sin\u0259 m\u0259xsus milyonlar d\u0259y\u0259rind\u0259ki m\u00fclkl\u0259r - MEYDAN.TV<\/title>\n<meta name=\"robots\" content=\"index, follow, max-snippet:-1, max-image-preview:large, max-video-preview:-1\" \/>\n<link rel=\"canonical\" href=\"https:\/\/www.meydan.tv\/az\/article\/oqtay-esedovun-ailesine-mexsus-milyonlar-deyerindeki-mulkler\/\" \/>\n<meta property=\"og:locale\" content=\"az_AZ\" \/>\n<meta property=\"og:type\" content=\"article\" \/>\n<meta property=\"og:title\" content=\"Oqtay \u018fs\u0259dovun ail\u0259sin\u0259 m\u0259xsus milyonlar d\u0259y\u0259rind\u0259ki m\u00fclkl\u0259r - MEYDAN.TV\" \/>\n<meta property=\"og:description\" content=\"Xaricd\u0259 ke\u00e7mi\u015f parlament s\u0259drinin h\u0259yat yolda\u015f\u0131na v\u0259 q\u0131zlar\u0131na m\u0259xsus \u0259mlaklar var\" \/>\n<meta property=\"og:url\" content=\"https:\/\/www.meydan.tv\/az\/article\/oqtay-esedovun-ailesine-mexsus-milyonlar-deyerindeki-mulkler\/\" \/>\n<meta property=\"og:site_name\" content=\"MEYDAN.TV\" \/>\n<meta property=\"article:published_time\" content=\"2021-10-08T20:26:01+00:00\" \/>\n<meta property=\"article:modified_time\" content=\"2021-10-27T09:47:48+00:00\" \/>\n<meta property=\"og:image\" content=\"https:\/\/www.meydan.tv\/wp-content\/uploads\/aladdin-collage-asadov.jpeg\" \/>\n\t<meta property=\"og:image:width\" content=\"1920\" \/>\n\t<meta property=\"og:image:height\" content=\"1280\" \/>\n\t<meta property=\"og:image:type\" content=\"image\/jpeg\" \/>\n<meta name=\"author\" content=\"user-manager\" \/>\n<meta name=\"twitter:card\" content=\"summary_large_image\" \/>\n<script type=\"application\/ld+json\" class=\"yoast-schema-graph\">{\"@context\":\"https:\\\/\\\/schema.org\",\"@graph\":[{\"@type\":\"Article\",\"@id\":\"https:\\\/\\\/www.meydan.tv\\\/az\\\/article\\\/oqtay-esedovun-ailesine-mexsus-milyonlar-deyerindeki-mulkler\\\/#article\",\"isPartOf\":{\"@id\":\"https:\\\/\\\/www.meydan.tv\\\/az\\\/article\\\/oqtay-esedovun-ailesine-mexsus-milyonlar-deyerindeki-mulkler\\\/\"},\"author\":{\"name\":\"user-manager\",\"@id\":\"https:\\\/\\\/www.meydan.tv\\\/az\\\/#\\\/schema\\\/person\\\/10d11eccf6da3662cf5fdab9806ea91a\"},\"headline\":\"Oqtay \u018fs\u0259dovun ail\u0259sin\u0259 m\u0259xsus milyonlar d\u0259y\u0259rind\u0259ki m\u00fclkl\u0259r\",\"datePublished\":\"2021-10-08T20:26:01+00:00\",\"dateModified\":\"2021-10-27T09:47:48+00:00\",\"mainEntityOfPage\":{\"@id\":\"https:\\\/\\\/www.meydan.tv\\\/az\\\/article\\\/oqtay-esedovun-ailesine-mexsus-milyonlar-deyerindeki-mulkler\\\/\"},\"wordCount\":3171,\"publisher\":{\"@id\":\"https:\\\/\\\/www.meydan.tv\\\/az\\\/#organization\"},\"image\":{\"@id\":\"https:\\\/\\\/www.meydan.tv\\\/az\\\/article\\\/oqtay-esedovun-ailesine-mexsus-milyonlar-deyerindeki-mulkler\\\/#primaryimage\"},\"thumbnailUrl\":\"https:\\\/\\\/www.meydan.tv\\\/wp-content\\\/uploads\\\/aladdin-collage-asadov.jpeg\",\"articleSection\":[\"Ara\u015fd\u0131rma\",\"Siyas\u0259t\"],\"inLanguage\":\"az\"},{\"@type\":\"WebPage\",\"@id\":\"https:\\\/\\\/www.meydan.tv\\\/az\\\/article\\\/oqtay-esedovun-ailesine-mexsus-milyonlar-deyerindeki-mulkler\\\/\",\"url\":\"https:\\\/\\\/www.meydan.tv\\\/az\\\/article\\\/oqtay-esedovun-ailesine-mexsus-milyonlar-deyerindeki-mulkler\\\/\",\"name\":\"Oqtay \u018fs\u0259dovun ail\u0259sin\u0259 m\u0259xsus milyonlar d\u0259y\u0259rind\u0259ki m\u00fclkl\u0259r - MEYDAN.TV\",\"isPartOf\":{\"@id\":\"https:\\\/\\\/www.meydan.tv\\\/az\\\/#website\"},\"primaryImageOfPage\":{\"@id\":\"https:\\\/\\\/www.meydan.tv\\\/az\\\/article\\\/oqtay-esedovun-ailesine-mexsus-milyonlar-deyerindeki-mulkler\\\/#primaryimage\"},\"image\":{\"@id\":\"https:\\\/\\\/www.meydan.tv\\\/az\\\/article\\\/oqtay-esedovun-ailesine-mexsus-milyonlar-deyerindeki-mulkler\\\/#primaryimage\"},\"thumbnailUrl\":\"https:\\\/\\\/www.meydan.tv\\\/wp-content\\\/uploads\\\/aladdin-collage-asadov.jpeg\",\"datePublished\":\"2021-10-08T20:26:01+00:00\",\"dateModified\":\"2021-10-27T09:47:48+00:00\",\"breadcrumb\":{\"@id\":\"https:\\\/\\\/www.meydan.tv\\\/az\\\/article\\\/oqtay-esedovun-ailesine-mexsus-milyonlar-deyerindeki-mulkler\\\/#breadcrumb\"},\"inLanguage\":\"az\",\"potentialAction\":[{\"@type\":\"ReadAction\",\"target\":[\"https:\\\/\\\/www.meydan.tv\\\/az\\\/article\\\/oqtay-esedovun-ailesine-mexsus-milyonlar-deyerindeki-mulkler\\\/\"]}]},{\"@type\":\"ImageObject\",\"inLanguage\":\"az\",\"@id\":\"https:\\\/\\\/www.meydan.tv\\\/az\\\/article\\\/oqtay-esedovun-ailesine-mexsus-milyonlar-deyerindeki-mulkler\\\/#primaryimage\",\"url\":\"https:\\\/\\\/www.meydan.tv\\\/wp-content\\\/uploads\\\/aladdin-collage-asadov.jpeg\",\"contentUrl\":\"https:\\\/\\\/www.meydan.tv\\\/wp-content\\\/uploads\\\/aladdin-collage-asadov.jpeg\",\"width\":1920,\"height\":1280,\"caption\":\"Source: OCCRP\"},{\"@type\":\"BreadcrumbList\",\"@id\":\"https:\\\/\\\/www.meydan.tv\\\/az\\\/article\\\/oqtay-esedovun-ailesine-mexsus-milyonlar-deyerindeki-mulkler\\\/#breadcrumb\",\"itemListElement\":[{\"@type\":\"ListItem\",\"position\":1,\"name\":\"Ana s\u0259hif\u0259\",\"item\":\"https:\\\/\\\/www.meydan.tv\\\/az\\\/\"},{\"@type\":\"ListItem\",\"position\":2,\"name\":\"Siyas\u0259t\",\"item\":\"https:\\\/\\\/www.meydan.tv\\\/az\\\/section\\\/siyaset\\\/\"},{\"@type\":\"ListItem\",\"position\":3,\"name\":\"Oqtay \u018fs\u0259dovun ail\u0259sin\u0259 m\u0259xsus milyonlar d\u0259y\u0259rind\u0259ki m\u00fclkl\u0259r\"}]},{\"@type\":\"WebSite\",\"@id\":\"https:\\\/\\\/www.meydan.tv\\\/az\\\/#website\",\"url\":\"https:\\\/\\\/www.meydan.tv\\\/az\\\/\",\"name\":\"MEYDAN.TV\",\"description\":\"Meydan TV Az\u0259rbaycan\u0131n media m\u0259kan\u0131ndak\u0131 alternativ s\u0259sidir\",\"publisher\":{\"@id\":\"https:\\\/\\\/www.meydan.tv\\\/az\\\/#organization\"},\"potentialAction\":[{\"@type\":\"SearchAction\",\"target\":{\"@type\":\"EntryPoint\",\"urlTemplate\":\"https:\\\/\\\/www.meydan.tv\\\/az\\\/?s={search_term_string}\"},\"query-input\":{\"@type\":\"PropertyValueSpecification\",\"valueRequired\":true,\"valueName\":\"search_term_string\"}}],\"inLanguage\":\"az\"},{\"@type\":\"Organization\",\"@id\":\"https:\\\/\\\/www.meydan.tv\\\/az\\\/#organization\",\"name\":\"Meydan TV\",\"url\":\"https:\\\/\\\/www.meydan.tv\\\/az\\\/\",\"logo\":{\"@type\":\"ImageObject\",\"inLanguage\":\"az\",\"@id\":\"https:\\\/\\\/www.meydan.tv\\\/az\\\/#\\\/schema\\\/logo\\\/image\\\/\",\"url\":\"https:\\\/\\\/www.meydan.tv\\\/wp-content\\\/uploads\\\/2021\\\/07\\\/meydan-logo.svg\",\"contentUrl\":\"https:\\\/\\\/www.meydan.tv\\\/wp-content\\\/uploads\\\/2021\\\/07\\\/meydan-logo.svg\",\"width\":195,\"height\":46,\"caption\":\"Meydan TV\"},\"image\":{\"@id\":\"https:\\\/\\\/www.meydan.tv\\\/az\\\/#\\\/schema\\\/logo\\\/image\\\/\"}},{\"@type\":\"Person\",\"@id\":\"https:\\\/\\\/www.meydan.tv\\\/az\\\/#\\\/schema\\\/person\\\/10d11eccf6da3662cf5fdab9806ea91a\",\"name\":\"user-manager\"}]}<\/script>\n<!-- \/ Yoast SEO plugin. -->","yoast_head_json":{"title":"Oqtay \u018fs\u0259dovun ail\u0259sin\u0259 m\u0259xsus milyonlar d\u0259y\u0259rind\u0259ki m\u00fclkl\u0259r - MEYDAN.TV","robots":{"index":"index","follow":"follow","max-snippet":"max-snippet:-1","max-image-preview":"max-image-preview:large","max-video-preview":"max-video-preview:-1"},"canonical":"https:\/\/www.meydan.tv\/az\/article\/oqtay-esedovun-ailesine-mexsus-milyonlar-deyerindeki-mulkler\/","og_locale":"az_AZ","og_type":"article","og_title":"Oqtay \u018fs\u0259dovun ail\u0259sin\u0259 m\u0259xsus milyonlar d\u0259y\u0259rind\u0259ki m\u00fclkl\u0259r - MEYDAN.TV","og_description":"Xaricd\u0259 ke\u00e7mi\u015f parlament s\u0259drinin h\u0259yat yolda\u015f\u0131na v\u0259 q\u0131zlar\u0131na m\u0259xsus \u0259mlaklar var","og_url":"https:\/\/www.meydan.tv\/az\/article\/oqtay-esedovun-ailesine-mexsus-milyonlar-deyerindeki-mulkler\/","og_site_name":"MEYDAN.TV","article_published_time":"2021-10-08T20:26:01+00:00","article_modified_time":"2021-10-27T09:47:48+00:00","og_image":[{"width":1920,"height":1280,"url":"https:\/\/www.meydan.tv\/wp-content\/uploads\/aladdin-collage-asadov.jpeg","type":"image\/jpeg"}],"author":"user-manager","twitter_card":"summary_large_image","schema":{"@context":"https:\/\/schema.org","@graph":[{"@type":"Article","@id":"https:\/\/www.meydan.tv\/az\/article\/oqtay-esedovun-ailesine-mexsus-milyonlar-deyerindeki-mulkler\/#article","isPartOf":{"@id":"https:\/\/www.meydan.tv\/az\/article\/oqtay-esedovun-ailesine-mexsus-milyonlar-deyerindeki-mulkler\/"},"author":{"name":"user-manager","@id":"https:\/\/www.meydan.tv\/az\/#\/schema\/person\/10d11eccf6da3662cf5fdab9806ea91a"},"headline":"Oqtay \u018fs\u0259dovun ail\u0259sin\u0259 m\u0259xsus milyonlar d\u0259y\u0259rind\u0259ki m\u00fclkl\u0259r","datePublished":"2021-10-08T20:26:01+00:00","dateModified":"2021-10-27T09:47:48+00:00","mainEntityOfPage":{"@id":"https:\/\/www.meydan.tv\/az\/article\/oqtay-esedovun-ailesine-mexsus-milyonlar-deyerindeki-mulkler\/"},"wordCount":3171,"publisher":{"@id":"https:\/\/www.meydan.tv\/az\/#organization"},"image":{"@id":"https:\/\/www.meydan.tv\/az\/article\/oqtay-esedovun-ailesine-mexsus-milyonlar-deyerindeki-mulkler\/#primaryimage"},"thumbnailUrl":"https:\/\/www.meydan.tv\/wp-content\/uploads\/aladdin-collage-asadov.jpeg","articleSection":["Ara\u015fd\u0131rma","Siyas\u0259t"],"inLanguage":"az"},{"@type":"WebPage","@id":"https:\/\/www.meydan.tv\/az\/article\/oqtay-esedovun-ailesine-mexsus-milyonlar-deyerindeki-mulkler\/","url":"https:\/\/www.meydan.tv\/az\/article\/oqtay-esedovun-ailesine-mexsus-milyonlar-deyerindeki-mulkler\/","name":"Oqtay \u018fs\u0259dovun ail\u0259sin\u0259 m\u0259xsus milyonlar d\u0259y\u0259rind\u0259ki m\u00fclkl\u0259r - MEYDAN.TV","isPartOf":{"@id":"https:\/\/www.meydan.tv\/az\/#website"},"primaryImageOfPage":{"@id":"https:\/\/www.meydan.tv\/az\/article\/oqtay-esedovun-ailesine-mexsus-milyonlar-deyerindeki-mulkler\/#primaryimage"},"image":{"@id":"https:\/\/www.meydan.tv\/az\/article\/oqtay-esedovun-ailesine-mexsus-milyonlar-deyerindeki-mulkler\/#primaryimage"},"thumbnailUrl":"https:\/\/www.meydan.tv\/wp-content\/uploads\/aladdin-collage-asadov.jpeg","datePublished":"2021-10-08T20:26:01+00:00","dateModified":"2021-10-27T09:47:48+00:00","breadcrumb":{"@id":"https:\/\/www.meydan.tv\/az\/article\/oqtay-esedovun-ailesine-mexsus-milyonlar-deyerindeki-mulkler\/#breadcrumb"},"inLanguage":"az","potentialAction":[{"@type":"ReadAction","target":["https:\/\/www.meydan.tv\/az\/article\/oqtay-esedovun-ailesine-mexsus-milyonlar-deyerindeki-mulkler\/"]}]},{"@type":"ImageObject","inLanguage":"az","@id":"https:\/\/www.meydan.tv\/az\/article\/oqtay-esedovun-ailesine-mexsus-milyonlar-deyerindeki-mulkler\/#primaryimage","url":"https:\/\/www.meydan.tv\/wp-content\/uploads\/aladdin-collage-asadov.jpeg","contentUrl":"https:\/\/www.meydan.tv\/wp-content\/uploads\/aladdin-collage-asadov.jpeg","width":1920,"height":1280,"caption":"Source: OCCRP"},{"@type":"BreadcrumbList","@id":"https:\/\/www.meydan.tv\/az\/article\/oqtay-esedovun-ailesine-mexsus-milyonlar-deyerindeki-mulkler\/#breadcrumb","itemListElement":[{"@type":"ListItem","position":1,"name":"Ana s\u0259hif\u0259","item":"https:\/\/www.meydan.tv\/az\/"},{"@type":"ListItem","position":2,"name":"Siyas\u0259t","item":"https:\/\/www.meydan.tv\/az\/section\/siyaset\/"},{"@type":"ListItem","position":3,"name":"Oqtay \u018fs\u0259dovun ail\u0259sin\u0259 m\u0259xsus milyonlar d\u0259y\u0259rind\u0259ki m\u00fclkl\u0259r"}]},{"@type":"WebSite","@id":"https:\/\/www.meydan.tv\/az\/#website","url":"https:\/\/www.meydan.tv\/az\/","name":"MEYDAN.TV","description":"Meydan TV Az\u0259rbaycan\u0131n media m\u0259kan\u0131ndak\u0131 alternativ s\u0259sidir","publisher":{"@id":"https:\/\/www.meydan.tv\/az\/#organization"},"potentialAction":[{"@type":"SearchAction","target":{"@type":"EntryPoint","urlTemplate":"https:\/\/www.meydan.tv\/az\/?s={search_term_string}"},"query-input":{"@type":"PropertyValueSpecification","valueRequired":true,"valueName":"search_term_string"}}],"inLanguage":"az"},{"@type":"Organization","@id":"https:\/\/www.meydan.tv\/az\/#organization","name":"Meydan TV","url":"https:\/\/www.meydan.tv\/az\/","logo":{"@type":"ImageObject","inLanguage":"az","@id":"https:\/\/www.meydan.tv\/az\/#\/schema\/logo\/image\/","url":"https:\/\/www.meydan.tv\/wp-content\/uploads\/2021\/07\/meydan-logo.svg","contentUrl":"https:\/\/www.meydan.tv\/wp-content\/uploads\/2021\/07\/meydan-logo.svg","width":195,"height":46,"caption":"Meydan TV"},"image":{"@id":"https:\/\/www.meydan.tv\/az\/#\/schema\/logo\/image\/"}},{"@type":"Person","@id":"https:\/\/www.meydan.tv\/az\/#\/schema\/person\/10d11eccf6da3662cf5fdab9806ea91a","name":"user-manager"}]}},"_links":{"self":[{"href":"https:\/\/www.meydan.tv\/az\/wp-json\/wp\/v2\/posts\/213228","targetHints":{"allow":["GET"]}}],"collection":[{"href":"https:\/\/www.meydan.tv\/az\/wp-json\/wp\/v2\/posts"}],"about":[{"href":"https:\/\/www.meydan.tv\/az\/wp-json\/wp\/v2\/types\/post"}],"author":[{"embeddable":true,"href":"https:\/\/www.meydan.tv\/az\/wp-json\/wp\/v2\/users\/11"}],"replies":[{"embeddable":true,"href":"https:\/\/www.meydan.tv\/az\/wp-json\/wp\/v2\/comments?post=213228"}],"version-history":[{"count":1,"href":"https:\/\/www.meydan.tv\/az\/wp-json\/wp\/v2\/posts\/213228\/revisions"}],"predecessor-version":[{"id":213886,"href":"https:\/\/www.meydan.tv\/az\/wp-json\/wp\/v2\/posts\/213228\/revisions\/213886"}],"wp:featuredmedia":[{"embeddable":true,"href":"https:\/\/www.meydan.tv\/az\/wp-json\/wp\/v2\/media\/210963"}],"wp:attachment":[{"href":"https:\/\/www.meydan.tv\/az\/wp-json\/wp\/v2\/media?parent=213228"}],"wp:term":[{"taxonomy":"category","embeddable":true,"href":"https:\/\/www.meydan.tv\/az\/wp-json\/wp\/v2\/categories?post=213228"},{"taxonomy":"post_tag","embeddable":true,"href":"https:\/\/www.meydan.tv\/az\/wp-json\/wp\/v2\/tags?post=213228"}],"curies":[{"name":"wp","href":"https:\/\/api.w.org\/{rel}","templated":true}]}}