{"id":213198,"date":"2021-10-07T16:31:49","date_gmt":"2021-10-07T16:31:49","guid":{"rendered":"https:\/\/www.meydan.tv\/article\/yaqut-abdullayeva-turkler-demis-kimin-ne-demesi-umrumda-deyil\/"},"modified":"2021-10-07T16:31:49","modified_gmt":"2021-10-07T16:31:49","slug":"yaqut-abdullayeva-turkler-demis-kimin-ne-demesi-umrumda-deyil","status":"publish","type":"post","link":"https:\/\/www.meydan.tv\/az\/article\/yaqut-abdullayeva-turkler-demis-kimin-ne-demesi-umrumda-deyil\/","title":{"rendered":"Yaqut Abdullayeva: T\u00fcrkl\u0259r demi\u015f, kimin n\u0259 dem\u0259si umrumda deyil"},"content":{"rendered":"<p>\n  <i><br \/>\n    \u201cValideynl\u0259rinin q\u0259birl\u0259rind\u0259n uzaq d\u00fc\u015f\u0259n, bac\u0131s\u0131n\u0131n 20 ya\u015f\u0131nda o\u011flu \u015f\u0259hid olan bir insan\u0131 anlam\u0131rlar\u201d<br \/>\n  <\/i>\n<\/p>\n<p>\n  <b><br \/>\n    \u018fm\u0259kdar artist Yaqut Abdullayevan\u0131n C\u0259bray\u0131l s\u0259f\u0259ri zaman\u0131 Prezident \u0130lham \u018fliyevin \u0259lini \u00f6pm\u0259k ist\u0259m\u0259si ictimaiyy\u0259t aras\u0131nda birm\u0259nal\u0131 qar\u015f\u0131lanmay\u0131b, h\u0259m\u00e7inin sosial \u015f\u0259b\u0259k\u0259l\u0259rd\u0259 m\u00fczakir\u0259l\u0259r\u0259 s\u0259b\u0259b olub.<br \/>\n  <\/b>\n<\/p>\n<p>\n  <b><br \/>\n    Xan\u0259nd\u0259 Meydan TV-y\u0259 m\u00fcsahib\u0259sind\u0259 haqq\u0131nda deyil\u0259nl\u0259r\u0259 m\u00fcnasib\u0259t bildirib.<br \/>\n  <\/b>\n<\/p>\n<p>\n  <i><br \/>\n    -Yaqut xan\u0131m, uzun m\u00fcdd\u0259tdir ekranlarda g\u00f6r\u00fcnm\u00fcrd\u00fcn\u00fcz, g\u00f6zl\u0259nilm\u0259d\u0259n d\u00f6vl\u0259t ba\u015f\u00e7\u0131s\u0131n\u0131n C\u0259bray\u0131l s\u0259f\u0259rind\u0259 olma\u011f\u0131n\u0131z v\u0259 \u00e7\u0131x\u0131\u015f\u0131n\u0131z suallara s\u0259b\u0259b oldu. S\u0259f\u0259r sizin \u00fc\u00e7\u00fcn d\u0259 g\u00f6zl\u0259nilm\u0259z say\u0131la bil\u0259rmi?<br \/>\n  <\/i>\n<\/p>\n<p>\n  -S\u0259f\u0259r d\u0259v\u0259ti \u00e7ox g\u00f6zl\u0259nilm\u0259z oldu. C\u0259bray\u0131l azad oldunduqdan sonra fikirl\u0259\u015firdim ki, ora qohum-\u0259qr\u0259balar\u0131mla ged\u0259r\u0259m. S\u0259f\u0259r\u0259 ged\u0259nl\u0259r ham\u0131s\u0131 ziyal\u0131lar, universitet m\u00fc\u0259lliml\u0259ri, deputatar, icra ba\u015f\u00e7\u0131lar\u0131 idi. M\u0259ni d\u0259 C\u0259bray\u0131ldan olan tan\u0131nm\u0131\u015f ifa\u00e7\u0131, xan\u0259nd\u0259 kimi d\u0259v\u0259t etmi\u015fdil\u0259r. \u00c7ox sa\u011f olsunlar, sayd\u0131lar, d\u0259v\u0259t etdil\u0259r. Getm\u0259li idim, ba\u015fqa c\u00fcr ola bilm\u0259zdi. S\u0259f\u0259r\u0259 \u00e7\u0131xanda, d\u00fc\u015f\u00fcn\u00fcrd\u00fcm ki, m\u00fcharib\u0259d\u0259n sonra ilk d\u0259f\u0259 C\u0259bray\u0131lda olanda \u00f6z\u00fcm\u00fc nec\u0259 hiss ed\u0259c\u0259y\u0259m? G\u00f6rd\u00fckl\u0259rimd\u0259n sars\u0131ld\u0131m. \u018ftrafa baxd\u0131qca, hal\u0131m pis olurdu. H\u0259r yer s\u00f6k\u00fcl\u00fcb-da\u011f\u0131lm\u0131\u015fd\u0131. N\u0259 a\u011fac vard\u0131, n\u0259 d\u0259 evl\u0259r. H\u0259r t\u0259r\u0259f ba\u015fdan-ba\u015fa d\u00fcz\u0259nlik idi. \u00d6z\u00fcm\u00fc sakitl\u0259\u015fdirirdim. Yolun sa\u011f\u0131na-soluna baxm\u0131rd\u0131m. \u018fg\u0259r bu torpaq onlar\u0131nd\u0131rsa, niy\u0259 bel\u0259 yerl\u0259-yeksan etmi\u015fdil\u0259r? Q\u0259lbind\u0259 n\u0259 q\u0259d\u0259r kin-k\u00fcdur\u0259t, nifr\u0259t ola ki, da\u015f-k\u0259s\u0259y\u0259 d\u0259 d\u00fc\u015fm\u0259nlik ed\u0259s\u0259n. T\u0259dbir C\u0259bray\u0131l\u0131n vaxtil\u0259 m\u0259rk\u0259z hesab olunan hiss\u0259sind\u0259 t\u0259\u015fkil edildi. M\u0259rk\u0259z dediyim yerd\u0259n \u0259s\u0259r-\u0259lam\u0259t qalmam\u0131\u015fd\u0131. H\u0259min yerd\u0259 s\u0259kkiz y\u00fcz ya\u015fl\u0131 \u00e7inar a\u011fac\u0131 vard\u0131. T\u0259s\u0259vv\u00fcr edin, h\u0259min a\u011fac rayon m\u0259rk\u0259zini b\u00fct\u00fcnl\u00fckl\u0259 a\u011fu\u015funa alm\u0131\u015fd\u0131. \u0130ndi is\u0259 h\u0259min a\u011fac yox idi, k\u0259smi\u015fdil\u0259r. \u00c7inar\u0131n dibind\u0259 k\u0259hriz ax\u0131rd\u0131. K\u0259hrizin qaba\u011f\u0131n\u0131 betonlay\u0131blar. Da\u015f-k\u0259s\u0259k, torpaqdan ba\u015fqa he\u00e7 n\u0259 yox idi. B\u00fct\u00fcn bunlar\u0131 g\u00f6r\u00fcrd\u00fcm, \u00f6z\u00fcm\u0259 toxtaql\u0131q verirdim. Deyirdim ki, Yaqut, \u00f6z\u00fcn\u00fc \u0259l\u0259 al, bu, d\u00f6vl\u0259t t\u0259dbiridir. \u018fsas odur ki, aya\u011f\u0131n do\u011fulub, b\u00f6y\u00fcy\u00fcb, boya-ba\u015fa \u00e7atd\u0131\u011f\u0131n torpa\u011fa d\u0259ydi. Torpa\u011f\u0131 g\u00f6t\u00fcr\u00fcrd\u00fcm, a\u011fz\u0131ma-g\u00f6z\u00fcm\u0259 s\u00fcrt\u00fcrd\u00fcm, \u00f6p\u00fcrd\u00fcm, iyl\u0259yirdim. \u00c7ox a\u011f\u0131r hissl\u0259r ke\u00e7irdim.\n<\/p>\n<figure class=\"wp-block-image size-large\">\n  <img decoding=\"async\" src=\"https:\/\/www.meydan.tv\/az\/985165-jpg\/\" alt=\"985165.jpg\" class=\"wp-image-210909\"\/><figcaption>\n    &#8220;O, biz\u0259 C\u0259bray\u0131l\u0131, torpaqlar\u0131m\u0131z\u0131 b\u0259x\u015f etdi&#8221;<br \/>\n  <\/figcaption><\/figure>\n<p>\n  <i><br \/>\n    -Prezidentl\u0259 g\u00f6r\u00fc\u015fd\u0259 \u00e7\u0131x\u0131\u015f\u0131n\u0131z\u0131n, onun \u0259lini \u00f6pm\u0259k ist\u0259m\u0259yinizin m\u0259tbuat v\u0259 sosial \u015f\u0259b\u0259k\u0259l\u0259rd\u0259 birm\u0259nal\u0131 qar\u015f\u0131lanmad\u0131\u011f\u0131ndan x\u0259b\u0259riniz var?<br \/>\n  <\/i>\n<\/p>\n<p>\n  -T\u00fcrkl\u0259rin bir s\u00f6z\u00fc var, umrumda deyil. Bu haqda d\u00fc\u015f\u00fcnm\u00fcr\u0259m. Qoy, kim n\u0259 yaz\u0131r-yazs\u0131n. \u00d6n\u0259mli olan c\u0259nab prezidentin biz\u0259 \u015f\u0259rait yaratmas\u0131 oldu, gedib C\u0259bray\u0131l\u0131 g\u00f6rd\u00fcm. \u0130nsan n\u0259 q\u0259d\u0259r sad\u0259, s\u0259mimi olar. Biz\u0259 \u015f\u0259rait yaratd\u0131 ki, kimin n\u0259 \u00fcr\u0259k s\u00f6z\u00fc var desin. H\u0259tta biz \u00e7\u0131x\u0131\u015f ed\u0259nd\u0259, aya\u011fa qalxanda, deyirdi ki, durmay\u0131n, oturub dan\u0131\u015f\u0131n. G\u0259ldi, oturdu, dedi ki, C\u0259bray\u0131la xo\u015f g\u0259lmisiniz. Bu g\u00fcn siz m\u0259nim qona\u011f\u0131ms\u0131n\u0131z. O, biz\u0259 C\u0259bray\u0131l\u0131, torpaqlar\u0131m\u0131z\u0131 b\u0259x\u015f etdi. \u0130\u015f\u011falda olan torpaqlar\u0131m\u0131z\u0131 prezidentimiz, m\u00fcz\u0259ff\u0259r ordumuzla b\u0259rab\u0259r biz\u0259 qaytard\u0131. Gec\u0259si-g\u00fcnd\u00fcz\u00fc olmad\u0131. Bir m\u0259s\u0259l var, deyir: \u201cToxun acdan x\u0259b\u0259ri olmaz\u201d. B\u0259zi insanlar a\u011f\u0131z b\u00fczd\u00fc. Elind\u0259n-obas\u0131ndan, v\u0259t\u0259nind\u0259n, valideynl\u0259rinin q\u0259birl\u0259rind\u0259n uzaq d\u00fc\u015f\u0259n, bac\u0131s\u0131n\u0131n 20 ya\u015f\u0131nda o\u011flu \u015f\u0259hid olan bir insan\u0131 anlam\u0131rlar. Olsun, haqq\u0131mda xo\u015fag\u0259lm\u0259z s\u00f6zl\u0259r desinl\u0259r. C\u0259bray\u0131l i\u015f\u011faldan azad olunanda, \u00fcr\u0259yimd\u0259n ke\u00e7di ki, qism\u0259t olsa, prezident\u0259 rast g\u0259ls\u0259m, onun d\u0259mir yumruq \u0259lind\u0259n \u00f6p\u00fcb, g\u00f6zl\u0259rim \u00fcst\u00fcn\u0259 qoyaca\u011fam. Prezidentl\u0259 g\u00f6r\u00fc\u015f zaman\u0131, \u00e7\u0131x\u0131\u015f ed\u0259nd\u0259 q\u0259fil \u00f6z-\u00f6z\u00fcm\u0259 dedim ki, Yaqut, ax\u0131 s\u0259n bunu arzulam\u0131\u015fd\u0131n, yeridir. Allaha and olsun ki, \u00e7\u0131x\u0131\u015f\u0131ma q\u0259d\u0259r bu haqda fikirl\u0259\u015fm\u0259mi\u015fdim. Bir il \u0259vv\u0259lki arzumu unutm\u015fdum. Orada prezident\u0259 dedim ki, s\u00f6z\u00fcm\u00fc yer\u0259 salmay\u0131n. Orada ana \u00f6vlad\u0131na o s\u00f6z\u00fc deyirdi. O m\u00fcnasib\u0259tl\u0259 yana\u015f\u0131rd\u0131m ona. Onun m\u0259n\u0259 a\u00e7d\u0131\u011f\u0131 quca\u011f\u0131 g\u00f6rd\u00fcn\u00fcz? El\u0259 bil, o\u011ful anas\u0131n\u0131 qucaqlad\u0131. El\u0259 bil, o\u011ful anas\u0131n\u0131 ba\u011fr\u0131na basd\u0131.\n<\/p>\n<p>\n  &#8211;<br \/>\n  <i><br \/>\n    Bu \u00e7\u0131x\u0131\u015f\u0131n\u0131z\u0131 yaltaql\u0131q sayanlar da var, h\u0259tta b\u0259zil\u0259ri \u201cXalq artisti\u201d ad\u0131 almaq \u00fc\u00e7\u00fcn bel\u0259 bir add\u0131m atd\u0131\u011f\u0131n\u0131z\u0131 iddia edir. Bu fikirl\u0259ri nec\u0259 qar\u015f\u0131lay\u0131s\u0131n\u0131z?<br \/>\n  <\/i>\n<\/p>\n<p>\n  -\u018fsla bel\u0259 deyil. He\u00e7 kimin fikri m\u0259ni maraqland\u0131rm\u0131r. \u018fg\u0259r bel\u0259 bir niyy\u0259tim olsayd\u0131, o m\u0259ni ba\u011fr\u0131na basanda, s\u00f6z\u00fcm\u00fc dey\u0259rdim. Bu fikir n\u0259 a\u011fl\u0131mdan, n\u0259 d\u0259 q\u0259lbimd\u0259n ke\u00e7ib. Yaln\u0131z onu d\u00fc\u015f\u00fcnd\u00fcm ki, bir il \u0259rzind\u0259 arzulad\u0131\u011f\u0131m ist\u0259yim\u0259 nail oldum. Ancaq c\u0259nab prezidentimiz imkan verm\u0259di. Bu da onun b\u00f6y\u00fckl\u00fcy\u00fcnd\u0259n ir\u0259li g\u0259ldi. Xalq artisti f\u0259xri ad\u0131m da torpa\u011f\u0131md\u0131r, h\u0259r \u015feyim v\u0259t\u0259nimdir. \u018fg\u0259r aya\u011f\u0131m C\u0259bray\u0131la d\u0259ydis\u0259, budur m\u0259nim f\u0259xri ad\u0131m. Bu d\u00fcnyada he\u00e7 kim \u0259b\u0259di deyil. \u018fvv\u0259ll\u0259r fikirl\u0259\u015firdim ki, m\u0259ni harada d\u0259fn ed\u0259c\u0259kl\u0259r? Ax\u0131 C\u0259bray\u0131l i\u015f\u011faldad\u0131r. \u0130ndi \u00e7ox rahatam, \u00e7\u00fcnki torpa\u011f\u0131m azadd\u0131r.<\/p>\n","protected":false},"excerpt":{"rendered":"<p>&#8220;\u018fg\u0259r bu torpaq onlar\u0131nd\u0131rsa, niy\u0259 bel\u0259 yerl\u0259-yeksan etmi\u015fdil\u0259r?&#8221;<\/p>\n","protected":false},"author":11,"featured_media":210906,"comment_status":"closed","ping_status":"open","sticky":false,"template":"","format":"standard","meta":{"_acf_changed":false,"_sitemap_exclude":false,"_sitemap_priority":"","_sitemap_frequency":"","footnotes":""},"categories":[52],"tags":[],"class_list":["post-213198","post","type-post","status-publish","format-standard","has-post-thumbnail","hentry","category-medeniyyet","infinite-scroll-item","generate-columns","tablet-grid-50","mobile-grid-100","grid-parent","grid-33","no-featured-image-padding"],"acf":[],"yoast_head":"<!-- This site is optimized with the Yoast SEO plugin v27.5 - https:\/\/yoast.com\/product\/yoast-seo-wordpress\/ -->\n<title>Yaqut Abdullayeva: T\u00fcrkl\u0259r demi\u015f, kimin n\u0259 dem\u0259si umrumda deyil - MEYDAN.TV<\/title>\n<meta name=\"robots\" content=\"index, follow, max-snippet:-1, max-image-preview:large, max-video-preview:-1\" \/>\n<link rel=\"canonical\" href=\"https:\/\/www.meydan.tv\/az\/article\/yaqut-abdullayeva-turkler-demis-kimin-ne-demesi-umrumda-deyil\/\" \/>\n<meta property=\"og:locale\" content=\"az_AZ\" \/>\n<meta property=\"og:type\" content=\"article\" \/>\n<meta property=\"og:title\" content=\"Yaqut Abdullayeva: T\u00fcrkl\u0259r demi\u015f, kimin n\u0259 dem\u0259si umrumda deyil - MEYDAN.TV\" \/>\n<meta property=\"og:description\" content=\"&quot;\u018fg\u0259r bu torpaq onlar\u0131nd\u0131rsa, niy\u0259 bel\u0259 yerl\u0259-yeksan etmi\u015fdil\u0259r?&quot;\" \/>\n<meta property=\"og:url\" content=\"https:\/\/www.meydan.tv\/az\/article\/yaqut-abdullayeva-turkler-demis-kimin-ne-demesi-umrumda-deyil\/\" \/>\n<meta property=\"og:site_name\" content=\"MEYDAN.TV\" \/>\n<meta property=\"article:published_time\" content=\"2021-10-07T16:31:49+00:00\" \/>\n<meta property=\"og:image\" content=\"https:\/\/www.meydan.tv\/wp-content\/uploads\/sddefault_kagyawl.jpg\" \/>\n\t<meta property=\"og:image:width\" content=\"640\" \/>\n\t<meta property=\"og:image:height\" content=\"480\" \/>\n\t<meta property=\"og:image:type\" content=\"image\/jpeg\" \/>\n<meta name=\"author\" content=\"user-manager\" \/>\n<meta name=\"twitter:card\" content=\"summary_large_image\" \/>\n<script type=\"application\/ld+json\" class=\"yoast-schema-graph\">{\"@context\":\"https:\\\/\\\/schema.org\",\"@graph\":[{\"@type\":\"Article\",\"@id\":\"https:\\\/\\\/www.meydan.tv\\\/az\\\/article\\\/yaqut-abdullayeva-turkler-demis-kimin-ne-demesi-umrumda-deyil\\\/#article\",\"isPartOf\":{\"@id\":\"https:\\\/\\\/www.meydan.tv\\\/az\\\/article\\\/yaqut-abdullayeva-turkler-demis-kimin-ne-demesi-umrumda-deyil\\\/\"},\"author\":{\"name\":\"user-manager\",\"@id\":\"https:\\\/\\\/www.meydan.tv\\\/az\\\/#\\\/schema\\\/person\\\/10d11eccf6da3662cf5fdab9806ea91a\"},\"headline\":\"Yaqut Abdullayeva: T\u00fcrkl\u0259r demi\u015f, kimin n\u0259 dem\u0259si umrumda deyil\",\"datePublished\":\"2021-10-07T16:31:49+00:00\",\"mainEntityOfPage\":{\"@id\":\"https:\\\/\\\/www.meydan.tv\\\/az\\\/article\\\/yaqut-abdullayeva-turkler-demis-kimin-ne-demesi-umrumda-deyil\\\/\"},\"wordCount\":1090,\"publisher\":{\"@id\":\"https:\\\/\\\/www.meydan.tv\\\/az\\\/#organization\"},\"image\":{\"@id\":\"https:\\\/\\\/www.meydan.tv\\\/az\\\/article\\\/yaqut-abdullayeva-turkler-demis-kimin-ne-demesi-umrumda-deyil\\\/#primaryimage\"},\"thumbnailUrl\":\"https:\\\/\\\/www.meydan.tv\\\/wp-content\\\/uploads\\\/sddefault_kagyawl.jpg\",\"articleSection\":[\"M\u0259d\u0259niyy\u0259t\"],\"inLanguage\":\"az\"},{\"@type\":\"WebPage\",\"@id\":\"https:\\\/\\\/www.meydan.tv\\\/az\\\/article\\\/yaqut-abdullayeva-turkler-demis-kimin-ne-demesi-umrumda-deyil\\\/\",\"url\":\"https:\\\/\\\/www.meydan.tv\\\/az\\\/article\\\/yaqut-abdullayeva-turkler-demis-kimin-ne-demesi-umrumda-deyil\\\/\",\"name\":\"Yaqut Abdullayeva: T\u00fcrkl\u0259r demi\u015f, kimin n\u0259 dem\u0259si umrumda deyil - MEYDAN.TV\",\"isPartOf\":{\"@id\":\"https:\\\/\\\/www.meydan.tv\\\/az\\\/#website\"},\"primaryImageOfPage\":{\"@id\":\"https:\\\/\\\/www.meydan.tv\\\/az\\\/article\\\/yaqut-abdullayeva-turkler-demis-kimin-ne-demesi-umrumda-deyil\\\/#primaryimage\"},\"image\":{\"@id\":\"https:\\\/\\\/www.meydan.tv\\\/az\\\/article\\\/yaqut-abdullayeva-turkler-demis-kimin-ne-demesi-umrumda-deyil\\\/#primaryimage\"},\"thumbnailUrl\":\"https:\\\/\\\/www.meydan.tv\\\/wp-content\\\/uploads\\\/sddefault_kagyawl.jpg\",\"datePublished\":\"2021-10-07T16:31:49+00:00\",\"breadcrumb\":{\"@id\":\"https:\\\/\\\/www.meydan.tv\\\/az\\\/article\\\/yaqut-abdullayeva-turkler-demis-kimin-ne-demesi-umrumda-deyil\\\/#breadcrumb\"},\"inLanguage\":\"az\",\"potentialAction\":[{\"@type\":\"ReadAction\",\"target\":[\"https:\\\/\\\/www.meydan.tv\\\/az\\\/article\\\/yaqut-abdullayeva-turkler-demis-kimin-ne-demesi-umrumda-deyil\\\/\"]}]},{\"@type\":\"ImageObject\",\"inLanguage\":\"az\",\"@id\":\"https:\\\/\\\/www.meydan.tv\\\/az\\\/article\\\/yaqut-abdullayeva-turkler-demis-kimin-ne-demesi-umrumda-deyil\\\/#primaryimage\",\"url\":\"https:\\\/\\\/www.meydan.tv\\\/wp-content\\\/uploads\\\/sddefault_kagyawl.jpg\",\"contentUrl\":\"https:\\\/\\\/www.meydan.tv\\\/wp-content\\\/uploads\\\/sddefault_kagyawl.jpg\",\"width\":640,\"height\":480,\"caption\":\"Source: Specify Source\"},{\"@type\":\"BreadcrumbList\",\"@id\":\"https:\\\/\\\/www.meydan.tv\\\/az\\\/article\\\/yaqut-abdullayeva-turkler-demis-kimin-ne-demesi-umrumda-deyil\\\/#breadcrumb\",\"itemListElement\":[{\"@type\":\"ListItem\",\"position\":1,\"name\":\"Ana s\u0259hif\u0259\",\"item\":\"https:\\\/\\\/www.meydan.tv\\\/az\\\/\"},{\"@type\":\"ListItem\",\"position\":2,\"name\":\"M\u0259d\u0259niyy\u0259t\",\"item\":\"https:\\\/\\\/www.meydan.tv\\\/az\\\/section\\\/medeniyyet\\\/\"},{\"@type\":\"ListItem\",\"position\":3,\"name\":\"Yaqut Abdullayeva: T\u00fcrkl\u0259r demi\u015f, kimin n\u0259 dem\u0259si umrumda deyil\"}]},{\"@type\":\"WebSite\",\"@id\":\"https:\\\/\\\/www.meydan.tv\\\/az\\\/#website\",\"url\":\"https:\\\/\\\/www.meydan.tv\\\/az\\\/\",\"name\":\"MEYDAN.TV\",\"description\":\"Meydan TV Az\u0259rbaycan\u0131n media m\u0259kan\u0131ndak\u0131 alternativ s\u0259sidir\",\"publisher\":{\"@id\":\"https:\\\/\\\/www.meydan.tv\\\/az\\\/#organization\"},\"potentialAction\":[{\"@type\":\"SearchAction\",\"target\":{\"@type\":\"EntryPoint\",\"urlTemplate\":\"https:\\\/\\\/www.meydan.tv\\\/az\\\/?s={search_term_string}\"},\"query-input\":{\"@type\":\"PropertyValueSpecification\",\"valueRequired\":true,\"valueName\":\"search_term_string\"}}],\"inLanguage\":\"az\"},{\"@type\":\"Organization\",\"@id\":\"https:\\\/\\\/www.meydan.tv\\\/az\\\/#organization\",\"name\":\"Meydan TV\",\"url\":\"https:\\\/\\\/www.meydan.tv\\\/az\\\/\",\"logo\":{\"@type\":\"ImageObject\",\"inLanguage\":\"az\",\"@id\":\"https:\\\/\\\/www.meydan.tv\\\/az\\\/#\\\/schema\\\/logo\\\/image\\\/\",\"url\":\"https:\\\/\\\/www.meydan.tv\\\/wp-content\\\/uploads\\\/2021\\\/07\\\/meydan-logo.svg\",\"contentUrl\":\"https:\\\/\\\/www.meydan.tv\\\/wp-content\\\/uploads\\\/2021\\\/07\\\/meydan-logo.svg\",\"width\":195,\"height\":46,\"caption\":\"Meydan TV\"},\"image\":{\"@id\":\"https:\\\/\\\/www.meydan.tv\\\/az\\\/#\\\/schema\\\/logo\\\/image\\\/\"}},{\"@type\":\"Person\",\"@id\":\"https:\\\/\\\/www.meydan.tv\\\/az\\\/#\\\/schema\\\/person\\\/10d11eccf6da3662cf5fdab9806ea91a\",\"name\":\"user-manager\"}]}<\/script>\n<!-- \/ Yoast SEO plugin. -->","yoast_head_json":{"title":"Yaqut Abdullayeva: T\u00fcrkl\u0259r demi\u015f, kimin n\u0259 dem\u0259si umrumda deyil - MEYDAN.TV","robots":{"index":"index","follow":"follow","max-snippet":"max-snippet:-1","max-image-preview":"max-image-preview:large","max-video-preview":"max-video-preview:-1"},"canonical":"https:\/\/www.meydan.tv\/az\/article\/yaqut-abdullayeva-turkler-demis-kimin-ne-demesi-umrumda-deyil\/","og_locale":"az_AZ","og_type":"article","og_title":"Yaqut Abdullayeva: T\u00fcrkl\u0259r demi\u015f, kimin n\u0259 dem\u0259si umrumda deyil - MEYDAN.TV","og_description":"\"\u018fg\u0259r bu torpaq onlar\u0131nd\u0131rsa, niy\u0259 bel\u0259 yerl\u0259-yeksan etmi\u015fdil\u0259r?\"","og_url":"https:\/\/www.meydan.tv\/az\/article\/yaqut-abdullayeva-turkler-demis-kimin-ne-demesi-umrumda-deyil\/","og_site_name":"MEYDAN.TV","article_published_time":"2021-10-07T16:31:49+00:00","og_image":[{"width":640,"height":480,"url":"https:\/\/www.meydan.tv\/wp-content\/uploads\/sddefault_kagyawl.jpg","type":"image\/jpeg"}],"author":"user-manager","twitter_card":"summary_large_image","schema":{"@context":"https:\/\/schema.org","@graph":[{"@type":"Article","@id":"https:\/\/www.meydan.tv\/az\/article\/yaqut-abdullayeva-turkler-demis-kimin-ne-demesi-umrumda-deyil\/#article","isPartOf":{"@id":"https:\/\/www.meydan.tv\/az\/article\/yaqut-abdullayeva-turkler-demis-kimin-ne-demesi-umrumda-deyil\/"},"author":{"name":"user-manager","@id":"https:\/\/www.meydan.tv\/az\/#\/schema\/person\/10d11eccf6da3662cf5fdab9806ea91a"},"headline":"Yaqut Abdullayeva: T\u00fcrkl\u0259r demi\u015f, kimin n\u0259 dem\u0259si umrumda deyil","datePublished":"2021-10-07T16:31:49+00:00","mainEntityOfPage":{"@id":"https:\/\/www.meydan.tv\/az\/article\/yaqut-abdullayeva-turkler-demis-kimin-ne-demesi-umrumda-deyil\/"},"wordCount":1090,"publisher":{"@id":"https:\/\/www.meydan.tv\/az\/#organization"},"image":{"@id":"https:\/\/www.meydan.tv\/az\/article\/yaqut-abdullayeva-turkler-demis-kimin-ne-demesi-umrumda-deyil\/#primaryimage"},"thumbnailUrl":"https:\/\/www.meydan.tv\/wp-content\/uploads\/sddefault_kagyawl.jpg","articleSection":["M\u0259d\u0259niyy\u0259t"],"inLanguage":"az"},{"@type":"WebPage","@id":"https:\/\/www.meydan.tv\/az\/article\/yaqut-abdullayeva-turkler-demis-kimin-ne-demesi-umrumda-deyil\/","url":"https:\/\/www.meydan.tv\/az\/article\/yaqut-abdullayeva-turkler-demis-kimin-ne-demesi-umrumda-deyil\/","name":"Yaqut Abdullayeva: T\u00fcrkl\u0259r demi\u015f, kimin n\u0259 dem\u0259si umrumda deyil - MEYDAN.TV","isPartOf":{"@id":"https:\/\/www.meydan.tv\/az\/#website"},"primaryImageOfPage":{"@id":"https:\/\/www.meydan.tv\/az\/article\/yaqut-abdullayeva-turkler-demis-kimin-ne-demesi-umrumda-deyil\/#primaryimage"},"image":{"@id":"https:\/\/www.meydan.tv\/az\/article\/yaqut-abdullayeva-turkler-demis-kimin-ne-demesi-umrumda-deyil\/#primaryimage"},"thumbnailUrl":"https:\/\/www.meydan.tv\/wp-content\/uploads\/sddefault_kagyawl.jpg","datePublished":"2021-10-07T16:31:49+00:00","breadcrumb":{"@id":"https:\/\/www.meydan.tv\/az\/article\/yaqut-abdullayeva-turkler-demis-kimin-ne-demesi-umrumda-deyil\/#breadcrumb"},"inLanguage":"az","potentialAction":[{"@type":"ReadAction","target":["https:\/\/www.meydan.tv\/az\/article\/yaqut-abdullayeva-turkler-demis-kimin-ne-demesi-umrumda-deyil\/"]}]},{"@type":"ImageObject","inLanguage":"az","@id":"https:\/\/www.meydan.tv\/az\/article\/yaqut-abdullayeva-turkler-demis-kimin-ne-demesi-umrumda-deyil\/#primaryimage","url":"https:\/\/www.meydan.tv\/wp-content\/uploads\/sddefault_kagyawl.jpg","contentUrl":"https:\/\/www.meydan.tv\/wp-content\/uploads\/sddefault_kagyawl.jpg","width":640,"height":480,"caption":"Source: Specify Source"},{"@type":"BreadcrumbList","@id":"https:\/\/www.meydan.tv\/az\/article\/yaqut-abdullayeva-turkler-demis-kimin-ne-demesi-umrumda-deyil\/#breadcrumb","itemListElement":[{"@type":"ListItem","position":1,"name":"Ana s\u0259hif\u0259","item":"https:\/\/www.meydan.tv\/az\/"},{"@type":"ListItem","position":2,"name":"M\u0259d\u0259niyy\u0259t","item":"https:\/\/www.meydan.tv\/az\/section\/medeniyyet\/"},{"@type":"ListItem","position":3,"name":"Yaqut Abdullayeva: T\u00fcrkl\u0259r demi\u015f, kimin n\u0259 dem\u0259si umrumda deyil"}]},{"@type":"WebSite","@id":"https:\/\/www.meydan.tv\/az\/#website","url":"https:\/\/www.meydan.tv\/az\/","name":"MEYDAN.TV","description":"Meydan TV Az\u0259rbaycan\u0131n media m\u0259kan\u0131ndak\u0131 alternativ s\u0259sidir","publisher":{"@id":"https:\/\/www.meydan.tv\/az\/#organization"},"potentialAction":[{"@type":"SearchAction","target":{"@type":"EntryPoint","urlTemplate":"https:\/\/www.meydan.tv\/az\/?s={search_term_string}"},"query-input":{"@type":"PropertyValueSpecification","valueRequired":true,"valueName":"search_term_string"}}],"inLanguage":"az"},{"@type":"Organization","@id":"https:\/\/www.meydan.tv\/az\/#organization","name":"Meydan TV","url":"https:\/\/www.meydan.tv\/az\/","logo":{"@type":"ImageObject","inLanguage":"az","@id":"https:\/\/www.meydan.tv\/az\/#\/schema\/logo\/image\/","url":"https:\/\/www.meydan.tv\/wp-content\/uploads\/2021\/07\/meydan-logo.svg","contentUrl":"https:\/\/www.meydan.tv\/wp-content\/uploads\/2021\/07\/meydan-logo.svg","width":195,"height":46,"caption":"Meydan TV"},"image":{"@id":"https:\/\/www.meydan.tv\/az\/#\/schema\/logo\/image\/"}},{"@type":"Person","@id":"https:\/\/www.meydan.tv\/az\/#\/schema\/person\/10d11eccf6da3662cf5fdab9806ea91a","name":"user-manager"}]}},"_links":{"self":[{"href":"https:\/\/www.meydan.tv\/az\/wp-json\/wp\/v2\/posts\/213198","targetHints":{"allow":["GET"]}}],"collection":[{"href":"https:\/\/www.meydan.tv\/az\/wp-json\/wp\/v2\/posts"}],"about":[{"href":"https:\/\/www.meydan.tv\/az\/wp-json\/wp\/v2\/types\/post"}],"author":[{"embeddable":true,"href":"https:\/\/www.meydan.tv\/az\/wp-json\/wp\/v2\/users\/11"}],"replies":[{"embeddable":true,"href":"https:\/\/www.meydan.tv\/az\/wp-json\/wp\/v2\/comments?post=213198"}],"version-history":[{"count":0,"href":"https:\/\/www.meydan.tv\/az\/wp-json\/wp\/v2\/posts\/213198\/revisions"}],"wp:featuredmedia":[{"embeddable":true,"href":"https:\/\/www.meydan.tv\/az\/wp-json\/wp\/v2\/media\/210906"}],"wp:attachment":[{"href":"https:\/\/www.meydan.tv\/az\/wp-json\/wp\/v2\/media?parent=213198"}],"wp:term":[{"taxonomy":"category","embeddable":true,"href":"https:\/\/www.meydan.tv\/az\/wp-json\/wp\/v2\/categories?post=213198"},{"taxonomy":"post_tag","embeddable":true,"href":"https:\/\/www.meydan.tv\/az\/wp-json\/wp\/v2\/tags?post=213198"}],"curies":[{"name":"wp","href":"https:\/\/api.w.org\/{rel}","templated":true}]}}