{"id":213182,"date":"2021-10-06T16:10:01","date_gmt":"2021-10-06T16:10:01","guid":{"rendered":"https:\/\/www.meydan.tv\/article\/ikinci-qrup-elil-meni-aldadib-isden-cixariblar\/"},"modified":"2021-10-06T16:10:01","modified_gmt":"2021-10-06T16:10:01","slug":"ikinci-qrup-elil-meni-aldadib-isden-cixariblar","status":"publish","type":"post","link":"https:\/\/www.meydan.tv\/az\/article\/ikinci-qrup-elil-meni-aldadib-isden-cixariblar\/","title":{"rendered":"\u0130kinci qrup \u0259lil: M\u0259ni aldad\u0131b i\u015fd\u0259n \u00e7\u0131xar\u0131blar"},"content":{"rendered":"<p>\n  <i><br \/>\n    \u201c\u0130\u015fl\u0259diyim son ay\u0131n maa\u015f\u0131 karta y\u00fckl\u0259nmir\u201d<br \/>\n  <\/i>\n<\/p>\n<p>\n  \u201c\u018flilliy\u0259 g\u00f6r\u0259 t\u0259qa\u00fcd al\u0131ram, ba\u015fqa g\u0259lir yerim yoxdur, azya\u015fl\u0131 \u00f6vlad\u0131ma g\u00f6r\u0259 110 manat aliment \u00f6d\u0259yir\u0259m, qalma\u011fa yerim d\u0259 yoxdur. Onsuz da \u0259li yerd\u0259n, g\u00f6yd\u0259n \u00fcz\u00fcl\u0259n bir \u0259lili \u00fcst\u0259lik aldadaraq i\u015fsiz d\u0259 qoyublar\u201d.\n<\/p>\n<p>\n  Bunu Meydan TV-y\u0259 Ming\u0259\u00e7evir sakini Teymur H\u00fcmb\u0259tov deyir.\n<\/p>\n<p>\n  O, 4 il Ming\u0259cevir \u015f\u0259h\u0259r Ya\u015f\u0131lla\u015fd\u0131rma v\u0259 Sanitar T\u0259mizlik \u0130dar\u0259sind\u0259 zibil y\u00fckl\u0259y\u0259n f\u0259hl\u0259 i\u015fl\u0259yib. \u0130dar\u0259 r\u0259hb\u0259rliyi ona sonradan ba\u015fqa i\u015fl\u0259 t\u0259min olunaca\u011f\u0131n\u0131 v\u0259d ed\u0259r\u0259k i\u015fd\u0259n \u00e7\u0131xmaq bar\u0259d\u0259 \u0259riz\u0259 yazd\u0131r\u0131b. Ancaq \u0259riz\u0259sini yazd\u0131qdan sonra ona DOST \u0130\u015f M\u0259rk\u0259ziyl\u0259 m\u00fcqavil\u0259 ba\u011flama\u011f\u0131 v\u0259 m\u00fcv\u0259qq\u0259ti olaraq n\u0259zar\u0259t\u00e7i i\u015fl\u0259m\u0259yi m\u0259sl\u0259h\u0259t g\u00f6r\u00fcbl\u0259r.\n<\/p>\n<p>\n  <b><br \/>\n    \u201cDedil\u0259r, h\u0259l\u0259lik DOST-la m\u00fcqavil\u0259 ba\u011fla&#8230;\u201d<br \/>\n  <\/b>\n<\/p>\n<p>\n  \u201cM\u0259ni aldatd\u0131lar ki, idar\u0259d\u0259n i\u015fd\u0259n \u00e7\u0131xmaqla ba\u011fl\u0131 k\u00f6n\u00fcll\u00fc \u0259riz\u0259 yaz, \u0259mrini ver\u0259k, s\u0259ni i\u015fd\u0259n \u00e7\u0131xaraq, sonra s\u0259n\u0259 idar\u0259d\u0259 ba\u015fqa i\u015f ver\u0259k. T\u0259klif etdikl\u0259ri ba\u015fqa i\u015f sah\u0259 r\u0259isi v\u0259zif\u0259siydi. M\u0259n d\u0259 ill\u0259rl\u0259 bir yerd\u0259 i\u015fl\u0259diyim bu adamlara inand\u0131m, i\u015fd\u0259n \u00e7\u0131xmaq haqq\u0131nda \u0259riz\u0259 yazd\u0131m. \u018friz\u0259mi t\u0259qdim ed\u0259nd\u0259n sonra bildirdil\u0259r ki, Ming\u0259\u00e7evir \u015e\u0259h\u0259r \u0130cra Hakimiyy\u0259tind\u0259 haz\u0131rda dislakasiya b\u00f6lg\u00fcs\u00fc apar\u0131l\u0131r, h\u0259l\u0259lik s\u0259ni idar\u0259y\u0259 qaytara bilmirik. T\u0259klif etdil\u0259r ki, DOST \u0130\u015f M\u0259rk\u0259ziyl\u0259 m\u00fcqavil\u0259 ba\u011flay\u0131b el\u0259 bu idar\u0259nin t\u0259rkibind\u0259 m\u00fcv\u0259qq\u0259ti n\u0259zar\u0259t\u00e7i i\u015fl\u0259yim, q\u0131sa m\u00fcdd\u0259td\u0259n sonra m\u0259ni idar\u0259y\u0259 \u015ftata qaytar\u0131b sah\u0259 r\u0259isi v\u0259zif\u0259sin\u0259 t\u0259yin ed\u0259c\u0259kl\u0259r\u201d, &#8211; \u015fikay\u0259t\u00e7i deyir.\n<\/p>\n<p>\n  Teymur H\u00fcmb\u0259tov raz\u0131la\u015f\u0131b. DOST \u0130\u015f M\u0259rk\u0259ziyl\u0259 m\u00fcqavil\u0259 ba\u011flad\u0131qdan sonra 3 il n\u0259zar\u0259t\u00e7i i\u015fl\u0259yib. Ancaq maa\u015f\u0131n azl\u0131\u011f\u0131na g\u00f6r\u0259 \u0259vv\u0259lki i\u015f yerin\u0259 qay\u0131tmaq ist\u0259yib. Ya\u015f\u0131lla\u015fd\u0131rma v\u0259 Sanitar T\u0259mizlik \u0130dar\u0259sinin r\u0259hb\u0259rliyind\u0259n xahi\u015f edib ki, onu ya \u0259vv\u0259lki i\u015fin\u0259, ya da v\u0259d etdikl\u0259ri sah\u0259 r\u0259isi v\u0259zif\u0259sin\u0259 qaytars\u0131nlar, h\u0259m d\u0259 \u015ftatl\u0131 i\u015f\u00e7i kimi&#8230;\n<\/p>\n<p>\n  <b><br \/>\n    \u201cR\u0259is m\u00fcavini m\u0259ni ikinci d\u0259f\u0259 aldatd\u0131\u201d<br \/>\n  <\/b>\n<\/p>\n<p>\n  \u201c\u018fvv\u0259ll\u0259r idar\u0259d\u0259 zibil y\u00fckl\u0259y\u0259n i\u015fl\u0259y\u0259nd\u0259 maa\u015f\u0131m da 300 manat idi. DOST \u0130\u015f M\u0259rk\u0259ziyl\u0259 m\u00fcqavil\u0259 ba\u011flayandan sonra Heyd\u0259r \u018fliyev prospektind\u0259 i\u015fl\u0259y\u0259n f\u0259hl\u0259l\u0259r\u0259 n\u0259zar\u0259t edirdim, 236 manat maa\u015f al\u0131rd\u0131m. Bu ilin avqustunda idar\u0259nin r\u0259is m\u00fcavini Tahir Abdullayevl\u0259 m\u00fcbahis\u0259m d\u00fc\u015fd\u00fc, \u00e7\u00fcnki aldadaraq m\u0259ni h\u0259m idar\u0259d\u0259ki i\u015f \u015ftat\u0131ndan m\u0259hrum etmi\u015fdi, h\u0259m d\u0259 DOST MMC-nin verdiyi maa\u015f \u0259vv\u0259lki \u015ftatl\u0131 i\u015f\u00e7i kimi ald\u0131\u011f\u0131m maa\u015fdan 70 manat az idi. \u0130ki ay \u0259vv\u0259l idar\u0259 r\u0259is m\u00fcaviniyl\u0259 i\u015f\u0259 qaytarmaq m\u00f6vzusunda m\u00fcbahis\u0259m yarananda t\u0259klif etdi ki, DOST \u0130\u015f M\u0259rk\u0259zinin r\u0259hb\u0259rinin ad\u0131na \u0259riz\u0259 yaz, i\u015fd\u0259n \u00e7\u0131x, g\u0259l, s\u0259ni sah\u0259 r\u0259isi i\u015fin\u0259 g\u00f6t\u00fcr\u00fcr\u0259m. DOST \u0130\u015f M\u0259rk\u0259zinin direktoru Firudin C\u0259bray\u0131lovun ad\u0131na i\u015fd\u0259n \u00e7\u0131xmaq haqq\u0131nda \u0259riz\u0259 yazd\u0131m. Bel\u0259c\u0259, ikinci d\u0259f\u0259 i\u015fsiz qald\u0131m, \u00e7\u00fcnki indi idar\u0259nin m\u00fcdir m\u00fcavini Tahir Abdullayev m\u0259ni idar\u0259y\u0259 yax\u0131n buraxm\u0131r\u201d.\n<\/p>\n<p>\n  <b><br \/>\n    \u201cAliment \u00f6d\u0259yicisiy\u0259m, \u00f6z\u00fcm\u00fcns\u0259 qalma\u011fa yerim yoxdur\u201d<br \/>\n  <\/b>\n<\/p>\n<p>\n  Teymur H\u00fcmb\u0259tov deyir, \u0259lilliyi, \u00fcst\u0259lik, 6 ya\u015fl\u0131 o\u011fluna g\u00f6r\u0259 aliment \u00f6d\u0259yicisi olmas\u0131, qalma\u011fa yerinin olmamas\u0131, yataqxanada bir u\u00e7uq-s\u00f6k\u00fck ota\u011fa s\u0131\u011f\u0131nmas\u0131 onu \u00e7\u0259tin duruma sal\u0131b:\n<\/p>\n<p>\n  \u201cD\u00f6vl\u0259t \u0259lili i\u015fl\u0259 t\u0259min etm\u0259lidir, bunlarsa \u0259lilin ba\u015f\u0131n\u0131 tovlay\u0131b i\u015fsiz qoyurlar. \u0130\u015fl\u0259diyim son ay\u0131n maa\u015f\u0131 karta y\u00fckl\u0259nmir, \u00fcst\u0259lik, 3 ild\u0259 c\u0259mi bir d\u0259f\u0259 m\u0259zuniyy\u0259td\u0259n istifad\u0259 etmi\u015f\u0259m, iki m\u0259zuniyy\u0259tin pulu da \u00f6d\u0259nilm\u0259lidir, \u00f6d\u0259mirl\u0259r\u201d.\n<\/p>\n<p>\n  Ming\u0259cevir \u015f\u0259h\u0259r Ya\u015f\u0131lla\u015fd\u0131rma v\u0259 Sanitar T\u0259mizlik \u0130dar\u0259sind\u0259n Meydan TV-y\u0259 bildirilib ki, Teymur H\u00fcmb\u0259tov 3 il \u0259vv\u0259l \u00f6z \u0259riz\u0259siyl\u0259 k\u00f6n\u00fcll\u00fc i\u015fd\u0259n \u00e7\u0131x\u0131b. Sonradan \u018fm\u0259k v\u0259 \u018fhalinin Sosial M\u00fcdafi\u0259si Nazirliyinin tabeliyind\u0259 olan DOST \u0130\u015f M\u0259rk\u0259ziyl\u0259 m\u00fcqavil\u0259 ba\u011flayaraq n\u0259zar\u0259t\u00e7i kimi i\u015fl\u0259 t\u0259min olunub. Bu ilin sentyabr\u0131nda \u00f6z \u0259riz\u0259siyl\u0259 o i\u015find\u0259n d\u0259 ayr\u0131l\u0131b. \u0130dar\u0259d\u0259n Teymur H\u00fcmb\u0259tova h\u0259r hans\u0131 ba\u015fqa i\u015fl\u0259 ba\u011fl\u0131 v\u0259d verilm\u0259si il\u0259 ba\u011fl\u0131 deyil\u0259nl\u0259ri c\u0259f\u0259ngiyyat adland\u0131r\u0131blar. Bildiribl\u0259r ki, haz\u0131rda idar\u0259d\u0259 bo\u015f i\u015f\u00e7i \u015ftat\u0131 yoxdur:\n<\/p>\n<p>\n  \u201c\u018fg\u0259r Teymur H\u00fcmb\u0259tov i\u015f axtar\u0131rsa, \u0259vv\u0259lki qaydada m\u00fcvafiq s\u0259n\u0259dl\u0259rini yenid\u0259n DOST \u0130\u015f M\u0259rk\u0259zin\u0259 t\u0259qdim ed\u0259 bil\u0259r\u201d.<\/p>\n","protected":false},"excerpt":{"rendered":"<p>&#8220;T\u0259klif etdil\u0259r ki, DOST \u0130\u015f M\u0259rk\u0259ziyl\u0259 m\u00fcqavil\u0259 ba\u011flay\u0131b el\u0259 bu idar\u0259nin t\u0259rkibind\u0259 m\u00fcv\u0259qq\u0259ti n\u0259zar\u0259t\u00e7i i\u015fl\u0259yim, q\u0131sa m\u00fcdd\u0259td\u0259n sonra m\u0259ni idar\u0259y\u0259 \u015ftata qaytar\u0131b sah\u0259 r\u0259isi v\u0259zif\u0259sin\u0259 t\u0259yin ed\u0259c\u0259kl\u0259r\u201d, &#8211; \u015fikay\u0259t\u00e7i deyir.<\/p>\n","protected":false},"author":11,"featured_media":210867,"comment_status":"closed","ping_status":"open","sticky":false,"template":"","format":"standard","meta":{"_acf_changed":false,"_sitemap_exclude":false,"_sitemap_priority":"","_sitemap_frequency":"","footnotes":""},"categories":[60],"tags":[],"class_list":["post-213182","post","type-post","status-publish","format-standard","has-post-thumbnail","hentry","category-bolge","infinite-scroll-item","generate-columns","tablet-grid-50","mobile-grid-100","grid-parent","grid-33","no-featured-image-padding"],"acf":[],"yoast_head":"<!-- This site is optimized with the Yoast SEO plugin v27.5 - https:\/\/yoast.com\/product\/yoast-seo-wordpress\/ -->\n<title>\u0130kinci qrup \u0259lil: M\u0259ni aldad\u0131b i\u015fd\u0259n \u00e7\u0131xar\u0131blar - MEYDAN.TV<\/title>\n<meta name=\"robots\" content=\"index, follow, max-snippet:-1, max-image-preview:large, max-video-preview:-1\" \/>\n<link rel=\"canonical\" href=\"https:\/\/www.meydan.tv\/az\/article\/ikinci-qrup-elil-meni-aldadib-isden-cixariblar\/\" \/>\n<meta property=\"og:locale\" content=\"az_AZ\" \/>\n<meta property=\"og:type\" content=\"article\" \/>\n<meta property=\"og:title\" content=\"\u0130kinci qrup \u0259lil: M\u0259ni aldad\u0131b i\u015fd\u0259n \u00e7\u0131xar\u0131blar - MEYDAN.TV\" \/>\n<meta property=\"og:description\" content=\"&quot;T\u0259klif etdil\u0259r ki, DOST \u0130\u015f M\u0259rk\u0259ziyl\u0259 m\u00fcqavil\u0259 ba\u011flay\u0131b el\u0259 bu idar\u0259nin t\u0259rkibind\u0259 m\u00fcv\u0259qq\u0259ti n\u0259zar\u0259t\u00e7i i\u015fl\u0259yim, q\u0131sa m\u00fcdd\u0259td\u0259n sonra m\u0259ni idar\u0259y\u0259 \u015ftata qaytar\u0131b sah\u0259 r\u0259isi v\u0259zif\u0259sin\u0259 t\u0259yin ed\u0259c\u0259kl\u0259r\u201d, - \u015fikay\u0259t\u00e7i deyir.\" \/>\n<meta property=\"og:url\" content=\"https:\/\/www.meydan.tv\/az\/article\/ikinci-qrup-elil-meni-aldadib-isden-cixariblar\/\" \/>\n<meta property=\"og:site_name\" content=\"MEYDAN.TV\" \/>\n<meta property=\"article:published_time\" content=\"2021-10-06T16:10:01+00:00\" \/>\n<meta property=\"og:image\" content=\"https:\/\/www.meydan.tv\/wp-content\/uploads\/photo-2021-10-06-16-28-30.jpg\" \/>\n\t<meta property=\"og:image:width\" content=\"1040\" \/>\n\t<meta property=\"og:image:height\" content=\"780\" \/>\n\t<meta property=\"og:image:type\" content=\"image\/jpeg\" \/>\n<meta name=\"author\" content=\"user-manager\" \/>\n<meta name=\"twitter:card\" content=\"summary_large_image\" \/>\n<script type=\"application\/ld+json\" class=\"yoast-schema-graph\">{\"@context\":\"https:\\\/\\\/schema.org\",\"@graph\":[{\"@type\":\"Article\",\"@id\":\"https:\\\/\\\/www.meydan.tv\\\/az\\\/article\\\/ikinci-qrup-elil-meni-aldadib-isden-cixariblar\\\/#article\",\"isPartOf\":{\"@id\":\"https:\\\/\\\/www.meydan.tv\\\/az\\\/article\\\/ikinci-qrup-elil-meni-aldadib-isden-cixariblar\\\/\"},\"author\":{\"name\":\"user-manager\",\"@id\":\"https:\\\/\\\/www.meydan.tv\\\/az\\\/#\\\/schema\\\/person\\\/10d11eccf6da3662cf5fdab9806ea91a\"},\"headline\":\"\u0130kinci qrup \u0259lil: M\u0259ni aldad\u0131b i\u015fd\u0259n \u00e7\u0131xar\u0131blar\",\"datePublished\":\"2021-10-06T16:10:01+00:00\",\"mainEntityOfPage\":{\"@id\":\"https:\\\/\\\/www.meydan.tv\\\/az\\\/article\\\/ikinci-qrup-elil-meni-aldadib-isden-cixariblar\\\/\"},\"wordCount\":908,\"publisher\":{\"@id\":\"https:\\\/\\\/www.meydan.tv\\\/az\\\/#organization\"},\"image\":{\"@id\":\"https:\\\/\\\/www.meydan.tv\\\/az\\\/article\\\/ikinci-qrup-elil-meni-aldadib-isden-cixariblar\\\/#primaryimage\"},\"thumbnailUrl\":\"https:\\\/\\\/www.meydan.tv\\\/wp-content\\\/uploads\\\/photo-2021-10-06-16-28-30.jpg\",\"articleSection\":[\"B\u00f6lg\u0259\"],\"inLanguage\":\"az\"},{\"@type\":\"WebPage\",\"@id\":\"https:\\\/\\\/www.meydan.tv\\\/az\\\/article\\\/ikinci-qrup-elil-meni-aldadib-isden-cixariblar\\\/\",\"url\":\"https:\\\/\\\/www.meydan.tv\\\/az\\\/article\\\/ikinci-qrup-elil-meni-aldadib-isden-cixariblar\\\/\",\"name\":\"\u0130kinci qrup \u0259lil: M\u0259ni aldad\u0131b i\u015fd\u0259n \u00e7\u0131xar\u0131blar - MEYDAN.TV\",\"isPartOf\":{\"@id\":\"https:\\\/\\\/www.meydan.tv\\\/az\\\/#website\"},\"primaryImageOfPage\":{\"@id\":\"https:\\\/\\\/www.meydan.tv\\\/az\\\/article\\\/ikinci-qrup-elil-meni-aldadib-isden-cixariblar\\\/#primaryimage\"},\"image\":{\"@id\":\"https:\\\/\\\/www.meydan.tv\\\/az\\\/article\\\/ikinci-qrup-elil-meni-aldadib-isden-cixariblar\\\/#primaryimage\"},\"thumbnailUrl\":\"https:\\\/\\\/www.meydan.tv\\\/wp-content\\\/uploads\\\/photo-2021-10-06-16-28-30.jpg\",\"datePublished\":\"2021-10-06T16:10:01+00:00\",\"breadcrumb\":{\"@id\":\"https:\\\/\\\/www.meydan.tv\\\/az\\\/article\\\/ikinci-qrup-elil-meni-aldadib-isden-cixariblar\\\/#breadcrumb\"},\"inLanguage\":\"az\",\"potentialAction\":[{\"@type\":\"ReadAction\",\"target\":[\"https:\\\/\\\/www.meydan.tv\\\/az\\\/article\\\/ikinci-qrup-elil-meni-aldadib-isden-cixariblar\\\/\"]}]},{\"@type\":\"ImageObject\",\"inLanguage\":\"az\",\"@id\":\"https:\\\/\\\/www.meydan.tv\\\/az\\\/article\\\/ikinci-qrup-elil-meni-aldadib-isden-cixariblar\\\/#primaryimage\",\"url\":\"https:\\\/\\\/www.meydan.tv\\\/wp-content\\\/uploads\\\/photo-2021-10-06-16-28-30.jpg\",\"contentUrl\":\"https:\\\/\\\/www.meydan.tv\\\/wp-content\\\/uploads\\\/photo-2021-10-06-16-28-30.jpg\",\"width\":1040,\"height\":780,\"caption\":\"Source: Specify Source\"},{\"@type\":\"BreadcrumbList\",\"@id\":\"https:\\\/\\\/www.meydan.tv\\\/az\\\/article\\\/ikinci-qrup-elil-meni-aldadib-isden-cixariblar\\\/#breadcrumb\",\"itemListElement\":[{\"@type\":\"ListItem\",\"position\":1,\"name\":\"Ana s\u0259hif\u0259\",\"item\":\"https:\\\/\\\/www.meydan.tv\\\/az\\\/\"},{\"@type\":\"ListItem\",\"position\":2,\"name\":\"B\u00f6lg\u0259\",\"item\":\"https:\\\/\\\/www.meydan.tv\\\/az\\\/section\\\/bolge\\\/\"},{\"@type\":\"ListItem\",\"position\":3,\"name\":\"\u0130kinci qrup \u0259lil: M\u0259ni aldad\u0131b i\u015fd\u0259n \u00e7\u0131xar\u0131blar\"}]},{\"@type\":\"WebSite\",\"@id\":\"https:\\\/\\\/www.meydan.tv\\\/az\\\/#website\",\"url\":\"https:\\\/\\\/www.meydan.tv\\\/az\\\/\",\"name\":\"MEYDAN.TV\",\"description\":\"Meydan TV Az\u0259rbaycan\u0131n media m\u0259kan\u0131ndak\u0131 alternativ s\u0259sidir\",\"publisher\":{\"@id\":\"https:\\\/\\\/www.meydan.tv\\\/az\\\/#organization\"},\"potentialAction\":[{\"@type\":\"SearchAction\",\"target\":{\"@type\":\"EntryPoint\",\"urlTemplate\":\"https:\\\/\\\/www.meydan.tv\\\/az\\\/?s={search_term_string}\"},\"query-input\":{\"@type\":\"PropertyValueSpecification\",\"valueRequired\":true,\"valueName\":\"search_term_string\"}}],\"inLanguage\":\"az\"},{\"@type\":\"Organization\",\"@id\":\"https:\\\/\\\/www.meydan.tv\\\/az\\\/#organization\",\"name\":\"Meydan TV\",\"url\":\"https:\\\/\\\/www.meydan.tv\\\/az\\\/\",\"logo\":{\"@type\":\"ImageObject\",\"inLanguage\":\"az\",\"@id\":\"https:\\\/\\\/www.meydan.tv\\\/az\\\/#\\\/schema\\\/logo\\\/image\\\/\",\"url\":\"https:\\\/\\\/www.meydan.tv\\\/wp-content\\\/uploads\\\/2021\\\/07\\\/meydan-logo.svg\",\"contentUrl\":\"https:\\\/\\\/www.meydan.tv\\\/wp-content\\\/uploads\\\/2021\\\/07\\\/meydan-logo.svg\",\"width\":195,\"height\":46,\"caption\":\"Meydan TV\"},\"image\":{\"@id\":\"https:\\\/\\\/www.meydan.tv\\\/az\\\/#\\\/schema\\\/logo\\\/image\\\/\"}},{\"@type\":\"Person\",\"@id\":\"https:\\\/\\\/www.meydan.tv\\\/az\\\/#\\\/schema\\\/person\\\/10d11eccf6da3662cf5fdab9806ea91a\",\"name\":\"user-manager\"}]}<\/script>\n<!-- \/ Yoast SEO plugin. -->","yoast_head_json":{"title":"\u0130kinci qrup \u0259lil: M\u0259ni aldad\u0131b i\u015fd\u0259n \u00e7\u0131xar\u0131blar - MEYDAN.TV","robots":{"index":"index","follow":"follow","max-snippet":"max-snippet:-1","max-image-preview":"max-image-preview:large","max-video-preview":"max-video-preview:-1"},"canonical":"https:\/\/www.meydan.tv\/az\/article\/ikinci-qrup-elil-meni-aldadib-isden-cixariblar\/","og_locale":"az_AZ","og_type":"article","og_title":"\u0130kinci qrup \u0259lil: M\u0259ni aldad\u0131b i\u015fd\u0259n \u00e7\u0131xar\u0131blar - MEYDAN.TV","og_description":"\"T\u0259klif etdil\u0259r ki, DOST \u0130\u015f M\u0259rk\u0259ziyl\u0259 m\u00fcqavil\u0259 ba\u011flay\u0131b el\u0259 bu idar\u0259nin t\u0259rkibind\u0259 m\u00fcv\u0259qq\u0259ti n\u0259zar\u0259t\u00e7i i\u015fl\u0259yim, q\u0131sa m\u00fcdd\u0259td\u0259n sonra m\u0259ni idar\u0259y\u0259 \u015ftata qaytar\u0131b sah\u0259 r\u0259isi v\u0259zif\u0259sin\u0259 t\u0259yin ed\u0259c\u0259kl\u0259r\u201d, - \u015fikay\u0259t\u00e7i deyir.","og_url":"https:\/\/www.meydan.tv\/az\/article\/ikinci-qrup-elil-meni-aldadib-isden-cixariblar\/","og_site_name":"MEYDAN.TV","article_published_time":"2021-10-06T16:10:01+00:00","og_image":[{"width":1040,"height":780,"url":"https:\/\/www.meydan.tv\/wp-content\/uploads\/photo-2021-10-06-16-28-30.jpg","type":"image\/jpeg"}],"author":"user-manager","twitter_card":"summary_large_image","schema":{"@context":"https:\/\/schema.org","@graph":[{"@type":"Article","@id":"https:\/\/www.meydan.tv\/az\/article\/ikinci-qrup-elil-meni-aldadib-isden-cixariblar\/#article","isPartOf":{"@id":"https:\/\/www.meydan.tv\/az\/article\/ikinci-qrup-elil-meni-aldadib-isden-cixariblar\/"},"author":{"name":"user-manager","@id":"https:\/\/www.meydan.tv\/az\/#\/schema\/person\/10d11eccf6da3662cf5fdab9806ea91a"},"headline":"\u0130kinci qrup \u0259lil: M\u0259ni aldad\u0131b i\u015fd\u0259n \u00e7\u0131xar\u0131blar","datePublished":"2021-10-06T16:10:01+00:00","mainEntityOfPage":{"@id":"https:\/\/www.meydan.tv\/az\/article\/ikinci-qrup-elil-meni-aldadib-isden-cixariblar\/"},"wordCount":908,"publisher":{"@id":"https:\/\/www.meydan.tv\/az\/#organization"},"image":{"@id":"https:\/\/www.meydan.tv\/az\/article\/ikinci-qrup-elil-meni-aldadib-isden-cixariblar\/#primaryimage"},"thumbnailUrl":"https:\/\/www.meydan.tv\/wp-content\/uploads\/photo-2021-10-06-16-28-30.jpg","articleSection":["B\u00f6lg\u0259"],"inLanguage":"az"},{"@type":"WebPage","@id":"https:\/\/www.meydan.tv\/az\/article\/ikinci-qrup-elil-meni-aldadib-isden-cixariblar\/","url":"https:\/\/www.meydan.tv\/az\/article\/ikinci-qrup-elil-meni-aldadib-isden-cixariblar\/","name":"\u0130kinci qrup \u0259lil: M\u0259ni aldad\u0131b i\u015fd\u0259n \u00e7\u0131xar\u0131blar - MEYDAN.TV","isPartOf":{"@id":"https:\/\/www.meydan.tv\/az\/#website"},"primaryImageOfPage":{"@id":"https:\/\/www.meydan.tv\/az\/article\/ikinci-qrup-elil-meni-aldadib-isden-cixariblar\/#primaryimage"},"image":{"@id":"https:\/\/www.meydan.tv\/az\/article\/ikinci-qrup-elil-meni-aldadib-isden-cixariblar\/#primaryimage"},"thumbnailUrl":"https:\/\/www.meydan.tv\/wp-content\/uploads\/photo-2021-10-06-16-28-30.jpg","datePublished":"2021-10-06T16:10:01+00:00","breadcrumb":{"@id":"https:\/\/www.meydan.tv\/az\/article\/ikinci-qrup-elil-meni-aldadib-isden-cixariblar\/#breadcrumb"},"inLanguage":"az","potentialAction":[{"@type":"ReadAction","target":["https:\/\/www.meydan.tv\/az\/article\/ikinci-qrup-elil-meni-aldadib-isden-cixariblar\/"]}]},{"@type":"ImageObject","inLanguage":"az","@id":"https:\/\/www.meydan.tv\/az\/article\/ikinci-qrup-elil-meni-aldadib-isden-cixariblar\/#primaryimage","url":"https:\/\/www.meydan.tv\/wp-content\/uploads\/photo-2021-10-06-16-28-30.jpg","contentUrl":"https:\/\/www.meydan.tv\/wp-content\/uploads\/photo-2021-10-06-16-28-30.jpg","width":1040,"height":780,"caption":"Source: Specify Source"},{"@type":"BreadcrumbList","@id":"https:\/\/www.meydan.tv\/az\/article\/ikinci-qrup-elil-meni-aldadib-isden-cixariblar\/#breadcrumb","itemListElement":[{"@type":"ListItem","position":1,"name":"Ana s\u0259hif\u0259","item":"https:\/\/www.meydan.tv\/az\/"},{"@type":"ListItem","position":2,"name":"B\u00f6lg\u0259","item":"https:\/\/www.meydan.tv\/az\/section\/bolge\/"},{"@type":"ListItem","position":3,"name":"\u0130kinci qrup \u0259lil: M\u0259ni aldad\u0131b i\u015fd\u0259n \u00e7\u0131xar\u0131blar"}]},{"@type":"WebSite","@id":"https:\/\/www.meydan.tv\/az\/#website","url":"https:\/\/www.meydan.tv\/az\/","name":"MEYDAN.TV","description":"Meydan TV Az\u0259rbaycan\u0131n media m\u0259kan\u0131ndak\u0131 alternativ s\u0259sidir","publisher":{"@id":"https:\/\/www.meydan.tv\/az\/#organization"},"potentialAction":[{"@type":"SearchAction","target":{"@type":"EntryPoint","urlTemplate":"https:\/\/www.meydan.tv\/az\/?s={search_term_string}"},"query-input":{"@type":"PropertyValueSpecification","valueRequired":true,"valueName":"search_term_string"}}],"inLanguage":"az"},{"@type":"Organization","@id":"https:\/\/www.meydan.tv\/az\/#organization","name":"Meydan TV","url":"https:\/\/www.meydan.tv\/az\/","logo":{"@type":"ImageObject","inLanguage":"az","@id":"https:\/\/www.meydan.tv\/az\/#\/schema\/logo\/image\/","url":"https:\/\/www.meydan.tv\/wp-content\/uploads\/2021\/07\/meydan-logo.svg","contentUrl":"https:\/\/www.meydan.tv\/wp-content\/uploads\/2021\/07\/meydan-logo.svg","width":195,"height":46,"caption":"Meydan TV"},"image":{"@id":"https:\/\/www.meydan.tv\/az\/#\/schema\/logo\/image\/"}},{"@type":"Person","@id":"https:\/\/www.meydan.tv\/az\/#\/schema\/person\/10d11eccf6da3662cf5fdab9806ea91a","name":"user-manager"}]}},"_links":{"self":[{"href":"https:\/\/www.meydan.tv\/az\/wp-json\/wp\/v2\/posts\/213182","targetHints":{"allow":["GET"]}}],"collection":[{"href":"https:\/\/www.meydan.tv\/az\/wp-json\/wp\/v2\/posts"}],"about":[{"href":"https:\/\/www.meydan.tv\/az\/wp-json\/wp\/v2\/types\/post"}],"author":[{"embeddable":true,"href":"https:\/\/www.meydan.tv\/az\/wp-json\/wp\/v2\/users\/11"}],"replies":[{"embeddable":true,"href":"https:\/\/www.meydan.tv\/az\/wp-json\/wp\/v2\/comments?post=213182"}],"version-history":[{"count":0,"href":"https:\/\/www.meydan.tv\/az\/wp-json\/wp\/v2\/posts\/213182\/revisions"}],"wp:featuredmedia":[{"embeddable":true,"href":"https:\/\/www.meydan.tv\/az\/wp-json\/wp\/v2\/media\/210867"}],"wp:attachment":[{"href":"https:\/\/www.meydan.tv\/az\/wp-json\/wp\/v2\/media?parent=213182"}],"wp:term":[{"taxonomy":"category","embeddable":true,"href":"https:\/\/www.meydan.tv\/az\/wp-json\/wp\/v2\/categories?post=213182"},{"taxonomy":"post_tag","embeddable":true,"href":"https:\/\/www.meydan.tv\/az\/wp-json\/wp\/v2\/tags?post=213182"}],"curies":[{"name":"wp","href":"https:\/\/api.w.org\/{rel}","templated":true}]}}