{"id":213178,"date":"2021-10-06T15:01:45","date_gmt":"2021-10-06T15:01:45","guid":{"rendered":"https:\/\/www.meydan.tv\/article\/mehkeme-arvadini-baltalayan-kisini-hebsxanaya-yox-xestexanaya-gonderdi\/"},"modified":"2021-10-06T15:01:45","modified_gmt":"2021-10-06T15:01:45","slug":"mehkeme-arvadini-baltalayan-kisini-hebsxanaya-yox-xestexanaya-gonderdi","status":"publish","type":"post","link":"https:\/\/www.meydan.tv\/az\/article\/mehkeme-arvadini-baltalayan-kisini-hebsxanaya-yox-xestexanaya-gonderdi\/","title":{"rendered":"M\u0259hk\u0259m\u0259 arvad\u0131n\u0131 baltalayan ki\u015fini h\u0259bsxanaya yox, x\u0259st\u0259xanaya g\u00f6nd\u0259rdi"},"content":{"rendered":"<p>\n  <i><br \/>\n    Hakiml\u0259r bel\u0259 n\u0259tic\u0259y\u0259 g\u0259lib ki, q\u0259tl hadis\u0259sini t\u00f6r\u0259d\u0259rk\u0259n o, anlaqs\u0131z v\u0259ziyy\u0259td\u0259 olub<br \/>\n  <\/i>\n<\/p>\n<p>\n  Zaqatala rayonunun Yengiyan k\u0259ndind\u0259 m\u0259i\u015f\u0259t z\u0259minind\u0259 ba\u015f vermi\u015f qad\u0131n q\u0259tliyl\u0259 ba\u011fl\u0131 m\u0259hk\u0259m\u0259 ara\u015fd\u0131rmalar\u0131 yekunla\u015f\u0131b. N\u0259tic\u0259d\u0259 qad\u0131n\u0131n \u0259ri onu q\u0259tl\u0259 yetirm\u0259kd\u0259 t\u0259qsirli bilins\u0259 d\u0259, m\u0259hk\u0259m\u0259 onun h\u0259bsxanaya g\u00f6nd\u0259rilm\u0259sin\u0259 yox, psixiatriya x\u0259st\u0259xanas\u0131nda m\u0259cburi m\u00fcalic\u0259sin\u0259 q\u0259rar verib.\n<\/p>\n<p>\n  Hadis\u0259 2020-ci il oktyabr\u0131n 21-d\u0259 g\u00fcnorta saatlar\u0131nda ba\u015f verib. \u0130ttiham akt\u0131nda yaz\u0131lanlara \u0259sas\u0259n, 1970-ci il t\u0259v\u0259ll\u00fcdl\u00fc Fazil \u0130smay\u0131lov f\u0131nd\u0131q kollar\u0131n\u0131n dibind\u0259ki k\u00f6kl\u0259ri k\u0259s\u0259nd\u0259 h\u0259yat yolda\u015f\u0131 il\u0259 \u00fc\u00e7 g\u00fcn \u0259vv\u0259l ba\u015f vermi\u015f m\u00fcbahis\u0259 yad\u0131na d\u00fc\u015f\u00fcb. El\u0259 h\u0259min fikirl\u0259rin t\u0259siri alt\u0131nda gedib 1978-ci il t\u0259v\u0259ll\u00fcdl\u00fc arvad\u0131 Zalxa \u0130smay\u0131lovan\u0131n ba\u015f nahiy\u0259sind\u0259n balta il\u0259 z\u0259rb\u0259l\u0259r endir\u0259r\u0259k, onu q\u0259tl\u0259 yetirib.\n<\/p>\n<p>\n  Fazil \u0130smay\u0131lov 1998-ci ild\u0259 ail\u0259 qurub. Zalxa \u0130smay\u0131lova il\u0259 birg\u0259 nikahlar\u0131ndan 4 \u00f6vladlar\u0131 d\u00fcnyaya g\u0259lib.\n<\/p>\n<p>\n  Fazil \u0130smay\u0131lov istintaqa ifad\u0259sind\u0259 bildirib ki, \u0259vv\u0259ll\u0259r ba\u015f\u0131nda k\u0259skin a\u011fr\u0131lar oldu\u011funa g\u00f6r\u0259 bac\u0131s\u0131gil onu h\u0259kim\u0259 apar\u0131b, m\u00fcalic\u0259 kursu yaz\u0131l\u0131b. Onun s\u00f6zl\u0259rin\u0259 g\u00f6r\u0259, bir m\u00fcdd\u0259t \u0259vv\u0259l k\u0259ndd\u0259ki \u00e7ayxanada R\u0259c\u0259b adl\u0131 \u015f\u0259xs onu t\u0259hqir edib, \u0259trafdak\u0131lar da g\u00fcl\u00fcb. H\u0259min vaxt buna g\u00f6r\u0259 R\u0259c\u0259bi vurdu\u011funu dey\u0259n t\u0259qsirl\u0259ndiril\u0259n \u015f\u0259xs bildirib ki, ona g\u00f6r\u0259 \u00f6vladlar\u0131n\u0131n da \u00fcnvan\u0131na nalayiq ifad\u0259l\u0259r i\u015fl\u0259dildiyini e\u015fid\u0259nd\u0259n sonra \u00f6z\u00fcn\u00fc \u00e7ox pis hiss edib, daim fikirli olub.\n<\/p>\n<p>\n  H\u0259yat yolda\u015f\u0131na g\u0259linc\u0259, Fazil \u0130smay\u0131lov bildirib ki, he\u00e7 vaxt ondan \u015fikay\u0259ti olmay\u0131b, s\u0259hv h\u0259r\u0259k\u0259tini n\u0259 g\u00f6r\u00fcb, n\u0259 d\u0259 e\u015fidib. Hadis\u0259 g\u00fcn\u00fc d\u0259 s\u0259h\u0259r birlikd\u0259 in\u0259kl\u0259ri sa\u011f\u0131b, sonradan f\u0131nd\u0131q ba\u011f\u0131na gedibl\u0259r: \u201cOrada i\u015fl\u0259y\u0259nd\u0259 bird\u0259n R\u0259c\u0259bin dediyi s\u00f6zl\u0259r yad\u0131ma d\u00fc\u015fd\u00fc, \u0259s\u0259bil\u0259\u015fdim. Bundan iki-\u00fc\u00e7 g\u00fcn \u0259vv\u0259l d\u0259 Zalxa m\u0259n\u0259 demi\u015fdi ki, d\u0259liy\u0259m, \u00f6z\u00fcm\u00fc apara bilmir\u0259m, ona g\u00f6r\u0259 bo\u015fanacaq. Bu da yad\u0131ma d\u00fc\u015fd\u00fc. Fikirl\u0259\u015fdim ki, m\u0259nd\u0259n bo\u015fan\u0131b ba\u015fqa ki\u015fiy\u0259 ged\u0259c\u0259k. Ona g\u00f6r\u0259 \u0259vv\u0259l Zalxan\u0131, sonra \u00f6z\u00fcm\u00fc \u00f6ld\u00fcrm\u0259yi d\u00fc\u015f\u00fcnd\u00fcm. Onda Zalxa qoz y\u0131\u011f\u0131rd\u0131. Baltan\u0131n k\u00fct t\u0259r\u0259fi il\u0259 Zalxan\u0131n ba\u015f\u0131na vurdum. Q\u0131rq\u0131r\u0131b dedi ki, \u201cd\u0259li olmusan?\u201d Bundan sonra bir ne\u00e7\u0259 z\u0259rb\u0259 d\u0259 vurdum, y\u0131x\u0131ld\u0131. Burnundan qan g\u0259ldi. Qorxudan \u0259sirdim. Tez qa\u00e7\u0131b bulaqda baltan\u0131 yudum. Sonra \u00f6z\u00fcm\u00fc asmaq \u00fc\u00e7\u00fcn oradan uzaqla\u015fd\u0131m&#8230;\u201d\n<\/p>\n<p>\n  Fazil \u0130smay\u0131lovun s\u00f6zl\u0259rin\u0259 g\u00f6r\u0259, bir q\u0259d\u0259r sonra yolda polis \u0259m\u0259kda\u015flar\u0131 onu saxlay\u0131b.\n<\/p>\n<p>\n  Tibbi ekspertizan\u0131n r\u0259yind\u0259 yaz\u0131l\u0131b ki, Fazil \u0130smay\u0131lov \u201cdepressiv tipli \u015fizoaffektiv pozuntu\u201d formas\u0131nda psixi pozuntudan \u0259ziyy\u0259t \u00e7\u0259kir. O, hadis\u0259ni t\u00f6r\u0259d\u0259nd\u0259 anlaql\u0131 v\u0259ziyy\u0259td\u0259 olmay\u0131b. S\u0259n\u0259dl\u0259rd\u0259n bel\u0259 m\u0259lum olub ki, onun psixi durumunda 2005-ci ild\u0259n d\u0259yi\u015fiklik ba\u015flay\u0131b.\n<\/p>\n<p>\n  Fazil \u0130smay\u0131lov hadis\u0259d\u0259n sonra h\u0259bs olunaraq, 2021-ci ilin mart\u0131na q\u0259d\u0259r istintaq t\u0259cridxanas\u0131nda saxlan\u0131l\u0131b. 2021-ci ilin mart\u0131nda Zaqatala Rayon M\u0259hk\u0259m\u0259si onun psixiatriya x\u0259st\u0259xanas\u0131na yerl\u0259\u015fdirilm\u0259sin\u0259 q\u0259rar verib.\n<\/p>\n<p>\n  Bu q\u0259tl hadis\u0259si \u015e\u0259ki A\u011f\u0131r Cinay\u0259tl\u0259r M\u0259hk\u0259m\u0259sind\u0259 ara\u015fd\u0131r\u0131l\u0131b. M\u0259hk\u0259m\u0259d\u0259 t\u0259qsirl\u0259ndiril\u0259n \u015f\u0259xs \u00f6z\u00fc i\u015ftirak etm\u0259yib. Amma z\u0259r\u0259r\u00e7\u0259kmi\u015fin h\u00fcquqi varisi qismind\u0259 tan\u0131nan Zalxa \u0130smay\u0131lovan\u0131n qarda\u015f\u0131 da daxil olmaqla, bir \u00e7ox \u015fahid dindirilib. M\u0259hk\u0259m\u0259 \u015fahid ifad\u0259l\u0259ri v\u0259 s\u0259n\u0259dl\u0259ri n\u0259z\u0259r\u0259 alaraq, bel\u0259 n\u0259tic\u0259y\u0259 g\u0259lib ki, Fazil \u0130smay\u0131lovun cinay\u0259ti anlaqs\u0131z v\u0259ziyy\u0259td\u0259 t\u00f6r\u0259tdiyi s\u00fcbuta yetirilib. Ona g\u00f6r\u0259 d\u0259 h\u0259bs olunark\u0259n ona ittiham verilmi\u015f Cinay\u0259t M\u0259c\u0259ll\u0259sinin 120-ci (q\u0259sd\u0259n adam \u00f6ld\u00fcrm\u0259) madd\u0259sind\u0259 n\u0259z\u0259rd\u0259 tutulan cinay\u0259t m\u0259suliyy\u0259tind\u0259n v\u0259 c\u0259zadan azad olunmal\u0131d\u0131r. Ona ixtisasla\u015fd\u0131r\u0131lm\u0131\u015f psixiatriya x\u0259st\u0259xanas\u0131nda m\u0259cburi m\u00fcalic\u0259 t\u0259yin edilm\u0259lidir.<\/p>\n","protected":false},"excerpt":{"rendered":"<p>&#8220;Baltan\u0131n k\u00fct t\u0259r\u0259fi il\u0259 Zalxan\u0131n ba\u015f\u0131na vurdum&#8221;<\/p>\n","protected":false},"author":11,"featured_media":210852,"comment_status":"closed","ping_status":"open","sticky":false,"template":"","format":"standard","meta":{"_acf_changed":false,"_sitemap_exclude":false,"_sitemap_priority":"","_sitemap_frequency":"","footnotes":""},"categories":[60],"tags":[],"class_list":["post-213178","post","type-post","status-publish","format-standard","has-post-thumbnail","hentry","category-bolge","infinite-scroll-item","generate-columns","tablet-grid-50","mobile-grid-100","grid-parent","grid-33","no-featured-image-padding"],"acf":[],"yoast_head":"<!-- This site is optimized with the Yoast SEO plugin v27.5 - https:\/\/yoast.com\/product\/yoast-seo-wordpress\/ -->\n<title>M\u0259hk\u0259m\u0259 arvad\u0131n\u0131 baltalayan ki\u015fini h\u0259bsxanaya yox, x\u0259st\u0259xanaya g\u00f6nd\u0259rdi - MEYDAN.TV<\/title>\n<meta name=\"robots\" content=\"index, follow, max-snippet:-1, max-image-preview:large, max-video-preview:-1\" \/>\n<link rel=\"canonical\" href=\"https:\/\/www.meydan.tv\/az\/article\/mehkeme-arvadini-baltalayan-kisini-hebsxanaya-yox-xestexanaya-gonderdi\/\" \/>\n<meta property=\"og:locale\" content=\"az_AZ\" \/>\n<meta property=\"og:type\" content=\"article\" \/>\n<meta property=\"og:title\" content=\"M\u0259hk\u0259m\u0259 arvad\u0131n\u0131 baltalayan ki\u015fini h\u0259bsxanaya yox, x\u0259st\u0259xanaya g\u00f6nd\u0259rdi - MEYDAN.TV\" \/>\n<meta property=\"og:description\" content=\"&quot;Baltan\u0131n k\u00fct t\u0259r\u0259fi il\u0259 Zalxan\u0131n ba\u015f\u0131na vurdum&quot;\" \/>\n<meta property=\"og:url\" content=\"https:\/\/www.meydan.tv\/az\/article\/mehkeme-arvadini-baltalayan-kisini-hebsxanaya-yox-xestexanaya-gonderdi\/\" \/>\n<meta property=\"og:site_name\" content=\"MEYDAN.TV\" \/>\n<meta property=\"article:published_time\" content=\"2021-10-06T15:01:45+00:00\" \/>\n<meta property=\"og:image\" content=\"https:\/\/www.meydan.tv\/wp-content\/uploads\/mehkeme19_wxnshvn-scaled.jpg\" \/>\n\t<meta property=\"og:image:width\" content=\"2560\" \/>\n\t<meta property=\"og:image:height\" content=\"1440\" \/>\n\t<meta property=\"og:image:type\" content=\"image\/jpeg\" \/>\n<meta name=\"author\" content=\"user-manager\" \/>\n<meta name=\"twitter:card\" content=\"summary_large_image\" \/>\n<script type=\"application\/ld+json\" class=\"yoast-schema-graph\">{\"@context\":\"https:\\\/\\\/schema.org\",\"@graph\":[{\"@type\":\"Article\",\"@id\":\"https:\\\/\\\/www.meydan.tv\\\/az\\\/article\\\/mehkeme-arvadini-baltalayan-kisini-hebsxanaya-yox-xestexanaya-gonderdi\\\/#article\",\"isPartOf\":{\"@id\":\"https:\\\/\\\/www.meydan.tv\\\/az\\\/article\\\/mehkeme-arvadini-baltalayan-kisini-hebsxanaya-yox-xestexanaya-gonderdi\\\/\"},\"author\":{\"name\":\"user-manager\",\"@id\":\"https:\\\/\\\/www.meydan.tv\\\/az\\\/#\\\/schema\\\/person\\\/10d11eccf6da3662cf5fdab9806ea91a\"},\"headline\":\"M\u0259hk\u0259m\u0259 arvad\u0131n\u0131 baltalayan ki\u015fini h\u0259bsxanaya yox, x\u0259st\u0259xanaya g\u00f6nd\u0259rdi\",\"datePublished\":\"2021-10-06T15:01:45+00:00\",\"mainEntityOfPage\":{\"@id\":\"https:\\\/\\\/www.meydan.tv\\\/az\\\/article\\\/mehkeme-arvadini-baltalayan-kisini-hebsxanaya-yox-xestexanaya-gonderdi\\\/\"},\"wordCount\":819,\"publisher\":{\"@id\":\"https:\\\/\\\/www.meydan.tv\\\/az\\\/#organization\"},\"image\":{\"@id\":\"https:\\\/\\\/www.meydan.tv\\\/az\\\/article\\\/mehkeme-arvadini-baltalayan-kisini-hebsxanaya-yox-xestexanaya-gonderdi\\\/#primaryimage\"},\"thumbnailUrl\":\"https:\\\/\\\/www.meydan.tv\\\/wp-content\\\/uploads\\\/mehkeme19_wxnshvn-scaled.jpg\",\"articleSection\":[\"B\u00f6lg\u0259\"],\"inLanguage\":\"az\"},{\"@type\":\"WebPage\",\"@id\":\"https:\\\/\\\/www.meydan.tv\\\/az\\\/article\\\/mehkeme-arvadini-baltalayan-kisini-hebsxanaya-yox-xestexanaya-gonderdi\\\/\",\"url\":\"https:\\\/\\\/www.meydan.tv\\\/az\\\/article\\\/mehkeme-arvadini-baltalayan-kisini-hebsxanaya-yox-xestexanaya-gonderdi\\\/\",\"name\":\"M\u0259hk\u0259m\u0259 arvad\u0131n\u0131 baltalayan ki\u015fini h\u0259bsxanaya yox, x\u0259st\u0259xanaya g\u00f6nd\u0259rdi - MEYDAN.TV\",\"isPartOf\":{\"@id\":\"https:\\\/\\\/www.meydan.tv\\\/az\\\/#website\"},\"primaryImageOfPage\":{\"@id\":\"https:\\\/\\\/www.meydan.tv\\\/az\\\/article\\\/mehkeme-arvadini-baltalayan-kisini-hebsxanaya-yox-xestexanaya-gonderdi\\\/#primaryimage\"},\"image\":{\"@id\":\"https:\\\/\\\/www.meydan.tv\\\/az\\\/article\\\/mehkeme-arvadini-baltalayan-kisini-hebsxanaya-yox-xestexanaya-gonderdi\\\/#primaryimage\"},\"thumbnailUrl\":\"https:\\\/\\\/www.meydan.tv\\\/wp-content\\\/uploads\\\/mehkeme19_wxnshvn-scaled.jpg\",\"datePublished\":\"2021-10-06T15:01:45+00:00\",\"breadcrumb\":{\"@id\":\"https:\\\/\\\/www.meydan.tv\\\/az\\\/article\\\/mehkeme-arvadini-baltalayan-kisini-hebsxanaya-yox-xestexanaya-gonderdi\\\/#breadcrumb\"},\"inLanguage\":\"az\",\"potentialAction\":[{\"@type\":\"ReadAction\",\"target\":[\"https:\\\/\\\/www.meydan.tv\\\/az\\\/article\\\/mehkeme-arvadini-baltalayan-kisini-hebsxanaya-yox-xestexanaya-gonderdi\\\/\"]}]},{\"@type\":\"ImageObject\",\"inLanguage\":\"az\",\"@id\":\"https:\\\/\\\/www.meydan.tv\\\/az\\\/article\\\/mehkeme-arvadini-baltalayan-kisini-hebsxanaya-yox-xestexanaya-gonderdi\\\/#primaryimage\",\"url\":\"https:\\\/\\\/www.meydan.tv\\\/wp-content\\\/uploads\\\/mehkeme19_wxnshvn-scaled.jpg\",\"contentUrl\":\"https:\\\/\\\/www.meydan.tv\\\/wp-content\\\/uploads\\\/mehkeme19_wxnshvn-scaled.jpg\",\"width\":2560,\"height\":1440,\"caption\":\"Foto: Meydan TV\"},{\"@type\":\"BreadcrumbList\",\"@id\":\"https:\\\/\\\/www.meydan.tv\\\/az\\\/article\\\/mehkeme-arvadini-baltalayan-kisini-hebsxanaya-yox-xestexanaya-gonderdi\\\/#breadcrumb\",\"itemListElement\":[{\"@type\":\"ListItem\",\"position\":1,\"name\":\"Ana s\u0259hif\u0259\",\"item\":\"https:\\\/\\\/www.meydan.tv\\\/az\\\/\"},{\"@type\":\"ListItem\",\"position\":2,\"name\":\"B\u00f6lg\u0259\",\"item\":\"https:\\\/\\\/www.meydan.tv\\\/az\\\/section\\\/bolge\\\/\"},{\"@type\":\"ListItem\",\"position\":3,\"name\":\"M\u0259hk\u0259m\u0259 arvad\u0131n\u0131 baltalayan ki\u015fini h\u0259bsxanaya yox, x\u0259st\u0259xanaya g\u00f6nd\u0259rdi\"}]},{\"@type\":\"WebSite\",\"@id\":\"https:\\\/\\\/www.meydan.tv\\\/az\\\/#website\",\"url\":\"https:\\\/\\\/www.meydan.tv\\\/az\\\/\",\"name\":\"MEYDAN.TV\",\"description\":\"Meydan TV Az\u0259rbaycan\u0131n media m\u0259kan\u0131ndak\u0131 alternativ s\u0259sidir\",\"publisher\":{\"@id\":\"https:\\\/\\\/www.meydan.tv\\\/az\\\/#organization\"},\"potentialAction\":[{\"@type\":\"SearchAction\",\"target\":{\"@type\":\"EntryPoint\",\"urlTemplate\":\"https:\\\/\\\/www.meydan.tv\\\/az\\\/?s={search_term_string}\"},\"query-input\":{\"@type\":\"PropertyValueSpecification\",\"valueRequired\":true,\"valueName\":\"search_term_string\"}}],\"inLanguage\":\"az\"},{\"@type\":\"Organization\",\"@id\":\"https:\\\/\\\/www.meydan.tv\\\/az\\\/#organization\",\"name\":\"Meydan TV\",\"url\":\"https:\\\/\\\/www.meydan.tv\\\/az\\\/\",\"logo\":{\"@type\":\"ImageObject\",\"inLanguage\":\"az\",\"@id\":\"https:\\\/\\\/www.meydan.tv\\\/az\\\/#\\\/schema\\\/logo\\\/image\\\/\",\"url\":\"https:\\\/\\\/www.meydan.tv\\\/wp-content\\\/uploads\\\/2021\\\/07\\\/meydan-logo.svg\",\"contentUrl\":\"https:\\\/\\\/www.meydan.tv\\\/wp-content\\\/uploads\\\/2021\\\/07\\\/meydan-logo.svg\",\"width\":195,\"height\":46,\"caption\":\"Meydan TV\"},\"image\":{\"@id\":\"https:\\\/\\\/www.meydan.tv\\\/az\\\/#\\\/schema\\\/logo\\\/image\\\/\"}},{\"@type\":\"Person\",\"@id\":\"https:\\\/\\\/www.meydan.tv\\\/az\\\/#\\\/schema\\\/person\\\/10d11eccf6da3662cf5fdab9806ea91a\",\"name\":\"user-manager\"}]}<\/script>\n<!-- \/ Yoast SEO plugin. -->","yoast_head_json":{"title":"M\u0259hk\u0259m\u0259 arvad\u0131n\u0131 baltalayan ki\u015fini h\u0259bsxanaya yox, x\u0259st\u0259xanaya g\u00f6nd\u0259rdi - MEYDAN.TV","robots":{"index":"index","follow":"follow","max-snippet":"max-snippet:-1","max-image-preview":"max-image-preview:large","max-video-preview":"max-video-preview:-1"},"canonical":"https:\/\/www.meydan.tv\/az\/article\/mehkeme-arvadini-baltalayan-kisini-hebsxanaya-yox-xestexanaya-gonderdi\/","og_locale":"az_AZ","og_type":"article","og_title":"M\u0259hk\u0259m\u0259 arvad\u0131n\u0131 baltalayan ki\u015fini h\u0259bsxanaya yox, x\u0259st\u0259xanaya g\u00f6nd\u0259rdi - MEYDAN.TV","og_description":"\"Baltan\u0131n k\u00fct t\u0259r\u0259fi il\u0259 Zalxan\u0131n ba\u015f\u0131na vurdum\"","og_url":"https:\/\/www.meydan.tv\/az\/article\/mehkeme-arvadini-baltalayan-kisini-hebsxanaya-yox-xestexanaya-gonderdi\/","og_site_name":"MEYDAN.TV","article_published_time":"2021-10-06T15:01:45+00:00","og_image":[{"width":2560,"height":1440,"url":"https:\/\/www.meydan.tv\/wp-content\/uploads\/mehkeme19_wxnshvn-scaled.jpg","type":"image\/jpeg"}],"author":"user-manager","twitter_card":"summary_large_image","schema":{"@context":"https:\/\/schema.org","@graph":[{"@type":"Article","@id":"https:\/\/www.meydan.tv\/az\/article\/mehkeme-arvadini-baltalayan-kisini-hebsxanaya-yox-xestexanaya-gonderdi\/#article","isPartOf":{"@id":"https:\/\/www.meydan.tv\/az\/article\/mehkeme-arvadini-baltalayan-kisini-hebsxanaya-yox-xestexanaya-gonderdi\/"},"author":{"name":"user-manager","@id":"https:\/\/www.meydan.tv\/az\/#\/schema\/person\/10d11eccf6da3662cf5fdab9806ea91a"},"headline":"M\u0259hk\u0259m\u0259 arvad\u0131n\u0131 baltalayan ki\u015fini h\u0259bsxanaya yox, x\u0259st\u0259xanaya g\u00f6nd\u0259rdi","datePublished":"2021-10-06T15:01:45+00:00","mainEntityOfPage":{"@id":"https:\/\/www.meydan.tv\/az\/article\/mehkeme-arvadini-baltalayan-kisini-hebsxanaya-yox-xestexanaya-gonderdi\/"},"wordCount":819,"publisher":{"@id":"https:\/\/www.meydan.tv\/az\/#organization"},"image":{"@id":"https:\/\/www.meydan.tv\/az\/article\/mehkeme-arvadini-baltalayan-kisini-hebsxanaya-yox-xestexanaya-gonderdi\/#primaryimage"},"thumbnailUrl":"https:\/\/www.meydan.tv\/wp-content\/uploads\/mehkeme19_wxnshvn-scaled.jpg","articleSection":["B\u00f6lg\u0259"],"inLanguage":"az"},{"@type":"WebPage","@id":"https:\/\/www.meydan.tv\/az\/article\/mehkeme-arvadini-baltalayan-kisini-hebsxanaya-yox-xestexanaya-gonderdi\/","url":"https:\/\/www.meydan.tv\/az\/article\/mehkeme-arvadini-baltalayan-kisini-hebsxanaya-yox-xestexanaya-gonderdi\/","name":"M\u0259hk\u0259m\u0259 arvad\u0131n\u0131 baltalayan ki\u015fini h\u0259bsxanaya yox, x\u0259st\u0259xanaya g\u00f6nd\u0259rdi - MEYDAN.TV","isPartOf":{"@id":"https:\/\/www.meydan.tv\/az\/#website"},"primaryImageOfPage":{"@id":"https:\/\/www.meydan.tv\/az\/article\/mehkeme-arvadini-baltalayan-kisini-hebsxanaya-yox-xestexanaya-gonderdi\/#primaryimage"},"image":{"@id":"https:\/\/www.meydan.tv\/az\/article\/mehkeme-arvadini-baltalayan-kisini-hebsxanaya-yox-xestexanaya-gonderdi\/#primaryimage"},"thumbnailUrl":"https:\/\/www.meydan.tv\/wp-content\/uploads\/mehkeme19_wxnshvn-scaled.jpg","datePublished":"2021-10-06T15:01:45+00:00","breadcrumb":{"@id":"https:\/\/www.meydan.tv\/az\/article\/mehkeme-arvadini-baltalayan-kisini-hebsxanaya-yox-xestexanaya-gonderdi\/#breadcrumb"},"inLanguage":"az","potentialAction":[{"@type":"ReadAction","target":["https:\/\/www.meydan.tv\/az\/article\/mehkeme-arvadini-baltalayan-kisini-hebsxanaya-yox-xestexanaya-gonderdi\/"]}]},{"@type":"ImageObject","inLanguage":"az","@id":"https:\/\/www.meydan.tv\/az\/article\/mehkeme-arvadini-baltalayan-kisini-hebsxanaya-yox-xestexanaya-gonderdi\/#primaryimage","url":"https:\/\/www.meydan.tv\/wp-content\/uploads\/mehkeme19_wxnshvn-scaled.jpg","contentUrl":"https:\/\/www.meydan.tv\/wp-content\/uploads\/mehkeme19_wxnshvn-scaled.jpg","width":2560,"height":1440,"caption":"Foto: Meydan TV"},{"@type":"BreadcrumbList","@id":"https:\/\/www.meydan.tv\/az\/article\/mehkeme-arvadini-baltalayan-kisini-hebsxanaya-yox-xestexanaya-gonderdi\/#breadcrumb","itemListElement":[{"@type":"ListItem","position":1,"name":"Ana s\u0259hif\u0259","item":"https:\/\/www.meydan.tv\/az\/"},{"@type":"ListItem","position":2,"name":"B\u00f6lg\u0259","item":"https:\/\/www.meydan.tv\/az\/section\/bolge\/"},{"@type":"ListItem","position":3,"name":"M\u0259hk\u0259m\u0259 arvad\u0131n\u0131 baltalayan ki\u015fini h\u0259bsxanaya yox, x\u0259st\u0259xanaya g\u00f6nd\u0259rdi"}]},{"@type":"WebSite","@id":"https:\/\/www.meydan.tv\/az\/#website","url":"https:\/\/www.meydan.tv\/az\/","name":"MEYDAN.TV","description":"Meydan TV Az\u0259rbaycan\u0131n media m\u0259kan\u0131ndak\u0131 alternativ s\u0259sidir","publisher":{"@id":"https:\/\/www.meydan.tv\/az\/#organization"},"potentialAction":[{"@type":"SearchAction","target":{"@type":"EntryPoint","urlTemplate":"https:\/\/www.meydan.tv\/az\/?s={search_term_string}"},"query-input":{"@type":"PropertyValueSpecification","valueRequired":true,"valueName":"search_term_string"}}],"inLanguage":"az"},{"@type":"Organization","@id":"https:\/\/www.meydan.tv\/az\/#organization","name":"Meydan TV","url":"https:\/\/www.meydan.tv\/az\/","logo":{"@type":"ImageObject","inLanguage":"az","@id":"https:\/\/www.meydan.tv\/az\/#\/schema\/logo\/image\/","url":"https:\/\/www.meydan.tv\/wp-content\/uploads\/2021\/07\/meydan-logo.svg","contentUrl":"https:\/\/www.meydan.tv\/wp-content\/uploads\/2021\/07\/meydan-logo.svg","width":195,"height":46,"caption":"Meydan TV"},"image":{"@id":"https:\/\/www.meydan.tv\/az\/#\/schema\/logo\/image\/"}},{"@type":"Person","@id":"https:\/\/www.meydan.tv\/az\/#\/schema\/person\/10d11eccf6da3662cf5fdab9806ea91a","name":"user-manager"}]}},"_links":{"self":[{"href":"https:\/\/www.meydan.tv\/az\/wp-json\/wp\/v2\/posts\/213178","targetHints":{"allow":["GET"]}}],"collection":[{"href":"https:\/\/www.meydan.tv\/az\/wp-json\/wp\/v2\/posts"}],"about":[{"href":"https:\/\/www.meydan.tv\/az\/wp-json\/wp\/v2\/types\/post"}],"author":[{"embeddable":true,"href":"https:\/\/www.meydan.tv\/az\/wp-json\/wp\/v2\/users\/11"}],"replies":[{"embeddable":true,"href":"https:\/\/www.meydan.tv\/az\/wp-json\/wp\/v2\/comments?post=213178"}],"version-history":[{"count":0,"href":"https:\/\/www.meydan.tv\/az\/wp-json\/wp\/v2\/posts\/213178\/revisions"}],"wp:featuredmedia":[{"embeddable":true,"href":"https:\/\/www.meydan.tv\/az\/wp-json\/wp\/v2\/media\/210852"}],"wp:attachment":[{"href":"https:\/\/www.meydan.tv\/az\/wp-json\/wp\/v2\/media?parent=213178"}],"wp:term":[{"taxonomy":"category","embeddable":true,"href":"https:\/\/www.meydan.tv\/az\/wp-json\/wp\/v2\/categories?post=213178"},{"taxonomy":"post_tag","embeddable":true,"href":"https:\/\/www.meydan.tv\/az\/wp-json\/wp\/v2\/tags?post=213178"}],"curies":[{"name":"wp","href":"https:\/\/api.w.org\/{rel}","templated":true}]}}