{"id":213171,"date":"2021-10-06T12:45:14","date_gmt":"2021-10-06T12:45:14","guid":{"rendered":"https:\/\/www.meydan.tv\/article\/sah-mat-18-ayliq-fasileden-sonra-stullarla-qayidir\/"},"modified":"2021-10-06T12:45:14","modified_gmt":"2021-10-06T12:45:14","slug":"sah-mat-18-ayliq-fasileden-sonra-stullarla-qayidir","status":"publish","type":"post","link":"https:\/\/www.meydan.tv\/az\/article\/sah-mat-18-ayliq-fasileden-sonra-stullarla-qayidir\/","title":{"rendered":"\u201c\u015eah Mat\u201d 18 ayl\u0131q fasil\u0259d\u0259n sonra \u201cStullar\u201dla qay\u0131d\u0131r"},"content":{"rendered":"<p>\n  <i><br \/>\n    Tama\u015fa 16 ya\u015fdan yuxar\u0131 \u015f\u0259xsl\u0259r \u00fc\u00e7\u00fcn n\u0259z\u0259rd\u0259 tutulub<br \/>\n  <\/i>\n<\/p>\n<p>\n  M\u00fcst\u0259qil \u201c\u015eah Mat\u201d Teatr\u0131 pandemiyadan &#8211; 18 ayl\u0131q fasil\u0259d\u0259n sonra Ejen \u0130onsekonun \u201cStullar\u201d tama\u015fas\u0131n\u0131 g\u00f6st\u0259r\u0259c\u0259k.\n<\/p>\n<p>\n  Xronometraj\u0131 50 d\u0259qiq\u0259 olan tama\u015fan\u0131n qurulu\u015f\u00e7u rejissoru Mir Qabil \u018fkb\u0259rov, qurulu\u015f\u00e7u r\u0259ssam\u0131 S\u0259bin\u0259 Abutal\u0131bzad\u0259dir.\n<\/p>\n<p>\n  Tama\u015fa oktyabr\u0131n 7-d\u0259 saat 19.00-da \u201cSalaam Cinema Baku\u201dda t\u0259qdim edil\u0259c\u0259k.\n<\/p>\n<p>\n  Absurd \u00fcslubunda olan tama\u015fada Mir Qabil \u018fkb\u0259rov v\u0259 F\u0259rid V\u0259liyev oynayacaq.\n<\/p>\n<p>\n  Tama\u015fa 16 ya\u015fdan yuxar\u0131 olanlar \u00fc\u00e7\u00fcn n\u0259z\u0259rd\u0259 tutulub.\n<\/p>\n<p>\n  Akademik Opera v\u0259 Balet Teatr\u0131nda is\u0259 oktyabr\u0131n 9-da rus b\u0259st\u0259kar\u0131 Aleksandr Borodinin \u201cQ\u0131p\u00e7aq r\u0259qsl\u0259ri\u201d baletinin premyeras\u0131 ke\u00e7iril\u0259c\u0259k.\n<\/p>\n<p>\n  H\u0259min ax\u015fam daha bir tama\u015fa &#8211; N.Rimski-Korsakovun \u201c\u015e\u0259hrizad\u201d baleti n\u00fcmayi\u015f olunacaq.\n<\/p>\n<p>\n  Tama\u015fada \u0259sas partiyalar\u0131 \u018fm\u0259kdar artist Nigar \u0130brahimova, Xalq artisti G\u00fcla\u011fas\u0131 Mirz\u0259yev, truppan\u0131n g\u0259nc solistl\u0259ri Fatim\u0259 X\u0259l\u0259fova, Z\u0259hra Tanr\u0131verdiyeva v\u0259 Seymur Q\u0259diyev ifa ed\u0259c\u0259kl\u0259r.\n<\/p>\n<p>\n  Tama\u015fan\u0131n qurulu\u015f\u00e7u baletmeysteri \u018fm\u0259kdar artisti Samir S\u0259m\u0259dovdur.\n<\/p>\n<p>\n  Musiqi r\u0259hb\u0259ri v\u0259 dirijoru Xalq artisti, professor Yal\u00e7\u0131n Ad\u0131g\u00f6z\u0259lov, qurulu\u015f\u00e7u r\u0259ssam\u0131 Xalq r\u0259ssam\u0131 Rafiz \u0130smay\u0131lovdur.\n<\/p>\n<p>\n  Oktyabr\u0131n 1-d\u0259n Az\u0259rbaycanda \u00fcmumi tutumunun 50 faizind\u0259n \u00e7ox olmamaq \u015f\u0259rtil\u0259 konsert zallar\u0131, kinoteatr v\u0259 teatrlar\u0131n f\u0259aliyy\u0259ti b\u0259rpa edilib.\n<\/p>\n<p>\n  \u00d6lk\u0259d\u0259 bir \u00e7ox m\u0259d\u0259niyy\u0259t obyektl\u0259ri 2020-ci il mart\u0131n 14-d\u0259n COV\u0130D-19 pandemiyas\u0131 il\u0259 \u0259laq\u0259dar ba\u011flanm\u0131\u015fd\u0131.<\/p>\n","protected":false},"excerpt":{"rendered":"<p>H\u0259min ax\u015fam daha bir tama\u015fa &#8211; N.Rimski-Korsakovun \u201c\u015e\u0259hrizad\u201d baleti n\u00fcmayi\u015f olunacaq.<\/p>\n","protected":false},"author":11,"featured_media":210834,"comment_status":"closed","ping_status":"open","sticky":false,"template":"","format":"standard","meta":{"_acf_changed":false,"_sitemap_exclude":false,"_sitemap_priority":"","_sitemap_frequency":"","footnotes":""},"categories":[52],"tags":[],"class_list":["post-213171","post","type-post","status-publish","format-standard","has-post-thumbnail","hentry","category-medeniyyet","infinite-scroll-item","generate-columns","tablet-grid-50","mobile-grid-100","grid-parent","grid-33","no-featured-image-padding"],"acf":[],"yoast_head":"<!-- This site is optimized with the Yoast SEO plugin v27.4 - https:\/\/yoast.com\/product\/yoast-seo-wordpress\/ -->\n<title>\u201c\u015eah Mat\u201d 18 ayl\u0131q fasil\u0259d\u0259n sonra \u201cStullar\u201dla qay\u0131d\u0131r - MEYDAN.TV<\/title>\n<meta name=\"robots\" content=\"index, follow, max-snippet:-1, max-image-preview:large, max-video-preview:-1\" \/>\n<link rel=\"canonical\" href=\"https:\/\/www.meydan.tv\/az\/article\/sah-mat-18-ayliq-fasileden-sonra-stullarla-qayidir\/\" \/>\n<meta property=\"og:locale\" content=\"az_AZ\" \/>\n<meta property=\"og:type\" content=\"article\" \/>\n<meta property=\"og:title\" content=\"\u201c\u015eah Mat\u201d 18 ayl\u0131q fasil\u0259d\u0259n sonra \u201cStullar\u201dla qay\u0131d\u0131r - MEYDAN.TV\" \/>\n<meta property=\"og:description\" content=\"H\u0259min ax\u015fam daha bir tama\u015fa - N.Rimski-Korsakovun \u201c\u015e\u0259hrizad\u201d baleti n\u00fcmayi\u015f olunacaq.\" \/>\n<meta property=\"og:url\" content=\"https:\/\/www.meydan.tv\/az\/article\/sah-mat-18-ayliq-fasileden-sonra-stullarla-qayidir\/\" \/>\n<meta property=\"og:site_name\" content=\"MEYDAN.TV\" \/>\n<meta property=\"article:published_time\" content=\"2021-10-06T12:45:14+00:00\" \/>\n<meta property=\"og:image\" content=\"https:\/\/www.meydan.tv\/wp-content\/uploads\/sahmat.jpg\" \/>\n\t<meta property=\"og:image:width\" content=\"1131\" \/>\n\t<meta property=\"og:image:height\" content=\"1356\" \/>\n\t<meta property=\"og:image:type\" content=\"image\/jpeg\" \/>\n<meta name=\"author\" content=\"user-manager\" \/>\n<meta name=\"twitter:card\" content=\"summary_large_image\" \/>\n<script type=\"application\/ld+json\" class=\"yoast-schema-graph\">{\"@context\":\"https:\\\/\\\/schema.org\",\"@graph\":[{\"@type\":\"Article\",\"@id\":\"https:\\\/\\\/www.meydan.tv\\\/az\\\/article\\\/sah-mat-18-ayliq-fasileden-sonra-stullarla-qayidir\\\/#article\",\"isPartOf\":{\"@id\":\"https:\\\/\\\/www.meydan.tv\\\/az\\\/article\\\/sah-mat-18-ayliq-fasileden-sonra-stullarla-qayidir\\\/\"},\"author\":{\"name\":\"user-manager\",\"@id\":\"https:\\\/\\\/www.meydan.tv\\\/az\\\/#\\\/schema\\\/person\\\/10d11eccf6da3662cf5fdab9806ea91a\"},\"headline\":\"\u201c\u015eah Mat\u201d 18 ayl\u0131q fasil\u0259d\u0259n sonra \u201cStullar\u201dla qay\u0131d\u0131r\",\"datePublished\":\"2021-10-06T12:45:14+00:00\",\"mainEntityOfPage\":{\"@id\":\"https:\\\/\\\/www.meydan.tv\\\/az\\\/article\\\/sah-mat-18-ayliq-fasileden-sonra-stullarla-qayidir\\\/\"},\"wordCount\":286,\"publisher\":{\"@id\":\"https:\\\/\\\/www.meydan.tv\\\/az\\\/#organization\"},\"image\":{\"@id\":\"https:\\\/\\\/www.meydan.tv\\\/az\\\/article\\\/sah-mat-18-ayliq-fasileden-sonra-stullarla-qayidir\\\/#primaryimage\"},\"thumbnailUrl\":\"https:\\\/\\\/www.meydan.tv\\\/wp-content\\\/uploads\\\/sahmat.jpg\",\"articleSection\":[\"M\u0259d\u0259niyy\u0259t\"],\"inLanguage\":\"az\"},{\"@type\":\"WebPage\",\"@id\":\"https:\\\/\\\/www.meydan.tv\\\/az\\\/article\\\/sah-mat-18-ayliq-fasileden-sonra-stullarla-qayidir\\\/\",\"url\":\"https:\\\/\\\/www.meydan.tv\\\/az\\\/article\\\/sah-mat-18-ayliq-fasileden-sonra-stullarla-qayidir\\\/\",\"name\":\"\u201c\u015eah Mat\u201d 18 ayl\u0131q fasil\u0259d\u0259n sonra \u201cStullar\u201dla qay\u0131d\u0131r - MEYDAN.TV\",\"isPartOf\":{\"@id\":\"https:\\\/\\\/www.meydan.tv\\\/az\\\/#website\"},\"primaryImageOfPage\":{\"@id\":\"https:\\\/\\\/www.meydan.tv\\\/az\\\/article\\\/sah-mat-18-ayliq-fasileden-sonra-stullarla-qayidir\\\/#primaryimage\"},\"image\":{\"@id\":\"https:\\\/\\\/www.meydan.tv\\\/az\\\/article\\\/sah-mat-18-ayliq-fasileden-sonra-stullarla-qayidir\\\/#primaryimage\"},\"thumbnailUrl\":\"https:\\\/\\\/www.meydan.tv\\\/wp-content\\\/uploads\\\/sahmat.jpg\",\"datePublished\":\"2021-10-06T12:45:14+00:00\",\"breadcrumb\":{\"@id\":\"https:\\\/\\\/www.meydan.tv\\\/az\\\/article\\\/sah-mat-18-ayliq-fasileden-sonra-stullarla-qayidir\\\/#breadcrumb\"},\"inLanguage\":\"az\",\"potentialAction\":[{\"@type\":\"ReadAction\",\"target\":[\"https:\\\/\\\/www.meydan.tv\\\/az\\\/article\\\/sah-mat-18-ayliq-fasileden-sonra-stullarla-qayidir\\\/\"]}]},{\"@type\":\"ImageObject\",\"inLanguage\":\"az\",\"@id\":\"https:\\\/\\\/www.meydan.tv\\\/az\\\/article\\\/sah-mat-18-ayliq-fasileden-sonra-stullarla-qayidir\\\/#primaryimage\",\"url\":\"https:\\\/\\\/www.meydan.tv\\\/wp-content\\\/uploads\\\/sahmat.jpg\",\"contentUrl\":\"https:\\\/\\\/www.meydan.tv\\\/wp-content\\\/uploads\\\/sahmat.jpg\",\"width\":1131,\"height\":1356,\"caption\":\"Source: Tama\u015fa\"},{\"@type\":\"BreadcrumbList\",\"@id\":\"https:\\\/\\\/www.meydan.tv\\\/az\\\/article\\\/sah-mat-18-ayliq-fasileden-sonra-stullarla-qayidir\\\/#breadcrumb\",\"itemListElement\":[{\"@type\":\"ListItem\",\"position\":1,\"name\":\"Ana s\u0259hif\u0259\",\"item\":\"https:\\\/\\\/www.meydan.tv\\\/az\\\/\"},{\"@type\":\"ListItem\",\"position\":2,\"name\":\"M\u0259d\u0259niyy\u0259t\",\"item\":\"https:\\\/\\\/www.meydan.tv\\\/az\\\/section\\\/medeniyyet\\\/\"},{\"@type\":\"ListItem\",\"position\":3,\"name\":\"\u201c\u015eah Mat\u201d 18 ayl\u0131q fasil\u0259d\u0259n sonra \u201cStullar\u201dla qay\u0131d\u0131r\"}]},{\"@type\":\"WebSite\",\"@id\":\"https:\\\/\\\/www.meydan.tv\\\/az\\\/#website\",\"url\":\"https:\\\/\\\/www.meydan.tv\\\/az\\\/\",\"name\":\"MEYDAN.TV\",\"description\":\"Meydan TV Az\u0259rbaycan\u0131n media m\u0259kan\u0131ndak\u0131 alternativ s\u0259sidir\",\"publisher\":{\"@id\":\"https:\\\/\\\/www.meydan.tv\\\/az\\\/#organization\"},\"potentialAction\":[{\"@type\":\"SearchAction\",\"target\":{\"@type\":\"EntryPoint\",\"urlTemplate\":\"https:\\\/\\\/www.meydan.tv\\\/az\\\/?s={search_term_string}\"},\"query-input\":{\"@type\":\"PropertyValueSpecification\",\"valueRequired\":true,\"valueName\":\"search_term_string\"}}],\"inLanguage\":\"az\"},{\"@type\":\"Organization\",\"@id\":\"https:\\\/\\\/www.meydan.tv\\\/az\\\/#organization\",\"name\":\"Meydan TV\",\"url\":\"https:\\\/\\\/www.meydan.tv\\\/az\\\/\",\"logo\":{\"@type\":\"ImageObject\",\"inLanguage\":\"az\",\"@id\":\"https:\\\/\\\/www.meydan.tv\\\/az\\\/#\\\/schema\\\/logo\\\/image\\\/\",\"url\":\"https:\\\/\\\/www.meydan.tv\\\/wp-content\\\/uploads\\\/2021\\\/07\\\/meydan-logo.svg\",\"contentUrl\":\"https:\\\/\\\/www.meydan.tv\\\/wp-content\\\/uploads\\\/2021\\\/07\\\/meydan-logo.svg\",\"width\":195,\"height\":46,\"caption\":\"Meydan TV\"},\"image\":{\"@id\":\"https:\\\/\\\/www.meydan.tv\\\/az\\\/#\\\/schema\\\/logo\\\/image\\\/\"}},{\"@type\":\"Person\",\"@id\":\"https:\\\/\\\/www.meydan.tv\\\/az\\\/#\\\/schema\\\/person\\\/10d11eccf6da3662cf5fdab9806ea91a\",\"name\":\"user-manager\"}]}<\/script>\n<!-- \/ Yoast SEO plugin. -->","yoast_head_json":{"title":"\u201c\u015eah Mat\u201d 18 ayl\u0131q fasil\u0259d\u0259n sonra \u201cStullar\u201dla qay\u0131d\u0131r - MEYDAN.TV","robots":{"index":"index","follow":"follow","max-snippet":"max-snippet:-1","max-image-preview":"max-image-preview:large","max-video-preview":"max-video-preview:-1"},"canonical":"https:\/\/www.meydan.tv\/az\/article\/sah-mat-18-ayliq-fasileden-sonra-stullarla-qayidir\/","og_locale":"az_AZ","og_type":"article","og_title":"\u201c\u015eah Mat\u201d 18 ayl\u0131q fasil\u0259d\u0259n sonra \u201cStullar\u201dla qay\u0131d\u0131r - MEYDAN.TV","og_description":"H\u0259min ax\u015fam daha bir tama\u015fa - N.Rimski-Korsakovun \u201c\u015e\u0259hrizad\u201d baleti n\u00fcmayi\u015f olunacaq.","og_url":"https:\/\/www.meydan.tv\/az\/article\/sah-mat-18-ayliq-fasileden-sonra-stullarla-qayidir\/","og_site_name":"MEYDAN.TV","article_published_time":"2021-10-06T12:45:14+00:00","og_image":[{"width":1131,"height":1356,"url":"https:\/\/www.meydan.tv\/wp-content\/uploads\/sahmat.jpg","type":"image\/jpeg"}],"author":"user-manager","twitter_card":"summary_large_image","schema":{"@context":"https:\/\/schema.org","@graph":[{"@type":"Article","@id":"https:\/\/www.meydan.tv\/az\/article\/sah-mat-18-ayliq-fasileden-sonra-stullarla-qayidir\/#article","isPartOf":{"@id":"https:\/\/www.meydan.tv\/az\/article\/sah-mat-18-ayliq-fasileden-sonra-stullarla-qayidir\/"},"author":{"name":"user-manager","@id":"https:\/\/www.meydan.tv\/az\/#\/schema\/person\/10d11eccf6da3662cf5fdab9806ea91a"},"headline":"\u201c\u015eah Mat\u201d 18 ayl\u0131q fasil\u0259d\u0259n sonra \u201cStullar\u201dla qay\u0131d\u0131r","datePublished":"2021-10-06T12:45:14+00:00","mainEntityOfPage":{"@id":"https:\/\/www.meydan.tv\/az\/article\/sah-mat-18-ayliq-fasileden-sonra-stullarla-qayidir\/"},"wordCount":286,"publisher":{"@id":"https:\/\/www.meydan.tv\/az\/#organization"},"image":{"@id":"https:\/\/www.meydan.tv\/az\/article\/sah-mat-18-ayliq-fasileden-sonra-stullarla-qayidir\/#primaryimage"},"thumbnailUrl":"https:\/\/www.meydan.tv\/wp-content\/uploads\/sahmat.jpg","articleSection":["M\u0259d\u0259niyy\u0259t"],"inLanguage":"az"},{"@type":"WebPage","@id":"https:\/\/www.meydan.tv\/az\/article\/sah-mat-18-ayliq-fasileden-sonra-stullarla-qayidir\/","url":"https:\/\/www.meydan.tv\/az\/article\/sah-mat-18-ayliq-fasileden-sonra-stullarla-qayidir\/","name":"\u201c\u015eah Mat\u201d 18 ayl\u0131q fasil\u0259d\u0259n sonra \u201cStullar\u201dla qay\u0131d\u0131r - MEYDAN.TV","isPartOf":{"@id":"https:\/\/www.meydan.tv\/az\/#website"},"primaryImageOfPage":{"@id":"https:\/\/www.meydan.tv\/az\/article\/sah-mat-18-ayliq-fasileden-sonra-stullarla-qayidir\/#primaryimage"},"image":{"@id":"https:\/\/www.meydan.tv\/az\/article\/sah-mat-18-ayliq-fasileden-sonra-stullarla-qayidir\/#primaryimage"},"thumbnailUrl":"https:\/\/www.meydan.tv\/wp-content\/uploads\/sahmat.jpg","datePublished":"2021-10-06T12:45:14+00:00","breadcrumb":{"@id":"https:\/\/www.meydan.tv\/az\/article\/sah-mat-18-ayliq-fasileden-sonra-stullarla-qayidir\/#breadcrumb"},"inLanguage":"az","potentialAction":[{"@type":"ReadAction","target":["https:\/\/www.meydan.tv\/az\/article\/sah-mat-18-ayliq-fasileden-sonra-stullarla-qayidir\/"]}]},{"@type":"ImageObject","inLanguage":"az","@id":"https:\/\/www.meydan.tv\/az\/article\/sah-mat-18-ayliq-fasileden-sonra-stullarla-qayidir\/#primaryimage","url":"https:\/\/www.meydan.tv\/wp-content\/uploads\/sahmat.jpg","contentUrl":"https:\/\/www.meydan.tv\/wp-content\/uploads\/sahmat.jpg","width":1131,"height":1356,"caption":"Source: Tama\u015fa"},{"@type":"BreadcrumbList","@id":"https:\/\/www.meydan.tv\/az\/article\/sah-mat-18-ayliq-fasileden-sonra-stullarla-qayidir\/#breadcrumb","itemListElement":[{"@type":"ListItem","position":1,"name":"Ana s\u0259hif\u0259","item":"https:\/\/www.meydan.tv\/az\/"},{"@type":"ListItem","position":2,"name":"M\u0259d\u0259niyy\u0259t","item":"https:\/\/www.meydan.tv\/az\/section\/medeniyyet\/"},{"@type":"ListItem","position":3,"name":"\u201c\u015eah Mat\u201d 18 ayl\u0131q fasil\u0259d\u0259n sonra \u201cStullar\u201dla qay\u0131d\u0131r"}]},{"@type":"WebSite","@id":"https:\/\/www.meydan.tv\/az\/#website","url":"https:\/\/www.meydan.tv\/az\/","name":"MEYDAN.TV","description":"Meydan TV Az\u0259rbaycan\u0131n media m\u0259kan\u0131ndak\u0131 alternativ s\u0259sidir","publisher":{"@id":"https:\/\/www.meydan.tv\/az\/#organization"},"potentialAction":[{"@type":"SearchAction","target":{"@type":"EntryPoint","urlTemplate":"https:\/\/www.meydan.tv\/az\/?s={search_term_string}"},"query-input":{"@type":"PropertyValueSpecification","valueRequired":true,"valueName":"search_term_string"}}],"inLanguage":"az"},{"@type":"Organization","@id":"https:\/\/www.meydan.tv\/az\/#organization","name":"Meydan TV","url":"https:\/\/www.meydan.tv\/az\/","logo":{"@type":"ImageObject","inLanguage":"az","@id":"https:\/\/www.meydan.tv\/az\/#\/schema\/logo\/image\/","url":"https:\/\/www.meydan.tv\/wp-content\/uploads\/2021\/07\/meydan-logo.svg","contentUrl":"https:\/\/www.meydan.tv\/wp-content\/uploads\/2021\/07\/meydan-logo.svg","width":195,"height":46,"caption":"Meydan TV"},"image":{"@id":"https:\/\/www.meydan.tv\/az\/#\/schema\/logo\/image\/"}},{"@type":"Person","@id":"https:\/\/www.meydan.tv\/az\/#\/schema\/person\/10d11eccf6da3662cf5fdab9806ea91a","name":"user-manager"}]}},"_links":{"self":[{"href":"https:\/\/www.meydan.tv\/az\/wp-json\/wp\/v2\/posts\/213171","targetHints":{"allow":["GET"]}}],"collection":[{"href":"https:\/\/www.meydan.tv\/az\/wp-json\/wp\/v2\/posts"}],"about":[{"href":"https:\/\/www.meydan.tv\/az\/wp-json\/wp\/v2\/types\/post"}],"author":[{"embeddable":true,"href":"https:\/\/www.meydan.tv\/az\/wp-json\/wp\/v2\/users\/11"}],"replies":[{"embeddable":true,"href":"https:\/\/www.meydan.tv\/az\/wp-json\/wp\/v2\/comments?post=213171"}],"version-history":[{"count":0,"href":"https:\/\/www.meydan.tv\/az\/wp-json\/wp\/v2\/posts\/213171\/revisions"}],"wp:featuredmedia":[{"embeddable":true,"href":"https:\/\/www.meydan.tv\/az\/wp-json\/wp\/v2\/media\/210834"}],"wp:attachment":[{"href":"https:\/\/www.meydan.tv\/az\/wp-json\/wp\/v2\/media?parent=213171"}],"wp:term":[{"taxonomy":"category","embeddable":true,"href":"https:\/\/www.meydan.tv\/az\/wp-json\/wp\/v2\/categories?post=213171"},{"taxonomy":"post_tag","embeddable":true,"href":"https:\/\/www.meydan.tv\/az\/wp-json\/wp\/v2\/tags?post=213171"}],"curies":[{"name":"wp","href":"https:\/\/api.w.org\/{rel}","templated":true}]}}