{"id":213169,"date":"2021-10-06T11:37:52","date_gmt":"2021-10-06T11:37:52","guid":{"rendered":"https:\/\/www.meydan.tv\/article\/feryad-ii-filminin-cekilisleri-basa-catib\/"},"modified":"2021-10-06T11:37:52","modified_gmt":"2021-10-06T11:37:52","slug":"feryad-ii-filminin-cekilisleri-basa-catib","status":"publish","type":"post","link":"https:\/\/www.meydan.tv\/az\/article\/feryad-ii-filminin-cekilisleri-basa-catib\/","title":{"rendered":"&#8220;F\u0259ryad II&#8221; filminin \u00e7\u0259kili\u015fl\u0259ri ba\u015fa \u00e7at\u0131b"},"content":{"rendered":"<p>\n  <i><br \/>\n    Film \u0130kinci Qaraba\u011f m\u00fcharib\u0259sin\u0259 h\u0259sr olunub<br \/>\n  <\/i>\n<\/p>\n<p>\n  \u201cH\u0259yat, dey\u0259s\u0259n, g\u00f6z\u0259ldir\u201d (F\u0259ryad II) filminin \u00e7\u0259kili\u015fl\u0259ri ba\u015fa \u00e7at\u0131b.\n<\/p>\n<p>\n  \u201cAz\u0259rbaycanfilm\u201d kinostudiyas\u0131n\u0131n PR meneceri L\u0259tif L\u0259tifsoy Meydan TV-y\u0259 a\u00e7\u0131qlamas\u0131nda bildirib ki, tammetrajl\u0131 b\u0259dii filmin \u00e7\u0259kili\u015fl\u0259ri iki ay \u0259rzind\u0259 Hadrutda, X\u0131z\u0131da, Bak\u0131da v\u0259 Ab\u015feronda apar\u0131l\u0131b.\n<\/p>\n<p>\n  \u0130kinci Qaraba\u011f m\u00fcharib\u0259sin\u0259 h\u0259sr olunan filmin ssenari m\u00fc\u0259llifi v\u0259 qurulu\u015f\u00e7u rejissoru Xalq artisti Vaqif Mustafayevdir.\n<\/p>\n<p>\n  Filmd\u0259 \u0259sir g\u00f6t\u00fcr\u00fclm\u00fc\u015f erm\u0259ni \u0259sg\u0259rl\u0259ri aras\u0131nda iki qarda\u015f var. Qarda\u015flar\u0131n sonrak\u0131 aqib\u0259ti tragikomik janrda olan ekran \u0259s\u0259rinin \u0259sas\u0131n\u0131 t\u0259\u015fkil edir.\n<\/p>\n<p>\n  \u0130lkin i\u015f\u00e7i ad\u0131 \u201cF\u0259ryad II\u201d olan filmin, ssenari m\u00fc\u0259llifi v\u0259 rejissoru Vaqif Mustafayev, t\u0259svir rejissoru Orxan Abbasov, r\u0259ssam\u0131 Quram Navroza\u015fvili, geyim r\u0259ssam\u0131 Keti Kalandadze, b\u0259st\u0259kar\u0131 Tural M\u0259mm\u0259dli, prod\u00fcseri is\u0259 Fariz \u018fhm\u0259dovdur.\n<\/p>\n<p>\n  Ba\u015f rolda Hikm\u0259t R\u0259himov, rollarda Sevinc \u018fliyeva, Nino Qomarteli, Dmitri Samxaradze, Giorgi Celiya v\u0259 Aftandil Maxaradze \u00e7\u0259kilibl\u0259r.\n<\/p>\n<p>\n  Haz\u0131rda montaj psrosesind\u0259 olan \u201cH\u0259yat, dey\u0259s\u0259n, g\u00f6z\u0259ldir\u201d filmi M\u0259d\u0259niyy\u0259t Nazirliyinin sifari\u015fi il\u0259 \u201cAz\u0259rbaycanfilm\u201d Kinostudiyas\u0131n\u0131n istehsal\u0131d\u0131r.\n<\/p>\n<figure class=\"wp-block-image size-large\">\n  <img decoding=\"async\" src=\"https:\/\/www.meydan.tv\/az\/dsc02550-jpg\/\" alt=\"dsc02550.jpg\" class=\"wp-image-210830\"\/><figcaption>\n    Filmin \u00e7\u0259kili\u015f meydan\u00e7as\u0131<br \/>\n  <\/figcaption><\/figure>\n<p>\n  \u0130lk \u201cF\u0259ryad\u201d filmi is\u0259 1993-c\u00fc ild\u0259 \u00e7\u0259kilib.\n<\/p>\n<p>\n  Film Birinci Qaraba\u011f m\u00fcharib\u0259sin\u0259 h\u0259sr olunub.\n<\/p>\n<p>\n  Ba\u015f q\u0259hr\u0259man\u0131n prototipi var v\u0259 burada t\u0259svir olunan hadis\u0259l\u0259r real faktlara \u0259saslan\u0131r.\n<\/p>\n<p>\n  Ekran \u0259s\u0259ri Qaraba\u011f m\u00fcharib\u0259sind\u0259 d\u00f6y\u00fc\u015f\u0259n \u0259sg\u0259rl\u0259rd\u0259n birinin ba\u015f\u0131na g\u0259tiril\u0259n \u0259hvalatdan b\u0259hs edir.\n<\/p>\n<p>\n  Filmin ssenari m\u00fc\u0259llifi Vaqif Mustafayev, rejissoru Ceyhun Mirz\u0259yevdir. \u201cF\u0259ryad\u201dda Ceyhun Mirz\u0259yev, M\u0259lik Dada\u015fov, Hac\u0131 \u0130smay\u0131lov, Liana Qudadze, Fikr\u0259t M\u0259mm\u0259dov, F\u0259r\u0259c F\u0259r\u0259cov \u00e7\u0259kilib.<\/p>\n","protected":false},"excerpt":{"rendered":"<p>Qarda\u015flar\u0131n sonrak\u0131 aqib\u0259ti tragikomik janrda olan ekran \u0259s\u0259rinin \u0259sas\u0131n\u0131 t\u0259\u015fkil edir.<\/p>\n","protected":false},"author":11,"featured_media":210825,"comment_status":"closed","ping_status":"open","sticky":false,"template":"","format":"standard","meta":{"_acf_changed":false,"_sitemap_exclude":false,"_sitemap_priority":"","_sitemap_frequency":"","footnotes":""},"categories":[52],"tags":[],"class_list":["post-213169","post","type-post","status-publish","format-standard","has-post-thumbnail","hentry","category-medeniyyet","infinite-scroll-item","generate-columns","tablet-grid-50","mobile-grid-100","grid-parent","grid-33","no-featured-image-padding"],"acf":[],"yoast_head":"<!-- This site is optimized with the Yoast SEO plugin v27.4 - https:\/\/yoast.com\/product\/yoast-seo-wordpress\/ -->\n<title>&quot;F\u0259ryad II&quot; filminin \u00e7\u0259kili\u015fl\u0259ri ba\u015fa \u00e7at\u0131b - MEYDAN.TV<\/title>\n<meta name=\"robots\" content=\"index, follow, max-snippet:-1, max-image-preview:large, max-video-preview:-1\" \/>\n<link rel=\"canonical\" href=\"https:\/\/www.meydan.tv\/az\/article\/feryad-ii-filminin-cekilisleri-basa-catib\/\" \/>\n<meta property=\"og:locale\" content=\"az_AZ\" \/>\n<meta property=\"og:type\" content=\"article\" \/>\n<meta property=\"og:title\" content=\"&quot;F\u0259ryad II&quot; filminin \u00e7\u0259kili\u015fl\u0259ri ba\u015fa \u00e7at\u0131b - MEYDAN.TV\" \/>\n<meta property=\"og:description\" content=\"Qarda\u015flar\u0131n sonrak\u0131 aqib\u0259ti tragikomik janrda olan ekran \u0259s\u0259rinin \u0259sas\u0131n\u0131 t\u0259\u015fkil edir.\" \/>\n<meta property=\"og:url\" content=\"https:\/\/www.meydan.tv\/az\/article\/feryad-ii-filminin-cekilisleri-basa-catib\/\" \/>\n<meta property=\"og:site_name\" content=\"MEYDAN.TV\" \/>\n<meta property=\"article:published_time\" content=\"2021-10-06T11:37:52+00:00\" \/>\n<meta property=\"og:image\" content=\"https:\/\/www.meydan.tv\/wp-content\/uploads\/dsc04871.jpg\" \/>\n\t<meta property=\"og:image:width\" content=\"1504\" \/>\n\t<meta property=\"og:image:height\" content=\"845\" \/>\n\t<meta property=\"og:image:type\" content=\"image\/jpeg\" \/>\n<meta name=\"author\" content=\"user-manager\" \/>\n<meta name=\"twitter:card\" content=\"summary_large_image\" \/>\n<script type=\"application\/ld+json\" class=\"yoast-schema-graph\">{\"@context\":\"https:\\\/\\\/schema.org\",\"@graph\":[{\"@type\":\"Article\",\"@id\":\"https:\\\/\\\/www.meydan.tv\\\/az\\\/article\\\/feryad-ii-filminin-cekilisleri-basa-catib\\\/#article\",\"isPartOf\":{\"@id\":\"https:\\\/\\\/www.meydan.tv\\\/az\\\/article\\\/feryad-ii-filminin-cekilisleri-basa-catib\\\/\"},\"author\":{\"name\":\"user-manager\",\"@id\":\"https:\\\/\\\/www.meydan.tv\\\/az\\\/#\\\/schema\\\/person\\\/10d11eccf6da3662cf5fdab9806ea91a\"},\"headline\":\"&#8220;F\u0259ryad II&#8221; filminin \u00e7\u0259kili\u015fl\u0259ri ba\u015fa \u00e7at\u0131b\",\"datePublished\":\"2021-10-06T11:37:52+00:00\",\"mainEntityOfPage\":{\"@id\":\"https:\\\/\\\/www.meydan.tv\\\/az\\\/article\\\/feryad-ii-filminin-cekilisleri-basa-catib\\\/\"},\"wordCount\":327,\"publisher\":{\"@id\":\"https:\\\/\\\/www.meydan.tv\\\/az\\\/#organization\"},\"image\":{\"@id\":\"https:\\\/\\\/www.meydan.tv\\\/az\\\/article\\\/feryad-ii-filminin-cekilisleri-basa-catib\\\/#primaryimage\"},\"thumbnailUrl\":\"https:\\\/\\\/www.meydan.tv\\\/wp-content\\\/uploads\\\/dsc04871.jpg\",\"articleSection\":[\"M\u0259d\u0259niyy\u0259t\"],\"inLanguage\":\"az\"},{\"@type\":\"WebPage\",\"@id\":\"https:\\\/\\\/www.meydan.tv\\\/az\\\/article\\\/feryad-ii-filminin-cekilisleri-basa-catib\\\/\",\"url\":\"https:\\\/\\\/www.meydan.tv\\\/az\\\/article\\\/feryad-ii-filminin-cekilisleri-basa-catib\\\/\",\"name\":\"\\\"F\u0259ryad II\\\" filminin \u00e7\u0259kili\u015fl\u0259ri ba\u015fa \u00e7at\u0131b - MEYDAN.TV\",\"isPartOf\":{\"@id\":\"https:\\\/\\\/www.meydan.tv\\\/az\\\/#website\"},\"primaryImageOfPage\":{\"@id\":\"https:\\\/\\\/www.meydan.tv\\\/az\\\/article\\\/feryad-ii-filminin-cekilisleri-basa-catib\\\/#primaryimage\"},\"image\":{\"@id\":\"https:\\\/\\\/www.meydan.tv\\\/az\\\/article\\\/feryad-ii-filminin-cekilisleri-basa-catib\\\/#primaryimage\"},\"thumbnailUrl\":\"https:\\\/\\\/www.meydan.tv\\\/wp-content\\\/uploads\\\/dsc04871.jpg\",\"datePublished\":\"2021-10-06T11:37:52+00:00\",\"breadcrumb\":{\"@id\":\"https:\\\/\\\/www.meydan.tv\\\/az\\\/article\\\/feryad-ii-filminin-cekilisleri-basa-catib\\\/#breadcrumb\"},\"inLanguage\":\"az\",\"potentialAction\":[{\"@type\":\"ReadAction\",\"target\":[\"https:\\\/\\\/www.meydan.tv\\\/az\\\/article\\\/feryad-ii-filminin-cekilisleri-basa-catib\\\/\"]}]},{\"@type\":\"ImageObject\",\"inLanguage\":\"az\",\"@id\":\"https:\\\/\\\/www.meydan.tv\\\/az\\\/article\\\/feryad-ii-filminin-cekilisleri-basa-catib\\\/#primaryimage\",\"url\":\"https:\\\/\\\/www.meydan.tv\\\/wp-content\\\/uploads\\\/dsc04871.jpg\",\"contentUrl\":\"https:\\\/\\\/www.meydan.tv\\\/wp-content\\\/uploads\\\/dsc04871.jpg\",\"width\":1504,\"height\":845,\"caption\":\"Source: Specify Source\"},{\"@type\":\"BreadcrumbList\",\"@id\":\"https:\\\/\\\/www.meydan.tv\\\/az\\\/article\\\/feryad-ii-filminin-cekilisleri-basa-catib\\\/#breadcrumb\",\"itemListElement\":[{\"@type\":\"ListItem\",\"position\":1,\"name\":\"Ana s\u0259hif\u0259\",\"item\":\"https:\\\/\\\/www.meydan.tv\\\/az\\\/\"},{\"@type\":\"ListItem\",\"position\":2,\"name\":\"M\u0259d\u0259niyy\u0259t\",\"item\":\"https:\\\/\\\/www.meydan.tv\\\/az\\\/section\\\/medeniyyet\\\/\"},{\"@type\":\"ListItem\",\"position\":3,\"name\":\"&#8220;F\u0259ryad II&#8221; filminin \u00e7\u0259kili\u015fl\u0259ri ba\u015fa \u00e7at\u0131b\"}]},{\"@type\":\"WebSite\",\"@id\":\"https:\\\/\\\/www.meydan.tv\\\/az\\\/#website\",\"url\":\"https:\\\/\\\/www.meydan.tv\\\/az\\\/\",\"name\":\"MEYDAN.TV\",\"description\":\"Meydan TV Az\u0259rbaycan\u0131n media m\u0259kan\u0131ndak\u0131 alternativ s\u0259sidir\",\"publisher\":{\"@id\":\"https:\\\/\\\/www.meydan.tv\\\/az\\\/#organization\"},\"potentialAction\":[{\"@type\":\"SearchAction\",\"target\":{\"@type\":\"EntryPoint\",\"urlTemplate\":\"https:\\\/\\\/www.meydan.tv\\\/az\\\/?s={search_term_string}\"},\"query-input\":{\"@type\":\"PropertyValueSpecification\",\"valueRequired\":true,\"valueName\":\"search_term_string\"}}],\"inLanguage\":\"az\"},{\"@type\":\"Organization\",\"@id\":\"https:\\\/\\\/www.meydan.tv\\\/az\\\/#organization\",\"name\":\"Meydan TV\",\"url\":\"https:\\\/\\\/www.meydan.tv\\\/az\\\/\",\"logo\":{\"@type\":\"ImageObject\",\"inLanguage\":\"az\",\"@id\":\"https:\\\/\\\/www.meydan.tv\\\/az\\\/#\\\/schema\\\/logo\\\/image\\\/\",\"url\":\"https:\\\/\\\/www.meydan.tv\\\/wp-content\\\/uploads\\\/2021\\\/07\\\/meydan-logo.svg\",\"contentUrl\":\"https:\\\/\\\/www.meydan.tv\\\/wp-content\\\/uploads\\\/2021\\\/07\\\/meydan-logo.svg\",\"width\":195,\"height\":46,\"caption\":\"Meydan TV\"},\"image\":{\"@id\":\"https:\\\/\\\/www.meydan.tv\\\/az\\\/#\\\/schema\\\/logo\\\/image\\\/\"}},{\"@type\":\"Person\",\"@id\":\"https:\\\/\\\/www.meydan.tv\\\/az\\\/#\\\/schema\\\/person\\\/10d11eccf6da3662cf5fdab9806ea91a\",\"name\":\"user-manager\"}]}<\/script>\n<!-- \/ Yoast SEO plugin. -->","yoast_head_json":{"title":"\"F\u0259ryad II\" filminin \u00e7\u0259kili\u015fl\u0259ri ba\u015fa \u00e7at\u0131b - MEYDAN.TV","robots":{"index":"index","follow":"follow","max-snippet":"max-snippet:-1","max-image-preview":"max-image-preview:large","max-video-preview":"max-video-preview:-1"},"canonical":"https:\/\/www.meydan.tv\/az\/article\/feryad-ii-filminin-cekilisleri-basa-catib\/","og_locale":"az_AZ","og_type":"article","og_title":"\"F\u0259ryad II\" filminin \u00e7\u0259kili\u015fl\u0259ri ba\u015fa \u00e7at\u0131b - MEYDAN.TV","og_description":"Qarda\u015flar\u0131n sonrak\u0131 aqib\u0259ti tragikomik janrda olan ekran \u0259s\u0259rinin \u0259sas\u0131n\u0131 t\u0259\u015fkil edir.","og_url":"https:\/\/www.meydan.tv\/az\/article\/feryad-ii-filminin-cekilisleri-basa-catib\/","og_site_name":"MEYDAN.TV","article_published_time":"2021-10-06T11:37:52+00:00","og_image":[{"width":1504,"height":845,"url":"https:\/\/www.meydan.tv\/wp-content\/uploads\/dsc04871.jpg","type":"image\/jpeg"}],"author":"user-manager","twitter_card":"summary_large_image","schema":{"@context":"https:\/\/schema.org","@graph":[{"@type":"Article","@id":"https:\/\/www.meydan.tv\/az\/article\/feryad-ii-filminin-cekilisleri-basa-catib\/#article","isPartOf":{"@id":"https:\/\/www.meydan.tv\/az\/article\/feryad-ii-filminin-cekilisleri-basa-catib\/"},"author":{"name":"user-manager","@id":"https:\/\/www.meydan.tv\/az\/#\/schema\/person\/10d11eccf6da3662cf5fdab9806ea91a"},"headline":"&#8220;F\u0259ryad II&#8221; filminin \u00e7\u0259kili\u015fl\u0259ri ba\u015fa \u00e7at\u0131b","datePublished":"2021-10-06T11:37:52+00:00","mainEntityOfPage":{"@id":"https:\/\/www.meydan.tv\/az\/article\/feryad-ii-filminin-cekilisleri-basa-catib\/"},"wordCount":327,"publisher":{"@id":"https:\/\/www.meydan.tv\/az\/#organization"},"image":{"@id":"https:\/\/www.meydan.tv\/az\/article\/feryad-ii-filminin-cekilisleri-basa-catib\/#primaryimage"},"thumbnailUrl":"https:\/\/www.meydan.tv\/wp-content\/uploads\/dsc04871.jpg","articleSection":["M\u0259d\u0259niyy\u0259t"],"inLanguage":"az"},{"@type":"WebPage","@id":"https:\/\/www.meydan.tv\/az\/article\/feryad-ii-filminin-cekilisleri-basa-catib\/","url":"https:\/\/www.meydan.tv\/az\/article\/feryad-ii-filminin-cekilisleri-basa-catib\/","name":"\"F\u0259ryad II\" filminin \u00e7\u0259kili\u015fl\u0259ri ba\u015fa \u00e7at\u0131b - MEYDAN.TV","isPartOf":{"@id":"https:\/\/www.meydan.tv\/az\/#website"},"primaryImageOfPage":{"@id":"https:\/\/www.meydan.tv\/az\/article\/feryad-ii-filminin-cekilisleri-basa-catib\/#primaryimage"},"image":{"@id":"https:\/\/www.meydan.tv\/az\/article\/feryad-ii-filminin-cekilisleri-basa-catib\/#primaryimage"},"thumbnailUrl":"https:\/\/www.meydan.tv\/wp-content\/uploads\/dsc04871.jpg","datePublished":"2021-10-06T11:37:52+00:00","breadcrumb":{"@id":"https:\/\/www.meydan.tv\/az\/article\/feryad-ii-filminin-cekilisleri-basa-catib\/#breadcrumb"},"inLanguage":"az","potentialAction":[{"@type":"ReadAction","target":["https:\/\/www.meydan.tv\/az\/article\/feryad-ii-filminin-cekilisleri-basa-catib\/"]}]},{"@type":"ImageObject","inLanguage":"az","@id":"https:\/\/www.meydan.tv\/az\/article\/feryad-ii-filminin-cekilisleri-basa-catib\/#primaryimage","url":"https:\/\/www.meydan.tv\/wp-content\/uploads\/dsc04871.jpg","contentUrl":"https:\/\/www.meydan.tv\/wp-content\/uploads\/dsc04871.jpg","width":1504,"height":845,"caption":"Source: Specify Source"},{"@type":"BreadcrumbList","@id":"https:\/\/www.meydan.tv\/az\/article\/feryad-ii-filminin-cekilisleri-basa-catib\/#breadcrumb","itemListElement":[{"@type":"ListItem","position":1,"name":"Ana s\u0259hif\u0259","item":"https:\/\/www.meydan.tv\/az\/"},{"@type":"ListItem","position":2,"name":"M\u0259d\u0259niyy\u0259t","item":"https:\/\/www.meydan.tv\/az\/section\/medeniyyet\/"},{"@type":"ListItem","position":3,"name":"&#8220;F\u0259ryad II&#8221; filminin \u00e7\u0259kili\u015fl\u0259ri ba\u015fa \u00e7at\u0131b"}]},{"@type":"WebSite","@id":"https:\/\/www.meydan.tv\/az\/#website","url":"https:\/\/www.meydan.tv\/az\/","name":"MEYDAN.TV","description":"Meydan TV Az\u0259rbaycan\u0131n media m\u0259kan\u0131ndak\u0131 alternativ s\u0259sidir","publisher":{"@id":"https:\/\/www.meydan.tv\/az\/#organization"},"potentialAction":[{"@type":"SearchAction","target":{"@type":"EntryPoint","urlTemplate":"https:\/\/www.meydan.tv\/az\/?s={search_term_string}"},"query-input":{"@type":"PropertyValueSpecification","valueRequired":true,"valueName":"search_term_string"}}],"inLanguage":"az"},{"@type":"Organization","@id":"https:\/\/www.meydan.tv\/az\/#organization","name":"Meydan TV","url":"https:\/\/www.meydan.tv\/az\/","logo":{"@type":"ImageObject","inLanguage":"az","@id":"https:\/\/www.meydan.tv\/az\/#\/schema\/logo\/image\/","url":"https:\/\/www.meydan.tv\/wp-content\/uploads\/2021\/07\/meydan-logo.svg","contentUrl":"https:\/\/www.meydan.tv\/wp-content\/uploads\/2021\/07\/meydan-logo.svg","width":195,"height":46,"caption":"Meydan TV"},"image":{"@id":"https:\/\/www.meydan.tv\/az\/#\/schema\/logo\/image\/"}},{"@type":"Person","@id":"https:\/\/www.meydan.tv\/az\/#\/schema\/person\/10d11eccf6da3662cf5fdab9806ea91a","name":"user-manager"}]}},"_links":{"self":[{"href":"https:\/\/www.meydan.tv\/az\/wp-json\/wp\/v2\/posts\/213169","targetHints":{"allow":["GET"]}}],"collection":[{"href":"https:\/\/www.meydan.tv\/az\/wp-json\/wp\/v2\/posts"}],"about":[{"href":"https:\/\/www.meydan.tv\/az\/wp-json\/wp\/v2\/types\/post"}],"author":[{"embeddable":true,"href":"https:\/\/www.meydan.tv\/az\/wp-json\/wp\/v2\/users\/11"}],"replies":[{"embeddable":true,"href":"https:\/\/www.meydan.tv\/az\/wp-json\/wp\/v2\/comments?post=213169"}],"version-history":[{"count":0,"href":"https:\/\/www.meydan.tv\/az\/wp-json\/wp\/v2\/posts\/213169\/revisions"}],"wp:featuredmedia":[{"embeddable":true,"href":"https:\/\/www.meydan.tv\/az\/wp-json\/wp\/v2\/media\/210825"}],"wp:attachment":[{"href":"https:\/\/www.meydan.tv\/az\/wp-json\/wp\/v2\/media?parent=213169"}],"wp:term":[{"taxonomy":"category","embeddable":true,"href":"https:\/\/www.meydan.tv\/az\/wp-json\/wp\/v2\/categories?post=213169"},{"taxonomy":"post_tag","embeddable":true,"href":"https:\/\/www.meydan.tv\/az\/wp-json\/wp\/v2\/tags?post=213169"}],"curies":[{"name":"wp","href":"https:\/\/api.w.org\/{rel}","templated":true}]}}