{"id":213165,"date":"2021-10-06T10:06:27","date_gmt":"2021-10-06T10:06:27","guid":{"rendered":"https:\/\/www.meydan.tv\/article\/flora-kerimovaya-seref-ordeni-teqdim-edildi\/"},"modified":"2021-10-06T10:06:27","modified_gmt":"2021-10-06T10:06:27","slug":"flora-kerimovaya-seref-ordeni-teqdim-edildi","status":"publish","type":"post","link":"https:\/\/www.meydan.tv\/az\/article\/flora-kerimovaya-seref-ordeni-teqdim-edildi\/","title":{"rendered":"Flora K\u0259rimovaya \u201c\u015e\u0259r\u0259f\u201d ordeni t\u0259qdim edildi"},"content":{"rendered":"<p>\n  <i><br \/>\n    T\u0259qdimat m\u0259rasimi Milli \u0130nc\u0259s\u0259n\u0259t Muzeyind\u0259 ba\u015f tutub<br \/>\n  <\/i>\n<\/p>\n<p>\n  Milli \u0130nc\u0259s\u0259n\u0259t Muzeyind\u0259 bir qrup m\u0259d\u0259niyy\u0259t v\u0259 inc\u0259s\u0259n\u0259t xadiminin m\u00fckafatlar\u0131n\u0131n t\u0259qdimetm\u0259 m\u0259rasimi ke\u00e7irilib.\n<\/p>\n<p>\n  M\u0259d\u0259niyy\u0259t Nazirliyinin yayd\u0131\u011f\u0131 m\u0259lumatda bildirilir ki, Prezident \u0130lham \u018fliyevin s\u0259r\u0259ncam\u0131 il\u0259 \u201c\u0130stiqlal\u201d, \u201c\u015e\u0259r\u0259f\u201d ordenl\u0259ri v\u0259 dig\u0259r f\u0259xri adlarla t\u0259ltif edil\u0259n m\u0259d\u0259niyy\u0259t v\u0259 inc\u0259s\u0259n\u0259t xadiml\u0259rin\u0259 m\u00fckafatlar\u0131n v\u0259siq\u0259 v\u0259 medallar\u0131<br \/>\n  <a href=\"http:\/\/mct.gov.az\/az\/umumi-xeberler\/13780\"><br \/>\n    verilib<br \/>\n  <\/a><br \/>\n  .\n<\/p>\n<p>\n  Xalq artistl\u0259ri Xuraman Qas\u0131mova \u201c\u0130stiqlal\u201d, Flora K\u0259rimova \u201c\u015e\u0259r\u0259f\u201d ordeni il\u0259 t\u0259ltif olunublar.\n<\/p>\n<p>\n  T\u0259dbird\u0259 h\u0259m\u00e7inin S\u0259m\u0259d Vur\u011fun ad\u0131na Az\u0259rbaycan D\u00f6vl\u0259t Akademik Rus Dram Teatr\u0131n\u0131n bir qrup \u0259m\u0259kda\u015f\u0131na da m\u00fckafatlar t\u0259qdim edilib.\n<\/p>\n<p>\n  Prezident \u0130lham \u018fliyevin iyulun 31-d\u0259 imzalad\u0131\u011f\u0131 s\u0259r\u0259ncamla Xalq artisti Flora K\u0259rimova Az\u0259rbaycan musiqi s\u0259n\u0259tinin inki\u015faf\u0131nda xidm\u0259tl\u0259rin\u0259 g\u00f6r\u0259 \u201c\u015e\u0259r\u0259f\u201d ordeni il\u0259 t\u0259ltif<br \/>\n  <a href=\"https:\/\/www.meydan.tv\/az\/article\/flora-kerimova-seref-ordeni-aldi\/?ref=search\"><br \/>\n    edilib<br \/>\n  <\/a><br \/>\n  .<\/p>\n","protected":false},"excerpt":{"rendered":"<p>T\u0259dbird\u0259 h\u0259m\u00e7inin S\u0259m\u0259d Vur\u011fun ad\u0131na Az\u0259rbaycan D\u00f6vl\u0259t Akademik Rus Dram Teatr\u0131n\u0131n bir qrup \u0259m\u0259kda\u015f\u0131na da m\u00fckafatlar t\u0259qdim edilib.<\/p>\n","protected":false},"author":11,"featured_media":210816,"comment_status":"closed","ping_status":"open","sticky":false,"template":"","format":"standard","meta":{"_acf_changed":false,"_sitemap_exclude":false,"_sitemap_priority":"","_sitemap_frequency":"","footnotes":""},"categories":[52],"tags":[],"class_list":["post-213165","post","type-post","status-publish","format-standard","has-post-thumbnail","hentry","category-medeniyyet","infinite-scroll-item","generate-columns","tablet-grid-50","mobile-grid-100","grid-parent","grid-33","no-featured-image-padding"],"acf":[],"yoast_head":"<!-- This site is optimized with the Yoast SEO plugin v27.4 - https:\/\/yoast.com\/product\/yoast-seo-wordpress\/ -->\n<title>Flora K\u0259rimovaya \u201c\u015e\u0259r\u0259f\u201d ordeni t\u0259qdim edildi - MEYDAN.TV<\/title>\n<meta name=\"robots\" content=\"index, follow, max-snippet:-1, max-image-preview:large, max-video-preview:-1\" \/>\n<link rel=\"canonical\" href=\"https:\/\/www.meydan.tv\/az\/article\/flora-kerimovaya-seref-ordeni-teqdim-edildi\/\" \/>\n<meta property=\"og:locale\" content=\"az_AZ\" \/>\n<meta property=\"og:type\" content=\"article\" \/>\n<meta property=\"og:title\" content=\"Flora K\u0259rimovaya \u201c\u015e\u0259r\u0259f\u201d ordeni t\u0259qdim edildi - MEYDAN.TV\" \/>\n<meta property=\"og:description\" content=\"T\u0259dbird\u0259 h\u0259m\u00e7inin S\u0259m\u0259d Vur\u011fun ad\u0131na Az\u0259rbaycan D\u00f6vl\u0259t Akademik Rus Dram Teatr\u0131n\u0131n bir qrup \u0259m\u0259kda\u015f\u0131na da m\u00fckafatlar t\u0259qdim edilib.\" \/>\n<meta property=\"og:url\" content=\"https:\/\/www.meydan.tv\/az\/article\/flora-kerimovaya-seref-ordeni-teqdim-edildi\/\" \/>\n<meta property=\"og:site_name\" content=\"MEYDAN.TV\" \/>\n<meta property=\"article:published_time\" content=\"2021-10-06T10:06:27+00:00\" \/>\n<meta property=\"og:image\" content=\"https:\/\/www.meydan.tv\/wp-content\/uploads\/615c59be805c2615c59be805c41633442231d291f9a2f3487989f8aa7bc7d6f9a7a2.jpg\" \/>\n\t<meta property=\"og:image:width\" content=\"1200\" \/>\n\t<meta property=\"og:image:height\" content=\"800\" \/>\n\t<meta property=\"og:image:type\" content=\"image\/jpeg\" \/>\n<meta name=\"author\" content=\"user-manager\" \/>\n<meta name=\"twitter:card\" content=\"summary_large_image\" \/>\n<script type=\"application\/ld+json\" class=\"yoast-schema-graph\">{\"@context\":\"https:\\\/\\\/schema.org\",\"@graph\":[{\"@type\":\"Article\",\"@id\":\"https:\\\/\\\/www.meydan.tv\\\/az\\\/article\\\/flora-kerimovaya-seref-ordeni-teqdim-edildi\\\/#article\",\"isPartOf\":{\"@id\":\"https:\\\/\\\/www.meydan.tv\\\/az\\\/article\\\/flora-kerimovaya-seref-ordeni-teqdim-edildi\\\/\"},\"author\":{\"name\":\"user-manager\",\"@id\":\"https:\\\/\\\/www.meydan.tv\\\/az\\\/#\\\/schema\\\/person\\\/10d11eccf6da3662cf5fdab9806ea91a\"},\"headline\":\"Flora K\u0259rimovaya \u201c\u015e\u0259r\u0259f\u201d ordeni t\u0259qdim edildi\",\"datePublished\":\"2021-10-06T10:06:27+00:00\",\"mainEntityOfPage\":{\"@id\":\"https:\\\/\\\/www.meydan.tv\\\/az\\\/article\\\/flora-kerimovaya-seref-ordeni-teqdim-edildi\\\/\"},\"wordCount\":186,\"publisher\":{\"@id\":\"https:\\\/\\\/www.meydan.tv\\\/az\\\/#organization\"},\"image\":{\"@id\":\"https:\\\/\\\/www.meydan.tv\\\/az\\\/article\\\/flora-kerimovaya-seref-ordeni-teqdim-edildi\\\/#primaryimage\"},\"thumbnailUrl\":\"https:\\\/\\\/www.meydan.tv\\\/wp-content\\\/uploads\\\/615c59be805c2615c59be805c41633442231d291f9a2f3487989f8aa7bc7d6f9a7a2.jpg\",\"articleSection\":[\"M\u0259d\u0259niyy\u0259t\"],\"inLanguage\":\"az\"},{\"@type\":\"WebPage\",\"@id\":\"https:\\\/\\\/www.meydan.tv\\\/az\\\/article\\\/flora-kerimovaya-seref-ordeni-teqdim-edildi\\\/\",\"url\":\"https:\\\/\\\/www.meydan.tv\\\/az\\\/article\\\/flora-kerimovaya-seref-ordeni-teqdim-edildi\\\/\",\"name\":\"Flora K\u0259rimovaya \u201c\u015e\u0259r\u0259f\u201d ordeni t\u0259qdim edildi - MEYDAN.TV\",\"isPartOf\":{\"@id\":\"https:\\\/\\\/www.meydan.tv\\\/az\\\/#website\"},\"primaryImageOfPage\":{\"@id\":\"https:\\\/\\\/www.meydan.tv\\\/az\\\/article\\\/flora-kerimovaya-seref-ordeni-teqdim-edildi\\\/#primaryimage\"},\"image\":{\"@id\":\"https:\\\/\\\/www.meydan.tv\\\/az\\\/article\\\/flora-kerimovaya-seref-ordeni-teqdim-edildi\\\/#primaryimage\"},\"thumbnailUrl\":\"https:\\\/\\\/www.meydan.tv\\\/wp-content\\\/uploads\\\/615c59be805c2615c59be805c41633442231d291f9a2f3487989f8aa7bc7d6f9a7a2.jpg\",\"datePublished\":\"2021-10-06T10:06:27+00:00\",\"breadcrumb\":{\"@id\":\"https:\\\/\\\/www.meydan.tv\\\/az\\\/article\\\/flora-kerimovaya-seref-ordeni-teqdim-edildi\\\/#breadcrumb\"},\"inLanguage\":\"az\",\"potentialAction\":[{\"@type\":\"ReadAction\",\"target\":[\"https:\\\/\\\/www.meydan.tv\\\/az\\\/article\\\/flora-kerimovaya-seref-ordeni-teqdim-edildi\\\/\"]}]},{\"@type\":\"ImageObject\",\"inLanguage\":\"az\",\"@id\":\"https:\\\/\\\/www.meydan.tv\\\/az\\\/article\\\/flora-kerimovaya-seref-ordeni-teqdim-edildi\\\/#primaryimage\",\"url\":\"https:\\\/\\\/www.meydan.tv\\\/wp-content\\\/uploads\\\/615c59be805c2615c59be805c41633442231d291f9a2f3487989f8aa7bc7d6f9a7a2.jpg\",\"contentUrl\":\"https:\\\/\\\/www.meydan.tv\\\/wp-content\\\/uploads\\\/615c59be805c2615c59be805c41633442231d291f9a2f3487989f8aa7bc7d6f9a7a2.jpg\",\"width\":1200,\"height\":800,\"caption\":\"Source: APA\"},{\"@type\":\"BreadcrumbList\",\"@id\":\"https:\\\/\\\/www.meydan.tv\\\/az\\\/article\\\/flora-kerimovaya-seref-ordeni-teqdim-edildi\\\/#breadcrumb\",\"itemListElement\":[{\"@type\":\"ListItem\",\"position\":1,\"name\":\"Ana s\u0259hif\u0259\",\"item\":\"https:\\\/\\\/www.meydan.tv\\\/az\\\/\"},{\"@type\":\"ListItem\",\"position\":2,\"name\":\"M\u0259d\u0259niyy\u0259t\",\"item\":\"https:\\\/\\\/www.meydan.tv\\\/az\\\/section\\\/medeniyyet\\\/\"},{\"@type\":\"ListItem\",\"position\":3,\"name\":\"Flora K\u0259rimovaya \u201c\u015e\u0259r\u0259f\u201d ordeni t\u0259qdim edildi\"}]},{\"@type\":\"WebSite\",\"@id\":\"https:\\\/\\\/www.meydan.tv\\\/az\\\/#website\",\"url\":\"https:\\\/\\\/www.meydan.tv\\\/az\\\/\",\"name\":\"MEYDAN.TV\",\"description\":\"Meydan TV Az\u0259rbaycan\u0131n media m\u0259kan\u0131ndak\u0131 alternativ s\u0259sidir\",\"publisher\":{\"@id\":\"https:\\\/\\\/www.meydan.tv\\\/az\\\/#organization\"},\"potentialAction\":[{\"@type\":\"SearchAction\",\"target\":{\"@type\":\"EntryPoint\",\"urlTemplate\":\"https:\\\/\\\/www.meydan.tv\\\/az\\\/?s={search_term_string}\"},\"query-input\":{\"@type\":\"PropertyValueSpecification\",\"valueRequired\":true,\"valueName\":\"search_term_string\"}}],\"inLanguage\":\"az\"},{\"@type\":\"Organization\",\"@id\":\"https:\\\/\\\/www.meydan.tv\\\/az\\\/#organization\",\"name\":\"Meydan TV\",\"url\":\"https:\\\/\\\/www.meydan.tv\\\/az\\\/\",\"logo\":{\"@type\":\"ImageObject\",\"inLanguage\":\"az\",\"@id\":\"https:\\\/\\\/www.meydan.tv\\\/az\\\/#\\\/schema\\\/logo\\\/image\\\/\",\"url\":\"https:\\\/\\\/www.meydan.tv\\\/wp-content\\\/uploads\\\/2021\\\/07\\\/meydan-logo.svg\",\"contentUrl\":\"https:\\\/\\\/www.meydan.tv\\\/wp-content\\\/uploads\\\/2021\\\/07\\\/meydan-logo.svg\",\"width\":195,\"height\":46,\"caption\":\"Meydan TV\"},\"image\":{\"@id\":\"https:\\\/\\\/www.meydan.tv\\\/az\\\/#\\\/schema\\\/logo\\\/image\\\/\"}},{\"@type\":\"Person\",\"@id\":\"https:\\\/\\\/www.meydan.tv\\\/az\\\/#\\\/schema\\\/person\\\/10d11eccf6da3662cf5fdab9806ea91a\",\"name\":\"user-manager\"}]}<\/script>\n<!-- \/ Yoast SEO plugin. -->","yoast_head_json":{"title":"Flora K\u0259rimovaya \u201c\u015e\u0259r\u0259f\u201d ordeni t\u0259qdim edildi - MEYDAN.TV","robots":{"index":"index","follow":"follow","max-snippet":"max-snippet:-1","max-image-preview":"max-image-preview:large","max-video-preview":"max-video-preview:-1"},"canonical":"https:\/\/www.meydan.tv\/az\/article\/flora-kerimovaya-seref-ordeni-teqdim-edildi\/","og_locale":"az_AZ","og_type":"article","og_title":"Flora K\u0259rimovaya \u201c\u015e\u0259r\u0259f\u201d ordeni t\u0259qdim edildi - MEYDAN.TV","og_description":"T\u0259dbird\u0259 h\u0259m\u00e7inin S\u0259m\u0259d Vur\u011fun ad\u0131na Az\u0259rbaycan D\u00f6vl\u0259t Akademik Rus Dram Teatr\u0131n\u0131n bir qrup \u0259m\u0259kda\u015f\u0131na da m\u00fckafatlar t\u0259qdim edilib.","og_url":"https:\/\/www.meydan.tv\/az\/article\/flora-kerimovaya-seref-ordeni-teqdim-edildi\/","og_site_name":"MEYDAN.TV","article_published_time":"2021-10-06T10:06:27+00:00","og_image":[{"width":1200,"height":800,"url":"https:\/\/www.meydan.tv\/wp-content\/uploads\/615c59be805c2615c59be805c41633442231d291f9a2f3487989f8aa7bc7d6f9a7a2.jpg","type":"image\/jpeg"}],"author":"user-manager","twitter_card":"summary_large_image","schema":{"@context":"https:\/\/schema.org","@graph":[{"@type":"Article","@id":"https:\/\/www.meydan.tv\/az\/article\/flora-kerimovaya-seref-ordeni-teqdim-edildi\/#article","isPartOf":{"@id":"https:\/\/www.meydan.tv\/az\/article\/flora-kerimovaya-seref-ordeni-teqdim-edildi\/"},"author":{"name":"user-manager","@id":"https:\/\/www.meydan.tv\/az\/#\/schema\/person\/10d11eccf6da3662cf5fdab9806ea91a"},"headline":"Flora K\u0259rimovaya \u201c\u015e\u0259r\u0259f\u201d ordeni t\u0259qdim edildi","datePublished":"2021-10-06T10:06:27+00:00","mainEntityOfPage":{"@id":"https:\/\/www.meydan.tv\/az\/article\/flora-kerimovaya-seref-ordeni-teqdim-edildi\/"},"wordCount":186,"publisher":{"@id":"https:\/\/www.meydan.tv\/az\/#organization"},"image":{"@id":"https:\/\/www.meydan.tv\/az\/article\/flora-kerimovaya-seref-ordeni-teqdim-edildi\/#primaryimage"},"thumbnailUrl":"https:\/\/www.meydan.tv\/wp-content\/uploads\/615c59be805c2615c59be805c41633442231d291f9a2f3487989f8aa7bc7d6f9a7a2.jpg","articleSection":["M\u0259d\u0259niyy\u0259t"],"inLanguage":"az"},{"@type":"WebPage","@id":"https:\/\/www.meydan.tv\/az\/article\/flora-kerimovaya-seref-ordeni-teqdim-edildi\/","url":"https:\/\/www.meydan.tv\/az\/article\/flora-kerimovaya-seref-ordeni-teqdim-edildi\/","name":"Flora K\u0259rimovaya \u201c\u015e\u0259r\u0259f\u201d ordeni t\u0259qdim edildi - MEYDAN.TV","isPartOf":{"@id":"https:\/\/www.meydan.tv\/az\/#website"},"primaryImageOfPage":{"@id":"https:\/\/www.meydan.tv\/az\/article\/flora-kerimovaya-seref-ordeni-teqdim-edildi\/#primaryimage"},"image":{"@id":"https:\/\/www.meydan.tv\/az\/article\/flora-kerimovaya-seref-ordeni-teqdim-edildi\/#primaryimage"},"thumbnailUrl":"https:\/\/www.meydan.tv\/wp-content\/uploads\/615c59be805c2615c59be805c41633442231d291f9a2f3487989f8aa7bc7d6f9a7a2.jpg","datePublished":"2021-10-06T10:06:27+00:00","breadcrumb":{"@id":"https:\/\/www.meydan.tv\/az\/article\/flora-kerimovaya-seref-ordeni-teqdim-edildi\/#breadcrumb"},"inLanguage":"az","potentialAction":[{"@type":"ReadAction","target":["https:\/\/www.meydan.tv\/az\/article\/flora-kerimovaya-seref-ordeni-teqdim-edildi\/"]}]},{"@type":"ImageObject","inLanguage":"az","@id":"https:\/\/www.meydan.tv\/az\/article\/flora-kerimovaya-seref-ordeni-teqdim-edildi\/#primaryimage","url":"https:\/\/www.meydan.tv\/wp-content\/uploads\/615c59be805c2615c59be805c41633442231d291f9a2f3487989f8aa7bc7d6f9a7a2.jpg","contentUrl":"https:\/\/www.meydan.tv\/wp-content\/uploads\/615c59be805c2615c59be805c41633442231d291f9a2f3487989f8aa7bc7d6f9a7a2.jpg","width":1200,"height":800,"caption":"Source: APA"},{"@type":"BreadcrumbList","@id":"https:\/\/www.meydan.tv\/az\/article\/flora-kerimovaya-seref-ordeni-teqdim-edildi\/#breadcrumb","itemListElement":[{"@type":"ListItem","position":1,"name":"Ana s\u0259hif\u0259","item":"https:\/\/www.meydan.tv\/az\/"},{"@type":"ListItem","position":2,"name":"M\u0259d\u0259niyy\u0259t","item":"https:\/\/www.meydan.tv\/az\/section\/medeniyyet\/"},{"@type":"ListItem","position":3,"name":"Flora K\u0259rimovaya \u201c\u015e\u0259r\u0259f\u201d ordeni t\u0259qdim edildi"}]},{"@type":"WebSite","@id":"https:\/\/www.meydan.tv\/az\/#website","url":"https:\/\/www.meydan.tv\/az\/","name":"MEYDAN.TV","description":"Meydan TV Az\u0259rbaycan\u0131n media m\u0259kan\u0131ndak\u0131 alternativ s\u0259sidir","publisher":{"@id":"https:\/\/www.meydan.tv\/az\/#organization"},"potentialAction":[{"@type":"SearchAction","target":{"@type":"EntryPoint","urlTemplate":"https:\/\/www.meydan.tv\/az\/?s={search_term_string}"},"query-input":{"@type":"PropertyValueSpecification","valueRequired":true,"valueName":"search_term_string"}}],"inLanguage":"az"},{"@type":"Organization","@id":"https:\/\/www.meydan.tv\/az\/#organization","name":"Meydan TV","url":"https:\/\/www.meydan.tv\/az\/","logo":{"@type":"ImageObject","inLanguage":"az","@id":"https:\/\/www.meydan.tv\/az\/#\/schema\/logo\/image\/","url":"https:\/\/www.meydan.tv\/wp-content\/uploads\/2021\/07\/meydan-logo.svg","contentUrl":"https:\/\/www.meydan.tv\/wp-content\/uploads\/2021\/07\/meydan-logo.svg","width":195,"height":46,"caption":"Meydan TV"},"image":{"@id":"https:\/\/www.meydan.tv\/az\/#\/schema\/logo\/image\/"}},{"@type":"Person","@id":"https:\/\/www.meydan.tv\/az\/#\/schema\/person\/10d11eccf6da3662cf5fdab9806ea91a","name":"user-manager"}]}},"_links":{"self":[{"href":"https:\/\/www.meydan.tv\/az\/wp-json\/wp\/v2\/posts\/213165","targetHints":{"allow":["GET"]}}],"collection":[{"href":"https:\/\/www.meydan.tv\/az\/wp-json\/wp\/v2\/posts"}],"about":[{"href":"https:\/\/www.meydan.tv\/az\/wp-json\/wp\/v2\/types\/post"}],"author":[{"embeddable":true,"href":"https:\/\/www.meydan.tv\/az\/wp-json\/wp\/v2\/users\/11"}],"replies":[{"embeddable":true,"href":"https:\/\/www.meydan.tv\/az\/wp-json\/wp\/v2\/comments?post=213165"}],"version-history":[{"count":0,"href":"https:\/\/www.meydan.tv\/az\/wp-json\/wp\/v2\/posts\/213165\/revisions"}],"wp:featuredmedia":[{"embeddable":true,"href":"https:\/\/www.meydan.tv\/az\/wp-json\/wp\/v2\/media\/210816"}],"wp:attachment":[{"href":"https:\/\/www.meydan.tv\/az\/wp-json\/wp\/v2\/media?parent=213165"}],"wp:term":[{"taxonomy":"category","embeddable":true,"href":"https:\/\/www.meydan.tv\/az\/wp-json\/wp\/v2\/categories?post=213165"},{"taxonomy":"post_tag","embeddable":true,"href":"https:\/\/www.meydan.tv\/az\/wp-json\/wp\/v2\/tags?post=213165"}],"curies":[{"name":"wp","href":"https:\/\/api.w.org\/{rel}","templated":true}]}}