{"id":213143,"date":"2021-10-05T11:27:17","date_gmt":"2021-10-05T11:27:17","guid":{"rendered":"https:\/\/www.meydan.tv\/article\/bulent-ersoyu-musayiet-eden-21-nefer-1-ay-hebs-edilib\/"},"modified":"2021-10-25T08:31:01","modified_gmt":"2021-10-25T08:31:01","slug":"bulent-ersoyu-musayiet-eden-21-nefer-1-ay-hebs-edilib","status":"publish","type":"post","link":"https:\/\/www.meydan.tv\/az\/article\/bulent-ersoyu-musayiet-eden-21-nefer-1-ay-hebs-edilib\/","title":{"rendered":"B\u00fclent Ersoyu m\u00fc\u015fayi\u0259t ed\u0259n 21 n\u0259f\u0259r 1 ay h\u0259bs edilib"},"content":{"rendered":"<p><i><br \/>\nOrkestrin r\u0259hb\u0259rin\u0259 is\u0259 45 g\u00fcnl\u00fck h\u0259bs c\u0259zas\u0131 verildiyi bildirilir<br \/>\n<\/i><\/p>\n<p>B\u00fclent Ersoyu m\u00fc\u015fayi\u0259t ed\u0259n orkestr\u0259 bir ay h\u0259bs c\u0259zas\u0131 verilib.<\/p>\n<p>T\u00fcrkiy\u0259 m\u0259tbuat\u0131n\u0131n yazd\u0131\u011f\u0131na g\u00f6r\u0259, buna s\u0259b\u0259b \u015eimali Kipr T\u00fcrk C\u00fcmhuriyy\u0259tin\u0259 giri\u015f \u00f6nc\u0259si t\u0259qdim edil\u0259n saxta PZR (Polimeraz z\u0259ncir reaksiyas\u0131-red) testl\u0259ri<br \/>\n<a href=\"https:\/\/www.sozcu.com.tr\/hayatim\/magazin-haberleri\/kibrista-bulent-ersoyun-orkestrasina-hapis-cezasi\/\"><br \/>\nolub<br \/>\n<\/a><br \/>\n.<\/p>\n<p>M\u0259hk\u0259m\u0259 q\u0259rar\u0131na \u0259sas\u0259n, iyirmi bir n\u0259f\u0259rlik hey\u0259t\u0259 bir ay, orkestrin r\u0259hb\u0259rin\u0259 is\u0259 45 g\u00fcnl\u00fck h\u0259bs c\u0259zas\u0131 verilib.<\/p>\n<p>Saxta COV\u0130D-19 testi haz\u0131rlayan, bu i\u015fd\u0259 vasit\u0259\u00e7i olan otel r\u0259hb\u0259rliyi, h\u0259m\u00e7inin s\u0259hiyy\u0259 i\u015f\u00e7il\u0259ri il\u0259 ba\u011fl\u0131 m\u0259hk\u0259m\u0259 q\u0259rar\u0131 yax\u0131n h\u0259ft\u0259l\u0259rd\u0259 m\u0259lum olacaq.<\/p>\n<p>B\u00fclent Ersoyun saxta PZR testi hadis\u0259si bu il avqustun 28-d\u0259 Kiprin Ercan Hava Liman\u0131nda yoxlan\u0131\u015f zaman\u0131 m\u0259lum olmu\u015fdu.<\/p>\n<p>Musiqi\u00e7il\u0259r PZR testini verdikd\u0259n sonra konsert zal\u0131na burax\u0131lm\u0131\u015fd\u0131.<\/p>\n<p>B\u00fclent Ersoyun \u00e7\u0131x\u0131\u015f\u0131ndan sonra onlar t\u0259krar polis b\u00f6lm\u0259sin\u0259 g\u0259tiril\u0259r\u0259k, m\u0259hk\u0259m\u0259 q\u0259rar\u0131 il\u0259 bir ay n\u0259zar\u0259t alt\u0131nda saxlan\u0131l\u0131b.<\/p>\n","protected":false},"excerpt":{"rendered":"<p>B\u00fclent Ersoyun saxta PZR testi hadis\u0259si bu il avqustun 28-d\u0259 Kiprin Ercan Hava Liman\u0131nda yoxlan\u0131\u015f zaman\u0131 m\u0259lum olmu\u015fdu.<\/p>\n","protected":false},"author":11,"featured_media":213472,"comment_status":"closed","ping_status":"open","sticky":false,"template":"","format":"standard","meta":{"_acf_changed":false,"_sitemap_exclude":false,"_sitemap_priority":"","_sitemap_frequency":"","footnotes":""},"categories":[52],"tags":[],"class_list":["post-213143","post","type-post","status-publish","format-standard","has-post-thumbnail","hentry","category-medeniyyet","infinite-scroll-item","generate-columns","tablet-grid-50","mobile-grid-100","grid-parent","grid-33","no-featured-image-padding"],"acf":[],"yoast_head":"<!-- This site is optimized with the Yoast SEO plugin v27.4 - https:\/\/yoast.com\/product\/yoast-seo-wordpress\/ -->\n<title>B\u00fclent Ersoyu m\u00fc\u015fayi\u0259t ed\u0259n 21 n\u0259f\u0259r 1 ay h\u0259bs edilib - MEYDAN.TV<\/title>\n<meta name=\"robots\" content=\"index, follow, max-snippet:-1, max-image-preview:large, max-video-preview:-1\" \/>\n<link rel=\"canonical\" href=\"https:\/\/www.meydan.tv\/az\/article\/bulent-ersoyu-musayiet-eden-21-nefer-1-ay-hebs-edilib\/\" \/>\n<meta property=\"og:locale\" content=\"az_AZ\" \/>\n<meta property=\"og:type\" content=\"article\" \/>\n<meta property=\"og:title\" content=\"B\u00fclent Ersoyu m\u00fc\u015fayi\u0259t ed\u0259n 21 n\u0259f\u0259r 1 ay h\u0259bs edilib - MEYDAN.TV\" \/>\n<meta property=\"og:description\" content=\"B\u00fclent Ersoyun saxta PZR testi hadis\u0259si bu il avqustun 28-d\u0259 Kiprin Ercan Hava Liman\u0131nda yoxlan\u0131\u015f zaman\u0131 m\u0259lum olmu\u015fdu.\" \/>\n<meta property=\"og:url\" content=\"https:\/\/www.meydan.tv\/az\/article\/bulent-ersoyu-musayiet-eden-21-nefer-1-ay-hebs-edilib\/\" \/>\n<meta property=\"og:site_name\" content=\"MEYDAN.TV\" \/>\n<meta property=\"article:published_time\" content=\"2021-10-05T11:27:17+00:00\" \/>\n<meta property=\"article:modified_time\" content=\"2021-10-25T08:31:01+00:00\" \/>\n<meta property=\"og:image\" content=\"https:\/\/www.meydan.tv\/wp-content\/uploads\/bulent_16_9_1630761555_16_9_1633345221.jpg\" \/>\n\t<meta property=\"og:image:width\" content=\"854\" \/>\n\t<meta property=\"og:image:height\" content=\"481\" \/>\n\t<meta property=\"og:image:type\" content=\"image\/jpeg\" \/>\n<meta name=\"author\" content=\"user-manager\" \/>\n<meta name=\"twitter:card\" content=\"summary_large_image\" \/>\n<script type=\"application\/ld+json\" class=\"yoast-schema-graph\">{\"@context\":\"https:\\\/\\\/schema.org\",\"@graph\":[{\"@type\":\"Article\",\"@id\":\"https:\\\/\\\/www.meydan.tv\\\/az\\\/article\\\/bulent-ersoyu-musayiet-eden-21-nefer-1-ay-hebs-edilib\\\/#article\",\"isPartOf\":{\"@id\":\"https:\\\/\\\/www.meydan.tv\\\/az\\\/article\\\/bulent-ersoyu-musayiet-eden-21-nefer-1-ay-hebs-edilib\\\/\"},\"author\":{\"name\":\"user-manager\",\"@id\":\"https:\\\/\\\/www.meydan.tv\\\/az\\\/#\\\/schema\\\/person\\\/10d11eccf6da3662cf5fdab9806ea91a\"},\"headline\":\"B\u00fclent Ersoyu m\u00fc\u015fayi\u0259t ed\u0259n 21 n\u0259f\u0259r 1 ay h\u0259bs edilib\",\"datePublished\":\"2021-10-05T11:27:17+00:00\",\"dateModified\":\"2021-10-25T08:31:01+00:00\",\"mainEntityOfPage\":{\"@id\":\"https:\\\/\\\/www.meydan.tv\\\/az\\\/article\\\/bulent-ersoyu-musayiet-eden-21-nefer-1-ay-hebs-edilib\\\/\"},\"wordCount\":224,\"publisher\":{\"@id\":\"https:\\\/\\\/www.meydan.tv\\\/az\\\/#organization\"},\"image\":{\"@id\":\"https:\\\/\\\/www.meydan.tv\\\/az\\\/article\\\/bulent-ersoyu-musayiet-eden-21-nefer-1-ay-hebs-edilib\\\/#primaryimage\"},\"thumbnailUrl\":\"https:\\\/\\\/www.meydan.tv\\\/wp-content\\\/uploads\\\/bulent_16_9_1630761555_16_9_1633345221.jpg\",\"articleSection\":[\"M\u0259d\u0259niyy\u0259t\"],\"inLanguage\":\"az\"},{\"@type\":\"WebPage\",\"@id\":\"https:\\\/\\\/www.meydan.tv\\\/az\\\/article\\\/bulent-ersoyu-musayiet-eden-21-nefer-1-ay-hebs-edilib\\\/\",\"url\":\"https:\\\/\\\/www.meydan.tv\\\/az\\\/article\\\/bulent-ersoyu-musayiet-eden-21-nefer-1-ay-hebs-edilib\\\/\",\"name\":\"B\u00fclent Ersoyu m\u00fc\u015fayi\u0259t ed\u0259n 21 n\u0259f\u0259r 1 ay h\u0259bs edilib - MEYDAN.TV\",\"isPartOf\":{\"@id\":\"https:\\\/\\\/www.meydan.tv\\\/az\\\/#website\"},\"primaryImageOfPage\":{\"@id\":\"https:\\\/\\\/www.meydan.tv\\\/az\\\/article\\\/bulent-ersoyu-musayiet-eden-21-nefer-1-ay-hebs-edilib\\\/#primaryimage\"},\"image\":{\"@id\":\"https:\\\/\\\/www.meydan.tv\\\/az\\\/article\\\/bulent-ersoyu-musayiet-eden-21-nefer-1-ay-hebs-edilib\\\/#primaryimage\"},\"thumbnailUrl\":\"https:\\\/\\\/www.meydan.tv\\\/wp-content\\\/uploads\\\/bulent_16_9_1630761555_16_9_1633345221.jpg\",\"datePublished\":\"2021-10-05T11:27:17+00:00\",\"dateModified\":\"2021-10-25T08:31:01+00:00\",\"breadcrumb\":{\"@id\":\"https:\\\/\\\/www.meydan.tv\\\/az\\\/article\\\/bulent-ersoyu-musayiet-eden-21-nefer-1-ay-hebs-edilib\\\/#breadcrumb\"},\"inLanguage\":\"az\",\"potentialAction\":[{\"@type\":\"ReadAction\",\"target\":[\"https:\\\/\\\/www.meydan.tv\\\/az\\\/article\\\/bulent-ersoyu-musayiet-eden-21-nefer-1-ay-hebs-edilib\\\/\"]}]},{\"@type\":\"ImageObject\",\"inLanguage\":\"az\",\"@id\":\"https:\\\/\\\/www.meydan.tv\\\/az\\\/article\\\/bulent-ersoyu-musayiet-eden-21-nefer-1-ay-hebs-edilib\\\/#primaryimage\",\"url\":\"https:\\\/\\\/www.meydan.tv\\\/wp-content\\\/uploads\\\/bulent_16_9_1630761555_16_9_1633345221.jpg\",\"contentUrl\":\"https:\\\/\\\/www.meydan.tv\\\/wp-content\\\/uploads\\\/bulent_16_9_1630761555_16_9_1633345221.jpg\",\"width\":854,\"height\":481},{\"@type\":\"BreadcrumbList\",\"@id\":\"https:\\\/\\\/www.meydan.tv\\\/az\\\/article\\\/bulent-ersoyu-musayiet-eden-21-nefer-1-ay-hebs-edilib\\\/#breadcrumb\",\"itemListElement\":[{\"@type\":\"ListItem\",\"position\":1,\"name\":\"Ana s\u0259hif\u0259\",\"item\":\"https:\\\/\\\/www.meydan.tv\\\/az\\\/\"},{\"@type\":\"ListItem\",\"position\":2,\"name\":\"M\u0259d\u0259niyy\u0259t\",\"item\":\"https:\\\/\\\/www.meydan.tv\\\/az\\\/section\\\/medeniyyet\\\/\"},{\"@type\":\"ListItem\",\"position\":3,\"name\":\"B\u00fclent Ersoyu m\u00fc\u015fayi\u0259t ed\u0259n 21 n\u0259f\u0259r 1 ay h\u0259bs edilib\"}]},{\"@type\":\"WebSite\",\"@id\":\"https:\\\/\\\/www.meydan.tv\\\/az\\\/#website\",\"url\":\"https:\\\/\\\/www.meydan.tv\\\/az\\\/\",\"name\":\"MEYDAN.TV\",\"description\":\"Meydan TV Az\u0259rbaycan\u0131n media m\u0259kan\u0131ndak\u0131 alternativ s\u0259sidir\",\"publisher\":{\"@id\":\"https:\\\/\\\/www.meydan.tv\\\/az\\\/#organization\"},\"potentialAction\":[{\"@type\":\"SearchAction\",\"target\":{\"@type\":\"EntryPoint\",\"urlTemplate\":\"https:\\\/\\\/www.meydan.tv\\\/az\\\/?s={search_term_string}\"},\"query-input\":{\"@type\":\"PropertyValueSpecification\",\"valueRequired\":true,\"valueName\":\"search_term_string\"}}],\"inLanguage\":\"az\"},{\"@type\":\"Organization\",\"@id\":\"https:\\\/\\\/www.meydan.tv\\\/az\\\/#organization\",\"name\":\"Meydan TV\",\"url\":\"https:\\\/\\\/www.meydan.tv\\\/az\\\/\",\"logo\":{\"@type\":\"ImageObject\",\"inLanguage\":\"az\",\"@id\":\"https:\\\/\\\/www.meydan.tv\\\/az\\\/#\\\/schema\\\/logo\\\/image\\\/\",\"url\":\"https:\\\/\\\/www.meydan.tv\\\/wp-content\\\/uploads\\\/2021\\\/07\\\/meydan-logo.svg\",\"contentUrl\":\"https:\\\/\\\/www.meydan.tv\\\/wp-content\\\/uploads\\\/2021\\\/07\\\/meydan-logo.svg\",\"width\":195,\"height\":46,\"caption\":\"Meydan TV\"},\"image\":{\"@id\":\"https:\\\/\\\/www.meydan.tv\\\/az\\\/#\\\/schema\\\/logo\\\/image\\\/\"}},{\"@type\":\"Person\",\"@id\":\"https:\\\/\\\/www.meydan.tv\\\/az\\\/#\\\/schema\\\/person\\\/10d11eccf6da3662cf5fdab9806ea91a\",\"name\":\"user-manager\"}]}<\/script>\n<!-- \/ Yoast SEO plugin. -->","yoast_head_json":{"title":"B\u00fclent Ersoyu m\u00fc\u015fayi\u0259t ed\u0259n 21 n\u0259f\u0259r 1 ay h\u0259bs edilib - MEYDAN.TV","robots":{"index":"index","follow":"follow","max-snippet":"max-snippet:-1","max-image-preview":"max-image-preview:large","max-video-preview":"max-video-preview:-1"},"canonical":"https:\/\/www.meydan.tv\/az\/article\/bulent-ersoyu-musayiet-eden-21-nefer-1-ay-hebs-edilib\/","og_locale":"az_AZ","og_type":"article","og_title":"B\u00fclent Ersoyu m\u00fc\u015fayi\u0259t ed\u0259n 21 n\u0259f\u0259r 1 ay h\u0259bs edilib - MEYDAN.TV","og_description":"B\u00fclent Ersoyun saxta PZR testi hadis\u0259si bu il avqustun 28-d\u0259 Kiprin Ercan Hava Liman\u0131nda yoxlan\u0131\u015f zaman\u0131 m\u0259lum olmu\u015fdu.","og_url":"https:\/\/www.meydan.tv\/az\/article\/bulent-ersoyu-musayiet-eden-21-nefer-1-ay-hebs-edilib\/","og_site_name":"MEYDAN.TV","article_published_time":"2021-10-05T11:27:17+00:00","article_modified_time":"2021-10-25T08:31:01+00:00","og_image":[{"width":854,"height":481,"url":"https:\/\/www.meydan.tv\/wp-content\/uploads\/bulent_16_9_1630761555_16_9_1633345221.jpg","type":"image\/jpeg"}],"author":"user-manager","twitter_card":"summary_large_image","schema":{"@context":"https:\/\/schema.org","@graph":[{"@type":"Article","@id":"https:\/\/www.meydan.tv\/az\/article\/bulent-ersoyu-musayiet-eden-21-nefer-1-ay-hebs-edilib\/#article","isPartOf":{"@id":"https:\/\/www.meydan.tv\/az\/article\/bulent-ersoyu-musayiet-eden-21-nefer-1-ay-hebs-edilib\/"},"author":{"name":"user-manager","@id":"https:\/\/www.meydan.tv\/az\/#\/schema\/person\/10d11eccf6da3662cf5fdab9806ea91a"},"headline":"B\u00fclent Ersoyu m\u00fc\u015fayi\u0259t ed\u0259n 21 n\u0259f\u0259r 1 ay h\u0259bs edilib","datePublished":"2021-10-05T11:27:17+00:00","dateModified":"2021-10-25T08:31:01+00:00","mainEntityOfPage":{"@id":"https:\/\/www.meydan.tv\/az\/article\/bulent-ersoyu-musayiet-eden-21-nefer-1-ay-hebs-edilib\/"},"wordCount":224,"publisher":{"@id":"https:\/\/www.meydan.tv\/az\/#organization"},"image":{"@id":"https:\/\/www.meydan.tv\/az\/article\/bulent-ersoyu-musayiet-eden-21-nefer-1-ay-hebs-edilib\/#primaryimage"},"thumbnailUrl":"https:\/\/www.meydan.tv\/wp-content\/uploads\/bulent_16_9_1630761555_16_9_1633345221.jpg","articleSection":["M\u0259d\u0259niyy\u0259t"],"inLanguage":"az"},{"@type":"WebPage","@id":"https:\/\/www.meydan.tv\/az\/article\/bulent-ersoyu-musayiet-eden-21-nefer-1-ay-hebs-edilib\/","url":"https:\/\/www.meydan.tv\/az\/article\/bulent-ersoyu-musayiet-eden-21-nefer-1-ay-hebs-edilib\/","name":"B\u00fclent Ersoyu m\u00fc\u015fayi\u0259t ed\u0259n 21 n\u0259f\u0259r 1 ay h\u0259bs edilib - MEYDAN.TV","isPartOf":{"@id":"https:\/\/www.meydan.tv\/az\/#website"},"primaryImageOfPage":{"@id":"https:\/\/www.meydan.tv\/az\/article\/bulent-ersoyu-musayiet-eden-21-nefer-1-ay-hebs-edilib\/#primaryimage"},"image":{"@id":"https:\/\/www.meydan.tv\/az\/article\/bulent-ersoyu-musayiet-eden-21-nefer-1-ay-hebs-edilib\/#primaryimage"},"thumbnailUrl":"https:\/\/www.meydan.tv\/wp-content\/uploads\/bulent_16_9_1630761555_16_9_1633345221.jpg","datePublished":"2021-10-05T11:27:17+00:00","dateModified":"2021-10-25T08:31:01+00:00","breadcrumb":{"@id":"https:\/\/www.meydan.tv\/az\/article\/bulent-ersoyu-musayiet-eden-21-nefer-1-ay-hebs-edilib\/#breadcrumb"},"inLanguage":"az","potentialAction":[{"@type":"ReadAction","target":["https:\/\/www.meydan.tv\/az\/article\/bulent-ersoyu-musayiet-eden-21-nefer-1-ay-hebs-edilib\/"]}]},{"@type":"ImageObject","inLanguage":"az","@id":"https:\/\/www.meydan.tv\/az\/article\/bulent-ersoyu-musayiet-eden-21-nefer-1-ay-hebs-edilib\/#primaryimage","url":"https:\/\/www.meydan.tv\/wp-content\/uploads\/bulent_16_9_1630761555_16_9_1633345221.jpg","contentUrl":"https:\/\/www.meydan.tv\/wp-content\/uploads\/bulent_16_9_1630761555_16_9_1633345221.jpg","width":854,"height":481},{"@type":"BreadcrumbList","@id":"https:\/\/www.meydan.tv\/az\/article\/bulent-ersoyu-musayiet-eden-21-nefer-1-ay-hebs-edilib\/#breadcrumb","itemListElement":[{"@type":"ListItem","position":1,"name":"Ana s\u0259hif\u0259","item":"https:\/\/www.meydan.tv\/az\/"},{"@type":"ListItem","position":2,"name":"M\u0259d\u0259niyy\u0259t","item":"https:\/\/www.meydan.tv\/az\/section\/medeniyyet\/"},{"@type":"ListItem","position":3,"name":"B\u00fclent Ersoyu m\u00fc\u015fayi\u0259t ed\u0259n 21 n\u0259f\u0259r 1 ay h\u0259bs edilib"}]},{"@type":"WebSite","@id":"https:\/\/www.meydan.tv\/az\/#website","url":"https:\/\/www.meydan.tv\/az\/","name":"MEYDAN.TV","description":"Meydan TV Az\u0259rbaycan\u0131n media m\u0259kan\u0131ndak\u0131 alternativ s\u0259sidir","publisher":{"@id":"https:\/\/www.meydan.tv\/az\/#organization"},"potentialAction":[{"@type":"SearchAction","target":{"@type":"EntryPoint","urlTemplate":"https:\/\/www.meydan.tv\/az\/?s={search_term_string}"},"query-input":{"@type":"PropertyValueSpecification","valueRequired":true,"valueName":"search_term_string"}}],"inLanguage":"az"},{"@type":"Organization","@id":"https:\/\/www.meydan.tv\/az\/#organization","name":"Meydan TV","url":"https:\/\/www.meydan.tv\/az\/","logo":{"@type":"ImageObject","inLanguage":"az","@id":"https:\/\/www.meydan.tv\/az\/#\/schema\/logo\/image\/","url":"https:\/\/www.meydan.tv\/wp-content\/uploads\/2021\/07\/meydan-logo.svg","contentUrl":"https:\/\/www.meydan.tv\/wp-content\/uploads\/2021\/07\/meydan-logo.svg","width":195,"height":46,"caption":"Meydan TV"},"image":{"@id":"https:\/\/www.meydan.tv\/az\/#\/schema\/logo\/image\/"}},{"@type":"Person","@id":"https:\/\/www.meydan.tv\/az\/#\/schema\/person\/10d11eccf6da3662cf5fdab9806ea91a","name":"user-manager"}]}},"_links":{"self":[{"href":"https:\/\/www.meydan.tv\/az\/wp-json\/wp\/v2\/posts\/213143","targetHints":{"allow":["GET"]}}],"collection":[{"href":"https:\/\/www.meydan.tv\/az\/wp-json\/wp\/v2\/posts"}],"about":[{"href":"https:\/\/www.meydan.tv\/az\/wp-json\/wp\/v2\/types\/post"}],"author":[{"embeddable":true,"href":"https:\/\/www.meydan.tv\/az\/wp-json\/wp\/v2\/users\/11"}],"replies":[{"embeddable":true,"href":"https:\/\/www.meydan.tv\/az\/wp-json\/wp\/v2\/comments?post=213143"}],"version-history":[{"count":1,"href":"https:\/\/www.meydan.tv\/az\/wp-json\/wp\/v2\/posts\/213143\/revisions"}],"predecessor-version":[{"id":213475,"href":"https:\/\/www.meydan.tv\/az\/wp-json\/wp\/v2\/posts\/213143\/revisions\/213475"}],"wp:featuredmedia":[{"embeddable":true,"href":"https:\/\/www.meydan.tv\/az\/wp-json\/wp\/v2\/media\/213472"}],"wp:attachment":[{"href":"https:\/\/www.meydan.tv\/az\/wp-json\/wp\/v2\/media?parent=213143"}],"wp:term":[{"taxonomy":"category","embeddable":true,"href":"https:\/\/www.meydan.tv\/az\/wp-json\/wp\/v2\/categories?post=213143"},{"taxonomy":"post_tag","embeddable":true,"href":"https:\/\/www.meydan.tv\/az\/wp-json\/wp\/v2\/tags?post=213143"}],"curies":[{"name":"wp","href":"https:\/\/api.w.org\/{rel}","templated":true}]}}