{"id":213141,"date":"2021-10-04T15:51:34","date_gmt":"2021-10-04T15:51:34","guid":{"rendered":"https:\/\/www.meydan.tv\/article\/gence-sakini-aldadib-adima-voen-aciblar-40-min-vergi-borcum-yaranib\/"},"modified":"2021-10-04T15:51:34","modified_gmt":"2021-10-04T15:51:34","slug":"gence-sakini-aldadib-adima-voen-aciblar-40-min-vergi-borcum-yaranib","status":"publish","type":"post","link":"https:\/\/www.meydan.tv\/az\/article\/gence-sakini-aldadib-adima-voen-aciblar-40-min-vergi-borcum-yaranib\/","title":{"rendered":"G\u0259nc\u0259 sakini: Aldad\u0131b ad\u0131ma V\u00d6EN a\u00e7\u0131blar, 40 min vergi borcum yaran\u0131b"},"content":{"rendered":"<p>\n  <i><br \/>\n    \u201cF\u0259hl\u0259likl\u0259 m\u0259\u015f\u011ful oluram, internet-klubda gec\u0259l\u0259yir\u0259m\u201d<br \/>\n  <\/i>\n<\/p>\n<p>\n  \u201cAldatd\u0131lar ki, k\u00f6m\u0259k el\u0259, adamlar meyv\u0259-t\u0259r\u0259v\u0259zini g\u0259tirib sats\u0131n, s\u0259n\u0259 d\u0259 i\u015f ver\u0259c\u0259kl\u0259r, \u0259lind\u0259 daimi i\u015fin olacaq. Aldad\u0131b ad\u0131ma V\u00d6EN a\u00e7d\u0131r\u0131blar, 3 aydan sonra x\u0259b\u0259r tutmu\u015fam ki, aya\u011f\u0131mda 40 min manat vergi borcu var. Halbuki m\u0259nim he\u00e7 cibimd\u0259 40 manat\u0131m olmay\u0131b indiy\u0259d\u0259k&#8230; Valideynim yox, ail\u0259m yox, ev-e\u015fiyim yox&#8230; Aradabir i\u015f d\u00fc\u015f\u0259nd\u0259 q\u0259pik-quru\u015fa g\u00fcn\u0259muzd f\u0259hl\u0259likl\u0259 m\u0259\u015f\u011ful oluram, internet-klubda gec\u0259l\u0259yir\u0259m\u201d.\n<\/p>\n<p>\n  G\u0259nc\u0259 sakini Tahir \u018fliyev Meydan TV-y\u0259 dan\u0131\u015f\u0131r ki, R\u00f6v\u015f\u0259n adl\u0131 tan\u0131\u015f\u0131 ona yax\u0131n bir dostuna k\u00f6m\u0259k etm\u0259k \u00fc\u00e7\u00fcn ad\u0131na meyv\u0259-t\u0259r\u0259v\u0259z g\u0259tirilm\u0259sini t\u0259klif edib.\n<\/p>\n<p>\n  O da raz\u0131la\u015f\u0131b, ancaq 3 aydan sonra x\u0259b\u0259r tutub ki, 40 min manat vergi borcu y\u0131\u011f\u0131l\u0131b.\n<\/p>\n<p>\n  <b><br \/>\n    \u201cO adamla birc\u0259 d\u0259f\u0259 \u00fcz-\u00fcz\u0259 d\u0259 g\u0259lm\u0259mi\u015fik\u201d<br \/>\n  <\/b>\n<\/p>\n<p>\n  Tahir \u018fliyev deyir ki, bu m\u0259s\u0259l\u0259d\u0259 onun savads\u0131zl\u0131\u011f\u0131ndan sui-istifad\u0259 edibl\u0259r: \u201cDedi ki, bir dostum var, \u00f6lk\u0259y\u0259 meyv\u0259-t\u0259r\u0259v\u0259z g\u0259tirir. Bir adam\u0131n ad\u0131na g\u0259l\u0259nd\u0259 g\u00f6mr\u00fckd\u0259 \u00e7ox r\u00fcsum tuturlar. Ona g\u00f6r\u0259 d\u0259 g\u0259r\u0259k ayr\u0131-ayr\u0131 adamlar\u0131n ad\u0131na g\u0259tirsin. S\u00f6z verdi ki, m\u0259nim V\u00d6EN-im 3 ayl\u0131\u011fa laz\u0131md\u0131r, 3 aydan sonra i\u015f bit\u0259c\u0259k, V\u00d6EN ba\u011flanacaq. M\u0259n d\u0259 inand\u0131m. M\u0259n o vaxta q\u0259d\u0259r V\u00d6EN n\u0259dir, vergi n\u0259dir bilm\u0259mi\u015f\u0259m. He\u00e7 vaxt r\u0259smi i\u015f yerim olmay\u0131b, g\u00fcn\u0259muzd f\u0259hl\u0259lik edib q\u0259pik-quru\u015f alm\u0131\u015fam. Ona g\u00f6r\u0259 d\u0259 bu i\u015fl\u0259rd\u0259n anlay\u0131\u015f\u0131m yoxdur. G\u00f6r\u00fcn\u00fcr, onlar da savads\u0131zl\u0131\u011f\u0131mdan istifad\u0259 etdil\u0259r. M\u0259n he\u00e7 o adam\u0131 tan\u0131m\u0131ram, birc\u0259 d\u0259f\u0259 \u00fcz-\u00fcz\u0259 d\u0259 g\u0259lm\u0259mi\u015fik, dan\u0131\u015fmam\u0131\u015f\u0131q. Sonradan e\u015fitmi\u015f\u0259m ki, bunlar m\u0259nim kimi \u00e7oxunun evini y\u0131x\u0131blar\u201d.\n<\/p>\n<p>\n  <b><br \/>\n    \u201cNotariat kontorda etibarnam\u0259 vermi\u015f\u0259m\u201d<br \/>\n  <\/b>\n<\/p>\n<p>\n  Tahir \u018flyevin dediyin\u0259 g\u00f6r\u0259, n\u0259 ail\u0259si var, n\u0259 yax\u0131n qohumu&#8230; \u0130ll\u0259rdir ki, internet-klublarda yat\u0131b-durur, g\u00fcn\u0259muzd f\u0259hl\u0259lik i\u015fl\u0259ri olanda gedib i\u015fl\u0259yir. Ad\u0131na V\u00d6EN a\u00e7d\u0131ran zaman onu bu i\u015f\u0259 h\u0259v\u0259sl\u0259ndir\u0259n s\u0259b\u0259b d\u0259 qazanaca\u011f\u0131 100 manat olub: \u201cTan\u0131\u015f\u0131m m\u0259n\u0259 bu i\u015f\u0259 g\u00f6r\u0259 100 manat verdi. O pulu da Bak\u0131ya Notariat kontoruna gedib-g\u0259lm\u0259y\u0259 x\u0259rcl\u0259mi\u015f\u0259m. He\u00e7 orada da etibarnam\u0259 verdiyim adam\u0131 g\u00f6rm\u0259mi\u015f\u0259m. Deyibl\u0259r bura imza at, imzam\u0131 atm\u0131\u015fam. D\u00fc\u015f\u00fcnd\u00fcm ki, dostdur, xahi\u015f edib, k\u00f6m\u0259k el\u0259m\u0259k laz\u0131md\u0131r. Ancaq indi n\u0259 dostumu tapa bilir\u0259m, n\u0259 d\u0259 etibarnam\u0259 verdiyim \u015f\u0259xsi&#8230; Qalm\u0131\u015fam ortal\u0131qda, sabah g\u0259lib 40 min manat vergi borcuna g\u00f6r\u0259 internet-klubdan qoluma qandal vurub aparsalar, k\u00f6m\u0259yim\u0259 \u00e7atan da olmayacaq\u201d.\n<\/p>\n<p>\n  \u018fliyev Etibar Kaz\u0131m o\u011flu 2020-ci ilin avustunda Bak\u0131dak\u0131 21 sayl\u0131 Notariat Kontorunda M\u0259mm\u0259dov \u00c7\u0259l\u0259bi \u018fv\u0259z o\u011fluna bir, h\u0259min ilin oktyabr\u0131nda is\u0259 14 sayl\u0131 Notariat Kontorunda \u00fc\u00e7 etibarnam\u0259 verib. H\u0259m\u00e7inin 2020-ci ilin avqustunda G\u0259nc\u0259 Asan Xidm\u0259td\u0259 daha bir etibarnam\u0259ni Kulpin Dmitriy Oleqovi\u00e7\u0259 verib.\n<\/p>\n<p>\n  Ancaq Etibar \u018fliyev deyir, o, bu etibarnam\u0259l\u0259ri imzalayark\u0259n qar\u015f\u0131 t\u0259r\u0259fi Notariat Kontorunda g\u00f6rm\u0259yib, h\u0259r \u015fey R\u00f6v\u015f\u0259n adl\u0131 tan\u0131\u015f\u0131n\u0131n vasit\u0259siyl\u0259 h\u0259llini tap\u0131b.\n<\/p>\n<p>\n  <b><br \/>\n    Polis \u0130dar\u0259si q\u0259rar \u00e7\u0131xar\u0131b<br \/>\n  <\/b>\n<\/p>\n<p>\n  Etibar \u018fliyev ad\u0131na 40 manat vergi borcu olmas\u0131ndan x\u0259b\u0259r tutduqda G\u0259nc\u0259 \u015e\u0259h\u0259r Polis \u0130dar\u0259sin\u0259 v\u0259 G\u0259nc\u0259 \u015e\u0259h\u0259r Prokurorlu\u011funa \u0259riz\u0259yl\u0259 m\u00fcraci\u0259t edib: \u201cN\u0259 polis, n\u0259 d\u0259 prokurorluq \u015fikay\u0259tim\u0259 bax\u0131r. \u00d6z\u00fcm\u00fc \u00f6ld\u00fcrm\u0259k d\u0259r\u0259c\u0259sin\u0259 \u00e7atm\u0131\u015fam. \u0130ntihar ets\u0259m, qan\u0131m m\u0259ni bu i\u015fl\u0259rin i\u00e7\u0259risin\u0259 salan R\u00f6v\u015f\u0259n adl\u0131 tan\u0131\u015f\u0131m\u0131n, bir d\u0259 bu cinay\u0259tl\u0259ri arad\u0131rmaq ist\u0259m\u0259y\u0259nl\u0259rin \u00fcz\u0259rind\u0259 qalacaq. Ortada d\u0259l\u0259duzluq fakt\u0131 var, m\u0259ni aldad\u0131blar, etibar\u0131mdan sui-istifad\u0259 edibl\u0259r. M\u0259nim kimi ba\u015fqalar\u0131n\u0131 da aldada-aldada gedirl\u0259r, h\u00fcquq-m\u00fchafiz\u0259 orqanlar\u0131 \u015fikay\u0259tl\u0259r\u0259 baxmad\u0131qca, qurbanlar\u0131n say\u0131 da art\u0131r\u201d.\n<\/p>\n<p>\n  H\u00fcquq\u015f\u00fcnas: &quot;V\u0259t\u0259nda\u015f\u0131n etibar\u0131ndan sui-istifad\u0259 varsa, burada cinay\u0259t t\u0259rkibi var&quot;\n<\/p>\n<p>\n  G\u0259nc\u0259 \u015f\u0259h\u0259r Polis \u0130dar\u0259sind\u0259n Meydan TV-y\u0259 bildirilib ki, Tahir \u018fliyevin \u015fikay\u0259ti ara\u015fd\u0131r\u0131l\u0131b v\u0259 m\u0259lum olub ki, i\u015f m\u00fclki xarakterlidir.\n<\/p>\n<p>\n  \u00c7\u0131xar\u0131lan q\u0259rarda v\u0259t\u0259nda\u015fa m\u00fclki qaydada m\u0259hk\u0259m\u0259y\u0259 m\u00fcraci\u0259t etm\u0259si t\u00f6vsiyy\u0259 olunub. Q\u0259rar v\u0259t\u0259nda\u015fa g\u00f6nd\u0259rilib.\n<\/p>\n<p>\n  H\u00fcquq\u015f\u00fcnas Namiz\u0259d S\u0259f\u0259rov deyir, \u0259g\u0259r v\u0259t\u0259nda\u015f\u0131n etibar\u0131ndan sui-istifad\u0259 hallar\u0131 varsa, burada art\u0131q cinay\u0259t t\u0259rkibi var v\u0259 i\u015f polis t\u0259r\u0259find\u0259n ara\u015fd\u0131r\u0131lmal\u0131, h\u00fcquqi qiym\u0259t verilm\u0259lidir.\n<\/p>\n<p>\n  H\u00fcquq\u015f\u00fcnas v\u0259t\u0259nda\u015fa ald\u0131\u011f\u0131 q\u0259rardan \u015fikay\u0259t etm\u0259yi m\u0259sl\u0259h\u0259t g\u00f6r\u00fcr: \u201cQ\u0259rardan m\u0259hk\u0259m\u0259y\u0259, yaxud \u0259razi \u00fczr\u0259 prokurorlu\u011fa \u015fikay\u0259t etm\u0259lidir ki, q\u0259rar l\u0259\u011fv olunsun v\u0259 i\u015f yenid\u0259n polis\u0259 qaytar\u0131ls\u0131n\u201d.<\/p>\n","protected":false},"excerpt":{"rendered":"<p>&#8220;M\u0259nim kimi ba\u015fqalar\u0131n\u0131 da aldada-aldada gedirl\u0259r, h\u00fcquq-m\u00fchafiz\u0259 orqanlar\u0131 \u015fikay\u0259tl\u0259r\u0259 baxmad\u0131qca, qurbanlar\u0131n say\u0131 da art\u0131r\u201d.<\/p>\n","protected":false},"author":11,"featured_media":210777,"comment_status":"closed","ping_status":"open","sticky":false,"template":"","format":"standard","meta":{"_acf_changed":false,"_sitemap_exclude":false,"_sitemap_priority":"","_sitemap_frequency":"","footnotes":""},"categories":[60],"tags":[],"class_list":["post-213141","post","type-post","status-publish","format-standard","has-post-thumbnail","hentry","category-bolge","infinite-scroll-item","generate-columns","tablet-grid-50","mobile-grid-100","grid-parent","grid-33","no-featured-image-padding"],"acf":[],"yoast_head":"<!-- This site is optimized with the Yoast SEO plugin v27.5 - https:\/\/yoast.com\/product\/yoast-seo-wordpress\/ -->\n<title>G\u0259nc\u0259 sakini: Aldad\u0131b ad\u0131ma V\u00d6EN a\u00e7\u0131blar, 40 min vergi borcum yaran\u0131b - MEYDAN.TV<\/title>\n<meta name=\"robots\" content=\"index, follow, max-snippet:-1, max-image-preview:large, max-video-preview:-1\" \/>\n<link rel=\"canonical\" href=\"https:\/\/www.meydan.tv\/az\/article\/gence-sakini-aldadib-adima-voen-aciblar-40-min-vergi-borcum-yaranib\/\" \/>\n<meta property=\"og:locale\" content=\"az_AZ\" \/>\n<meta property=\"og:type\" content=\"article\" \/>\n<meta property=\"og:title\" content=\"G\u0259nc\u0259 sakini: Aldad\u0131b ad\u0131ma V\u00d6EN a\u00e7\u0131blar, 40 min vergi borcum yaran\u0131b - MEYDAN.TV\" \/>\n<meta property=\"og:description\" content=\"&quot;M\u0259nim kimi ba\u015fqalar\u0131n\u0131 da aldada-aldada gedirl\u0259r, h\u00fcquq-m\u00fchafiz\u0259 orqanlar\u0131 \u015fikay\u0259tl\u0259r\u0259 baxmad\u0131qca, qurbanlar\u0131n say\u0131 da art\u0131r\u201d.\" \/>\n<meta property=\"og:url\" content=\"https:\/\/www.meydan.tv\/az\/article\/gence-sakini-aldadib-adima-voen-aciblar-40-min-vergi-borcum-yaranib\/\" \/>\n<meta property=\"og:site_name\" content=\"MEYDAN.TV\" \/>\n<meta property=\"article:published_time\" content=\"2021-10-04T15:51:34+00:00\" \/>\n<meta property=\"og:image\" content=\"https:\/\/www.meydan.tv\/wp-content\/uploads\/1_vsmfbg6-1200x675.png\" \/>\n\t<meta property=\"og:image:width\" content=\"1200\" \/>\n\t<meta property=\"og:image:height\" content=\"675\" \/>\n\t<meta property=\"og:image:type\" content=\"image\/png\" \/>\n<meta name=\"author\" content=\"user-manager\" \/>\n<meta name=\"twitter:card\" content=\"summary_large_image\" \/>\n<script type=\"application\/ld+json\" class=\"yoast-schema-graph\">{\"@context\":\"https:\\\/\\\/schema.org\",\"@graph\":[{\"@type\":\"Article\",\"@id\":\"https:\\\/\\\/www.meydan.tv\\\/az\\\/article\\\/gence-sakini-aldadib-adima-voen-aciblar-40-min-vergi-borcum-yaranib\\\/#article\",\"isPartOf\":{\"@id\":\"https:\\\/\\\/www.meydan.tv\\\/az\\\/article\\\/gence-sakini-aldadib-adima-voen-aciblar-40-min-vergi-borcum-yaranib\\\/\"},\"author\":{\"name\":\"user-manager\",\"@id\":\"https:\\\/\\\/www.meydan.tv\\\/az\\\/#\\\/schema\\\/person\\\/10d11eccf6da3662cf5fdab9806ea91a\"},\"headline\":\"G\u0259nc\u0259 sakini: Aldad\u0131b ad\u0131ma V\u00d6EN a\u00e7\u0131blar, 40 min vergi borcum yaran\u0131b\",\"datePublished\":\"2021-10-04T15:51:34+00:00\",\"mainEntityOfPage\":{\"@id\":\"https:\\\/\\\/www.meydan.tv\\\/az\\\/article\\\/gence-sakini-aldadib-adima-voen-aciblar-40-min-vergi-borcum-yaranib\\\/\"},\"wordCount\":935,\"publisher\":{\"@id\":\"https:\\\/\\\/www.meydan.tv\\\/az\\\/#organization\"},\"image\":{\"@id\":\"https:\\\/\\\/www.meydan.tv\\\/az\\\/article\\\/gence-sakini-aldadib-adima-voen-aciblar-40-min-vergi-borcum-yaranib\\\/#primaryimage\"},\"thumbnailUrl\":\"https:\\\/\\\/www.meydan.tv\\\/wp-content\\\/uploads\\\/1_vsmfbg6.png\",\"articleSection\":[\"B\u00f6lg\u0259\"],\"inLanguage\":\"az\"},{\"@type\":\"WebPage\",\"@id\":\"https:\\\/\\\/www.meydan.tv\\\/az\\\/article\\\/gence-sakini-aldadib-adima-voen-aciblar-40-min-vergi-borcum-yaranib\\\/\",\"url\":\"https:\\\/\\\/www.meydan.tv\\\/az\\\/article\\\/gence-sakini-aldadib-adima-voen-aciblar-40-min-vergi-borcum-yaranib\\\/\",\"name\":\"G\u0259nc\u0259 sakini: Aldad\u0131b ad\u0131ma V\u00d6EN a\u00e7\u0131blar, 40 min vergi borcum yaran\u0131b - MEYDAN.TV\",\"isPartOf\":{\"@id\":\"https:\\\/\\\/www.meydan.tv\\\/az\\\/#website\"},\"primaryImageOfPage\":{\"@id\":\"https:\\\/\\\/www.meydan.tv\\\/az\\\/article\\\/gence-sakini-aldadib-adima-voen-aciblar-40-min-vergi-borcum-yaranib\\\/#primaryimage\"},\"image\":{\"@id\":\"https:\\\/\\\/www.meydan.tv\\\/az\\\/article\\\/gence-sakini-aldadib-adima-voen-aciblar-40-min-vergi-borcum-yaranib\\\/#primaryimage\"},\"thumbnailUrl\":\"https:\\\/\\\/www.meydan.tv\\\/wp-content\\\/uploads\\\/1_vsmfbg6.png\",\"datePublished\":\"2021-10-04T15:51:34+00:00\",\"breadcrumb\":{\"@id\":\"https:\\\/\\\/www.meydan.tv\\\/az\\\/article\\\/gence-sakini-aldadib-adima-voen-aciblar-40-min-vergi-borcum-yaranib\\\/#breadcrumb\"},\"inLanguage\":\"az\",\"potentialAction\":[{\"@type\":\"ReadAction\",\"target\":[\"https:\\\/\\\/www.meydan.tv\\\/az\\\/article\\\/gence-sakini-aldadib-adima-voen-aciblar-40-min-vergi-borcum-yaranib\\\/\"]}]},{\"@type\":\"ImageObject\",\"inLanguage\":\"az\",\"@id\":\"https:\\\/\\\/www.meydan.tv\\\/az\\\/article\\\/gence-sakini-aldadib-adima-voen-aciblar-40-min-vergi-borcum-yaranib\\\/#primaryimage\",\"url\":\"https:\\\/\\\/www.meydan.tv\\\/wp-content\\\/uploads\\\/1_vsmfbg6.png\",\"contentUrl\":\"https:\\\/\\\/www.meydan.tv\\\/wp-content\\\/uploads\\\/1_vsmfbg6.png\",\"width\":1920,\"height\":1080,\"caption\":\"Source: Etibar \u018fliyev\"},{\"@type\":\"BreadcrumbList\",\"@id\":\"https:\\\/\\\/www.meydan.tv\\\/az\\\/article\\\/gence-sakini-aldadib-adima-voen-aciblar-40-min-vergi-borcum-yaranib\\\/#breadcrumb\",\"itemListElement\":[{\"@type\":\"ListItem\",\"position\":1,\"name\":\"Ana s\u0259hif\u0259\",\"item\":\"https:\\\/\\\/www.meydan.tv\\\/az\\\/\"},{\"@type\":\"ListItem\",\"position\":2,\"name\":\"B\u00f6lg\u0259\",\"item\":\"https:\\\/\\\/www.meydan.tv\\\/az\\\/section\\\/bolge\\\/\"},{\"@type\":\"ListItem\",\"position\":3,\"name\":\"G\u0259nc\u0259 sakini: Aldad\u0131b ad\u0131ma V\u00d6EN a\u00e7\u0131blar, 40 min vergi borcum yaran\u0131b\"}]},{\"@type\":\"WebSite\",\"@id\":\"https:\\\/\\\/www.meydan.tv\\\/az\\\/#website\",\"url\":\"https:\\\/\\\/www.meydan.tv\\\/az\\\/\",\"name\":\"MEYDAN.TV\",\"description\":\"Meydan TV Az\u0259rbaycan\u0131n media m\u0259kan\u0131ndak\u0131 alternativ s\u0259sidir\",\"publisher\":{\"@id\":\"https:\\\/\\\/www.meydan.tv\\\/az\\\/#organization\"},\"potentialAction\":[{\"@type\":\"SearchAction\",\"target\":{\"@type\":\"EntryPoint\",\"urlTemplate\":\"https:\\\/\\\/www.meydan.tv\\\/az\\\/?s={search_term_string}\"},\"query-input\":{\"@type\":\"PropertyValueSpecification\",\"valueRequired\":true,\"valueName\":\"search_term_string\"}}],\"inLanguage\":\"az\"},{\"@type\":\"Organization\",\"@id\":\"https:\\\/\\\/www.meydan.tv\\\/az\\\/#organization\",\"name\":\"Meydan TV\",\"url\":\"https:\\\/\\\/www.meydan.tv\\\/az\\\/\",\"logo\":{\"@type\":\"ImageObject\",\"inLanguage\":\"az\",\"@id\":\"https:\\\/\\\/www.meydan.tv\\\/az\\\/#\\\/schema\\\/logo\\\/image\\\/\",\"url\":\"https:\\\/\\\/www.meydan.tv\\\/wp-content\\\/uploads\\\/2021\\\/07\\\/meydan-logo.svg\",\"contentUrl\":\"https:\\\/\\\/www.meydan.tv\\\/wp-content\\\/uploads\\\/2021\\\/07\\\/meydan-logo.svg\",\"width\":195,\"height\":46,\"caption\":\"Meydan TV\"},\"image\":{\"@id\":\"https:\\\/\\\/www.meydan.tv\\\/az\\\/#\\\/schema\\\/logo\\\/image\\\/\"}},{\"@type\":\"Person\",\"@id\":\"https:\\\/\\\/www.meydan.tv\\\/az\\\/#\\\/schema\\\/person\\\/10d11eccf6da3662cf5fdab9806ea91a\",\"name\":\"user-manager\"}]}<\/script>\n<!-- \/ Yoast SEO plugin. -->","yoast_head_json":{"title":"G\u0259nc\u0259 sakini: Aldad\u0131b ad\u0131ma V\u00d6EN a\u00e7\u0131blar, 40 min vergi borcum yaran\u0131b - MEYDAN.TV","robots":{"index":"index","follow":"follow","max-snippet":"max-snippet:-1","max-image-preview":"max-image-preview:large","max-video-preview":"max-video-preview:-1"},"canonical":"https:\/\/www.meydan.tv\/az\/article\/gence-sakini-aldadib-adima-voen-aciblar-40-min-vergi-borcum-yaranib\/","og_locale":"az_AZ","og_type":"article","og_title":"G\u0259nc\u0259 sakini: Aldad\u0131b ad\u0131ma V\u00d6EN a\u00e7\u0131blar, 40 min vergi borcum yaran\u0131b - MEYDAN.TV","og_description":"\"M\u0259nim kimi ba\u015fqalar\u0131n\u0131 da aldada-aldada gedirl\u0259r, h\u00fcquq-m\u00fchafiz\u0259 orqanlar\u0131 \u015fikay\u0259tl\u0259r\u0259 baxmad\u0131qca, qurbanlar\u0131n say\u0131 da art\u0131r\u201d.","og_url":"https:\/\/www.meydan.tv\/az\/article\/gence-sakini-aldadib-adima-voen-aciblar-40-min-vergi-borcum-yaranib\/","og_site_name":"MEYDAN.TV","article_published_time":"2021-10-04T15:51:34+00:00","og_image":[{"width":1200,"height":675,"url":"https:\/\/www.meydan.tv\/wp-content\/uploads\/1_vsmfbg6-1200x675.png","type":"image\/png"}],"author":"user-manager","twitter_card":"summary_large_image","schema":{"@context":"https:\/\/schema.org","@graph":[{"@type":"Article","@id":"https:\/\/www.meydan.tv\/az\/article\/gence-sakini-aldadib-adima-voen-aciblar-40-min-vergi-borcum-yaranib\/#article","isPartOf":{"@id":"https:\/\/www.meydan.tv\/az\/article\/gence-sakini-aldadib-adima-voen-aciblar-40-min-vergi-borcum-yaranib\/"},"author":{"name":"user-manager","@id":"https:\/\/www.meydan.tv\/az\/#\/schema\/person\/10d11eccf6da3662cf5fdab9806ea91a"},"headline":"G\u0259nc\u0259 sakini: Aldad\u0131b ad\u0131ma V\u00d6EN a\u00e7\u0131blar, 40 min vergi borcum yaran\u0131b","datePublished":"2021-10-04T15:51:34+00:00","mainEntityOfPage":{"@id":"https:\/\/www.meydan.tv\/az\/article\/gence-sakini-aldadib-adima-voen-aciblar-40-min-vergi-borcum-yaranib\/"},"wordCount":935,"publisher":{"@id":"https:\/\/www.meydan.tv\/az\/#organization"},"image":{"@id":"https:\/\/www.meydan.tv\/az\/article\/gence-sakini-aldadib-adima-voen-aciblar-40-min-vergi-borcum-yaranib\/#primaryimage"},"thumbnailUrl":"https:\/\/www.meydan.tv\/wp-content\/uploads\/1_vsmfbg6.png","articleSection":["B\u00f6lg\u0259"],"inLanguage":"az"},{"@type":"WebPage","@id":"https:\/\/www.meydan.tv\/az\/article\/gence-sakini-aldadib-adima-voen-aciblar-40-min-vergi-borcum-yaranib\/","url":"https:\/\/www.meydan.tv\/az\/article\/gence-sakini-aldadib-adima-voen-aciblar-40-min-vergi-borcum-yaranib\/","name":"G\u0259nc\u0259 sakini: Aldad\u0131b ad\u0131ma V\u00d6EN a\u00e7\u0131blar, 40 min vergi borcum yaran\u0131b - MEYDAN.TV","isPartOf":{"@id":"https:\/\/www.meydan.tv\/az\/#website"},"primaryImageOfPage":{"@id":"https:\/\/www.meydan.tv\/az\/article\/gence-sakini-aldadib-adima-voen-aciblar-40-min-vergi-borcum-yaranib\/#primaryimage"},"image":{"@id":"https:\/\/www.meydan.tv\/az\/article\/gence-sakini-aldadib-adima-voen-aciblar-40-min-vergi-borcum-yaranib\/#primaryimage"},"thumbnailUrl":"https:\/\/www.meydan.tv\/wp-content\/uploads\/1_vsmfbg6.png","datePublished":"2021-10-04T15:51:34+00:00","breadcrumb":{"@id":"https:\/\/www.meydan.tv\/az\/article\/gence-sakini-aldadib-adima-voen-aciblar-40-min-vergi-borcum-yaranib\/#breadcrumb"},"inLanguage":"az","potentialAction":[{"@type":"ReadAction","target":["https:\/\/www.meydan.tv\/az\/article\/gence-sakini-aldadib-adima-voen-aciblar-40-min-vergi-borcum-yaranib\/"]}]},{"@type":"ImageObject","inLanguage":"az","@id":"https:\/\/www.meydan.tv\/az\/article\/gence-sakini-aldadib-adima-voen-aciblar-40-min-vergi-borcum-yaranib\/#primaryimage","url":"https:\/\/www.meydan.tv\/wp-content\/uploads\/1_vsmfbg6.png","contentUrl":"https:\/\/www.meydan.tv\/wp-content\/uploads\/1_vsmfbg6.png","width":1920,"height":1080,"caption":"Source: Etibar \u018fliyev"},{"@type":"BreadcrumbList","@id":"https:\/\/www.meydan.tv\/az\/article\/gence-sakini-aldadib-adima-voen-aciblar-40-min-vergi-borcum-yaranib\/#breadcrumb","itemListElement":[{"@type":"ListItem","position":1,"name":"Ana s\u0259hif\u0259","item":"https:\/\/www.meydan.tv\/az\/"},{"@type":"ListItem","position":2,"name":"B\u00f6lg\u0259","item":"https:\/\/www.meydan.tv\/az\/section\/bolge\/"},{"@type":"ListItem","position":3,"name":"G\u0259nc\u0259 sakini: Aldad\u0131b ad\u0131ma V\u00d6EN a\u00e7\u0131blar, 40 min vergi borcum yaran\u0131b"}]},{"@type":"WebSite","@id":"https:\/\/www.meydan.tv\/az\/#website","url":"https:\/\/www.meydan.tv\/az\/","name":"MEYDAN.TV","description":"Meydan TV Az\u0259rbaycan\u0131n media m\u0259kan\u0131ndak\u0131 alternativ s\u0259sidir","publisher":{"@id":"https:\/\/www.meydan.tv\/az\/#organization"},"potentialAction":[{"@type":"SearchAction","target":{"@type":"EntryPoint","urlTemplate":"https:\/\/www.meydan.tv\/az\/?s={search_term_string}"},"query-input":{"@type":"PropertyValueSpecification","valueRequired":true,"valueName":"search_term_string"}}],"inLanguage":"az"},{"@type":"Organization","@id":"https:\/\/www.meydan.tv\/az\/#organization","name":"Meydan TV","url":"https:\/\/www.meydan.tv\/az\/","logo":{"@type":"ImageObject","inLanguage":"az","@id":"https:\/\/www.meydan.tv\/az\/#\/schema\/logo\/image\/","url":"https:\/\/www.meydan.tv\/wp-content\/uploads\/2021\/07\/meydan-logo.svg","contentUrl":"https:\/\/www.meydan.tv\/wp-content\/uploads\/2021\/07\/meydan-logo.svg","width":195,"height":46,"caption":"Meydan TV"},"image":{"@id":"https:\/\/www.meydan.tv\/az\/#\/schema\/logo\/image\/"}},{"@type":"Person","@id":"https:\/\/www.meydan.tv\/az\/#\/schema\/person\/10d11eccf6da3662cf5fdab9806ea91a","name":"user-manager"}]}},"_links":{"self":[{"href":"https:\/\/www.meydan.tv\/az\/wp-json\/wp\/v2\/posts\/213141","targetHints":{"allow":["GET"]}}],"collection":[{"href":"https:\/\/www.meydan.tv\/az\/wp-json\/wp\/v2\/posts"}],"about":[{"href":"https:\/\/www.meydan.tv\/az\/wp-json\/wp\/v2\/types\/post"}],"author":[{"embeddable":true,"href":"https:\/\/www.meydan.tv\/az\/wp-json\/wp\/v2\/users\/11"}],"replies":[{"embeddable":true,"href":"https:\/\/www.meydan.tv\/az\/wp-json\/wp\/v2\/comments?post=213141"}],"version-history":[{"count":0,"href":"https:\/\/www.meydan.tv\/az\/wp-json\/wp\/v2\/posts\/213141\/revisions"}],"wp:featuredmedia":[{"embeddable":true,"href":"https:\/\/www.meydan.tv\/az\/wp-json\/wp\/v2\/media\/210777"}],"wp:attachment":[{"href":"https:\/\/www.meydan.tv\/az\/wp-json\/wp\/v2\/media?parent=213141"}],"wp:term":[{"taxonomy":"category","embeddable":true,"href":"https:\/\/www.meydan.tv\/az\/wp-json\/wp\/v2\/categories?post=213141"},{"taxonomy":"post_tag","embeddable":true,"href":"https:\/\/www.meydan.tv\/az\/wp-json\/wp\/v2\/tags?post=213141"}],"curies":[{"name":"wp","href":"https:\/\/api.w.org\/{rel}","templated":true}]}}