{"id":213110,"date":"2021-09-30T20:17:02","date_gmt":"2021-09-30T20:17:02","guid":{"rendered":"https:\/\/www.meydan.tv\/article\/qazi-anasi-kimi-teleb-edirem-yarali-balami-doyen-polisler-cezalandirilsin\/"},"modified":"2021-09-30T20:17:02","modified_gmt":"2021-09-30T20:17:02","slug":"qazi-anasi-kimi-teleb-edirem-yarali-balami-doyen-polisler-cezalandirilsin","status":"publish","type":"post","link":"https:\/\/www.meydan.tv\/az\/article\/qazi-anasi-kimi-teleb-edirem-yarali-balami-doyen-polisler-cezalandirilsin\/","title":{"rendered":"\u2018Qazi anas\u0131 kimi t\u0259l\u0259b edir\u0259m, yaral\u0131 balam\u0131 d\u00f6y\u0259n polisl\u0259r c\u0259zaland\u0131r\u0131ls\u0131n&#8221;"},"content":{"rendered":"<p>\n  Qazax sakini Qaraba\u011f qazisi olan o\u011flunun Tovuz Rayon Polis \u015e\u00f6b\u0259sind\u0259 i\u015fg\u0259nc\u0259y\u0259 m\u0259ruz qald\u0131\u011f\u0131n\u0131 deyir\n<\/p>\n<p>\n  Qazax rayonunun Bala C\u0259f\u0259rli k\u0259ndind\u0259 ya\u015fayan G\u00fcls\u00fcm Quliyeva Qaraba\u011f qazisi olan o\u011flunun polis zorak\u0131l\u0131\u011f\u0131na m\u0259ruz qald\u0131\u011f\u0131n\u0131 deyir. Ana bildirir ki, Tovuz Rayon Polis \u015e\u00f6b\u0259sinin \u0259m\u0259kda\u015flar\u0131n\u0131n o\u011flu Bab\u0259k\u0259 verdiyi i\u015fg\u0259nc\u0259nin izl\u0259ri uzun m\u00fcdd\u0259t \u00fcz\u00fcnd\u0259 v\u0259 b\u0259d\u0259nind\u0259 qal\u0131b.\n<\/p>\n<p>\n  <b><br \/>\n    &quot;Qayn\u0131m\u0131n u\u015faqlar\u0131 onu iki ay ayaqyoluna qollar\u0131 \u00fcst\u00fcnd\u0259 apar\u0131b-g\u0259tiribl\u0259r&quot;<br \/>\n  <\/b>\n<\/p>\n<p>\n  G\u00fcls\u00fcm Quliyeva Meydan TV-y\u0259 dan\u0131\u015f\u0131r ki, 1989-cu il t\u0259v\u0259ll\u00fcdl\u00fc o\u011flu Bab\u0259k Quliyev 9 ildir h\u0259rb\u00e7idir. O, 2020-ci ild\u0259 44 g\u00fcnl\u00fck m\u00fcharib\u0259 d\u00f6vr\u00fcnd\u0259 aya\u011f\u0131ndan yaralan\u0131b. Bir ne\u00e7\u0259 ay \u00e7\u0259k\u0259n m\u00fcalic\u0259d\u0259n sonra yenid\u0259n h\u0259rbiy\u0259 qay\u0131d\u0131b: &quot;X\u0259st\u0259xanada o q\u0259d\u0259r yaral\u0131 vard\u0131, onu yerd\u0259 uzatm\u0131\u015fd\u0131lar. Qayn\u0131m\u0131n u\u015faqlar\u0131 uzun m\u00fcdd\u0259t evd\u0259 onu ayaqyoluna qollar\u0131n\u0131n \u00fcst\u00fcnd\u0259 apar\u0131b-g\u0259tirdi. M\u0259n iki ay n\u0259 z\u00fclm \u00e7\u0259kmi\u015f\u0259m, g\u00f6yd\u0259 Allah, yerd\u0259 m\u0259n bilir\u0259m&#8230;&quot;\n<\/p>\n<figure class=\"wp-block-image size-large\">\n  <img decoding=\"async\" src=\"https:\/\/www.meydan.tv\/az\/photo-2021-09-30-12-59-55-jpg\/\" alt=\"PHOTO-2021-09-30-12-59-55.jpg\" class=\"wp-image-210659\"\/><figcaption>\n    Bab\u0259k Quliyevin sonuncu xidm\u0259t yeri K\u0259lb\u0259c\u0259r olub<br \/>\n  <\/figcaption><\/figure>\n<p>\n  Bab\u0259k Quliyevin sonuncu xidm\u0259t yeri K\u0259lb\u0259c\u0259r olub. \u0130yulun 18-d\u0259 xidm\u0259t yerind\u0259n ona \u00fc\u00e7 g\u00fcnl\u00fck ev\u0259 getm\u0259y\u0259 icaz\u0259 verilib. Amma ev\u0259 g\u0259lib \u00e7\u0131xmay\u0131b, h\u0259min g\u00fcnd\u0259n narkotik ittiham\u0131yla h\u0259bsd\u0259dir. Hadis\u0259nin t\u0259f\u0259rr\u00fcatlar\u0131n\u0131 anas\u0131 bel\u0259 dan\u0131\u015f\u0131r:\n<\/p>\n<p>\n  &quot;O\u011flum 31 g\u00fcn idi ki, K\u0259lb\u0259c\u0259rd\u0259 Qarag\u00f6l deyil\u0259n yerd\u0259 xidm\u0259td\u0259 idi, erm\u0259nil\u0259rl\u0259 \u00fczb\u0259\u00fcz yerdir. \u0130yulun 18-d\u0259 o\u011flum ev\u0259 g\u0259l\u0259nd\u0259 taksiy\u0259 minib ki, Qazaxa g\u0259lsin. A\u011fstafaya \u00e7atanda Tovuzdan bir qad\u0131n ona z\u0259ng el\u0259yib ki, m\u0259n d\u0259 Qazaxa gedir\u0259m, g\u0259l, m\u0259ni d\u0259 g\u00f6t\u00fcr. O qad\u0131n n\u0259 m\u00fcnasib\u0259tl\u0259ri olub, dey\u0259 bilm\u0259r\u0259m. Taksini qad\u0131n\u0131n ya\u015fad\u0131\u011f\u0131 yer\u0259 s\u00fcrd\u00fcr\u00fcb ki, onu da g\u00f6t\u00fcrs\u00fcn. \u018fvv\u0259lc\u0259d\u0259n tap\u015f\u0131r\u0131b ki, ma\u015f\u0131n m\u0259h\u0259ll\u0259l\u0259rin\u0259 \u00e7atanda i\u015f\u0131qlar\u0131 g\u00f6nd\u00fcrs\u00fcn, atas\u0131 evd\u0259di. Taksi s\u00fcr\u00fcc\u00fcs\u00fcn\u00fc d\u0259 tap\u0131b dan\u0131\u015fd\u0131rm\u0131\u015fam. Deyir ki, biz ora \u00e7atanda i\u015f\u0131qlar\u0131 s\u00f6nd\u00fcrd\u00fck, d\u0259rhal bir ne\u00e7\u0259 n\u0259f\u0259r ma\u015f\u0131n\u0131n \u00fcst\u00fcn\u0259 h\u00fccum edib, bizi s\u00fcr\u00fcy\u0259-s\u00fcr\u00fcy\u0259 d\u00fc\u015f\u00fcrtd\u00fcl\u0259r. Onlar\u0131 \u00f6z ma\u015f\u0131nlar\u0131na mindirib, Tovuz Rayon Polis \u015e\u00f6b\u0259sin\u0259 g\u0259tiribl\u0259r. Taksi s\u00fcr\u00fcc\u00fcs\u00fcn\u00fc d\u0259 d\u00f6y\u00fcbl\u0259r, amma bir g\u00fcn sonra onu burax\u0131blar. O\u011flumun qar\u015f\u0131s\u0131na narkotik qoyublar ki, bu s\u0259nindir&#8230;&quot;\n<\/p>\n<figure class=\"wp-block-image size-large\">\n  <img decoding=\"async\" src=\"https:\/\/www.meydan.tv\/az\/babek-jpg-2\/\" alt=\"babek.jpg\" class=\"wp-image-210686\"\/><figcaption>\n    &#8220;O\u011flumun qar\u015f\u0131s\u0131na narkotik qoyublar ki, bu s\u0259nindir&#8230;&#8221;<br \/>\n  <\/figcaption><\/figure>\n<p>\n  <b><br \/>\n    &quot;\u015e\u0259kill\u0259r d\u0259 s\u00fcbut edir ki, o\u011fluma i\u015fg\u0259nc\u0259 veribl\u0259r&quot;<br \/>\n  <\/b>\n<\/p>\n<p>\n  G\u00fcls\u00fcm Quliyeva ehtimal edir ki, o\u011flunu Tovuza \u00e7a\u011f\u0131ran qad\u0131n polisl\u0259rl\u0259 \u0259lbir olub. Anan\u0131n s\u00f6zl\u0259rin\u0259 g\u00f6r\u0259, Bab\u0259k Quliyevin narkotikl\u0259 ba\u011fl\u0131 etirafedici ifad\u0259y\u0259 imza atmas\u0131 \u00fc\u00e7\u00fcn onu polis \u015f\u00f6b\u0259sind\u0259 d\u00f6y\u00fcbl\u0259r. Ail\u0259si bundan bir ne\u00e7\u0259 g\u00fcn sonra &#8211; v\u0259kili Bab\u0259kl\u0259 g\u00f6r\u00fc\u015f\u0259nd\u0259 x\u0259b\u0259r tutub. G\u00fcls\u00fcm Quliyevan\u0131n \u0259lind\u0259 o\u011flunun polis \u015f\u00f6b\u0259sind\u0259 olark\u0259n \u00e7\u0259kilmi\u015f fotolar\u0131 var. Fotolarda Bab\u0259k Quliyevin sif\u0259tind\u0259 v\u0259 b\u0259d\u0259nind\u0259 x\u0259sar\u0259t izl\u0259ri g\u00f6r\u00fcn\u00fcr: &quot;\u015e\u0259kill\u0259ri nec\u0259 t\u0259kzib el\u0259sinl\u0259r? \u015e\u0259kill\u0259r d\u0259 s\u00fcbut edir ki, ona i\u015fg\u0259nc\u0259 veribl\u0259r. Ona g\u00f6r\u0259 indi deyirl\u0259r ki, guya o x\u0259sar\u0259tl\u0259r tutulmam\u0131\u015fdan \u0259vv\u0259l h\u0259rbid\u0259 yetirilib. Bu q\u0259d\u0259r yalan olar? Biz v\u0259kil tutandan sonra bildik ki, o\u011flumu d\u00f6y\u00fcbl\u0259r. O\u011flumla el\u0259 davran\u0131blar ki, sanki Az\u0259rbaycan\u0131n s\u0259rv\u0259tini Erm\u0259nistana sat\u0131b. Bu adam 31 g\u00fcn K\u0259lb\u0259c\u0259rd\u0259 olub, narkotiki nec\u0259 tapd\u0131, nec\u0259 satd\u0131? Bilmir\u0259m ki, n\u0259 oyundur qurublar. O\u011flum narkomand\u0131rsa, 9 ildir h\u0259rbid\u0259 nec\u0259 i\u015fl\u0259yir? 6 il x\u00fcsusi t\u0259yinatl\u0131da xidm\u0259t edib, n\u0259 q\u0259d\u0259r m\u00fckafatlar\u0131, f\u0259xri f\u0259rmanlar\u0131 var. Nec\u0259 oldu, indi bu adam narkoman oldu? He\u00e7 bu m\u0259s\u0259l\u0259nin d\u0259 \u00fcst\u00fcn\u0259 getmir\u0259m, \u00fcmid el\u0259yir\u0259m ki, istintaqdak\u0131lar vicdanla bax\u0131b ara\u015fd\u0131rar, qanuna, can\u0131n\u0131 bu \u00f6lk\u0259nin u\u011frunda qoyana h\u00f6rm\u0259t ed\u0259rl\u0259r. M\u0259nim ist\u0259diyim odur ki, \u015f\u00f6b\u0259d\u0259 o\u011flumu d\u00f6y\u0259n 5 n\u0259f\u0259r qanun qar\u015f\u0131s\u0131nda da, Allah qar\u015f\u0131s\u0131nda da c\u0259zalans\u0131n. M\u0259nim o\u011flumu niy\u0259 o g\u00fcn\u0259 sal\u0131blar? Bir anl\u0131q q\u0259bul ed\u0259k ki, narkomand\u0131r. Narkoman\u0131 v\u0259h\u015fi kimi d\u00f6ym\u0259k olar? Narkomand\u0131rsa da, h\u0259rbid\u0259 olub. M\u00fcharib\u0259d\u0259n \u0259vv\u0259l d\u0259 ev\u0259 buraxm\u0131rd\u0131lar, qoymurdular ki, g\u0259lib ail\u0259sil\u0259 g\u00f6r\u00fc\u015fs\u00fcn, iki k\u00f6rp\u0259 q\u0131z\u0131n\u0131 g\u00f6rs\u00fcn. Bu adam iyulun 18-d\u0259 ev\u0259 burax\u0131landa n\u0259 q\u0259d\u0259r burax\u0131l\u0131\u015f m\u0259nt\u0259q\u0259sind\u0259n ke\u00e7ib g\u0259lib. Nec\u0259 g\u0259tirdi narkotiki? Qazi anas\u0131 kimi t\u0259l\u0259bim budur ki, yaral\u0131 balam\u0131 d\u00f6y\u0259n polisl\u0259r c\u0259zaland\u0131r\u0131ls\u0131n&#8230;&quot;\n<\/p>\n<figure class=\"wp-block-image size-large\">\n  <img decoding=\"async\" src=\"https:\/\/www.meydan.tv\/az\/babeekk-jpg\/\" alt=\"babeekk.jpg\" class=\"wp-image-210689\"\/><figcaption>\n    G\u00fcls\u00fcm Quliyeva ehtimal edir ki, o\u011flunu Tovuza \u00e7a\u011f\u0131ran qad\u0131n polisl\u0259rl\u0259 \u0259lbir olub.<br \/>\n  <\/figcaption><\/figure>\n<p>\n  &quot;\u015e\u0259kill\u0259r d\u0259 s\u00fcbut edir ki, o\u011fluma i\u015fg\u0259nc\u0259 veribl\u0259r&quot;\n<\/p>\n<p>\n  G\u00fcls\u00fcm Quliyeva ehtimal edir ki, o\u011flunu Tovuza \u00e7a\u011f\u0131ran qad\u0131n polisl\u0259rl\u0259 \u0259lbir olub. Anan\u0131n s\u00f6zl\u0259rin\u0259 g\u00f6r\u0259, Bab\u0259k Quliyevin narkotikl\u0259 ba\u011fl\u0131 etirafedici ifad\u0259y\u0259 imza atmas\u0131 \u00fc\u00e7\u00fcn onu polis \u015f\u00f6b\u0259sind\u0259 d\u00f6y\u00fcbl\u0259r. Ail\u0259si bundan bir ne\u00e7\u0259 g\u00fcn sonra &#8211; v\u0259kili Bab\u0259kl\u0259 g\u00f6r\u00fc\u015f\u0259nd\u0259 x\u0259b\u0259r tutub. G\u00fcls\u00fcm Quliyevan\u0131n \u0259lind\u0259 o\u011flunun polis \u015f\u00f6b\u0259sind\u0259 olark\u0259n \u00e7\u0259kilmi\u015f fotolar\u0131 var. Fotolarda Bab\u0259k Quliyevin sif\u0259tind\u0259 v\u0259 b\u0259d\u0259nind\u0259 x\u0259sar\u0259t izl\u0259ri g\u00f6r\u00fcn\u00fcr:\n<\/p>\n<p>\n  &quot;\u015e\u0259kill\u0259ri nec\u0259 t\u0259kzib el\u0259sinl\u0259r? \u015e\u0259kill\u0259r d\u0259 s\u00fcbut edir ki, ona i\u015fg\u0259nc\u0259 veribl\u0259r. Ona g\u00f6r\u0259 indi deyirl\u0259r ki, guya o x\u0259sar\u0259tl\u0259r tutulmam\u0131\u015fdan \u0259vv\u0259l h\u0259rbid\u0259 yetirilib. Bu q\u0259d\u0259r yalan olar? Biz v\u0259kil tutandan sonra bildik ki, o\u011flumu d\u00f6y\u00fcbl\u0259r. O\u011flumla el\u0259 davran\u0131blar ki, sanki Az\u0259rbaycan\u0131n s\u0259rv\u0259tini Erm\u0259nistana sat\u0131b. Bu adam 31 g\u00fcn K\u0259lb\u0259c\u0259rd\u0259 olub, narkotiki nec\u0259 tapd\u0131, nec\u0259 satd\u0131? Bilmir\u0259m ki, n\u0259 oyundur qurublar. O\u011flum narkomand\u0131rsa, 9 ildir h\u0259rbid\u0259 nec\u0259 i\u015fl\u0259yir? 6 il x\u00fcsusi t\u0259yinatl\u0131da xidm\u0259t edib, n\u0259 q\u0259d\u0259r m\u00fckafatlar\u0131, f\u0259xri f\u0259rmanlar\u0131 var. Nec\u0259 oldu, indi bu adam narkoman oldu? He\u00e7 bu m\u0259s\u0259l\u0259nin d\u0259 \u00fcst\u00fcn\u0259 getmir\u0259m, \u00fcmid el\u0259yir\u0259m ki, istintaqdak\u0131lar vicdanla bax\u0131b ara\u015fd\u0131rar, qanuna, can\u0131n\u0131 bu \u00f6lk\u0259nin u\u011frunda qoyana h\u00f6rm\u0259t ed\u0259rl\u0259r. M\u0259nim ist\u0259diyim odur ki, \u015f\u00f6b\u0259d\u0259 o\u011flumu d\u00f6y\u0259n 5 n\u0259f\u0259r qanun qar\u015f\u0131s\u0131nda da, Allah qar\u015f\u0131s\u0131nda da c\u0259zalans\u0131n. M\u0259nim o\u011flumu niy\u0259 o g\u00fcn\u0259 sal\u0131blar? Bir anl\u0131q q\u0259bul ed\u0259k ki, narkomand\u0131r. Narkoman\u0131 v\u0259h\u015fi kimi d\u00f6ym\u0259k olar? Narkomand\u0131rsa da, h\u0259rbid\u0259 olub. M\u00fcharib\u0259d\u0259n \u0259vv\u0259l d\u0259 ev\u0259 buraxm\u0131rd\u0131lar, qoymurdular ki, g\u0259lib ail\u0259sil\u0259 g\u00f6r\u00fc\u015fs\u00fcn, iki k\u00f6rp\u0259 q\u0131z\u0131n\u0131 g\u00f6rs\u00fcn. Bu adam iyulun 18-d\u0259 ev\u0259 burax\u0131landa n\u0259 q\u0259d\u0259r burax\u0131l\u0131\u015f m\u0259nt\u0259q\u0259sind\u0259n ke\u00e7ib g\u0259lib. Nec\u0259 g\u0259tirdi narkotiki? Qazi anas\u0131 kimi t\u0259l\u0259bim budur ki, yaral\u0131 balam\u0131 d\u00f6y\u0259n polisl\u0259r c\u0259zaland\u0131r\u0131ls\u0131n&#8230;&quot;\n<\/p>\n<p>\n  <b><br \/>\n    Prokurorluq v\u0259 Daxili \u0130\u015fl\u0259r Nazirliyinin cavab\u0131<br \/>\n  <\/b>\n<\/p>\n<p>\n  G\u00fcls\u00fcm Quliyeva polisl\u0259rin c\u0259zaland\u0131r\u0131lmas\u0131ndan \u00f6tr\u00fc Daxili \u0130\u015fl\u0259r Nazirliyin\u0259, Ba\u015f Prokurorlu\u011fa \u015fikay\u0259t m\u0259ktublar\u0131 g\u00f6nd\u0259rib.\n<\/p>\n<p>\n  Ba\u015f Prokurorlu\u011fa \u00fcnvanlanan m\u0259ktuba cavab g\u0259lib ki, \u015fikay\u0259t ara\u015fd\u0131r\u0131lmas\u0131 \u00fc\u00e7\u00fcn Tovuz Rayon Prokurorlu\u011funa g\u00f6nd\u0259rilib.\n<\/p>\n<p>\n  Daxili \u0130\u015fl\u0259r Nazirliyinin Ba\u015f Cinay\u0259t-Axtar\u0131\u015f \u0130dar\u0259sinin r\u0259isi Arzu Da\u015fd\u0259mirov is\u0259 cavab m\u0259ktubunda yaz\u0131b ki, Tovuz Rayon Polis \u015e\u00f6b\u0259sinin \u0259m\u0259kda\u015flar\u0131 t\u0259r\u0259find\u0259n qanunsuz h\u0259r\u0259k\u0259t\u0259 yol verilm\u0259si fakt\u0131 t\u0259sdiqini tapmay\u0131b.\n<\/p>\n<figure class=\"wp-block-image size-large\">\n  <img decoding=\"async\" src=\"https:\/\/www.meydan.tv\/az\/photo-2021-09-30-12-59-58-jpg\/\" alt=\"PHOTO-2021-09-30-12-59-58.jpg\" class=\"wp-image-210683\"\/><figcaption>\n    Arzu Da\u015fd\u0259mirovun cavab m\u0259ktubu<br \/>\n  <\/figcaption><\/figure>\n<figure class=\"wp-block-image size-large\">\n  <img decoding=\"async\" src=\"https:\/\/www.meydan.tv\/az\/photo-2021-09-30-12-59-58-1-jpg\/\" alt=\"PHOTO-2021-09-30-12-59-58 (1).jpg\" class=\"wp-image-210677\"\/><figcaption>\n    To\u011frul \u018fhm\u0259dovun El\u00e7in Q\u0259hr\u0259manova m\u0259ktubu<br \/>\n  <\/figcaption><\/figure>\n<figure class=\"wp-block-image size-large\">\n  <img decoding=\"async\" src=\"https:\/\/www.meydan.tv\/az\/photo-2021-09-30-12-59-56-jpg\/\" alt=\"PHOTO-2021-09-30-12-59-56.jpg\" class=\"wp-image-210692\"\/><figcaption>\n    Bab\u0259k Quliyev<br \/>\n  <\/figcaption><\/figure>\n","protected":false},"excerpt":{"rendered":"<p>&#8220;\u015e\u0259kill\u0259r d\u0259 s\u00fcbut edir ki, ona i\u015fg\u0259nc\u0259 veribl\u0259r&#8221;<\/p>\n","protected":false},"author":11,"featured_media":210680,"comment_status":"closed","ping_status":"open","sticky":false,"template":"","format":"standard","meta":{"_acf_changed":false,"_sitemap_exclude":false,"_sitemap_priority":"","_sitemap_frequency":"","footnotes":""},"categories":[60],"tags":[],"class_list":["post-213110","post","type-post","status-publish","format-standard","has-post-thumbnail","hentry","category-bolge","infinite-scroll-item","generate-columns","tablet-grid-50","mobile-grid-100","grid-parent","grid-33","no-featured-image-padding"],"acf":[],"yoast_head":"<!-- This site is optimized with the Yoast SEO plugin v27.5 - https:\/\/yoast.com\/product\/yoast-seo-wordpress\/ -->\n<title>\u2018Qazi anas\u0131 kimi t\u0259l\u0259b edir\u0259m, yaral\u0131 balam\u0131 d\u00f6y\u0259n polisl\u0259r c\u0259zaland\u0131r\u0131ls\u0131n&quot; - MEYDAN.TV<\/title>\n<meta name=\"robots\" content=\"index, follow, max-snippet:-1, max-image-preview:large, max-video-preview:-1\" \/>\n<link rel=\"canonical\" href=\"https:\/\/www.meydan.tv\/az\/article\/qazi-anasi-kimi-teleb-edirem-yarali-balami-doyen-polisler-cezalandirilsin\/\" \/>\n<meta property=\"og:locale\" content=\"az_AZ\" \/>\n<meta property=\"og:type\" content=\"article\" \/>\n<meta property=\"og:title\" content=\"\u2018Qazi anas\u0131 kimi t\u0259l\u0259b edir\u0259m, yaral\u0131 balam\u0131 d\u00f6y\u0259n polisl\u0259r c\u0259zaland\u0131r\u0131ls\u0131n&quot; - MEYDAN.TV\" \/>\n<meta property=\"og:description\" content=\"&quot;\u015e\u0259kill\u0259r d\u0259 s\u00fcbut edir ki, ona i\u015fg\u0259nc\u0259 veribl\u0259r&quot;\" \/>\n<meta property=\"og:url\" content=\"https:\/\/www.meydan.tv\/az\/article\/qazi-anasi-kimi-teleb-edirem-yarali-balami-doyen-polisler-cezalandirilsin\/\" \/>\n<meta property=\"og:site_name\" content=\"MEYDAN.TV\" \/>\n<meta property=\"article:published_time\" content=\"2021-09-30T20:17:02+00:00\" \/>\n<meta property=\"og:image\" content=\"https:\/\/www.meydan.tv\/wp-content\/uploads\/1_wly5dip.png\" \/>\n\t<meta property=\"og:image:width\" content=\"1920\" \/>\n\t<meta property=\"og:image:height\" content=\"1080\" \/>\n\t<meta property=\"og:image:type\" content=\"image\/png\" \/>\n<meta name=\"author\" content=\"user-manager\" \/>\n<meta name=\"twitter:card\" content=\"summary_large_image\" \/>\n<script type=\"application\/ld+json\" class=\"yoast-schema-graph\">{\"@context\":\"https:\\\/\\\/schema.org\",\"@graph\":[{\"@type\":\"Article\",\"@id\":\"https:\\\/\\\/www.meydan.tv\\\/az\\\/article\\\/qazi-anasi-kimi-teleb-edirem-yarali-balami-doyen-polisler-cezalandirilsin\\\/#article\",\"isPartOf\":{\"@id\":\"https:\\\/\\\/www.meydan.tv\\\/az\\\/article\\\/qazi-anasi-kimi-teleb-edirem-yarali-balami-doyen-polisler-cezalandirilsin\\\/\"},\"author\":{\"name\":\"user-manager\",\"@id\":\"https:\\\/\\\/www.meydan.tv\\\/az\\\/#\\\/schema\\\/person\\\/10d11eccf6da3662cf5fdab9806ea91a\"},\"headline\":\"\u2018Qazi anas\u0131 kimi t\u0259l\u0259b edir\u0259m, yaral\u0131 balam\u0131 d\u00f6y\u0259n polisl\u0259r c\u0259zaland\u0131r\u0131ls\u0131n&#8221;\",\"datePublished\":\"2021-09-30T20:17:02+00:00\",\"mainEntityOfPage\":{\"@id\":\"https:\\\/\\\/www.meydan.tv\\\/az\\\/article\\\/qazi-anasi-kimi-teleb-edirem-yarali-balami-doyen-polisler-cezalandirilsin\\\/\"},\"wordCount\":1534,\"publisher\":{\"@id\":\"https:\\\/\\\/www.meydan.tv\\\/az\\\/#organization\"},\"image\":{\"@id\":\"https:\\\/\\\/www.meydan.tv\\\/az\\\/article\\\/qazi-anasi-kimi-teleb-edirem-yarali-balami-doyen-polisler-cezalandirilsin\\\/#primaryimage\"},\"thumbnailUrl\":\"https:\\\/\\\/www.meydan.tv\\\/wp-content\\\/uploads\\\/1_wly5dip.png\",\"articleSection\":[\"B\u00f6lg\u0259\"],\"inLanguage\":\"az\"},{\"@type\":\"WebPage\",\"@id\":\"https:\\\/\\\/www.meydan.tv\\\/az\\\/article\\\/qazi-anasi-kimi-teleb-edirem-yarali-balami-doyen-polisler-cezalandirilsin\\\/\",\"url\":\"https:\\\/\\\/www.meydan.tv\\\/az\\\/article\\\/qazi-anasi-kimi-teleb-edirem-yarali-balami-doyen-polisler-cezalandirilsin\\\/\",\"name\":\"\u2018Qazi anas\u0131 kimi t\u0259l\u0259b edir\u0259m, yaral\u0131 balam\u0131 d\u00f6y\u0259n polisl\u0259r c\u0259zaland\u0131r\u0131ls\u0131n\\\" - MEYDAN.TV\",\"isPartOf\":{\"@id\":\"https:\\\/\\\/www.meydan.tv\\\/az\\\/#website\"},\"primaryImageOfPage\":{\"@id\":\"https:\\\/\\\/www.meydan.tv\\\/az\\\/article\\\/qazi-anasi-kimi-teleb-edirem-yarali-balami-doyen-polisler-cezalandirilsin\\\/#primaryimage\"},\"image\":{\"@id\":\"https:\\\/\\\/www.meydan.tv\\\/az\\\/article\\\/qazi-anasi-kimi-teleb-edirem-yarali-balami-doyen-polisler-cezalandirilsin\\\/#primaryimage\"},\"thumbnailUrl\":\"https:\\\/\\\/www.meydan.tv\\\/wp-content\\\/uploads\\\/1_wly5dip.png\",\"datePublished\":\"2021-09-30T20:17:02+00:00\",\"breadcrumb\":{\"@id\":\"https:\\\/\\\/www.meydan.tv\\\/az\\\/article\\\/qazi-anasi-kimi-teleb-edirem-yarali-balami-doyen-polisler-cezalandirilsin\\\/#breadcrumb\"},\"inLanguage\":\"az\",\"potentialAction\":[{\"@type\":\"ReadAction\",\"target\":[\"https:\\\/\\\/www.meydan.tv\\\/az\\\/article\\\/qazi-anasi-kimi-teleb-edirem-yarali-balami-doyen-polisler-cezalandirilsin\\\/\"]}]},{\"@type\":\"ImageObject\",\"inLanguage\":\"az\",\"@id\":\"https:\\\/\\\/www.meydan.tv\\\/az\\\/article\\\/qazi-anasi-kimi-teleb-edirem-yarali-balami-doyen-polisler-cezalandirilsin\\\/#primaryimage\",\"url\":\"https:\\\/\\\/www.meydan.tv\\\/wp-content\\\/uploads\\\/1_wly5dip.png\",\"contentUrl\":\"https:\\\/\\\/www.meydan.tv\\\/wp-content\\\/uploads\\\/1_wly5dip.png\",\"width\":1920,\"height\":1080,\"caption\":\"Source: Meydan.TV\"},{\"@type\":\"BreadcrumbList\",\"@id\":\"https:\\\/\\\/www.meydan.tv\\\/az\\\/article\\\/qazi-anasi-kimi-teleb-edirem-yarali-balami-doyen-polisler-cezalandirilsin\\\/#breadcrumb\",\"itemListElement\":[{\"@type\":\"ListItem\",\"position\":1,\"name\":\"Ana s\u0259hif\u0259\",\"item\":\"https:\\\/\\\/www.meydan.tv\\\/az\\\/\"},{\"@type\":\"ListItem\",\"position\":2,\"name\":\"B\u00f6lg\u0259\",\"item\":\"https:\\\/\\\/www.meydan.tv\\\/az\\\/section\\\/bolge\\\/\"},{\"@type\":\"ListItem\",\"position\":3,\"name\":\"\u2018Qazi anas\u0131 kimi t\u0259l\u0259b edir\u0259m, yaral\u0131 balam\u0131 d\u00f6y\u0259n polisl\u0259r c\u0259zaland\u0131r\u0131ls\u0131n&#8221;\"}]},{\"@type\":\"WebSite\",\"@id\":\"https:\\\/\\\/www.meydan.tv\\\/az\\\/#website\",\"url\":\"https:\\\/\\\/www.meydan.tv\\\/az\\\/\",\"name\":\"MEYDAN.TV\",\"description\":\"Meydan TV Az\u0259rbaycan\u0131n media m\u0259kan\u0131ndak\u0131 alternativ s\u0259sidir\",\"publisher\":{\"@id\":\"https:\\\/\\\/www.meydan.tv\\\/az\\\/#organization\"},\"potentialAction\":[{\"@type\":\"SearchAction\",\"target\":{\"@type\":\"EntryPoint\",\"urlTemplate\":\"https:\\\/\\\/www.meydan.tv\\\/az\\\/?s={search_term_string}\"},\"query-input\":{\"@type\":\"PropertyValueSpecification\",\"valueRequired\":true,\"valueName\":\"search_term_string\"}}],\"inLanguage\":\"az\"},{\"@type\":\"Organization\",\"@id\":\"https:\\\/\\\/www.meydan.tv\\\/az\\\/#organization\",\"name\":\"Meydan TV\",\"url\":\"https:\\\/\\\/www.meydan.tv\\\/az\\\/\",\"logo\":{\"@type\":\"ImageObject\",\"inLanguage\":\"az\",\"@id\":\"https:\\\/\\\/www.meydan.tv\\\/az\\\/#\\\/schema\\\/logo\\\/image\\\/\",\"url\":\"https:\\\/\\\/www.meydan.tv\\\/wp-content\\\/uploads\\\/2021\\\/07\\\/meydan-logo.svg\",\"contentUrl\":\"https:\\\/\\\/www.meydan.tv\\\/wp-content\\\/uploads\\\/2021\\\/07\\\/meydan-logo.svg\",\"width\":195,\"height\":46,\"caption\":\"Meydan TV\"},\"image\":{\"@id\":\"https:\\\/\\\/www.meydan.tv\\\/az\\\/#\\\/schema\\\/logo\\\/image\\\/\"}},{\"@type\":\"Person\",\"@id\":\"https:\\\/\\\/www.meydan.tv\\\/az\\\/#\\\/schema\\\/person\\\/10d11eccf6da3662cf5fdab9806ea91a\",\"name\":\"user-manager\"}]}<\/script>\n<!-- \/ Yoast SEO plugin. -->","yoast_head_json":{"title":"\u2018Qazi anas\u0131 kimi t\u0259l\u0259b edir\u0259m, yaral\u0131 balam\u0131 d\u00f6y\u0259n polisl\u0259r c\u0259zaland\u0131r\u0131ls\u0131n\" - MEYDAN.TV","robots":{"index":"index","follow":"follow","max-snippet":"max-snippet:-1","max-image-preview":"max-image-preview:large","max-video-preview":"max-video-preview:-1"},"canonical":"https:\/\/www.meydan.tv\/az\/article\/qazi-anasi-kimi-teleb-edirem-yarali-balami-doyen-polisler-cezalandirilsin\/","og_locale":"az_AZ","og_type":"article","og_title":"\u2018Qazi anas\u0131 kimi t\u0259l\u0259b edir\u0259m, yaral\u0131 balam\u0131 d\u00f6y\u0259n polisl\u0259r c\u0259zaland\u0131r\u0131ls\u0131n\" - MEYDAN.TV","og_description":"\"\u015e\u0259kill\u0259r d\u0259 s\u00fcbut edir ki, ona i\u015fg\u0259nc\u0259 veribl\u0259r\"","og_url":"https:\/\/www.meydan.tv\/az\/article\/qazi-anasi-kimi-teleb-edirem-yarali-balami-doyen-polisler-cezalandirilsin\/","og_site_name":"MEYDAN.TV","article_published_time":"2021-09-30T20:17:02+00:00","og_image":[{"width":1920,"height":1080,"url":"https:\/\/www.meydan.tv\/wp-content\/uploads\/1_wly5dip.png","type":"image\/png"}],"author":"user-manager","twitter_card":"summary_large_image","schema":{"@context":"https:\/\/schema.org","@graph":[{"@type":"Article","@id":"https:\/\/www.meydan.tv\/az\/article\/qazi-anasi-kimi-teleb-edirem-yarali-balami-doyen-polisler-cezalandirilsin\/#article","isPartOf":{"@id":"https:\/\/www.meydan.tv\/az\/article\/qazi-anasi-kimi-teleb-edirem-yarali-balami-doyen-polisler-cezalandirilsin\/"},"author":{"name":"user-manager","@id":"https:\/\/www.meydan.tv\/az\/#\/schema\/person\/10d11eccf6da3662cf5fdab9806ea91a"},"headline":"\u2018Qazi anas\u0131 kimi t\u0259l\u0259b edir\u0259m, yaral\u0131 balam\u0131 d\u00f6y\u0259n polisl\u0259r c\u0259zaland\u0131r\u0131ls\u0131n&#8221;","datePublished":"2021-09-30T20:17:02+00:00","mainEntityOfPage":{"@id":"https:\/\/www.meydan.tv\/az\/article\/qazi-anasi-kimi-teleb-edirem-yarali-balami-doyen-polisler-cezalandirilsin\/"},"wordCount":1534,"publisher":{"@id":"https:\/\/www.meydan.tv\/az\/#organization"},"image":{"@id":"https:\/\/www.meydan.tv\/az\/article\/qazi-anasi-kimi-teleb-edirem-yarali-balami-doyen-polisler-cezalandirilsin\/#primaryimage"},"thumbnailUrl":"https:\/\/www.meydan.tv\/wp-content\/uploads\/1_wly5dip.png","articleSection":["B\u00f6lg\u0259"],"inLanguage":"az"},{"@type":"WebPage","@id":"https:\/\/www.meydan.tv\/az\/article\/qazi-anasi-kimi-teleb-edirem-yarali-balami-doyen-polisler-cezalandirilsin\/","url":"https:\/\/www.meydan.tv\/az\/article\/qazi-anasi-kimi-teleb-edirem-yarali-balami-doyen-polisler-cezalandirilsin\/","name":"\u2018Qazi anas\u0131 kimi t\u0259l\u0259b edir\u0259m, yaral\u0131 balam\u0131 d\u00f6y\u0259n polisl\u0259r c\u0259zaland\u0131r\u0131ls\u0131n\" - MEYDAN.TV","isPartOf":{"@id":"https:\/\/www.meydan.tv\/az\/#website"},"primaryImageOfPage":{"@id":"https:\/\/www.meydan.tv\/az\/article\/qazi-anasi-kimi-teleb-edirem-yarali-balami-doyen-polisler-cezalandirilsin\/#primaryimage"},"image":{"@id":"https:\/\/www.meydan.tv\/az\/article\/qazi-anasi-kimi-teleb-edirem-yarali-balami-doyen-polisler-cezalandirilsin\/#primaryimage"},"thumbnailUrl":"https:\/\/www.meydan.tv\/wp-content\/uploads\/1_wly5dip.png","datePublished":"2021-09-30T20:17:02+00:00","breadcrumb":{"@id":"https:\/\/www.meydan.tv\/az\/article\/qazi-anasi-kimi-teleb-edirem-yarali-balami-doyen-polisler-cezalandirilsin\/#breadcrumb"},"inLanguage":"az","potentialAction":[{"@type":"ReadAction","target":["https:\/\/www.meydan.tv\/az\/article\/qazi-anasi-kimi-teleb-edirem-yarali-balami-doyen-polisler-cezalandirilsin\/"]}]},{"@type":"ImageObject","inLanguage":"az","@id":"https:\/\/www.meydan.tv\/az\/article\/qazi-anasi-kimi-teleb-edirem-yarali-balami-doyen-polisler-cezalandirilsin\/#primaryimage","url":"https:\/\/www.meydan.tv\/wp-content\/uploads\/1_wly5dip.png","contentUrl":"https:\/\/www.meydan.tv\/wp-content\/uploads\/1_wly5dip.png","width":1920,"height":1080,"caption":"Source: Meydan.TV"},{"@type":"BreadcrumbList","@id":"https:\/\/www.meydan.tv\/az\/article\/qazi-anasi-kimi-teleb-edirem-yarali-balami-doyen-polisler-cezalandirilsin\/#breadcrumb","itemListElement":[{"@type":"ListItem","position":1,"name":"Ana s\u0259hif\u0259","item":"https:\/\/www.meydan.tv\/az\/"},{"@type":"ListItem","position":2,"name":"B\u00f6lg\u0259","item":"https:\/\/www.meydan.tv\/az\/section\/bolge\/"},{"@type":"ListItem","position":3,"name":"\u2018Qazi anas\u0131 kimi t\u0259l\u0259b edir\u0259m, yaral\u0131 balam\u0131 d\u00f6y\u0259n polisl\u0259r c\u0259zaland\u0131r\u0131ls\u0131n&#8221;"}]},{"@type":"WebSite","@id":"https:\/\/www.meydan.tv\/az\/#website","url":"https:\/\/www.meydan.tv\/az\/","name":"MEYDAN.TV","description":"Meydan TV Az\u0259rbaycan\u0131n media m\u0259kan\u0131ndak\u0131 alternativ s\u0259sidir","publisher":{"@id":"https:\/\/www.meydan.tv\/az\/#organization"},"potentialAction":[{"@type":"SearchAction","target":{"@type":"EntryPoint","urlTemplate":"https:\/\/www.meydan.tv\/az\/?s={search_term_string}"},"query-input":{"@type":"PropertyValueSpecification","valueRequired":true,"valueName":"search_term_string"}}],"inLanguage":"az"},{"@type":"Organization","@id":"https:\/\/www.meydan.tv\/az\/#organization","name":"Meydan TV","url":"https:\/\/www.meydan.tv\/az\/","logo":{"@type":"ImageObject","inLanguage":"az","@id":"https:\/\/www.meydan.tv\/az\/#\/schema\/logo\/image\/","url":"https:\/\/www.meydan.tv\/wp-content\/uploads\/2021\/07\/meydan-logo.svg","contentUrl":"https:\/\/www.meydan.tv\/wp-content\/uploads\/2021\/07\/meydan-logo.svg","width":195,"height":46,"caption":"Meydan TV"},"image":{"@id":"https:\/\/www.meydan.tv\/az\/#\/schema\/logo\/image\/"}},{"@type":"Person","@id":"https:\/\/www.meydan.tv\/az\/#\/schema\/person\/10d11eccf6da3662cf5fdab9806ea91a","name":"user-manager"}]}},"_links":{"self":[{"href":"https:\/\/www.meydan.tv\/az\/wp-json\/wp\/v2\/posts\/213110","targetHints":{"allow":["GET"]}}],"collection":[{"href":"https:\/\/www.meydan.tv\/az\/wp-json\/wp\/v2\/posts"}],"about":[{"href":"https:\/\/www.meydan.tv\/az\/wp-json\/wp\/v2\/types\/post"}],"author":[{"embeddable":true,"href":"https:\/\/www.meydan.tv\/az\/wp-json\/wp\/v2\/users\/11"}],"replies":[{"embeddable":true,"href":"https:\/\/www.meydan.tv\/az\/wp-json\/wp\/v2\/comments?post=213110"}],"version-history":[{"count":0,"href":"https:\/\/www.meydan.tv\/az\/wp-json\/wp\/v2\/posts\/213110\/revisions"}],"wp:featuredmedia":[{"embeddable":true,"href":"https:\/\/www.meydan.tv\/az\/wp-json\/wp\/v2\/media\/210680"}],"wp:attachment":[{"href":"https:\/\/www.meydan.tv\/az\/wp-json\/wp\/v2\/media?parent=213110"}],"wp:term":[{"taxonomy":"category","embeddable":true,"href":"https:\/\/www.meydan.tv\/az\/wp-json\/wp\/v2\/categories?post=213110"},{"taxonomy":"post_tag","embeddable":true,"href":"https:\/\/www.meydan.tv\/az\/wp-json\/wp\/v2\/tags?post=213110"}],"curies":[{"name":"wp","href":"https:\/\/api.w.org\/{rel}","templated":true}]}}