{"id":213109,"date":"2021-10-01T13:27:10","date_gmt":"2021-10-01T13:27:10","guid":{"rendered":"https:\/\/www.meydan.tv\/article\/vii-baki-beynelxalq-kitab-sergi-yarmarkasi-baslayir\/"},"modified":"2021-10-01T13:27:10","modified_gmt":"2021-10-01T13:27:10","slug":"vii-baki-beynelxalq-kitab-sergi-yarmarkasi-baslayir","status":"publish","type":"post","link":"https:\/\/www.meydan.tv\/az\/article\/vii-baki-beynelxalq-kitab-sergi-yarmarkasi-baslayir\/","title":{"rendered":"VII Bak\u0131 Beyn\u0259lxalq Kitab S\u0259rgi-Yarmarkas\u0131 ba\u015flay\u0131r"},"content":{"rendered":"<p>\n  <i><br \/>\n    Yarmarkada 43 xarici, 99 yerli t\u0259\u015fkilat i\u015ftirak ed\u0259c\u0259k<br \/>\n  <\/i>\n<\/p>\n<p>\n  Oktyabr\u0131n 6-dan 10-d\u0259k Bak\u0131da VII Bak\u0131 Beyn\u0259lxalq Kitab S\u0259rgi-Yarmarkas\u0131 ke\u00e7iril\u0259c\u0259k.\n<\/p>\n<p>\n  T\u0259dbir M\u0259d\u0259niyy\u0259t Nazirliyinin t\u0259\u015fkilat\u00e7\u0131l\u0131\u011f\u0131 il\u0259 Bak\u0131 Ekspo M\u0259rk\u0259zind\u0259 olacaq.\n<\/p>\n<p>\n  Nazirliyin m\u0259lumat\u0131na bildirilir ki, kitab festival\u0131 \u015fair Nizami G\u0259nc\u0259vinin 880 illik yubileyin\u0259 ithaf<br \/>\n  <a href=\"http:\/\/mct.gov.az\/az\/umumi-xeberler\/13766\"><br \/>\n    olunub<br \/>\n  <\/a><br \/>\n  .\n<\/p>\n<p>\n  \u0130\u015ftirak\u00e7\u0131lar \u00fc\u00e7\u00fcn 6 kvadrat metr\u0259 q\u0259d\u0259r ekspozisiya sah\u0259si v\u0259 laz\u0131m\u0131 avadanl\u0131qlar M\u0259d\u0259niyy\u0259t Nazirliyi t\u0259r\u0259find\u0259n \u00f6d\u0259ni\u015fsiz olaraq t\u0259min edilir.\n<\/p>\n<p>\n  VII Bak\u0131 Beyn\u0259lxalq Kitab S\u0259rgi-Yarmarkas\u0131nda 43 xarici t\u0259\u015fkilat, 99 yerli n\u0259\u015friyyat-poliqrafiya v\u0259 kitab s\u0259n\u0259ti il\u0259 \u0259laq\u0259li m\u00fc\u0259ssis\u0259 i\u015ftirak ed\u0259c\u0259k v\u0259 s\u0259rgi m\u00fcdd\u0259tind\u0259 m\u00fcxt\u0259lif formatda 139 t\u0259dbir t\u0259\u015fkil olunacaq.\n<\/p>\n<p>\n  Az\u0259rbaycan\u0131n xalq yaz\u0131\u00e7\u0131lar\u0131 v\u0259 \u015fairl\u0259ri, tan\u0131nm\u0131\u015f g\u0259nc yazarlar v\u0259 m\u0259\u015fhur xarici yaz\u0131\u00e7\u0131lar v\u0259 aktyorlar s\u0259rgid\u0259 i\u015ftirak ed\u0259c\u0259kl\u0259r.\n<\/p>\n<p>\n  \u00c7ingiz Abdullayev, G\u00fclseren Bu\u011fday\u0131c\u0131o\u011flu, Elxan Elatl\u0131, Sinan Ya\u011fmur, To\u011frul Mehti Niyazi, Ercan Kesel v\u0259 dig\u0259r tan\u0131nm\u0131\u015f yaz\u0131\u00e7\u0131lar s\u0259rgiy\u0259 qonaq qismind\u0259 qat\u0131lacaq.\n<\/p>\n<p>\n  \u0130\u015ftirak\u00e7\u0131lar t\u0259r\u0259find\u0259n s\u0259rgid\u0259 sat\u0131\u015fa \u00e7\u0131xar\u0131lacaq b\u00fct\u00fcn kitabalara b\u00f6y\u00fck endiriml\u0259r n\u0259z\u0259rd\u0259 tutulur.\n<\/p>\n<p>\n  Ziyar\u0259t\u00e7il\u0259r \u00fc\u00e7\u00fcn s\u0259rgiy\u0259 \u201cKoro\u011flu\u201d metro stansiyas\u0131ndan h\u0259r yar\u0131m saatdan bir, \u201cElml\u0259r Akademiyas\u0131\u201d stansiyas\u0131n\u0131n yan\u0131ndan is\u0259 h\u0259r saatdan bir avtobuslar h\u0259r\u0259k\u0259t ed\u0259c\u0259k.<\/p>\n","protected":false},"excerpt":{"rendered":"<p>Az\u0259rbaycan\u0131n xalq yaz\u0131\u00e7\u0131lar\u0131 v\u0259 \u015fairl\u0259ri, tan\u0131nm\u0131\u015f g\u0259nc yazarlar v\u0259 m\u0259\u015fhur xarici yaz\u0131\u00e7\u0131lar v\u0259 aktyorlar s\u0259rgid\u0259 i\u015ftirak ed\u0259c\u0259kl\u0259r.<\/p>\n","protected":false},"author":11,"featured_media":210717,"comment_status":"closed","ping_status":"open","sticky":false,"template":"","format":"standard","meta":{"_acf_changed":false,"_sitemap_exclude":false,"_sitemap_priority":"","_sitemap_frequency":"","footnotes":""},"categories":[52],"tags":[],"class_list":["post-213109","post","type-post","status-publish","format-standard","has-post-thumbnail","hentry","category-medeniyyet","infinite-scroll-item","generate-columns","tablet-grid-50","mobile-grid-100","grid-parent","grid-33","no-featured-image-padding"],"acf":[],"yoast_head":"<!-- This site is optimized with the Yoast SEO plugin v27.4 - https:\/\/yoast.com\/product\/yoast-seo-wordpress\/ -->\n<title>VII Bak\u0131 Beyn\u0259lxalq Kitab S\u0259rgi-Yarmarkas\u0131 ba\u015flay\u0131r - MEYDAN.TV<\/title>\n<meta name=\"robots\" content=\"index, follow, max-snippet:-1, max-image-preview:large, max-video-preview:-1\" \/>\n<link rel=\"canonical\" href=\"https:\/\/www.meydan.tv\/az\/article\/vii-baki-beynelxalq-kitab-sergi-yarmarkasi-baslayir\/\" \/>\n<meta property=\"og:locale\" content=\"az_AZ\" \/>\n<meta property=\"og:type\" content=\"article\" \/>\n<meta property=\"og:title\" content=\"VII Bak\u0131 Beyn\u0259lxalq Kitab S\u0259rgi-Yarmarkas\u0131 ba\u015flay\u0131r - MEYDAN.TV\" \/>\n<meta property=\"og:description\" content=\"Az\u0259rbaycan\u0131n xalq yaz\u0131\u00e7\u0131lar\u0131 v\u0259 \u015fairl\u0259ri, tan\u0131nm\u0131\u015f g\u0259nc yazarlar v\u0259 m\u0259\u015fhur xarici yaz\u0131\u00e7\u0131lar v\u0259 aktyorlar s\u0259rgid\u0259 i\u015ftirak ed\u0259c\u0259kl\u0259r.\" \/>\n<meta property=\"og:url\" content=\"https:\/\/www.meydan.tv\/az\/article\/vii-baki-beynelxalq-kitab-sergi-yarmarkasi-baslayir\/\" \/>\n<meta property=\"og:site_name\" content=\"MEYDAN.TV\" \/>\n<meta property=\"article:published_time\" content=\"2021-10-01T13:27:10+00:00\" \/>\n<meta property=\"og:image\" content=\"https:\/\/www.meydan.tv\/wp-content\/uploads\/kitab_xyxg1dp.jpg\" \/>\n\t<meta property=\"og:image:width\" content=\"1275\" \/>\n\t<meta property=\"og:image:height\" content=\"911\" \/>\n\t<meta property=\"og:image:type\" content=\"image\/jpeg\" \/>\n<meta name=\"author\" content=\"user-manager\" \/>\n<meta name=\"twitter:card\" content=\"summary_large_image\" \/>\n<script type=\"application\/ld+json\" class=\"yoast-schema-graph\">{\"@context\":\"https:\\\/\\\/schema.org\",\"@graph\":[{\"@type\":\"Article\",\"@id\":\"https:\\\/\\\/www.meydan.tv\\\/az\\\/article\\\/vii-baki-beynelxalq-kitab-sergi-yarmarkasi-baslayir\\\/#article\",\"isPartOf\":{\"@id\":\"https:\\\/\\\/www.meydan.tv\\\/az\\\/article\\\/vii-baki-beynelxalq-kitab-sergi-yarmarkasi-baslayir\\\/\"},\"author\":{\"name\":\"user-manager\",\"@id\":\"https:\\\/\\\/www.meydan.tv\\\/az\\\/#\\\/schema\\\/person\\\/10d11eccf6da3662cf5fdab9806ea91a\"},\"headline\":\"VII Bak\u0131 Beyn\u0259lxalq Kitab S\u0259rgi-Yarmarkas\u0131 ba\u015flay\u0131r\",\"datePublished\":\"2021-10-01T13:27:10+00:00\",\"mainEntityOfPage\":{\"@id\":\"https:\\\/\\\/www.meydan.tv\\\/az\\\/article\\\/vii-baki-beynelxalq-kitab-sergi-yarmarkasi-baslayir\\\/\"},\"wordCount\":275,\"publisher\":{\"@id\":\"https:\\\/\\\/www.meydan.tv\\\/az\\\/#organization\"},\"image\":{\"@id\":\"https:\\\/\\\/www.meydan.tv\\\/az\\\/article\\\/vii-baki-beynelxalq-kitab-sergi-yarmarkasi-baslayir\\\/#primaryimage\"},\"thumbnailUrl\":\"https:\\\/\\\/www.meydan.tv\\\/wp-content\\\/uploads\\\/kitab_xyxg1dp.jpg\",\"articleSection\":[\"M\u0259d\u0259niyy\u0259t\"],\"inLanguage\":\"az\"},{\"@type\":\"WebPage\",\"@id\":\"https:\\\/\\\/www.meydan.tv\\\/az\\\/article\\\/vii-baki-beynelxalq-kitab-sergi-yarmarkasi-baslayir\\\/\",\"url\":\"https:\\\/\\\/www.meydan.tv\\\/az\\\/article\\\/vii-baki-beynelxalq-kitab-sergi-yarmarkasi-baslayir\\\/\",\"name\":\"VII Bak\u0131 Beyn\u0259lxalq Kitab S\u0259rgi-Yarmarkas\u0131 ba\u015flay\u0131r - MEYDAN.TV\",\"isPartOf\":{\"@id\":\"https:\\\/\\\/www.meydan.tv\\\/az\\\/#website\"},\"primaryImageOfPage\":{\"@id\":\"https:\\\/\\\/www.meydan.tv\\\/az\\\/article\\\/vii-baki-beynelxalq-kitab-sergi-yarmarkasi-baslayir\\\/#primaryimage\"},\"image\":{\"@id\":\"https:\\\/\\\/www.meydan.tv\\\/az\\\/article\\\/vii-baki-beynelxalq-kitab-sergi-yarmarkasi-baslayir\\\/#primaryimage\"},\"thumbnailUrl\":\"https:\\\/\\\/www.meydan.tv\\\/wp-content\\\/uploads\\\/kitab_xyxg1dp.jpg\",\"datePublished\":\"2021-10-01T13:27:10+00:00\",\"breadcrumb\":{\"@id\":\"https:\\\/\\\/www.meydan.tv\\\/az\\\/article\\\/vii-baki-beynelxalq-kitab-sergi-yarmarkasi-baslayir\\\/#breadcrumb\"},\"inLanguage\":\"az\",\"potentialAction\":[{\"@type\":\"ReadAction\",\"target\":[\"https:\\\/\\\/www.meydan.tv\\\/az\\\/article\\\/vii-baki-beynelxalq-kitab-sergi-yarmarkasi-baslayir\\\/\"]}]},{\"@type\":\"ImageObject\",\"inLanguage\":\"az\",\"@id\":\"https:\\\/\\\/www.meydan.tv\\\/az\\\/article\\\/vii-baki-beynelxalq-kitab-sergi-yarmarkasi-baslayir\\\/#primaryimage\",\"url\":\"https:\\\/\\\/www.meydan.tv\\\/wp-content\\\/uploads\\\/kitab_xyxg1dp.jpg\",\"contentUrl\":\"https:\\\/\\\/www.meydan.tv\\\/wp-content\\\/uploads\\\/kitab_xyxg1dp.jpg\",\"width\":1275,\"height\":911,\"caption\":\"Source: VII Bak\u0131 Beyn\u0259lxalq Kitab S\u0259rgi-Yarmarkas\u0131\"},{\"@type\":\"BreadcrumbList\",\"@id\":\"https:\\\/\\\/www.meydan.tv\\\/az\\\/article\\\/vii-baki-beynelxalq-kitab-sergi-yarmarkasi-baslayir\\\/#breadcrumb\",\"itemListElement\":[{\"@type\":\"ListItem\",\"position\":1,\"name\":\"Ana s\u0259hif\u0259\",\"item\":\"https:\\\/\\\/www.meydan.tv\\\/az\\\/\"},{\"@type\":\"ListItem\",\"position\":2,\"name\":\"M\u0259d\u0259niyy\u0259t\",\"item\":\"https:\\\/\\\/www.meydan.tv\\\/az\\\/section\\\/medeniyyet\\\/\"},{\"@type\":\"ListItem\",\"position\":3,\"name\":\"VII Bak\u0131 Beyn\u0259lxalq Kitab S\u0259rgi-Yarmarkas\u0131 ba\u015flay\u0131r\"}]},{\"@type\":\"WebSite\",\"@id\":\"https:\\\/\\\/www.meydan.tv\\\/az\\\/#website\",\"url\":\"https:\\\/\\\/www.meydan.tv\\\/az\\\/\",\"name\":\"MEYDAN.TV\",\"description\":\"Meydan TV Az\u0259rbaycan\u0131n media m\u0259kan\u0131ndak\u0131 alternativ s\u0259sidir\",\"publisher\":{\"@id\":\"https:\\\/\\\/www.meydan.tv\\\/az\\\/#organization\"},\"potentialAction\":[{\"@type\":\"SearchAction\",\"target\":{\"@type\":\"EntryPoint\",\"urlTemplate\":\"https:\\\/\\\/www.meydan.tv\\\/az\\\/?s={search_term_string}\"},\"query-input\":{\"@type\":\"PropertyValueSpecification\",\"valueRequired\":true,\"valueName\":\"search_term_string\"}}],\"inLanguage\":\"az\"},{\"@type\":\"Organization\",\"@id\":\"https:\\\/\\\/www.meydan.tv\\\/az\\\/#organization\",\"name\":\"Meydan TV\",\"url\":\"https:\\\/\\\/www.meydan.tv\\\/az\\\/\",\"logo\":{\"@type\":\"ImageObject\",\"inLanguage\":\"az\",\"@id\":\"https:\\\/\\\/www.meydan.tv\\\/az\\\/#\\\/schema\\\/logo\\\/image\\\/\",\"url\":\"https:\\\/\\\/www.meydan.tv\\\/wp-content\\\/uploads\\\/2021\\\/07\\\/meydan-logo.svg\",\"contentUrl\":\"https:\\\/\\\/www.meydan.tv\\\/wp-content\\\/uploads\\\/2021\\\/07\\\/meydan-logo.svg\",\"width\":195,\"height\":46,\"caption\":\"Meydan TV\"},\"image\":{\"@id\":\"https:\\\/\\\/www.meydan.tv\\\/az\\\/#\\\/schema\\\/logo\\\/image\\\/\"}},{\"@type\":\"Person\",\"@id\":\"https:\\\/\\\/www.meydan.tv\\\/az\\\/#\\\/schema\\\/person\\\/10d11eccf6da3662cf5fdab9806ea91a\",\"name\":\"user-manager\"}]}<\/script>\n<!-- \/ Yoast SEO plugin. -->","yoast_head_json":{"title":"VII Bak\u0131 Beyn\u0259lxalq Kitab S\u0259rgi-Yarmarkas\u0131 ba\u015flay\u0131r - MEYDAN.TV","robots":{"index":"index","follow":"follow","max-snippet":"max-snippet:-1","max-image-preview":"max-image-preview:large","max-video-preview":"max-video-preview:-1"},"canonical":"https:\/\/www.meydan.tv\/az\/article\/vii-baki-beynelxalq-kitab-sergi-yarmarkasi-baslayir\/","og_locale":"az_AZ","og_type":"article","og_title":"VII Bak\u0131 Beyn\u0259lxalq Kitab S\u0259rgi-Yarmarkas\u0131 ba\u015flay\u0131r - MEYDAN.TV","og_description":"Az\u0259rbaycan\u0131n xalq yaz\u0131\u00e7\u0131lar\u0131 v\u0259 \u015fairl\u0259ri, tan\u0131nm\u0131\u015f g\u0259nc yazarlar v\u0259 m\u0259\u015fhur xarici yaz\u0131\u00e7\u0131lar v\u0259 aktyorlar s\u0259rgid\u0259 i\u015ftirak ed\u0259c\u0259kl\u0259r.","og_url":"https:\/\/www.meydan.tv\/az\/article\/vii-baki-beynelxalq-kitab-sergi-yarmarkasi-baslayir\/","og_site_name":"MEYDAN.TV","article_published_time":"2021-10-01T13:27:10+00:00","og_image":[{"width":1275,"height":911,"url":"https:\/\/www.meydan.tv\/wp-content\/uploads\/kitab_xyxg1dp.jpg","type":"image\/jpeg"}],"author":"user-manager","twitter_card":"summary_large_image","schema":{"@context":"https:\/\/schema.org","@graph":[{"@type":"Article","@id":"https:\/\/www.meydan.tv\/az\/article\/vii-baki-beynelxalq-kitab-sergi-yarmarkasi-baslayir\/#article","isPartOf":{"@id":"https:\/\/www.meydan.tv\/az\/article\/vii-baki-beynelxalq-kitab-sergi-yarmarkasi-baslayir\/"},"author":{"name":"user-manager","@id":"https:\/\/www.meydan.tv\/az\/#\/schema\/person\/10d11eccf6da3662cf5fdab9806ea91a"},"headline":"VII Bak\u0131 Beyn\u0259lxalq Kitab S\u0259rgi-Yarmarkas\u0131 ba\u015flay\u0131r","datePublished":"2021-10-01T13:27:10+00:00","mainEntityOfPage":{"@id":"https:\/\/www.meydan.tv\/az\/article\/vii-baki-beynelxalq-kitab-sergi-yarmarkasi-baslayir\/"},"wordCount":275,"publisher":{"@id":"https:\/\/www.meydan.tv\/az\/#organization"},"image":{"@id":"https:\/\/www.meydan.tv\/az\/article\/vii-baki-beynelxalq-kitab-sergi-yarmarkasi-baslayir\/#primaryimage"},"thumbnailUrl":"https:\/\/www.meydan.tv\/wp-content\/uploads\/kitab_xyxg1dp.jpg","articleSection":["M\u0259d\u0259niyy\u0259t"],"inLanguage":"az"},{"@type":"WebPage","@id":"https:\/\/www.meydan.tv\/az\/article\/vii-baki-beynelxalq-kitab-sergi-yarmarkasi-baslayir\/","url":"https:\/\/www.meydan.tv\/az\/article\/vii-baki-beynelxalq-kitab-sergi-yarmarkasi-baslayir\/","name":"VII Bak\u0131 Beyn\u0259lxalq Kitab S\u0259rgi-Yarmarkas\u0131 ba\u015flay\u0131r - MEYDAN.TV","isPartOf":{"@id":"https:\/\/www.meydan.tv\/az\/#website"},"primaryImageOfPage":{"@id":"https:\/\/www.meydan.tv\/az\/article\/vii-baki-beynelxalq-kitab-sergi-yarmarkasi-baslayir\/#primaryimage"},"image":{"@id":"https:\/\/www.meydan.tv\/az\/article\/vii-baki-beynelxalq-kitab-sergi-yarmarkasi-baslayir\/#primaryimage"},"thumbnailUrl":"https:\/\/www.meydan.tv\/wp-content\/uploads\/kitab_xyxg1dp.jpg","datePublished":"2021-10-01T13:27:10+00:00","breadcrumb":{"@id":"https:\/\/www.meydan.tv\/az\/article\/vii-baki-beynelxalq-kitab-sergi-yarmarkasi-baslayir\/#breadcrumb"},"inLanguage":"az","potentialAction":[{"@type":"ReadAction","target":["https:\/\/www.meydan.tv\/az\/article\/vii-baki-beynelxalq-kitab-sergi-yarmarkasi-baslayir\/"]}]},{"@type":"ImageObject","inLanguage":"az","@id":"https:\/\/www.meydan.tv\/az\/article\/vii-baki-beynelxalq-kitab-sergi-yarmarkasi-baslayir\/#primaryimage","url":"https:\/\/www.meydan.tv\/wp-content\/uploads\/kitab_xyxg1dp.jpg","contentUrl":"https:\/\/www.meydan.tv\/wp-content\/uploads\/kitab_xyxg1dp.jpg","width":1275,"height":911,"caption":"Source: VII Bak\u0131 Beyn\u0259lxalq Kitab S\u0259rgi-Yarmarkas\u0131"},{"@type":"BreadcrumbList","@id":"https:\/\/www.meydan.tv\/az\/article\/vii-baki-beynelxalq-kitab-sergi-yarmarkasi-baslayir\/#breadcrumb","itemListElement":[{"@type":"ListItem","position":1,"name":"Ana s\u0259hif\u0259","item":"https:\/\/www.meydan.tv\/az\/"},{"@type":"ListItem","position":2,"name":"M\u0259d\u0259niyy\u0259t","item":"https:\/\/www.meydan.tv\/az\/section\/medeniyyet\/"},{"@type":"ListItem","position":3,"name":"VII Bak\u0131 Beyn\u0259lxalq Kitab S\u0259rgi-Yarmarkas\u0131 ba\u015flay\u0131r"}]},{"@type":"WebSite","@id":"https:\/\/www.meydan.tv\/az\/#website","url":"https:\/\/www.meydan.tv\/az\/","name":"MEYDAN.TV","description":"Meydan TV Az\u0259rbaycan\u0131n media m\u0259kan\u0131ndak\u0131 alternativ s\u0259sidir","publisher":{"@id":"https:\/\/www.meydan.tv\/az\/#organization"},"potentialAction":[{"@type":"SearchAction","target":{"@type":"EntryPoint","urlTemplate":"https:\/\/www.meydan.tv\/az\/?s={search_term_string}"},"query-input":{"@type":"PropertyValueSpecification","valueRequired":true,"valueName":"search_term_string"}}],"inLanguage":"az"},{"@type":"Organization","@id":"https:\/\/www.meydan.tv\/az\/#organization","name":"Meydan TV","url":"https:\/\/www.meydan.tv\/az\/","logo":{"@type":"ImageObject","inLanguage":"az","@id":"https:\/\/www.meydan.tv\/az\/#\/schema\/logo\/image\/","url":"https:\/\/www.meydan.tv\/wp-content\/uploads\/2021\/07\/meydan-logo.svg","contentUrl":"https:\/\/www.meydan.tv\/wp-content\/uploads\/2021\/07\/meydan-logo.svg","width":195,"height":46,"caption":"Meydan TV"},"image":{"@id":"https:\/\/www.meydan.tv\/az\/#\/schema\/logo\/image\/"}},{"@type":"Person","@id":"https:\/\/www.meydan.tv\/az\/#\/schema\/person\/10d11eccf6da3662cf5fdab9806ea91a","name":"user-manager"}]}},"_links":{"self":[{"href":"https:\/\/www.meydan.tv\/az\/wp-json\/wp\/v2\/posts\/213109","targetHints":{"allow":["GET"]}}],"collection":[{"href":"https:\/\/www.meydan.tv\/az\/wp-json\/wp\/v2\/posts"}],"about":[{"href":"https:\/\/www.meydan.tv\/az\/wp-json\/wp\/v2\/types\/post"}],"author":[{"embeddable":true,"href":"https:\/\/www.meydan.tv\/az\/wp-json\/wp\/v2\/users\/11"}],"replies":[{"embeddable":true,"href":"https:\/\/www.meydan.tv\/az\/wp-json\/wp\/v2\/comments?post=213109"}],"version-history":[{"count":0,"href":"https:\/\/www.meydan.tv\/az\/wp-json\/wp\/v2\/posts\/213109\/revisions"}],"wp:featuredmedia":[{"embeddable":true,"href":"https:\/\/www.meydan.tv\/az\/wp-json\/wp\/v2\/media\/210717"}],"wp:attachment":[{"href":"https:\/\/www.meydan.tv\/az\/wp-json\/wp\/v2\/media?parent=213109"}],"wp:term":[{"taxonomy":"category","embeddable":true,"href":"https:\/\/www.meydan.tv\/az\/wp-json\/wp\/v2\/categories?post=213109"},{"taxonomy":"post_tag","embeddable":true,"href":"https:\/\/www.meydan.tv\/az\/wp-json\/wp\/v2\/tags?post=213109"}],"curies":[{"name":"wp","href":"https:\/\/api.w.org\/{rel}","templated":true}]}}