{"id":213102,"date":"2021-09-30T21:31:09","date_gmt":"2021-09-30T21:31:09","guid":{"rendered":"https:\/\/www.meydan.tv\/article\/seyyad-elizade-vefat-etdi\/"},"modified":"2021-09-30T21:31:09","modified_gmt":"2021-09-30T21:31:09","slug":"seyyad-elizade-vefat-etdi","status":"publish","type":"post","link":"https:\/\/www.meydan.tv\/az\/article\/seyyad-elizade-vefat-etdi\/","title":{"rendered":"S\u0259yyad \u018flizad\u0259 v\u0259fat etdi"},"content":{"rendered":"<p>\n  <i><br \/>\n    M\u00fc\u011f\u0259nni koronavirusa yoluxmu\u015fdu<br \/>\n  <\/i>\n<\/p>\n<p>\n  M\u00fc\u011f\u0259nni S\u0259yyad \u018flizad\u0259 v\u0259fat edib.\n<\/p>\n<p>\n  \u0130fa\u00e7\u0131n\u0131n k\u00fcr\u0259k\u0259ni Razim Qarayev Meydan TV-y\u0259 fakt\u0131 t\u0259sdiql\u0259yib.\n<\/p>\n<p>\n  ECMO &#8211; ekstrakorporal membran oksigenl\u0259nm\u0259 cihaz\u0131na qo\u015fulan ifa\u00e7\u0131n\u0131n s\u0259hh\u0259ti son iki g\u00fcnd\u0259<br \/>\n  <a href=\"https:\/\/www.meydan.tv\/az\/article\/koronavirusa-yoluxan-mugenni-komaya-dusub\/?ref=list-culture\"><br \/>\n    a\u011f\u0131rla\u015fm\u0131\u015fd\u0131<br \/>\n  <\/a><br \/>\n  .\n<\/p>\n<p>\n  COV\u0130D-19 virusuna yoluxan S\u0259yyad \u018flizad\u0259nin m\u00fcalic\u0259si \u00f6nc\u0259 Z\u0131\u011f q\u0259s\u0259b\u0259sind\u0259 yerl\u0259\u015f\u0259n modul tipli x\u0259st\u0259xanada apar\u0131l\u0131b.\n<\/p>\n<p>\n  Daha sonra ail\u0259sinin ist\u0259yi il\u0259 m\u00fc\u011f\u0259nni M\u0259rk\u0259zi G\u00f6mr\u00fck Hospital\u0131na k\u00f6\u00e7\u00fcr\u00fcl\u00fcb.\n<\/p>\n<p>\n  S\u0259yyad \u018flizad\u0259 1958-ci ild\u0259 F\u00fczuli rayonu Bab\u0131 k\u0259ndind\u0259 do\u011fulub.\n<\/p>\n<p>\n  1987-ci ild\u0259 ilk \u201cT\u0259brizim\u201d albomu \u00e7\u0131x\u0131b.\n<\/p>\n<p>\n  Sonralar \u201cAz\u0259rbaycan\u0131m\u201d, \u201cG\u00f6zl\u0259, g\u0259l\u0259c\u0259y\u0259m\u201d, \u201cXall\u0131 q\u0131z\u201d, \u201cG\u00f6zl\u0259rimin ya\u015f\u0131\u201d, \u201cSa\u00e7lar\u0131m b\u0259yaz oldu\u201d, \u201cD\u00fcnya g\u00f6z\u0259l d\u00fcnyad\u0131r\u201d, \u201cBizim u\u015faq d\u00fcnyam\u0131z\u201d albomlar\u0131n\u0131 burax\u0131b.\n<\/p>\n<p>\n  M\u00fc\u011f\u0259nni \u201cB\u0259yaz gec\u0259l\u0259r\u201d mahn\u0131s\u0131 il\u0259 m\u0259\u015fhurla\u015f\u0131b.<\/p>\n","protected":false},"excerpt":{"rendered":"<p>COV\u0130D-19 virusuna yoluxan S\u0259yyad \u018flizad\u0259nin m\u00fcalic\u0259si \u00f6nc\u0259 Z\u0131\u011f q\u0259s\u0259b\u0259sind\u0259 yerl\u0259\u015f\u0259n modul tipli x\u0259st\u0259xanada apar\u0131l\u0131b.<\/p>\n","protected":false},"author":11,"featured_media":210695,"comment_status":"closed","ping_status":"open","sticky":false,"template":"","format":"standard","meta":{"_acf_changed":false,"_sitemap_exclude":false,"_sitemap_priority":"","_sitemap_frequency":"","footnotes":""},"categories":[52],"tags":[],"class_list":["post-213102","post","type-post","status-publish","format-standard","has-post-thumbnail","hentry","category-medeniyyet","infinite-scroll-item","generate-columns","tablet-grid-50","mobile-grid-100","grid-parent","grid-33","no-featured-image-padding"],"acf":[],"yoast_head":"<!-- This site is optimized with the Yoast SEO plugin v27.4 - https:\/\/yoast.com\/product\/yoast-seo-wordpress\/ -->\n<title>S\u0259yyad \u018flizad\u0259 v\u0259fat etdi - MEYDAN.TV<\/title>\n<meta name=\"robots\" content=\"index, follow, max-snippet:-1, max-image-preview:large, max-video-preview:-1\" \/>\n<link rel=\"canonical\" href=\"https:\/\/www.meydan.tv\/az\/article\/seyyad-elizade-vefat-etdi\/\" \/>\n<meta property=\"og:locale\" content=\"az_AZ\" \/>\n<meta property=\"og:type\" content=\"article\" \/>\n<meta property=\"og:title\" content=\"S\u0259yyad \u018flizad\u0259 v\u0259fat etdi - MEYDAN.TV\" \/>\n<meta property=\"og:description\" content=\"COV\u0130D-19 virusuna yoluxan S\u0259yyad \u018flizad\u0259nin m\u00fcalic\u0259si \u00f6nc\u0259 Z\u0131\u011f q\u0259s\u0259b\u0259sind\u0259 yerl\u0259\u015f\u0259n modul tipli x\u0259st\u0259xanada apar\u0131l\u0131b.\" \/>\n<meta property=\"og:url\" content=\"https:\/\/www.meydan.tv\/az\/article\/seyyad-elizade-vefat-etdi\/\" \/>\n<meta property=\"og:site_name\" content=\"MEYDAN.TV\" \/>\n<meta property=\"article:published_time\" content=\"2021-09-30T21:31:09+00:00\" \/>\n<meta property=\"og:image\" content=\"https:\/\/www.meydan.tv\/wp-content\/uploads\/88e699ce-b66a-3214-85aa-810863b008e8_850.jpg\" \/>\n\t<meta property=\"og:image:width\" content=\"850\" \/>\n\t<meta property=\"og:image:height\" content=\"530\" \/>\n\t<meta property=\"og:image:type\" content=\"image\/jpeg\" \/>\n<meta name=\"author\" content=\"user-manager\" \/>\n<meta name=\"twitter:card\" content=\"summary_large_image\" \/>\n<script type=\"application\/ld+json\" class=\"yoast-schema-graph\">{\"@context\":\"https:\\\/\\\/schema.org\",\"@graph\":[{\"@type\":\"Article\",\"@id\":\"https:\\\/\\\/www.meydan.tv\\\/az\\\/article\\\/seyyad-elizade-vefat-etdi\\\/#article\",\"isPartOf\":{\"@id\":\"https:\\\/\\\/www.meydan.tv\\\/az\\\/article\\\/seyyad-elizade-vefat-etdi\\\/\"},\"author\":{\"name\":\"user-manager\",\"@id\":\"https:\\\/\\\/www.meydan.tv\\\/az\\\/#\\\/schema\\\/person\\\/10d11eccf6da3662cf5fdab9806ea91a\"},\"headline\":\"S\u0259yyad \u018flizad\u0259 v\u0259fat etdi\",\"datePublished\":\"2021-09-30T21:31:09+00:00\",\"mainEntityOfPage\":{\"@id\":\"https:\\\/\\\/www.meydan.tv\\\/az\\\/article\\\/seyyad-elizade-vefat-etdi\\\/\"},\"wordCount\":182,\"publisher\":{\"@id\":\"https:\\\/\\\/www.meydan.tv\\\/az\\\/#organization\"},\"image\":{\"@id\":\"https:\\\/\\\/www.meydan.tv\\\/az\\\/article\\\/seyyad-elizade-vefat-etdi\\\/#primaryimage\"},\"thumbnailUrl\":\"https:\\\/\\\/www.meydan.tv\\\/wp-content\\\/uploads\\\/88e699ce-b66a-3214-85aa-810863b008e8_850.jpg\",\"articleSection\":[\"M\u0259d\u0259niyy\u0259t\"],\"inLanguage\":\"az\"},{\"@type\":\"WebPage\",\"@id\":\"https:\\\/\\\/www.meydan.tv\\\/az\\\/article\\\/seyyad-elizade-vefat-etdi\\\/\",\"url\":\"https:\\\/\\\/www.meydan.tv\\\/az\\\/article\\\/seyyad-elizade-vefat-etdi\\\/\",\"name\":\"S\u0259yyad \u018flizad\u0259 v\u0259fat etdi - MEYDAN.TV\",\"isPartOf\":{\"@id\":\"https:\\\/\\\/www.meydan.tv\\\/az\\\/#website\"},\"primaryImageOfPage\":{\"@id\":\"https:\\\/\\\/www.meydan.tv\\\/az\\\/article\\\/seyyad-elizade-vefat-etdi\\\/#primaryimage\"},\"image\":{\"@id\":\"https:\\\/\\\/www.meydan.tv\\\/az\\\/article\\\/seyyad-elizade-vefat-etdi\\\/#primaryimage\"},\"thumbnailUrl\":\"https:\\\/\\\/www.meydan.tv\\\/wp-content\\\/uploads\\\/88e699ce-b66a-3214-85aa-810863b008e8_850.jpg\",\"datePublished\":\"2021-09-30T21:31:09+00:00\",\"breadcrumb\":{\"@id\":\"https:\\\/\\\/www.meydan.tv\\\/az\\\/article\\\/seyyad-elizade-vefat-etdi\\\/#breadcrumb\"},\"inLanguage\":\"az\",\"potentialAction\":[{\"@type\":\"ReadAction\",\"target\":[\"https:\\\/\\\/www.meydan.tv\\\/az\\\/article\\\/seyyad-elizade-vefat-etdi\\\/\"]}]},{\"@type\":\"ImageObject\",\"inLanguage\":\"az\",\"@id\":\"https:\\\/\\\/www.meydan.tv\\\/az\\\/article\\\/seyyad-elizade-vefat-etdi\\\/#primaryimage\",\"url\":\"https:\\\/\\\/www.meydan.tv\\\/wp-content\\\/uploads\\\/88e699ce-b66a-3214-85aa-810863b008e8_850.jpg\",\"contentUrl\":\"https:\\\/\\\/www.meydan.tv\\\/wp-content\\\/uploads\\\/88e699ce-b66a-3214-85aa-810863b008e8_850.jpg\",\"width\":850,\"height\":530,\"caption\":\"Source: Specify Source\"},{\"@type\":\"BreadcrumbList\",\"@id\":\"https:\\\/\\\/www.meydan.tv\\\/az\\\/article\\\/seyyad-elizade-vefat-etdi\\\/#breadcrumb\",\"itemListElement\":[{\"@type\":\"ListItem\",\"position\":1,\"name\":\"Ana s\u0259hif\u0259\",\"item\":\"https:\\\/\\\/www.meydan.tv\\\/az\\\/\"},{\"@type\":\"ListItem\",\"position\":2,\"name\":\"M\u0259d\u0259niyy\u0259t\",\"item\":\"https:\\\/\\\/www.meydan.tv\\\/az\\\/section\\\/medeniyyet\\\/\"},{\"@type\":\"ListItem\",\"position\":3,\"name\":\"S\u0259yyad \u018flizad\u0259 v\u0259fat etdi\"}]},{\"@type\":\"WebSite\",\"@id\":\"https:\\\/\\\/www.meydan.tv\\\/az\\\/#website\",\"url\":\"https:\\\/\\\/www.meydan.tv\\\/az\\\/\",\"name\":\"MEYDAN.TV\",\"description\":\"Meydan TV Az\u0259rbaycan\u0131n media m\u0259kan\u0131ndak\u0131 alternativ s\u0259sidir\",\"publisher\":{\"@id\":\"https:\\\/\\\/www.meydan.tv\\\/az\\\/#organization\"},\"potentialAction\":[{\"@type\":\"SearchAction\",\"target\":{\"@type\":\"EntryPoint\",\"urlTemplate\":\"https:\\\/\\\/www.meydan.tv\\\/az\\\/?s={search_term_string}\"},\"query-input\":{\"@type\":\"PropertyValueSpecification\",\"valueRequired\":true,\"valueName\":\"search_term_string\"}}],\"inLanguage\":\"az\"},{\"@type\":\"Organization\",\"@id\":\"https:\\\/\\\/www.meydan.tv\\\/az\\\/#organization\",\"name\":\"Meydan TV\",\"url\":\"https:\\\/\\\/www.meydan.tv\\\/az\\\/\",\"logo\":{\"@type\":\"ImageObject\",\"inLanguage\":\"az\",\"@id\":\"https:\\\/\\\/www.meydan.tv\\\/az\\\/#\\\/schema\\\/logo\\\/image\\\/\",\"url\":\"https:\\\/\\\/www.meydan.tv\\\/wp-content\\\/uploads\\\/2021\\\/07\\\/meydan-logo.svg\",\"contentUrl\":\"https:\\\/\\\/www.meydan.tv\\\/wp-content\\\/uploads\\\/2021\\\/07\\\/meydan-logo.svg\",\"width\":195,\"height\":46,\"caption\":\"Meydan TV\"},\"image\":{\"@id\":\"https:\\\/\\\/www.meydan.tv\\\/az\\\/#\\\/schema\\\/logo\\\/image\\\/\"}},{\"@type\":\"Person\",\"@id\":\"https:\\\/\\\/www.meydan.tv\\\/az\\\/#\\\/schema\\\/person\\\/10d11eccf6da3662cf5fdab9806ea91a\",\"name\":\"user-manager\"}]}<\/script>\n<!-- \/ Yoast SEO plugin. -->","yoast_head_json":{"title":"S\u0259yyad \u018flizad\u0259 v\u0259fat etdi - MEYDAN.TV","robots":{"index":"index","follow":"follow","max-snippet":"max-snippet:-1","max-image-preview":"max-image-preview:large","max-video-preview":"max-video-preview:-1"},"canonical":"https:\/\/www.meydan.tv\/az\/article\/seyyad-elizade-vefat-etdi\/","og_locale":"az_AZ","og_type":"article","og_title":"S\u0259yyad \u018flizad\u0259 v\u0259fat etdi - MEYDAN.TV","og_description":"COV\u0130D-19 virusuna yoluxan S\u0259yyad \u018flizad\u0259nin m\u00fcalic\u0259si \u00f6nc\u0259 Z\u0131\u011f q\u0259s\u0259b\u0259sind\u0259 yerl\u0259\u015f\u0259n modul tipli x\u0259st\u0259xanada apar\u0131l\u0131b.","og_url":"https:\/\/www.meydan.tv\/az\/article\/seyyad-elizade-vefat-etdi\/","og_site_name":"MEYDAN.TV","article_published_time":"2021-09-30T21:31:09+00:00","og_image":[{"width":850,"height":530,"url":"https:\/\/www.meydan.tv\/wp-content\/uploads\/88e699ce-b66a-3214-85aa-810863b008e8_850.jpg","type":"image\/jpeg"}],"author":"user-manager","twitter_card":"summary_large_image","schema":{"@context":"https:\/\/schema.org","@graph":[{"@type":"Article","@id":"https:\/\/www.meydan.tv\/az\/article\/seyyad-elizade-vefat-etdi\/#article","isPartOf":{"@id":"https:\/\/www.meydan.tv\/az\/article\/seyyad-elizade-vefat-etdi\/"},"author":{"name":"user-manager","@id":"https:\/\/www.meydan.tv\/az\/#\/schema\/person\/10d11eccf6da3662cf5fdab9806ea91a"},"headline":"S\u0259yyad \u018flizad\u0259 v\u0259fat etdi","datePublished":"2021-09-30T21:31:09+00:00","mainEntityOfPage":{"@id":"https:\/\/www.meydan.tv\/az\/article\/seyyad-elizade-vefat-etdi\/"},"wordCount":182,"publisher":{"@id":"https:\/\/www.meydan.tv\/az\/#organization"},"image":{"@id":"https:\/\/www.meydan.tv\/az\/article\/seyyad-elizade-vefat-etdi\/#primaryimage"},"thumbnailUrl":"https:\/\/www.meydan.tv\/wp-content\/uploads\/88e699ce-b66a-3214-85aa-810863b008e8_850.jpg","articleSection":["M\u0259d\u0259niyy\u0259t"],"inLanguage":"az"},{"@type":"WebPage","@id":"https:\/\/www.meydan.tv\/az\/article\/seyyad-elizade-vefat-etdi\/","url":"https:\/\/www.meydan.tv\/az\/article\/seyyad-elizade-vefat-etdi\/","name":"S\u0259yyad \u018flizad\u0259 v\u0259fat etdi - MEYDAN.TV","isPartOf":{"@id":"https:\/\/www.meydan.tv\/az\/#website"},"primaryImageOfPage":{"@id":"https:\/\/www.meydan.tv\/az\/article\/seyyad-elizade-vefat-etdi\/#primaryimage"},"image":{"@id":"https:\/\/www.meydan.tv\/az\/article\/seyyad-elizade-vefat-etdi\/#primaryimage"},"thumbnailUrl":"https:\/\/www.meydan.tv\/wp-content\/uploads\/88e699ce-b66a-3214-85aa-810863b008e8_850.jpg","datePublished":"2021-09-30T21:31:09+00:00","breadcrumb":{"@id":"https:\/\/www.meydan.tv\/az\/article\/seyyad-elizade-vefat-etdi\/#breadcrumb"},"inLanguage":"az","potentialAction":[{"@type":"ReadAction","target":["https:\/\/www.meydan.tv\/az\/article\/seyyad-elizade-vefat-etdi\/"]}]},{"@type":"ImageObject","inLanguage":"az","@id":"https:\/\/www.meydan.tv\/az\/article\/seyyad-elizade-vefat-etdi\/#primaryimage","url":"https:\/\/www.meydan.tv\/wp-content\/uploads\/88e699ce-b66a-3214-85aa-810863b008e8_850.jpg","contentUrl":"https:\/\/www.meydan.tv\/wp-content\/uploads\/88e699ce-b66a-3214-85aa-810863b008e8_850.jpg","width":850,"height":530,"caption":"Source: Specify Source"},{"@type":"BreadcrumbList","@id":"https:\/\/www.meydan.tv\/az\/article\/seyyad-elizade-vefat-etdi\/#breadcrumb","itemListElement":[{"@type":"ListItem","position":1,"name":"Ana s\u0259hif\u0259","item":"https:\/\/www.meydan.tv\/az\/"},{"@type":"ListItem","position":2,"name":"M\u0259d\u0259niyy\u0259t","item":"https:\/\/www.meydan.tv\/az\/section\/medeniyyet\/"},{"@type":"ListItem","position":3,"name":"S\u0259yyad \u018flizad\u0259 v\u0259fat etdi"}]},{"@type":"WebSite","@id":"https:\/\/www.meydan.tv\/az\/#website","url":"https:\/\/www.meydan.tv\/az\/","name":"MEYDAN.TV","description":"Meydan TV Az\u0259rbaycan\u0131n media m\u0259kan\u0131ndak\u0131 alternativ s\u0259sidir","publisher":{"@id":"https:\/\/www.meydan.tv\/az\/#organization"},"potentialAction":[{"@type":"SearchAction","target":{"@type":"EntryPoint","urlTemplate":"https:\/\/www.meydan.tv\/az\/?s={search_term_string}"},"query-input":{"@type":"PropertyValueSpecification","valueRequired":true,"valueName":"search_term_string"}}],"inLanguage":"az"},{"@type":"Organization","@id":"https:\/\/www.meydan.tv\/az\/#organization","name":"Meydan TV","url":"https:\/\/www.meydan.tv\/az\/","logo":{"@type":"ImageObject","inLanguage":"az","@id":"https:\/\/www.meydan.tv\/az\/#\/schema\/logo\/image\/","url":"https:\/\/www.meydan.tv\/wp-content\/uploads\/2021\/07\/meydan-logo.svg","contentUrl":"https:\/\/www.meydan.tv\/wp-content\/uploads\/2021\/07\/meydan-logo.svg","width":195,"height":46,"caption":"Meydan TV"},"image":{"@id":"https:\/\/www.meydan.tv\/az\/#\/schema\/logo\/image\/"}},{"@type":"Person","@id":"https:\/\/www.meydan.tv\/az\/#\/schema\/person\/10d11eccf6da3662cf5fdab9806ea91a","name":"user-manager"}]}},"_links":{"self":[{"href":"https:\/\/www.meydan.tv\/az\/wp-json\/wp\/v2\/posts\/213102","targetHints":{"allow":["GET"]}}],"collection":[{"href":"https:\/\/www.meydan.tv\/az\/wp-json\/wp\/v2\/posts"}],"about":[{"href":"https:\/\/www.meydan.tv\/az\/wp-json\/wp\/v2\/types\/post"}],"author":[{"embeddable":true,"href":"https:\/\/www.meydan.tv\/az\/wp-json\/wp\/v2\/users\/11"}],"replies":[{"embeddable":true,"href":"https:\/\/www.meydan.tv\/az\/wp-json\/wp\/v2\/comments?post=213102"}],"version-history":[{"count":0,"href":"https:\/\/www.meydan.tv\/az\/wp-json\/wp\/v2\/posts\/213102\/revisions"}],"wp:featuredmedia":[{"embeddable":true,"href":"https:\/\/www.meydan.tv\/az\/wp-json\/wp\/v2\/media\/210695"}],"wp:attachment":[{"href":"https:\/\/www.meydan.tv\/az\/wp-json\/wp\/v2\/media?parent=213102"}],"wp:term":[{"taxonomy":"category","embeddable":true,"href":"https:\/\/www.meydan.tv\/az\/wp-json\/wp\/v2\/categories?post=213102"},{"taxonomy":"post_tag","embeddable":true,"href":"https:\/\/www.meydan.tv\/az\/wp-json\/wp\/v2\/tags?post=213102"}],"curies":[{"name":"wp","href":"https:\/\/api.w.org\/{rel}","templated":true}]}}