{"id":213087,"date":"2021-09-30T12:22:08","date_gmt":"2021-09-30T12:22:08","guid":{"rendered":"https:\/\/www.meydan.tv\/article\/polis-basima-bedenime-bel-ile-agir-xesaret-yetirib\/"},"modified":"2021-09-30T12:22:08","modified_gmt":"2021-09-30T12:22:08","slug":"polis-basima-bedenime-bel-ile-agir-xesaret-yetirib","status":"publish","type":"post","link":"https:\/\/www.meydan.tv\/az\/article\/polis-basima-bedenime-bel-ile-agir-xesaret-yetirib\/","title":{"rendered":"\u201cPolis ba\u015f\u0131ma, b\u0259d\u0259nim\u0259 bel il\u0259 a\u011f\u0131r x\u0259sar\u0259t yetirib\u201d"},"content":{"rendered":"<p>\n  <i><br \/>\n    G\u00f6yg\u00f6l sakini polisin \u00f6z\u00fc v\u0259 ail\u0259si t\u0259r\u0259find\u0259n zorak\u0131l\u0131\u011fa m\u0259ruz qald\u0131\u011f\u0131n\u0131, lakin qar\u015f\u0131 t\u0259r\u0259fin v\u0259zif\u0259sin\u0259 g\u00f6r\u0259 onu \u015f\u0259rl\u0259diyini deyir<br \/>\n  <\/i>\n<\/p>\n<p>\n  G\u00f6yg\u00f6l rayonunun \u00c7ayk\u0259nd k\u0259nd sakini F\u0259rid \u018fliyev \u00f6z\u00fc zorak\u0131l\u0131\u011fa m\u0259ruz qal\u0131b z\u0259r\u0259r g\u00f6rd\u00fcy\u00fc halda, \u015f\u0259rl\u0259n\u0259r\u0259k t\u0259qsirl\u0259ndiril\u0259n \u015f\u0259xs\u0259 \u00e7evrildiyini deyir. \u0130ddia edir ki, ona qar\u015f\u0131 zor t\u0259tbiq ed\u0259nl\u0259rin polis \u0259m\u0259kda\u015f\u0131 v\u0259 onun yax\u0131n qohumlar\u0131 oldu\u011funa g\u00f6r\u0259 h\u00fcquq-m\u00fchafiz\u0259 orqanlar\u0131 bu i\u015fi obyektiv ara\u015fd\u0131rmay\u0131b.\n<\/p>\n<p>\n  <b><br \/>\n    \u201cVideo polisin yalan dan\u0131\u015fd\u0131\u011f\u0131n\u0131 s\u00fcbut edir\u201d<br \/>\n  <\/b>\n<\/p>\n<p>\n  41 ya\u015fl\u0131 F\u0259rid \u018fliyev haz\u0131rda h\u0259bsd\u0259 olmasa da, haqq\u0131nda cinay\u0259t t\u0259qibi davam edir. Onun i\u015fin\u0259 G\u00f6yg\u00f6l Rayon M\u0259hk\u0259m\u0259sind\u0259 hakim Q\u0259l\u0259mdar Abbasov bax\u0131r. \u00c7ayk\u0259nd sakini Cinay\u0259t M\u0259c\u0259ll\u0259sinin 221.3 (silah v\u0259 ya silah qismind\u0259 \u0259\u015fyadan istifad\u0259 etm\u0259kl\u0259 xuliqanl\u0131q) madd\u0259sil\u0259 m\u00fchakim\u0259 olunur.\n<\/p>\n<p>\n  Xuliqanl\u0131qda ittiham edil\u0259n F\u0259rid \u018fliyev dan\u0131\u015f\u0131r ki, indi i\u015fin\u0259 baxan hakim Q\u0259l\u0259mdar Abbasov he\u00e7 bir g\u00fcnah\u0131 olmad\u0131\u011f\u0131 halda, bir ne\u00e7\u0259 ay \u0259vv\u0259l onun haqq\u0131nda h\u0259bs q\u0259rar\u0131 \u00e7\u0131xarm\u0131\u015fd\u0131. Sonradan v\u0259kili onun haqq\u0131ndak\u0131 q\u0259rardan apelyasiya \u015fikay\u0259ti verib. M\u00fcdafi\u0259\u00e7i hadis\u0259nin g\u00f6r\u00fcnt\u00fcl\u0259rini d\u0259 G\u0259nc\u0259 Apelyasiya M\u0259hk\u0259m\u0259sind\u0259 t\u0259qdim edib:\n<\/p>\n<p>\n  \u201c\u0130ttihamda yaz\u0131l\u0131b ki, guya m\u0259n b\u0131\u00e7aqla polis \u0259m\u0259kda\u015f\u0131 \u018flizaman H\u00fcmb\u0259tova x\u0259sar\u0259t yetirmi\u015f\u0259m. Amma video bunun yalan oldu\u011funu s\u00fcbut edir. \u00c7\u00fcnki h\u0259min g\u00f6r\u00fcnt\u00fcl\u0259rd\u0259 a\u00e7\u0131q-a\u015fkar g\u00f6r\u00fcn\u00fcr ki, \u0259ksin\u0259, \u018flizaman, onun qarda\u015f\u0131, ata-anas\u0131 m\u0259nim \u00fcst\u00fcm\u0259 t\u00f6k\u00fcl\u00fc\u015f\u00fcb, \u0259ll\u0259rind\u0259ki bel il\u0259 m\u0259nim ba\u015f\u0131ma, b\u0259d\u0259nimin m\u00fcxt\u0259lif nahiy\u0259l\u0259rin\u0259 z\u0259rb\u0259l\u0259r endirirl\u0259r. Onlar\u0131n m\u0259n\u0259 a\u011f\u0131r x\u0259sar\u0259tl\u0259r yetirm\u0259si tibbi r\u0259yl\u0259 d\u0259 t\u0259sdiql\u0259nir. Videoda o da a\u00e7\u0131q g\u00f6r\u00fcn\u00fcr ki, qatlanan b\u0131\u00e7aq \u018flizaman\u0131n \u0259lind\u0259 olub, o a\u00e7\u0131r, \u0259lind\u0259 yell\u0259dir. Bu g\u00f6r\u00fcnt\u00fcl\u0259ri g\u00f6r\u0259nd\u0259n sonra apelyasiya m\u0259hk\u0259m\u0259sinin hakiml\u0259ri m\u0259nim bar\u0259md\u0259 h\u0259bs q\u0259timkan t\u0259dbirinin d\u0259yi\u015fm\u0259sin\u0259 q\u0259rar verdil\u0259r v\u0259 m\u0259n h\u0259bsd\u0259n burax\u0131ld\u0131m&#8230;\u201d\n<\/p>\n<p>\n  F\u0259rid \u018fliyev \u00c7ayk\u0259ndd\u0259 me\u015f\u0259 g\u00f6z\u0259t\u00e7isi olub. Dan\u0131\u015f\u0131r ki, i\u015f n\u00f6vb\u0259sind\u0259 olark\u0259n v\u0259h\u015fi heyvanlardan qorunmaqdan \u00f6tr\u00fc \u00fcst\u00fcnd\u0259 ma\u011fazadan ald\u0131\u011f\u0131 qatlanan b\u0131\u00e7aq g\u0259zdirir. Hadis\u0259 g\u00fcn\u00fc d\u0259 i\u015fd\u0259n \u00e7\u0131x\u0131b g\u0259ldiyini yada salan k\u0259nd sakininin s\u00f6zl\u0259rin\u0259 g\u00f6r\u0259, dava vaxt\u0131 b\u0131\u00e7aq belind\u0259 olub. Onu oradan g\u00f6t\u00fcr\u00fcb a\u00e7an is\u0259 \u018flizaman H\u00fcmb\u0259tovdur. Deyir ki, h\u0259min vaxt onun \u00f6z\u00fcn\u00fcn b\u0131\u00e7a\u011fa \u0259li d\u0259ym\u0259yib:\n<\/p>\n<p>\n  \u201cM\u0259n onlar\u0131n \u0259ll\u0259rind\u0259n zorla qa\u00e7d\u0131m. Bel, taxta par\u00e7alar\u0131yla d\u00f6rd n\u0259f\u0259r \u00fcst\u00fcm\u0259 d\u00fc\u015f\u00fcbs\u0259, v\u0259ziyy\u0259timi t\u0259s\u0259vv\u00fcr edin. Qa\u00e7anda dedim ki, \u201cbu d\u0259qiq\u0259 102-y\u0259, prokurorlu\u011fa \u015fikay\u0259t ed\u0259c\u0259m\u201d. Bunu e\u015fid\u0259n \u018flizaman \u00e7\u0259n\u0259sin\u0259 h\u0259min b\u0131\u00e7aqla c\u0131z\u0131q at\u0131b ki, guya m\u0259n ona x\u0259sar\u0259t yetirmi\u015f\u0259m. Videoda da g\u00f6r\u00fcn\u00fcr, m\u0259n he\u00e7 onunla \u00fcz-\u00fcz\u0259 g\u0259lmi\u015f\u0259m ki, x\u0259sar\u0259t d\u0259 yetirim?! M\u0259ni arxadan bo\u011faz\u0131mdan tutub, yer\u0259 y\u0131x\u0131b. Yerd\u0259 d\u0259 \u0259ll\u0259rind\u0259kil\u0259rl\u0259 ba\u015f\u0131ma, b\u0259d\u0259nim\u0259 vurublar\u201d.\n<\/p>\n<p>\n  <b><br \/>\n    \u201cPolisl\u0259r ist\u0259mirdi ki, m\u0259ni o v\u0259ziyy\u0259td\u0259 k\u0259nar adamlar g\u00f6rs\u00fcn\u201d<br \/>\n  <\/b>\n<\/p>\n<p>\n  K\u0259nd sakini polis \u0259m\u0259kda\u015f\u0131 v\u0259 ail\u0259 \u00fczvl\u0259rind\u0259n \u015fikay\u0259t\u00e7i olsa da, h\u0259min g\u00fcn onun \u00f6z\u00fcn\u00fc saxlay\u0131blar, bar\u0259sind\u0259 cinay\u0259t i\u015fi ba\u015flan\u0131b. O gec\u0259 G\u00f6yg\u00f6l Rayon Polis \u015e\u00f6b\u0259sinin m\u00fcv\u0259qq\u0259ti saxlama yerin\u0259 sal\u0131nan F\u0259rid \u018fliyevin ald\u0131\u011f\u0131 x\u0259sar\u0259tl\u0259rd\u0259n v\u0259ziyy\u0259ti pisl\u0259\u015fib. Onu polis \u015f\u00f6b\u0259sind\u0259n t\u0259cili klinikaya \u00e7atd\u0131r\u0131blar:\n<\/p>\n<p>\n  \u201c\u015e\u00f6b\u0259d\u0259 yer\u0259 y\u0131x\u0131ld\u0131m, kamerada saxlan\u0131lan ba\u015fqa \u015f\u0259xsl\u0259r d\u0259rhal polisl\u0259ri \u00e7a\u011f\u0131rd\u0131lar. Onlar gec\u0259 il\u0259 m\u0259ni x\u0259st\u0259xanaya \u00e7atd\u0131rd\u0131lar. Orada ba\u015f-beyin aparat\u0131na sald\u0131lar. R\u0259yd\u0259n d\u0259 g\u00f6r\u00fcn\u00fcr ki, h\u0259m ba\u015f\u0131mda, h\u0259m d\u0259 b\u0259d\u0259nimd\u0259 a\u011f\u0131r x\u0259sar\u0259tl\u0259r var. Orada tibbi yard\u0131m g\u00f6st\u0259ril\u0259nd\u0259n sonra \u00e7\u0131xar\u0131b g\u0259tirdil\u0259r. \u0130st\u0259mirdil\u0259r ki, m\u0259ni o v\u0259ziyy\u0259td\u0259 k\u0259nar adamlar g\u00f6rs\u00fcn. \u00dc\u00e7 g\u00fcn \u0259rzind\u0259 saxlanma\u011f\u0131m haqda he\u00e7 ail\u0259m\u0259 d\u0259 m\u0259lumat verm\u0259mi\u015fdil\u0259r\u201d.\n<\/p>\n<p>\n  F\u0259rid \u018fliyev h\u0259mk\u0259ndlisi olan \u018flizaman H\u00fcmb\u0259tov v\u0259 onun ail\u0259 \u00fczvl\u0259ril\u0259 davan\u0131n nec\u0259 ba\u015flad\u0131\u011f\u0131n\u0131 da dan\u0131\u015f\u0131b. Onun s\u00f6zl\u0259rin\u0259 g\u00f6r\u0259, ba\u015f ver\u0259nl\u0259rin k\u00f6k\u00fcnd\u0259 \u00c7ayk\u0259ndd\u0259n olan ba\u015fqa bir polis \u0259m\u0259kda\u015f\u0131 K\u00fcrdo\u011flu H\u00fcseynov dayan\u0131r:\n<\/p>\n<p>\n  \u201cK\u00fcrdo\u011flu H\u00fcseynov bizim k\u0259ndd\u0259ndir, amma G\u0259nc\u0259d\u0259 i\u015fl\u0259yir. Aprelin 6-da m\u0259n i\u015fd\u0259n g\u0259l\u0259nd\u0259 z\u0259ng el\u0259di ki, s\u0259ninl\u0259 i\u015fim var, g\u00f6r\u00fc\u015f\u0259 bil\u0259rik? Bundan t\u0259xmin\u0259n \u00fc\u00e7 g\u00fcn \u0259vv\u0259l k\u0259ndd\u0259 k\u0259nardan g\u0259l\u0259n bir ma\u015f\u0131n\u0131n n\u00f6mr\u0259si a\u00e7\u0131lm\u0131\u015fd\u0131, k\u0259ndd\u0259 ham\u0131 dan\u0131\u015f\u0131rd\u0131. Dedi ki, s\u0259ninl\u0259 bu m\u0259s\u0259l\u0259 il\u0259 ba\u011fl\u0131 i\u015fim var. Ma\u015f\u0131n\u0131n\u0131n n\u00f6mr\u0259si s\u00f6k\u00fcl\u0259n kimin evin\u0259 qonaq g\u0259lmi\u015fdis\u0259, onun q\u0131z\u0131 k\u0259ndd\u0259 m\u0259nim dostumun evind\u0259 ya\u015fay\u0131r. K\u00fcrdo\u011fluya dedim ki, indi me\u015f\u0259d\u0259n d\u00fc\u015f\u00fcr\u0259m, \u00e7at\u0131m, gedib o adamla dan\u0131\u015faram, soru\u015faram ki, n\u0259 x\u0259b\u0259r var? Gedib dan\u0131\u015fd\u0131m, dedi ki, anamgili g\u0259tir\u0259n taksi olub, tap\u0131l\u0131b-tap\u0131lmamas\u0131ndan x\u0259b\u0259rim yoxdur\u201d.\n<\/p>\n<p>\n  F\u0259rid \u018fliyevin s\u00f6zl\u0259rin\u0259 g\u00f6r\u0259, qad\u0131ndan e\u015fitdiyi bu cavab\u0131 polis \u0259m\u0259kda\u015f\u0131na telefonla \u00e7atd\u0131r\u0131b. Bu d\u0259f\u0259 K\u00fcrdo\u011flu H\u00fcseynov iddia edib ki, ma\u015f\u0131n\u0131n n\u00f6mr\u0259sini ya o a\u00e7\u0131b, ya da bu m\u0259s\u0259l\u0259d\u0259n x\u0259b\u0259ri var: \u201cDedim, ay\u0131bd\u0131r, o\u011flum yerind\u0259s\u0259n, m\u0259n\u0259 niy\u0259 \u015f\u0259r at\u0131rsan? Ard\u0131nca atas\u0131na z\u0259ng el\u0259dim ki, o\u011flun m\u0259n\u0259 bel\u0259 iftira at\u0131r. Atas\u0131 dedi ki, indi z\u0259ng el\u0259yir\u0259m ona. T\u0259xmin\u0259n on d\u0259qiq\u0259 sonra bir daha K\u00fcrdo\u011fludan z\u0259ng g\u0259ldi, telefonu a\u00e7an kimi dedim ki, m\u0259nd\u0259n \u0259l \u00e7\u0259k, atana da z\u0259ng el\u0259mi\u015f\u0259m. H\u0259l\u0259 d\u0259 h\u0259min evd\u0259ydim, oturdum ki, bir st\u0259kan \u00e7ay i\u00e7im, K\u00fcrdo\u011flu evin darvazas\u0131ndan girib, y\u00fcks\u0259k s\u0259sl\u0259 m\u0259ni \u00e7a\u011f\u0131rd\u0131. \u00c7\u0131x\u0131b dedim ki, camaat\u0131n evind\u0259 s\u0259s-k\u00fcy salma. Dedi ki, g\u0259l \u00e7\u00f6l\u0259 \u00e7\u0131xaq, s\u00f6hb\u0259t el\u0259y\u0259k. Bununla b\u0259rab\u0259r darvazadan \u00e7\u0131xanda g\u00f6rd\u00fcm ki, bir n\u0259f\u0259r saqqall\u0131 adam dayan\u0131b. N\u00f6mr\u0259ni t\u0259l\u0259b el\u0259di, and i\u00e7dim ki, x\u0259b\u0259rim yoxdur. Saqqall\u0131 yumruqla sif\u0259timd\u0259n vuranda a\u011fz\u0131mdak\u0131 qapaq di\u015f d\u00fc\u015fd\u00fc. K\u00fcrdo\u011flunun qolundan tutdum, dedim ki, \u0259ynind\u0259 forma var, vurmaq ist\u0259mir\u0259m, h\u0259ddini a\u015f\u0131rsan. H\u0259min vaxt onunla dost olan, h\u0259min \u0259razid\u0259 ya\u015fayan \u018flizaman v\u0259 qarda\u015f\u0131 g\u0259ldi. M\u0259ni arxadan bo\u011faz\u0131mdan tutub, dart\u0131b y\u0131xd\u0131lar, yerd\u0259 t\u0259pikl\u0259dil\u0259r. Birt\u0259h\u0259r ev sahibin\u0259 s\u0259sl\u0259ndim ki, telefonumu g\u0259tir, \u201c102\u201dy\u0259 x\u0259b\u0259r verim, polisl\u0259r m\u0259ni d\u00f6y\u00fcr. Bunu e\u015fid\u0259nd\u0259 K\u00fcrdo\u011flu v\u0259 yan\u0131ndak\u0131 saqqall\u0131 h\u0259r\u0259si \u00f6z ma\u015f\u0131n\u0131na minib getdi&#8230;\u201d\n<\/p>\n<p>\n  <b><br \/>\n    \u201cO g\u00f6r\u00fcnt\u00fcl\u0259r\u0259 baxan balaca u\u015faq da bilir ki, b\u0131\u00e7a\u011f\u0131 polis \u00e7\u0131xar\u0131b\u201d<br \/>\n  <\/b>\n<\/p>\n<p>\n  F\u0259rid \u018fliyev deyir ki, el\u0259 h\u0259min \u0259r\u0259f\u0259d\u0259 \u018flizaman H\u00fcmb\u0259tov v\u0259 qarda\u015f\u0131n\u0131n ard\u0131nca ata-anas\u0131 da g\u0259lib. H\u0259min vaxt \u0259ll\u0259rind\u0259 bel v\u0259 taxta par\u00e7as\u0131 olub. \u018fvv\u0259l \u018flizaman H\u00fcmb\u0259tov \u00fczr ist\u0259yib, \u015fikay\u0259t etm\u0259m\u0259sini xahi\u015f edib. O, raz\u0131la\u015fmayanda is\u0259 yenid\u0259n dava ba\u015flay\u0131b: \u201cQarda\u015f\u0131 s\u00f6y\u00fc\u015f s\u00f6y\u00fcb dedi ki, get, n\u0259 bilirs\u0259n, el\u0259. Dedim, ay\u0131bd\u0131r, qad\u0131n xeyla\u011f\u0131 var. Bunlar iki qarda\u015f, ata v\u0259 anas\u0131 m\u0259ni bell\u0259 ba\u015f\u0131ma, b\u0259d\u0259nim\u0259 o q\u0259d\u0259r vurdular, deyil\u0259si deyil&#8230;\u201d\n<\/p>\n<p>\n  T\u0259qsirl\u0259ndiril\u0259n \u015f\u0259xsin v\u0259kili istintaqda v\u0259sat\u0259tl\u0259r qald\u0131r\u0131b ki, K\u00fcrdo\u011flu H\u00fcseynovla F\u0259rid \u018fliyev aras\u0131ndak\u0131 telefon dan\u0131\u015f\u0131qlar\u0131 ara\u015fd\u0131r\u0131ls\u0131n, polis \u0259m\u0259kda\u015f\u0131n\u0131n mobil telefonunun anten dair\u0259l\u0259ri vasit\u0259sil\u0259 onun harada oldu\u011fu m\u00fc\u0259yy\u0259nl\u0259\u015fdirilsin. M\u00fcdafi\u0259 t\u0259r\u0259fini naraz\u0131 salan odur ki, istintaq bu m\u0259s\u0259l\u0259l\u0259rin he\u00e7 birini ara\u015fd\u0131rmay\u0131b, videog\u00f6r\u00fcnt\u00fcy\u0259 h\u00fcquqi qiym\u0259t verm\u0259yib: \u201cBildiyim\u0259 g\u00f6r\u0259, prokurorluqda y\u00fcks\u0259k v\u0259zif\u0259d\u0259 \u00e7al\u0131\u015fm\u0131\u015f R\u0259\u015fid Qurbanov K\u00fcrdo\u011flu H\u00fcseynovgilin qohumudur. Onun tap\u015f\u0131r\u0131\u011f\u0131yla prokurorluq da q\u0259r\u0259zli m\u00f6vqe tutdu, polisin m\u0259ni \u015f\u0259rl\u0259m\u0259sin\u0259 g\u00f6z yumdu. D\u00fcz\u00fc, m\u0259hk\u0259m\u0259y\u0259 d\u0259 bir o q\u0259d\u0259r \u00fcmidim yoxdur. \u00c7\u00fcnki m\u0259nim he\u00e7 bir g\u00fcnah\u0131m olmad\u0131\u011f\u0131 halda, Q\u0259l\u0259mdar Abbasov haqq\u0131mda h\u0259bs q\u0259rar\u0131 \u00e7\u0131xarm\u0131\u015fd\u0131. O videoya baxan balaca u\u015faq da g\u00f6r\u0259r ki, b\u0131\u00e7a\u011f\u0131 polis \u00e7\u0131xar\u0131b, m\u0259ni nec\u0259 ittiham el\u0259m\u0259k olar?\u201d\n<\/p>\n<p>\n  <b><br \/>\n    Polis: \u201cBa\u015f\u0131ndan bel il\u0259 vurdum ki, m\u00fcqavim\u0259tini q\u0131r\u0131m\u201d<br \/>\n  <\/b>\n<\/p>\n<p>\n  G\u00f6yg\u00f6l Rayon Polis \u015e\u00f6b\u0259sinin Sar\u0131su Polis b\u00f6lm\u0259sinin \u0259m\u0259kda\u015f\u0131, polis serjant\u0131 \u018flizaman H\u00fcmb\u0259tov is\u0259 iddia edir ki, F\u0259rid \u018fliyev b\u0131\u00e7aqla ona x\u0259sar\u0259t yetirib. Onun s\u00f6zl\u0259rin\u0259 g\u00f6r\u0259, qon\u015fuluqlar\u0131ndak\u0131 qad\u0131nla qeyri-r\u0259smi ya\u015fayan F\u0259rid \u018fliyev hadis\u0259 g\u00fcn\u00fc orada s\u00f6y\u00fc\u015f s\u00f6y\u00fcb. Qarda\u015f\u0131 Nem\u0259t H\u00fcmb\u0259tov bu \u00fczd\u0259n ona irad bildirib. Bu zaman aralar\u0131nda m\u00fcbahis\u0259 yaran\u0131b.\n<\/p>\n<p>\n  Polis \u0259m\u0259kda\u015f\u0131n\u0131n iddias\u0131na g\u00f6r\u0259, F\u0259rid \u018fliyev qarda\u015f\u0131n\u0131 b\u0131\u00e7aqla vurmaq ist\u0259y\u0259nd\u0259 o, \u00f6n\u00fcn\u0259 ke\u00e7ib: \u201cBu zaman m\u0259ni bo\u011faz\u0131mdan vurmaq ist\u0259di, ba\u015f\u0131m\u0131 \u00e7\u0259kdim, \u00e7\u0259n\u0259m\u0259 d\u0259ydi\u201d.\n<\/p>\n<p>\n  \u018flizaman H\u00fcmb\u0259tov etiraf edib ki, \u00f6z\u00fc d\u0259, ail\u0259 \u00fczvl\u0259ri d\u0259 F\u0259rid \u018fliyev\u0259 bel, taxta par\u00e7alar\u0131 il\u0259 x\u0259sar\u0259t yetiribl\u0259r. Onun s\u00f6zl\u0259rin\u0259 g\u00f6r\u0259, m\u0259qs\u0259dl\u0259ri onun \u0259lind\u0259n b\u0131\u00e7a\u011f\u0131 almaq olub, bu \u00fczd\u0259n onu vurublar.\n<\/p>\n<p>\n  \u201cBa\u015f\u0131ndan bel il\u0259 vururdum ki, m\u00fcqavim\u0259ti q\u0131r\u0131ls\u0131n, b\u0131\u00e7aq \u0259lind\u0259n d\u00fc\u015fs\u00fcn&#8230;\u201d, &#8211; polis serjant\u0131n\u0131n s\u00f6zl\u0259ridir.\n<\/p>\n<p>\n  Bu i\u015fl\u0259 ba\u011fl\u0131 m\u0259hk\u0259m\u0259 prosesi davam edir.<\/p>\n","protected":false},"excerpt":{"rendered":"<p>\u201cBu zaman m\u0259ni bo\u011faz\u0131mdan vurmaq ist\u0259di, ba\u015f\u0131m\u0131 \u00e7\u0259kdim, \u00e7\u0259n\u0259m\u0259 d\u0259ydi\u201d.<\/p>\n","protected":false},"author":11,"featured_media":210635,"comment_status":"closed","ping_status":"open","sticky":false,"template":"","format":"standard","meta":{"_acf_changed":false,"_sitemap_exclude":false,"_sitemap_priority":"","_sitemap_frequency":"","footnotes":""},"categories":[60],"tags":[],"class_list":["post-213087","post","type-post","status-publish","format-standard","has-post-thumbnail","hentry","category-bolge","infinite-scroll-item","generate-columns","tablet-grid-50","mobile-grid-100","grid-parent","grid-33","no-featured-image-padding"],"acf":[],"yoast_head":"<!-- This site is optimized with the Yoast SEO plugin v27.5 - https:\/\/yoast.com\/product\/yoast-seo-wordpress\/ -->\n<title>\u201cPolis ba\u015f\u0131ma, b\u0259d\u0259nim\u0259 bel il\u0259 a\u011f\u0131r x\u0259sar\u0259t yetirib\u201d - MEYDAN.TV<\/title>\n<meta name=\"robots\" content=\"index, follow, max-snippet:-1, max-image-preview:large, max-video-preview:-1\" \/>\n<link rel=\"canonical\" href=\"https:\/\/www.meydan.tv\/az\/article\/polis-basima-bedenime-bel-ile-agir-xesaret-yetirib\/\" \/>\n<meta property=\"og:locale\" content=\"az_AZ\" \/>\n<meta property=\"og:type\" content=\"article\" \/>\n<meta property=\"og:title\" content=\"\u201cPolis ba\u015f\u0131ma, b\u0259d\u0259nim\u0259 bel il\u0259 a\u011f\u0131r x\u0259sar\u0259t yetirib\u201d - MEYDAN.TV\" \/>\n<meta property=\"og:description\" content=\"\u201cBu zaman m\u0259ni bo\u011faz\u0131mdan vurmaq ist\u0259di, ba\u015f\u0131m\u0131 \u00e7\u0259kdim, \u00e7\u0259n\u0259m\u0259 d\u0259ydi\u201d.\" \/>\n<meta property=\"og:url\" content=\"https:\/\/www.meydan.tv\/az\/article\/polis-basima-bedenime-bel-ile-agir-xesaret-yetirib\/\" \/>\n<meta property=\"og:site_name\" content=\"MEYDAN.TV\" \/>\n<meta property=\"article:published_time\" content=\"2021-09-30T12:22:08+00:00\" \/>\n<meta property=\"og:image\" content=\"https:\/\/www.meydan.tv\/wp-content\/uploads\/screenshot_2021-09-30_at_12.15.07-1200x597.png\" \/>\n\t<meta property=\"og:image:width\" content=\"1200\" \/>\n\t<meta property=\"og:image:height\" content=\"597\" \/>\n\t<meta property=\"og:image:type\" content=\"image\/png\" \/>\n<meta name=\"author\" content=\"user-manager\" \/>\n<meta name=\"twitter:card\" content=\"summary_large_image\" \/>\n<script type=\"application\/ld+json\" class=\"yoast-schema-graph\">{\"@context\":\"https:\\\/\\\/schema.org\",\"@graph\":[{\"@type\":\"Article\",\"@id\":\"https:\\\/\\\/www.meydan.tv\\\/az\\\/article\\\/polis-basima-bedenime-bel-ile-agir-xesaret-yetirib\\\/#article\",\"isPartOf\":{\"@id\":\"https:\\\/\\\/www.meydan.tv\\\/az\\\/article\\\/polis-basima-bedenime-bel-ile-agir-xesaret-yetirib\\\/\"},\"author\":{\"name\":\"user-manager\",\"@id\":\"https:\\\/\\\/www.meydan.tv\\\/az\\\/#\\\/schema\\\/person\\\/10d11eccf6da3662cf5fdab9806ea91a\"},\"headline\":\"\u201cPolis ba\u015f\u0131ma, b\u0259d\u0259nim\u0259 bel il\u0259 a\u011f\u0131r x\u0259sar\u0259t yetirib\u201d\",\"datePublished\":\"2021-09-30T12:22:08+00:00\",\"mainEntityOfPage\":{\"@id\":\"https:\\\/\\\/www.meydan.tv\\\/az\\\/article\\\/polis-basima-bedenime-bel-ile-agir-xesaret-yetirib\\\/\"},\"wordCount\":1931,\"publisher\":{\"@id\":\"https:\\\/\\\/www.meydan.tv\\\/az\\\/#organization\"},\"image\":{\"@id\":\"https:\\\/\\\/www.meydan.tv\\\/az\\\/article\\\/polis-basima-bedenime-bel-ile-agir-xesaret-yetirib\\\/#primaryimage\"},\"thumbnailUrl\":\"https:\\\/\\\/www.meydan.tv\\\/wp-content\\\/uploads\\\/screenshot_2021-09-30_at_12.15.07.png\",\"articleSection\":[\"B\u00f6lg\u0259\"],\"inLanguage\":\"az\"},{\"@type\":\"WebPage\",\"@id\":\"https:\\\/\\\/www.meydan.tv\\\/az\\\/article\\\/polis-basima-bedenime-bel-ile-agir-xesaret-yetirib\\\/\",\"url\":\"https:\\\/\\\/www.meydan.tv\\\/az\\\/article\\\/polis-basima-bedenime-bel-ile-agir-xesaret-yetirib\\\/\",\"name\":\"\u201cPolis ba\u015f\u0131ma, b\u0259d\u0259nim\u0259 bel il\u0259 a\u011f\u0131r x\u0259sar\u0259t yetirib\u201d - MEYDAN.TV\",\"isPartOf\":{\"@id\":\"https:\\\/\\\/www.meydan.tv\\\/az\\\/#website\"},\"primaryImageOfPage\":{\"@id\":\"https:\\\/\\\/www.meydan.tv\\\/az\\\/article\\\/polis-basima-bedenime-bel-ile-agir-xesaret-yetirib\\\/#primaryimage\"},\"image\":{\"@id\":\"https:\\\/\\\/www.meydan.tv\\\/az\\\/article\\\/polis-basima-bedenime-bel-ile-agir-xesaret-yetirib\\\/#primaryimage\"},\"thumbnailUrl\":\"https:\\\/\\\/www.meydan.tv\\\/wp-content\\\/uploads\\\/screenshot_2021-09-30_at_12.15.07.png\",\"datePublished\":\"2021-09-30T12:22:08+00:00\",\"breadcrumb\":{\"@id\":\"https:\\\/\\\/www.meydan.tv\\\/az\\\/article\\\/polis-basima-bedenime-bel-ile-agir-xesaret-yetirib\\\/#breadcrumb\"},\"inLanguage\":\"az\",\"potentialAction\":[{\"@type\":\"ReadAction\",\"target\":[\"https:\\\/\\\/www.meydan.tv\\\/az\\\/article\\\/polis-basima-bedenime-bel-ile-agir-xesaret-yetirib\\\/\"]}]},{\"@type\":\"ImageObject\",\"inLanguage\":\"az\",\"@id\":\"https:\\\/\\\/www.meydan.tv\\\/az\\\/article\\\/polis-basima-bedenime-bel-ile-agir-xesaret-yetirib\\\/#primaryimage\",\"url\":\"https:\\\/\\\/www.meydan.tv\\\/wp-content\\\/uploads\\\/screenshot_2021-09-30_at_12.15.07.png\",\"contentUrl\":\"https:\\\/\\\/www.meydan.tv\\\/wp-content\\\/uploads\\\/screenshot_2021-09-30_at_12.15.07.png\",\"width\":1958,\"height\":974,\"caption\":\"Source: Specify Source\"},{\"@type\":\"BreadcrumbList\",\"@id\":\"https:\\\/\\\/www.meydan.tv\\\/az\\\/article\\\/polis-basima-bedenime-bel-ile-agir-xesaret-yetirib\\\/#breadcrumb\",\"itemListElement\":[{\"@type\":\"ListItem\",\"position\":1,\"name\":\"Ana s\u0259hif\u0259\",\"item\":\"https:\\\/\\\/www.meydan.tv\\\/az\\\/\"},{\"@type\":\"ListItem\",\"position\":2,\"name\":\"B\u00f6lg\u0259\",\"item\":\"https:\\\/\\\/www.meydan.tv\\\/az\\\/section\\\/bolge\\\/\"},{\"@type\":\"ListItem\",\"position\":3,\"name\":\"\u201cPolis ba\u015f\u0131ma, b\u0259d\u0259nim\u0259 bel il\u0259 a\u011f\u0131r x\u0259sar\u0259t yetirib\u201d\"}]},{\"@type\":\"WebSite\",\"@id\":\"https:\\\/\\\/www.meydan.tv\\\/az\\\/#website\",\"url\":\"https:\\\/\\\/www.meydan.tv\\\/az\\\/\",\"name\":\"MEYDAN.TV\",\"description\":\"Meydan TV Az\u0259rbaycan\u0131n media m\u0259kan\u0131ndak\u0131 alternativ s\u0259sidir\",\"publisher\":{\"@id\":\"https:\\\/\\\/www.meydan.tv\\\/az\\\/#organization\"},\"potentialAction\":[{\"@type\":\"SearchAction\",\"target\":{\"@type\":\"EntryPoint\",\"urlTemplate\":\"https:\\\/\\\/www.meydan.tv\\\/az\\\/?s={search_term_string}\"},\"query-input\":{\"@type\":\"PropertyValueSpecification\",\"valueRequired\":true,\"valueName\":\"search_term_string\"}}],\"inLanguage\":\"az\"},{\"@type\":\"Organization\",\"@id\":\"https:\\\/\\\/www.meydan.tv\\\/az\\\/#organization\",\"name\":\"Meydan TV\",\"url\":\"https:\\\/\\\/www.meydan.tv\\\/az\\\/\",\"logo\":{\"@type\":\"ImageObject\",\"inLanguage\":\"az\",\"@id\":\"https:\\\/\\\/www.meydan.tv\\\/az\\\/#\\\/schema\\\/logo\\\/image\\\/\",\"url\":\"https:\\\/\\\/www.meydan.tv\\\/wp-content\\\/uploads\\\/2021\\\/07\\\/meydan-logo.svg\",\"contentUrl\":\"https:\\\/\\\/www.meydan.tv\\\/wp-content\\\/uploads\\\/2021\\\/07\\\/meydan-logo.svg\",\"width\":195,\"height\":46,\"caption\":\"Meydan TV\"},\"image\":{\"@id\":\"https:\\\/\\\/www.meydan.tv\\\/az\\\/#\\\/schema\\\/logo\\\/image\\\/\"}},{\"@type\":\"Person\",\"@id\":\"https:\\\/\\\/www.meydan.tv\\\/az\\\/#\\\/schema\\\/person\\\/10d11eccf6da3662cf5fdab9806ea91a\",\"name\":\"user-manager\"}]}<\/script>\n<!-- \/ Yoast SEO plugin. -->","yoast_head_json":{"title":"\u201cPolis ba\u015f\u0131ma, b\u0259d\u0259nim\u0259 bel il\u0259 a\u011f\u0131r x\u0259sar\u0259t yetirib\u201d - MEYDAN.TV","robots":{"index":"index","follow":"follow","max-snippet":"max-snippet:-1","max-image-preview":"max-image-preview:large","max-video-preview":"max-video-preview:-1"},"canonical":"https:\/\/www.meydan.tv\/az\/article\/polis-basima-bedenime-bel-ile-agir-xesaret-yetirib\/","og_locale":"az_AZ","og_type":"article","og_title":"\u201cPolis ba\u015f\u0131ma, b\u0259d\u0259nim\u0259 bel il\u0259 a\u011f\u0131r x\u0259sar\u0259t yetirib\u201d - MEYDAN.TV","og_description":"\u201cBu zaman m\u0259ni bo\u011faz\u0131mdan vurmaq ist\u0259di, ba\u015f\u0131m\u0131 \u00e7\u0259kdim, \u00e7\u0259n\u0259m\u0259 d\u0259ydi\u201d.","og_url":"https:\/\/www.meydan.tv\/az\/article\/polis-basima-bedenime-bel-ile-agir-xesaret-yetirib\/","og_site_name":"MEYDAN.TV","article_published_time":"2021-09-30T12:22:08+00:00","og_image":[{"width":1200,"height":597,"url":"https:\/\/www.meydan.tv\/wp-content\/uploads\/screenshot_2021-09-30_at_12.15.07-1200x597.png","type":"image\/png"}],"author":"user-manager","twitter_card":"summary_large_image","schema":{"@context":"https:\/\/schema.org","@graph":[{"@type":"Article","@id":"https:\/\/www.meydan.tv\/az\/article\/polis-basima-bedenime-bel-ile-agir-xesaret-yetirib\/#article","isPartOf":{"@id":"https:\/\/www.meydan.tv\/az\/article\/polis-basima-bedenime-bel-ile-agir-xesaret-yetirib\/"},"author":{"name":"user-manager","@id":"https:\/\/www.meydan.tv\/az\/#\/schema\/person\/10d11eccf6da3662cf5fdab9806ea91a"},"headline":"\u201cPolis ba\u015f\u0131ma, b\u0259d\u0259nim\u0259 bel il\u0259 a\u011f\u0131r x\u0259sar\u0259t yetirib\u201d","datePublished":"2021-09-30T12:22:08+00:00","mainEntityOfPage":{"@id":"https:\/\/www.meydan.tv\/az\/article\/polis-basima-bedenime-bel-ile-agir-xesaret-yetirib\/"},"wordCount":1931,"publisher":{"@id":"https:\/\/www.meydan.tv\/az\/#organization"},"image":{"@id":"https:\/\/www.meydan.tv\/az\/article\/polis-basima-bedenime-bel-ile-agir-xesaret-yetirib\/#primaryimage"},"thumbnailUrl":"https:\/\/www.meydan.tv\/wp-content\/uploads\/screenshot_2021-09-30_at_12.15.07.png","articleSection":["B\u00f6lg\u0259"],"inLanguage":"az"},{"@type":"WebPage","@id":"https:\/\/www.meydan.tv\/az\/article\/polis-basima-bedenime-bel-ile-agir-xesaret-yetirib\/","url":"https:\/\/www.meydan.tv\/az\/article\/polis-basima-bedenime-bel-ile-agir-xesaret-yetirib\/","name":"\u201cPolis ba\u015f\u0131ma, b\u0259d\u0259nim\u0259 bel il\u0259 a\u011f\u0131r x\u0259sar\u0259t yetirib\u201d - MEYDAN.TV","isPartOf":{"@id":"https:\/\/www.meydan.tv\/az\/#website"},"primaryImageOfPage":{"@id":"https:\/\/www.meydan.tv\/az\/article\/polis-basima-bedenime-bel-ile-agir-xesaret-yetirib\/#primaryimage"},"image":{"@id":"https:\/\/www.meydan.tv\/az\/article\/polis-basima-bedenime-bel-ile-agir-xesaret-yetirib\/#primaryimage"},"thumbnailUrl":"https:\/\/www.meydan.tv\/wp-content\/uploads\/screenshot_2021-09-30_at_12.15.07.png","datePublished":"2021-09-30T12:22:08+00:00","breadcrumb":{"@id":"https:\/\/www.meydan.tv\/az\/article\/polis-basima-bedenime-bel-ile-agir-xesaret-yetirib\/#breadcrumb"},"inLanguage":"az","potentialAction":[{"@type":"ReadAction","target":["https:\/\/www.meydan.tv\/az\/article\/polis-basima-bedenime-bel-ile-agir-xesaret-yetirib\/"]}]},{"@type":"ImageObject","inLanguage":"az","@id":"https:\/\/www.meydan.tv\/az\/article\/polis-basima-bedenime-bel-ile-agir-xesaret-yetirib\/#primaryimage","url":"https:\/\/www.meydan.tv\/wp-content\/uploads\/screenshot_2021-09-30_at_12.15.07.png","contentUrl":"https:\/\/www.meydan.tv\/wp-content\/uploads\/screenshot_2021-09-30_at_12.15.07.png","width":1958,"height":974,"caption":"Source: Specify Source"},{"@type":"BreadcrumbList","@id":"https:\/\/www.meydan.tv\/az\/article\/polis-basima-bedenime-bel-ile-agir-xesaret-yetirib\/#breadcrumb","itemListElement":[{"@type":"ListItem","position":1,"name":"Ana s\u0259hif\u0259","item":"https:\/\/www.meydan.tv\/az\/"},{"@type":"ListItem","position":2,"name":"B\u00f6lg\u0259","item":"https:\/\/www.meydan.tv\/az\/section\/bolge\/"},{"@type":"ListItem","position":3,"name":"\u201cPolis ba\u015f\u0131ma, b\u0259d\u0259nim\u0259 bel il\u0259 a\u011f\u0131r x\u0259sar\u0259t yetirib\u201d"}]},{"@type":"WebSite","@id":"https:\/\/www.meydan.tv\/az\/#website","url":"https:\/\/www.meydan.tv\/az\/","name":"MEYDAN.TV","description":"Meydan TV Az\u0259rbaycan\u0131n media m\u0259kan\u0131ndak\u0131 alternativ s\u0259sidir","publisher":{"@id":"https:\/\/www.meydan.tv\/az\/#organization"},"potentialAction":[{"@type":"SearchAction","target":{"@type":"EntryPoint","urlTemplate":"https:\/\/www.meydan.tv\/az\/?s={search_term_string}"},"query-input":{"@type":"PropertyValueSpecification","valueRequired":true,"valueName":"search_term_string"}}],"inLanguage":"az"},{"@type":"Organization","@id":"https:\/\/www.meydan.tv\/az\/#organization","name":"Meydan TV","url":"https:\/\/www.meydan.tv\/az\/","logo":{"@type":"ImageObject","inLanguage":"az","@id":"https:\/\/www.meydan.tv\/az\/#\/schema\/logo\/image\/","url":"https:\/\/www.meydan.tv\/wp-content\/uploads\/2021\/07\/meydan-logo.svg","contentUrl":"https:\/\/www.meydan.tv\/wp-content\/uploads\/2021\/07\/meydan-logo.svg","width":195,"height":46,"caption":"Meydan TV"},"image":{"@id":"https:\/\/www.meydan.tv\/az\/#\/schema\/logo\/image\/"}},{"@type":"Person","@id":"https:\/\/www.meydan.tv\/az\/#\/schema\/person\/10d11eccf6da3662cf5fdab9806ea91a","name":"user-manager"}]}},"_links":{"self":[{"href":"https:\/\/www.meydan.tv\/az\/wp-json\/wp\/v2\/posts\/213087","targetHints":{"allow":["GET"]}}],"collection":[{"href":"https:\/\/www.meydan.tv\/az\/wp-json\/wp\/v2\/posts"}],"about":[{"href":"https:\/\/www.meydan.tv\/az\/wp-json\/wp\/v2\/types\/post"}],"author":[{"embeddable":true,"href":"https:\/\/www.meydan.tv\/az\/wp-json\/wp\/v2\/users\/11"}],"replies":[{"embeddable":true,"href":"https:\/\/www.meydan.tv\/az\/wp-json\/wp\/v2\/comments?post=213087"}],"version-history":[{"count":0,"href":"https:\/\/www.meydan.tv\/az\/wp-json\/wp\/v2\/posts\/213087\/revisions"}],"wp:featuredmedia":[{"embeddable":true,"href":"https:\/\/www.meydan.tv\/az\/wp-json\/wp\/v2\/media\/210635"}],"wp:attachment":[{"href":"https:\/\/www.meydan.tv\/az\/wp-json\/wp\/v2\/media?parent=213087"}],"wp:term":[{"taxonomy":"category","embeddable":true,"href":"https:\/\/www.meydan.tv\/az\/wp-json\/wp\/v2\/categories?post=213087"},{"taxonomy":"post_tag","embeddable":true,"href":"https:\/\/www.meydan.tv\/az\/wp-json\/wp\/v2\/tags?post=213087"}],"curies":[{"name":"wp","href":"https:\/\/api.w.org\/{rel}","templated":true}]}}