{"id":213085,"date":"2021-09-30T09:43:37","date_gmt":"2021-09-30T09:43:37","guid":{"rendered":"https:\/\/www.meydan.tv\/article\/gence-sakini-raket-zerbesine-qeder-usaq-aktiv-idi-indi-emeliyyata-ehtiyac-var\/"},"modified":"2021-09-30T09:43:37","modified_gmt":"2021-09-30T09:43:37","slug":"gence-sakini-raket-zerbesine-qeder-usaq-aktiv-idi-indi-emeliyyata-ehtiyac-var","status":"publish","type":"post","link":"https:\/\/www.meydan.tv\/az\/article\/gence-sakini-raket-zerbesine-qeder-usaq-aktiv-idi-indi-emeliyyata-ehtiyac-var\/","title":{"rendered":"G\u0259nc\u0259 sakini: Raket z\u0259rb\u0259sin\u0259 q\u0259d\u0259r u\u015faq aktiv idi, indi \u0259m\u0259liyyata ehtiyac var"},"content":{"rendered":"<p>\n  <i><br \/>\n    \u201c\u018fm\u0259liyyat\u0131n qiym\u0259ti 150 min manatd\u0131r, amma ail\u0259nin maddi imkan\u0131 yoxdur\u201d<br \/>\n  <\/i>\n<\/p>\n<p>\n  G\u0259nc\u0259 \u015f\u0259h\u0259r sakini, 2011-ci il t\u0259v\u0259ll\u00fcdl\u00fc Fatim\u0259Sahib\u0259 Quliyeva \u015f\u0259h\u0259r\u0259 at\u0131lan raket z\u0259rb\u0259sind\u0259n sonra sars\u0131nt\u0131 ke\u00e7irib v\u0259 s\u0259hh\u0259tind\u0259 probleml\u0259r yaran\u0131b. Fatim\u0259Sahib\u0259nin anas\u0131 F\u0259rqan\u0259 Quliyeva Meydan TV-y\u0259 deyib ki, a\u011f\u0131r v\u0259ziyy\u0259td\u0259 Bak\u0131ya -Milli Hematologiya v\u0259 Transfuziologiya M\u0259rk\u0259zin\u0259 g\u0259tiril\u0259n u\u015fa\u011fa Aplastik anemiya diaqnozu qoyulub. H\u0259kiml\u0259rin r\u0259yin\u0259 g\u00f6r\u0259, Quliyevaya t\u0259cili s\u00fcm\u00fck iliyi k\u00f6\u00e7\u00fcr\u00fclm\u0259lidir. \u018fm\u0259liyyat\u0131n qiym\u0259ti is\u0259 150 min manatd\u0131r, amma ail\u0259nin maddi imkan\u0131 yoxdur.\n<\/p>\n<p>\n  F\u0259rqan\u0259 Quliyevan\u0131n s\u00f6zl\u0259rin\u0259 g\u00f6r\u0259, u\u015fa\u011fa diaqnoz qoymaq \u00e7\u0259tin olub. Bir d\u0259f\u0259 belind\u0259n ilikd\u0259n, ikinci d\u0259f\u0259 omba s\u00fcm\u00fcy\u00fcnd\u0259n analiz g\u00f6t\u00fcr\u00fcl\u00fcb: \u201cBirinci diaqnozdan sonra m\u00fcalic\u0259 ba\u015flan\u0131ld\u0131, on g\u00fcn sonra b\u0259lli oldu ki, diqnoz da, m\u00fcalic\u0259 d\u0259 s\u0259hv gedir. U\u015faq a\u011f\u0131r v\u0259ziyy\u0259td\u0259 reanimasiyaya yerl\u0259\u015fdirilmi\u015fdi. \u0130kinci m\u00fcalic\u0259y\u0259 ba\u015flan\u0131ld\u0131\u201d.\n<\/p>\n<figure class=\"wp-block-image size-large\">\n  <img decoding=\"async\" src=\"https:\/\/www.meydan.tv\/az\/2fdfe0b2-326c-4c13-9618-74552142b7d2-jpg\/\" alt=\"2fdfe0b2-326c-4c13-9618-74552142b7d2.jpg\" class=\"wp-image-210625\"\/><figcaption>\n    F\u0259rqan\u0259 Quliyevan\u0131n s\u00f6zl\u0259rin\u0259 g\u00f6r\u0259, u\u015fa\u011fa diaqnoz qoymaq \u00e7\u0259tin olub.<br \/>\n  <\/figcaption><\/figure>\n<p>\n  Anas\u0131 deyir ki, G\u0259nc\u0259y\u0259 at\u0131lan bombaya q\u0259d\u0259r u\u015faqda ciddi problem olmay\u0131b, aktiv olub. H\u0259kiml\u0259r Fatim\u0259Sahib\u0259nin x\u0259st\u0259liyinin sonradan qazan\u0131lma oldu\u011funu bildiribl\u0259r: \u201cBa\u015f\u0131m\u0131z\u0131n \u00fcst\u00fcnd\u0259n raket g\u0259lib yax\u0131nl\u0131\u011fa d\u00fc\u015fd\u00fc, u\u015faq da h\u0259y\u0259can, qorxu ke\u00e7irdi. \u0130ndi t\u0259cili ilik k\u00f6\u00e7\u00fcr\u00fclm\u0259sin\u0259 ehtiyac var. Amma \u0259m\u0259liyyat olduqca bahad\u0131r, x\u0259rci qar\u015f\u0131laya bilmirik. \u00d6z\u00fcm\u00fcz 40 min\u0259 yax\u0131n pulu tamamlam\u0131\u015f\u0131q. X\u0259st\u0259xanan\u0131n yax\u0131nl\u0131\u011f\u0131nda kiray\u0259 qal\u0131r\u0131q. U\u015faq m\u0259kt\u0259b\u0259 ged\u0259 bilmir, immuniteti \u00e7ox z\u0259ifdir\u201d.\n<\/p>\n<p>\n  X\u0259st\u0259xanadan bildiribl\u0259r ki, onlar yaln\u0131z m\u00fcalic\u0259ni h\u0259yata ke\u00e7irirl\u0259r, \u0259m\u0259liyyat \u00fc\u00e7\u00fcn k\u00f6m\u0259klik ed\u0259 bilm\u0259y\u0259c\u0259kl\u0259r.\n<\/p>\n<p>\n  S\u0259hiyy\u0259 Nazirliyind\u0259n Meydan TV-y\u0259 deyilib ki, qurum \u0259m\u0259liyyatlarla ba\u011fl\u0131 maliyy\u0259 yard\u0131m\u0131 ay\u0131racaq s\u0259lahiyy\u0259td\u0259 deyil.<\/p>\n","protected":false},"excerpt":{"rendered":"<p>X\u0259st\u0259xanadan bildiribl\u0259r ki, onlar yaln\u0131z m\u00fcalic\u0259ni h\u0259yata ke\u00e7irirl\u0259r, \u0259m\u0259liyyat \u00fc\u00e7\u00fcn k\u00f6m\u0259klik ed\u0259 bilm\u0259y\u0259c\u0259kl\u0259r.<\/p>\n","protected":false},"author":11,"featured_media":210622,"comment_status":"closed","ping_status":"open","sticky":false,"template":"","format":"standard","meta":{"_acf_changed":false,"_sitemap_exclude":false,"_sitemap_priority":"","_sitemap_frequency":"","footnotes":""},"categories":[60],"tags":[],"class_list":["post-213085","post","type-post","status-publish","format-standard","has-post-thumbnail","hentry","category-bolge","infinite-scroll-item","generate-columns","tablet-grid-50","mobile-grid-100","grid-parent","grid-33","no-featured-image-padding"],"acf":[],"yoast_head":"<!-- This site is optimized with the Yoast SEO plugin v27.5 - https:\/\/yoast.com\/product\/yoast-seo-wordpress\/ -->\n<title>G\u0259nc\u0259 sakini: Raket z\u0259rb\u0259sin\u0259 q\u0259d\u0259r u\u015faq aktiv idi, indi \u0259m\u0259liyyata ehtiyac var - MEYDAN.TV<\/title>\n<meta name=\"robots\" content=\"index, follow, max-snippet:-1, max-image-preview:large, max-video-preview:-1\" \/>\n<link rel=\"canonical\" href=\"https:\/\/www.meydan.tv\/az\/article\/gence-sakini-raket-zerbesine-qeder-usaq-aktiv-idi-indi-emeliyyata-ehtiyac-var\/\" \/>\n<meta property=\"og:locale\" content=\"az_AZ\" \/>\n<meta property=\"og:type\" content=\"article\" \/>\n<meta property=\"og:title\" content=\"G\u0259nc\u0259 sakini: Raket z\u0259rb\u0259sin\u0259 q\u0259d\u0259r u\u015faq aktiv idi, indi \u0259m\u0259liyyata ehtiyac var - MEYDAN.TV\" \/>\n<meta property=\"og:description\" content=\"X\u0259st\u0259xanadan bildiribl\u0259r ki, onlar yaln\u0131z m\u00fcalic\u0259ni h\u0259yata ke\u00e7irirl\u0259r, \u0259m\u0259liyyat \u00fc\u00e7\u00fcn k\u00f6m\u0259klik ed\u0259 bilm\u0259y\u0259c\u0259kl\u0259r.\" \/>\n<meta property=\"og:url\" content=\"https:\/\/www.meydan.tv\/az\/article\/gence-sakini-raket-zerbesine-qeder-usaq-aktiv-idi-indi-emeliyyata-ehtiyac-var\/\" \/>\n<meta property=\"og:site_name\" content=\"MEYDAN.TV\" \/>\n<meta property=\"article:published_time\" content=\"2021-09-30T09:43:37+00:00\" \/>\n<meta property=\"og:image\" content=\"https:\/\/www.meydan.tv\/wp-content\/uploads\/1_rb540e8.png\" \/>\n\t<meta property=\"og:image:width\" content=\"1920\" \/>\n\t<meta property=\"og:image:height\" content=\"1080\" \/>\n\t<meta property=\"og:image:type\" content=\"image\/png\" \/>\n<meta name=\"author\" content=\"user-manager\" \/>\n<meta name=\"twitter:card\" content=\"summary_large_image\" \/>\n<script type=\"application\/ld+json\" class=\"yoast-schema-graph\">{\"@context\":\"https:\\\/\\\/schema.org\",\"@graph\":[{\"@type\":\"Article\",\"@id\":\"https:\\\/\\\/www.meydan.tv\\\/az\\\/article\\\/gence-sakini-raket-zerbesine-qeder-usaq-aktiv-idi-indi-emeliyyata-ehtiyac-var\\\/#article\",\"isPartOf\":{\"@id\":\"https:\\\/\\\/www.meydan.tv\\\/az\\\/article\\\/gence-sakini-raket-zerbesine-qeder-usaq-aktiv-idi-indi-emeliyyata-ehtiyac-var\\\/\"},\"author\":{\"name\":\"user-manager\",\"@id\":\"https:\\\/\\\/www.meydan.tv\\\/az\\\/#\\\/schema\\\/person\\\/10d11eccf6da3662cf5fdab9806ea91a\"},\"headline\":\"G\u0259nc\u0259 sakini: Raket z\u0259rb\u0259sin\u0259 q\u0259d\u0259r u\u015faq aktiv idi, indi \u0259m\u0259liyyata ehtiyac var\",\"datePublished\":\"2021-09-30T09:43:37+00:00\",\"mainEntityOfPage\":{\"@id\":\"https:\\\/\\\/www.meydan.tv\\\/az\\\/article\\\/gence-sakini-raket-zerbesine-qeder-usaq-aktiv-idi-indi-emeliyyata-ehtiyac-var\\\/\"},\"wordCount\":396,\"publisher\":{\"@id\":\"https:\\\/\\\/www.meydan.tv\\\/az\\\/#organization\"},\"image\":{\"@id\":\"https:\\\/\\\/www.meydan.tv\\\/az\\\/article\\\/gence-sakini-raket-zerbesine-qeder-usaq-aktiv-idi-indi-emeliyyata-ehtiyac-var\\\/#primaryimage\"},\"thumbnailUrl\":\"https:\\\/\\\/www.meydan.tv\\\/wp-content\\\/uploads\\\/1_rb540e8.png\",\"articleSection\":[\"B\u00f6lg\u0259\"],\"inLanguage\":\"az\"},{\"@type\":\"WebPage\",\"@id\":\"https:\\\/\\\/www.meydan.tv\\\/az\\\/article\\\/gence-sakini-raket-zerbesine-qeder-usaq-aktiv-idi-indi-emeliyyata-ehtiyac-var\\\/\",\"url\":\"https:\\\/\\\/www.meydan.tv\\\/az\\\/article\\\/gence-sakini-raket-zerbesine-qeder-usaq-aktiv-idi-indi-emeliyyata-ehtiyac-var\\\/\",\"name\":\"G\u0259nc\u0259 sakini: Raket z\u0259rb\u0259sin\u0259 q\u0259d\u0259r u\u015faq aktiv idi, indi \u0259m\u0259liyyata ehtiyac var - MEYDAN.TV\",\"isPartOf\":{\"@id\":\"https:\\\/\\\/www.meydan.tv\\\/az\\\/#website\"},\"primaryImageOfPage\":{\"@id\":\"https:\\\/\\\/www.meydan.tv\\\/az\\\/article\\\/gence-sakini-raket-zerbesine-qeder-usaq-aktiv-idi-indi-emeliyyata-ehtiyac-var\\\/#primaryimage\"},\"image\":{\"@id\":\"https:\\\/\\\/www.meydan.tv\\\/az\\\/article\\\/gence-sakini-raket-zerbesine-qeder-usaq-aktiv-idi-indi-emeliyyata-ehtiyac-var\\\/#primaryimage\"},\"thumbnailUrl\":\"https:\\\/\\\/www.meydan.tv\\\/wp-content\\\/uploads\\\/1_rb540e8.png\",\"datePublished\":\"2021-09-30T09:43:37+00:00\",\"breadcrumb\":{\"@id\":\"https:\\\/\\\/www.meydan.tv\\\/az\\\/article\\\/gence-sakini-raket-zerbesine-qeder-usaq-aktiv-idi-indi-emeliyyata-ehtiyac-var\\\/#breadcrumb\"},\"inLanguage\":\"az\",\"potentialAction\":[{\"@type\":\"ReadAction\",\"target\":[\"https:\\\/\\\/www.meydan.tv\\\/az\\\/article\\\/gence-sakini-raket-zerbesine-qeder-usaq-aktiv-idi-indi-emeliyyata-ehtiyac-var\\\/\"]}]},{\"@type\":\"ImageObject\",\"inLanguage\":\"az\",\"@id\":\"https:\\\/\\\/www.meydan.tv\\\/az\\\/article\\\/gence-sakini-raket-zerbesine-qeder-usaq-aktiv-idi-indi-emeliyyata-ehtiyac-var\\\/#primaryimage\",\"url\":\"https:\\\/\\\/www.meydan.tv\\\/wp-content\\\/uploads\\\/1_rb540e8.png\",\"contentUrl\":\"https:\\\/\\\/www.meydan.tv\\\/wp-content\\\/uploads\\\/1_rb540e8.png\",\"width\":1920,\"height\":1080,\"caption\":\"Source: Meydan.TV\"},{\"@type\":\"BreadcrumbList\",\"@id\":\"https:\\\/\\\/www.meydan.tv\\\/az\\\/article\\\/gence-sakini-raket-zerbesine-qeder-usaq-aktiv-idi-indi-emeliyyata-ehtiyac-var\\\/#breadcrumb\",\"itemListElement\":[{\"@type\":\"ListItem\",\"position\":1,\"name\":\"Ana s\u0259hif\u0259\",\"item\":\"https:\\\/\\\/www.meydan.tv\\\/az\\\/\"},{\"@type\":\"ListItem\",\"position\":2,\"name\":\"B\u00f6lg\u0259\",\"item\":\"https:\\\/\\\/www.meydan.tv\\\/az\\\/section\\\/bolge\\\/\"},{\"@type\":\"ListItem\",\"position\":3,\"name\":\"G\u0259nc\u0259 sakini: Raket z\u0259rb\u0259sin\u0259 q\u0259d\u0259r u\u015faq aktiv idi, indi \u0259m\u0259liyyata ehtiyac var\"}]},{\"@type\":\"WebSite\",\"@id\":\"https:\\\/\\\/www.meydan.tv\\\/az\\\/#website\",\"url\":\"https:\\\/\\\/www.meydan.tv\\\/az\\\/\",\"name\":\"MEYDAN.TV\",\"description\":\"Meydan TV Az\u0259rbaycan\u0131n media m\u0259kan\u0131ndak\u0131 alternativ s\u0259sidir\",\"publisher\":{\"@id\":\"https:\\\/\\\/www.meydan.tv\\\/az\\\/#organization\"},\"potentialAction\":[{\"@type\":\"SearchAction\",\"target\":{\"@type\":\"EntryPoint\",\"urlTemplate\":\"https:\\\/\\\/www.meydan.tv\\\/az\\\/?s={search_term_string}\"},\"query-input\":{\"@type\":\"PropertyValueSpecification\",\"valueRequired\":true,\"valueName\":\"search_term_string\"}}],\"inLanguage\":\"az\"},{\"@type\":\"Organization\",\"@id\":\"https:\\\/\\\/www.meydan.tv\\\/az\\\/#organization\",\"name\":\"Meydan TV\",\"url\":\"https:\\\/\\\/www.meydan.tv\\\/az\\\/\",\"logo\":{\"@type\":\"ImageObject\",\"inLanguage\":\"az\",\"@id\":\"https:\\\/\\\/www.meydan.tv\\\/az\\\/#\\\/schema\\\/logo\\\/image\\\/\",\"url\":\"https:\\\/\\\/www.meydan.tv\\\/wp-content\\\/uploads\\\/2021\\\/07\\\/meydan-logo.svg\",\"contentUrl\":\"https:\\\/\\\/www.meydan.tv\\\/wp-content\\\/uploads\\\/2021\\\/07\\\/meydan-logo.svg\",\"width\":195,\"height\":46,\"caption\":\"Meydan TV\"},\"image\":{\"@id\":\"https:\\\/\\\/www.meydan.tv\\\/az\\\/#\\\/schema\\\/logo\\\/image\\\/\"}},{\"@type\":\"Person\",\"@id\":\"https:\\\/\\\/www.meydan.tv\\\/az\\\/#\\\/schema\\\/person\\\/10d11eccf6da3662cf5fdab9806ea91a\",\"name\":\"user-manager\"}]}<\/script>\n<!-- \/ Yoast SEO plugin. -->","yoast_head_json":{"title":"G\u0259nc\u0259 sakini: Raket z\u0259rb\u0259sin\u0259 q\u0259d\u0259r u\u015faq aktiv idi, indi \u0259m\u0259liyyata ehtiyac var - MEYDAN.TV","robots":{"index":"index","follow":"follow","max-snippet":"max-snippet:-1","max-image-preview":"max-image-preview:large","max-video-preview":"max-video-preview:-1"},"canonical":"https:\/\/www.meydan.tv\/az\/article\/gence-sakini-raket-zerbesine-qeder-usaq-aktiv-idi-indi-emeliyyata-ehtiyac-var\/","og_locale":"az_AZ","og_type":"article","og_title":"G\u0259nc\u0259 sakini: Raket z\u0259rb\u0259sin\u0259 q\u0259d\u0259r u\u015faq aktiv idi, indi \u0259m\u0259liyyata ehtiyac var - MEYDAN.TV","og_description":"X\u0259st\u0259xanadan bildiribl\u0259r ki, onlar yaln\u0131z m\u00fcalic\u0259ni h\u0259yata ke\u00e7irirl\u0259r, \u0259m\u0259liyyat \u00fc\u00e7\u00fcn k\u00f6m\u0259klik ed\u0259 bilm\u0259y\u0259c\u0259kl\u0259r.","og_url":"https:\/\/www.meydan.tv\/az\/article\/gence-sakini-raket-zerbesine-qeder-usaq-aktiv-idi-indi-emeliyyata-ehtiyac-var\/","og_site_name":"MEYDAN.TV","article_published_time":"2021-09-30T09:43:37+00:00","og_image":[{"width":1920,"height":1080,"url":"https:\/\/www.meydan.tv\/wp-content\/uploads\/1_rb540e8.png","type":"image\/png"}],"author":"user-manager","twitter_card":"summary_large_image","schema":{"@context":"https:\/\/schema.org","@graph":[{"@type":"Article","@id":"https:\/\/www.meydan.tv\/az\/article\/gence-sakini-raket-zerbesine-qeder-usaq-aktiv-idi-indi-emeliyyata-ehtiyac-var\/#article","isPartOf":{"@id":"https:\/\/www.meydan.tv\/az\/article\/gence-sakini-raket-zerbesine-qeder-usaq-aktiv-idi-indi-emeliyyata-ehtiyac-var\/"},"author":{"name":"user-manager","@id":"https:\/\/www.meydan.tv\/az\/#\/schema\/person\/10d11eccf6da3662cf5fdab9806ea91a"},"headline":"G\u0259nc\u0259 sakini: Raket z\u0259rb\u0259sin\u0259 q\u0259d\u0259r u\u015faq aktiv idi, indi \u0259m\u0259liyyata ehtiyac var","datePublished":"2021-09-30T09:43:37+00:00","mainEntityOfPage":{"@id":"https:\/\/www.meydan.tv\/az\/article\/gence-sakini-raket-zerbesine-qeder-usaq-aktiv-idi-indi-emeliyyata-ehtiyac-var\/"},"wordCount":396,"publisher":{"@id":"https:\/\/www.meydan.tv\/az\/#organization"},"image":{"@id":"https:\/\/www.meydan.tv\/az\/article\/gence-sakini-raket-zerbesine-qeder-usaq-aktiv-idi-indi-emeliyyata-ehtiyac-var\/#primaryimage"},"thumbnailUrl":"https:\/\/www.meydan.tv\/wp-content\/uploads\/1_rb540e8.png","articleSection":["B\u00f6lg\u0259"],"inLanguage":"az"},{"@type":"WebPage","@id":"https:\/\/www.meydan.tv\/az\/article\/gence-sakini-raket-zerbesine-qeder-usaq-aktiv-idi-indi-emeliyyata-ehtiyac-var\/","url":"https:\/\/www.meydan.tv\/az\/article\/gence-sakini-raket-zerbesine-qeder-usaq-aktiv-idi-indi-emeliyyata-ehtiyac-var\/","name":"G\u0259nc\u0259 sakini: Raket z\u0259rb\u0259sin\u0259 q\u0259d\u0259r u\u015faq aktiv idi, indi \u0259m\u0259liyyata ehtiyac var - MEYDAN.TV","isPartOf":{"@id":"https:\/\/www.meydan.tv\/az\/#website"},"primaryImageOfPage":{"@id":"https:\/\/www.meydan.tv\/az\/article\/gence-sakini-raket-zerbesine-qeder-usaq-aktiv-idi-indi-emeliyyata-ehtiyac-var\/#primaryimage"},"image":{"@id":"https:\/\/www.meydan.tv\/az\/article\/gence-sakini-raket-zerbesine-qeder-usaq-aktiv-idi-indi-emeliyyata-ehtiyac-var\/#primaryimage"},"thumbnailUrl":"https:\/\/www.meydan.tv\/wp-content\/uploads\/1_rb540e8.png","datePublished":"2021-09-30T09:43:37+00:00","breadcrumb":{"@id":"https:\/\/www.meydan.tv\/az\/article\/gence-sakini-raket-zerbesine-qeder-usaq-aktiv-idi-indi-emeliyyata-ehtiyac-var\/#breadcrumb"},"inLanguage":"az","potentialAction":[{"@type":"ReadAction","target":["https:\/\/www.meydan.tv\/az\/article\/gence-sakini-raket-zerbesine-qeder-usaq-aktiv-idi-indi-emeliyyata-ehtiyac-var\/"]}]},{"@type":"ImageObject","inLanguage":"az","@id":"https:\/\/www.meydan.tv\/az\/article\/gence-sakini-raket-zerbesine-qeder-usaq-aktiv-idi-indi-emeliyyata-ehtiyac-var\/#primaryimage","url":"https:\/\/www.meydan.tv\/wp-content\/uploads\/1_rb540e8.png","contentUrl":"https:\/\/www.meydan.tv\/wp-content\/uploads\/1_rb540e8.png","width":1920,"height":1080,"caption":"Source: Meydan.TV"},{"@type":"BreadcrumbList","@id":"https:\/\/www.meydan.tv\/az\/article\/gence-sakini-raket-zerbesine-qeder-usaq-aktiv-idi-indi-emeliyyata-ehtiyac-var\/#breadcrumb","itemListElement":[{"@type":"ListItem","position":1,"name":"Ana s\u0259hif\u0259","item":"https:\/\/www.meydan.tv\/az\/"},{"@type":"ListItem","position":2,"name":"B\u00f6lg\u0259","item":"https:\/\/www.meydan.tv\/az\/section\/bolge\/"},{"@type":"ListItem","position":3,"name":"G\u0259nc\u0259 sakini: Raket z\u0259rb\u0259sin\u0259 q\u0259d\u0259r u\u015faq aktiv idi, indi \u0259m\u0259liyyata ehtiyac var"}]},{"@type":"WebSite","@id":"https:\/\/www.meydan.tv\/az\/#website","url":"https:\/\/www.meydan.tv\/az\/","name":"MEYDAN.TV","description":"Meydan TV Az\u0259rbaycan\u0131n media m\u0259kan\u0131ndak\u0131 alternativ s\u0259sidir","publisher":{"@id":"https:\/\/www.meydan.tv\/az\/#organization"},"potentialAction":[{"@type":"SearchAction","target":{"@type":"EntryPoint","urlTemplate":"https:\/\/www.meydan.tv\/az\/?s={search_term_string}"},"query-input":{"@type":"PropertyValueSpecification","valueRequired":true,"valueName":"search_term_string"}}],"inLanguage":"az"},{"@type":"Organization","@id":"https:\/\/www.meydan.tv\/az\/#organization","name":"Meydan TV","url":"https:\/\/www.meydan.tv\/az\/","logo":{"@type":"ImageObject","inLanguage":"az","@id":"https:\/\/www.meydan.tv\/az\/#\/schema\/logo\/image\/","url":"https:\/\/www.meydan.tv\/wp-content\/uploads\/2021\/07\/meydan-logo.svg","contentUrl":"https:\/\/www.meydan.tv\/wp-content\/uploads\/2021\/07\/meydan-logo.svg","width":195,"height":46,"caption":"Meydan TV"},"image":{"@id":"https:\/\/www.meydan.tv\/az\/#\/schema\/logo\/image\/"}},{"@type":"Person","@id":"https:\/\/www.meydan.tv\/az\/#\/schema\/person\/10d11eccf6da3662cf5fdab9806ea91a","name":"user-manager"}]}},"_links":{"self":[{"href":"https:\/\/www.meydan.tv\/az\/wp-json\/wp\/v2\/posts\/213085","targetHints":{"allow":["GET"]}}],"collection":[{"href":"https:\/\/www.meydan.tv\/az\/wp-json\/wp\/v2\/posts"}],"about":[{"href":"https:\/\/www.meydan.tv\/az\/wp-json\/wp\/v2\/types\/post"}],"author":[{"embeddable":true,"href":"https:\/\/www.meydan.tv\/az\/wp-json\/wp\/v2\/users\/11"}],"replies":[{"embeddable":true,"href":"https:\/\/www.meydan.tv\/az\/wp-json\/wp\/v2\/comments?post=213085"}],"version-history":[{"count":0,"href":"https:\/\/www.meydan.tv\/az\/wp-json\/wp\/v2\/posts\/213085\/revisions"}],"wp:featuredmedia":[{"embeddable":true,"href":"https:\/\/www.meydan.tv\/az\/wp-json\/wp\/v2\/media\/210622"}],"wp:attachment":[{"href":"https:\/\/www.meydan.tv\/az\/wp-json\/wp\/v2\/media?parent=213085"}],"wp:term":[{"taxonomy":"category","embeddable":true,"href":"https:\/\/www.meydan.tv\/az\/wp-json\/wp\/v2\/categories?post=213085"},{"taxonomy":"post_tag","embeddable":true,"href":"https:\/\/www.meydan.tv\/az\/wp-json\/wp\/v2\/tags?post=213085"}],"curies":[{"name":"wp","href":"https:\/\/api.w.org\/{rel}","templated":true}]}}