{"id":213084,"date":"2021-09-30T12:19:33","date_gmt":"2021-09-30T12:19:33","guid":{"rendered":"https:\/\/www.meydan.tv\/article\/medeniyyet-nazirliyi-kinoteatrlara-destek-olacagini-deyir\/"},"modified":"2021-09-30T12:19:33","modified_gmt":"2021-09-30T12:19:33","slug":"medeniyyet-nazirliyi-kinoteatrlara-destek-olacagini-deyir","status":"publish","type":"post","link":"https:\/\/www.meydan.tv\/az\/article\/medeniyyet-nazirliyi-kinoteatrlara-destek-olacagini-deyir\/","title":{"rendered":"M\u0259d\u0259niyy\u0259t Nazirliyi kinoteatrlara d\u0259st\u0259k olaca\u011f\u0131n\u0131 deyir"},"content":{"rendered":"<p>\n  <i><br \/>\n    &quot;Birg\u0259 \u0259m\u0259kda\u015fl\u0131\u011f\u0131n inki\u015faf\u0131 il\u0259 ba\u011fl\u0131 laz\u0131mi t\u0259dbirl\u0259r g\u00f6r\u00fcl\u0259c\u0259k&quot;<br \/>\n  <\/i>\n<\/p>\n<p>\n  M\u0259d\u0259niyy\u0259t nazirinin birinci m\u00fcavini Elnur \u018fliyev paytaxt kinoteatrlar\u0131n\u0131n r\u0259hb\u0259rl\u0259ri il\u0259 g\u00f6r\u00fc\u015f\u00fcb.\n<\/p>\n<p>\n  Nazirliyin yayd\u0131\u011f\u0131 m\u0259lumatda bildirilir ki, g\u00f6r\u00fc\u015fd\u0259 \u201cNizami\u201d Kino M\u0259rk\u0259zinin direktoru Leyli Mirz\u0259yeva, \u201cCinemaPlus\u201d kinoteatrlar \u015f\u0259b\u0259k\u0259si M\u00fc\u015fahid\u0259 \u015furas\u0131n\u0131n s\u0259dri Zaur Darabzad\u0259, ba\u015f icra\u00e7\u0131 direktor Murat Camc\u0131, \u201cPark Cinema\u201d kinoteatrlar \u015f\u0259b\u0259k\u0259sinin icra\u00e7\u0131 direktoru Elnur Allahverdiyev v\u0259 marketinq direktoru Musa Axundov i\u015ftirak<br \/>\n  <a href=\"http:\/\/mct.gov.az\/az\/umumi-xeberler\/13763\"><br \/>\n    edib<br \/>\n  <\/a><br \/>\n  .\n<\/p>\n<p>\n  Nazir m\u00fcavini qeyd edib ki, Prezident \u0130lham \u018fliyevin tap\u015f\u0131r\u0131\u011f\u0131na \u0259sas\u0259n, kinematoqrafiya sah\u0259sin\u0259 x\u00fcsusi diqq\u0259t ayr\u0131l\u0131r: &quot;Bu bax\u0131mdan kino n\u00fcmayi\u015fl\u0259rinin b\u0259rpa olunub diqq\u0259td\u0259 saxlan\u0131lmas\u0131 prioritet m\u0259s\u0259l\u0259dir&quot;.\n<\/p>\n<p>\n  Elnur \u018fliyev h\u0259m\u00e7inin qeyd edib ki, M\u0259d\u0259niyy\u0259t Nazirliyi kinoteatrlara d\u0259st\u0259k olacaq: &quot;Birg\u0259 \u0259m\u0259kda\u015fl\u0131\u011f\u0131n inki\u015faf\u0131 il\u0259 ba\u011fl\u0131 laz\u0131mi t\u0259dbirl\u0259r g\u00f6r\u00fcl\u0259c\u0259k&quot;.\n<\/p>\n<p>\n  Nazirl\u0259r Kabineti yan\u0131nda Operativ Q\u0259rargah\u0131n son q\u0259rar\u0131na \u0259sas\u0259n, oktyabr\u0131n 1-d\u0259n Az\u0259rbaycanda on s\u0259kkiz aydan sonra teatr, kinoteatr v\u0259 konsert m\u00fc\u0259ssis\u0259l\u0259rinin f\u0259aliyy\u0259ti b\u0259rpa olunur.\n<\/p>\n<p>\n  M\u0259kanlarda \u00fcmumi tutumun yaln\u0131z 50 faizi istifad\u0259y\u0259<br \/>\n  <a href=\"https:\/\/www.meydan.tv\/az\/article\/heftesonu-metro-ve-sernisindasimaya-qoyulan-mehdudiyyet-legv-olunur\/?ref=homepage-news\"><br \/>\n    veril\u0259c\u0259k<br \/>\n  <\/a><br \/>\n  .<\/p>\n","protected":false},"excerpt":{"rendered":"<p>&#8220;Bu bax\u0131mdan kino n\u00fcmayi\u015fl\u0259rinin b\u0259rpa olunub diqq\u0259td\u0259 saxlan\u0131lmas\u0131 prioritet m\u0259s\u0259l\u0259dir&#8221;.<\/p>\n","protected":false},"author":11,"featured_media":130285,"comment_status":"closed","ping_status":"open","sticky":false,"template":"","format":"standard","meta":{"_acf_changed":false,"_sitemap_exclude":false,"_sitemap_priority":"","_sitemap_frequency":"","footnotes":""},"categories":[52],"tags":[],"class_list":["post-213084","post","type-post","status-publish","format-standard","has-post-thumbnail","hentry","category-medeniyyet","infinite-scroll-item","generate-columns","tablet-grid-50","mobile-grid-100","grid-parent","grid-33","no-featured-image-padding"],"acf":[],"yoast_head":"<!-- This site is optimized with the Yoast SEO plugin v27.4 - https:\/\/yoast.com\/product\/yoast-seo-wordpress\/ -->\n<title>M\u0259d\u0259niyy\u0259t Nazirliyi kinoteatrlara d\u0259st\u0259k olaca\u011f\u0131n\u0131 deyir - MEYDAN.TV<\/title>\n<meta name=\"robots\" content=\"index, follow, max-snippet:-1, max-image-preview:large, max-video-preview:-1\" \/>\n<link rel=\"canonical\" href=\"https:\/\/www.meydan.tv\/az\/article\/medeniyyet-nazirliyi-kinoteatrlara-destek-olacagini-deyir\/\" \/>\n<meta property=\"og:locale\" content=\"az_AZ\" \/>\n<meta property=\"og:type\" content=\"article\" \/>\n<meta property=\"og:title\" content=\"M\u0259d\u0259niyy\u0259t Nazirliyi kinoteatrlara d\u0259st\u0259k olaca\u011f\u0131n\u0131 deyir - MEYDAN.TV\" \/>\n<meta property=\"og:description\" content=\"&quot;Bu bax\u0131mdan kino n\u00fcmayi\u015fl\u0259rinin b\u0259rpa olunub diqq\u0259td\u0259 saxlan\u0131lmas\u0131 prioritet m\u0259s\u0259l\u0259dir&quot;.\" \/>\n<meta property=\"og:url\" content=\"https:\/\/www.meydan.tv\/az\/article\/medeniyyet-nazirliyi-kinoteatrlara-destek-olacagini-deyir\/\" \/>\n<meta property=\"og:site_name\" content=\"MEYDAN.TV\" \/>\n<meta property=\"article:published_time\" content=\"2021-09-30T12:19:33+00:00\" \/>\n<meta property=\"og:image\" content=\"https:\/\/www.meydan.tv\/wp-content\/uploads\/image068-1024x683-1.jpg\" \/>\n\t<meta property=\"og:image:width\" content=\"1024\" \/>\n\t<meta property=\"og:image:height\" content=\"683\" \/>\n\t<meta property=\"og:image:type\" content=\"image\/jpeg\" \/>\n<meta name=\"author\" content=\"user-manager\" \/>\n<meta name=\"twitter:card\" content=\"summary_large_image\" \/>\n<script type=\"application\/ld+json\" class=\"yoast-schema-graph\">{\"@context\":\"https:\\\/\\\/schema.org\",\"@graph\":[{\"@type\":\"Article\",\"@id\":\"https:\\\/\\\/www.meydan.tv\\\/az\\\/article\\\/medeniyyet-nazirliyi-kinoteatrlara-destek-olacagini-deyir\\\/#article\",\"isPartOf\":{\"@id\":\"https:\\\/\\\/www.meydan.tv\\\/az\\\/article\\\/medeniyyet-nazirliyi-kinoteatrlara-destek-olacagini-deyir\\\/\"},\"author\":{\"name\":\"user-manager\",\"@id\":\"https:\\\/\\\/www.meydan.tv\\\/az\\\/#\\\/schema\\\/person\\\/10d11eccf6da3662cf5fdab9806ea91a\"},\"headline\":\"M\u0259d\u0259niyy\u0259t Nazirliyi kinoteatrlara d\u0259st\u0259k olaca\u011f\u0131n\u0131 deyir\",\"datePublished\":\"2021-09-30T12:19:33+00:00\",\"mainEntityOfPage\":{\"@id\":\"https:\\\/\\\/www.meydan.tv\\\/az\\\/article\\\/medeniyyet-nazirliyi-kinoteatrlara-destek-olacagini-deyir\\\/\"},\"wordCount\":249,\"publisher\":{\"@id\":\"https:\\\/\\\/www.meydan.tv\\\/az\\\/#organization\"},\"image\":{\"@id\":\"https:\\\/\\\/www.meydan.tv\\\/az\\\/article\\\/medeniyyet-nazirliyi-kinoteatrlara-destek-olacagini-deyir\\\/#primaryimage\"},\"thumbnailUrl\":\"https:\\\/\\\/www.meydan.tv\\\/wp-content\\\/uploads\\\/image068-1024x683-1.jpg\",\"articleSection\":[\"M\u0259d\u0259niyy\u0259t\"],\"inLanguage\":\"az\"},{\"@type\":\"WebPage\",\"@id\":\"https:\\\/\\\/www.meydan.tv\\\/az\\\/article\\\/medeniyyet-nazirliyi-kinoteatrlara-destek-olacagini-deyir\\\/\",\"url\":\"https:\\\/\\\/www.meydan.tv\\\/az\\\/article\\\/medeniyyet-nazirliyi-kinoteatrlara-destek-olacagini-deyir\\\/\",\"name\":\"M\u0259d\u0259niyy\u0259t Nazirliyi kinoteatrlara d\u0259st\u0259k olaca\u011f\u0131n\u0131 deyir - MEYDAN.TV\",\"isPartOf\":{\"@id\":\"https:\\\/\\\/www.meydan.tv\\\/az\\\/#website\"},\"primaryImageOfPage\":{\"@id\":\"https:\\\/\\\/www.meydan.tv\\\/az\\\/article\\\/medeniyyet-nazirliyi-kinoteatrlara-destek-olacagini-deyir\\\/#primaryimage\"},\"image\":{\"@id\":\"https:\\\/\\\/www.meydan.tv\\\/az\\\/article\\\/medeniyyet-nazirliyi-kinoteatrlara-destek-olacagini-deyir\\\/#primaryimage\"},\"thumbnailUrl\":\"https:\\\/\\\/www.meydan.tv\\\/wp-content\\\/uploads\\\/image068-1024x683-1.jpg\",\"datePublished\":\"2021-09-30T12:19:33+00:00\",\"breadcrumb\":{\"@id\":\"https:\\\/\\\/www.meydan.tv\\\/az\\\/article\\\/medeniyyet-nazirliyi-kinoteatrlara-destek-olacagini-deyir\\\/#breadcrumb\"},\"inLanguage\":\"az\",\"potentialAction\":[{\"@type\":\"ReadAction\",\"target\":[\"https:\\\/\\\/www.meydan.tv\\\/az\\\/article\\\/medeniyyet-nazirliyi-kinoteatrlara-destek-olacagini-deyir\\\/\"]}]},{\"@type\":\"ImageObject\",\"inLanguage\":\"az\",\"@id\":\"https:\\\/\\\/www.meydan.tv\\\/az\\\/article\\\/medeniyyet-nazirliyi-kinoteatrlara-destek-olacagini-deyir\\\/#primaryimage\",\"url\":\"https:\\\/\\\/www.meydan.tv\\\/wp-content\\\/uploads\\\/image068-1024x683-1.jpg\",\"contentUrl\":\"https:\\\/\\\/www.meydan.tv\\\/wp-content\\\/uploads\\\/image068-1024x683-1.jpg\",\"width\":1024,\"height\":683,\"caption\":\"Foto: arxiv\"},{\"@type\":\"BreadcrumbList\",\"@id\":\"https:\\\/\\\/www.meydan.tv\\\/az\\\/article\\\/medeniyyet-nazirliyi-kinoteatrlara-destek-olacagini-deyir\\\/#breadcrumb\",\"itemListElement\":[{\"@type\":\"ListItem\",\"position\":1,\"name\":\"Ana s\u0259hif\u0259\",\"item\":\"https:\\\/\\\/www.meydan.tv\\\/az\\\/\"},{\"@type\":\"ListItem\",\"position\":2,\"name\":\"M\u0259d\u0259niyy\u0259t\",\"item\":\"https:\\\/\\\/www.meydan.tv\\\/az\\\/section\\\/medeniyyet\\\/\"},{\"@type\":\"ListItem\",\"position\":3,\"name\":\"M\u0259d\u0259niyy\u0259t Nazirliyi kinoteatrlara d\u0259st\u0259k olaca\u011f\u0131n\u0131 deyir\"}]},{\"@type\":\"WebSite\",\"@id\":\"https:\\\/\\\/www.meydan.tv\\\/az\\\/#website\",\"url\":\"https:\\\/\\\/www.meydan.tv\\\/az\\\/\",\"name\":\"MEYDAN.TV\",\"description\":\"Meydan TV Az\u0259rbaycan\u0131n media m\u0259kan\u0131ndak\u0131 alternativ s\u0259sidir\",\"publisher\":{\"@id\":\"https:\\\/\\\/www.meydan.tv\\\/az\\\/#organization\"},\"potentialAction\":[{\"@type\":\"SearchAction\",\"target\":{\"@type\":\"EntryPoint\",\"urlTemplate\":\"https:\\\/\\\/www.meydan.tv\\\/az\\\/?s={search_term_string}\"},\"query-input\":{\"@type\":\"PropertyValueSpecification\",\"valueRequired\":true,\"valueName\":\"search_term_string\"}}],\"inLanguage\":\"az\"},{\"@type\":\"Organization\",\"@id\":\"https:\\\/\\\/www.meydan.tv\\\/az\\\/#organization\",\"name\":\"Meydan TV\",\"url\":\"https:\\\/\\\/www.meydan.tv\\\/az\\\/\",\"logo\":{\"@type\":\"ImageObject\",\"inLanguage\":\"az\",\"@id\":\"https:\\\/\\\/www.meydan.tv\\\/az\\\/#\\\/schema\\\/logo\\\/image\\\/\",\"url\":\"https:\\\/\\\/www.meydan.tv\\\/wp-content\\\/uploads\\\/2021\\\/07\\\/meydan-logo.svg\",\"contentUrl\":\"https:\\\/\\\/www.meydan.tv\\\/wp-content\\\/uploads\\\/2021\\\/07\\\/meydan-logo.svg\",\"width\":195,\"height\":46,\"caption\":\"Meydan TV\"},\"image\":{\"@id\":\"https:\\\/\\\/www.meydan.tv\\\/az\\\/#\\\/schema\\\/logo\\\/image\\\/\"}},{\"@type\":\"Person\",\"@id\":\"https:\\\/\\\/www.meydan.tv\\\/az\\\/#\\\/schema\\\/person\\\/10d11eccf6da3662cf5fdab9806ea91a\",\"name\":\"user-manager\"}]}<\/script>\n<!-- \/ Yoast SEO plugin. -->","yoast_head_json":{"title":"M\u0259d\u0259niyy\u0259t Nazirliyi kinoteatrlara d\u0259st\u0259k olaca\u011f\u0131n\u0131 deyir - MEYDAN.TV","robots":{"index":"index","follow":"follow","max-snippet":"max-snippet:-1","max-image-preview":"max-image-preview:large","max-video-preview":"max-video-preview:-1"},"canonical":"https:\/\/www.meydan.tv\/az\/article\/medeniyyet-nazirliyi-kinoteatrlara-destek-olacagini-deyir\/","og_locale":"az_AZ","og_type":"article","og_title":"M\u0259d\u0259niyy\u0259t Nazirliyi kinoteatrlara d\u0259st\u0259k olaca\u011f\u0131n\u0131 deyir - MEYDAN.TV","og_description":"\"Bu bax\u0131mdan kino n\u00fcmayi\u015fl\u0259rinin b\u0259rpa olunub diqq\u0259td\u0259 saxlan\u0131lmas\u0131 prioritet m\u0259s\u0259l\u0259dir\".","og_url":"https:\/\/www.meydan.tv\/az\/article\/medeniyyet-nazirliyi-kinoteatrlara-destek-olacagini-deyir\/","og_site_name":"MEYDAN.TV","article_published_time":"2021-09-30T12:19:33+00:00","og_image":[{"width":1024,"height":683,"url":"https:\/\/www.meydan.tv\/wp-content\/uploads\/image068-1024x683-1.jpg","type":"image\/jpeg"}],"author":"user-manager","twitter_card":"summary_large_image","schema":{"@context":"https:\/\/schema.org","@graph":[{"@type":"Article","@id":"https:\/\/www.meydan.tv\/az\/article\/medeniyyet-nazirliyi-kinoteatrlara-destek-olacagini-deyir\/#article","isPartOf":{"@id":"https:\/\/www.meydan.tv\/az\/article\/medeniyyet-nazirliyi-kinoteatrlara-destek-olacagini-deyir\/"},"author":{"name":"user-manager","@id":"https:\/\/www.meydan.tv\/az\/#\/schema\/person\/10d11eccf6da3662cf5fdab9806ea91a"},"headline":"M\u0259d\u0259niyy\u0259t Nazirliyi kinoteatrlara d\u0259st\u0259k olaca\u011f\u0131n\u0131 deyir","datePublished":"2021-09-30T12:19:33+00:00","mainEntityOfPage":{"@id":"https:\/\/www.meydan.tv\/az\/article\/medeniyyet-nazirliyi-kinoteatrlara-destek-olacagini-deyir\/"},"wordCount":249,"publisher":{"@id":"https:\/\/www.meydan.tv\/az\/#organization"},"image":{"@id":"https:\/\/www.meydan.tv\/az\/article\/medeniyyet-nazirliyi-kinoteatrlara-destek-olacagini-deyir\/#primaryimage"},"thumbnailUrl":"https:\/\/www.meydan.tv\/wp-content\/uploads\/image068-1024x683-1.jpg","articleSection":["M\u0259d\u0259niyy\u0259t"],"inLanguage":"az"},{"@type":"WebPage","@id":"https:\/\/www.meydan.tv\/az\/article\/medeniyyet-nazirliyi-kinoteatrlara-destek-olacagini-deyir\/","url":"https:\/\/www.meydan.tv\/az\/article\/medeniyyet-nazirliyi-kinoteatrlara-destek-olacagini-deyir\/","name":"M\u0259d\u0259niyy\u0259t Nazirliyi kinoteatrlara d\u0259st\u0259k olaca\u011f\u0131n\u0131 deyir - MEYDAN.TV","isPartOf":{"@id":"https:\/\/www.meydan.tv\/az\/#website"},"primaryImageOfPage":{"@id":"https:\/\/www.meydan.tv\/az\/article\/medeniyyet-nazirliyi-kinoteatrlara-destek-olacagini-deyir\/#primaryimage"},"image":{"@id":"https:\/\/www.meydan.tv\/az\/article\/medeniyyet-nazirliyi-kinoteatrlara-destek-olacagini-deyir\/#primaryimage"},"thumbnailUrl":"https:\/\/www.meydan.tv\/wp-content\/uploads\/image068-1024x683-1.jpg","datePublished":"2021-09-30T12:19:33+00:00","breadcrumb":{"@id":"https:\/\/www.meydan.tv\/az\/article\/medeniyyet-nazirliyi-kinoteatrlara-destek-olacagini-deyir\/#breadcrumb"},"inLanguage":"az","potentialAction":[{"@type":"ReadAction","target":["https:\/\/www.meydan.tv\/az\/article\/medeniyyet-nazirliyi-kinoteatrlara-destek-olacagini-deyir\/"]}]},{"@type":"ImageObject","inLanguage":"az","@id":"https:\/\/www.meydan.tv\/az\/article\/medeniyyet-nazirliyi-kinoteatrlara-destek-olacagini-deyir\/#primaryimage","url":"https:\/\/www.meydan.tv\/wp-content\/uploads\/image068-1024x683-1.jpg","contentUrl":"https:\/\/www.meydan.tv\/wp-content\/uploads\/image068-1024x683-1.jpg","width":1024,"height":683,"caption":"Foto: arxiv"},{"@type":"BreadcrumbList","@id":"https:\/\/www.meydan.tv\/az\/article\/medeniyyet-nazirliyi-kinoteatrlara-destek-olacagini-deyir\/#breadcrumb","itemListElement":[{"@type":"ListItem","position":1,"name":"Ana s\u0259hif\u0259","item":"https:\/\/www.meydan.tv\/az\/"},{"@type":"ListItem","position":2,"name":"M\u0259d\u0259niyy\u0259t","item":"https:\/\/www.meydan.tv\/az\/section\/medeniyyet\/"},{"@type":"ListItem","position":3,"name":"M\u0259d\u0259niyy\u0259t Nazirliyi kinoteatrlara d\u0259st\u0259k olaca\u011f\u0131n\u0131 deyir"}]},{"@type":"WebSite","@id":"https:\/\/www.meydan.tv\/az\/#website","url":"https:\/\/www.meydan.tv\/az\/","name":"MEYDAN.TV","description":"Meydan TV Az\u0259rbaycan\u0131n media m\u0259kan\u0131ndak\u0131 alternativ s\u0259sidir","publisher":{"@id":"https:\/\/www.meydan.tv\/az\/#organization"},"potentialAction":[{"@type":"SearchAction","target":{"@type":"EntryPoint","urlTemplate":"https:\/\/www.meydan.tv\/az\/?s={search_term_string}"},"query-input":{"@type":"PropertyValueSpecification","valueRequired":true,"valueName":"search_term_string"}}],"inLanguage":"az"},{"@type":"Organization","@id":"https:\/\/www.meydan.tv\/az\/#organization","name":"Meydan TV","url":"https:\/\/www.meydan.tv\/az\/","logo":{"@type":"ImageObject","inLanguage":"az","@id":"https:\/\/www.meydan.tv\/az\/#\/schema\/logo\/image\/","url":"https:\/\/www.meydan.tv\/wp-content\/uploads\/2021\/07\/meydan-logo.svg","contentUrl":"https:\/\/www.meydan.tv\/wp-content\/uploads\/2021\/07\/meydan-logo.svg","width":195,"height":46,"caption":"Meydan TV"},"image":{"@id":"https:\/\/www.meydan.tv\/az\/#\/schema\/logo\/image\/"}},{"@type":"Person","@id":"https:\/\/www.meydan.tv\/az\/#\/schema\/person\/10d11eccf6da3662cf5fdab9806ea91a","name":"user-manager"}]}},"_links":{"self":[{"href":"https:\/\/www.meydan.tv\/az\/wp-json\/wp\/v2\/posts\/213084","targetHints":{"allow":["GET"]}}],"collection":[{"href":"https:\/\/www.meydan.tv\/az\/wp-json\/wp\/v2\/posts"}],"about":[{"href":"https:\/\/www.meydan.tv\/az\/wp-json\/wp\/v2\/types\/post"}],"author":[{"embeddable":true,"href":"https:\/\/www.meydan.tv\/az\/wp-json\/wp\/v2\/users\/11"}],"replies":[{"embeddable":true,"href":"https:\/\/www.meydan.tv\/az\/wp-json\/wp\/v2\/comments?post=213084"}],"version-history":[{"count":0,"href":"https:\/\/www.meydan.tv\/az\/wp-json\/wp\/v2\/posts\/213084\/revisions"}],"wp:featuredmedia":[{"embeddable":true,"href":"https:\/\/www.meydan.tv\/az\/wp-json\/wp\/v2\/media\/130285"}],"wp:attachment":[{"href":"https:\/\/www.meydan.tv\/az\/wp-json\/wp\/v2\/media?parent=213084"}],"wp:term":[{"taxonomy":"category","embeddable":true,"href":"https:\/\/www.meydan.tv\/az\/wp-json\/wp\/v2\/categories?post=213084"},{"taxonomy":"post_tag","embeddable":true,"href":"https:\/\/www.meydan.tv\/az\/wp-json\/wp\/v2\/tags?post=213084"}],"curies":[{"name":"wp","href":"https:\/\/api.w.org\/{rel}","templated":true}]}}