{"id":213064,"date":"2021-09-29T11:06:11","date_gmt":"2021-09-29T11:06:11","guid":{"rendered":"https:\/\/www.meydan.tv\/article\/susada-mehmandarovlarin-malikanesi-berpa-olunur\/"},"modified":"2021-09-29T11:06:11","modified_gmt":"2021-09-29T11:06:11","slug":"susada-mehmandarovlarin-malikanesi-berpa-olunur","status":"publish","type":"post","link":"https:\/\/www.meydan.tv\/az\/article\/susada-mehmandarovlarin-malikanesi-berpa-olunur\/","title":{"rendered":"\u015eu\u015fada Mehmandarovlar\u0131n malikan\u0259si b\u0259rpa olunur"},"content":{"rendered":"<p>\n  <i><br \/>\n    Nazirlik: \u201c\u015eu\u015fa \u015e\u0259h\u0259r X\u0259st\u0259xanas\u0131 kimi f\u0259aliyy\u0259t g\u00f6st\u0259r\u0259n kompleks tamamil\u0259 da\u011fld\u0131l\u0131b\u201d<br \/>\n  <\/i>\n<\/p>\n<p>\n  \u015eu\u015fada Mehmandarovlar\u0131n malikan\u0259 kompleksind\u0259 t\u0259mir-b\u0259rpa i\u015fl\u0259ri apar\u0131l\u0131r.\n<\/p>\n<p>\n  Bu bar\u0259d\u0259 m\u0259lumat\u0131 M\u0259d\u0259niyy\u0259t Nazirliyi<br \/>\n  <a href=\"http:\/\/mct.gov.az\/az\/umumi-xeberler\/13761\"><br \/>\n    yay\u0131b<br \/>\n  <\/a><br \/>\n  .\n<\/p>\n<p>\n  XVIII \u0259srin tarixi-memarl\u0131q abid\u0259si say\u0131lan Mehmandarovlar\u0131n malikan\u0259 kompleksin\u0259 B\u00f6y\u00fck ya\u015fay\u0131\u015f binas\u0131, Ki\u00e7ik ya\u015fay\u0131\u015f binas\u0131 v\u0259 ail\u0259 m\u0259scidi daxildir.\n<\/p>\n<p>\n  Daha sonralar is\u0259 m\u0259scid\u0259 ged\u0259n yolun \u00fcst\u00fcnd\u0259 bulaq tikilib.\n<\/p>\n<p>\n  Mehmandarovlar\u0131n malikan\u0259 kompleksi ilk d\u0259f\u0259 1977-78-ci ill\u0259rd\u0259 Az\u0259rbaycan SSR M\u0259d\u0259niyy\u0259t Nazirliyi t\u0259r\u0259find\u0259n pasportla\u015fd\u0131r\u0131l\u0131b.\n<\/p>\n<p>\n  Bina sovetl\u0259r d\u00f6n\u0259mind\u0259 \u015eu\u015fa \u015e\u0259h\u0259r X\u0259st\u0259xanas\u0131 kimi f\u0259aliyy\u0259t g\u00f6st\u0259rib.\n<\/p>\n<p>\n  19 may 1987-ci il tarixind\u0259n vaxtil\u0259 Mehmandarovlar ail\u0259sin\u0259 m\u0259xsus olan ya\u015fay\u0131\u015f kompleksind\u0259 Az\u0259rbaycan Xal\u00e7as\u0131 v\u0259 Xalq T\u0259tbiqi S\u0259n\u0259ti D\u00f6vl\u0259t Muzeyinin (indiki Az\u0259rbaycan Milli Xal\u00e7a Muzeyi) \u015eu\u015fa filial\u0131 f\u0259aliyy\u0259t\u0259 ba\u015flay\u0131b.\n<\/p>\n<p>\n  1992-ci ild\u0259 \u015eu\u015fa \u015f\u0259h\u0259ri Erm\u0259nistan silahl\u0131 q\u00fcvv\u0259l\u0259ri t\u0259r\u0259find\u0259n i\u015f\u011fala m\u0259ruz qald\u0131\u011f\u0131 \u00fc\u00e7\u00fcn filialdak\u0131 da\u015f\u0131nmas\u0131 m\u00fcmk\u00fcn olan eksponatlar t\u0259xliyy\u0259 olunaraq Bak\u0131ya g\u0259tirilib.\n<\/p>\n<p>\n  Bildirilir ki, m\u00fcharib\u0259 d\u00f6vr\u00fcnd\u0259 Mehmandarovlar\u0131n malikan\u0259 kompleksin\u0259 ciddi ziyan d\u0259yib v\u0259 da\u011f\u0131d\u0131l\u0131b. M\u00fclk\u00fcn b\u00f6y\u00fck ya\u015fay\u0131\u015f evi yerl\u0259yeksan edilib.\n<\/p>\n<p>\n  Ki\u00e7ik ya\u015fay\u0131\u015f binas\u0131 is\u0259 erm\u0259nil\u0259r t\u0259r\u0259find\u0259n \u015eu\u015fa Tarix Muzeyi kimi f\u0259aliyy\u0259t g\u00f6st\u0259rirdi. Kompleks \u0259razisind\u0259ki m\u0259scid is\u0259 erm\u0259nil\u0259r t\u0259r\u0259find\u0259n m\u0259nims\u0259nilmi\u015f v\u0259 Geologiya Muzeyin\u0259 \u00e7evrilmi\u015fdi.\n<\/p>\n<p>\n  Nazirliyin m\u0259lumat\u0131nda qeyd edilir ki, b\u0259rpa-quruculuq prosesi \u015eu\u015fan\u0131n orijinal memarl\u0131q \u00fcslubuna uy\u011fun apar\u0131l\u0131r.\n<\/p>\n<p>\n  Mehmandarovlar malikan\u0259sind\u0259 Mehmandarov n\u0259slinin g\u00f6rk\u0259mli n\u00fcmay\u0259nd\u0259l\u0259rind\u0259n biri &#8211; Sankt-Peterburq Tibb C\u0259rrahl\u0131q Akademiyas\u0131n\u0131n m\u0259zunu, h\u0259kim, \u201cDifai\u201d t\u0259\u015fkilat\u0131n\u0131n \u015eu\u015fa \u015f\u00f6b\u0259sinin s\u0259dri, iki o\u011flu 1937-ci ild\u0259 repressiya edilmi\u015f K\u0259rim b\u0259y Mehmandarov ya\u015fay\u0131b.<\/p>\n","protected":false},"excerpt":{"rendered":"<p>Bina sovetl\u0259r d\u00f6n\u0259mind\u0259 \u015eu\u015fa \u015e\u0259h\u0259r X\u0259st\u0259xanas\u0131 kimi f\u0259aliyy\u0259t g\u00f6st\u0259rib.<\/p>\n","protected":false},"author":11,"featured_media":210592,"comment_status":"closed","ping_status":"open","sticky":false,"template":"","format":"standard","meta":{"_acf_changed":false,"_sitemap_exclude":false,"_sitemap_priority":"","_sitemap_frequency":"","footnotes":""},"categories":[52],"tags":[],"class_list":["post-213064","post","type-post","status-publish","format-standard","has-post-thumbnail","hentry","category-medeniyyet","infinite-scroll-item","generate-columns","tablet-grid-50","mobile-grid-100","grid-parent","grid-33","no-featured-image-padding"],"acf":[],"yoast_head":"<!-- This site is optimized with the Yoast SEO plugin v27.4 - https:\/\/yoast.com\/product\/yoast-seo-wordpress\/ -->\n<title>\u015eu\u015fada Mehmandarovlar\u0131n malikan\u0259si b\u0259rpa olunur - MEYDAN.TV<\/title>\n<meta name=\"robots\" content=\"index, follow, max-snippet:-1, max-image-preview:large, max-video-preview:-1\" \/>\n<link rel=\"canonical\" href=\"https:\/\/www.meydan.tv\/az\/article\/susada-mehmandarovlarin-malikanesi-berpa-olunur\/\" \/>\n<meta property=\"og:locale\" content=\"az_AZ\" \/>\n<meta property=\"og:type\" content=\"article\" \/>\n<meta property=\"og:title\" content=\"\u015eu\u015fada Mehmandarovlar\u0131n malikan\u0259si b\u0259rpa olunur - MEYDAN.TV\" \/>\n<meta property=\"og:description\" content=\"Bina sovetl\u0259r d\u00f6n\u0259mind\u0259 \u015eu\u015fa \u015e\u0259h\u0259r X\u0259st\u0259xanas\u0131 kimi f\u0259aliyy\u0259t g\u00f6st\u0259rib.\" \/>\n<meta property=\"og:url\" content=\"https:\/\/www.meydan.tv\/az\/article\/susada-mehmandarovlarin-malikanesi-berpa-olunur\/\" \/>\n<meta property=\"og:site_name\" content=\"MEYDAN.TV\" \/>\n<meta property=\"article:published_time\" content=\"2021-09-29T11:06:11+00:00\" \/>\n<meta property=\"og:image\" content=\"https:\/\/www.meydan.tv\/wp-content\/uploads\/mehmandarovlar_malikan__si.jpeg\" \/>\n\t<meta property=\"og:image:width\" content=\"1024\" \/>\n\t<meta property=\"og:image:height\" content=\"588\" \/>\n\t<meta property=\"og:image:type\" content=\"image\/jpeg\" \/>\n<meta name=\"author\" content=\"user-manager\" \/>\n<meta name=\"twitter:card\" content=\"summary_large_image\" \/>\n<script type=\"application\/ld+json\" class=\"yoast-schema-graph\">{\"@context\":\"https:\\\/\\\/schema.org\",\"@graph\":[{\"@type\":\"Article\",\"@id\":\"https:\\\/\\\/www.meydan.tv\\\/az\\\/article\\\/susada-mehmandarovlarin-malikanesi-berpa-olunur\\\/#article\",\"isPartOf\":{\"@id\":\"https:\\\/\\\/www.meydan.tv\\\/az\\\/article\\\/susada-mehmandarovlarin-malikanesi-berpa-olunur\\\/\"},\"author\":{\"name\":\"user-manager\",\"@id\":\"https:\\\/\\\/www.meydan.tv\\\/az\\\/#\\\/schema\\\/person\\\/10d11eccf6da3662cf5fdab9806ea91a\"},\"headline\":\"\u015eu\u015fada Mehmandarovlar\u0131n malikan\u0259si b\u0259rpa olunur\",\"datePublished\":\"2021-09-29T11:06:11+00:00\",\"mainEntityOfPage\":{\"@id\":\"https:\\\/\\\/www.meydan.tv\\\/az\\\/article\\\/susada-mehmandarovlarin-malikanesi-berpa-olunur\\\/\"},\"wordCount\":384,\"publisher\":{\"@id\":\"https:\\\/\\\/www.meydan.tv\\\/az\\\/#organization\"},\"image\":{\"@id\":\"https:\\\/\\\/www.meydan.tv\\\/az\\\/article\\\/susada-mehmandarovlarin-malikanesi-berpa-olunur\\\/#primaryimage\"},\"thumbnailUrl\":\"https:\\\/\\\/www.meydan.tv\\\/wp-content\\\/uploads\\\/mehmandarovlar_malikan__si.jpeg\",\"articleSection\":[\"M\u0259d\u0259niyy\u0259t\"],\"inLanguage\":\"az\"},{\"@type\":\"WebPage\",\"@id\":\"https:\\\/\\\/www.meydan.tv\\\/az\\\/article\\\/susada-mehmandarovlarin-malikanesi-berpa-olunur\\\/\",\"url\":\"https:\\\/\\\/www.meydan.tv\\\/az\\\/article\\\/susada-mehmandarovlarin-malikanesi-berpa-olunur\\\/\",\"name\":\"\u015eu\u015fada Mehmandarovlar\u0131n malikan\u0259si b\u0259rpa olunur - MEYDAN.TV\",\"isPartOf\":{\"@id\":\"https:\\\/\\\/www.meydan.tv\\\/az\\\/#website\"},\"primaryImageOfPage\":{\"@id\":\"https:\\\/\\\/www.meydan.tv\\\/az\\\/article\\\/susada-mehmandarovlarin-malikanesi-berpa-olunur\\\/#primaryimage\"},\"image\":{\"@id\":\"https:\\\/\\\/www.meydan.tv\\\/az\\\/article\\\/susada-mehmandarovlarin-malikanesi-berpa-olunur\\\/#primaryimage\"},\"thumbnailUrl\":\"https:\\\/\\\/www.meydan.tv\\\/wp-content\\\/uploads\\\/mehmandarovlar_malikan__si.jpeg\",\"datePublished\":\"2021-09-29T11:06:11+00:00\",\"breadcrumb\":{\"@id\":\"https:\\\/\\\/www.meydan.tv\\\/az\\\/article\\\/susada-mehmandarovlarin-malikanesi-berpa-olunur\\\/#breadcrumb\"},\"inLanguage\":\"az\",\"potentialAction\":[{\"@type\":\"ReadAction\",\"target\":[\"https:\\\/\\\/www.meydan.tv\\\/az\\\/article\\\/susada-mehmandarovlarin-malikanesi-berpa-olunur\\\/\"]}]},{\"@type\":\"ImageObject\",\"inLanguage\":\"az\",\"@id\":\"https:\\\/\\\/www.meydan.tv\\\/az\\\/article\\\/susada-mehmandarovlarin-malikanesi-berpa-olunur\\\/#primaryimage\",\"url\":\"https:\\\/\\\/www.meydan.tv\\\/wp-content\\\/uploads\\\/mehmandarovlar_malikan__si.jpeg\",\"contentUrl\":\"https:\\\/\\\/www.meydan.tv\\\/wp-content\\\/uploads\\\/mehmandarovlar_malikan__si.jpeg\",\"width\":1024,\"height\":588,\"caption\":\"Source: Specify Source\"},{\"@type\":\"BreadcrumbList\",\"@id\":\"https:\\\/\\\/www.meydan.tv\\\/az\\\/article\\\/susada-mehmandarovlarin-malikanesi-berpa-olunur\\\/#breadcrumb\",\"itemListElement\":[{\"@type\":\"ListItem\",\"position\":1,\"name\":\"Ana s\u0259hif\u0259\",\"item\":\"https:\\\/\\\/www.meydan.tv\\\/az\\\/\"},{\"@type\":\"ListItem\",\"position\":2,\"name\":\"M\u0259d\u0259niyy\u0259t\",\"item\":\"https:\\\/\\\/www.meydan.tv\\\/az\\\/section\\\/medeniyyet\\\/\"},{\"@type\":\"ListItem\",\"position\":3,\"name\":\"\u015eu\u015fada Mehmandarovlar\u0131n malikan\u0259si b\u0259rpa olunur\"}]},{\"@type\":\"WebSite\",\"@id\":\"https:\\\/\\\/www.meydan.tv\\\/az\\\/#website\",\"url\":\"https:\\\/\\\/www.meydan.tv\\\/az\\\/\",\"name\":\"MEYDAN.TV\",\"description\":\"Meydan TV Az\u0259rbaycan\u0131n media m\u0259kan\u0131ndak\u0131 alternativ s\u0259sidir\",\"publisher\":{\"@id\":\"https:\\\/\\\/www.meydan.tv\\\/az\\\/#organization\"},\"potentialAction\":[{\"@type\":\"SearchAction\",\"target\":{\"@type\":\"EntryPoint\",\"urlTemplate\":\"https:\\\/\\\/www.meydan.tv\\\/az\\\/?s={search_term_string}\"},\"query-input\":{\"@type\":\"PropertyValueSpecification\",\"valueRequired\":true,\"valueName\":\"search_term_string\"}}],\"inLanguage\":\"az\"},{\"@type\":\"Organization\",\"@id\":\"https:\\\/\\\/www.meydan.tv\\\/az\\\/#organization\",\"name\":\"Meydan TV\",\"url\":\"https:\\\/\\\/www.meydan.tv\\\/az\\\/\",\"logo\":{\"@type\":\"ImageObject\",\"inLanguage\":\"az\",\"@id\":\"https:\\\/\\\/www.meydan.tv\\\/az\\\/#\\\/schema\\\/logo\\\/image\\\/\",\"url\":\"https:\\\/\\\/www.meydan.tv\\\/wp-content\\\/uploads\\\/2021\\\/07\\\/meydan-logo.svg\",\"contentUrl\":\"https:\\\/\\\/www.meydan.tv\\\/wp-content\\\/uploads\\\/2021\\\/07\\\/meydan-logo.svg\",\"width\":195,\"height\":46,\"caption\":\"Meydan TV\"},\"image\":{\"@id\":\"https:\\\/\\\/www.meydan.tv\\\/az\\\/#\\\/schema\\\/logo\\\/image\\\/\"}},{\"@type\":\"Person\",\"@id\":\"https:\\\/\\\/www.meydan.tv\\\/az\\\/#\\\/schema\\\/person\\\/10d11eccf6da3662cf5fdab9806ea91a\",\"name\":\"user-manager\"}]}<\/script>\n<!-- \/ Yoast SEO plugin. -->","yoast_head_json":{"title":"\u015eu\u015fada Mehmandarovlar\u0131n malikan\u0259si b\u0259rpa olunur - MEYDAN.TV","robots":{"index":"index","follow":"follow","max-snippet":"max-snippet:-1","max-image-preview":"max-image-preview:large","max-video-preview":"max-video-preview:-1"},"canonical":"https:\/\/www.meydan.tv\/az\/article\/susada-mehmandarovlarin-malikanesi-berpa-olunur\/","og_locale":"az_AZ","og_type":"article","og_title":"\u015eu\u015fada Mehmandarovlar\u0131n malikan\u0259si b\u0259rpa olunur - MEYDAN.TV","og_description":"Bina sovetl\u0259r d\u00f6n\u0259mind\u0259 \u015eu\u015fa \u015e\u0259h\u0259r X\u0259st\u0259xanas\u0131 kimi f\u0259aliyy\u0259t g\u00f6st\u0259rib.","og_url":"https:\/\/www.meydan.tv\/az\/article\/susada-mehmandarovlarin-malikanesi-berpa-olunur\/","og_site_name":"MEYDAN.TV","article_published_time":"2021-09-29T11:06:11+00:00","og_image":[{"width":1024,"height":588,"url":"https:\/\/www.meydan.tv\/wp-content\/uploads\/mehmandarovlar_malikan__si.jpeg","type":"image\/jpeg"}],"author":"user-manager","twitter_card":"summary_large_image","schema":{"@context":"https:\/\/schema.org","@graph":[{"@type":"Article","@id":"https:\/\/www.meydan.tv\/az\/article\/susada-mehmandarovlarin-malikanesi-berpa-olunur\/#article","isPartOf":{"@id":"https:\/\/www.meydan.tv\/az\/article\/susada-mehmandarovlarin-malikanesi-berpa-olunur\/"},"author":{"name":"user-manager","@id":"https:\/\/www.meydan.tv\/az\/#\/schema\/person\/10d11eccf6da3662cf5fdab9806ea91a"},"headline":"\u015eu\u015fada Mehmandarovlar\u0131n malikan\u0259si b\u0259rpa olunur","datePublished":"2021-09-29T11:06:11+00:00","mainEntityOfPage":{"@id":"https:\/\/www.meydan.tv\/az\/article\/susada-mehmandarovlarin-malikanesi-berpa-olunur\/"},"wordCount":384,"publisher":{"@id":"https:\/\/www.meydan.tv\/az\/#organization"},"image":{"@id":"https:\/\/www.meydan.tv\/az\/article\/susada-mehmandarovlarin-malikanesi-berpa-olunur\/#primaryimage"},"thumbnailUrl":"https:\/\/www.meydan.tv\/wp-content\/uploads\/mehmandarovlar_malikan__si.jpeg","articleSection":["M\u0259d\u0259niyy\u0259t"],"inLanguage":"az"},{"@type":"WebPage","@id":"https:\/\/www.meydan.tv\/az\/article\/susada-mehmandarovlarin-malikanesi-berpa-olunur\/","url":"https:\/\/www.meydan.tv\/az\/article\/susada-mehmandarovlarin-malikanesi-berpa-olunur\/","name":"\u015eu\u015fada Mehmandarovlar\u0131n malikan\u0259si b\u0259rpa olunur - MEYDAN.TV","isPartOf":{"@id":"https:\/\/www.meydan.tv\/az\/#website"},"primaryImageOfPage":{"@id":"https:\/\/www.meydan.tv\/az\/article\/susada-mehmandarovlarin-malikanesi-berpa-olunur\/#primaryimage"},"image":{"@id":"https:\/\/www.meydan.tv\/az\/article\/susada-mehmandarovlarin-malikanesi-berpa-olunur\/#primaryimage"},"thumbnailUrl":"https:\/\/www.meydan.tv\/wp-content\/uploads\/mehmandarovlar_malikan__si.jpeg","datePublished":"2021-09-29T11:06:11+00:00","breadcrumb":{"@id":"https:\/\/www.meydan.tv\/az\/article\/susada-mehmandarovlarin-malikanesi-berpa-olunur\/#breadcrumb"},"inLanguage":"az","potentialAction":[{"@type":"ReadAction","target":["https:\/\/www.meydan.tv\/az\/article\/susada-mehmandarovlarin-malikanesi-berpa-olunur\/"]}]},{"@type":"ImageObject","inLanguage":"az","@id":"https:\/\/www.meydan.tv\/az\/article\/susada-mehmandarovlarin-malikanesi-berpa-olunur\/#primaryimage","url":"https:\/\/www.meydan.tv\/wp-content\/uploads\/mehmandarovlar_malikan__si.jpeg","contentUrl":"https:\/\/www.meydan.tv\/wp-content\/uploads\/mehmandarovlar_malikan__si.jpeg","width":1024,"height":588,"caption":"Source: Specify Source"},{"@type":"BreadcrumbList","@id":"https:\/\/www.meydan.tv\/az\/article\/susada-mehmandarovlarin-malikanesi-berpa-olunur\/#breadcrumb","itemListElement":[{"@type":"ListItem","position":1,"name":"Ana s\u0259hif\u0259","item":"https:\/\/www.meydan.tv\/az\/"},{"@type":"ListItem","position":2,"name":"M\u0259d\u0259niyy\u0259t","item":"https:\/\/www.meydan.tv\/az\/section\/medeniyyet\/"},{"@type":"ListItem","position":3,"name":"\u015eu\u015fada Mehmandarovlar\u0131n malikan\u0259si b\u0259rpa olunur"}]},{"@type":"WebSite","@id":"https:\/\/www.meydan.tv\/az\/#website","url":"https:\/\/www.meydan.tv\/az\/","name":"MEYDAN.TV","description":"Meydan TV Az\u0259rbaycan\u0131n media m\u0259kan\u0131ndak\u0131 alternativ s\u0259sidir","publisher":{"@id":"https:\/\/www.meydan.tv\/az\/#organization"},"potentialAction":[{"@type":"SearchAction","target":{"@type":"EntryPoint","urlTemplate":"https:\/\/www.meydan.tv\/az\/?s={search_term_string}"},"query-input":{"@type":"PropertyValueSpecification","valueRequired":true,"valueName":"search_term_string"}}],"inLanguage":"az"},{"@type":"Organization","@id":"https:\/\/www.meydan.tv\/az\/#organization","name":"Meydan TV","url":"https:\/\/www.meydan.tv\/az\/","logo":{"@type":"ImageObject","inLanguage":"az","@id":"https:\/\/www.meydan.tv\/az\/#\/schema\/logo\/image\/","url":"https:\/\/www.meydan.tv\/wp-content\/uploads\/2021\/07\/meydan-logo.svg","contentUrl":"https:\/\/www.meydan.tv\/wp-content\/uploads\/2021\/07\/meydan-logo.svg","width":195,"height":46,"caption":"Meydan TV"},"image":{"@id":"https:\/\/www.meydan.tv\/az\/#\/schema\/logo\/image\/"}},{"@type":"Person","@id":"https:\/\/www.meydan.tv\/az\/#\/schema\/person\/10d11eccf6da3662cf5fdab9806ea91a","name":"user-manager"}]}},"_links":{"self":[{"href":"https:\/\/www.meydan.tv\/az\/wp-json\/wp\/v2\/posts\/213064","targetHints":{"allow":["GET"]}}],"collection":[{"href":"https:\/\/www.meydan.tv\/az\/wp-json\/wp\/v2\/posts"}],"about":[{"href":"https:\/\/www.meydan.tv\/az\/wp-json\/wp\/v2\/types\/post"}],"author":[{"embeddable":true,"href":"https:\/\/www.meydan.tv\/az\/wp-json\/wp\/v2\/users\/11"}],"replies":[{"embeddable":true,"href":"https:\/\/www.meydan.tv\/az\/wp-json\/wp\/v2\/comments?post=213064"}],"version-history":[{"count":0,"href":"https:\/\/www.meydan.tv\/az\/wp-json\/wp\/v2\/posts\/213064\/revisions"}],"wp:featuredmedia":[{"embeddable":true,"href":"https:\/\/www.meydan.tv\/az\/wp-json\/wp\/v2\/media\/210592"}],"wp:attachment":[{"href":"https:\/\/www.meydan.tv\/az\/wp-json\/wp\/v2\/media?parent=213064"}],"wp:term":[{"taxonomy":"category","embeddable":true,"href":"https:\/\/www.meydan.tv\/az\/wp-json\/wp\/v2\/categories?post=213064"},{"taxonomy":"post_tag","embeddable":true,"href":"https:\/\/www.meydan.tv\/az\/wp-json\/wp\/v2\/tags?post=213064"}],"curies":[{"name":"wp","href":"https:\/\/api.w.org\/{rel}","templated":true}]}}