{"id":213060,"date":"2021-09-29T08:54:14","date_gmt":"2021-09-29T08:54:14","guid":{"rendered":"https:\/\/www.meydan.tv\/article\/kendlerin-qaz-problemi\/"},"modified":"2021-09-29T08:54:14","modified_gmt":"2021-09-29T08:54:14","slug":"kendlerin-qaz-problemi","status":"publish","type":"post","link":"https:\/\/www.meydan.tv\/az\/article\/kendlerin-qaz-problemi\/","title":{"rendered":"K\u0259ndl\u0259rin qaz problemi"},"content":{"rendered":"<p>\n  <i><br \/>\n    \u201cAz\u0259riqaz\u201d qaz \u00e7\u0259kili\u015finin m\u0259rh\u0259l\u0259li \u015f\u0259kild\u0259 h\u0259yata ke\u00e7irildiyini deyir<br \/>\n  <\/i>\n<\/p>\n<p>\n  C\u0259lilabad rayonunun K\u00fcrdl\u0259r k\u0259ndi rayon m\u0259rk\u0259zind\u0259n c\u0259mi 7-8 kilometr aral\u0131da yerl\u0259\u015fir. K\u0259ndin qon\u015fulu\u011fundak\u0131 dig\u0259r k\u0259ndl\u0259r\u0259 qaz \u00e7\u0259kils\u0259 d\u0259, bu k\u0259ndin sakinl\u0259ri h\u0259l\u0259 d\u0259 odun sobalar\u0131ndan (yanacaq kimi) istifad\u0259 edirl\u0259r. Bu bar\u0259d\u0259 Meydan TV-y\u0259 k\u0259nd sakinl\u0259ri m\u0259lumat veribl\u0259r. Onlar\u0131n s\u00f6zl\u0259rin\u0259 g\u00f6r\u0259, hava soyuyan kimi odun yand\u0131rma\u011fa m\u0259cbur olurlar. \u00c7\u00fcnki i\u015f\u0131qlar tez-tez s\u00f6n\u00fcr. Odun tapmaq is\u0259 k\u0259ndlil\u0259r \u00fc\u00e7\u00fcn \u0259lav\u0259 problem\u0259 \u00e7evrilir, q\u0131\u015fda bo\u011fazlar\u0131ndan k\u0259sib oduna verirl\u0259r.\n<\/p>\n<p>\n  Sakinl\u0259rd\u0259n Allahverdi Abbassov deyir ki, bununla ba\u011fl\u0131 d\u0259f\u0259l\u0259rl\u0259r rayon icra hakimiyy\u0259tin\u0259, el\u0259c\u0259 d\u0259 \u201cAz\u0259riqaz\u201d \u0130stehsalat Birliyin\u0259 m\u00fcraci\u0259t edibl\u0259r. H\u0259tta birliyin r\u0259hb\u0259ri Ruslan \u018fliyevin sosial \u015f\u0259b\u0259k\u0259d\u0259 canl\u0131 \u00e7\u0131x\u0131\u015flar\u0131 zaman\u0131 \u015fikay\u0259tl\u0259rini yaz\u0131blar. H\u0259l\u0259liks\u0259 n\u0259tic\u0259si yoxdur.\n<\/p>\n<p>\n  R\u0259smi m\u0259lumata g\u00f6r\u0259, regionlarda ya\u015fay\u0131\u015f m\u0259nt\u0259q\u0259l\u0259rin\u0259 qaz verili\u015fi 90 faizi \u00f6t\u00fcb. \u00d6t\u0259n il qazla\u015fd\u0131r\u0131lma i\u015fl\u0259rinin h\u0259yata ke\u00e7irilm\u0259si \u00fc\u00e7\u00fcn 130 milyon manat ayr\u0131l\u0131b. Lakin qaz problemi il\u0259 ba\u011fl\u0131 \u015fikay\u0259tl\u0259r \u00e7oxdur.\n<\/p>\n<p>\n  Daha bir \u015fikay\u0259t L\u0259nk\u0259ran\u0131n rayon m\u0259rk\u0259zin\u0259 yax\u0131n Digah k\u0259ndind\u0259ndir. Sakinl\u0259r bildirirl\u0259r ki, k\u0259nd\u0259 qaz verilmir. Baxmayaraq ki, ne\u00e7\u0259 ildir siyah\u0131dad\u0131lar.\n<\/p>\n<p>\n  Lerik rayonunun Korn\u0259di k\u0259ndind\u0259n is\u0259 h\u0259l\u0259 2019-cu ilin \u0259vv\u0259lind\u0259 qaz \u00e7\u0259kili\u015fin\u0259 ba\u015flan\u0131l\u0131b. Amma k\u0259nd\u0259 c\u0259mi 500 metr\u0259 yax\u0131n qaz x\u0259tti \u00e7\u0259kilib v\u0259 i\u015fl\u0259r yar\u0131m\u00e7\u0131q saxlan\u0131l\u0131b. Sakinl\u0259r bununla ba\u011fl\u0131 m\u00fcraci\u0259t etm\u0259dikl\u0259ri qurum qalmad\u0131\u011f\u0131n\u0131 deyirl\u0259r.\n<\/p>\n<p>\n  Qusar\u0131n sahil k\u0259ndind\u0259 is\u0259 30-dan art\u0131q ail\u0259 10 ildir ki, qaz verilm\u0259si \u00fc\u00e7\u00fcn d\u00f6ym\u0259diyi qap\u0131 qalmay\u0131b. Sahild\u0259 bir ne\u00e7\u0259 \u0259razid\u0259 qaz olsa da, b\u0259zi k\u00fc\u00e7\u0259l\u0259r qazs\u0131z qal\u0131b.\n<\/p>\n<p>\n  Lerik v\u0259 L\u0259nk\u0259ran icra hakimiyy\u0259tl\u0259rinin h\u0259r birind\u0259n \u015fikay\u0259t\u00e7il\u0259r\u0259 bildiribl\u0259r ki, qaz \u00e7\u0259kili\u015fi \u201cAz\u0259rqaz\u201d t\u0259r\u0259find\u0259n h\u0259yata ke\u00e7irilir, h\u0259min quruma m\u00fcraci\u0259t etsinl\u0259r.\n<\/p>\n<p>\n  \u201cAz\u0259rqaz\u201ddan is\u0259 Meydan TV-y\u0259 bildiribl\u0259r ki, qaz \u00e7\u0259kili\u015fi proqram \u0259sas\u0131nda m\u0259rh\u0259l\u0259l\u0259rl\u0259 h\u0259yata ke\u00e7irilir v\u0259 art\u0131q b\u0259zi rayonlar\u0131n qazla\u015fd\u0131r\u0131lmas\u0131 90 faizi \u00f6t\u00fcb. \u015eikay\u0259t edil\u0259n k\u0259ndl\u0259r d\u0259 proqrama sal\u0131n\u0131b.<\/p>\n","protected":false},"excerpt":{"rendered":"<p>R\u0259smi m\u0259lumata g\u00f6r\u0259, regionlarda ya\u015fay\u0131\u015f m\u0259nt\u0259q\u0259l\u0259rin\u0259 qaz verili\u015fi 90 faizi \u00f6t\u00fcb<\/p>\n","protected":false},"author":11,"featured_media":210583,"comment_status":"closed","ping_status":"open","sticky":false,"template":"","format":"standard","meta":{"_acf_changed":false,"_sitemap_exclude":false,"_sitemap_priority":"","_sitemap_frequency":"","footnotes":""},"categories":[60],"tags":[],"class_list":["post-213060","post","type-post","status-publish","format-standard","has-post-thumbnail","hentry","category-bolge","infinite-scroll-item","generate-columns","tablet-grid-50","mobile-grid-100","grid-parent","grid-33","no-featured-image-padding"],"acf":[],"yoast_head":"<!-- This site is optimized with the Yoast SEO plugin v27.5 - https:\/\/yoast.com\/product\/yoast-seo-wordpress\/ -->\n<title>K\u0259ndl\u0259rin qaz problemi - MEYDAN.TV<\/title>\n<meta name=\"robots\" content=\"index, follow, max-snippet:-1, max-image-preview:large, max-video-preview:-1\" \/>\n<link rel=\"canonical\" href=\"https:\/\/www.meydan.tv\/az\/article\/kendlerin-qaz-problemi\/\" \/>\n<meta property=\"og:locale\" content=\"az_AZ\" \/>\n<meta property=\"og:type\" content=\"article\" \/>\n<meta property=\"og:title\" content=\"K\u0259ndl\u0259rin qaz problemi - MEYDAN.TV\" \/>\n<meta property=\"og:description\" content=\"R\u0259smi m\u0259lumata g\u00f6r\u0259, regionlarda ya\u015fay\u0131\u015f m\u0259nt\u0259q\u0259l\u0259rin\u0259 qaz verili\u015fi 90 faizi \u00f6t\u00fcb\" \/>\n<meta property=\"og:url\" content=\"https:\/\/www.meydan.tv\/az\/article\/kendlerin-qaz-problemi\/\" \/>\n<meta property=\"og:site_name\" content=\"MEYDAN.TV\" \/>\n<meta property=\"article:published_time\" content=\"2021-09-29T08:54:14+00:00\" \/>\n<meta property=\"og:image\" content=\"https:\/\/www.meydan.tv\/wp-content\/uploads\/qaz_problemi_08741.jpg\" \/>\n\t<meta property=\"og:image:width\" content=\"800\" \/>\n\t<meta property=\"og:image:height\" content=\"600\" \/>\n\t<meta property=\"og:image:type\" content=\"image\/jpeg\" \/>\n<meta name=\"author\" content=\"user-manager\" \/>\n<meta name=\"twitter:card\" content=\"summary_large_image\" \/>\n<script type=\"application\/ld+json\" class=\"yoast-schema-graph\">{\"@context\":\"https:\\\/\\\/schema.org\",\"@graph\":[{\"@type\":\"Article\",\"@id\":\"https:\\\/\\\/www.meydan.tv\\\/az\\\/article\\\/kendlerin-qaz-problemi\\\/#article\",\"isPartOf\":{\"@id\":\"https:\\\/\\\/www.meydan.tv\\\/az\\\/article\\\/kendlerin-qaz-problemi\\\/\"},\"author\":{\"name\":\"user-manager\",\"@id\":\"https:\\\/\\\/www.meydan.tv\\\/az\\\/#\\\/schema\\\/person\\\/10d11eccf6da3662cf5fdab9806ea91a\"},\"headline\":\"K\u0259ndl\u0259rin qaz problemi\",\"datePublished\":\"2021-09-29T08:54:14+00:00\",\"mainEntityOfPage\":{\"@id\":\"https:\\\/\\\/www.meydan.tv\\\/az\\\/article\\\/kendlerin-qaz-problemi\\\/\"},\"wordCount\":459,\"publisher\":{\"@id\":\"https:\\\/\\\/www.meydan.tv\\\/az\\\/#organization\"},\"image\":{\"@id\":\"https:\\\/\\\/www.meydan.tv\\\/az\\\/article\\\/kendlerin-qaz-problemi\\\/#primaryimage\"},\"thumbnailUrl\":\"https:\\\/\\\/www.meydan.tv\\\/wp-content\\\/uploads\\\/qaz_problemi_08741.jpg\",\"articleSection\":[\"B\u00f6lg\u0259\"],\"inLanguage\":\"az\"},{\"@type\":\"WebPage\",\"@id\":\"https:\\\/\\\/www.meydan.tv\\\/az\\\/article\\\/kendlerin-qaz-problemi\\\/\",\"url\":\"https:\\\/\\\/www.meydan.tv\\\/az\\\/article\\\/kendlerin-qaz-problemi\\\/\",\"name\":\"K\u0259ndl\u0259rin qaz problemi - MEYDAN.TV\",\"isPartOf\":{\"@id\":\"https:\\\/\\\/www.meydan.tv\\\/az\\\/#website\"},\"primaryImageOfPage\":{\"@id\":\"https:\\\/\\\/www.meydan.tv\\\/az\\\/article\\\/kendlerin-qaz-problemi\\\/#primaryimage\"},\"image\":{\"@id\":\"https:\\\/\\\/www.meydan.tv\\\/az\\\/article\\\/kendlerin-qaz-problemi\\\/#primaryimage\"},\"thumbnailUrl\":\"https:\\\/\\\/www.meydan.tv\\\/wp-content\\\/uploads\\\/qaz_problemi_08741.jpg\",\"datePublished\":\"2021-09-29T08:54:14+00:00\",\"breadcrumb\":{\"@id\":\"https:\\\/\\\/www.meydan.tv\\\/az\\\/article\\\/kendlerin-qaz-problemi\\\/#breadcrumb\"},\"inLanguage\":\"az\",\"potentialAction\":[{\"@type\":\"ReadAction\",\"target\":[\"https:\\\/\\\/www.meydan.tv\\\/az\\\/article\\\/kendlerin-qaz-problemi\\\/\"]}]},{\"@type\":\"ImageObject\",\"inLanguage\":\"az\",\"@id\":\"https:\\\/\\\/www.meydan.tv\\\/az\\\/article\\\/kendlerin-qaz-problemi\\\/#primaryimage\",\"url\":\"https:\\\/\\\/www.meydan.tv\\\/wp-content\\\/uploads\\\/qaz_problemi_08741.jpg\",\"contentUrl\":\"https:\\\/\\\/www.meydan.tv\\\/wp-content\\\/uploads\\\/qaz_problemi_08741.jpg\",\"width\":800,\"height\":600,\"caption\":\"Source: Specify Source\"},{\"@type\":\"BreadcrumbList\",\"@id\":\"https:\\\/\\\/www.meydan.tv\\\/az\\\/article\\\/kendlerin-qaz-problemi\\\/#breadcrumb\",\"itemListElement\":[{\"@type\":\"ListItem\",\"position\":1,\"name\":\"Ana s\u0259hif\u0259\",\"item\":\"https:\\\/\\\/www.meydan.tv\\\/az\\\/\"},{\"@type\":\"ListItem\",\"position\":2,\"name\":\"B\u00f6lg\u0259\",\"item\":\"https:\\\/\\\/www.meydan.tv\\\/az\\\/section\\\/bolge\\\/\"},{\"@type\":\"ListItem\",\"position\":3,\"name\":\"K\u0259ndl\u0259rin qaz problemi\"}]},{\"@type\":\"WebSite\",\"@id\":\"https:\\\/\\\/www.meydan.tv\\\/az\\\/#website\",\"url\":\"https:\\\/\\\/www.meydan.tv\\\/az\\\/\",\"name\":\"MEYDAN.TV\",\"description\":\"Meydan TV Az\u0259rbaycan\u0131n media m\u0259kan\u0131ndak\u0131 alternativ s\u0259sidir\",\"publisher\":{\"@id\":\"https:\\\/\\\/www.meydan.tv\\\/az\\\/#organization\"},\"potentialAction\":[{\"@type\":\"SearchAction\",\"target\":{\"@type\":\"EntryPoint\",\"urlTemplate\":\"https:\\\/\\\/www.meydan.tv\\\/az\\\/?s={search_term_string}\"},\"query-input\":{\"@type\":\"PropertyValueSpecification\",\"valueRequired\":true,\"valueName\":\"search_term_string\"}}],\"inLanguage\":\"az\"},{\"@type\":\"Organization\",\"@id\":\"https:\\\/\\\/www.meydan.tv\\\/az\\\/#organization\",\"name\":\"Meydan TV\",\"url\":\"https:\\\/\\\/www.meydan.tv\\\/az\\\/\",\"logo\":{\"@type\":\"ImageObject\",\"inLanguage\":\"az\",\"@id\":\"https:\\\/\\\/www.meydan.tv\\\/az\\\/#\\\/schema\\\/logo\\\/image\\\/\",\"url\":\"https:\\\/\\\/www.meydan.tv\\\/wp-content\\\/uploads\\\/2021\\\/07\\\/meydan-logo.svg\",\"contentUrl\":\"https:\\\/\\\/www.meydan.tv\\\/wp-content\\\/uploads\\\/2021\\\/07\\\/meydan-logo.svg\",\"width\":195,\"height\":46,\"caption\":\"Meydan TV\"},\"image\":{\"@id\":\"https:\\\/\\\/www.meydan.tv\\\/az\\\/#\\\/schema\\\/logo\\\/image\\\/\"}},{\"@type\":\"Person\",\"@id\":\"https:\\\/\\\/www.meydan.tv\\\/az\\\/#\\\/schema\\\/person\\\/10d11eccf6da3662cf5fdab9806ea91a\",\"name\":\"user-manager\"}]}<\/script>\n<!-- \/ Yoast SEO plugin. -->","yoast_head_json":{"title":"K\u0259ndl\u0259rin qaz problemi - MEYDAN.TV","robots":{"index":"index","follow":"follow","max-snippet":"max-snippet:-1","max-image-preview":"max-image-preview:large","max-video-preview":"max-video-preview:-1"},"canonical":"https:\/\/www.meydan.tv\/az\/article\/kendlerin-qaz-problemi\/","og_locale":"az_AZ","og_type":"article","og_title":"K\u0259ndl\u0259rin qaz problemi - MEYDAN.TV","og_description":"R\u0259smi m\u0259lumata g\u00f6r\u0259, regionlarda ya\u015fay\u0131\u015f m\u0259nt\u0259q\u0259l\u0259rin\u0259 qaz verili\u015fi 90 faizi \u00f6t\u00fcb","og_url":"https:\/\/www.meydan.tv\/az\/article\/kendlerin-qaz-problemi\/","og_site_name":"MEYDAN.TV","article_published_time":"2021-09-29T08:54:14+00:00","og_image":[{"width":800,"height":600,"url":"https:\/\/www.meydan.tv\/wp-content\/uploads\/qaz_problemi_08741.jpg","type":"image\/jpeg"}],"author":"user-manager","twitter_card":"summary_large_image","schema":{"@context":"https:\/\/schema.org","@graph":[{"@type":"Article","@id":"https:\/\/www.meydan.tv\/az\/article\/kendlerin-qaz-problemi\/#article","isPartOf":{"@id":"https:\/\/www.meydan.tv\/az\/article\/kendlerin-qaz-problemi\/"},"author":{"name":"user-manager","@id":"https:\/\/www.meydan.tv\/az\/#\/schema\/person\/10d11eccf6da3662cf5fdab9806ea91a"},"headline":"K\u0259ndl\u0259rin qaz problemi","datePublished":"2021-09-29T08:54:14+00:00","mainEntityOfPage":{"@id":"https:\/\/www.meydan.tv\/az\/article\/kendlerin-qaz-problemi\/"},"wordCount":459,"publisher":{"@id":"https:\/\/www.meydan.tv\/az\/#organization"},"image":{"@id":"https:\/\/www.meydan.tv\/az\/article\/kendlerin-qaz-problemi\/#primaryimage"},"thumbnailUrl":"https:\/\/www.meydan.tv\/wp-content\/uploads\/qaz_problemi_08741.jpg","articleSection":["B\u00f6lg\u0259"],"inLanguage":"az"},{"@type":"WebPage","@id":"https:\/\/www.meydan.tv\/az\/article\/kendlerin-qaz-problemi\/","url":"https:\/\/www.meydan.tv\/az\/article\/kendlerin-qaz-problemi\/","name":"K\u0259ndl\u0259rin qaz problemi - MEYDAN.TV","isPartOf":{"@id":"https:\/\/www.meydan.tv\/az\/#website"},"primaryImageOfPage":{"@id":"https:\/\/www.meydan.tv\/az\/article\/kendlerin-qaz-problemi\/#primaryimage"},"image":{"@id":"https:\/\/www.meydan.tv\/az\/article\/kendlerin-qaz-problemi\/#primaryimage"},"thumbnailUrl":"https:\/\/www.meydan.tv\/wp-content\/uploads\/qaz_problemi_08741.jpg","datePublished":"2021-09-29T08:54:14+00:00","breadcrumb":{"@id":"https:\/\/www.meydan.tv\/az\/article\/kendlerin-qaz-problemi\/#breadcrumb"},"inLanguage":"az","potentialAction":[{"@type":"ReadAction","target":["https:\/\/www.meydan.tv\/az\/article\/kendlerin-qaz-problemi\/"]}]},{"@type":"ImageObject","inLanguage":"az","@id":"https:\/\/www.meydan.tv\/az\/article\/kendlerin-qaz-problemi\/#primaryimage","url":"https:\/\/www.meydan.tv\/wp-content\/uploads\/qaz_problemi_08741.jpg","contentUrl":"https:\/\/www.meydan.tv\/wp-content\/uploads\/qaz_problemi_08741.jpg","width":800,"height":600,"caption":"Source: Specify Source"},{"@type":"BreadcrumbList","@id":"https:\/\/www.meydan.tv\/az\/article\/kendlerin-qaz-problemi\/#breadcrumb","itemListElement":[{"@type":"ListItem","position":1,"name":"Ana s\u0259hif\u0259","item":"https:\/\/www.meydan.tv\/az\/"},{"@type":"ListItem","position":2,"name":"B\u00f6lg\u0259","item":"https:\/\/www.meydan.tv\/az\/section\/bolge\/"},{"@type":"ListItem","position":3,"name":"K\u0259ndl\u0259rin qaz problemi"}]},{"@type":"WebSite","@id":"https:\/\/www.meydan.tv\/az\/#website","url":"https:\/\/www.meydan.tv\/az\/","name":"MEYDAN.TV","description":"Meydan TV Az\u0259rbaycan\u0131n media m\u0259kan\u0131ndak\u0131 alternativ s\u0259sidir","publisher":{"@id":"https:\/\/www.meydan.tv\/az\/#organization"},"potentialAction":[{"@type":"SearchAction","target":{"@type":"EntryPoint","urlTemplate":"https:\/\/www.meydan.tv\/az\/?s={search_term_string}"},"query-input":{"@type":"PropertyValueSpecification","valueRequired":true,"valueName":"search_term_string"}}],"inLanguage":"az"},{"@type":"Organization","@id":"https:\/\/www.meydan.tv\/az\/#organization","name":"Meydan TV","url":"https:\/\/www.meydan.tv\/az\/","logo":{"@type":"ImageObject","inLanguage":"az","@id":"https:\/\/www.meydan.tv\/az\/#\/schema\/logo\/image\/","url":"https:\/\/www.meydan.tv\/wp-content\/uploads\/2021\/07\/meydan-logo.svg","contentUrl":"https:\/\/www.meydan.tv\/wp-content\/uploads\/2021\/07\/meydan-logo.svg","width":195,"height":46,"caption":"Meydan TV"},"image":{"@id":"https:\/\/www.meydan.tv\/az\/#\/schema\/logo\/image\/"}},{"@type":"Person","@id":"https:\/\/www.meydan.tv\/az\/#\/schema\/person\/10d11eccf6da3662cf5fdab9806ea91a","name":"user-manager"}]}},"_links":{"self":[{"href":"https:\/\/www.meydan.tv\/az\/wp-json\/wp\/v2\/posts\/213060","targetHints":{"allow":["GET"]}}],"collection":[{"href":"https:\/\/www.meydan.tv\/az\/wp-json\/wp\/v2\/posts"}],"about":[{"href":"https:\/\/www.meydan.tv\/az\/wp-json\/wp\/v2\/types\/post"}],"author":[{"embeddable":true,"href":"https:\/\/www.meydan.tv\/az\/wp-json\/wp\/v2\/users\/11"}],"replies":[{"embeddable":true,"href":"https:\/\/www.meydan.tv\/az\/wp-json\/wp\/v2\/comments?post=213060"}],"version-history":[{"count":0,"href":"https:\/\/www.meydan.tv\/az\/wp-json\/wp\/v2\/posts\/213060\/revisions"}],"wp:featuredmedia":[{"embeddable":true,"href":"https:\/\/www.meydan.tv\/az\/wp-json\/wp\/v2\/media\/210583"}],"wp:attachment":[{"href":"https:\/\/www.meydan.tv\/az\/wp-json\/wp\/v2\/media?parent=213060"}],"wp:term":[{"taxonomy":"category","embeddable":true,"href":"https:\/\/www.meydan.tv\/az\/wp-json\/wp\/v2\/categories?post=213060"},{"taxonomy":"post_tag","embeddable":true,"href":"https:\/\/www.meydan.tv\/az\/wp-json\/wp\/v2\/tags?post=213060"}],"curies":[{"name":"wp","href":"https:\/\/api.w.org\/{rel}","templated":true}]}}