{"id":213053,"date":"2021-09-28T14:18:13","date_gmt":"2021-09-28T14:18:13","guid":{"rendered":"https:\/\/www.meydan.tv\/article\/lerikde-bir-kend-var-sakinleri-cadirda-yasayir\/"},"modified":"2021-09-28T14:18:13","modified_gmt":"2021-09-28T14:18:13","slug":"lerikde-bir-kend-var-sakinleri-cadirda-yasayir","status":"publish","type":"post","link":"https:\/\/www.meydan.tv\/az\/article\/lerikde-bir-kend-var-sakinleri-cadirda-yasayir\/","title":{"rendered":"Lerikd\u0259 bir k\u0259nd var, sakinl\u0259ri \u00e7ad\u0131rda ya\u015fay\u0131r"},"content":{"rendered":"<p>\n  <i><br \/>\n    Torpaq s\u00fcr\u00fc\u015fm\u0259sind\u0259n sonra \u00e7ad\u0131ra yerl\u0259\u015fdiril\u0259n ail\u0259l\u0259r h\u00f6kum\u0259t\u0259 s\u0259sl\u0259nir<br \/>\n  <\/i>\n<\/p>\n<p>\n  \u201cH\u00f6kum\u0259t g\u0259tirib ail\u0259l\u0259r\u0259 \u00e7ad\u0131r qurdu, bununla da i\u015fini bitmi\u015f hesab el\u0259di. Ya\u011f\u0131\u015f ya\u011fanda \u00e7ad\u0131r su il\u0259 dolur, \u00e7\u0131x\u0131b \u00e7\u00f6ld\u0259 ya\u015fay\u0131r\u0131q. \u00c7ad\u0131r\u0131n i\u00e7i quruyur, qay\u0131d\u0131r i\u00e7\u0259ri&#8230; Q\u0131\u015f qap\u0131dad\u0131r, biz h\u0259l\u0259 d\u0259 \u00e7ad\u0131rday\u0131q\u201d.\n<\/p>\n<p>\n  Bunu torpaq s\u00fcr\u00fc\u015fm\u0259si n\u0259tic\u0259sind\u0259 \u00e7ad\u0131ra yerl\u0259\u015fdiril\u0259n Lerikin Veri-\u018fliabad k\u0259nd sakinl\u0259ri Meydan TV-y\u0259 deyibl\u0259r.\n<\/p>\n<p>\n  2021-ci ilin \u0259vv\u0259lind\u0259 rayonun \u0259n ucqar da\u011f k\u0259ndl\u0259rind\u0259n olan Veri-\u018fliabadda n\u00f6vb\u0259ti d\u0259f\u0259 torpaq s\u00fcr\u00fc\u015fm\u0259si ba\u015f verib. N\u0259tic\u0259d\u0259 onlarla ev q\u0259zal\u0131 v\u0259ziyy\u0259t\u0259 d\u00fc\u015f\u00fcb. Bel\u0259 evl\u0259rd\u0259n biri d\u0259 k\u0259nd sakini Ozal Alxasovundur.\n<\/p>\n<p>\n  O, Meydan TV-y\u0259 deyib ki, 10 ay \u00f6tm\u0259sin\u0259 baxmayaraq, ail\u0259siyl\u0259 h\u0259l\u0259 d\u0259 \u00e7ad\u0131rda ya\u015fay\u0131r: \u201cK\u0259dd\u0259 60-dan \u00e7ox ev var, ham\u0131s\u0131 q\u0259zal\u0131 v\u0259ziyy\u0259td\u0259dir. Bizim evin a\u015fa\u011f\u0131 t\u0259r\u0259find\u0259 ba\u015f vermi\u015f s\u00fcr\u00fc\u015fm\u0259 n\u0259tic\u0259sind\u0259 10 metr d\u0259rinliyind\u0259 x\u0259nd\u0259kl\u0259r yaran\u0131b. Evin \u0259traf\u0131 x\u0259nd\u0259kl\u0259rdir. Tikilinin \u00f6z\u00fcl\u00fc da\u011f\u0131l\u0131b, divarlar aralan\u0131b, g\u0259lib baxan d\u00f6vl\u0259t qurumlar\u0131n\u0131n n\u00fcmay\u0259nd\u0259l\u0259ri evd\u0259 ya\u015fama\u011f\u0131n t\u0259hl\u00fck\u0259li oldu\u011funu deyib. Biz s\u0259s-k\u00fcy salandan sonra g\u0259tirib biz\u0259 v\u0259 daha iki qon\u015fuya \u00e7ad\u0131r qurdular. S\u00f6z verdil\u0259r ki, tezlikl\u0259 bizi evl\u0259r\u0259 yerl\u0259\u015fdir\u0259c\u0259kl\u0259r. 9 ayd\u0131r ki, \u00e7ad\u0131rda qalm\u0131\u015f\u0131q. Getm\u0259diyimiz d\u00f6vl\u0259t qurumu qalmay\u0131b. \u0130cra Hakimiyy\u0259ti F\u00f6vq\u0259lad\u0259 Hallar Nazirliyinin \u00fcz\u0259rin\u0259 y\u0131x\u0131r, F\u00f6vq\u0259lad\u0259 Hallar Nazirliyi g\u00f6nd\u0259rir \u0130cra Hakimiyy\u0259tinin \u00fcst\u00fcn\u0259&#8230; \u0130cra Hakimiyy\u0259ti deyir ki, sizin problemi h\u0259ll etm\u0259k bizim s\u0259lahiyy\u0259timizd\u0259 deyil. Deyirl\u0259r ki, prezident\u0259, nazir\u0259 yaz&#8230; Bel\u0259c\u0259, qalm\u0131\u015f\u0131q ortal\u0131qda&#8230;\u201d\n<\/p>\n<figure class=\"wp-block-image size-large\">\n  <img decoding=\"async\" src=\"https:\/\/www.meydan.tv\/az\/1-png-42\/\" alt=\"1.png\" class=\"wp-image-210568\"\/><figcaption>\n    &#8220;Bizim evin a\u015fa\u011f\u0131 t\u0259r\u0259find\u0259 ba\u015f vermi\u015f s\u00fcr\u00fc\u015fm\u0259 n\u0259tic\u0259sind\u0259 10 metr d\u0259rinliyind\u0259 x\u0259nd\u0259kl\u0259r yaran\u0131b&#8221;<br \/>\n  <\/figcaption><\/figure>\n<p>\n  <b><br \/>\n    \u201cAil\u0259nin yar\u0131s\u0131 \u00e7\u00f6ld\u0259 gec\u0259l\u0259yir\u201d<br \/>\n  <\/b>\n<\/p>\n<p>\n  Ozal Alxasov \u00e7ad\u0131rda ya\u015fama\u011f\u0131n \u00e7\u0259tinliyind\u0259n dan\u0131\u015f\u0131r: \u201cF\u00f6vq\u0259lad\u0259 Hallar Nazirliyi biz\u0259 \u00e7ad\u0131rdan ba\u015fqa he\u00e7 n\u0259 verm\u0259yib. \u0130ki k\u00f6rp\u0259m, ah\u0131l ya\u015flar\u0131nda olan valideynl\u0259rim, iki bac\u0131m, bir qarda\u015f\u0131m, h\u0259yat yolda\u015f\u0131m v\u0259 m\u0259n ki\u00e7ik \u00e7ad\u0131rda ya\u015fay\u0131r\u0131q. Bu q\u0259d\u0259r adam bir \u00e7ad\u0131ra yerl\u0259\u015fm\u0259diyi \u00fc\u00e7\u00fcn ail\u0259nin yar\u0131s\u0131 b\u00fct\u00fcn yay\u0131 \u00e7\u00f6ld\u0259 yatd\u0131. \u00c7ad\u0131rdak\u0131lar\u0131n da g\u00f6z\u00fcn\u0259 yuxu getm\u0259di, \u00e7\u00f6l\u00fcn d\u00fcz\u00fcnd\u0259 ilan, \u0259qr\u0259b qalmad\u0131 \u00e7ad\u0131ra girm\u0259sin. Art\u0131q havalar da soyuyub, a\u00e7\u0131q hava alt\u0131nda yatmaq olmur, biz n\u0259 ed\u0259k?.. F\u00f6vq\u0259lad\u0259 Hallar Nazirliyinin &quot;112 Xidm\u0259ti&quot;n\u0259 h\u0259r g\u00fcn az\u0131 on d\u0259f\u0259 z\u0259ng vururam, art\u0131q z\u0259ngl\u0259r\u0259 cavab ver\u0259n i\u015f\u00e7il\u0259r m\u0259ni s\u0259simd\u0259n tan\u0131y\u0131rlar. \u018fvv\u0259ll\u0259r he\u00e7 olmasa deyirdil\u0259r ki, Lerik Rayon \u0130cra Hakimiyy\u0259tin\u0259 m\u00fcraci\u0259t et, indi s\u0259simi e\u015fid\u0259n kimi telefonu qapad\u0131rlar. Son g\u00fcnl\u0259rd\u0259s\u0259 el\u0259 bil n\u00f6mr\u0259mi bloklay\u0131blar, daha z\u0259ng vurub d\u00fc\u015f\u0259 bilmir\u0259m\u201d.\n<\/p>\n<p>\n  K\u0259nd sakini Solmaz Orucova deyir ki, torpaq s\u00fcr\u00fc\u015fm\u0259si h\u0259l\u0259 d\u0259 davam edir: \u201cBu s\u00fcr\u00fc\u015fm\u0259 indinin i\u015fi deyil, 2 ildir ki, k\u0259ndin torpa\u011f\u0131 \u00fcz\u00fc \u00e7aya t\u0259r\u0259f s\u00fcr\u00fc\u015f\u0259-s\u00fcr\u00fc\u015f\u0259 gedir&#8230; Ail\u0259m 11 n\u0259f\u0259rd\u0259n ibar\u0259tdir, ham\u0131m\u0131z\u0131 bir \u00e7ad\u0131ra y\u0131\u011f\u0131blar. Qar\u015f\u0131dan qar g\u0259lir, \u00e7ov\u011fun g\u0259lir, nec\u0259 ed\u0259k? Biz\u0259 ev versinl\u0259r, yoxsa u\u015faqlar\u0131m\u0131z bu q\u0131\u015fdan salamat \u00e7\u0131xmaz. K\u00f6rp\u0259 u\u015faq, ah\u0131l ya\u015f\u0131nda qad\u0131n q\u0131\u015f\u0131 \u00e7ad\u0131rda qala bil\u0259rmi? \u015eaxtada, \u00e7ov\u011funda yaza sa\u011f \u00e7\u0131xmar\u0131q. U\u015fa\u011f\u0131 \u00e7ad\u0131rdan m\u0259kt\u0259b\u0259 g\u00f6nd\u0259rdik. N\u0259 \u00e7antas\u0131 var, n\u0259 d\u0259ft\u0259ri&#8230; Kas\u0131b ail\u0259yik, u\u015fa\u011fa \u00e7anta ala bilmirik, ancaq, dey\u0259s\u0259, &quot;d\u00f6vl\u0259t baba&quot; g\u00f6zl\u0259yir ki, ev \u015f\u0259raitimizi \u00f6z\u00fcm\u00fcz quraq&#8230;\u201d\n<\/p>\n<figure class=\"wp-block-image size-large\">\n  <img decoding=\"async\" src=\"https:\/\/www.meydan.tv\/az\/1-jpg-22\/\" alt=\"1.jpg\" class=\"wp-image-210565\"\/><figcaption>\n    Ozal Alxasov<br \/>\n  <\/figcaption><\/figure>\n<p>\n  <b><br \/>\n    \u201cYa\u011f\u0131\u015f sular\u0131 \u00e7ad\u0131ra dolur\u201d<br \/>\n  <\/b>\n<\/p>\n<p>\n  K\u0259nd sakini F\u0259rid\u0259 \u018fhm\u0259dova da eyni probleml\u0259 \u00fczl\u0259\u015fdiyini deyib.\n<\/p>\n<p>\n  Onun s\u00f6zl\u0259rin\u0259 g\u00f6r\u0259, 2003-c\u00fc ild\u0259 \u0259ziyy\u0259tl\u0259 tikdikl\u0259ri ev q\u0259zal\u0131 v\u0259ziyy\u0259t\u0259 d\u00fc\u015fd\u00fcy\u00fcnd\u0259n 10 ayd\u0131r ki, \u00e7ad\u0131rda ya\u015fay\u0131rlar: \u201cD\u00f6vl\u0259t qurumlar\u0131ndan g\u0259lib dedil\u0259r ki, evin b\u00fcn\u00f6vr\u0259si bo\u015fda qal\u0131b, ev h\u0259r an da\u011f\u0131la bil\u0259r. Biz\u0259 m\u0259sl\u0259h\u0259t g\u00f6rd\u00fcl\u0259r ki, m\u00fcv\u0259qq\u0259ti \u00e7ad\u0131r qurulsun, ora k\u00f6\u00e7\u0259k. Bir bo\u015f \u00e7ad\u0131r veribl\u0259r, \u00e7\u0131x\u0131b gedibl\u0259r. O g\u00fcn-bu g\u00fcn, \u00e7ad\u0131rda qal\u0131r\u0131q. \u00c7ad\u0131rda d\u0259f\u0259l\u0259rl\u0259 ilan \u00f6ld\u00fcrm\u00fc\u015f\u00fck. R\u00fctub\u0259tdir, ya\u011f\u0131\u015f ya\u011fanda su \u00e7ad\u0131r\u0131n \u00fcst\u00fcn\u0259 dolur, sonra da i\u00e7\u0259ri s\u00fcz\u00fcl\u00fcr, m\u0259cbur qal\u0131b \u00e7ad\u0131r\u0131 t\u0259rk edirik. H\u0259yat yolda\u015f\u0131m\u0131n 56 ya\u015f\u0131 var, x\u0259st\u0259dir. Bundan sonra ev tikm\u0259y\u0259 g\u00fcc\u00fcm\u00fcz, imkan\u0131m\u0131z yoxdur. \u0130st\u0259diyimiz odur ki, \u015faxta, boran d\u00fc\u015fm\u0259mi\u015f bizi evl\u0259r\u0259 yerl\u0259\u015fdirsinl\u0259r\u201d.\n<\/p>\n<figure class=\"wp-block-image size-large\">\n  <img decoding=\"async\" src=\"https:\/\/www.meydan.tv\/az\/farida-jpg\/\" alt=\"farida.jpg\" class=\"wp-image-210571\"\/><figcaption>\n    F\u0259rid\u0259 \u018fhm\u0259dova<br \/>\n  <\/figcaption><\/figure>\n<p>\n  Lerik Rayon \u0130cra Hakimiyy\u0259tind\u0259n Meydan TV-y\u0259 bildirilib ki, bu ilin yanvar\u0131nda ba\u015f vermi\u015f torpaq s\u00fcr\u00fc\u015fm\u0259sin\u0259 g\u00f6r\u0259 komissiya yarad\u0131l\u0131b v\u0259 q\u0259zal\u0131 evl\u0259r siyah\u0131ya al\u0131n\u0131b: &quot;F\u00f6vq\u0259lad\u0259 Hallar Nazirliyi \u00fc\u00e7 ail\u0259ni \u00e7ad\u0131ra yerl\u0259\u015fdirib, dig\u0259r ail\u0259l\u0259r is\u0259 \u00f6z evind\u0259 ya\u015fay\u0131r. T\u0259bii f\u0259lak\u0259t n\u0259tic\u0259sind\u0259 q\u0259zal\u0131 v\u0259ziyy\u0259t\u0259 d\u00fc\u015fm\u00fc\u015f tikilil\u0259rin t\u0259mir-b\u0259rpas\u0131 i\u015fl\u0259ri F\u00f6vq\u0259lad\u0259 Hallar Nazirliyinin s\u0259lahiyy\u0259tin\u0259 daxildir&quot;.\n<\/p>\n<p>\n  \u0130cra Hakimiyy\u0259tind\u0259n bildirilib ki, sakinl\u0259rin \u015fikay\u0259tl\u0259ri il\u0259 ba\u011fl\u0131 F\u00f6vq\u0259lad\u0259 Hallar Nazirliyin\u0259 m\u0259ktub g\u00f6nd\u0259rilib: \u201cBu m\u0259s\u0259l\u0259 diqq\u0259timizd\u0259dir, ancaq sakinl\u0259rin dediyi kimi, torpaq s\u00fcr\u00fc\u015fm\u0259si n\u0259tic\u0259sind\u0259 60 yox, 10 ev q\u0259zal\u0131 tikili kimi siyah\u0131ya al\u0131n\u0131b. Aidiyy\u0259ti qurumlarla \u0259laq\u0259d\u0259yik, problemin tezlikl\u0259 h\u0259ll olunmas\u0131na \u00e7al\u0131\u015fr\u0131\u0131q\u201d.\n<\/p>\n<figure class=\"wp-block-image size-large\">\n  <img decoding=\"async\" src=\"https:\/\/www.meydan.tv\/az\/1-jpg-20\/\" alt=\"1.jpg\" class=\"wp-image-210562\"\/><figcaption>\n    2003-c\u00fc ild\u0259 \u0259ziyy\u0259tl\u0259 tikdikl\u0259ri ev q\u0259zal\u0131 v\u0259ziyy\u0259t\u0259 d\u00fc\u015fd\u00fcy\u00fcnd\u0259n 10 ayd\u0131r ki, \u00e7ad\u0131rda ya\u015fay\u0131rlar<br \/>\n  <\/figcaption><\/figure>\n<p>\n  \u0130lin \u0259vv\u0259li Veri-\u018fliabadda ba\u015f vermi\u015f t\u0259bii f\u0259lak\u0259t\u0259 s\u0259b\u0259b qar\u0131n \u0259rim\u0259si olub. H\u0259min vaxt r\u0259smi qurumlar bildirirdil\u0259r ki, qar \u0259rim\u0259si n\u0259tic\u0259sind\u0259 yaranan su k\u00fctl\u0259si torpaq laylar\u0131n\u0131n alt\u0131na ax\u0131b, bu da torpaq qatlar\u0131nda s\u00fcr\u00fc\u015fm\u0259l\u0259r\u0259 s\u0259b\u0259b olub.\n<\/p>\n<p>\n  D\u0259niz s\u0259viyy\u0259sind\u0259n t\u0259xmin\u0259n 1600 metr h\u00fcnd\u00fcrl\u00fckd\u0259 yerl\u0259\u015f\u0259n Veri-\u018fliabad k\u0259ndind\u0259 s\u00fcr\u00fc\u015fm\u0259 zonas\u0131 \u0259sas\u0259n k\u0259ndin \u0259razisind\u0259n axan \u00e7ay boyunca 1 kilometr uzunluqda \u0259razini \u0259hat\u0259 edib.\n<\/p>\n<p>\n  Veri-\u018fliabad k\u0259ndinin 900 n\u0259f\u0259r\u0259 yax\u0131n sakini var. \u018fhalinin \u0259sas m\u0259\u015f\u011fuliyy\u0259ti t\u0259s\u0259rr\u00fcfat i\u015fl\u0259ridir. Ancaq t\u0259bii f\u0259lak\u0259tin yaratd\u0131\u011f\u0131 f\u0259sadlar k\u0259ndlil\u0259r\u0259 t\u0259s\u0259rr\u00fcfatla m\u0259\u015f\u011ful olma\u011fa da imkan vermir.<\/p>\n","protected":false},"excerpt":{"rendered":"<p>&#8220;Bu q\u0259d\u0259r adam bir \u00e7ad\u0131ra yerl\u0259\u015fm\u0259diyi \u00fc\u00e7\u00fcn ail\u0259nin yar\u0131s\u0131 b\u00fct\u00fcn yay\u0131 \u00e7\u00f6ld\u0259 yatd\u0131&#8221;<\/p>\n","protected":false},"author":11,"featured_media":210559,"comment_status":"closed","ping_status":"open","sticky":false,"template":"","format":"standard","meta":{"_acf_changed":false,"_sitemap_exclude":false,"_sitemap_priority":"","_sitemap_frequency":"","footnotes":""},"categories":[60],"tags":[],"class_list":["post-213053","post","type-post","status-publish","format-standard","has-post-thumbnail","hentry","category-bolge","infinite-scroll-item","generate-columns","tablet-grid-50","mobile-grid-100","grid-parent","grid-33","no-featured-image-padding"],"acf":[],"yoast_head":"<!-- This site is optimized with the Yoast SEO plugin v27.5 - https:\/\/yoast.com\/product\/yoast-seo-wordpress\/ -->\n<title>Lerikd\u0259 bir k\u0259nd var, sakinl\u0259ri \u00e7ad\u0131rda ya\u015fay\u0131r - MEYDAN.TV<\/title>\n<meta name=\"robots\" content=\"index, follow, max-snippet:-1, max-image-preview:large, max-video-preview:-1\" \/>\n<link rel=\"canonical\" href=\"https:\/\/www.meydan.tv\/az\/article\/lerikde-bir-kend-var-sakinleri-cadirda-yasayir\/\" \/>\n<meta property=\"og:locale\" content=\"az_AZ\" \/>\n<meta property=\"og:type\" content=\"article\" \/>\n<meta property=\"og:title\" content=\"Lerikd\u0259 bir k\u0259nd var, sakinl\u0259ri \u00e7ad\u0131rda ya\u015fay\u0131r - MEYDAN.TV\" \/>\n<meta property=\"og:description\" content=\"&quot;Bu q\u0259d\u0259r adam bir \u00e7ad\u0131ra yerl\u0259\u015fm\u0259diyi \u00fc\u00e7\u00fcn ail\u0259nin yar\u0131s\u0131 b\u00fct\u00fcn yay\u0131 \u00e7\u00f6ld\u0259 yatd\u0131&quot;\" \/>\n<meta property=\"og:url\" content=\"https:\/\/www.meydan.tv\/az\/article\/lerikde-bir-kend-var-sakinleri-cadirda-yasayir\/\" \/>\n<meta property=\"og:site_name\" content=\"MEYDAN.TV\" \/>\n<meta property=\"article:published_time\" content=\"2021-09-28T14:18:13+00:00\" \/>\n<meta property=\"og:image\" content=\"https:\/\/www.meydan.tv\/wp-content\/uploads\/1_tftjx79.jpg\" \/>\n\t<meta property=\"og:image:width\" content=\"1920\" \/>\n\t<meta property=\"og:image:height\" content=\"1080\" \/>\n\t<meta property=\"og:image:type\" content=\"image\/jpeg\" \/>\n<meta name=\"author\" content=\"user-manager\" \/>\n<meta name=\"twitter:card\" content=\"summary_large_image\" \/>\n<script type=\"application\/ld+json\" class=\"yoast-schema-graph\">{\"@context\":\"https:\\\/\\\/schema.org\",\"@graph\":[{\"@type\":\"Article\",\"@id\":\"https:\\\/\\\/www.meydan.tv\\\/az\\\/article\\\/lerikde-bir-kend-var-sakinleri-cadirda-yasayir\\\/#article\",\"isPartOf\":{\"@id\":\"https:\\\/\\\/www.meydan.tv\\\/az\\\/article\\\/lerikde-bir-kend-var-sakinleri-cadirda-yasayir\\\/\"},\"author\":{\"name\":\"user-manager\",\"@id\":\"https:\\\/\\\/www.meydan.tv\\\/az\\\/#\\\/schema\\\/person\\\/10d11eccf6da3662cf5fdab9806ea91a\"},\"headline\":\"Lerikd\u0259 bir k\u0259nd var, sakinl\u0259ri \u00e7ad\u0131rda ya\u015fay\u0131r\",\"datePublished\":\"2021-09-28T14:18:13+00:00\",\"mainEntityOfPage\":{\"@id\":\"https:\\\/\\\/www.meydan.tv\\\/az\\\/article\\\/lerikde-bir-kend-var-sakinleri-cadirda-yasayir\\\/\"},\"wordCount\":1284,\"publisher\":{\"@id\":\"https:\\\/\\\/www.meydan.tv\\\/az\\\/#organization\"},\"image\":{\"@id\":\"https:\\\/\\\/www.meydan.tv\\\/az\\\/article\\\/lerikde-bir-kend-var-sakinleri-cadirda-yasayir\\\/#primaryimage\"},\"thumbnailUrl\":\"https:\\\/\\\/www.meydan.tv\\\/wp-content\\\/uploads\\\/1_tftjx79.jpg\",\"articleSection\":[\"B\u00f6lg\u0259\"],\"inLanguage\":\"az\"},{\"@type\":\"WebPage\",\"@id\":\"https:\\\/\\\/www.meydan.tv\\\/az\\\/article\\\/lerikde-bir-kend-var-sakinleri-cadirda-yasayir\\\/\",\"url\":\"https:\\\/\\\/www.meydan.tv\\\/az\\\/article\\\/lerikde-bir-kend-var-sakinleri-cadirda-yasayir\\\/\",\"name\":\"Lerikd\u0259 bir k\u0259nd var, sakinl\u0259ri \u00e7ad\u0131rda ya\u015fay\u0131r - MEYDAN.TV\",\"isPartOf\":{\"@id\":\"https:\\\/\\\/www.meydan.tv\\\/az\\\/#website\"},\"primaryImageOfPage\":{\"@id\":\"https:\\\/\\\/www.meydan.tv\\\/az\\\/article\\\/lerikde-bir-kend-var-sakinleri-cadirda-yasayir\\\/#primaryimage\"},\"image\":{\"@id\":\"https:\\\/\\\/www.meydan.tv\\\/az\\\/article\\\/lerikde-bir-kend-var-sakinleri-cadirda-yasayir\\\/#primaryimage\"},\"thumbnailUrl\":\"https:\\\/\\\/www.meydan.tv\\\/wp-content\\\/uploads\\\/1_tftjx79.jpg\",\"datePublished\":\"2021-09-28T14:18:13+00:00\",\"breadcrumb\":{\"@id\":\"https:\\\/\\\/www.meydan.tv\\\/az\\\/article\\\/lerikde-bir-kend-var-sakinleri-cadirda-yasayir\\\/#breadcrumb\"},\"inLanguage\":\"az\",\"potentialAction\":[{\"@type\":\"ReadAction\",\"target\":[\"https:\\\/\\\/www.meydan.tv\\\/az\\\/article\\\/lerikde-bir-kend-var-sakinleri-cadirda-yasayir\\\/\"]}]},{\"@type\":\"ImageObject\",\"inLanguage\":\"az\",\"@id\":\"https:\\\/\\\/www.meydan.tv\\\/az\\\/article\\\/lerikde-bir-kend-var-sakinleri-cadirda-yasayir\\\/#primaryimage\",\"url\":\"https:\\\/\\\/www.meydan.tv\\\/wp-content\\\/uploads\\\/1_tftjx79.jpg\",\"contentUrl\":\"https:\\\/\\\/www.meydan.tv\\\/wp-content\\\/uploads\\\/1_tftjx79.jpg\",\"width\":1920,\"height\":1080,\"caption\":\"Source: Meydan.TV\"},{\"@type\":\"BreadcrumbList\",\"@id\":\"https:\\\/\\\/www.meydan.tv\\\/az\\\/article\\\/lerikde-bir-kend-var-sakinleri-cadirda-yasayir\\\/#breadcrumb\",\"itemListElement\":[{\"@type\":\"ListItem\",\"position\":1,\"name\":\"Ana s\u0259hif\u0259\",\"item\":\"https:\\\/\\\/www.meydan.tv\\\/az\\\/\"},{\"@type\":\"ListItem\",\"position\":2,\"name\":\"B\u00f6lg\u0259\",\"item\":\"https:\\\/\\\/www.meydan.tv\\\/az\\\/section\\\/bolge\\\/\"},{\"@type\":\"ListItem\",\"position\":3,\"name\":\"Lerikd\u0259 bir k\u0259nd var, sakinl\u0259ri \u00e7ad\u0131rda ya\u015fay\u0131r\"}]},{\"@type\":\"WebSite\",\"@id\":\"https:\\\/\\\/www.meydan.tv\\\/az\\\/#website\",\"url\":\"https:\\\/\\\/www.meydan.tv\\\/az\\\/\",\"name\":\"MEYDAN.TV\",\"description\":\"Meydan TV Az\u0259rbaycan\u0131n media m\u0259kan\u0131ndak\u0131 alternativ s\u0259sidir\",\"publisher\":{\"@id\":\"https:\\\/\\\/www.meydan.tv\\\/az\\\/#organization\"},\"potentialAction\":[{\"@type\":\"SearchAction\",\"target\":{\"@type\":\"EntryPoint\",\"urlTemplate\":\"https:\\\/\\\/www.meydan.tv\\\/az\\\/?s={search_term_string}\"},\"query-input\":{\"@type\":\"PropertyValueSpecification\",\"valueRequired\":true,\"valueName\":\"search_term_string\"}}],\"inLanguage\":\"az\"},{\"@type\":\"Organization\",\"@id\":\"https:\\\/\\\/www.meydan.tv\\\/az\\\/#organization\",\"name\":\"Meydan TV\",\"url\":\"https:\\\/\\\/www.meydan.tv\\\/az\\\/\",\"logo\":{\"@type\":\"ImageObject\",\"inLanguage\":\"az\",\"@id\":\"https:\\\/\\\/www.meydan.tv\\\/az\\\/#\\\/schema\\\/logo\\\/image\\\/\",\"url\":\"https:\\\/\\\/www.meydan.tv\\\/wp-content\\\/uploads\\\/2021\\\/07\\\/meydan-logo.svg\",\"contentUrl\":\"https:\\\/\\\/www.meydan.tv\\\/wp-content\\\/uploads\\\/2021\\\/07\\\/meydan-logo.svg\",\"width\":195,\"height\":46,\"caption\":\"Meydan TV\"},\"image\":{\"@id\":\"https:\\\/\\\/www.meydan.tv\\\/az\\\/#\\\/schema\\\/logo\\\/image\\\/\"}},{\"@type\":\"Person\",\"@id\":\"https:\\\/\\\/www.meydan.tv\\\/az\\\/#\\\/schema\\\/person\\\/10d11eccf6da3662cf5fdab9806ea91a\",\"name\":\"user-manager\"}]}<\/script>\n<!-- \/ Yoast SEO plugin. -->","yoast_head_json":{"title":"Lerikd\u0259 bir k\u0259nd var, sakinl\u0259ri \u00e7ad\u0131rda ya\u015fay\u0131r - MEYDAN.TV","robots":{"index":"index","follow":"follow","max-snippet":"max-snippet:-1","max-image-preview":"max-image-preview:large","max-video-preview":"max-video-preview:-1"},"canonical":"https:\/\/www.meydan.tv\/az\/article\/lerikde-bir-kend-var-sakinleri-cadirda-yasayir\/","og_locale":"az_AZ","og_type":"article","og_title":"Lerikd\u0259 bir k\u0259nd var, sakinl\u0259ri \u00e7ad\u0131rda ya\u015fay\u0131r - MEYDAN.TV","og_description":"\"Bu q\u0259d\u0259r adam bir \u00e7ad\u0131ra yerl\u0259\u015fm\u0259diyi \u00fc\u00e7\u00fcn ail\u0259nin yar\u0131s\u0131 b\u00fct\u00fcn yay\u0131 \u00e7\u00f6ld\u0259 yatd\u0131\"","og_url":"https:\/\/www.meydan.tv\/az\/article\/lerikde-bir-kend-var-sakinleri-cadirda-yasayir\/","og_site_name":"MEYDAN.TV","article_published_time":"2021-09-28T14:18:13+00:00","og_image":[{"width":1920,"height":1080,"url":"https:\/\/www.meydan.tv\/wp-content\/uploads\/1_tftjx79.jpg","type":"image\/jpeg"}],"author":"user-manager","twitter_card":"summary_large_image","schema":{"@context":"https:\/\/schema.org","@graph":[{"@type":"Article","@id":"https:\/\/www.meydan.tv\/az\/article\/lerikde-bir-kend-var-sakinleri-cadirda-yasayir\/#article","isPartOf":{"@id":"https:\/\/www.meydan.tv\/az\/article\/lerikde-bir-kend-var-sakinleri-cadirda-yasayir\/"},"author":{"name":"user-manager","@id":"https:\/\/www.meydan.tv\/az\/#\/schema\/person\/10d11eccf6da3662cf5fdab9806ea91a"},"headline":"Lerikd\u0259 bir k\u0259nd var, sakinl\u0259ri \u00e7ad\u0131rda ya\u015fay\u0131r","datePublished":"2021-09-28T14:18:13+00:00","mainEntityOfPage":{"@id":"https:\/\/www.meydan.tv\/az\/article\/lerikde-bir-kend-var-sakinleri-cadirda-yasayir\/"},"wordCount":1284,"publisher":{"@id":"https:\/\/www.meydan.tv\/az\/#organization"},"image":{"@id":"https:\/\/www.meydan.tv\/az\/article\/lerikde-bir-kend-var-sakinleri-cadirda-yasayir\/#primaryimage"},"thumbnailUrl":"https:\/\/www.meydan.tv\/wp-content\/uploads\/1_tftjx79.jpg","articleSection":["B\u00f6lg\u0259"],"inLanguage":"az"},{"@type":"WebPage","@id":"https:\/\/www.meydan.tv\/az\/article\/lerikde-bir-kend-var-sakinleri-cadirda-yasayir\/","url":"https:\/\/www.meydan.tv\/az\/article\/lerikde-bir-kend-var-sakinleri-cadirda-yasayir\/","name":"Lerikd\u0259 bir k\u0259nd var, sakinl\u0259ri \u00e7ad\u0131rda ya\u015fay\u0131r - MEYDAN.TV","isPartOf":{"@id":"https:\/\/www.meydan.tv\/az\/#website"},"primaryImageOfPage":{"@id":"https:\/\/www.meydan.tv\/az\/article\/lerikde-bir-kend-var-sakinleri-cadirda-yasayir\/#primaryimage"},"image":{"@id":"https:\/\/www.meydan.tv\/az\/article\/lerikde-bir-kend-var-sakinleri-cadirda-yasayir\/#primaryimage"},"thumbnailUrl":"https:\/\/www.meydan.tv\/wp-content\/uploads\/1_tftjx79.jpg","datePublished":"2021-09-28T14:18:13+00:00","breadcrumb":{"@id":"https:\/\/www.meydan.tv\/az\/article\/lerikde-bir-kend-var-sakinleri-cadirda-yasayir\/#breadcrumb"},"inLanguage":"az","potentialAction":[{"@type":"ReadAction","target":["https:\/\/www.meydan.tv\/az\/article\/lerikde-bir-kend-var-sakinleri-cadirda-yasayir\/"]}]},{"@type":"ImageObject","inLanguage":"az","@id":"https:\/\/www.meydan.tv\/az\/article\/lerikde-bir-kend-var-sakinleri-cadirda-yasayir\/#primaryimage","url":"https:\/\/www.meydan.tv\/wp-content\/uploads\/1_tftjx79.jpg","contentUrl":"https:\/\/www.meydan.tv\/wp-content\/uploads\/1_tftjx79.jpg","width":1920,"height":1080,"caption":"Source: Meydan.TV"},{"@type":"BreadcrumbList","@id":"https:\/\/www.meydan.tv\/az\/article\/lerikde-bir-kend-var-sakinleri-cadirda-yasayir\/#breadcrumb","itemListElement":[{"@type":"ListItem","position":1,"name":"Ana s\u0259hif\u0259","item":"https:\/\/www.meydan.tv\/az\/"},{"@type":"ListItem","position":2,"name":"B\u00f6lg\u0259","item":"https:\/\/www.meydan.tv\/az\/section\/bolge\/"},{"@type":"ListItem","position":3,"name":"Lerikd\u0259 bir k\u0259nd var, sakinl\u0259ri \u00e7ad\u0131rda ya\u015fay\u0131r"}]},{"@type":"WebSite","@id":"https:\/\/www.meydan.tv\/az\/#website","url":"https:\/\/www.meydan.tv\/az\/","name":"MEYDAN.TV","description":"Meydan TV Az\u0259rbaycan\u0131n media m\u0259kan\u0131ndak\u0131 alternativ s\u0259sidir","publisher":{"@id":"https:\/\/www.meydan.tv\/az\/#organization"},"potentialAction":[{"@type":"SearchAction","target":{"@type":"EntryPoint","urlTemplate":"https:\/\/www.meydan.tv\/az\/?s={search_term_string}"},"query-input":{"@type":"PropertyValueSpecification","valueRequired":true,"valueName":"search_term_string"}}],"inLanguage":"az"},{"@type":"Organization","@id":"https:\/\/www.meydan.tv\/az\/#organization","name":"Meydan TV","url":"https:\/\/www.meydan.tv\/az\/","logo":{"@type":"ImageObject","inLanguage":"az","@id":"https:\/\/www.meydan.tv\/az\/#\/schema\/logo\/image\/","url":"https:\/\/www.meydan.tv\/wp-content\/uploads\/2021\/07\/meydan-logo.svg","contentUrl":"https:\/\/www.meydan.tv\/wp-content\/uploads\/2021\/07\/meydan-logo.svg","width":195,"height":46,"caption":"Meydan TV"},"image":{"@id":"https:\/\/www.meydan.tv\/az\/#\/schema\/logo\/image\/"}},{"@type":"Person","@id":"https:\/\/www.meydan.tv\/az\/#\/schema\/person\/10d11eccf6da3662cf5fdab9806ea91a","name":"user-manager"}]}},"_links":{"self":[{"href":"https:\/\/www.meydan.tv\/az\/wp-json\/wp\/v2\/posts\/213053","targetHints":{"allow":["GET"]}}],"collection":[{"href":"https:\/\/www.meydan.tv\/az\/wp-json\/wp\/v2\/posts"}],"about":[{"href":"https:\/\/www.meydan.tv\/az\/wp-json\/wp\/v2\/types\/post"}],"author":[{"embeddable":true,"href":"https:\/\/www.meydan.tv\/az\/wp-json\/wp\/v2\/users\/11"}],"replies":[{"embeddable":true,"href":"https:\/\/www.meydan.tv\/az\/wp-json\/wp\/v2\/comments?post=213053"}],"version-history":[{"count":0,"href":"https:\/\/www.meydan.tv\/az\/wp-json\/wp\/v2\/posts\/213053\/revisions"}],"wp:featuredmedia":[{"embeddable":true,"href":"https:\/\/www.meydan.tv\/az\/wp-json\/wp\/v2\/media\/210559"}],"wp:attachment":[{"href":"https:\/\/www.meydan.tv\/az\/wp-json\/wp\/v2\/media?parent=213053"}],"wp:term":[{"taxonomy":"category","embeddable":true,"href":"https:\/\/www.meydan.tv\/az\/wp-json\/wp\/v2\/categories?post=213053"},{"taxonomy":"post_tag","embeddable":true,"href":"https:\/\/www.meydan.tv\/az\/wp-json\/wp\/v2\/tags?post=213053"}],"curies":[{"name":"wp","href":"https:\/\/api.w.org\/{rel}","templated":true}]}}