{"id":213043,"date":"2021-09-28T13:25:54","date_gmt":"2021-09-28T13:25:54","guid":{"rendered":"https:\/\/www.meydan.tv\/article\/kanada-universitetinde-rep-tedris-olunacaq\/"},"modified":"2021-09-28T13:25:54","modified_gmt":"2021-09-28T13:25:54","slug":"kanada-universitetinde-rep-tedris-olunacaq","status":"publish","type":"post","link":"https:\/\/www.meydan.tv\/az\/article\/kanada-universitetinde-rep-tedris-olunacaq\/","title":{"rendered":"Kanada universitetind\u0259 rep t\u0259dris olunacaq"},"content":{"rendered":"<p>\n  <i><br \/>\n    Kurs 2022-ci ilin yanvar\u0131nda bakalavr pill\u0259sind\u0259 fa\u0259liyy\u0259t\u0259 ba\u015flayacaq<br \/>\n  <\/i>\n<\/p>\n<p>\n  Kanadan\u0131n Ryerson universitetind\u0259 Toronto \u0259silli musiqi\u00e7il\u0259r &#8211; Drake (Obri Dreyk Qrem) v\u0259 The Weeknd (Eybel Makkonen Tesfaye) rep\u00e7il\u0259rin yarad\u0131c\u0131l\u0131\u011f\u0131 t\u0259dris olunacaq.\n<\/p>\n<p>\n  \u201cDrake v\u0259 The Weeknd yarad\u0131c\u0131l\u0131\u011f\u0131n\u0131n dekonstruksiyas\u0131\u201d adlanacaq kurs 2022-ci ilin yanvar\u0131nda f\u0259aliyy\u0259t\u0259<br \/>\n  <a href=\"https:\/\/lenta.ru\/news\/2021\/09\/28\/canadianrap\/\"><br \/>\n    ba\u015flayacaq<br \/>\n  <\/a><br \/>\n  .\n<\/p>\n<p>\n  Kanadal\u0131 hip-hop s\u0259n\u0259t\u00e7il\u0259rin yarad\u0131c\u0131l\u0131\u011f\u0131n\u0131 bakalavr pill\u0259sind\u0259 olan t\u0259l\u0259b\u0259l\u0259r \u00f6yr\u0259n\u0259c\u0259k.\n<\/p>\n<p>\n  \u201cBizim kanadal\u0131 rep\u00e7il\u0259ri v\u0259 R&amp;B (Amerika qarad\u0259rili musiqi\u00e7il\u0259rin caz v\u0259 rep musiqisind\u0259n yaratd\u0131qlar\u0131 janr-red) musiqi\u00e7il\u0259rini kanonla\u015fd\u0131rma\u011f\u0131n vaxt\u0131 \u00e7at\u0131b\u201d, &#8211; universitetin professoru Dalton Hiqqins bu q\u0259na\u0259td\u0259dir.\n<\/p>\n<p>\n  The Weeknd \u201cBillboard Music Awards\u201d 2021-in on nominasiyas\u0131 \u00fczr\u0259 m\u00fckafatland\u0131r\u0131l\u0131b.\n<\/p>\n<p>\n  H\u0259m\u00e7inin \u201c\u0130lin \u0259n yax\u015f\u0131 musiqi\u00e7isi\u201d olub.<\/p>\n","protected":false},"excerpt":{"rendered":"<p>Kanadal\u0131 hip-hop s\u0259n\u0259t\u00e7il\u0259rin yarad\u0131c\u0131l\u0131\u011f\u0131n\u0131 bakalavr pill\u0259sind\u0259 olan t\u0259l\u0259b\u0259l\u0259r \u00f6yr\u0259n\u0259c\u0259k.<\/p>\n","protected":false},"author":11,"featured_media":210556,"comment_status":"closed","ping_status":"open","sticky":false,"template":"","format":"standard","meta":{"_acf_changed":false,"_sitemap_exclude":false,"_sitemap_priority":"","_sitemap_frequency":"","footnotes":""},"categories":[52],"tags":[],"class_list":["post-213043","post","type-post","status-publish","format-standard","has-post-thumbnail","hentry","category-medeniyyet","infinite-scroll-item","generate-columns","tablet-grid-50","mobile-grid-100","grid-parent","grid-33","no-featured-image-padding"],"acf":[],"yoast_head":"<!-- This site is optimized with the Yoast SEO plugin v27.4 - https:\/\/yoast.com\/product\/yoast-seo-wordpress\/ -->\n<title>Kanada universitetind\u0259 rep t\u0259dris olunacaq - MEYDAN.TV<\/title>\n<meta name=\"robots\" content=\"index, follow, max-snippet:-1, max-image-preview:large, max-video-preview:-1\" \/>\n<link rel=\"canonical\" href=\"https:\/\/www.meydan.tv\/az\/article\/kanada-universitetinde-rep-tedris-olunacaq\/\" \/>\n<meta property=\"og:locale\" content=\"az_AZ\" \/>\n<meta property=\"og:type\" content=\"article\" \/>\n<meta property=\"og:title\" content=\"Kanada universitetind\u0259 rep t\u0259dris olunacaq - MEYDAN.TV\" \/>\n<meta property=\"og:description\" content=\"Kanadal\u0131 hip-hop s\u0259n\u0259t\u00e7il\u0259rin yarad\u0131c\u0131l\u0131\u011f\u0131n\u0131 bakalavr pill\u0259sind\u0259 olan t\u0259l\u0259b\u0259l\u0259r \u00f6yr\u0259n\u0259c\u0259k.\" \/>\n<meta property=\"og:url\" content=\"https:\/\/www.meydan.tv\/az\/article\/kanada-universitetinde-rep-tedris-olunacaq\/\" \/>\n<meta property=\"og:site_name\" content=\"MEYDAN.TV\" \/>\n<meta property=\"article:published_time\" content=\"2021-09-28T13:25:54+00:00\" \/>\n<meta property=\"og:image\" content=\"https:\/\/www.meydan.tv\/wp-content\/uploads\/pic_aa8bf98d1f2bf0bd2712e70f4437e6f5.jpeg\" \/>\n\t<meta property=\"og:image:width\" content=\"720\" \/>\n\t<meta property=\"og:image:height\" content=\"480\" \/>\n\t<meta property=\"og:image:type\" content=\"image\/jpeg\" \/>\n<meta name=\"author\" content=\"user-manager\" \/>\n<meta name=\"twitter:card\" content=\"summary_large_image\" \/>\n<script type=\"application\/ld+json\" class=\"yoast-schema-graph\">{\"@context\":\"https:\\\/\\\/schema.org\",\"@graph\":[{\"@type\":\"Article\",\"@id\":\"https:\\\/\\\/www.meydan.tv\\\/az\\\/article\\\/kanada-universitetinde-rep-tedris-olunacaq\\\/#article\",\"isPartOf\":{\"@id\":\"https:\\\/\\\/www.meydan.tv\\\/az\\\/article\\\/kanada-universitetinde-rep-tedris-olunacaq\\\/\"},\"author\":{\"name\":\"user-manager\",\"@id\":\"https:\\\/\\\/www.meydan.tv\\\/az\\\/#\\\/schema\\\/person\\\/10d11eccf6da3662cf5fdab9806ea91a\"},\"headline\":\"Kanada universitetind\u0259 rep t\u0259dris olunacaq\",\"datePublished\":\"2021-09-28T13:25:54+00:00\",\"mainEntityOfPage\":{\"@id\":\"https:\\\/\\\/www.meydan.tv\\\/az\\\/article\\\/kanada-universitetinde-rep-tedris-olunacaq\\\/\"},\"wordCount\":159,\"publisher\":{\"@id\":\"https:\\\/\\\/www.meydan.tv\\\/az\\\/#organization\"},\"image\":{\"@id\":\"https:\\\/\\\/www.meydan.tv\\\/az\\\/article\\\/kanada-universitetinde-rep-tedris-olunacaq\\\/#primaryimage\"},\"thumbnailUrl\":\"https:\\\/\\\/www.meydan.tv\\\/wp-content\\\/uploads\\\/pic_aa8bf98d1f2bf0bd2712e70f4437e6f5.jpeg\",\"articleSection\":[\"M\u0259d\u0259niyy\u0259t\"],\"inLanguage\":\"az\"},{\"@type\":\"WebPage\",\"@id\":\"https:\\\/\\\/www.meydan.tv\\\/az\\\/article\\\/kanada-universitetinde-rep-tedris-olunacaq\\\/\",\"url\":\"https:\\\/\\\/www.meydan.tv\\\/az\\\/article\\\/kanada-universitetinde-rep-tedris-olunacaq\\\/\",\"name\":\"Kanada universitetind\u0259 rep t\u0259dris olunacaq - MEYDAN.TV\",\"isPartOf\":{\"@id\":\"https:\\\/\\\/www.meydan.tv\\\/az\\\/#website\"},\"primaryImageOfPage\":{\"@id\":\"https:\\\/\\\/www.meydan.tv\\\/az\\\/article\\\/kanada-universitetinde-rep-tedris-olunacaq\\\/#primaryimage\"},\"image\":{\"@id\":\"https:\\\/\\\/www.meydan.tv\\\/az\\\/article\\\/kanada-universitetinde-rep-tedris-olunacaq\\\/#primaryimage\"},\"thumbnailUrl\":\"https:\\\/\\\/www.meydan.tv\\\/wp-content\\\/uploads\\\/pic_aa8bf98d1f2bf0bd2712e70f4437e6f5.jpeg\",\"datePublished\":\"2021-09-28T13:25:54+00:00\",\"breadcrumb\":{\"@id\":\"https:\\\/\\\/www.meydan.tv\\\/az\\\/article\\\/kanada-universitetinde-rep-tedris-olunacaq\\\/#breadcrumb\"},\"inLanguage\":\"az\",\"potentialAction\":[{\"@type\":\"ReadAction\",\"target\":[\"https:\\\/\\\/www.meydan.tv\\\/az\\\/article\\\/kanada-universitetinde-rep-tedris-olunacaq\\\/\"]}]},{\"@type\":\"ImageObject\",\"inLanguage\":\"az\",\"@id\":\"https:\\\/\\\/www.meydan.tv\\\/az\\\/article\\\/kanada-universitetinde-rep-tedris-olunacaq\\\/#primaryimage\",\"url\":\"https:\\\/\\\/www.meydan.tv\\\/wp-content\\\/uploads\\\/pic_aa8bf98d1f2bf0bd2712e70f4437e6f5.jpeg\",\"contentUrl\":\"https:\\\/\\\/www.meydan.tv\\\/wp-content\\\/uploads\\\/pic_aa8bf98d1f2bf0bd2712e70f4437e6f5.jpeg\",\"width\":720,\"height\":480,\"caption\":\"Source: Specify Source\"},{\"@type\":\"BreadcrumbList\",\"@id\":\"https:\\\/\\\/www.meydan.tv\\\/az\\\/article\\\/kanada-universitetinde-rep-tedris-olunacaq\\\/#breadcrumb\",\"itemListElement\":[{\"@type\":\"ListItem\",\"position\":1,\"name\":\"Ana s\u0259hif\u0259\",\"item\":\"https:\\\/\\\/www.meydan.tv\\\/az\\\/\"},{\"@type\":\"ListItem\",\"position\":2,\"name\":\"M\u0259d\u0259niyy\u0259t\",\"item\":\"https:\\\/\\\/www.meydan.tv\\\/az\\\/section\\\/medeniyyet\\\/\"},{\"@type\":\"ListItem\",\"position\":3,\"name\":\"Kanada universitetind\u0259 rep t\u0259dris olunacaq\"}]},{\"@type\":\"WebSite\",\"@id\":\"https:\\\/\\\/www.meydan.tv\\\/az\\\/#website\",\"url\":\"https:\\\/\\\/www.meydan.tv\\\/az\\\/\",\"name\":\"MEYDAN.TV\",\"description\":\"Meydan TV Az\u0259rbaycan\u0131n media m\u0259kan\u0131ndak\u0131 alternativ s\u0259sidir\",\"publisher\":{\"@id\":\"https:\\\/\\\/www.meydan.tv\\\/az\\\/#organization\"},\"potentialAction\":[{\"@type\":\"SearchAction\",\"target\":{\"@type\":\"EntryPoint\",\"urlTemplate\":\"https:\\\/\\\/www.meydan.tv\\\/az\\\/?s={search_term_string}\"},\"query-input\":{\"@type\":\"PropertyValueSpecification\",\"valueRequired\":true,\"valueName\":\"search_term_string\"}}],\"inLanguage\":\"az\"},{\"@type\":\"Organization\",\"@id\":\"https:\\\/\\\/www.meydan.tv\\\/az\\\/#organization\",\"name\":\"Meydan TV\",\"url\":\"https:\\\/\\\/www.meydan.tv\\\/az\\\/\",\"logo\":{\"@type\":\"ImageObject\",\"inLanguage\":\"az\",\"@id\":\"https:\\\/\\\/www.meydan.tv\\\/az\\\/#\\\/schema\\\/logo\\\/image\\\/\",\"url\":\"https:\\\/\\\/www.meydan.tv\\\/wp-content\\\/uploads\\\/2021\\\/07\\\/meydan-logo.svg\",\"contentUrl\":\"https:\\\/\\\/www.meydan.tv\\\/wp-content\\\/uploads\\\/2021\\\/07\\\/meydan-logo.svg\",\"width\":195,\"height\":46,\"caption\":\"Meydan TV\"},\"image\":{\"@id\":\"https:\\\/\\\/www.meydan.tv\\\/az\\\/#\\\/schema\\\/logo\\\/image\\\/\"}},{\"@type\":\"Person\",\"@id\":\"https:\\\/\\\/www.meydan.tv\\\/az\\\/#\\\/schema\\\/person\\\/10d11eccf6da3662cf5fdab9806ea91a\",\"name\":\"user-manager\"}]}<\/script>\n<!-- \/ Yoast SEO plugin. -->","yoast_head_json":{"title":"Kanada universitetind\u0259 rep t\u0259dris olunacaq - MEYDAN.TV","robots":{"index":"index","follow":"follow","max-snippet":"max-snippet:-1","max-image-preview":"max-image-preview:large","max-video-preview":"max-video-preview:-1"},"canonical":"https:\/\/www.meydan.tv\/az\/article\/kanada-universitetinde-rep-tedris-olunacaq\/","og_locale":"az_AZ","og_type":"article","og_title":"Kanada universitetind\u0259 rep t\u0259dris olunacaq - MEYDAN.TV","og_description":"Kanadal\u0131 hip-hop s\u0259n\u0259t\u00e7il\u0259rin yarad\u0131c\u0131l\u0131\u011f\u0131n\u0131 bakalavr pill\u0259sind\u0259 olan t\u0259l\u0259b\u0259l\u0259r \u00f6yr\u0259n\u0259c\u0259k.","og_url":"https:\/\/www.meydan.tv\/az\/article\/kanada-universitetinde-rep-tedris-olunacaq\/","og_site_name":"MEYDAN.TV","article_published_time":"2021-09-28T13:25:54+00:00","og_image":[{"width":720,"height":480,"url":"https:\/\/www.meydan.tv\/wp-content\/uploads\/pic_aa8bf98d1f2bf0bd2712e70f4437e6f5.jpeg","type":"image\/jpeg"}],"author":"user-manager","twitter_card":"summary_large_image","schema":{"@context":"https:\/\/schema.org","@graph":[{"@type":"Article","@id":"https:\/\/www.meydan.tv\/az\/article\/kanada-universitetinde-rep-tedris-olunacaq\/#article","isPartOf":{"@id":"https:\/\/www.meydan.tv\/az\/article\/kanada-universitetinde-rep-tedris-olunacaq\/"},"author":{"name":"user-manager","@id":"https:\/\/www.meydan.tv\/az\/#\/schema\/person\/10d11eccf6da3662cf5fdab9806ea91a"},"headline":"Kanada universitetind\u0259 rep t\u0259dris olunacaq","datePublished":"2021-09-28T13:25:54+00:00","mainEntityOfPage":{"@id":"https:\/\/www.meydan.tv\/az\/article\/kanada-universitetinde-rep-tedris-olunacaq\/"},"wordCount":159,"publisher":{"@id":"https:\/\/www.meydan.tv\/az\/#organization"},"image":{"@id":"https:\/\/www.meydan.tv\/az\/article\/kanada-universitetinde-rep-tedris-olunacaq\/#primaryimage"},"thumbnailUrl":"https:\/\/www.meydan.tv\/wp-content\/uploads\/pic_aa8bf98d1f2bf0bd2712e70f4437e6f5.jpeg","articleSection":["M\u0259d\u0259niyy\u0259t"],"inLanguage":"az"},{"@type":"WebPage","@id":"https:\/\/www.meydan.tv\/az\/article\/kanada-universitetinde-rep-tedris-olunacaq\/","url":"https:\/\/www.meydan.tv\/az\/article\/kanada-universitetinde-rep-tedris-olunacaq\/","name":"Kanada universitetind\u0259 rep t\u0259dris olunacaq - MEYDAN.TV","isPartOf":{"@id":"https:\/\/www.meydan.tv\/az\/#website"},"primaryImageOfPage":{"@id":"https:\/\/www.meydan.tv\/az\/article\/kanada-universitetinde-rep-tedris-olunacaq\/#primaryimage"},"image":{"@id":"https:\/\/www.meydan.tv\/az\/article\/kanada-universitetinde-rep-tedris-olunacaq\/#primaryimage"},"thumbnailUrl":"https:\/\/www.meydan.tv\/wp-content\/uploads\/pic_aa8bf98d1f2bf0bd2712e70f4437e6f5.jpeg","datePublished":"2021-09-28T13:25:54+00:00","breadcrumb":{"@id":"https:\/\/www.meydan.tv\/az\/article\/kanada-universitetinde-rep-tedris-olunacaq\/#breadcrumb"},"inLanguage":"az","potentialAction":[{"@type":"ReadAction","target":["https:\/\/www.meydan.tv\/az\/article\/kanada-universitetinde-rep-tedris-olunacaq\/"]}]},{"@type":"ImageObject","inLanguage":"az","@id":"https:\/\/www.meydan.tv\/az\/article\/kanada-universitetinde-rep-tedris-olunacaq\/#primaryimage","url":"https:\/\/www.meydan.tv\/wp-content\/uploads\/pic_aa8bf98d1f2bf0bd2712e70f4437e6f5.jpeg","contentUrl":"https:\/\/www.meydan.tv\/wp-content\/uploads\/pic_aa8bf98d1f2bf0bd2712e70f4437e6f5.jpeg","width":720,"height":480,"caption":"Source: Specify Source"},{"@type":"BreadcrumbList","@id":"https:\/\/www.meydan.tv\/az\/article\/kanada-universitetinde-rep-tedris-olunacaq\/#breadcrumb","itemListElement":[{"@type":"ListItem","position":1,"name":"Ana s\u0259hif\u0259","item":"https:\/\/www.meydan.tv\/az\/"},{"@type":"ListItem","position":2,"name":"M\u0259d\u0259niyy\u0259t","item":"https:\/\/www.meydan.tv\/az\/section\/medeniyyet\/"},{"@type":"ListItem","position":3,"name":"Kanada universitetind\u0259 rep t\u0259dris olunacaq"}]},{"@type":"WebSite","@id":"https:\/\/www.meydan.tv\/az\/#website","url":"https:\/\/www.meydan.tv\/az\/","name":"MEYDAN.TV","description":"Meydan TV Az\u0259rbaycan\u0131n media m\u0259kan\u0131ndak\u0131 alternativ s\u0259sidir","publisher":{"@id":"https:\/\/www.meydan.tv\/az\/#organization"},"potentialAction":[{"@type":"SearchAction","target":{"@type":"EntryPoint","urlTemplate":"https:\/\/www.meydan.tv\/az\/?s={search_term_string}"},"query-input":{"@type":"PropertyValueSpecification","valueRequired":true,"valueName":"search_term_string"}}],"inLanguage":"az"},{"@type":"Organization","@id":"https:\/\/www.meydan.tv\/az\/#organization","name":"Meydan TV","url":"https:\/\/www.meydan.tv\/az\/","logo":{"@type":"ImageObject","inLanguage":"az","@id":"https:\/\/www.meydan.tv\/az\/#\/schema\/logo\/image\/","url":"https:\/\/www.meydan.tv\/wp-content\/uploads\/2021\/07\/meydan-logo.svg","contentUrl":"https:\/\/www.meydan.tv\/wp-content\/uploads\/2021\/07\/meydan-logo.svg","width":195,"height":46,"caption":"Meydan TV"},"image":{"@id":"https:\/\/www.meydan.tv\/az\/#\/schema\/logo\/image\/"}},{"@type":"Person","@id":"https:\/\/www.meydan.tv\/az\/#\/schema\/person\/10d11eccf6da3662cf5fdab9806ea91a","name":"user-manager"}]}},"_links":{"self":[{"href":"https:\/\/www.meydan.tv\/az\/wp-json\/wp\/v2\/posts\/213043","targetHints":{"allow":["GET"]}}],"collection":[{"href":"https:\/\/www.meydan.tv\/az\/wp-json\/wp\/v2\/posts"}],"about":[{"href":"https:\/\/www.meydan.tv\/az\/wp-json\/wp\/v2\/types\/post"}],"author":[{"embeddable":true,"href":"https:\/\/www.meydan.tv\/az\/wp-json\/wp\/v2\/users\/11"}],"replies":[{"embeddable":true,"href":"https:\/\/www.meydan.tv\/az\/wp-json\/wp\/v2\/comments?post=213043"}],"version-history":[{"count":0,"href":"https:\/\/www.meydan.tv\/az\/wp-json\/wp\/v2\/posts\/213043\/revisions"}],"wp:featuredmedia":[{"embeddable":true,"href":"https:\/\/www.meydan.tv\/az\/wp-json\/wp\/v2\/media\/210556"}],"wp:attachment":[{"href":"https:\/\/www.meydan.tv\/az\/wp-json\/wp\/v2\/media?parent=213043"}],"wp:term":[{"taxonomy":"category","embeddable":true,"href":"https:\/\/www.meydan.tv\/az\/wp-json\/wp\/v2\/categories?post=213043"},{"taxonomy":"post_tag","embeddable":true,"href":"https:\/\/www.meydan.tv\/az\/wp-json\/wp\/v2\/tags?post=213043"}],"curies":[{"name":"wp","href":"https:\/\/api.w.org\/{rel}","templated":true}]}}