{"id":213036,"date":"2021-09-28T11:06:12","date_gmt":"2021-09-28T11:06:12","guid":{"rendered":"https:\/\/www.meydan.tv\/article\/agstafa-sakini-kend-camaatinin-sayesinde-mualiceye-gede-bilirik\/"},"modified":"2021-09-28T11:06:12","modified_gmt":"2021-09-28T11:06:12","slug":"agstafa-sakini-kend-camaatinin-sayesinde-mualiceye-gede-bilirik","status":"publish","type":"post","link":"https:\/\/www.meydan.tv\/az\/article\/agstafa-sakini-kend-camaatinin-sayesinde-mualiceye-gede-bilirik\/","title":{"rendered":"A\u011fstafa sakini: K\u0259nd camaat\u0131n\u0131n say\u0259sind\u0259 m\u00fcalic\u0259y\u0259 ged\u0259 bilirik"},"content":{"rendered":"<p>\n  <i><br \/>\n    \u201cH\u0259kiml\u0259r \u00fcmidsiz dan\u0131\u015fma\u011fa ba\u015flay\u0131b\u201d<br \/>\n  <\/i>\n<\/p>\n<p>\n  A\u011fstafan\u0131n A\u015fa\u011f\u0131 K\u0259s\u0259m\u0259n k\u0259ndind\u0259 ya\u015fayan Arzu Qurbanov iki ildir revmatoid artridd\u0259n \u0259ziyy\u0259t \u00e7\u0259kir. \u00dcst\u0259lik, onda ke\u00e7\u0259n il a\u011fciy\u0259rin \u00e7irkl\u0259nm\u0259si a\u015fkar olunub. Onun 30 ya\u015f\u0131 var.\n<\/p>\n<p>\n  <b><br \/>\n    \u201cT\u00fcrk h\u0259kim deyir ki, vaxt\u0131nda yax\u015f\u0131 m\u00fcalic\u0259 almay\u0131b\u201d<br \/>\n  <\/b>\n<\/p>\n<p>\n  A\u015fa\u011f\u0131 K\u0259s\u0259m\u0259nd\u0259 Arzu Qurbanova \u00e7oxu can yand\u0131r\u0131r. \u0130lk h\u0259ms\u00f6hb\u0259timiz olan qohumu x\u0259st\u0259y\u0259 bacard\u0131qca k\u00f6m\u0259k etdiyini bildirir. Anas\u0131 G\u00fclab Qurbanova da k\u0259nd camaat\u0131n\u0131n \u0259m\u0259yini x\u00fcsusi qeyd edir. Bir m\u00fcdd\u0259t \u0259vv\u0259l ail\u0259nin qaz\u0131 k\u0259sil\u0259nd\u0259 d\u0259 A\u015fa\u011f\u0131 K\u0259s\u0259m\u0259n sakinl\u0259ri imdada yeti\u015fib.\n<\/p>\n<p>\n  \u201cAparmad\u0131\u011f\u0131m\u0131z x\u0259st\u0259xana qalmay\u0131b. Ke\u00e7\u0259n il ciy\u0259rind\u0259 problem yarananda evd\u0259n \u00e7ox pis v\u0259ziyy\u0259td\u0259 aparm\u0131\u015fd\u0131q. \u0130ndi yerim\u0259kd\u0259 \u00e7\u0259tinlik \u00e7\u0259kir. \u0130\u015f qabiliyy\u0259tini itirib. H\u0259kiml\u0259r deyir ki, Arzu \u00f6mr\u00fcn\u00fcn sonuna q\u0259d\u0259r d\u0259rmanla ya\u015fayacaq. \u0130flic ola bil\u0259r. Bir n\u00f6v \u0259lilliy\u0259 do\u011fru gedir. El\u0259 ax\u0131r\u0131nc\u0131 d\u0259f\u0259 h\u0259kim\u0259 iflic v\u0259ziyy\u0259tind\u0259 aparm\u0131\u015fd\u0131q. D\u0259rman verdil\u0259r, dizind\u0259n su \u00e7\u0259kdil\u0259r. H\u0259min \u00f6z\u0259l klinikada dedil\u0259r ki, get, yax\u015f\u0131 olacaqsan. G\u0259ldi, 20 g\u00fcnd\u0259n sonra bir d\u0259 su y\u0131\u011f\u0131ld\u0131\u201d, &#8211; G\u00fclab Qurbanova \u00e7\u0259tin g\u00fcnl\u0259rd\u0259n dan\u0131\u015f\u0131r.\n<\/p>\n<p>\n  Arzu Qurbanov indi iki b\u00f6y\u00fck x\u0259st\u0259likl\u0259 m\u00fcbariz\u0259 apar\u0131r. \u00d6z\u00fcn\u00fcn sanki heyi qalmay\u0131b, onun \u0259v\u0259zin\u0259 yax\u0131nlar\u0131 dan\u0131\u015f\u0131r. G\u00fclab Qurbanova deyir ki, b\u00f6y\u00fck \u00fcmidl\u0259ri qalmay\u0131b. \u00c7\u00fcnki o\u011flunun artriti xroniki hal al\u0131b.\n<\/p>\n<p>\n  \u201c\u0130ki d\u0259f\u0259di G\u0259nc\u0259y\u0259 t\u00fcrk h\u0259kimin yan\u0131na apar\u0131r\u0131q. O da deyir ki, vaxt\u0131nda yax\u015f\u0131 m\u00fcalic\u0259 almay\u0131b. Onun m\u00fcalic\u0259sinin say\u0259sind\u0259 bir az aya\u011f\u0131n\u0131 at\u0131r h\u0259rd\u0259n. \u00c7al\u0131\u015f\u0131r\u0131q ki, \u0259lil arabas\u0131na d\u00fc\u015fm\u0259sin\u201d.\n<\/p>\n<p>\n  <b><br \/>\n    \u201cCamaat \u00e7ox can yand\u0131r\u0131r\u201d<br \/>\n  <\/b>\n<\/p>\n<p>\n  Arzu Qurbanovun m\u00fcalic\u0259 yolu h\u0259m d\u00f6vl\u0259t x\u0259st\u0259xanalar\u0131ndan, h\u0259m d\u0259 \u00f6z\u0259l klinikalardan ke\u00e7ir. Dem\u0259k olar, daim yollardad\u0131r. Ail\u0259si h\u0259mi\u015f\u0259 uy\u011fun h\u0259kim tapma\u011fa \u00e7al\u0131\u015f\u0131r. K\u0259nd camaat\u0131 onlara \u00e7ox istiqam\u0259t verir.\n<\/p>\n<p>\n  \u201cH\u0259m artritini, h\u0259m d\u0259 ciy\u0259rini m\u00fcalic\u0259 el\u0259tdirm\u0259li oluruq. Camaat \u00e7ox can yand\u0131r\u0131r. Yax\u015f\u0131 h\u0259kim axtar\u0131rlar. Haran\u0131, kimi ni\u015fan verirl\u0259rs\u0259, gedirik. H\u0259kiml\u0259r \u00fcmidsiz dan\u0131\u015fma\u011fa ba\u015flay\u0131b. Artritinin xroniki hal almas\u0131 \u00e7ox pis oldu\u201d, &#8211; G\u00fclab Qurbanova deyir.\n<\/p>\n<p>\n  U\u015faq olanda Arzu Qurbanovun orqanizmin\u0259 mikrob d\u00fc\u015f\u00fcbm\u00fc\u015f. H\u0259kiml\u0259r is\u0259 son ill\u0259r onda yaranan x\u0259st\u0259likl\u0259ri h\u0259min hadis\u0259 il\u0259 ba\u011flama\u011f\u0131n t\u0259r\u0259fdar\u0131 deyil:\n<\/p>\n<p>\n  \u201c\u0130td\u0259n mikrob ke\u00e7mi\u015fdi ona. O vaxt m\u00fcalic\u0259 el\u0259tdirm\u0259y\u0259 \u00e7al\u0131\u015fd\u0131q. H\u0259kiml\u0259r deyir ki, ciy\u0259ri ondan \u00e7irkl\u0259nm\u0259yib. \u00c7ox yer\u0259 ba\u015f vururuq. A\u011f\u0131r oynaq x\u0259st\u0259liyi h\u0259r\u0259k\u0259t qabiliyy\u0259tini lap s\u0131radan \u00e7\u0131xar\u0131b\u201d.\n<\/p>\n<p>\n  <b><br \/>\n    \u201cH\u0259yat yolda\u015f\u0131m b\u0259z\u0259n aylarla i\u015f tapa bilmir\u201d<br \/>\n  <\/b>\n<\/p>\n<p>\n  Arzu Qurbanov valideynl\u0259ri, h\u0259yat yolda\u015f\u0131 v\u0259 h\u0259l\u0259 3 ya\u015f\u0131 tamam olmam\u0131\u015f \u00f6vlad\u0131 il\u0259 birlikd\u0259 ya\u015fay\u0131r. Ona t\u0259qa\u00fcd k\u0259silm\u0259sini ist\u0259yir. \u00c7\u00fcnki Qurbanovlar\u0131n daimi g\u0259liri yoxdur.\n<\/p>\n<p>\n  \u201cYaln\u0131z k\u0259nd camaat\u0131n\u0131n k\u00f6m\u0259yi say\u0259sind\u0259 m\u00fcalic\u0259nin arxas\u0131nca ged\u0259 bilirik. E\u015fid\u0259n-bil\u0259n \u0259l tutma\u011fa \u00e7al\u0131\u015f\u0131r. H\u0259yat yolda\u015f\u0131m da astma x\u0259st\u0259sidir. Novruz bayram\u0131 \u0259r\u0259f\u0259sind\u0259 u\u015fa\u011f\u0131n d\u0259rdind\u0259n \u00f6z\u00fcm d\u0259 sif\u0259t iflici ke\u00e7irmi\u015f\u0259m. \u00c7\u00fcnki onda v\u0259ziyy\u0259ti a\u011f\u0131rla\u015fm\u0131\u015fd\u0131. Dedil\u0259r ki, \u0259lil arabas\u0131na d\u00fc\u015f\u0259c\u0259k. Evd\u0259 x\u0259st\u0259 bir olar. Biz ham\u0131m\u0131z x\u0259st\u0259yik\u201d, &#8211; G\u00fclab Qurbanova dan\u0131\u015f\u0131r.\n<\/p>\n<p>\n  Arzu Qurbanovun anas\u0131 deyir ki, konkret hans\u0131sa d\u00f6vl\u0259t qurumundan maddi yard\u0131m ist\u0259m\u0259yibl\u0259r. T\u0259kc\u0259 pensiya \u00fc\u00e7\u00fcn m\u00fcraci\u0259t edibl\u0259r, amma m\u00fcsb\u0259t cavab almay\u0131blar:\n<\/p>\n<p>\n  \u201cH\u0259yat yolda\u015f\u0131m\u0131n 62, m\u0259nim 56 ya\u015f\u0131m var. He\u00e7 birimiz t\u0259qa\u00fcd alm\u0131r\u0131q. He\u00e7 birimiz i\u015fl\u0259mirik. H\u0259yat yolda\u015f\u0131m h\u00f6rg\u00fc i\u015fi tapanda gedir. X\u0259st\u0259 adamd\u0131, n\u0259 q\u0259d\u0259r qazana bil\u0259r ki?! B\u0259z\u0259n aylar\u0131la i\u015f tapa bilmir. Q\u0131zlar\u0131m ail\u0259 h\u0259yat\u0131 qurub. T\u0259kc\u0259 bir o\u011flum var. Q\u0131zlar\u0131m da k\u00f6m\u0259k el\u0259m\u0259y\u0259 \u00e7al\u0131\u015f\u0131r. Amma onlar\u0131n \u00f6z ail\u0259si, qay\u011f\u0131lar\u0131 var\u201d.\n<\/p>\n<p>\n  A\u011fstafa Rayon \u0130cra Hakimiyy\u0259tind\u0259n Meydan TV-y\u0259 deyilib ki, ail\u0259nin v\u0259ziyy\u0259ti bar\u0259d\u0259 h\u0259r hans\u0131 m\u00fcraci\u0259t daxil olmay\u0131b. M\u0259s\u0259l\u0259nin ara\u015fd\u0131r\u0131laca\u011f\u0131 bildirilib.\n<\/p>\n<p>\n  G\u00fclab Qurbanova is\u0259 deyir ki, ail\u0259nin v\u0259ziyy\u0259ti \u00fc\u00e7\u00fcn x\u00fcsusi m\u00fcraci\u0259t\u0259 ehtiyac yoxdur, onsuz da ham\u0131 n\u0259 z\u00fclm \u00e7\u0259kdikl\u0259rini bilir.<\/p>\n","protected":false},"excerpt":{"rendered":"<p>Arzu Qurbanov valideynl\u0259ri, h\u0259yat yolda\u015f\u0131 v\u0259 h\u0259l\u0259 3 ya\u015f\u0131 tamam olmam\u0131\u015f \u00f6vlad\u0131 il\u0259 birlikd\u0259 ya\u015fay\u0131r.<\/p>\n","protected":false},"author":11,"featured_media":210529,"comment_status":"closed","ping_status":"open","sticky":false,"template":"","format":"standard","meta":{"_acf_changed":false,"_sitemap_exclude":false,"_sitemap_priority":"","_sitemap_frequency":"","footnotes":""},"categories":[60],"tags":[],"class_list":["post-213036","post","type-post","status-publish","format-standard","has-post-thumbnail","hentry","category-bolge","infinite-scroll-item","generate-columns","tablet-grid-50","mobile-grid-100","grid-parent","grid-33","no-featured-image-padding"],"acf":[],"yoast_head":"<!-- This site is optimized with the Yoast SEO plugin v27.5 - https:\/\/yoast.com\/product\/yoast-seo-wordpress\/ -->\n<title>A\u011fstafa sakini: K\u0259nd camaat\u0131n\u0131n say\u0259sind\u0259 m\u00fcalic\u0259y\u0259 ged\u0259 bilirik - MEYDAN.TV<\/title>\n<meta name=\"robots\" content=\"index, follow, max-snippet:-1, max-image-preview:large, max-video-preview:-1\" \/>\n<link rel=\"canonical\" href=\"https:\/\/www.meydan.tv\/az\/article\/agstafa-sakini-kend-camaatinin-sayesinde-mualiceye-gede-bilirik\/\" \/>\n<meta property=\"og:locale\" content=\"az_AZ\" \/>\n<meta property=\"og:type\" content=\"article\" \/>\n<meta property=\"og:title\" content=\"A\u011fstafa sakini: K\u0259nd camaat\u0131n\u0131n say\u0259sind\u0259 m\u00fcalic\u0259y\u0259 ged\u0259 bilirik - MEYDAN.TV\" \/>\n<meta property=\"og:description\" content=\"Arzu Qurbanov valideynl\u0259ri, h\u0259yat yolda\u015f\u0131 v\u0259 h\u0259l\u0259 3 ya\u015f\u0131 tamam olmam\u0131\u015f \u00f6vlad\u0131 il\u0259 birlikd\u0259 ya\u015fay\u0131r.\" \/>\n<meta property=\"og:url\" content=\"https:\/\/www.meydan.tv\/az\/article\/agstafa-sakini-kend-camaatinin-sayesinde-mualiceye-gede-bilirik\/\" \/>\n<meta property=\"og:site_name\" content=\"MEYDAN.TV\" \/>\n<meta property=\"article:published_time\" content=\"2021-09-28T11:06:12+00:00\" \/>\n<meta property=\"og:image\" content=\"https:\/\/www.meydan.tv\/wp-content\/uploads\/1_ss3tnpj.png\" \/>\n\t<meta property=\"og:image:width\" content=\"1120\" \/>\n\t<meta property=\"og:image:height\" content=\"630\" \/>\n\t<meta property=\"og:image:type\" content=\"image\/png\" \/>\n<meta name=\"author\" content=\"user-manager\" \/>\n<meta name=\"twitter:card\" content=\"summary_large_image\" \/>\n<script type=\"application\/ld+json\" class=\"yoast-schema-graph\">{\"@context\":\"https:\\\/\\\/schema.org\",\"@graph\":[{\"@type\":\"Article\",\"@id\":\"https:\\\/\\\/www.meydan.tv\\\/az\\\/article\\\/agstafa-sakini-kend-camaatinin-sayesinde-mualiceye-gede-bilirik\\\/#article\",\"isPartOf\":{\"@id\":\"https:\\\/\\\/www.meydan.tv\\\/az\\\/article\\\/agstafa-sakini-kend-camaatinin-sayesinde-mualiceye-gede-bilirik\\\/\"},\"author\":{\"name\":\"user-manager\",\"@id\":\"https:\\\/\\\/www.meydan.tv\\\/az\\\/#\\\/schema\\\/person\\\/10d11eccf6da3662cf5fdab9806ea91a\"},\"headline\":\"A\u011fstafa sakini: K\u0259nd camaat\u0131n\u0131n say\u0259sind\u0259 m\u00fcalic\u0259y\u0259 ged\u0259 bilirik\",\"datePublished\":\"2021-09-28T11:06:12+00:00\",\"mainEntityOfPage\":{\"@id\":\"https:\\\/\\\/www.meydan.tv\\\/az\\\/article\\\/agstafa-sakini-kend-camaatinin-sayesinde-mualiceye-gede-bilirik\\\/\"},\"wordCount\":881,\"publisher\":{\"@id\":\"https:\\\/\\\/www.meydan.tv\\\/az\\\/#organization\"},\"image\":{\"@id\":\"https:\\\/\\\/www.meydan.tv\\\/az\\\/article\\\/agstafa-sakini-kend-camaatinin-sayesinde-mualiceye-gede-bilirik\\\/#primaryimage\"},\"thumbnailUrl\":\"https:\\\/\\\/www.meydan.tv\\\/wp-content\\\/uploads\\\/1_ss3tnpj.png\",\"articleSection\":[\"B\u00f6lg\u0259\"],\"inLanguage\":\"az\"},{\"@type\":\"WebPage\",\"@id\":\"https:\\\/\\\/www.meydan.tv\\\/az\\\/article\\\/agstafa-sakini-kend-camaatinin-sayesinde-mualiceye-gede-bilirik\\\/\",\"url\":\"https:\\\/\\\/www.meydan.tv\\\/az\\\/article\\\/agstafa-sakini-kend-camaatinin-sayesinde-mualiceye-gede-bilirik\\\/\",\"name\":\"A\u011fstafa sakini: K\u0259nd camaat\u0131n\u0131n say\u0259sind\u0259 m\u00fcalic\u0259y\u0259 ged\u0259 bilirik - MEYDAN.TV\",\"isPartOf\":{\"@id\":\"https:\\\/\\\/www.meydan.tv\\\/az\\\/#website\"},\"primaryImageOfPage\":{\"@id\":\"https:\\\/\\\/www.meydan.tv\\\/az\\\/article\\\/agstafa-sakini-kend-camaatinin-sayesinde-mualiceye-gede-bilirik\\\/#primaryimage\"},\"image\":{\"@id\":\"https:\\\/\\\/www.meydan.tv\\\/az\\\/article\\\/agstafa-sakini-kend-camaatinin-sayesinde-mualiceye-gede-bilirik\\\/#primaryimage\"},\"thumbnailUrl\":\"https:\\\/\\\/www.meydan.tv\\\/wp-content\\\/uploads\\\/1_ss3tnpj.png\",\"datePublished\":\"2021-09-28T11:06:12+00:00\",\"breadcrumb\":{\"@id\":\"https:\\\/\\\/www.meydan.tv\\\/az\\\/article\\\/agstafa-sakini-kend-camaatinin-sayesinde-mualiceye-gede-bilirik\\\/#breadcrumb\"},\"inLanguage\":\"az\",\"potentialAction\":[{\"@type\":\"ReadAction\",\"target\":[\"https:\\\/\\\/www.meydan.tv\\\/az\\\/article\\\/agstafa-sakini-kend-camaatinin-sayesinde-mualiceye-gede-bilirik\\\/\"]}]},{\"@type\":\"ImageObject\",\"inLanguage\":\"az\",\"@id\":\"https:\\\/\\\/www.meydan.tv\\\/az\\\/article\\\/agstafa-sakini-kend-camaatinin-sayesinde-mualiceye-gede-bilirik\\\/#primaryimage\",\"url\":\"https:\\\/\\\/www.meydan.tv\\\/wp-content\\\/uploads\\\/1_ss3tnpj.png\",\"contentUrl\":\"https:\\\/\\\/www.meydan.tv\\\/wp-content\\\/uploads\\\/1_ss3tnpj.png\",\"width\":1120,\"height\":630,\"caption\":\"Source: Meydan.TV\"},{\"@type\":\"BreadcrumbList\",\"@id\":\"https:\\\/\\\/www.meydan.tv\\\/az\\\/article\\\/agstafa-sakini-kend-camaatinin-sayesinde-mualiceye-gede-bilirik\\\/#breadcrumb\",\"itemListElement\":[{\"@type\":\"ListItem\",\"position\":1,\"name\":\"Ana s\u0259hif\u0259\",\"item\":\"https:\\\/\\\/www.meydan.tv\\\/az\\\/\"},{\"@type\":\"ListItem\",\"position\":2,\"name\":\"B\u00f6lg\u0259\",\"item\":\"https:\\\/\\\/www.meydan.tv\\\/az\\\/section\\\/bolge\\\/\"},{\"@type\":\"ListItem\",\"position\":3,\"name\":\"A\u011fstafa sakini: K\u0259nd camaat\u0131n\u0131n say\u0259sind\u0259 m\u00fcalic\u0259y\u0259 ged\u0259 bilirik\"}]},{\"@type\":\"WebSite\",\"@id\":\"https:\\\/\\\/www.meydan.tv\\\/az\\\/#website\",\"url\":\"https:\\\/\\\/www.meydan.tv\\\/az\\\/\",\"name\":\"MEYDAN.TV\",\"description\":\"Meydan TV Az\u0259rbaycan\u0131n media m\u0259kan\u0131ndak\u0131 alternativ s\u0259sidir\",\"publisher\":{\"@id\":\"https:\\\/\\\/www.meydan.tv\\\/az\\\/#organization\"},\"potentialAction\":[{\"@type\":\"SearchAction\",\"target\":{\"@type\":\"EntryPoint\",\"urlTemplate\":\"https:\\\/\\\/www.meydan.tv\\\/az\\\/?s={search_term_string}\"},\"query-input\":{\"@type\":\"PropertyValueSpecification\",\"valueRequired\":true,\"valueName\":\"search_term_string\"}}],\"inLanguage\":\"az\"},{\"@type\":\"Organization\",\"@id\":\"https:\\\/\\\/www.meydan.tv\\\/az\\\/#organization\",\"name\":\"Meydan TV\",\"url\":\"https:\\\/\\\/www.meydan.tv\\\/az\\\/\",\"logo\":{\"@type\":\"ImageObject\",\"inLanguage\":\"az\",\"@id\":\"https:\\\/\\\/www.meydan.tv\\\/az\\\/#\\\/schema\\\/logo\\\/image\\\/\",\"url\":\"https:\\\/\\\/www.meydan.tv\\\/wp-content\\\/uploads\\\/2021\\\/07\\\/meydan-logo.svg\",\"contentUrl\":\"https:\\\/\\\/www.meydan.tv\\\/wp-content\\\/uploads\\\/2021\\\/07\\\/meydan-logo.svg\",\"width\":195,\"height\":46,\"caption\":\"Meydan TV\"},\"image\":{\"@id\":\"https:\\\/\\\/www.meydan.tv\\\/az\\\/#\\\/schema\\\/logo\\\/image\\\/\"}},{\"@type\":\"Person\",\"@id\":\"https:\\\/\\\/www.meydan.tv\\\/az\\\/#\\\/schema\\\/person\\\/10d11eccf6da3662cf5fdab9806ea91a\",\"name\":\"user-manager\"}]}<\/script>\n<!-- \/ Yoast SEO plugin. -->","yoast_head_json":{"title":"A\u011fstafa sakini: K\u0259nd camaat\u0131n\u0131n say\u0259sind\u0259 m\u00fcalic\u0259y\u0259 ged\u0259 bilirik - MEYDAN.TV","robots":{"index":"index","follow":"follow","max-snippet":"max-snippet:-1","max-image-preview":"max-image-preview:large","max-video-preview":"max-video-preview:-1"},"canonical":"https:\/\/www.meydan.tv\/az\/article\/agstafa-sakini-kend-camaatinin-sayesinde-mualiceye-gede-bilirik\/","og_locale":"az_AZ","og_type":"article","og_title":"A\u011fstafa sakini: K\u0259nd camaat\u0131n\u0131n say\u0259sind\u0259 m\u00fcalic\u0259y\u0259 ged\u0259 bilirik - MEYDAN.TV","og_description":"Arzu Qurbanov valideynl\u0259ri, h\u0259yat yolda\u015f\u0131 v\u0259 h\u0259l\u0259 3 ya\u015f\u0131 tamam olmam\u0131\u015f \u00f6vlad\u0131 il\u0259 birlikd\u0259 ya\u015fay\u0131r.","og_url":"https:\/\/www.meydan.tv\/az\/article\/agstafa-sakini-kend-camaatinin-sayesinde-mualiceye-gede-bilirik\/","og_site_name":"MEYDAN.TV","article_published_time":"2021-09-28T11:06:12+00:00","og_image":[{"width":1120,"height":630,"url":"https:\/\/www.meydan.tv\/wp-content\/uploads\/1_ss3tnpj.png","type":"image\/png"}],"author":"user-manager","twitter_card":"summary_large_image","schema":{"@context":"https:\/\/schema.org","@graph":[{"@type":"Article","@id":"https:\/\/www.meydan.tv\/az\/article\/agstafa-sakini-kend-camaatinin-sayesinde-mualiceye-gede-bilirik\/#article","isPartOf":{"@id":"https:\/\/www.meydan.tv\/az\/article\/agstafa-sakini-kend-camaatinin-sayesinde-mualiceye-gede-bilirik\/"},"author":{"name":"user-manager","@id":"https:\/\/www.meydan.tv\/az\/#\/schema\/person\/10d11eccf6da3662cf5fdab9806ea91a"},"headline":"A\u011fstafa sakini: K\u0259nd camaat\u0131n\u0131n say\u0259sind\u0259 m\u00fcalic\u0259y\u0259 ged\u0259 bilirik","datePublished":"2021-09-28T11:06:12+00:00","mainEntityOfPage":{"@id":"https:\/\/www.meydan.tv\/az\/article\/agstafa-sakini-kend-camaatinin-sayesinde-mualiceye-gede-bilirik\/"},"wordCount":881,"publisher":{"@id":"https:\/\/www.meydan.tv\/az\/#organization"},"image":{"@id":"https:\/\/www.meydan.tv\/az\/article\/agstafa-sakini-kend-camaatinin-sayesinde-mualiceye-gede-bilirik\/#primaryimage"},"thumbnailUrl":"https:\/\/www.meydan.tv\/wp-content\/uploads\/1_ss3tnpj.png","articleSection":["B\u00f6lg\u0259"],"inLanguage":"az"},{"@type":"WebPage","@id":"https:\/\/www.meydan.tv\/az\/article\/agstafa-sakini-kend-camaatinin-sayesinde-mualiceye-gede-bilirik\/","url":"https:\/\/www.meydan.tv\/az\/article\/agstafa-sakini-kend-camaatinin-sayesinde-mualiceye-gede-bilirik\/","name":"A\u011fstafa sakini: K\u0259nd camaat\u0131n\u0131n say\u0259sind\u0259 m\u00fcalic\u0259y\u0259 ged\u0259 bilirik - MEYDAN.TV","isPartOf":{"@id":"https:\/\/www.meydan.tv\/az\/#website"},"primaryImageOfPage":{"@id":"https:\/\/www.meydan.tv\/az\/article\/agstafa-sakini-kend-camaatinin-sayesinde-mualiceye-gede-bilirik\/#primaryimage"},"image":{"@id":"https:\/\/www.meydan.tv\/az\/article\/agstafa-sakini-kend-camaatinin-sayesinde-mualiceye-gede-bilirik\/#primaryimage"},"thumbnailUrl":"https:\/\/www.meydan.tv\/wp-content\/uploads\/1_ss3tnpj.png","datePublished":"2021-09-28T11:06:12+00:00","breadcrumb":{"@id":"https:\/\/www.meydan.tv\/az\/article\/agstafa-sakini-kend-camaatinin-sayesinde-mualiceye-gede-bilirik\/#breadcrumb"},"inLanguage":"az","potentialAction":[{"@type":"ReadAction","target":["https:\/\/www.meydan.tv\/az\/article\/agstafa-sakini-kend-camaatinin-sayesinde-mualiceye-gede-bilirik\/"]}]},{"@type":"ImageObject","inLanguage":"az","@id":"https:\/\/www.meydan.tv\/az\/article\/agstafa-sakini-kend-camaatinin-sayesinde-mualiceye-gede-bilirik\/#primaryimage","url":"https:\/\/www.meydan.tv\/wp-content\/uploads\/1_ss3tnpj.png","contentUrl":"https:\/\/www.meydan.tv\/wp-content\/uploads\/1_ss3tnpj.png","width":1120,"height":630,"caption":"Source: Meydan.TV"},{"@type":"BreadcrumbList","@id":"https:\/\/www.meydan.tv\/az\/article\/agstafa-sakini-kend-camaatinin-sayesinde-mualiceye-gede-bilirik\/#breadcrumb","itemListElement":[{"@type":"ListItem","position":1,"name":"Ana s\u0259hif\u0259","item":"https:\/\/www.meydan.tv\/az\/"},{"@type":"ListItem","position":2,"name":"B\u00f6lg\u0259","item":"https:\/\/www.meydan.tv\/az\/section\/bolge\/"},{"@type":"ListItem","position":3,"name":"A\u011fstafa sakini: K\u0259nd camaat\u0131n\u0131n say\u0259sind\u0259 m\u00fcalic\u0259y\u0259 ged\u0259 bilirik"}]},{"@type":"WebSite","@id":"https:\/\/www.meydan.tv\/az\/#website","url":"https:\/\/www.meydan.tv\/az\/","name":"MEYDAN.TV","description":"Meydan TV Az\u0259rbaycan\u0131n media m\u0259kan\u0131ndak\u0131 alternativ s\u0259sidir","publisher":{"@id":"https:\/\/www.meydan.tv\/az\/#organization"},"potentialAction":[{"@type":"SearchAction","target":{"@type":"EntryPoint","urlTemplate":"https:\/\/www.meydan.tv\/az\/?s={search_term_string}"},"query-input":{"@type":"PropertyValueSpecification","valueRequired":true,"valueName":"search_term_string"}}],"inLanguage":"az"},{"@type":"Organization","@id":"https:\/\/www.meydan.tv\/az\/#organization","name":"Meydan TV","url":"https:\/\/www.meydan.tv\/az\/","logo":{"@type":"ImageObject","inLanguage":"az","@id":"https:\/\/www.meydan.tv\/az\/#\/schema\/logo\/image\/","url":"https:\/\/www.meydan.tv\/wp-content\/uploads\/2021\/07\/meydan-logo.svg","contentUrl":"https:\/\/www.meydan.tv\/wp-content\/uploads\/2021\/07\/meydan-logo.svg","width":195,"height":46,"caption":"Meydan TV"},"image":{"@id":"https:\/\/www.meydan.tv\/az\/#\/schema\/logo\/image\/"}},{"@type":"Person","@id":"https:\/\/www.meydan.tv\/az\/#\/schema\/person\/10d11eccf6da3662cf5fdab9806ea91a","name":"user-manager"}]}},"_links":{"self":[{"href":"https:\/\/www.meydan.tv\/az\/wp-json\/wp\/v2\/posts\/213036","targetHints":{"allow":["GET"]}}],"collection":[{"href":"https:\/\/www.meydan.tv\/az\/wp-json\/wp\/v2\/posts"}],"about":[{"href":"https:\/\/www.meydan.tv\/az\/wp-json\/wp\/v2\/types\/post"}],"author":[{"embeddable":true,"href":"https:\/\/www.meydan.tv\/az\/wp-json\/wp\/v2\/users\/11"}],"replies":[{"embeddable":true,"href":"https:\/\/www.meydan.tv\/az\/wp-json\/wp\/v2\/comments?post=213036"}],"version-history":[{"count":0,"href":"https:\/\/www.meydan.tv\/az\/wp-json\/wp\/v2\/posts\/213036\/revisions"}],"wp:featuredmedia":[{"embeddable":true,"href":"https:\/\/www.meydan.tv\/az\/wp-json\/wp\/v2\/media\/210529"}],"wp:attachment":[{"href":"https:\/\/www.meydan.tv\/az\/wp-json\/wp\/v2\/media?parent=213036"}],"wp:term":[{"taxonomy":"category","embeddable":true,"href":"https:\/\/www.meydan.tv\/az\/wp-json\/wp\/v2\/categories?post=213036"},{"taxonomy":"post_tag","embeddable":true,"href":"https:\/\/www.meydan.tv\/az\/wp-json\/wp\/v2\/tags?post=213036"}],"curies":[{"name":"wp","href":"https:\/\/api.w.org\/{rel}","templated":true}]}}