{"id":213017,"date":"2021-09-27T13:17:03","date_gmt":"2021-09-27T13:17:03","guid":{"rendered":"https:\/\/www.meydan.tv\/article\/ilham-eliyev-o-eraziler-isgalda-olanda-iran-niye-herbi-telim-kecirmirdi\/"},"modified":"2021-09-27T13:17:03","modified_gmt":"2021-09-27T13:17:03","slug":"ilham-eliyev-o-eraziler-isgalda-olanda-iran-niye-herbi-telim-kecirmirdi","status":"publish","type":"post","link":"https:\/\/www.meydan.tv\/az\/article\/ilham-eliyev-o-eraziler-isgalda-olanda-iran-niye-herbi-telim-kecirmirdi\/","title":{"rendered":"\u0130lham \u018fliyev: O \u0259razil\u0259r i\u015f\u011falda olanda \u0130ran niy\u0259 h\u0259rbi t\u0259lim ke\u00e7irmirdi?"},"content":{"rendered":"<p>\n  <i><br \/>\n    &quot;O q\u0259d\u0259r bacar\u0131qs\u0131z bir i\u015f g\u00f6rd\u00fcl\u0259r ki, ma\u015f\u0131n\u0131n \u00fcst\u00fcnd\u0259ki tankerd\u0259 farsca yaz\u0131lar, a\u015fa\u011f\u0131da is\u0259 erm\u0259ni n\u00f6mr\u0259l\u0259ri vard\u0131&quot;<br \/>\n  <\/i>\n<\/p>\n<p>\n  \u201c\u0130ran \u0130slam Respublikas\u0131n\u0131n y\u00fck ma\u015f\u0131nlar\u0131 m\u00fcnt\u0259z\u0259m \u015f\u0259kild\u0259 ora gedirdi. Bu bar\u0259d\u0259 m\u0259lumat\u0131m\u0131z vard\u0131. \u018flb\u0259tt\u0259 ki, indiki kimi d\u0259qiq m\u0259lumat\u0131m\u0131z yox idi. Bunu n\u0259z\u0259r\u0259 alaraq, naraz\u0131l\u0131\u011f\u0131m\u0131z\u0131 m\u00fcxt\u0259lif kanallarla \u0130ran t\u0259r\u0259fin\u0259 bildirirdik. Lakin bu m\u00fcdd\u0259t davam edirdi. M\u00fcharib\u0259 bitdikd\u0259n sonra art\u0131q La\u00e7\u0131n d\u0259hlizi bizim g\u00f6z\u00fcm\u00fcz\u00fcn \u00f6n\u00fcnd\u0259dir\u201d.\n<\/p>\n<p>\n  Bunu d\u00f6vl\u0259t ba\u015f\u00e7\u0131s\u0131 \u0130lham \u018fliyev \u201cAnadolu\u201d Agentliyin\u0259 m\u00fcsahib\u0259sind\u0259<br \/>\n  <a href=\"https:\/\/www.aa.com.tr\/tr\/dunya\/azerbaycan-cumhurbaskani-aliyev-2-karabag-savasinin-1-yilinda-aaya-konustu\/2375849\"><br \/>\n    deyib<br \/>\n  <\/a><br \/>\n  .\n<\/p>\n<p>\n  \u0130lham \u018fliyev vur\u011fulay\u0131b ki, Az\u0259rbaycan\u0131n h\u0259rbi m\u00f6vqel\u0259rind\u0259n Xank\u0259ndin\u0259 ged\u0259n yola q\u0259d\u0259r olan m\u0259saf\u0259, b\u0259lk\u0259 d\u0259, 5-6 metr t\u0259\u015fkil edir: \u201cLa\u00e7\u0131n d\u0259hlizi boyunca, el\u0259c\u0259 d\u0259 \u015eu\u015fa \u0259traf\u0131nda v\u0259 dig\u0259r b\u00f6lg\u0259l\u0259rd\u0259 kifay\u0259t q\u0259d\u0259r texniki imkanlara sahibik. Kameralar var. Peykd\u0259n, dronlardan istifad\u0259 edirik. G\u00f6rd\u00fck ki, y\u00fck ma\u015f\u0131nlar\u0131 m\u00fcharib\u0259d\u0259n sonra da ora getm\u0259y\u0259 davam edir. Bel\u0259 olan halda Prezident Administrasiyas\u0131n\u0131n i\u015f\u00e7il\u0259rin\u0259 \u0130ran\u0131n Az\u0259rbaycandak\u0131 s\u0259firi il\u0259 dan\u0131\u015fmaqla ba\u011fl\u0131 g\u00f6st\u0259ri\u015f verdim. Bunu r\u0259smi etm\u0259k ist\u0259mirik. Dostca dan\u0131\u015fs\u0131nlar v\u0259 buna son qoymaq laz\u0131m g\u0259ldiyini desinl\u0259r. Bu biz\u0259 qar\u015f\u0131, Az\u0259rbaycan\u0131n \u0259razi b\u00fct\u00f6vl\u00fcy\u00fcn\u0259 qar\u015f\u0131 h\u00f6rm\u0259tsizlikdir. Buna son qoyulmal\u0131d\u0131r. S\u00f6hb\u0259t s\u0259hv etmir\u0259ms\u0259, iyul ay\u0131nda oldu. Bundan sonra, \u0259lb\u0259tt\u0259 ki, bu m\u0259s\u0259l\u0259ni izl\u0259m\u0259y\u0259 ba\u015flad\u0131q v\u0259 h\u0259r ay\u0131n \u0259vv\u0259lind\u0259 n\u0259 q\u0259d\u0259r y\u00fck ma\u015f\u0131n\u0131n\u0131n \u00e7\u0131xd\u0131\u011f\u0131n\u0131, ne\u00e7\u0259 ma\u015f\u0131n\u0131n girdiyini, n\u0259 g\u0259tirdiyini, n\u0259 g\u00f6t\u00fcrd\u00fcy\u00fc bar\u0259d\u0259 bizd\u0259 m\u0259lumat olur. Avtomobill\u0259rin n\u00f6mr\u0259l\u0259rin\u0259 q\u0259d\u0259r bizd\u0259 b\u00fct\u00fcn m\u0259lumatlar var. Bu mediada da i\u015f\u0131qland\u0131r\u0131ld\u0131. Lakin onlar n\u0259 etdil\u0259r? \u0130ran y\u00fck ma\u015f\u0131nlar\u0131na erm\u0259ni ma\u015f\u0131n n\u00f6mr\u0259l\u0259ri yap\u0131\u015fd\u0131rma\u011fa \u00e7al\u0131\u015fd\u0131rlar. Bel\u0259 bir saxtakarl\u0131\u011fa da \u0259l atd\u0131lar. Bizi aldatma\u011fa \u00e7al\u0131\u015fd\u0131lar. O q\u0259d\u0259r bacar\u0131qs\u0131z bir i\u015f g\u00f6rd\u00fcl\u0259r ki, ma\u015f\u0131n\u0131n \u00fcst\u00fcnd\u0259ki tankerd\u0259 farsca yaz\u0131lar, a\u015fa\u011f\u0131da is\u0259 erm\u0259ni n\u00f6mr\u0259l\u0259ri vard\u0131. Onu da qeyd edim ki, eyni n\u00f6mr\u0259l\u0259ri bir ne\u00e7\u0259 ma\u015f\u0131n\u0131n \u00fcz\u0259rin\u0259 d\u0259 yap\u0131\u015fd\u0131rm\u0131\u015fd\u0131lar. Bu i\u015f \u00e7ox nizams\u0131z edilmi\u015fdi. Bu is\u0259 onu g\u00f6st\u0259rir ki, bu i\u015fi davam etdirm\u0259k, lakin \u00fcst\u00fcn\u00fc \u00f6rtm\u0259k ist\u0259yirl\u0259r. Bel\u0259 olduqda, bir aydan sonra biz art\u0131q r\u0259smi \u00fcsulla diplomatik nota verdik, \u0130ran\u0131n Az\u0259rbaycandak\u0131 s\u0259firi Xarici \u0130\u015fl\u0259r Nazirliyin\u0259 d\u0259v\u0259t edildi. \u015eikay\u0259tl\u0259rimiz ona bildirildi v\u0259 bu v\u0259ziyy\u0259t\u0259 son qoyulmas\u0131 xahi\u015f edildi. Bu avqust ay\u0131n\u0131n ortalar\u0131nda ba\u015f verib. Buna son qoyulaca\u011f\u0131na \u00fcmid edirdik. Lakin avqustun 11-d\u0259n sentyabr\u0131n 11-i aras\u0131nda 60-a yax\u0131n \u0130ran y\u00fck ma\u015f\u0131n\u0131 qanunsuz \u015f\u0259kild\u0259 Qaraba\u011fa h\u0259r\u0259k\u0259t etdi. Bunun qar\u015f\u0131s\u0131n\u0131 almaq \u00fc\u00e7\u00fcn art\u0131q praktik add\u0131mlara ke\u00e7dik\u201d.\n<\/p>\n<p>\n  \u0130lham \u018fliyev deyib ki, Az\u0259rbaycan\u0131n bu y\u00f6nd\u0259 davran\u0131\u015flar\u0131 v\u0259 h\u0259r\u0259k\u0259tl\u0259ri m\u0259suliyy\u0259t\u0259 sahibdir v\u0259 dostluq m\u00fcnasib\u0259tl\u0259rin\u0259 \u0259saslan\u0131r: \u201cBiz ilk d\u0259f\u0259 \u015fifahi x\u0259b\u0259rdarl\u0131q, ikinci d\u0259f\u0259 r\u0259smi qeyd, \u00fc\u00e7\u00fcnc\u00fc d\u0259f\u0259 yoxlama m\u0259nt\u0259q\u0259l\u0259ri, g\u00f6mr\u00fck, s\u0259rh\u0259d, polis. Bel\u0259likl\u0259, biz Az\u0259rbaycan \u0259razisind\u0259n ke\u00e7\u0259n yola n\u0259zar\u0259t etm\u0259y\u0259 ba\u015flad\u0131q v\u0259 bunun ard\u0131nca Qaraba\u011fa ged\u0259n y\u00fck ma\u015f\u0131nlar\u0131n\u0131n say\u0131 s\u0131f\u0131ra endi\u201d.\n<\/p>\n<p>\n  \u201cM\u0259s\u0259l\u0259ni bura q\u0259d\u0259r g\u0259tirm\u0259k laz\u0131m idi? Orada, rus s\u00fclhm\u0259raml\u0131lar\u0131n\u0131n n\u0259zar\u0259tind\u0259ki Qaraba\u011f b\u00f6lg\u0259sind\u0259 \u00fcmumi 25 min insan ya\u015fay\u0131r. Bu bazar bu q\u0259d\u0259rmi \u00f6n\u0259mlidir? Bu ticar\u0259t dost v\u0259 qarda\u015f olaraq g\u00f6rd\u00fcy\u00fcn \u00f6lk\u0259y\u0259 a\u00e7\u0131qca h\u00f6rm\u0259tsizlik ed\u0259c\u0259k q\u0259d\u0259rmi \u00f6n\u0259mlidir? T\u0259bii ki, biz beyn\u0259lxalq konvensiyalar v\u0259 beyn\u0259lxalq h\u00fcquqla m\u00fc\u0259yy\u0259n edilmi\u015f b\u00fct\u00fcn imkanlardan istifad\u0259 etmi\u015fik. B\u0259zil\u0259ri deyir ki, sad\u0259c\u0259, \u0130ran ma\u015f\u0131nlar\u0131ndan g\u00f6mr\u00fck vergisi al\u0131r\u0131q. Biz xarici \u00f6lk\u0259y\u0259 getdikd\u0259 g\u00f6mr\u00fck vergisi \u00f6d\u0259yirik. Onlar da Az\u0259rbaycan torpaqlar\u0131ndan istifad\u0259 edirs\u0259 vergi \u00f6d\u0259m\u0259lidir\u201d, &#8211; dey\u0259 \u0130lham \u018fliyev bildirib.\n<\/p>\n<p>\n  \u00d6lk\u0259 ba\u015f\u00e7\u0131s\u0131 \u0130ran\u0131n Az\u0259rbaycanla s\u0259rh\u0259dd\u0259 h\u0259rbi t\u0259liml\u0259r ke\u00e7irm\u0259sin\u0259 d\u0259 toxunub.\n<\/p>\n<p>\n  O bildirib ki, \u0259vv\u0259ll\u0259r bel\u0259 hal m\u00fc\u015fahid\u0259 edilm\u0259yib: \u201cS\u0259rh\u0259dimizin yax\u0131nl\u0131\u011f\u0131nda \u0130ran t\u0259r\u0259find\u0259n ke\u00e7iril\u0259n h\u0259rbi t\u0259lim\u0259 g\u0259linc\u0259, bu, \u00e7ox t\u0259\u0259cc\u00fcbl\u00fc hadis\u0259dir. \u00c7\u00fcnki 30 illik m\u00fcst\u0259qillik d\u00f6vr\u00fcnd\u0259 bel\u0259 hadis\u0259l\u0259r ba\u015f verm\u0259mi\u015fdi. \u0130lk n\u00f6vb\u0259d\u0259 dem\u0259liy\u0259m ki, h\u0259r bir \u00f6lk\u0259 \u00f6z \u0259razisind\u0259 ist\u0259diyi h\u0259rbi t\u0259limi ke\u00e7ir\u0259 bil\u0259r. Bu, onun suveren haqq\u0131d\u0131r. Buna he\u00e7 kim bir s\u00f6z dey\u0259 bilm\u0259z. Lakin bunu bir zaman k\u0259simind\u0259 t\u0259hlil etdikd\u0259, bunun he\u00e7 vaxt ba\u015f verm\u0259diyini g\u00f6r\u00fcr\u00fck. Niy\u0259 indi v\u0259 niy\u0259 bizim s\u0259rh\u0259dimizd\u0259? Bu suallar\u0131 m\u0259n deyil, Az\u0259rbaycan c\u0259miyy\u0259ti soru\u015fur. Bu sual\u0131 d\u00fcnyadak\u0131 az\u0259rbaycanl\u0131lar verir&quot;.\n<\/p>\n<p>\n  &quot;Bir sual daha verilir ki, niy\u0259 i\u015f\u011fal d\u00f6vr\u00fcnd\u0259 o b\u00f6lg\u0259d\u0259 t\u0259lim ke\u00e7irilmirdi? Niy\u0259 erm\u0259nil\u0259rin C\u0259bray\u0131l, Z\u0259ngilan v\u0259 F\u00fczulid\u0259 oldu\u011fu d\u00f6vrd\u0259 t\u0259lim t\u0259\u015fkil olunmurdu? N\u0259y\u0259 g\u00f6r\u0259 biz bu torpaqlar\u0131 azad etdikd\u0259n, 30 illik \u0259sar\u0259t v\u0259 i\u015f\u011fala son qoyduqdan sonra bu edilir? Bu suallar haql\u0131 suallard\u0131r. \u018flb\u0259tt\u0259, biz b\u00f6lg\u0259d\u0259 uzunm\u00fcdd\u0259tli \u0259m\u0259kda\u015fl\u0131\u011fa z\u0259rb\u0259 vuracaq he\u00e7 bir v\u0259ziyy\u0259tin olmas\u0131n\u0131 ist\u0259mirik. Bir daha dem\u0259k ist\u0259yir\u0259m, Az\u0259rbaycan burada da \u00e7ox m\u0259suliyy\u0259tli v\u0259 \u00f6l\u00e7\u00fcl\u00fc davran\u0131r. Bizim haql\u0131 add\u0131mlar\u0131m\u0131za qar\u015f\u0131 g\u00f6st\u0259ril\u0259n emosional reaksiyalar\u0131n m\u00fcv\u0259qq\u0259ti olaca\u011f\u0131na \u00fcmid edir\u0259m\u201d, &#8211; dey\u0259 \u00f6lk\u0259 ba\u015f\u00e7\u0131s\u0131 qeyd edib.<\/p>\n","protected":false},"excerpt":{"rendered":"<p>&#8220;\u201cBiz ilk d\u0259f\u0259 \u015fifahi x\u0259b\u0259rdarl\u0131q, ikinci d\u0259f\u0259 r\u0259smi qeyd, \u00fc\u00e7\u00fcnc\u00fc d\u0259f\u0259 yoxlama m\u0259nt\u0259q\u0259l\u0259ri, g\u00f6mr\u00fck, s\u0259rh\u0259d, polis&#8221;<\/p>\n","protected":false},"author":11,"featured_media":210490,"comment_status":"closed","ping_status":"open","sticky":false,"template":"","format":"standard","meta":{"_acf_changed":false,"_sitemap_exclude":false,"_sitemap_priority":"","_sitemap_frequency":"","footnotes":""},"categories":[59],"tags":[],"class_list":["post-213017","post","type-post","status-publish","format-standard","has-post-thumbnail","hentry","category-siyaset","infinite-scroll-item","generate-columns","tablet-grid-50","mobile-grid-100","grid-parent","grid-33","no-featured-image-padding"],"acf":[],"yoast_head":"<!-- This site is optimized with the Yoast SEO plugin v27.5 - https:\/\/yoast.com\/product\/yoast-seo-wordpress\/ -->\n<title>\u0130lham \u018fliyev: O \u0259razil\u0259r i\u015f\u011falda olanda \u0130ran niy\u0259 h\u0259rbi t\u0259lim ke\u00e7irmirdi? - MEYDAN.TV<\/title>\n<meta name=\"robots\" content=\"index, follow, max-snippet:-1, max-image-preview:large, max-video-preview:-1\" \/>\n<link rel=\"canonical\" href=\"https:\/\/www.meydan.tv\/az\/article\/ilham-eliyev-o-eraziler-isgalda-olanda-iran-niye-herbi-telim-kecirmirdi\/\" \/>\n<meta property=\"og:locale\" content=\"az_AZ\" \/>\n<meta property=\"og:type\" content=\"article\" \/>\n<meta property=\"og:title\" content=\"\u0130lham \u018fliyev: O \u0259razil\u0259r i\u015f\u011falda olanda \u0130ran niy\u0259 h\u0259rbi t\u0259lim ke\u00e7irmirdi? - MEYDAN.TV\" \/>\n<meta property=\"og:description\" content=\"&quot;\u201cBiz ilk d\u0259f\u0259 \u015fifahi x\u0259b\u0259rdarl\u0131q, ikinci d\u0259f\u0259 r\u0259smi qeyd, \u00fc\u00e7\u00fcnc\u00fc d\u0259f\u0259 yoxlama m\u0259nt\u0259q\u0259l\u0259ri, g\u00f6mr\u00fck, s\u0259rh\u0259d, polis&quot;\" \/>\n<meta property=\"og:url\" content=\"https:\/\/www.meydan.tv\/az\/article\/ilham-eliyev-o-eraziler-isgalda-olanda-iran-niye-herbi-telim-kecirmirdi\/\" \/>\n<meta property=\"og:site_name\" content=\"MEYDAN.TV\" \/>\n<meta property=\"article:published_time\" content=\"2021-09-27T13:17:03+00:00\" \/>\n<meta property=\"og:image\" content=\"https:\/\/www.meydan.tv\/wp-content\/uploads\/2021_09_aliyev27.jpg\" \/>\n\t<meta property=\"og:image:width\" content=\"1120\" \/>\n\t<meta property=\"og:image:height\" content=\"630\" \/>\n\t<meta property=\"og:image:type\" content=\"image\/jpeg\" \/>\n<meta name=\"author\" content=\"user-manager\" \/>\n<meta name=\"twitter:card\" content=\"summary_large_image\" \/>\n<script type=\"application\/ld+json\" class=\"yoast-schema-graph\">{\"@context\":\"https:\\\/\\\/schema.org\",\"@graph\":[{\"@type\":\"Article\",\"@id\":\"https:\\\/\\\/www.meydan.tv\\\/az\\\/article\\\/ilham-eliyev-o-eraziler-isgalda-olanda-iran-niye-herbi-telim-kecirmirdi\\\/#article\",\"isPartOf\":{\"@id\":\"https:\\\/\\\/www.meydan.tv\\\/az\\\/article\\\/ilham-eliyev-o-eraziler-isgalda-olanda-iran-niye-herbi-telim-kecirmirdi\\\/\"},\"author\":{\"name\":\"user-manager\",\"@id\":\"https:\\\/\\\/www.meydan.tv\\\/az\\\/#\\\/schema\\\/person\\\/10d11eccf6da3662cf5fdab9806ea91a\"},\"headline\":\"\u0130lham \u018fliyev: O \u0259razil\u0259r i\u015f\u011falda olanda \u0130ran niy\u0259 h\u0259rbi t\u0259lim ke\u00e7irmirdi?\",\"datePublished\":\"2021-09-27T13:17:03+00:00\",\"mainEntityOfPage\":{\"@id\":\"https:\\\/\\\/www.meydan.tv\\\/az\\\/article\\\/ilham-eliyev-o-eraziler-isgalda-olanda-iran-niye-herbi-telim-kecirmirdi\\\/\"},\"wordCount\":1154,\"publisher\":{\"@id\":\"https:\\\/\\\/www.meydan.tv\\\/az\\\/#organization\"},\"image\":{\"@id\":\"https:\\\/\\\/www.meydan.tv\\\/az\\\/article\\\/ilham-eliyev-o-eraziler-isgalda-olanda-iran-niye-herbi-telim-kecirmirdi\\\/#primaryimage\"},\"thumbnailUrl\":\"https:\\\/\\\/www.meydan.tv\\\/wp-content\\\/uploads\\\/2021_09_aliyev27.jpg\",\"articleSection\":[\"Siyas\u0259t\"],\"inLanguage\":\"az\"},{\"@type\":\"WebPage\",\"@id\":\"https:\\\/\\\/www.meydan.tv\\\/az\\\/article\\\/ilham-eliyev-o-eraziler-isgalda-olanda-iran-niye-herbi-telim-kecirmirdi\\\/\",\"url\":\"https:\\\/\\\/www.meydan.tv\\\/az\\\/article\\\/ilham-eliyev-o-eraziler-isgalda-olanda-iran-niye-herbi-telim-kecirmirdi\\\/\",\"name\":\"\u0130lham \u018fliyev: O \u0259razil\u0259r i\u015f\u011falda olanda \u0130ran niy\u0259 h\u0259rbi t\u0259lim ke\u00e7irmirdi? - MEYDAN.TV\",\"isPartOf\":{\"@id\":\"https:\\\/\\\/www.meydan.tv\\\/az\\\/#website\"},\"primaryImageOfPage\":{\"@id\":\"https:\\\/\\\/www.meydan.tv\\\/az\\\/article\\\/ilham-eliyev-o-eraziler-isgalda-olanda-iran-niye-herbi-telim-kecirmirdi\\\/#primaryimage\"},\"image\":{\"@id\":\"https:\\\/\\\/www.meydan.tv\\\/az\\\/article\\\/ilham-eliyev-o-eraziler-isgalda-olanda-iran-niye-herbi-telim-kecirmirdi\\\/#primaryimage\"},\"thumbnailUrl\":\"https:\\\/\\\/www.meydan.tv\\\/wp-content\\\/uploads\\\/2021_09_aliyev27.jpg\",\"datePublished\":\"2021-09-27T13:17:03+00:00\",\"breadcrumb\":{\"@id\":\"https:\\\/\\\/www.meydan.tv\\\/az\\\/article\\\/ilham-eliyev-o-eraziler-isgalda-olanda-iran-niye-herbi-telim-kecirmirdi\\\/#breadcrumb\"},\"inLanguage\":\"az\",\"potentialAction\":[{\"@type\":\"ReadAction\",\"target\":[\"https:\\\/\\\/www.meydan.tv\\\/az\\\/article\\\/ilham-eliyev-o-eraziler-isgalda-olanda-iran-niye-herbi-telim-kecirmirdi\\\/\"]}]},{\"@type\":\"ImageObject\",\"inLanguage\":\"az\",\"@id\":\"https:\\\/\\\/www.meydan.tv\\\/az\\\/article\\\/ilham-eliyev-o-eraziler-isgalda-olanda-iran-niye-herbi-telim-kecirmirdi\\\/#primaryimage\",\"url\":\"https:\\\/\\\/www.meydan.tv\\\/wp-content\\\/uploads\\\/2021_09_aliyev27.jpg\",\"contentUrl\":\"https:\\\/\\\/www.meydan.tv\\\/wp-content\\\/uploads\\\/2021_09_aliyev27.jpg\",\"width\":1120,\"height\":630,\"caption\":\"Source: Specify Source\"},{\"@type\":\"BreadcrumbList\",\"@id\":\"https:\\\/\\\/www.meydan.tv\\\/az\\\/article\\\/ilham-eliyev-o-eraziler-isgalda-olanda-iran-niye-herbi-telim-kecirmirdi\\\/#breadcrumb\",\"itemListElement\":[{\"@type\":\"ListItem\",\"position\":1,\"name\":\"Ana s\u0259hif\u0259\",\"item\":\"https:\\\/\\\/www.meydan.tv\\\/az\\\/\"},{\"@type\":\"ListItem\",\"position\":2,\"name\":\"Siyas\u0259t\",\"item\":\"https:\\\/\\\/www.meydan.tv\\\/az\\\/section\\\/siyaset\\\/\"},{\"@type\":\"ListItem\",\"position\":3,\"name\":\"\u0130lham \u018fliyev: O \u0259razil\u0259r i\u015f\u011falda olanda \u0130ran niy\u0259 h\u0259rbi t\u0259lim ke\u00e7irmirdi?\"}]},{\"@type\":\"WebSite\",\"@id\":\"https:\\\/\\\/www.meydan.tv\\\/az\\\/#website\",\"url\":\"https:\\\/\\\/www.meydan.tv\\\/az\\\/\",\"name\":\"MEYDAN.TV\",\"description\":\"Meydan TV Az\u0259rbaycan\u0131n media m\u0259kan\u0131ndak\u0131 alternativ s\u0259sidir\",\"publisher\":{\"@id\":\"https:\\\/\\\/www.meydan.tv\\\/az\\\/#organization\"},\"potentialAction\":[{\"@type\":\"SearchAction\",\"target\":{\"@type\":\"EntryPoint\",\"urlTemplate\":\"https:\\\/\\\/www.meydan.tv\\\/az\\\/?s={search_term_string}\"},\"query-input\":{\"@type\":\"PropertyValueSpecification\",\"valueRequired\":true,\"valueName\":\"search_term_string\"}}],\"inLanguage\":\"az\"},{\"@type\":\"Organization\",\"@id\":\"https:\\\/\\\/www.meydan.tv\\\/az\\\/#organization\",\"name\":\"Meydan TV\",\"url\":\"https:\\\/\\\/www.meydan.tv\\\/az\\\/\",\"logo\":{\"@type\":\"ImageObject\",\"inLanguage\":\"az\",\"@id\":\"https:\\\/\\\/www.meydan.tv\\\/az\\\/#\\\/schema\\\/logo\\\/image\\\/\",\"url\":\"https:\\\/\\\/www.meydan.tv\\\/wp-content\\\/uploads\\\/2021\\\/07\\\/meydan-logo.svg\",\"contentUrl\":\"https:\\\/\\\/www.meydan.tv\\\/wp-content\\\/uploads\\\/2021\\\/07\\\/meydan-logo.svg\",\"width\":195,\"height\":46,\"caption\":\"Meydan TV\"},\"image\":{\"@id\":\"https:\\\/\\\/www.meydan.tv\\\/az\\\/#\\\/schema\\\/logo\\\/image\\\/\"}},{\"@type\":\"Person\",\"@id\":\"https:\\\/\\\/www.meydan.tv\\\/az\\\/#\\\/schema\\\/person\\\/10d11eccf6da3662cf5fdab9806ea91a\",\"name\":\"user-manager\"}]}<\/script>\n<!-- \/ Yoast SEO plugin. -->","yoast_head_json":{"title":"\u0130lham \u018fliyev: O \u0259razil\u0259r i\u015f\u011falda olanda \u0130ran niy\u0259 h\u0259rbi t\u0259lim ke\u00e7irmirdi? - MEYDAN.TV","robots":{"index":"index","follow":"follow","max-snippet":"max-snippet:-1","max-image-preview":"max-image-preview:large","max-video-preview":"max-video-preview:-1"},"canonical":"https:\/\/www.meydan.tv\/az\/article\/ilham-eliyev-o-eraziler-isgalda-olanda-iran-niye-herbi-telim-kecirmirdi\/","og_locale":"az_AZ","og_type":"article","og_title":"\u0130lham \u018fliyev: O \u0259razil\u0259r i\u015f\u011falda olanda \u0130ran niy\u0259 h\u0259rbi t\u0259lim ke\u00e7irmirdi? - MEYDAN.TV","og_description":"\"\u201cBiz ilk d\u0259f\u0259 \u015fifahi x\u0259b\u0259rdarl\u0131q, ikinci d\u0259f\u0259 r\u0259smi qeyd, \u00fc\u00e7\u00fcnc\u00fc d\u0259f\u0259 yoxlama m\u0259nt\u0259q\u0259l\u0259ri, g\u00f6mr\u00fck, s\u0259rh\u0259d, polis\"","og_url":"https:\/\/www.meydan.tv\/az\/article\/ilham-eliyev-o-eraziler-isgalda-olanda-iran-niye-herbi-telim-kecirmirdi\/","og_site_name":"MEYDAN.TV","article_published_time":"2021-09-27T13:17:03+00:00","og_image":[{"width":1120,"height":630,"url":"https:\/\/www.meydan.tv\/wp-content\/uploads\/2021_09_aliyev27.jpg","type":"image\/jpeg"}],"author":"user-manager","twitter_card":"summary_large_image","schema":{"@context":"https:\/\/schema.org","@graph":[{"@type":"Article","@id":"https:\/\/www.meydan.tv\/az\/article\/ilham-eliyev-o-eraziler-isgalda-olanda-iran-niye-herbi-telim-kecirmirdi\/#article","isPartOf":{"@id":"https:\/\/www.meydan.tv\/az\/article\/ilham-eliyev-o-eraziler-isgalda-olanda-iran-niye-herbi-telim-kecirmirdi\/"},"author":{"name":"user-manager","@id":"https:\/\/www.meydan.tv\/az\/#\/schema\/person\/10d11eccf6da3662cf5fdab9806ea91a"},"headline":"\u0130lham \u018fliyev: O \u0259razil\u0259r i\u015f\u011falda olanda \u0130ran niy\u0259 h\u0259rbi t\u0259lim ke\u00e7irmirdi?","datePublished":"2021-09-27T13:17:03+00:00","mainEntityOfPage":{"@id":"https:\/\/www.meydan.tv\/az\/article\/ilham-eliyev-o-eraziler-isgalda-olanda-iran-niye-herbi-telim-kecirmirdi\/"},"wordCount":1154,"publisher":{"@id":"https:\/\/www.meydan.tv\/az\/#organization"},"image":{"@id":"https:\/\/www.meydan.tv\/az\/article\/ilham-eliyev-o-eraziler-isgalda-olanda-iran-niye-herbi-telim-kecirmirdi\/#primaryimage"},"thumbnailUrl":"https:\/\/www.meydan.tv\/wp-content\/uploads\/2021_09_aliyev27.jpg","articleSection":["Siyas\u0259t"],"inLanguage":"az"},{"@type":"WebPage","@id":"https:\/\/www.meydan.tv\/az\/article\/ilham-eliyev-o-eraziler-isgalda-olanda-iran-niye-herbi-telim-kecirmirdi\/","url":"https:\/\/www.meydan.tv\/az\/article\/ilham-eliyev-o-eraziler-isgalda-olanda-iran-niye-herbi-telim-kecirmirdi\/","name":"\u0130lham \u018fliyev: O \u0259razil\u0259r i\u015f\u011falda olanda \u0130ran niy\u0259 h\u0259rbi t\u0259lim ke\u00e7irmirdi? - MEYDAN.TV","isPartOf":{"@id":"https:\/\/www.meydan.tv\/az\/#website"},"primaryImageOfPage":{"@id":"https:\/\/www.meydan.tv\/az\/article\/ilham-eliyev-o-eraziler-isgalda-olanda-iran-niye-herbi-telim-kecirmirdi\/#primaryimage"},"image":{"@id":"https:\/\/www.meydan.tv\/az\/article\/ilham-eliyev-o-eraziler-isgalda-olanda-iran-niye-herbi-telim-kecirmirdi\/#primaryimage"},"thumbnailUrl":"https:\/\/www.meydan.tv\/wp-content\/uploads\/2021_09_aliyev27.jpg","datePublished":"2021-09-27T13:17:03+00:00","breadcrumb":{"@id":"https:\/\/www.meydan.tv\/az\/article\/ilham-eliyev-o-eraziler-isgalda-olanda-iran-niye-herbi-telim-kecirmirdi\/#breadcrumb"},"inLanguage":"az","potentialAction":[{"@type":"ReadAction","target":["https:\/\/www.meydan.tv\/az\/article\/ilham-eliyev-o-eraziler-isgalda-olanda-iran-niye-herbi-telim-kecirmirdi\/"]}]},{"@type":"ImageObject","inLanguage":"az","@id":"https:\/\/www.meydan.tv\/az\/article\/ilham-eliyev-o-eraziler-isgalda-olanda-iran-niye-herbi-telim-kecirmirdi\/#primaryimage","url":"https:\/\/www.meydan.tv\/wp-content\/uploads\/2021_09_aliyev27.jpg","contentUrl":"https:\/\/www.meydan.tv\/wp-content\/uploads\/2021_09_aliyev27.jpg","width":1120,"height":630,"caption":"Source: Specify Source"},{"@type":"BreadcrumbList","@id":"https:\/\/www.meydan.tv\/az\/article\/ilham-eliyev-o-eraziler-isgalda-olanda-iran-niye-herbi-telim-kecirmirdi\/#breadcrumb","itemListElement":[{"@type":"ListItem","position":1,"name":"Ana s\u0259hif\u0259","item":"https:\/\/www.meydan.tv\/az\/"},{"@type":"ListItem","position":2,"name":"Siyas\u0259t","item":"https:\/\/www.meydan.tv\/az\/section\/siyaset\/"},{"@type":"ListItem","position":3,"name":"\u0130lham \u018fliyev: O \u0259razil\u0259r i\u015f\u011falda olanda \u0130ran niy\u0259 h\u0259rbi t\u0259lim ke\u00e7irmirdi?"}]},{"@type":"WebSite","@id":"https:\/\/www.meydan.tv\/az\/#website","url":"https:\/\/www.meydan.tv\/az\/","name":"MEYDAN.TV","description":"Meydan TV Az\u0259rbaycan\u0131n media m\u0259kan\u0131ndak\u0131 alternativ s\u0259sidir","publisher":{"@id":"https:\/\/www.meydan.tv\/az\/#organization"},"potentialAction":[{"@type":"SearchAction","target":{"@type":"EntryPoint","urlTemplate":"https:\/\/www.meydan.tv\/az\/?s={search_term_string}"},"query-input":{"@type":"PropertyValueSpecification","valueRequired":true,"valueName":"search_term_string"}}],"inLanguage":"az"},{"@type":"Organization","@id":"https:\/\/www.meydan.tv\/az\/#organization","name":"Meydan TV","url":"https:\/\/www.meydan.tv\/az\/","logo":{"@type":"ImageObject","inLanguage":"az","@id":"https:\/\/www.meydan.tv\/az\/#\/schema\/logo\/image\/","url":"https:\/\/www.meydan.tv\/wp-content\/uploads\/2021\/07\/meydan-logo.svg","contentUrl":"https:\/\/www.meydan.tv\/wp-content\/uploads\/2021\/07\/meydan-logo.svg","width":195,"height":46,"caption":"Meydan TV"},"image":{"@id":"https:\/\/www.meydan.tv\/az\/#\/schema\/logo\/image\/"}},{"@type":"Person","@id":"https:\/\/www.meydan.tv\/az\/#\/schema\/person\/10d11eccf6da3662cf5fdab9806ea91a","name":"user-manager"}]}},"_links":{"self":[{"href":"https:\/\/www.meydan.tv\/az\/wp-json\/wp\/v2\/posts\/213017","targetHints":{"allow":["GET"]}}],"collection":[{"href":"https:\/\/www.meydan.tv\/az\/wp-json\/wp\/v2\/posts"}],"about":[{"href":"https:\/\/www.meydan.tv\/az\/wp-json\/wp\/v2\/types\/post"}],"author":[{"embeddable":true,"href":"https:\/\/www.meydan.tv\/az\/wp-json\/wp\/v2\/users\/11"}],"replies":[{"embeddable":true,"href":"https:\/\/www.meydan.tv\/az\/wp-json\/wp\/v2\/comments?post=213017"}],"version-history":[{"count":0,"href":"https:\/\/www.meydan.tv\/az\/wp-json\/wp\/v2\/posts\/213017\/revisions"}],"wp:featuredmedia":[{"embeddable":true,"href":"https:\/\/www.meydan.tv\/az\/wp-json\/wp\/v2\/media\/210490"}],"wp:attachment":[{"href":"https:\/\/www.meydan.tv\/az\/wp-json\/wp\/v2\/media?parent=213017"}],"wp:term":[{"taxonomy":"category","embeddable":true,"href":"https:\/\/www.meydan.tv\/az\/wp-json\/wp\/v2\/categories?post=213017"},{"taxonomy":"post_tag","embeddable":true,"href":"https:\/\/www.meydan.tv\/az\/wp-json\/wp\/v2\/tags?post=213017"}],"curies":[{"name":"wp","href":"https:\/\/api.w.org\/{rel}","templated":true}]}}