{"id":213014,"date":"2021-09-27T12:32:03","date_gmt":"2021-09-27T12:32:03","guid":{"rendered":"https:\/\/www.meydan.tv\/article\/kamaz-suruculeri-sikayetlerinin-arasdirilmadigini-deyir\/"},"modified":"2021-09-27T12:32:03","modified_gmt":"2021-09-27T12:32:03","slug":"kamaz-suruculeri-sikayetlerinin-arasdirilmadigini-deyir","status":"publish","type":"post","link":"https:\/\/www.meydan.tv\/az\/article\/kamaz-suruculeri-sikayetlerinin-arasdirilmadigini-deyir\/","title":{"rendered":"\u201cKamaz\u201d s\u00fcr\u00fcc\u00fcl\u0259ri \u015fikay\u0259tl\u0259rinin ara\u015fd\u0131r\u0131lmad\u0131\u011f\u0131n\u0131 deyir"},"content":{"rendered":"<p>\n  <i><br \/>\n    \u201c\u0130ndi h\u0259r haqs\u0131zl\u0131\u011fa g\u00f6r\u0259 prezidenti narahat ed\u0259k?\u201d<br \/>\n  <\/i>\n<\/p>\n<p>\n  \u201c1 ay i\u015fl\u0259dik, g\u00fcnd\u0259 az\u0131 200 km yol s\u00fcrd\u00fck, a\u011f\u0131r y\u00fck da\u015f\u0131d\u0131q, ax\u0131rda da v\u0259d edil\u0259n pulumuzu verm\u0259dil\u0259r. Polis\u0259 \u015fikay\u0259t etdik, aldad\u0131lm\u0131\u015f\u0131q dedik, \u201ci\u015fd\u0259 h\u0259r hans\u0131 d\u0259l\u0259duzluq \u0259m\u0259li yoxdur\u201d \u2013 dedil\u0259r. Aldad\u0131lm\u0131\u015f\u0131q, polis baxm\u0131r. Ba\u015fqa hara m\u00fcraci\u0259t ed\u0259k, bilmirik\u201d.\n<\/p>\n<p>\n  \u0130mi\u015flinin Soltanmuradl\u0131 k\u0259ndinin sakini Niyam\u0259ddin Camalov bel\u0259 deyir. O v\u0259 dig\u0259r 5 h\u0259mkar\u0131 polisin h\u0259r\u0259k\u0259tsizliyind\u0259n \u015fikay\u0259t\u00e7idir.\n<\/p>\n<p>\n  Niyam\u0259ddin Camalov y\u00fck ma\u015f\u0131n\u0131 s\u00fcr\u00fcc\u00fcs\u00fcd\u00fcr. Deyir, h\u0259mi\u015f\u0259 y\u00fck da\u015f\u0131mas\u0131 i\u015fi il\u0259 m\u0259\u015f\u011ful olan d\u0259llallar\u0131n k\u00f6m\u0259yi il\u0259 i\u015f tap\u0131b:\n<\/p>\n<p>\n  \u201cOnlar m\u00fcxt\u0259lif \u015firk\u0259tl\u0259rl\u0259, yaxud \u015f\u0259xsl\u0259rl\u0259 dan\u0131\u015f\u0131rd\u0131lar, raz\u0131la\u015f\u0131rd\u0131lar, biz i\u015fi g\u00f6r\u00fcrd\u00fck. Sonda da pulu al\u0131b biz\u0259 paylay\u0131rd\u0131. Bel\u0259c\u0259 ke\u00e7irdi h\u0259yat\u0131m\u0131z. Bir ara biz\u0259 \u0130mi\u015fli sakini F\u0259dai Abdullayev i\u015f tap\u0131rd\u0131. Bel\u0259c\u0259 onun tapd\u0131\u011f\u0131 3 i\u015fi g\u00f6rm\u00fc\u015fd\u00fck v\u0259 vaxt\u0131nda pulumuzu vermi\u015fdi. D\u00fczd\u00fcr, ham\u0131s\u0131 x\u0131rda i\u015fl\u0259r idi, ancaq ail\u0259mizi doland\u0131rmaq \u00fc\u00e7\u00fcn raz\u0131la\u015f\u0131rd\u0131q. 4-c\u00fc d\u0259f\u0259 biz\u0259 b\u00f6y\u00fck i\u015f t\u0259klif etdi. Pulu da \u00e7ox yax\u015f\u0131 idi, raz\u0131la\u015fd\u0131q. Araz\u0131n yeni qol-kanal\u0131n\u0131n tikintisi \u00fc\u00e7\u00fcn g\u00fcnl\u0259rl\u0259 qum, \u00e7\u0131nq\u0131l da\u015f\u0131d\u0131q. H\u0259r d\u0259f\u0259sind\u0259 d\u0259 100, b\u0259z\u0259n 200 km yol s\u00fcrd\u00fck. Ancaq sonda pulumuzu verm\u0259di\u201d.\n<\/p>\n<figure class=\"wp-block-image size-large\">\n  <img decoding=\"async\" src=\"https:\/\/www.meydan.tv\/az\/image00290-jpeg\/\" alt=\"image00290.jpeg\" class=\"wp-image-210496\"\/><figcaption>\n    Cabbar \u018fhm\u0259dov<br \/>\n  <\/figcaption><\/figure>\n<p>\n  Dig\u0259r \u015fikay\u0259t\u00e7i v\u0259 aldad\u0131ld\u0131\u011f\u0131n\u0131 dey\u0259n \u0130mi\u015flinin Xubyarl\u0131 k\u0259ndinin sakini Cabbar \u018fhm\u0259dov deyir ki, \u0259lind\u0259 da\u015f\u0131d\u0131\u011f\u0131 y\u00fckl\u0259rin q\u0259bzl\u0259ri d\u0259 var, ancaq he\u00e7 n\u0259yi s\u00fcbut ed\u0259 bilmir:\n<\/p>\n<p>\n  \u201cEl\u0259 b\u00fct\u00fcn s\u0259n\u0259dl\u0259rl\u0259 \u00f6t\u0259n il polis\u0259 m\u00fcraci\u0259t etdik. Ara\u015fd\u0131rd\u0131lar, adam\u0131 \u00e7a\u011f\u0131rd\u0131lar, n\u0259 dan\u0131\u015fd\u0131lar, n\u0259 dan\u0131\u015fmad\u0131lar biz\u0259 dedil\u0259r ki, i\u015fd\u0259 d\u0259l\u0259duzluq \u0259m\u0259li yoxdur. F\u0259dai Abdullayev d\u0259 biz\u0259 h\u0259min g\u00fcn polis idar\u0259sinin qar\u015f\u0131s\u0131nda s\u00f6z verdi ki, 20 g\u00fcn\u0259 pulumuzu qaytaracaq. \u00dcst\u00fcnd\u0259n 1 il ke\u00e7ib, h\u0259l\u0259 d\u0259 pulumuzu ala bilm\u0259mi\u015fik. \u00dcst\u0259lik, daha hara m\u00fcraci\u0259t ed\u0259c\u0259yimizi d\u0259 bilmirik\u201d.\n<\/p>\n<p>\n  Cabbar \u018fhm\u0259dov bildirir ki, haz\u0131rda \u00e7ox i\u015fi olmur. Pandemiya s\u0259b\u0259bind\u0259n i\u015f tapmaq \u00e7\u0259tinl\u0259\u015fib:\n<\/p>\n<p>\n  \u201cAil\u0259m 5 n\u0259f\u0259rd\u0259n ibar\u0259tdir, u\u015faqlar\u0131m var, probleml\u0259ri, ehtiyaclar\u0131 \u00e7oxdur. H\u0259min g\u00f6rd\u00fcy\u00fcm i\u015fd\u0259n d\u0259 alaca\u011f\u0131m pul az deyil, 2000 manat yax\u0131nd\u0131r. H\u0259min pul m\u0259nim ail\u0259min 4-5 ayl\u0131q dolan\u0131\u015f\u0131\u011f\u0131d\u0131r. \u00dcmumi 6 n\u0259f\u0259r\u0259 ver\u0259c\u0259yi pul is\u0259 9 mind\u0259n \u00e7oxdur. Bunun ad\u0131 d\u0259l\u0259duzluq deyils\u0259, n\u0259dir? Polis i\u015fd\u0259 n\u0259d\u0259ns\u0259 cinay\u0259t \u0259m\u0259li g\u00f6rm\u00fcr. Hara \u00fcz tutaq bilmirik\u201d.\n<\/p>\n<p>\n  \u015eikay\u0259t\u00e7il\u0259r bildirirl\u0259r ki, bir d\u0259f\u0259 y\u0131\u011f\u0131\u015f\u0131b i\u015f g\u00f6rd\u00fckl\u0259ri \u0259raziy\u0259 d\u0259 gedibl\u0259r:\n<\/p>\n<p>\n  \u201cOradak\u0131 m\u0259sul \u015f\u0259xsi tapd\u0131q, dedik ki, b\u0259s F\u0259dai biz\u0259 pul verm\u0259yib. Biz\u0259 dedil\u0259r ki, ona pul \u0259v\u0259zind\u0259 material veribl\u0259r, sat\u0131b bizim pullar\u0131m\u0131z\u0131 verm\u0259si \u00fc\u00e7\u00fcn. \u0130ndi o h\u0259min material\u0131 n\u0259 edib, onlar\u0131n bil\u0259c\u0259yi i\u015f deyil. H\u0259qiq\u0259t\u0259n d\u0259 onlar haqq-hesab\u0131 bitiribl\u0259r, \u015firk\u0259tin bir g\u00fcnah\u0131 yoxdur. Bu q\u0259d\u0259r s\u00fcbut, s\u0259n\u0259d var, ancaq polis i\u015fd\u0259 cinay\u0259t \u0259m\u0259li g\u00f6rm\u00fcr. Biz d\u0259 qalm\u0131\u015f\u0131q pis durumda. Kas\u0131b adamlar\u0131q, bizim \u00fc\u00e7\u00fcn bu v\u0259sait b\u00f6y\u00fck m\u0259bl\u0259\u011fdir. N\u0259 ed\u0259k, hara ged\u0259k? H\u0259r haqs\u0131zl\u0131\u011fa g\u00f6r\u0259 Prezidenti narahat ed\u0259k?\u201d\n<\/p>\n<figure class=\"wp-block-image size-large\">\n  <img decoding=\"async\" src=\"https:\/\/www.meydan.tv\/az\/image00285-jpeg\/\" alt=\"image00285.jpeg\" class=\"wp-image-210499\"\/><figcaption>\n    Mirdam\u0259d Abdullayev<br \/>\n  <\/figcaption><\/figure>\n<p>\n  Mirdam\u0259d Abdullayevin d\u0259 g\u00f6r\u00fcl\u0259n i\u015fd\u0259n 1500 manatdan \u00e7ox alaca\u011f\u0131 var. Deyir: \u201cArt\u0131q \u0259limi \u00fczm\u00fc\u015f\u0259m, \u00e7\u00fcnki \u015fikay\u0259timiz\u0259 baxan, bizi sayan yoxdur\u201d.\n<\/p>\n<p>\n  Mirdam\u0259d Abdullayevin s\u00f6zl\u0259rin\u0259 g\u00f6r\u0259, a\u011f\u0131r y\u00fck avtomobili s\u00fcrm\u0259k, y\u00fck da\u015f\u0131maq asan i\u015f deyil, xeyli z\u0259hm\u0259t t\u0259l\u0259b edir:\n<\/p>\n<p>\n  \u201cH\u0259min i\u015f\u0259 g\u00f6r\u0259 d\u0259 g\u00fcnl\u0259rl\u0259 s\u00fckan arxas\u0131nda oturmu\u015fuq. Bu, insafs\u0131zl\u0131qd\u0131r. Biz aln\u0131m\u0131z\u0131n t\u0259ri il\u0259 pul qazanan adamlar\u0131q. \u0130ndi bizi aldad\u0131blar, t\u0259\u0259ss\u00fcf ki, bu, he\u00e7 kimin vecin\u0259 deyil. O i\u015fi g\u00f6rm\u0259k \u00fc\u00e7\u00fcn m\u0259n h\u0259r g\u00fcn 100-200 kilometr yol q\u0259t etmi\u015f\u0259m. \u00c7\u0259tindir, y\u00fckl\u0259nir, da\u015f\u0131n\u0131r v\u0259 \u00fcnvana \u00e7atd\u0131r\u0131l\u0131r. S\u00fcr\u00fcc\u00fcy\u00fck, h\u0259r\u0259mizin bir k\u00f6hn\u0259 \u201cKamaz\u201d\u0131m\u0131z var, onunla h\u0259yat\u0131m\u0131z\u0131 qazan\u0131r\u0131q. Ail\u0259l\u0259rimizi n\u0259z\u0259r\u0259 alanda, h\u0259min \u015f\u0259xs 6 n\u0259f\u0259ri yox, 30-40 n\u0259f\u0259rin haqq\u0131n\u0131 yeyib\u201d.\n<\/p>\n<p>\n  \u0130mi\u015fli Rayon Polis \u015e\u00f6b\u0259sind\u0259n Meydan TV-y\u0259 bildirilib ki, h\u0259min \u015f\u0259xsl\u0259r onlara m\u00fcraci\u0259t edib, aldad\u0131ld\u0131qlar\u0131n\u0131 bildibl\u0259r. Ancaq i\u015f ara\u015fd\u0131r\u0131l\u0131b v\u0259 ortada d\u0259l\u0259duzluq fakt\u0131n\u0131n olmad\u0131\u011f\u0131 \u00fcz\u0259 \u00e7\u0131x\u0131b:\n<\/p>\n<p>\n  \u201cBiz \u015fikay\u0259t\u00e7il\u0259r\u0259 m\u0259sl\u0259h\u0259t g\u00f6rd\u00fck ki, gedib haqlar\u0131n\u0131 m\u0259hk\u0259m\u0259d\u0259 axtars\u0131nlar. G\u00f6r\u00fcn\u00fcr m\u0259hk\u0259m\u0259y\u0259 m\u00fcraci\u0259t etm\u0259k ist\u0259m\u0259yibl\u0259r. Bu i\u015fd\u0259 polislik bir \u015fey yoxdur, m\u0259hk\u0259m\u0259likdir\u201d.<\/p>\n","protected":false},"excerpt":{"rendered":"<p>Deyir: \u201cArt\u0131q \u0259limi \u00fczm\u00fc\u015f\u0259m, \u00e7\u00fcnki \u015fikay\u0259timiz\u0259 baxan, bizi sayan yoxdur\u201d.<\/p>\n","protected":false},"author":11,"featured_media":210484,"comment_status":"closed","ping_status":"open","sticky":false,"template":"","format":"standard","meta":{"_acf_changed":false,"_sitemap_exclude":false,"_sitemap_priority":"","_sitemap_frequency":"","footnotes":""},"categories":[60],"tags":[],"class_list":["post-213014","post","type-post","status-publish","format-standard","has-post-thumbnail","hentry","category-bolge","infinite-scroll-item","generate-columns","tablet-grid-50","mobile-grid-100","grid-parent","grid-33","no-featured-image-padding"],"acf":[],"yoast_head":"<!-- This site is optimized with the Yoast SEO plugin v27.5 - https:\/\/yoast.com\/product\/yoast-seo-wordpress\/ -->\n<title>\u201cKamaz\u201d s\u00fcr\u00fcc\u00fcl\u0259ri \u015fikay\u0259tl\u0259rinin ara\u015fd\u0131r\u0131lmad\u0131\u011f\u0131n\u0131 deyir - MEYDAN.TV<\/title>\n<meta name=\"robots\" content=\"index, follow, max-snippet:-1, max-image-preview:large, max-video-preview:-1\" \/>\n<link rel=\"canonical\" href=\"https:\/\/www.meydan.tv\/az\/article\/kamaz-suruculeri-sikayetlerinin-arasdirilmadigini-deyir\/\" \/>\n<meta property=\"og:locale\" content=\"az_AZ\" \/>\n<meta property=\"og:type\" content=\"article\" \/>\n<meta property=\"og:title\" content=\"\u201cKamaz\u201d s\u00fcr\u00fcc\u00fcl\u0259ri \u015fikay\u0259tl\u0259rinin ara\u015fd\u0131r\u0131lmad\u0131\u011f\u0131n\u0131 deyir - MEYDAN.TV\" \/>\n<meta property=\"og:description\" content=\"Deyir: \u201cArt\u0131q \u0259limi \u00fczm\u00fc\u015f\u0259m, \u00e7\u00fcnki \u015fikay\u0259timiz\u0259 baxan, bizi sayan yoxdur\u201d.\" \/>\n<meta property=\"og:url\" content=\"https:\/\/www.meydan.tv\/az\/article\/kamaz-suruculeri-sikayetlerinin-arasdirilmadigini-deyir\/\" \/>\n<meta property=\"og:site_name\" content=\"MEYDAN.TV\" \/>\n<meta property=\"article:published_time\" content=\"2021-09-27T12:32:03+00:00\" \/>\n<meta property=\"og:image\" content=\"https:\/\/www.meydan.tv\/wp-content\/uploads\/image00292-scaled.jpeg\" \/>\n\t<meta property=\"og:image:width\" content=\"2560\" \/>\n\t<meta property=\"og:image:height\" content=\"1920\" \/>\n\t<meta property=\"og:image:type\" content=\"image\/jpeg\" \/>\n<meta name=\"author\" content=\"user-manager\" \/>\n<meta name=\"twitter:card\" content=\"summary_large_image\" \/>\n<script type=\"application\/ld+json\" class=\"yoast-schema-graph\">{\"@context\":\"https:\\\/\\\/schema.org\",\"@graph\":[{\"@type\":\"Article\",\"@id\":\"https:\\\/\\\/www.meydan.tv\\\/az\\\/article\\\/kamaz-suruculeri-sikayetlerinin-arasdirilmadigini-deyir\\\/#article\",\"isPartOf\":{\"@id\":\"https:\\\/\\\/www.meydan.tv\\\/az\\\/article\\\/kamaz-suruculeri-sikayetlerinin-arasdirilmadigini-deyir\\\/\"},\"author\":{\"name\":\"user-manager\",\"@id\":\"https:\\\/\\\/www.meydan.tv\\\/az\\\/#\\\/schema\\\/person\\\/10d11eccf6da3662cf5fdab9806ea91a\"},\"headline\":\"\u201cKamaz\u201d s\u00fcr\u00fcc\u00fcl\u0259ri \u015fikay\u0259tl\u0259rinin ara\u015fd\u0131r\u0131lmad\u0131\u011f\u0131n\u0131 deyir\",\"datePublished\":\"2021-09-27T12:32:03+00:00\",\"mainEntityOfPage\":{\"@id\":\"https:\\\/\\\/www.meydan.tv\\\/az\\\/article\\\/kamaz-suruculeri-sikayetlerinin-arasdirilmadigini-deyir\\\/\"},\"wordCount\":966,\"publisher\":{\"@id\":\"https:\\\/\\\/www.meydan.tv\\\/az\\\/#organization\"},\"image\":{\"@id\":\"https:\\\/\\\/www.meydan.tv\\\/az\\\/article\\\/kamaz-suruculeri-sikayetlerinin-arasdirilmadigini-deyir\\\/#primaryimage\"},\"thumbnailUrl\":\"https:\\\/\\\/www.meydan.tv\\\/wp-content\\\/uploads\\\/image00292-scaled.jpeg\",\"articleSection\":[\"B\u00f6lg\u0259\"],\"inLanguage\":\"az\"},{\"@type\":\"WebPage\",\"@id\":\"https:\\\/\\\/www.meydan.tv\\\/az\\\/article\\\/kamaz-suruculeri-sikayetlerinin-arasdirilmadigini-deyir\\\/\",\"url\":\"https:\\\/\\\/www.meydan.tv\\\/az\\\/article\\\/kamaz-suruculeri-sikayetlerinin-arasdirilmadigini-deyir\\\/\",\"name\":\"\u201cKamaz\u201d s\u00fcr\u00fcc\u00fcl\u0259ri \u015fikay\u0259tl\u0259rinin ara\u015fd\u0131r\u0131lmad\u0131\u011f\u0131n\u0131 deyir - MEYDAN.TV\",\"isPartOf\":{\"@id\":\"https:\\\/\\\/www.meydan.tv\\\/az\\\/#website\"},\"primaryImageOfPage\":{\"@id\":\"https:\\\/\\\/www.meydan.tv\\\/az\\\/article\\\/kamaz-suruculeri-sikayetlerinin-arasdirilmadigini-deyir\\\/#primaryimage\"},\"image\":{\"@id\":\"https:\\\/\\\/www.meydan.tv\\\/az\\\/article\\\/kamaz-suruculeri-sikayetlerinin-arasdirilmadigini-deyir\\\/#primaryimage\"},\"thumbnailUrl\":\"https:\\\/\\\/www.meydan.tv\\\/wp-content\\\/uploads\\\/image00292-scaled.jpeg\",\"datePublished\":\"2021-09-27T12:32:03+00:00\",\"breadcrumb\":{\"@id\":\"https:\\\/\\\/www.meydan.tv\\\/az\\\/article\\\/kamaz-suruculeri-sikayetlerinin-arasdirilmadigini-deyir\\\/#breadcrumb\"},\"inLanguage\":\"az\",\"potentialAction\":[{\"@type\":\"ReadAction\",\"target\":[\"https:\\\/\\\/www.meydan.tv\\\/az\\\/article\\\/kamaz-suruculeri-sikayetlerinin-arasdirilmadigini-deyir\\\/\"]}]},{\"@type\":\"ImageObject\",\"inLanguage\":\"az\",\"@id\":\"https:\\\/\\\/www.meydan.tv\\\/az\\\/article\\\/kamaz-suruculeri-sikayetlerinin-arasdirilmadigini-deyir\\\/#primaryimage\",\"url\":\"https:\\\/\\\/www.meydan.tv\\\/wp-content\\\/uploads\\\/image00292-scaled.jpeg\",\"contentUrl\":\"https:\\\/\\\/www.meydan.tv\\\/wp-content\\\/uploads\\\/image00292-scaled.jpeg\",\"width\":2560,\"height\":1920,\"caption\":\"Source: Specify Source\"},{\"@type\":\"BreadcrumbList\",\"@id\":\"https:\\\/\\\/www.meydan.tv\\\/az\\\/article\\\/kamaz-suruculeri-sikayetlerinin-arasdirilmadigini-deyir\\\/#breadcrumb\",\"itemListElement\":[{\"@type\":\"ListItem\",\"position\":1,\"name\":\"Ana s\u0259hif\u0259\",\"item\":\"https:\\\/\\\/www.meydan.tv\\\/az\\\/\"},{\"@type\":\"ListItem\",\"position\":2,\"name\":\"B\u00f6lg\u0259\",\"item\":\"https:\\\/\\\/www.meydan.tv\\\/az\\\/section\\\/bolge\\\/\"},{\"@type\":\"ListItem\",\"position\":3,\"name\":\"\u201cKamaz\u201d s\u00fcr\u00fcc\u00fcl\u0259ri \u015fikay\u0259tl\u0259rinin ara\u015fd\u0131r\u0131lmad\u0131\u011f\u0131n\u0131 deyir\"}]},{\"@type\":\"WebSite\",\"@id\":\"https:\\\/\\\/www.meydan.tv\\\/az\\\/#website\",\"url\":\"https:\\\/\\\/www.meydan.tv\\\/az\\\/\",\"name\":\"MEYDAN.TV\",\"description\":\"Meydan TV Az\u0259rbaycan\u0131n media m\u0259kan\u0131ndak\u0131 alternativ s\u0259sidir\",\"publisher\":{\"@id\":\"https:\\\/\\\/www.meydan.tv\\\/az\\\/#organization\"},\"potentialAction\":[{\"@type\":\"SearchAction\",\"target\":{\"@type\":\"EntryPoint\",\"urlTemplate\":\"https:\\\/\\\/www.meydan.tv\\\/az\\\/?s={search_term_string}\"},\"query-input\":{\"@type\":\"PropertyValueSpecification\",\"valueRequired\":true,\"valueName\":\"search_term_string\"}}],\"inLanguage\":\"az\"},{\"@type\":\"Organization\",\"@id\":\"https:\\\/\\\/www.meydan.tv\\\/az\\\/#organization\",\"name\":\"Meydan TV\",\"url\":\"https:\\\/\\\/www.meydan.tv\\\/az\\\/\",\"logo\":{\"@type\":\"ImageObject\",\"inLanguage\":\"az\",\"@id\":\"https:\\\/\\\/www.meydan.tv\\\/az\\\/#\\\/schema\\\/logo\\\/image\\\/\",\"url\":\"https:\\\/\\\/www.meydan.tv\\\/wp-content\\\/uploads\\\/2021\\\/07\\\/meydan-logo.svg\",\"contentUrl\":\"https:\\\/\\\/www.meydan.tv\\\/wp-content\\\/uploads\\\/2021\\\/07\\\/meydan-logo.svg\",\"width\":195,\"height\":46,\"caption\":\"Meydan TV\"},\"image\":{\"@id\":\"https:\\\/\\\/www.meydan.tv\\\/az\\\/#\\\/schema\\\/logo\\\/image\\\/\"}},{\"@type\":\"Person\",\"@id\":\"https:\\\/\\\/www.meydan.tv\\\/az\\\/#\\\/schema\\\/person\\\/10d11eccf6da3662cf5fdab9806ea91a\",\"name\":\"user-manager\"}]}<\/script>\n<!-- \/ Yoast SEO plugin. -->","yoast_head_json":{"title":"\u201cKamaz\u201d s\u00fcr\u00fcc\u00fcl\u0259ri \u015fikay\u0259tl\u0259rinin ara\u015fd\u0131r\u0131lmad\u0131\u011f\u0131n\u0131 deyir - MEYDAN.TV","robots":{"index":"index","follow":"follow","max-snippet":"max-snippet:-1","max-image-preview":"max-image-preview:large","max-video-preview":"max-video-preview:-1"},"canonical":"https:\/\/www.meydan.tv\/az\/article\/kamaz-suruculeri-sikayetlerinin-arasdirilmadigini-deyir\/","og_locale":"az_AZ","og_type":"article","og_title":"\u201cKamaz\u201d s\u00fcr\u00fcc\u00fcl\u0259ri \u015fikay\u0259tl\u0259rinin ara\u015fd\u0131r\u0131lmad\u0131\u011f\u0131n\u0131 deyir - MEYDAN.TV","og_description":"Deyir: \u201cArt\u0131q \u0259limi \u00fczm\u00fc\u015f\u0259m, \u00e7\u00fcnki \u015fikay\u0259timiz\u0259 baxan, bizi sayan yoxdur\u201d.","og_url":"https:\/\/www.meydan.tv\/az\/article\/kamaz-suruculeri-sikayetlerinin-arasdirilmadigini-deyir\/","og_site_name":"MEYDAN.TV","article_published_time":"2021-09-27T12:32:03+00:00","og_image":[{"width":2560,"height":1920,"url":"https:\/\/www.meydan.tv\/wp-content\/uploads\/image00292-scaled.jpeg","type":"image\/jpeg"}],"author":"user-manager","twitter_card":"summary_large_image","schema":{"@context":"https:\/\/schema.org","@graph":[{"@type":"Article","@id":"https:\/\/www.meydan.tv\/az\/article\/kamaz-suruculeri-sikayetlerinin-arasdirilmadigini-deyir\/#article","isPartOf":{"@id":"https:\/\/www.meydan.tv\/az\/article\/kamaz-suruculeri-sikayetlerinin-arasdirilmadigini-deyir\/"},"author":{"name":"user-manager","@id":"https:\/\/www.meydan.tv\/az\/#\/schema\/person\/10d11eccf6da3662cf5fdab9806ea91a"},"headline":"\u201cKamaz\u201d s\u00fcr\u00fcc\u00fcl\u0259ri \u015fikay\u0259tl\u0259rinin ara\u015fd\u0131r\u0131lmad\u0131\u011f\u0131n\u0131 deyir","datePublished":"2021-09-27T12:32:03+00:00","mainEntityOfPage":{"@id":"https:\/\/www.meydan.tv\/az\/article\/kamaz-suruculeri-sikayetlerinin-arasdirilmadigini-deyir\/"},"wordCount":966,"publisher":{"@id":"https:\/\/www.meydan.tv\/az\/#organization"},"image":{"@id":"https:\/\/www.meydan.tv\/az\/article\/kamaz-suruculeri-sikayetlerinin-arasdirilmadigini-deyir\/#primaryimage"},"thumbnailUrl":"https:\/\/www.meydan.tv\/wp-content\/uploads\/image00292-scaled.jpeg","articleSection":["B\u00f6lg\u0259"],"inLanguage":"az"},{"@type":"WebPage","@id":"https:\/\/www.meydan.tv\/az\/article\/kamaz-suruculeri-sikayetlerinin-arasdirilmadigini-deyir\/","url":"https:\/\/www.meydan.tv\/az\/article\/kamaz-suruculeri-sikayetlerinin-arasdirilmadigini-deyir\/","name":"\u201cKamaz\u201d s\u00fcr\u00fcc\u00fcl\u0259ri \u015fikay\u0259tl\u0259rinin ara\u015fd\u0131r\u0131lmad\u0131\u011f\u0131n\u0131 deyir - MEYDAN.TV","isPartOf":{"@id":"https:\/\/www.meydan.tv\/az\/#website"},"primaryImageOfPage":{"@id":"https:\/\/www.meydan.tv\/az\/article\/kamaz-suruculeri-sikayetlerinin-arasdirilmadigini-deyir\/#primaryimage"},"image":{"@id":"https:\/\/www.meydan.tv\/az\/article\/kamaz-suruculeri-sikayetlerinin-arasdirilmadigini-deyir\/#primaryimage"},"thumbnailUrl":"https:\/\/www.meydan.tv\/wp-content\/uploads\/image00292-scaled.jpeg","datePublished":"2021-09-27T12:32:03+00:00","breadcrumb":{"@id":"https:\/\/www.meydan.tv\/az\/article\/kamaz-suruculeri-sikayetlerinin-arasdirilmadigini-deyir\/#breadcrumb"},"inLanguage":"az","potentialAction":[{"@type":"ReadAction","target":["https:\/\/www.meydan.tv\/az\/article\/kamaz-suruculeri-sikayetlerinin-arasdirilmadigini-deyir\/"]}]},{"@type":"ImageObject","inLanguage":"az","@id":"https:\/\/www.meydan.tv\/az\/article\/kamaz-suruculeri-sikayetlerinin-arasdirilmadigini-deyir\/#primaryimage","url":"https:\/\/www.meydan.tv\/wp-content\/uploads\/image00292-scaled.jpeg","contentUrl":"https:\/\/www.meydan.tv\/wp-content\/uploads\/image00292-scaled.jpeg","width":2560,"height":1920,"caption":"Source: Specify Source"},{"@type":"BreadcrumbList","@id":"https:\/\/www.meydan.tv\/az\/article\/kamaz-suruculeri-sikayetlerinin-arasdirilmadigini-deyir\/#breadcrumb","itemListElement":[{"@type":"ListItem","position":1,"name":"Ana s\u0259hif\u0259","item":"https:\/\/www.meydan.tv\/az\/"},{"@type":"ListItem","position":2,"name":"B\u00f6lg\u0259","item":"https:\/\/www.meydan.tv\/az\/section\/bolge\/"},{"@type":"ListItem","position":3,"name":"\u201cKamaz\u201d s\u00fcr\u00fcc\u00fcl\u0259ri \u015fikay\u0259tl\u0259rinin ara\u015fd\u0131r\u0131lmad\u0131\u011f\u0131n\u0131 deyir"}]},{"@type":"WebSite","@id":"https:\/\/www.meydan.tv\/az\/#website","url":"https:\/\/www.meydan.tv\/az\/","name":"MEYDAN.TV","description":"Meydan TV Az\u0259rbaycan\u0131n media m\u0259kan\u0131ndak\u0131 alternativ s\u0259sidir","publisher":{"@id":"https:\/\/www.meydan.tv\/az\/#organization"},"potentialAction":[{"@type":"SearchAction","target":{"@type":"EntryPoint","urlTemplate":"https:\/\/www.meydan.tv\/az\/?s={search_term_string}"},"query-input":{"@type":"PropertyValueSpecification","valueRequired":true,"valueName":"search_term_string"}}],"inLanguage":"az"},{"@type":"Organization","@id":"https:\/\/www.meydan.tv\/az\/#organization","name":"Meydan TV","url":"https:\/\/www.meydan.tv\/az\/","logo":{"@type":"ImageObject","inLanguage":"az","@id":"https:\/\/www.meydan.tv\/az\/#\/schema\/logo\/image\/","url":"https:\/\/www.meydan.tv\/wp-content\/uploads\/2021\/07\/meydan-logo.svg","contentUrl":"https:\/\/www.meydan.tv\/wp-content\/uploads\/2021\/07\/meydan-logo.svg","width":195,"height":46,"caption":"Meydan TV"},"image":{"@id":"https:\/\/www.meydan.tv\/az\/#\/schema\/logo\/image\/"}},{"@type":"Person","@id":"https:\/\/www.meydan.tv\/az\/#\/schema\/person\/10d11eccf6da3662cf5fdab9806ea91a","name":"user-manager"}]}},"_links":{"self":[{"href":"https:\/\/www.meydan.tv\/az\/wp-json\/wp\/v2\/posts\/213014","targetHints":{"allow":["GET"]}}],"collection":[{"href":"https:\/\/www.meydan.tv\/az\/wp-json\/wp\/v2\/posts"}],"about":[{"href":"https:\/\/www.meydan.tv\/az\/wp-json\/wp\/v2\/types\/post"}],"author":[{"embeddable":true,"href":"https:\/\/www.meydan.tv\/az\/wp-json\/wp\/v2\/users\/11"}],"replies":[{"embeddable":true,"href":"https:\/\/www.meydan.tv\/az\/wp-json\/wp\/v2\/comments?post=213014"}],"version-history":[{"count":0,"href":"https:\/\/www.meydan.tv\/az\/wp-json\/wp\/v2\/posts\/213014\/revisions"}],"wp:featuredmedia":[{"embeddable":true,"href":"https:\/\/www.meydan.tv\/az\/wp-json\/wp\/v2\/media\/210484"}],"wp:attachment":[{"href":"https:\/\/www.meydan.tv\/az\/wp-json\/wp\/v2\/media?parent=213014"}],"wp:term":[{"taxonomy":"category","embeddable":true,"href":"https:\/\/www.meydan.tv\/az\/wp-json\/wp\/v2\/categories?post=213014"},{"taxonomy":"post_tag","embeddable":true,"href":"https:\/\/www.meydan.tv\/az\/wp-json\/wp\/v2\/tags?post=213014"}],"curies":[{"name":"wp","href":"https:\/\/api.w.org\/{rel}","templated":true}]}}