{"id":213009,"date":"2021-09-27T10:57:41","date_gmt":"2021-09-27T10:57:41","guid":{"rendered":"https:\/\/www.meydan.tv\/article\/koronavirusa-yolusmus-hekim-vefat-edib\/"},"modified":"2021-09-27T10:57:41","modified_gmt":"2021-09-27T10:57:41","slug":"koronavirusa-yolusmus-hekim-vefat-edib","status":"publish","type":"post","link":"https:\/\/www.meydan.tv\/az\/article\/koronavirusa-yolusmus-hekim-vefat-edib\/","title":{"rendered":"Koronavirusa yolu\u015fmu\u015f h\u0259kim v\u0259fat edib"},"content":{"rendered":"<p>\n  31 ya\u015fl\u0131 Ramil H\u0259s\u0259nlini xilas etm\u0259k m\u00fcmk\u00fcn olmay\u0131b\n<\/p>\n<p>\n  Daha bir h\u0259kim, 31 ya\u015fl\u0131 kordioloq Ramil H\u0259s\u0259nli koronavirusdan v\u0259fat edib.\n<\/p>\n<p>\n  Bu bar\u0259d\u0259 onun yax\u0131nlar\u0131 sosial \u015f\u0259b\u0259k\u0259d\u0259 m\u0259lumat yay\u0131blar.\n<\/p>\n<p>\n  Ramil H\u0259s\u0259nli koronavirusa yoluxandan sonra a\u011fciy\u0259rl\u0259rind\u0259 problem yaran\u0131b. O, Ankara Qazi Universiteti x\u0259st\u0259xanas\u0131nda COV\u0130D-19-dan sonra a\u011fciy\u0259rin z\u0259d\u0259l\u0259nm\u0259si diaqnozu il\u0259 m\u00fcalic\u0259 al\u0131rm\u0131\u015f. H\u0259kim m\u00fcalic\u0259si m\u00fcdd\u0259tind\u0259 t\u0259krar pnevmaniya ke\u00e7irmi\u015f v\u0259 v\u0259ziyy\u0259ti a\u011f\u0131rla\u015fm\u0131\u015fd\u0131. Bir m\u00fcdd\u0259tdir ki, h\u0259mkarlar\u0131 a\u011fciy\u0259r k\u00f6\u00e7\u00fcr\u00fclm\u0259sin\u0259 k\u00f6m\u0259klik edilm\u0259si m\u0259qs\u0259dil\u0259 yard\u0131m aksiyas\u0131 il\u0259 ba\u011fl\u0131 \u00e7a\u011fr\u0131\u015flar edirdil\u0259r. H\u0259s\u0259nli sentyabr\u0131n 25-d\u0259 ax\u015fam v\u0259fat edib.\n<\/p>\n<p>\n  Ramil H\u0259s\u0259nli Az\u0259rbaycan Tibb Universitetind\u0259 t\u0259hsil al\u0131b. Kliniki Tibbi M\u0259rk\u0259zd\u0259 (\u00abSema\u015fko) \u00e7al\u0131\u015f\u0131b. T\u00fcrkiy\u0259 Cumhuriy\u0259ti, Kocaeli Universitet X\u0259st\u0259xanas\u0131nda Kardiologiya \u015f\u00f6b\u0259sind\u0259 kardioloji servis, poliklinika, kardioloji reanimasiya, aritmalogiya \u015f\u00f6b\u0259l\u0259rind\u0259, anjiyo laboratoriyas\u0131nda bilik v\u0259 bacar\u0131qlar\u0131n\u0131 art\u0131r\u0131b. R.H\u0259s\u0259nli koronavirusla ba\u011fl\u0131 a\u00e7\u0131qlamalar, m\u0259sl\u0259h\u0259tl\u0259r verirdi.\n<\/p>\n<p>\n  Yerli k\u00fctl\u0259vi informasiya vasit\u0259l\u0259rin\u0259 v\u0259 sosial \u015f\u0259b\u0259k\u0259l\u0259rd\u0259ki payla\u015f\u0131mlara \u0259sas\u0259n sentyabrda koronavirusdan v\u0259fat ed\u0259n tibb i\u015f\u00e7il\u0259rinin say\u0131 10-a yax\u0131nla\u015f\u0131r.<\/p>\n","protected":false},"excerpt":{"rendered":"<p>O, Ankara Qazi Universiteti x\u0259st\u0259xanas\u0131nda COV\u0130D-19-dan sonra a\u011fciy\u0259rin z\u0259d\u0259l\u0259nm\u0259si diaqnozu il\u0259 m\u00fcalic\u0259 al\u0131rm\u0131\u015f.<\/p>\n","protected":false},"author":11,"featured_media":210478,"comment_status":"closed","ping_status":"open","sticky":false,"template":"","format":"standard","meta":{"_acf_changed":false,"_sitemap_exclude":false,"_sitemap_priority":"","_sitemap_frequency":"","footnotes":""},"categories":[54],"tags":[],"class_list":["post-213009","post","type-post","status-publish","format-standard","has-post-thumbnail","hentry","category-sagliq","infinite-scroll-item","generate-columns","tablet-grid-50","mobile-grid-100","grid-parent","grid-33","no-featured-image-padding"],"acf":[],"yoast_head":"<!-- This site is optimized with the Yoast SEO plugin v27.4 - https:\/\/yoast.com\/product\/yoast-seo-wordpress\/ -->\n<title>Koronavirusa yolu\u015fmu\u015f h\u0259kim v\u0259fat edib - MEYDAN.TV<\/title>\n<meta name=\"robots\" content=\"index, follow, max-snippet:-1, max-image-preview:large, max-video-preview:-1\" \/>\n<link rel=\"canonical\" href=\"https:\/\/www.meydan.tv\/az\/article\/koronavirusa-yolusmus-hekim-vefat-edib\/\" \/>\n<meta property=\"og:locale\" content=\"az_AZ\" \/>\n<meta property=\"og:type\" content=\"article\" \/>\n<meta property=\"og:title\" content=\"Koronavirusa yolu\u015fmu\u015f h\u0259kim v\u0259fat edib - MEYDAN.TV\" \/>\n<meta property=\"og:description\" content=\"O, Ankara Qazi Universiteti x\u0259st\u0259xanas\u0131nda COV\u0130D-19-dan sonra a\u011fciy\u0259rin z\u0259d\u0259l\u0259nm\u0259si diaqnozu il\u0259 m\u00fcalic\u0259 al\u0131rm\u0131\u015f.\" \/>\n<meta property=\"og:url\" content=\"https:\/\/www.meydan.tv\/az\/article\/koronavirusa-yolusmus-hekim-vefat-edib\/\" \/>\n<meta property=\"og:site_name\" content=\"MEYDAN.TV\" \/>\n<meta property=\"article:published_time\" content=\"2021-09-27T10:57:41+00:00\" \/>\n<meta property=\"og:image\" content=\"https:\/\/www.meydan.tv\/wp-content\/uploads\/image_from_ios_5_tzbzwpx.jpg\" \/>\n\t<meta property=\"og:image:width\" content=\"1080\" \/>\n\t<meta property=\"og:image:height\" content=\"609\" \/>\n\t<meta property=\"og:image:type\" content=\"image\/jpeg\" \/>\n<meta name=\"author\" content=\"user-manager\" \/>\n<meta name=\"twitter:card\" content=\"summary_large_image\" \/>\n<script type=\"application\/ld+json\" class=\"yoast-schema-graph\">{\"@context\":\"https:\\\/\\\/schema.org\",\"@graph\":[{\"@type\":\"Article\",\"@id\":\"https:\\\/\\\/www.meydan.tv\\\/az\\\/article\\\/koronavirusa-yolusmus-hekim-vefat-edib\\\/#article\",\"isPartOf\":{\"@id\":\"https:\\\/\\\/www.meydan.tv\\\/az\\\/article\\\/koronavirusa-yolusmus-hekim-vefat-edib\\\/\"},\"author\":{\"name\":\"user-manager\",\"@id\":\"https:\\\/\\\/www.meydan.tv\\\/az\\\/#\\\/schema\\\/person\\\/10d11eccf6da3662cf5fdab9806ea91a\"},\"headline\":\"Koronavirusa yolu\u015fmu\u015f h\u0259kim v\u0259fat edib\",\"datePublished\":\"2021-09-27T10:57:41+00:00\",\"mainEntityOfPage\":{\"@id\":\"https:\\\/\\\/www.meydan.tv\\\/az\\\/article\\\/koronavirusa-yolusmus-hekim-vefat-edib\\\/\"},\"wordCount\":259,\"publisher\":{\"@id\":\"https:\\\/\\\/www.meydan.tv\\\/az\\\/#organization\"},\"image\":{\"@id\":\"https:\\\/\\\/www.meydan.tv\\\/az\\\/article\\\/koronavirusa-yolusmus-hekim-vefat-edib\\\/#primaryimage\"},\"thumbnailUrl\":\"https:\\\/\\\/www.meydan.tv\\\/wp-content\\\/uploads\\\/image_from_ios_5_tzbzwpx.jpg\",\"articleSection\":[\"Sa\u011fl\u0131q\"],\"inLanguage\":\"az\"},{\"@type\":\"WebPage\",\"@id\":\"https:\\\/\\\/www.meydan.tv\\\/az\\\/article\\\/koronavirusa-yolusmus-hekim-vefat-edib\\\/\",\"url\":\"https:\\\/\\\/www.meydan.tv\\\/az\\\/article\\\/koronavirusa-yolusmus-hekim-vefat-edib\\\/\",\"name\":\"Koronavirusa yolu\u015fmu\u015f h\u0259kim v\u0259fat edib - MEYDAN.TV\",\"isPartOf\":{\"@id\":\"https:\\\/\\\/www.meydan.tv\\\/az\\\/#website\"},\"primaryImageOfPage\":{\"@id\":\"https:\\\/\\\/www.meydan.tv\\\/az\\\/article\\\/koronavirusa-yolusmus-hekim-vefat-edib\\\/#primaryimage\"},\"image\":{\"@id\":\"https:\\\/\\\/www.meydan.tv\\\/az\\\/article\\\/koronavirusa-yolusmus-hekim-vefat-edib\\\/#primaryimage\"},\"thumbnailUrl\":\"https:\\\/\\\/www.meydan.tv\\\/wp-content\\\/uploads\\\/image_from_ios_5_tzbzwpx.jpg\",\"datePublished\":\"2021-09-27T10:57:41+00:00\",\"breadcrumb\":{\"@id\":\"https:\\\/\\\/www.meydan.tv\\\/az\\\/article\\\/koronavirusa-yolusmus-hekim-vefat-edib\\\/#breadcrumb\"},\"inLanguage\":\"az\",\"potentialAction\":[{\"@type\":\"ReadAction\",\"target\":[\"https:\\\/\\\/www.meydan.tv\\\/az\\\/article\\\/koronavirusa-yolusmus-hekim-vefat-edib\\\/\"]}]},{\"@type\":\"ImageObject\",\"inLanguage\":\"az\",\"@id\":\"https:\\\/\\\/www.meydan.tv\\\/az\\\/article\\\/koronavirusa-yolusmus-hekim-vefat-edib\\\/#primaryimage\",\"url\":\"https:\\\/\\\/www.meydan.tv\\\/wp-content\\\/uploads\\\/image_from_ios_5_tzbzwpx.jpg\",\"contentUrl\":\"https:\\\/\\\/www.meydan.tv\\\/wp-content\\\/uploads\\\/image_from_ios_5_tzbzwpx.jpg\",\"width\":1080,\"height\":609,\"caption\":\"Source: Specify Source\"},{\"@type\":\"BreadcrumbList\",\"@id\":\"https:\\\/\\\/www.meydan.tv\\\/az\\\/article\\\/koronavirusa-yolusmus-hekim-vefat-edib\\\/#breadcrumb\",\"itemListElement\":[{\"@type\":\"ListItem\",\"position\":1,\"name\":\"Ana s\u0259hif\u0259\",\"item\":\"https:\\\/\\\/www.meydan.tv\\\/az\\\/\"},{\"@type\":\"ListItem\",\"position\":2,\"name\":\"Sa\u011fl\u0131q\",\"item\":\"https:\\\/\\\/www.meydan.tv\\\/az\\\/section\\\/sagliq\\\/\"},{\"@type\":\"ListItem\",\"position\":3,\"name\":\"Koronavirusa yolu\u015fmu\u015f h\u0259kim v\u0259fat edib\"}]},{\"@type\":\"WebSite\",\"@id\":\"https:\\\/\\\/www.meydan.tv\\\/az\\\/#website\",\"url\":\"https:\\\/\\\/www.meydan.tv\\\/az\\\/\",\"name\":\"MEYDAN.TV\",\"description\":\"Meydan TV Az\u0259rbaycan\u0131n media m\u0259kan\u0131ndak\u0131 alternativ s\u0259sidir\",\"publisher\":{\"@id\":\"https:\\\/\\\/www.meydan.tv\\\/az\\\/#organization\"},\"potentialAction\":[{\"@type\":\"SearchAction\",\"target\":{\"@type\":\"EntryPoint\",\"urlTemplate\":\"https:\\\/\\\/www.meydan.tv\\\/az\\\/?s={search_term_string}\"},\"query-input\":{\"@type\":\"PropertyValueSpecification\",\"valueRequired\":true,\"valueName\":\"search_term_string\"}}],\"inLanguage\":\"az\"},{\"@type\":\"Organization\",\"@id\":\"https:\\\/\\\/www.meydan.tv\\\/az\\\/#organization\",\"name\":\"Meydan TV\",\"url\":\"https:\\\/\\\/www.meydan.tv\\\/az\\\/\",\"logo\":{\"@type\":\"ImageObject\",\"inLanguage\":\"az\",\"@id\":\"https:\\\/\\\/www.meydan.tv\\\/az\\\/#\\\/schema\\\/logo\\\/image\\\/\",\"url\":\"https:\\\/\\\/www.meydan.tv\\\/wp-content\\\/uploads\\\/2021\\\/07\\\/meydan-logo.svg\",\"contentUrl\":\"https:\\\/\\\/www.meydan.tv\\\/wp-content\\\/uploads\\\/2021\\\/07\\\/meydan-logo.svg\",\"width\":195,\"height\":46,\"caption\":\"Meydan TV\"},\"image\":{\"@id\":\"https:\\\/\\\/www.meydan.tv\\\/az\\\/#\\\/schema\\\/logo\\\/image\\\/\"}},{\"@type\":\"Person\",\"@id\":\"https:\\\/\\\/www.meydan.tv\\\/az\\\/#\\\/schema\\\/person\\\/10d11eccf6da3662cf5fdab9806ea91a\",\"name\":\"user-manager\"}]}<\/script>\n<!-- \/ Yoast SEO plugin. -->","yoast_head_json":{"title":"Koronavirusa yolu\u015fmu\u015f h\u0259kim v\u0259fat edib - MEYDAN.TV","robots":{"index":"index","follow":"follow","max-snippet":"max-snippet:-1","max-image-preview":"max-image-preview:large","max-video-preview":"max-video-preview:-1"},"canonical":"https:\/\/www.meydan.tv\/az\/article\/koronavirusa-yolusmus-hekim-vefat-edib\/","og_locale":"az_AZ","og_type":"article","og_title":"Koronavirusa yolu\u015fmu\u015f h\u0259kim v\u0259fat edib - MEYDAN.TV","og_description":"O, Ankara Qazi Universiteti x\u0259st\u0259xanas\u0131nda COV\u0130D-19-dan sonra a\u011fciy\u0259rin z\u0259d\u0259l\u0259nm\u0259si diaqnozu il\u0259 m\u00fcalic\u0259 al\u0131rm\u0131\u015f.","og_url":"https:\/\/www.meydan.tv\/az\/article\/koronavirusa-yolusmus-hekim-vefat-edib\/","og_site_name":"MEYDAN.TV","article_published_time":"2021-09-27T10:57:41+00:00","og_image":[{"width":1080,"height":609,"url":"https:\/\/www.meydan.tv\/wp-content\/uploads\/image_from_ios_5_tzbzwpx.jpg","type":"image\/jpeg"}],"author":"user-manager","twitter_card":"summary_large_image","schema":{"@context":"https:\/\/schema.org","@graph":[{"@type":"Article","@id":"https:\/\/www.meydan.tv\/az\/article\/koronavirusa-yolusmus-hekim-vefat-edib\/#article","isPartOf":{"@id":"https:\/\/www.meydan.tv\/az\/article\/koronavirusa-yolusmus-hekim-vefat-edib\/"},"author":{"name":"user-manager","@id":"https:\/\/www.meydan.tv\/az\/#\/schema\/person\/10d11eccf6da3662cf5fdab9806ea91a"},"headline":"Koronavirusa yolu\u015fmu\u015f h\u0259kim v\u0259fat edib","datePublished":"2021-09-27T10:57:41+00:00","mainEntityOfPage":{"@id":"https:\/\/www.meydan.tv\/az\/article\/koronavirusa-yolusmus-hekim-vefat-edib\/"},"wordCount":259,"publisher":{"@id":"https:\/\/www.meydan.tv\/az\/#organization"},"image":{"@id":"https:\/\/www.meydan.tv\/az\/article\/koronavirusa-yolusmus-hekim-vefat-edib\/#primaryimage"},"thumbnailUrl":"https:\/\/www.meydan.tv\/wp-content\/uploads\/image_from_ios_5_tzbzwpx.jpg","articleSection":["Sa\u011fl\u0131q"],"inLanguage":"az"},{"@type":"WebPage","@id":"https:\/\/www.meydan.tv\/az\/article\/koronavirusa-yolusmus-hekim-vefat-edib\/","url":"https:\/\/www.meydan.tv\/az\/article\/koronavirusa-yolusmus-hekim-vefat-edib\/","name":"Koronavirusa yolu\u015fmu\u015f h\u0259kim v\u0259fat edib - MEYDAN.TV","isPartOf":{"@id":"https:\/\/www.meydan.tv\/az\/#website"},"primaryImageOfPage":{"@id":"https:\/\/www.meydan.tv\/az\/article\/koronavirusa-yolusmus-hekim-vefat-edib\/#primaryimage"},"image":{"@id":"https:\/\/www.meydan.tv\/az\/article\/koronavirusa-yolusmus-hekim-vefat-edib\/#primaryimage"},"thumbnailUrl":"https:\/\/www.meydan.tv\/wp-content\/uploads\/image_from_ios_5_tzbzwpx.jpg","datePublished":"2021-09-27T10:57:41+00:00","breadcrumb":{"@id":"https:\/\/www.meydan.tv\/az\/article\/koronavirusa-yolusmus-hekim-vefat-edib\/#breadcrumb"},"inLanguage":"az","potentialAction":[{"@type":"ReadAction","target":["https:\/\/www.meydan.tv\/az\/article\/koronavirusa-yolusmus-hekim-vefat-edib\/"]}]},{"@type":"ImageObject","inLanguage":"az","@id":"https:\/\/www.meydan.tv\/az\/article\/koronavirusa-yolusmus-hekim-vefat-edib\/#primaryimage","url":"https:\/\/www.meydan.tv\/wp-content\/uploads\/image_from_ios_5_tzbzwpx.jpg","contentUrl":"https:\/\/www.meydan.tv\/wp-content\/uploads\/image_from_ios_5_tzbzwpx.jpg","width":1080,"height":609,"caption":"Source: Specify Source"},{"@type":"BreadcrumbList","@id":"https:\/\/www.meydan.tv\/az\/article\/koronavirusa-yolusmus-hekim-vefat-edib\/#breadcrumb","itemListElement":[{"@type":"ListItem","position":1,"name":"Ana s\u0259hif\u0259","item":"https:\/\/www.meydan.tv\/az\/"},{"@type":"ListItem","position":2,"name":"Sa\u011fl\u0131q","item":"https:\/\/www.meydan.tv\/az\/section\/sagliq\/"},{"@type":"ListItem","position":3,"name":"Koronavirusa yolu\u015fmu\u015f h\u0259kim v\u0259fat edib"}]},{"@type":"WebSite","@id":"https:\/\/www.meydan.tv\/az\/#website","url":"https:\/\/www.meydan.tv\/az\/","name":"MEYDAN.TV","description":"Meydan TV Az\u0259rbaycan\u0131n media m\u0259kan\u0131ndak\u0131 alternativ s\u0259sidir","publisher":{"@id":"https:\/\/www.meydan.tv\/az\/#organization"},"potentialAction":[{"@type":"SearchAction","target":{"@type":"EntryPoint","urlTemplate":"https:\/\/www.meydan.tv\/az\/?s={search_term_string}"},"query-input":{"@type":"PropertyValueSpecification","valueRequired":true,"valueName":"search_term_string"}}],"inLanguage":"az"},{"@type":"Organization","@id":"https:\/\/www.meydan.tv\/az\/#organization","name":"Meydan TV","url":"https:\/\/www.meydan.tv\/az\/","logo":{"@type":"ImageObject","inLanguage":"az","@id":"https:\/\/www.meydan.tv\/az\/#\/schema\/logo\/image\/","url":"https:\/\/www.meydan.tv\/wp-content\/uploads\/2021\/07\/meydan-logo.svg","contentUrl":"https:\/\/www.meydan.tv\/wp-content\/uploads\/2021\/07\/meydan-logo.svg","width":195,"height":46,"caption":"Meydan TV"},"image":{"@id":"https:\/\/www.meydan.tv\/az\/#\/schema\/logo\/image\/"}},{"@type":"Person","@id":"https:\/\/www.meydan.tv\/az\/#\/schema\/person\/10d11eccf6da3662cf5fdab9806ea91a","name":"user-manager"}]}},"_links":{"self":[{"href":"https:\/\/www.meydan.tv\/az\/wp-json\/wp\/v2\/posts\/213009","targetHints":{"allow":["GET"]}}],"collection":[{"href":"https:\/\/www.meydan.tv\/az\/wp-json\/wp\/v2\/posts"}],"about":[{"href":"https:\/\/www.meydan.tv\/az\/wp-json\/wp\/v2\/types\/post"}],"author":[{"embeddable":true,"href":"https:\/\/www.meydan.tv\/az\/wp-json\/wp\/v2\/users\/11"}],"replies":[{"embeddable":true,"href":"https:\/\/www.meydan.tv\/az\/wp-json\/wp\/v2\/comments?post=213009"}],"version-history":[{"count":0,"href":"https:\/\/www.meydan.tv\/az\/wp-json\/wp\/v2\/posts\/213009\/revisions"}],"wp:featuredmedia":[{"embeddable":true,"href":"https:\/\/www.meydan.tv\/az\/wp-json\/wp\/v2\/media\/210478"}],"wp:attachment":[{"href":"https:\/\/www.meydan.tv\/az\/wp-json\/wp\/v2\/media?parent=213009"}],"wp:term":[{"taxonomy":"category","embeddable":true,"href":"https:\/\/www.meydan.tv\/az\/wp-json\/wp\/v2\/categories?post=213009"},{"taxonomy":"post_tag","embeddable":true,"href":"https:\/\/www.meydan.tv\/az\/wp-json\/wp\/v2\/tags?post=213009"}],"curies":[{"name":"wp","href":"https:\/\/api.w.org\/{rel}","templated":true}]}}