{"id":213008,"date":"2021-09-25T13:14:44","date_gmt":"2021-09-25T13:14:44","guid":{"rendered":"https:\/\/www.meydan.tv\/article\/raket-hucumundan-zererceken-gence-sakini-11-aydir-qapilardayiq\/"},"modified":"2021-09-25T13:14:44","modified_gmt":"2021-09-25T13:14:44","slug":"raket-hucumundan-zererceken-gence-sakini-11-aydir-qapilardayiq","status":"publish","type":"post","link":"https:\/\/www.meydan.tv\/az\/article\/raket-hucumundan-zererceken-gence-sakini-11-aydir-qapilardayiq\/","title":{"rendered":"Raket h\u00fccumundan z\u0259r\u0259r\u00e7\u0259k\u0259n G\u0259nc\u0259 sakini: 11 ayd\u0131r qap\u0131larday\u0131q"},"content":{"rendered":"<p>\n  <i><br \/>\n    Nail\u0259 \u018fliyeva: \u201cBizi aldadan m\u0259murlar \u00f6zl\u0259ri d\u0259 ba\u015fa d\u00fc\u015fm\u0259lidir ki, evin da\u011f\u0131lmas\u0131 n\u0259 dem\u0259kdir\u201d<br \/>\n  <\/i>\n<\/p>\n<p>\n  44 g\u00fcnl\u00fck \u0130kinci Qaraba\u011f M\u00fcharib\u0259si d\u00f6vr\u00fcnd\u0259 &#8211; 17 oktyabr 2020-ci ild\u0259 G\u0259nc\u0259y\u0259 raket h\u00fccumundan ziyan g\u00f6r\u0259n Nail\u0259 \u018fliyeva probleminin h\u0259ll olunmad\u0131\u011f\u0131n\u0131 deyir. Onun s\u00f6zl\u0259rin\u0259 g\u00f6r\u0259, 11 ayd\u0131r on n\u0259f\u0259rlik ail\u0259si qap\u0131lardad\u0131r, kiray\u0259 pulunu \u00e7atd\u0131ra bilmirl\u0259r. D\u00f6vl\u0259t orqanlar\u0131 is\u0259 n\u0259 evl\u0259rinin tikilib t\u0259hvil verilm\u0259sini ba\u015fa \u00e7atd\u0131r\u0131r, n\u0259 d\u0259 kiray\u0259 pulunu, \u0259\u015fyalara g\u00f6r\u0259 kompensasiyan\u0131 \u00f6d\u0259yir.\n<\/p>\n<p>\n  <b><br \/>\n    \u201cG\u00f6r\u00fcn\u00fcr, m\u0259murlar ayr\u0131lan pulu yeyib\u201d<br \/>\n  <\/b>\n<\/p>\n<p>\n  Nail\u0259 \u018fliyeva G\u0259nc\u0259nin K\u0259p\u0259z rayonu, S.Xas\u0131yev k\u00fc\u00e7\u0259si, 8-ci d\u00f6ng\u0259d\u0259ki 28 \u00fcnvan\u0131nda ya\u015fay\u0131b. Qon\u015fuluqdak\u0131 &#8211; 28A \u00fcnvan\u0131ndak\u0131 ev is\u0259 o\u011flu Elvin v\u0259 ail\u0259sin\u0259 m\u0259xsus olub. \u018fliyevl\u0259rin h\u0259r iki evi tamamil\u0259 da\u011f\u0131l\u0131b:\n<\/p>\n<p>\n  \u201cRaket d\u00fc\u015f\u0259n yerl\u0259 bizim evin aras\u0131nda m\u0259saf\u0259 \u00e7ox azd\u0131r. Ona g\u00f6r\u0259 h\u0259r iki ev darmada\u011f\u0131n olmu\u015fdu. Bizd\u0259n xeyli uzaqda yerl\u0259\u015f\u0259n evl\u0259ri s\u00f6k\u00fcbl\u0259r, tikib t\u0259hvil veribl\u0259r. Bizd\u0259 is\u0259 11 ayd\u0131r ancaq dam\u0131n \u015fiferl\u0259rini vurublar. Evin n\u0259 p\u0259nc\u0259r\u0259si var, n\u0259 d\u00f6\u015f\u0259m\u0259si, n\u0259 tavan\u0131. \u0130\u015f niy\u0259 bel\u0259 l\u0259ng gedir, ba\u015fa d\u00fc\u015fm\u00fcr\u0259m. \u018fn \u0259sas\u0131, biz\u0259 kiray\u0259 pulu da \u00f6d\u0259mirl\u0259r. On n\u0259f\u0259rlik k\u00fclf\u0259tik, h\u0259r ay 450 manat biz, 500 manat da o\u011flumgil kiray\u0259 pulu verir. U\u015faqlar\u0131m f\u0259hl\u0259di, yolda\u015f\u0131m a\u011f\u0131r insult ke\u00e7irib, \u00f6z\u00fcm\u00fcn d\u0259 g\u00f6z\u00fcmd\u0259 ciddi probleml\u0259r var\u201d.\n<\/p>\n<p>\n  Z\u0259r\u0259r\u00e7\u0259k\u0259nin s\u00f6zl\u0259rin\u0259 g\u00f6r\u0259, m\u0259murlar onlar\u0131 aldad\u0131b. Nail\u0259 \u018fliyeva deyir ki, \u0259vv\u0259lc\u0259 onlara kiray\u0259 pulunun \u00f6d\u0259nil\u0259c\u0259yini demi\u015fdil\u0259r, amma sonradan bundan imtina edibl\u0259r. O\u011flu v\u0259 \u00f6z\u00fcn\u00fcn evind\u0259 \u00fcmumilikd\u0259 t\u0259xmin\u0259n 30 min manatl\u0131q \u0259\u015fyan\u0131n da\u011f\u0131l\u0131b yarars\u0131z hala d\u00fc\u015fd\u00fcy\u00fcn\u00fc vur\u011fulayan G\u0259nc\u0259 sakini buna g\u00f6r\u0259 d\u0259 kompensasiya ala bilm\u0259dikl\u0259rini bildirib.\n<\/p>\n<figure class=\"wp-block-image size-large\">\n  <img decoding=\"async\" src=\"https:\/\/www.meydan.tv\/az\/naile-jpg\/\" alt=\"naile.jpg\" class=\"wp-image-210448\"\/><figcaption>\n    &#8220;On n\u0259f\u0259rlik k\u00fclf\u0259tik, h\u0259r ay 450 manat biz, 500 manat da o\u011flumgil kiray\u0259 pulu verir&#8221;<br \/>\n  <\/figcaption><\/figure>\n<p>\n  \u201cBizi aldadan m\u0259murlar \u00f6zl\u0259ri d\u0259 ba\u015fa d\u00fc\u015fm\u0259lidir ki, evin da\u011f\u0131lmas\u0131 n\u0259 dem\u0259kdir. \u018fg\u0259r i\u015f\u0259 d\u00fczg\u00fcn bax\u0131lmayacaqd\u0131sa, niy\u0259 yaz\u0131b apar\u0131b, bizi aldad\u0131rd\u0131lar? Prezident ay\u0131r\u0131b pulu, g\u00f6r\u00fcn\u00fcr, m\u0259murlar yeyib, ona g\u00f6r\u0259 biz d\u0259 bu v\u0259ziyy\u0259t\u0259 qalm\u0131\u015f\u0131q. N\u0259 deyirik, cavab verirl\u0259r ki, yox, bunu el\u0259y\u0259 bilm\u0259rik. B\u0259s kim el\u0259y\u0259 bil\u0259r? Qar\u015f\u0131dan q\u0131\u015f g\u0259lir, u\u015faqlar m\u0259kt\u0259b\u0259 getm\u0259lidir. M\u0259nim imkan\u0131m yoxdur, bilmir\u0259m, ma\u015f\u0131n tutub u\u015faqlar\u0131 m\u0259kt\u0259b\u0259 yollay\u0131m, yoxsa kiray\u0259 pulu verim?\u201d, &#8211; Nail\u0259 \u018fliyeva bel\u0259 deyir.\n<\/p>\n<p>\n  O, bug\u00fcnl\u0259rd\u0259 prezident\u0259 d\u0259 m\u0259ktub yaz\u0131b. D\u00f6vl\u0259t ba\u015f\u00e7\u0131s\u0131ndan xahi\u015f edib ki, onun durumuyla ba\u011fl\u0131 m\u0259s\u0259l\u0259nin ara\u015fd\u0131r\u0131lmas\u0131, evinin b\u0259rpas\u0131n\u0131n q\u0131sa m\u00fcdd\u0259td\u0259 ba\u015fa \u00e7atmas\u0131 v\u0259 kiray\u0259 pulu, \u0259\u015fyalara g\u00f6r\u0259 kompensasiyan\u0131n \u00f6d\u0259nilm\u0259sin\u0259 g\u00f6st\u0259ri\u015f versin.\n<\/p>\n<p>\n  <b><br \/>\n    \u201c\u018fvv\u0259l v\u0259kil olmu\u015f icra ba\u015f\u00e7\u0131s\u0131 v\u0259kilin m\u00fcraci\u0259tin\u0259 bel\u0259 m\u00fcnasib\u0259t g\u00f6st\u0259rirs\u0259&#8230;\u201d<br \/>\n  <\/b>\n<\/p>\n<p>\n  \u018fliyevl\u0259r ail\u0259sinin h\u00fcquqlar\u0131n\u0131 m\u00fcdafi\u0259 ed\u0259n v\u0259kil \u018fziz Q\u0259nb\u0259rov m\u0259s\u0259l\u0259 il\u0259 \u0259laq\u0259dar avqustun 13-d\u0259 G\u0259nc\u0259 \u015e\u0259h\u0259r \u0130cra Hakimiyy\u0259tinin ba\u015f\u00e7\u0131s\u0131 Niyazi Bayramova r\u0259smi \u015f\u0259kild\u0259 m\u0259ktub g\u00f6nd\u0259rib. V\u0259kilin dediyin\u0259 g\u00f6r\u0259, icra ba\u015f\u00e7\u0131s\u0131na m\u00fcraci\u0259tind\u0259n ayyar\u0131m vaxt ke\u00e7s\u0259 d\u0259, he\u00e7 bir cavab ala bilm\u0259yib:\n<\/p>\n<figure class=\"wp-block-image size-large\">\n  <img decoding=\"async\" src=\"https:\/\/www.meydan.tv\/az\/photo-2021-09-25-12-55-52-jpg\/\" alt=\"photo-2021-09-25-12-55-52.jpg\" class=\"wp-image-210439\"\/><figcaption>\n    \u018fziz Q\u0259nb\u0259rov<br \/>\n  <\/figcaption><\/figure>\n<p>\n  \u201cPrezidentin 14 dekabr 2020-ci il tarixli s\u0259r\u0259ncam\u0131na \u0259sas\u0259n, da\u011f\u0131lm\u0131\u015f v\u0259 ya q\u0259zal\u0131 v\u0259ziyy\u0259t\u0259 d\u00fc\u015fm\u00fc\u015f ya\u015fay\u0131\u015f evl\u0259ri \u00fczr\u0259 m\u0259i\u015f\u0259t \u0259\u015fyalar\u0131na d\u0259ymi\u015f ziyana g\u00f6r\u0259 h\u0259r ail\u0259y\u0259 6000 manat, \u015f\u0259xsi \u0259\u015fyalara g\u00f6r\u0259 is\u0259 h\u0259r bir ail\u0259 \u00fczv\u00fcn\u0259 1500 manat \u00f6d\u0259nilm\u0259lidir. Eyni zamanda, evl\u0259ri da\u011f\u0131lm\u0131\u015f v\u0259t\u0259nda\u015flar\u0131n evi b\u0259rpa olunana q\u0259d\u0259r m\u00fcv\u0259qq\u0259ti ya\u015famaq \u00fc\u00e7\u00fcn ya\u015fay\u0131\u015f yeri il\u0259 t\u0259min edilm\u0259si d\u0259 n\u0259z\u0259rd\u0259 tutulub. Nail\u0259 \u018fliyeva v\u0259 Elvin \u018fliyevin evl\u0259rind\u0259 b\u0259rpa i\u015fl\u0259ri ba\u015flay\u0131b, ancaq i\u015fl\u0259r h\u0259ddind\u0259n art\u0131q l\u0259ng gedir. \u0130ki ev\u0259 birlikd\u0259 ev \u0259\u015fyalar\u0131na g\u00f6r\u0259 30000 manatdan \u00e7ox ziyan d\u0259yib. \u00d6t\u0259n 11 ay \u0259rzind\u0259 ail\u0259 kiray\u0259l\u0259r\u0259 t\u0259xmin\u0259n 10000 manat pul x\u0259rcl\u0259yib. Amma bu v\u0259saitl\u0259r onlara \u00f6d\u0259nilm\u0259yib\u201d.\n<\/p>\n<p>\n  \u018fziz Q\u0259nb\u0259rov \u0259lav\u0259 edib ki, icra ba\u015f\u00e7\u0131s\u0131na m\u00fcraci\u0259tinin n\u0259tic\u0259sil\u0259 maraqlanmaq \u00fc\u00e7\u00fcn \u00fc\u00e7 d\u0259f\u0259 G\u0259nc\u0259y\u0259 gedib, G\u0259nc\u0259 \u015e\u0259h\u0259r \u0130cra Hakimiyy\u0259tind\u0259 olub. Lakin yen\u0259 d\u0259 cavab ala bilm\u0259yib.\n<\/p>\n<p>\n  M\u00fcdafi\u0259\u00e7inin s\u00f6zl\u0259rin\u0259 g\u00f6r\u0259, o, \u0259vv\u0259l bu problemin ictimail\u0259\u015fm\u0259sinin ist\u0259m\u0259yib. N\u0259z\u0259r\u0259 al\u0131b ki, icra ba\u015f\u00e7\u0131s\u0131 Niyazi Bayramov da \u0259vv\u0259ll\u0259r V\u0259kill\u0259r Kollegiyas\u0131n\u0131n \u00fczv\u00fc olub, v\u0259kil kimi f\u0259aliyy\u0259t g\u00f6st\u0259rib. Amma onun r\u0259hb\u0259rlik etdiyi qurumdan g\u00f6rd\u00fcy\u00fc m\u00fcnasib\u0259t \u018fziz Q\u0259nb\u0259rovun fikrini d\u0259yi\u015fib: \u201cNiyazi Bayramov V\u0259kill\u0259r Kollegiyas\u0131n\u0131n \u00fczv\u00fc olmu\u015f \u015f\u0259xs kimi, v\u0259kilin m\u00fcraci\u0259tin\u0259 bu c\u00fcr m\u00fcnasib\u0259t g\u00f6st\u0259rirs\u0259, sad\u0259 G\u0259nc\u0259 sakinl\u0259rinin durumunu t\u0259s\u0259vv\u00fcr etm\u0259k \u00e7\u0259tin deyil&#8230;\u201d\n<\/p>\n<figure class=\"wp-block-image size-large\">\n  <img decoding=\"async\" src=\"https:\/\/www.meydan.tv\/az\/photo-2021-09-25-12-53-29-jpg\/\" alt=\"photo-2021-09-25-12-53-29.jpg\" class=\"wp-image-210433\"\/><figcaption>\n    M\u00fcraci\u0259t<br \/>\n  <\/figcaption><\/figure>\n<p>\n  <b><br \/>\n    \u0130cra Hakimiyy\u0259ti: \u201cBu ail\u0259 il\u0259 ba\u011fl\u0131 el\u0259 bir problem yoxdur\u201d<br \/>\n  <\/b>\n<\/p>\n<p>\n  G\u0259nc\u0259 \u015e\u0259h\u0259r \u0130cra Hakimiyy\u0259tind\u0259n Meydan TV-y\u0259 bildirilib ki, bu ail\u0259y\u0259 kompensasiya \u00f6d\u0259nilib: \u201cOnlara 1000 manat bir, 5000 manat da bir \u00f6d\u0259nilib. Haz\u0131rda da Memarl\u0131q v\u0259 \u015e\u0259h\u0259rsalma Komit\u0259si t\u0259r\u0259find\u0259n evl\u0259rinin b\u0259rpas\u0131yla ba\u011fl\u0131 i\u015fl\u0259r davam edir. Bu ail\u0259 il\u0259 ba\u011fl\u0131 el\u0259 bir problem yoxdur\u201d.\n<\/p>\n<p>\n  \u0130cra hakimiyy\u0259tind\u0259n onu da \u0259lav\u0259 edibl\u0259r ki, prezidentin s\u0259r\u0259ncam\u0131yla qism\u0259n ziyan \u00e7\u0259kmi\u015f ail\u0259l\u0259r\u0259 standart olaraq, \u0259\u015fyalara g\u00f6r\u0259 1000 manat \u00f6d\u0259nilm\u0259si n\u0259z\u0259rd\u0259 tutulub. Akt \u0259sas\u0131nda h\u0259min v\u0259saitl\u0259r ziyan \u00e7\u0259k\u0259nl\u0259rin ham\u0131s\u0131na \u00f6d\u0259nilib: \u201cTam da\u011f\u0131lm\u0131\u015f evl\u0259rd\u0259 is\u0259 \u00fcmumi 5000 manat v\u0259 h\u0259r ail\u0259 \u00fczv\u00fcn\u00fcn \u015f\u0259xsi \u0259\u015fyas\u0131na g\u00f6r\u0259 1500 manat s\u0259r\u0259ncamla m\u00fc\u0259yy\u0259n olunub. \u0130\u015f\u00e7i Qrup t\u0259yin olunmu\u015fdu v\u0259 bu qrup ara\u015fd\u0131rma apar\u0131r, m\u00fc\u0259yy\u0259nl\u0259\u015fdirir v\u0259 kompensasiya ayr\u0131l\u0131r. B\u0259z\u0259n g\u00f6zd\u0259n yay\u0131nanlar, vaxt\u0131nda m\u00fcraci\u0259t etm\u0259y\u0259nl\u0259rl\u0259 ba\u011fl\u0131 problem ola bil\u0259r. Bu halda da sonradan m\u00fcraci\u0259t ed\u0259nl\u0259rin i\u015fin\u0259 bax\u0131l\u0131r, aktla\u015fd\u0131r\u0131l\u0131r. H\u0259l\u0259 d\u0259 bu proses davam edir\u201d.\n<\/p>\n<p>\n  Evl\u0259rin n\u0259 zaman ya\u015fay\u0131\u015f \u00fc\u00e7\u00fcn haz\u0131r olaca\u011f\u0131na g\u0259linc\u0259, icra hakimiyy\u0259tind\u0259n bununla ba\u011fl\u0131 konkret vaxt dem\u0259yibl\u0259r: \u201cMemarl\u0131q v\u0259 \u015e\u0259h\u0259rsalma Komit\u0259si t\u0259mir-tikinti i\u015fl\u0259rini subpodrat\u00e7\u0131 \u015firk\u0259tl\u0259r\u0259 h\u0259val\u0259 edib. Biz sad\u0259c\u0259, \u00fcmumi m\u0259bl\u0259\u011f\u0259, siyah\u0131lara bax\u0131r\u0131q, ehtiyac olanda komit\u0259y\u0259 y\u00f6nl\u0259ndiririk\u201d.\n<\/p>\n<figure class=\"wp-block-image size-large\">\n  <img decoding=\"async\" src=\"https:\/\/www.meydan.tv\/az\/photo-2021-09-25-12-53-14-jpg\/\" alt=\"photo-2021-09-25-12-53-14.jpg\" class=\"wp-image-210442\"\/><figcaption>\n    &#8220;Evin n\u0259 p\u0259nc\u0259r\u0259si var, n\u0259 d\u00f6\u015f\u0259m\u0259si, n\u0259 tavan\u0131&#8221;<br \/>\n  <\/figcaption><\/figure>\n","protected":false},"excerpt":{"rendered":"<p>&#8220;\u0130ki ev\u0259 birlikd\u0259 ev \u0259\u015fyalar\u0131na g\u00f6r\u0259 30000 manatdan \u00e7ox ziyan d\u0259yib&#8221;<\/p>\n","protected":false},"author":11,"featured_media":210445,"comment_status":"closed","ping_status":"open","sticky":false,"template":"","format":"standard","meta":{"_acf_changed":false,"_sitemap_exclude":false,"_sitemap_priority":"","_sitemap_frequency":"","footnotes":""},"categories":[60],"tags":[],"class_list":["post-213008","post","type-post","status-publish","format-standard","has-post-thumbnail","hentry","category-bolge","infinite-scroll-item","generate-columns","tablet-grid-50","mobile-grid-100","grid-parent","grid-33","no-featured-image-padding"],"acf":[],"yoast_head":"<!-- This site is optimized with the Yoast SEO plugin v27.5 - https:\/\/yoast.com\/product\/yoast-seo-wordpress\/ -->\n<title>Raket h\u00fccumundan z\u0259r\u0259r\u00e7\u0259k\u0259n G\u0259nc\u0259 sakini: 11 ayd\u0131r qap\u0131larday\u0131q - MEYDAN.TV<\/title>\n<meta name=\"robots\" content=\"index, follow, max-snippet:-1, max-image-preview:large, max-video-preview:-1\" \/>\n<link rel=\"canonical\" href=\"https:\/\/www.meydan.tv\/az\/article\/raket-hucumundan-zererceken-gence-sakini-11-aydir-qapilardayiq\/\" \/>\n<meta property=\"og:locale\" content=\"az_AZ\" \/>\n<meta property=\"og:type\" content=\"article\" \/>\n<meta property=\"og:title\" content=\"Raket h\u00fccumundan z\u0259r\u0259r\u00e7\u0259k\u0259n G\u0259nc\u0259 sakini: 11 ayd\u0131r qap\u0131larday\u0131q - MEYDAN.TV\" \/>\n<meta property=\"og:description\" content=\"&quot;\u0130ki ev\u0259 birlikd\u0259 ev \u0259\u015fyalar\u0131na g\u00f6r\u0259 30000 manatdan \u00e7ox ziyan d\u0259yib&quot;\" \/>\n<meta property=\"og:url\" content=\"https:\/\/www.meydan.tv\/az\/article\/raket-hucumundan-zererceken-gence-sakini-11-aydir-qapilardayiq\/\" \/>\n<meta property=\"og:site_name\" content=\"MEYDAN.TV\" \/>\n<meta property=\"article:published_time\" content=\"2021-09-25T13:14:44+00:00\" \/>\n<meta property=\"og:image\" content=\"https:\/\/www.meydan.tv\/wp-content\/uploads\/1_hqaqq0m.png\" \/>\n\t<meta property=\"og:image:width\" content=\"1120\" \/>\n\t<meta property=\"og:image:height\" content=\"630\" \/>\n\t<meta property=\"og:image:type\" content=\"image\/png\" \/>\n<meta name=\"author\" content=\"user-manager\" \/>\n<meta name=\"twitter:card\" content=\"summary_large_image\" \/>\n<script type=\"application\/ld+json\" class=\"yoast-schema-graph\">{\"@context\":\"https:\\\/\\\/schema.org\",\"@graph\":[{\"@type\":\"Article\",\"@id\":\"https:\\\/\\\/www.meydan.tv\\\/az\\\/article\\\/raket-hucumundan-zererceken-gence-sakini-11-aydir-qapilardayiq\\\/#article\",\"isPartOf\":{\"@id\":\"https:\\\/\\\/www.meydan.tv\\\/az\\\/article\\\/raket-hucumundan-zererceken-gence-sakini-11-aydir-qapilardayiq\\\/\"},\"author\":{\"name\":\"user-manager\",\"@id\":\"https:\\\/\\\/www.meydan.tv\\\/az\\\/#\\\/schema\\\/person\\\/10d11eccf6da3662cf5fdab9806ea91a\"},\"headline\":\"Raket h\u00fccumundan z\u0259r\u0259r\u00e7\u0259k\u0259n G\u0259nc\u0259 sakini: 11 ayd\u0131r qap\u0131larday\u0131q\",\"datePublished\":\"2021-09-25T13:14:44+00:00\",\"mainEntityOfPage\":{\"@id\":\"https:\\\/\\\/www.meydan.tv\\\/az\\\/article\\\/raket-hucumundan-zererceken-gence-sakini-11-aydir-qapilardayiq\\\/\"},\"wordCount\":1291,\"publisher\":{\"@id\":\"https:\\\/\\\/www.meydan.tv\\\/az\\\/#organization\"},\"image\":{\"@id\":\"https:\\\/\\\/www.meydan.tv\\\/az\\\/article\\\/raket-hucumundan-zererceken-gence-sakini-11-aydir-qapilardayiq\\\/#primaryimage\"},\"thumbnailUrl\":\"https:\\\/\\\/www.meydan.tv\\\/wp-content\\\/uploads\\\/1_hqaqq0m.png\",\"articleSection\":[\"B\u00f6lg\u0259\"],\"inLanguage\":\"az\"},{\"@type\":\"WebPage\",\"@id\":\"https:\\\/\\\/www.meydan.tv\\\/az\\\/article\\\/raket-hucumundan-zererceken-gence-sakini-11-aydir-qapilardayiq\\\/\",\"url\":\"https:\\\/\\\/www.meydan.tv\\\/az\\\/article\\\/raket-hucumundan-zererceken-gence-sakini-11-aydir-qapilardayiq\\\/\",\"name\":\"Raket h\u00fccumundan z\u0259r\u0259r\u00e7\u0259k\u0259n G\u0259nc\u0259 sakini: 11 ayd\u0131r qap\u0131larday\u0131q - MEYDAN.TV\",\"isPartOf\":{\"@id\":\"https:\\\/\\\/www.meydan.tv\\\/az\\\/#website\"},\"primaryImageOfPage\":{\"@id\":\"https:\\\/\\\/www.meydan.tv\\\/az\\\/article\\\/raket-hucumundan-zererceken-gence-sakini-11-aydir-qapilardayiq\\\/#primaryimage\"},\"image\":{\"@id\":\"https:\\\/\\\/www.meydan.tv\\\/az\\\/article\\\/raket-hucumundan-zererceken-gence-sakini-11-aydir-qapilardayiq\\\/#primaryimage\"},\"thumbnailUrl\":\"https:\\\/\\\/www.meydan.tv\\\/wp-content\\\/uploads\\\/1_hqaqq0m.png\",\"datePublished\":\"2021-09-25T13:14:44+00:00\",\"breadcrumb\":{\"@id\":\"https:\\\/\\\/www.meydan.tv\\\/az\\\/article\\\/raket-hucumundan-zererceken-gence-sakini-11-aydir-qapilardayiq\\\/#breadcrumb\"},\"inLanguage\":\"az\",\"potentialAction\":[{\"@type\":\"ReadAction\",\"target\":[\"https:\\\/\\\/www.meydan.tv\\\/az\\\/article\\\/raket-hucumundan-zererceken-gence-sakini-11-aydir-qapilardayiq\\\/\"]}]},{\"@type\":\"ImageObject\",\"inLanguage\":\"az\",\"@id\":\"https:\\\/\\\/www.meydan.tv\\\/az\\\/article\\\/raket-hucumundan-zererceken-gence-sakini-11-aydir-qapilardayiq\\\/#primaryimage\",\"url\":\"https:\\\/\\\/www.meydan.tv\\\/wp-content\\\/uploads\\\/1_hqaqq0m.png\",\"contentUrl\":\"https:\\\/\\\/www.meydan.tv\\\/wp-content\\\/uploads\\\/1_hqaqq0m.png\",\"width\":1120,\"height\":630,\"caption\":\"Source: Meydan.TV\"},{\"@type\":\"BreadcrumbList\",\"@id\":\"https:\\\/\\\/www.meydan.tv\\\/az\\\/article\\\/raket-hucumundan-zererceken-gence-sakini-11-aydir-qapilardayiq\\\/#breadcrumb\",\"itemListElement\":[{\"@type\":\"ListItem\",\"position\":1,\"name\":\"Ana s\u0259hif\u0259\",\"item\":\"https:\\\/\\\/www.meydan.tv\\\/az\\\/\"},{\"@type\":\"ListItem\",\"position\":2,\"name\":\"B\u00f6lg\u0259\",\"item\":\"https:\\\/\\\/www.meydan.tv\\\/az\\\/section\\\/bolge\\\/\"},{\"@type\":\"ListItem\",\"position\":3,\"name\":\"Raket h\u00fccumundan z\u0259r\u0259r\u00e7\u0259k\u0259n G\u0259nc\u0259 sakini: 11 ayd\u0131r qap\u0131larday\u0131q\"}]},{\"@type\":\"WebSite\",\"@id\":\"https:\\\/\\\/www.meydan.tv\\\/az\\\/#website\",\"url\":\"https:\\\/\\\/www.meydan.tv\\\/az\\\/\",\"name\":\"MEYDAN.TV\",\"description\":\"Meydan TV Az\u0259rbaycan\u0131n media m\u0259kan\u0131ndak\u0131 alternativ s\u0259sidir\",\"publisher\":{\"@id\":\"https:\\\/\\\/www.meydan.tv\\\/az\\\/#organization\"},\"potentialAction\":[{\"@type\":\"SearchAction\",\"target\":{\"@type\":\"EntryPoint\",\"urlTemplate\":\"https:\\\/\\\/www.meydan.tv\\\/az\\\/?s={search_term_string}\"},\"query-input\":{\"@type\":\"PropertyValueSpecification\",\"valueRequired\":true,\"valueName\":\"search_term_string\"}}],\"inLanguage\":\"az\"},{\"@type\":\"Organization\",\"@id\":\"https:\\\/\\\/www.meydan.tv\\\/az\\\/#organization\",\"name\":\"Meydan TV\",\"url\":\"https:\\\/\\\/www.meydan.tv\\\/az\\\/\",\"logo\":{\"@type\":\"ImageObject\",\"inLanguage\":\"az\",\"@id\":\"https:\\\/\\\/www.meydan.tv\\\/az\\\/#\\\/schema\\\/logo\\\/image\\\/\",\"url\":\"https:\\\/\\\/www.meydan.tv\\\/wp-content\\\/uploads\\\/2021\\\/07\\\/meydan-logo.svg\",\"contentUrl\":\"https:\\\/\\\/www.meydan.tv\\\/wp-content\\\/uploads\\\/2021\\\/07\\\/meydan-logo.svg\",\"width\":195,\"height\":46,\"caption\":\"Meydan TV\"},\"image\":{\"@id\":\"https:\\\/\\\/www.meydan.tv\\\/az\\\/#\\\/schema\\\/logo\\\/image\\\/\"}},{\"@type\":\"Person\",\"@id\":\"https:\\\/\\\/www.meydan.tv\\\/az\\\/#\\\/schema\\\/person\\\/10d11eccf6da3662cf5fdab9806ea91a\",\"name\":\"user-manager\"}]}<\/script>\n<!-- \/ Yoast SEO plugin. -->","yoast_head_json":{"title":"Raket h\u00fccumundan z\u0259r\u0259r\u00e7\u0259k\u0259n G\u0259nc\u0259 sakini: 11 ayd\u0131r qap\u0131larday\u0131q - MEYDAN.TV","robots":{"index":"index","follow":"follow","max-snippet":"max-snippet:-1","max-image-preview":"max-image-preview:large","max-video-preview":"max-video-preview:-1"},"canonical":"https:\/\/www.meydan.tv\/az\/article\/raket-hucumundan-zererceken-gence-sakini-11-aydir-qapilardayiq\/","og_locale":"az_AZ","og_type":"article","og_title":"Raket h\u00fccumundan z\u0259r\u0259r\u00e7\u0259k\u0259n G\u0259nc\u0259 sakini: 11 ayd\u0131r qap\u0131larday\u0131q - MEYDAN.TV","og_description":"\"\u0130ki ev\u0259 birlikd\u0259 ev \u0259\u015fyalar\u0131na g\u00f6r\u0259 30000 manatdan \u00e7ox ziyan d\u0259yib\"","og_url":"https:\/\/www.meydan.tv\/az\/article\/raket-hucumundan-zererceken-gence-sakini-11-aydir-qapilardayiq\/","og_site_name":"MEYDAN.TV","article_published_time":"2021-09-25T13:14:44+00:00","og_image":[{"width":1120,"height":630,"url":"https:\/\/www.meydan.tv\/wp-content\/uploads\/1_hqaqq0m.png","type":"image\/png"}],"author":"user-manager","twitter_card":"summary_large_image","schema":{"@context":"https:\/\/schema.org","@graph":[{"@type":"Article","@id":"https:\/\/www.meydan.tv\/az\/article\/raket-hucumundan-zererceken-gence-sakini-11-aydir-qapilardayiq\/#article","isPartOf":{"@id":"https:\/\/www.meydan.tv\/az\/article\/raket-hucumundan-zererceken-gence-sakini-11-aydir-qapilardayiq\/"},"author":{"name":"user-manager","@id":"https:\/\/www.meydan.tv\/az\/#\/schema\/person\/10d11eccf6da3662cf5fdab9806ea91a"},"headline":"Raket h\u00fccumundan z\u0259r\u0259r\u00e7\u0259k\u0259n G\u0259nc\u0259 sakini: 11 ayd\u0131r qap\u0131larday\u0131q","datePublished":"2021-09-25T13:14:44+00:00","mainEntityOfPage":{"@id":"https:\/\/www.meydan.tv\/az\/article\/raket-hucumundan-zererceken-gence-sakini-11-aydir-qapilardayiq\/"},"wordCount":1291,"publisher":{"@id":"https:\/\/www.meydan.tv\/az\/#organization"},"image":{"@id":"https:\/\/www.meydan.tv\/az\/article\/raket-hucumundan-zererceken-gence-sakini-11-aydir-qapilardayiq\/#primaryimage"},"thumbnailUrl":"https:\/\/www.meydan.tv\/wp-content\/uploads\/1_hqaqq0m.png","articleSection":["B\u00f6lg\u0259"],"inLanguage":"az"},{"@type":"WebPage","@id":"https:\/\/www.meydan.tv\/az\/article\/raket-hucumundan-zererceken-gence-sakini-11-aydir-qapilardayiq\/","url":"https:\/\/www.meydan.tv\/az\/article\/raket-hucumundan-zererceken-gence-sakini-11-aydir-qapilardayiq\/","name":"Raket h\u00fccumundan z\u0259r\u0259r\u00e7\u0259k\u0259n G\u0259nc\u0259 sakini: 11 ayd\u0131r qap\u0131larday\u0131q - MEYDAN.TV","isPartOf":{"@id":"https:\/\/www.meydan.tv\/az\/#website"},"primaryImageOfPage":{"@id":"https:\/\/www.meydan.tv\/az\/article\/raket-hucumundan-zererceken-gence-sakini-11-aydir-qapilardayiq\/#primaryimage"},"image":{"@id":"https:\/\/www.meydan.tv\/az\/article\/raket-hucumundan-zererceken-gence-sakini-11-aydir-qapilardayiq\/#primaryimage"},"thumbnailUrl":"https:\/\/www.meydan.tv\/wp-content\/uploads\/1_hqaqq0m.png","datePublished":"2021-09-25T13:14:44+00:00","breadcrumb":{"@id":"https:\/\/www.meydan.tv\/az\/article\/raket-hucumundan-zererceken-gence-sakini-11-aydir-qapilardayiq\/#breadcrumb"},"inLanguage":"az","potentialAction":[{"@type":"ReadAction","target":["https:\/\/www.meydan.tv\/az\/article\/raket-hucumundan-zererceken-gence-sakini-11-aydir-qapilardayiq\/"]}]},{"@type":"ImageObject","inLanguage":"az","@id":"https:\/\/www.meydan.tv\/az\/article\/raket-hucumundan-zererceken-gence-sakini-11-aydir-qapilardayiq\/#primaryimage","url":"https:\/\/www.meydan.tv\/wp-content\/uploads\/1_hqaqq0m.png","contentUrl":"https:\/\/www.meydan.tv\/wp-content\/uploads\/1_hqaqq0m.png","width":1120,"height":630,"caption":"Source: Meydan.TV"},{"@type":"BreadcrumbList","@id":"https:\/\/www.meydan.tv\/az\/article\/raket-hucumundan-zererceken-gence-sakini-11-aydir-qapilardayiq\/#breadcrumb","itemListElement":[{"@type":"ListItem","position":1,"name":"Ana s\u0259hif\u0259","item":"https:\/\/www.meydan.tv\/az\/"},{"@type":"ListItem","position":2,"name":"B\u00f6lg\u0259","item":"https:\/\/www.meydan.tv\/az\/section\/bolge\/"},{"@type":"ListItem","position":3,"name":"Raket h\u00fccumundan z\u0259r\u0259r\u00e7\u0259k\u0259n G\u0259nc\u0259 sakini: 11 ayd\u0131r qap\u0131larday\u0131q"}]},{"@type":"WebSite","@id":"https:\/\/www.meydan.tv\/az\/#website","url":"https:\/\/www.meydan.tv\/az\/","name":"MEYDAN.TV","description":"Meydan TV Az\u0259rbaycan\u0131n media m\u0259kan\u0131ndak\u0131 alternativ s\u0259sidir","publisher":{"@id":"https:\/\/www.meydan.tv\/az\/#organization"},"potentialAction":[{"@type":"SearchAction","target":{"@type":"EntryPoint","urlTemplate":"https:\/\/www.meydan.tv\/az\/?s={search_term_string}"},"query-input":{"@type":"PropertyValueSpecification","valueRequired":true,"valueName":"search_term_string"}}],"inLanguage":"az"},{"@type":"Organization","@id":"https:\/\/www.meydan.tv\/az\/#organization","name":"Meydan TV","url":"https:\/\/www.meydan.tv\/az\/","logo":{"@type":"ImageObject","inLanguage":"az","@id":"https:\/\/www.meydan.tv\/az\/#\/schema\/logo\/image\/","url":"https:\/\/www.meydan.tv\/wp-content\/uploads\/2021\/07\/meydan-logo.svg","contentUrl":"https:\/\/www.meydan.tv\/wp-content\/uploads\/2021\/07\/meydan-logo.svg","width":195,"height":46,"caption":"Meydan TV"},"image":{"@id":"https:\/\/www.meydan.tv\/az\/#\/schema\/logo\/image\/"}},{"@type":"Person","@id":"https:\/\/www.meydan.tv\/az\/#\/schema\/person\/10d11eccf6da3662cf5fdab9806ea91a","name":"user-manager"}]}},"_links":{"self":[{"href":"https:\/\/www.meydan.tv\/az\/wp-json\/wp\/v2\/posts\/213008","targetHints":{"allow":["GET"]}}],"collection":[{"href":"https:\/\/www.meydan.tv\/az\/wp-json\/wp\/v2\/posts"}],"about":[{"href":"https:\/\/www.meydan.tv\/az\/wp-json\/wp\/v2\/types\/post"}],"author":[{"embeddable":true,"href":"https:\/\/www.meydan.tv\/az\/wp-json\/wp\/v2\/users\/11"}],"replies":[{"embeddable":true,"href":"https:\/\/www.meydan.tv\/az\/wp-json\/wp\/v2\/comments?post=213008"}],"version-history":[{"count":0,"href":"https:\/\/www.meydan.tv\/az\/wp-json\/wp\/v2\/posts\/213008\/revisions"}],"wp:featuredmedia":[{"embeddable":true,"href":"https:\/\/www.meydan.tv\/az\/wp-json\/wp\/v2\/media\/210445"}],"wp:attachment":[{"href":"https:\/\/www.meydan.tv\/az\/wp-json\/wp\/v2\/media?parent=213008"}],"wp:term":[{"taxonomy":"category","embeddable":true,"href":"https:\/\/www.meydan.tv\/az\/wp-json\/wp\/v2\/categories?post=213008"},{"taxonomy":"post_tag","embeddable":true,"href":"https:\/\/www.meydan.tv\/az\/wp-json\/wp\/v2\/tags?post=213008"}],"curies":[{"name":"wp","href":"https:\/\/api.w.org\/{rel}","templated":true}]}}