{"id":212997,"date":"2021-09-24T18:44:40","date_gmt":"2021-09-24T18:44:40","guid":{"rendered":"https:\/\/www.meydan.tv\/article\/heftesonu-metro-ve-sernisindasimaya-qoyulan-mehdudiyyet-legv-olunur\/"},"modified":"2021-09-24T18:44:40","modified_gmt":"2021-09-24T18:44:40","slug":"heftesonu-metro-ve-sernisindasimaya-qoyulan-mehdudiyyet-legv-olunur","status":"publish","type":"post","link":"https:\/\/www.meydan.tv\/az\/article\/heftesonu-metro-ve-sernisindasimaya-qoyulan-mehdudiyyet-legv-olunur\/","title":{"rendered":"H\u0259ft\u0259sonu metro v\u0259 s\u0259rni\u015finda\u015f\u0131maya qoyulan m\u0259hdudiyy\u0259t l\u0259\u011fv olunur"},"content":{"rendered":"<p>\n  <i><br \/>\n    Karantin rejimi yum\u015fald\u0131l\u0131r<br \/>\n  <\/i>\n<\/p>\n<p>\n  Az\u0259rbaycanda x\u00fcsusi karantin rejimi \u00e7\u0259r\u00e7iv\u0259sind\u0259 yum\u015falmalar olacaq.\n<\/p>\n<p>\n  Nazirl\u0259r Kabineti yan\u0131nda Operativ Q\u0259rargah\u0131n q\u0259rar\u0131na \u0259sas\u0259n, oktyabr\u0131n 1-d\u0259n h\u0259ft\u0259sonu ictimai n\u0259qliyyatda, h\u0259m\u00e7inin Bak\u0131 Metropolitenind\u0259 s\u0259rni\u015finda\u015f\u0131ma f\u0259aliyy\u0259tinin dayand\u0131r\u0131lmas\u0131 il\u0259 ba\u011fl\u0131 qoyulmu\u015f m\u0259hdudiyy\u0259t aradan<br \/>\n  <a href=\"https:\/\/nk.gov.az\/az\/article\/1812\/\"><br \/>\n    qald\u0131r\u0131lacaq<br \/>\n  <\/a><br \/>\n  .\n<\/p>\n<p>\n  \u018flav\u0259 olaraq, oktyabr\u0131n 1-d\u0259n a\u015fa\u011f\u0131da qeyd olunan i\u015f v\u0259 xidm\u0259t sah\u0259l\u0259rinin f\u0259aliyy\u0259tinin b\u0259rpa edilm\u0259si il\u0259 ba\u011fl\u0131 q\u0259rar verilib:\n<\/p>\n<p>\n  &#8211; istirah\u0259t v\u0259 \u0259yl\u0259nc\u0259 m\u0259kanlar\u0131n\u0131n (klublar daxil olmaqla), h\u0259m\u00e7inin u\u015faq \u0259yl\u0259nc\u0259 m\u0259kanlar\u0131n\u0131n (bulvar v\u0259 parklar\u0131n \u0259razisind\u0259 olanlar daxil olmaqla) f\u0259aliyy\u0259ti;\n<\/p>\n<p>\n  &#8211; \u00fcmumi tutumunun 50 faizind\u0259n \u00e7ox olmamaq \u015f\u0259rtil\u0259 m\u0259d\u0259niyy\u0259t obyektl\u0259rinin (konsert zallar\u0131 daxil olmaqla), el\u0259c\u0259 d\u0259 konfrans zallar\u0131n\u0131n, kinoteatrlar\u0131n, teatrlar\u0131n, f\u0259aliyy\u0259ti;\n<\/p>\n<p>\n  &#8211; iri ticar\u0259t m\u0259rk\u0259zl\u0259rinin n\u0259zdind\u0259ki u\u015faq v\u0259 dig\u0259r \u0259yl\u0259nc\u0259 m\u0259rk\u0259zl\u0259rinin, el\u0259c\u0259d\u0259 \u00fcmumi tutumunun 50 faizind\u0259n \u00e7ox olmamaqla kinoteatrlar\u0131n f\u0259aliyy\u0259ti.\n<\/p>\n<p>\n  F\u0259aliyy\u0259ti b\u0259rpa edil\u0259n i\u015f v\u0259 xidm\u0259t sah\u0259l\u0259ri saat 00:00-d\u0259k xidm\u0259t g\u00f6st\u0259rir v\u0259 h\u0259min i\u015f v\u0259 xidm\u0259t sah\u0259l\u0259rinin qapal\u0131 m\u0259kanlar\u0131nda g\u00f6st\u0259ril\u0259n xidm\u0259tl\u0259rd\u0259n ya\u015f\u0131 18-d\u0259n yuxar\u0131 olan \u015f\u0259xsl\u0259r yaln\u0131z COVID-19 pasportu v\u0259 ya \u018fks G\u00f6st\u0259ri\u015f sertifikat\u0131 il\u0259 daxil ola bil\u0259rl\u0259r.\n<\/p>\n<p>\n  S\u00f6z\u00fcged\u0259n i\u015f v\u0259 xidm\u0259t sah\u0259l\u0259rinin i\u015f\u00e7i hey\u0259tinin 80 faizinin COVID-19 pasportuna (COVID-19-a qar\u015f\u0131 peyv\u0259nd sertifikat\u0131 v\u0259 ya COVID-19-a qar\u015f\u0131 immunitet sertifikat\u0131) malik olmas\u0131 m\u00fctl\u0259qdir. H\u0259m\u00e7inin \u00e7ox sayda insan\u0131n uzun m\u00fcdd\u0259t qapal\u0131 yerd\u0259 topla\u015fmas\u0131n\u0131n koronovirus infeksiyas\u0131n\u0131n yay\u0131lmas\u0131na m\u00fcnbit \u015f\u0259rait yaratmas\u0131 n\u0259z\u0259r\u0259 al\u0131naraq, insanlar aras\u0131nda COVID-19 virusuna yoluxma riskinin azald\u0131lmas\u0131 m\u0259qs\u0259dil\u0259 \u015f\u0259h\u0259r v\u0259 rayonlar aras\u0131 m\u00fcnt\u0259z\u0259m s\u0259rni\u015fin da\u015f\u0131malar\u0131 il\u0259 ba\u011fl\u0131 q\u0259rar q\u0259bul edilib.\n<\/p>\n<p>\n  Q\u0259rara \u0259sas\u0259n, Bak\u0131 v\u0259 Sumqay\u0131t \u015f\u0259h\u0259rl\u0259ri, Ab\u015feron rayonu aras\u0131nda m\u00fcnt\u0259z\u0259m s\u0259rni\u015finda\u015f\u0131ma istisna olmaqla, \u00f6lk\u0259nin \u015f\u0259h\u0259r v\u0259 rayonlar\u0131ndan d\u0259mir yolu v\u0259 avtomobil n\u0259qliyyat\u0131 il\u0259 m\u00fcnt\u0259z\u0259m s\u0259rni\u015fin da\u015f\u0131malar\u0131 (taksi minik avtomobill\u0259ri il\u0259 s\u0259rni\u015fin da\u015f\u0131malar\u0131 istisna olmaqla) h\u0259yata ke\u00e7iril\u0259rk\u0259n ya\u015f\u0131 18-d\u0259n a\u015fa\u011f\u0131 olan \u015f\u0259xsl\u0259r istisna olmaqla, s\u0259rni\u015finl\u0259rd\u0259n oktyabr\u0131n 1-d\u0259n COVID-19-a qar\u015f\u0131 birinci doza, noyabr\u0131n 1-d\u0259n is\u0259 ikinci doza peyv\u0259nd olunmas\u0131 v\u0259 ya COVID-19-a qar\u015f\u0131 immunitet sertifikat\u0131 t\u0259l\u0259b edilir.\n<\/p>\n<p>\n  COVID-19 pasportlar\u0131n\u0131n verifikasiyas\u0131 x\u00fcsusi mobil t\u0259tbiqetm\u0259 (\u201cCheck App\u201d) vasit\u0259si il\u0259 h\u0259yata ke\u00e7iril\u0259c\u0259k. S\u00f6z\u00fcged\u0259n t\u0259tbiqetm\u0259 Az\u0259rbaycan Respublikas\u0131n\u0131n Prezidenti yan\u0131nda V\u0259t\u0259nda\u015flara Xidm\u0259t v\u0259 Sosial \u0130nnovasiyalar \u00fczr\u0259 D\u00f6vl\u0259t Agentliyi t\u0259r\u0259find\u0259n yarad\u0131l\u0131b v\u0259 1 sentyabr tarixind\u0259n COVID-19 pasportu t\u0259l\u0259b olunan b\u00fct\u00fcn m\u0259kanlarda istifad\u0259 edilir.\n<\/p>\n<p>\n  T\u0259n\u0259ff\u00fcs yollar\u0131n\u0131 qoruyan f\u0259rdi vasit\u0259l\u0259rd\u0259n istifad\u0259, sosial m\u0259saf\u0259nin qorunmas\u0131 v\u0259 \u0259l gigiyenas\u0131 kimi \u00fcmumi qaydalara, habel\u0259 t\u0259tbiq edil\u0259n dig\u0259r t\u0259l\u0259bl\u0259r\u0259 riay\u0259t olunmas\u0131n\u0131 t\u0259min etm\u0259k m\u0259qs\u0259dil\u0259 m\u00fcvafiq n\u0259zar\u0259t t\u0259dbirl\u0259rinin icras\u0131na davam edil\u0259c\u0259k, epidemiya \u0259leyhin\u0259 rejimin, sanitariya-gigiyena v\u0259 karantin rejiml\u0259rinin pozulmas\u0131 a\u015fkar edildiyi hallarda fiziki v\u0259 h\u00fcquqi \u015f\u0259xsl\u0259r Az\u0259rbaycan Respublikas\u0131n\u0131n \u0130nzibati X\u0259talar M\u0259c\u0259ll\u0259sin\u0259 uy\u011fun olaraq m\u0259suliyy\u0259t\u0259 c\u0259lb edil\u0259c\u0259kl\u0259r.\n<\/p>\n<p>\n  COVID-19 pasportu t\u0259l\u0259b olunan i\u015f v\u0259 xidm\u0259t sah\u0259l\u0259ri \u00fczr\u0259 f\u0259aliyy\u0259t g\u00f6st\u0259r\u0259n m\u0259kanlarda COVID-19 pasportunun verifikasiyas\u0131 prosesinin t\u0259\u015fkili v\u0259 h\u0259yata ke\u00e7irilm\u0259sind\u0259 ba\u015f vermi\u015f pozuntu hallar\u0131na g\u00f6r\u0259 m\u0259kan sahibi birba\u015fa cavabdehlik da\u015f\u0131y\u0131r.\n<\/p>\n<p>\n  Az\u0259rbaycanda koronavirus pandemiyasi il\u0259 ba\u011fl\u0131 2020-ci il mart\u0131n 24-d\u0259n karantindir. Sonuncu d\u0259f\u0259 karantin rejimi noyabr\u0131n 1-n\u0259 q\u0259d\u0259r uzad\u0131l\u0131b.\n<\/p>\n<p>\n  Sentyabr\u0131n 22-d\u0259n 2021-2022-ci t\u0259dris ilind\u0259 respublikan\u0131n \u00fcmumi t\u0259hsil m\u00fc\u0259ssis\u0259l\u0259rind\u0259 I v\u0259 IV sinifl\u0259r \u00fc\u00e7\u00fcn d\u0259rsl\u0259r ba\u015flay\u0131b.\n<\/p>\n<p>\n  Sentyabr\u0131n 29-dan is\u0259 5-11-ci sinifl\u0259r v\u0259 ali m\u0259kt\u0259bl\u0259r \u0259n\u0259n\u0259vi t\u0259dris\u0259 qay\u0131d\u0131r.<\/p>\n","protected":false},"excerpt":{"rendered":"<p>COVID-19 pasportlar\u0131n\u0131n verifikasiyas\u0131 x\u00fcsusi mobil t\u0259tbiqetm\u0259 (\u201cCheck App\u201d) vasit\u0259si il\u0259 h\u0259yata ke\u00e7iril\u0259c\u0259k.<\/p>\n","protected":false},"author":11,"featured_media":154269,"comment_status":"closed","ping_status":"open","sticky":false,"template":"","format":"standard","meta":{"_acf_changed":false,"_sitemap_exclude":false,"_sitemap_priority":"","_sitemap_frequency":"","footnotes":""},"categories":[62],"tags":[],"class_list":["post-212997","post","type-post","status-publish","format-standard","has-post-thumbnail","hentry","category-sosial","infinite-scroll-item","generate-columns","tablet-grid-50","mobile-grid-100","grid-parent","grid-33","no-featured-image-padding"],"acf":[],"yoast_head":"<!-- This site is optimized with the Yoast SEO plugin v27.4 - https:\/\/yoast.com\/product\/yoast-seo-wordpress\/ -->\n<title>H\u0259ft\u0259sonu metro v\u0259 s\u0259rni\u015finda\u015f\u0131maya qoyulan m\u0259hdudiyy\u0259t l\u0259\u011fv olunur - MEYDAN.TV<\/title>\n<meta name=\"robots\" content=\"index, follow, max-snippet:-1, max-image-preview:large, max-video-preview:-1\" \/>\n<link rel=\"canonical\" href=\"https:\/\/www.meydan.tv\/az\/article\/heftesonu-metro-ve-sernisindasimaya-qoyulan-mehdudiyyet-legv-olunur\/\" \/>\n<meta property=\"og:locale\" content=\"az_AZ\" \/>\n<meta property=\"og:type\" content=\"article\" \/>\n<meta property=\"og:title\" content=\"H\u0259ft\u0259sonu metro v\u0259 s\u0259rni\u015finda\u015f\u0131maya qoyulan m\u0259hdudiyy\u0259t l\u0259\u011fv olunur - MEYDAN.TV\" \/>\n<meta property=\"og:description\" content=\"COVID-19 pasportlar\u0131n\u0131n verifikasiyas\u0131 x\u00fcsusi mobil t\u0259tbiqetm\u0259 (\u201cCheck App\u201d) vasit\u0259si il\u0259 h\u0259yata ke\u00e7iril\u0259c\u0259k.\" \/>\n<meta property=\"og:url\" content=\"https:\/\/www.meydan.tv\/az\/article\/heftesonu-metro-ve-sernisindasimaya-qoyulan-mehdudiyyet-legv-olunur\/\" \/>\n<meta property=\"og:site_name\" content=\"MEYDAN.TV\" \/>\n<meta property=\"article:published_time\" content=\"2021-09-24T18:44:40+00:00\" \/>\n<meta property=\"og:image\" content=\"https:\/\/www.meydan.tv\/wp-content\/uploads\/258334.jpg\" \/>\n\t<meta property=\"og:image:width\" content=\"915\" \/>\n\t<meta property=\"og:image:height\" content=\"481\" \/>\n\t<meta property=\"og:image:type\" content=\"image\/jpeg\" \/>\n<meta name=\"author\" content=\"user-manager\" \/>\n<meta name=\"twitter:card\" content=\"summary_large_image\" \/>\n<script type=\"application\/ld+json\" class=\"yoast-schema-graph\">{\"@context\":\"https:\\\/\\\/schema.org\",\"@graph\":[{\"@type\":\"Article\",\"@id\":\"https:\\\/\\\/www.meydan.tv\\\/az\\\/article\\\/heftesonu-metro-ve-sernisindasimaya-qoyulan-mehdudiyyet-legv-olunur\\\/#article\",\"isPartOf\":{\"@id\":\"https:\\\/\\\/www.meydan.tv\\\/az\\\/article\\\/heftesonu-metro-ve-sernisindasimaya-qoyulan-mehdudiyyet-legv-olunur\\\/\"},\"author\":{\"name\":\"user-manager\",\"@id\":\"https:\\\/\\\/www.meydan.tv\\\/az\\\/#\\\/schema\\\/person\\\/10d11eccf6da3662cf5fdab9806ea91a\"},\"headline\":\"H\u0259ft\u0259sonu metro v\u0259 s\u0259rni\u015finda\u015f\u0131maya qoyulan m\u0259hdudiyy\u0259t l\u0259\u011fv olunur\",\"datePublished\":\"2021-09-24T18:44:40+00:00\",\"mainEntityOfPage\":{\"@id\":\"https:\\\/\\\/www.meydan.tv\\\/az\\\/article\\\/heftesonu-metro-ve-sernisindasimaya-qoyulan-mehdudiyyet-legv-olunur\\\/\"},\"wordCount\":810,\"publisher\":{\"@id\":\"https:\\\/\\\/www.meydan.tv\\\/az\\\/#organization\"},\"image\":{\"@id\":\"https:\\\/\\\/www.meydan.tv\\\/az\\\/article\\\/heftesonu-metro-ve-sernisindasimaya-qoyulan-mehdudiyyet-legv-olunur\\\/#primaryimage\"},\"thumbnailUrl\":\"https:\\\/\\\/www.meydan.tv\\\/wp-content\\\/uploads\\\/258334.jpg\",\"articleSection\":[\"Sosial\"],\"inLanguage\":\"az\"},{\"@type\":\"WebPage\",\"@id\":\"https:\\\/\\\/www.meydan.tv\\\/az\\\/article\\\/heftesonu-metro-ve-sernisindasimaya-qoyulan-mehdudiyyet-legv-olunur\\\/\",\"url\":\"https:\\\/\\\/www.meydan.tv\\\/az\\\/article\\\/heftesonu-metro-ve-sernisindasimaya-qoyulan-mehdudiyyet-legv-olunur\\\/\",\"name\":\"H\u0259ft\u0259sonu metro v\u0259 s\u0259rni\u015finda\u015f\u0131maya qoyulan m\u0259hdudiyy\u0259t l\u0259\u011fv olunur - MEYDAN.TV\",\"isPartOf\":{\"@id\":\"https:\\\/\\\/www.meydan.tv\\\/az\\\/#website\"},\"primaryImageOfPage\":{\"@id\":\"https:\\\/\\\/www.meydan.tv\\\/az\\\/article\\\/heftesonu-metro-ve-sernisindasimaya-qoyulan-mehdudiyyet-legv-olunur\\\/#primaryimage\"},\"image\":{\"@id\":\"https:\\\/\\\/www.meydan.tv\\\/az\\\/article\\\/heftesonu-metro-ve-sernisindasimaya-qoyulan-mehdudiyyet-legv-olunur\\\/#primaryimage\"},\"thumbnailUrl\":\"https:\\\/\\\/www.meydan.tv\\\/wp-content\\\/uploads\\\/258334.jpg\",\"datePublished\":\"2021-09-24T18:44:40+00:00\",\"breadcrumb\":{\"@id\":\"https:\\\/\\\/www.meydan.tv\\\/az\\\/article\\\/heftesonu-metro-ve-sernisindasimaya-qoyulan-mehdudiyyet-legv-olunur\\\/#breadcrumb\"},\"inLanguage\":\"az\",\"potentialAction\":[{\"@type\":\"ReadAction\",\"target\":[\"https:\\\/\\\/www.meydan.tv\\\/az\\\/article\\\/heftesonu-metro-ve-sernisindasimaya-qoyulan-mehdudiyyet-legv-olunur\\\/\"]}]},{\"@type\":\"ImageObject\",\"inLanguage\":\"az\",\"@id\":\"https:\\\/\\\/www.meydan.tv\\\/az\\\/article\\\/heftesonu-metro-ve-sernisindasimaya-qoyulan-mehdudiyyet-legv-olunur\\\/#primaryimage\",\"url\":\"https:\\\/\\\/www.meydan.tv\\\/wp-content\\\/uploads\\\/258334.jpg\",\"contentUrl\":\"https:\\\/\\\/www.meydan.tv\\\/wp-content\\\/uploads\\\/258334.jpg\",\"width\":915,\"height\":481,\"caption\":\"Source: google.az\"},{\"@type\":\"BreadcrumbList\",\"@id\":\"https:\\\/\\\/www.meydan.tv\\\/az\\\/article\\\/heftesonu-metro-ve-sernisindasimaya-qoyulan-mehdudiyyet-legv-olunur\\\/#breadcrumb\",\"itemListElement\":[{\"@type\":\"ListItem\",\"position\":1,\"name\":\"Ana s\u0259hif\u0259\",\"item\":\"https:\\\/\\\/www.meydan.tv\\\/az\\\/\"},{\"@type\":\"ListItem\",\"position\":2,\"name\":\"Sosial\",\"item\":\"https:\\\/\\\/www.meydan.tv\\\/az\\\/section\\\/sosial\\\/\"},{\"@type\":\"ListItem\",\"position\":3,\"name\":\"H\u0259ft\u0259sonu metro v\u0259 s\u0259rni\u015finda\u015f\u0131maya qoyulan m\u0259hdudiyy\u0259t l\u0259\u011fv olunur\"}]},{\"@type\":\"WebSite\",\"@id\":\"https:\\\/\\\/www.meydan.tv\\\/az\\\/#website\",\"url\":\"https:\\\/\\\/www.meydan.tv\\\/az\\\/\",\"name\":\"MEYDAN.TV\",\"description\":\"Meydan TV Az\u0259rbaycan\u0131n media m\u0259kan\u0131ndak\u0131 alternativ s\u0259sidir\",\"publisher\":{\"@id\":\"https:\\\/\\\/www.meydan.tv\\\/az\\\/#organization\"},\"potentialAction\":[{\"@type\":\"SearchAction\",\"target\":{\"@type\":\"EntryPoint\",\"urlTemplate\":\"https:\\\/\\\/www.meydan.tv\\\/az\\\/?s={search_term_string}\"},\"query-input\":{\"@type\":\"PropertyValueSpecification\",\"valueRequired\":true,\"valueName\":\"search_term_string\"}}],\"inLanguage\":\"az\"},{\"@type\":\"Organization\",\"@id\":\"https:\\\/\\\/www.meydan.tv\\\/az\\\/#organization\",\"name\":\"Meydan TV\",\"url\":\"https:\\\/\\\/www.meydan.tv\\\/az\\\/\",\"logo\":{\"@type\":\"ImageObject\",\"inLanguage\":\"az\",\"@id\":\"https:\\\/\\\/www.meydan.tv\\\/az\\\/#\\\/schema\\\/logo\\\/image\\\/\",\"url\":\"https:\\\/\\\/www.meydan.tv\\\/wp-content\\\/uploads\\\/2021\\\/07\\\/meydan-logo.svg\",\"contentUrl\":\"https:\\\/\\\/www.meydan.tv\\\/wp-content\\\/uploads\\\/2021\\\/07\\\/meydan-logo.svg\",\"width\":195,\"height\":46,\"caption\":\"Meydan TV\"},\"image\":{\"@id\":\"https:\\\/\\\/www.meydan.tv\\\/az\\\/#\\\/schema\\\/logo\\\/image\\\/\"}},{\"@type\":\"Person\",\"@id\":\"https:\\\/\\\/www.meydan.tv\\\/az\\\/#\\\/schema\\\/person\\\/10d11eccf6da3662cf5fdab9806ea91a\",\"name\":\"user-manager\"}]}<\/script>\n<!-- \/ Yoast SEO plugin. -->","yoast_head_json":{"title":"H\u0259ft\u0259sonu metro v\u0259 s\u0259rni\u015finda\u015f\u0131maya qoyulan m\u0259hdudiyy\u0259t l\u0259\u011fv olunur - MEYDAN.TV","robots":{"index":"index","follow":"follow","max-snippet":"max-snippet:-1","max-image-preview":"max-image-preview:large","max-video-preview":"max-video-preview:-1"},"canonical":"https:\/\/www.meydan.tv\/az\/article\/heftesonu-metro-ve-sernisindasimaya-qoyulan-mehdudiyyet-legv-olunur\/","og_locale":"az_AZ","og_type":"article","og_title":"H\u0259ft\u0259sonu metro v\u0259 s\u0259rni\u015finda\u015f\u0131maya qoyulan m\u0259hdudiyy\u0259t l\u0259\u011fv olunur - MEYDAN.TV","og_description":"COVID-19 pasportlar\u0131n\u0131n verifikasiyas\u0131 x\u00fcsusi mobil t\u0259tbiqetm\u0259 (\u201cCheck App\u201d) vasit\u0259si il\u0259 h\u0259yata ke\u00e7iril\u0259c\u0259k.","og_url":"https:\/\/www.meydan.tv\/az\/article\/heftesonu-metro-ve-sernisindasimaya-qoyulan-mehdudiyyet-legv-olunur\/","og_site_name":"MEYDAN.TV","article_published_time":"2021-09-24T18:44:40+00:00","og_image":[{"width":915,"height":481,"url":"https:\/\/www.meydan.tv\/wp-content\/uploads\/258334.jpg","type":"image\/jpeg"}],"author":"user-manager","twitter_card":"summary_large_image","schema":{"@context":"https:\/\/schema.org","@graph":[{"@type":"Article","@id":"https:\/\/www.meydan.tv\/az\/article\/heftesonu-metro-ve-sernisindasimaya-qoyulan-mehdudiyyet-legv-olunur\/#article","isPartOf":{"@id":"https:\/\/www.meydan.tv\/az\/article\/heftesonu-metro-ve-sernisindasimaya-qoyulan-mehdudiyyet-legv-olunur\/"},"author":{"name":"user-manager","@id":"https:\/\/www.meydan.tv\/az\/#\/schema\/person\/10d11eccf6da3662cf5fdab9806ea91a"},"headline":"H\u0259ft\u0259sonu metro v\u0259 s\u0259rni\u015finda\u015f\u0131maya qoyulan m\u0259hdudiyy\u0259t l\u0259\u011fv olunur","datePublished":"2021-09-24T18:44:40+00:00","mainEntityOfPage":{"@id":"https:\/\/www.meydan.tv\/az\/article\/heftesonu-metro-ve-sernisindasimaya-qoyulan-mehdudiyyet-legv-olunur\/"},"wordCount":810,"publisher":{"@id":"https:\/\/www.meydan.tv\/az\/#organization"},"image":{"@id":"https:\/\/www.meydan.tv\/az\/article\/heftesonu-metro-ve-sernisindasimaya-qoyulan-mehdudiyyet-legv-olunur\/#primaryimage"},"thumbnailUrl":"https:\/\/www.meydan.tv\/wp-content\/uploads\/258334.jpg","articleSection":["Sosial"],"inLanguage":"az"},{"@type":"WebPage","@id":"https:\/\/www.meydan.tv\/az\/article\/heftesonu-metro-ve-sernisindasimaya-qoyulan-mehdudiyyet-legv-olunur\/","url":"https:\/\/www.meydan.tv\/az\/article\/heftesonu-metro-ve-sernisindasimaya-qoyulan-mehdudiyyet-legv-olunur\/","name":"H\u0259ft\u0259sonu metro v\u0259 s\u0259rni\u015finda\u015f\u0131maya qoyulan m\u0259hdudiyy\u0259t l\u0259\u011fv olunur - MEYDAN.TV","isPartOf":{"@id":"https:\/\/www.meydan.tv\/az\/#website"},"primaryImageOfPage":{"@id":"https:\/\/www.meydan.tv\/az\/article\/heftesonu-metro-ve-sernisindasimaya-qoyulan-mehdudiyyet-legv-olunur\/#primaryimage"},"image":{"@id":"https:\/\/www.meydan.tv\/az\/article\/heftesonu-metro-ve-sernisindasimaya-qoyulan-mehdudiyyet-legv-olunur\/#primaryimage"},"thumbnailUrl":"https:\/\/www.meydan.tv\/wp-content\/uploads\/258334.jpg","datePublished":"2021-09-24T18:44:40+00:00","breadcrumb":{"@id":"https:\/\/www.meydan.tv\/az\/article\/heftesonu-metro-ve-sernisindasimaya-qoyulan-mehdudiyyet-legv-olunur\/#breadcrumb"},"inLanguage":"az","potentialAction":[{"@type":"ReadAction","target":["https:\/\/www.meydan.tv\/az\/article\/heftesonu-metro-ve-sernisindasimaya-qoyulan-mehdudiyyet-legv-olunur\/"]}]},{"@type":"ImageObject","inLanguage":"az","@id":"https:\/\/www.meydan.tv\/az\/article\/heftesonu-metro-ve-sernisindasimaya-qoyulan-mehdudiyyet-legv-olunur\/#primaryimage","url":"https:\/\/www.meydan.tv\/wp-content\/uploads\/258334.jpg","contentUrl":"https:\/\/www.meydan.tv\/wp-content\/uploads\/258334.jpg","width":915,"height":481,"caption":"Source: google.az"},{"@type":"BreadcrumbList","@id":"https:\/\/www.meydan.tv\/az\/article\/heftesonu-metro-ve-sernisindasimaya-qoyulan-mehdudiyyet-legv-olunur\/#breadcrumb","itemListElement":[{"@type":"ListItem","position":1,"name":"Ana s\u0259hif\u0259","item":"https:\/\/www.meydan.tv\/az\/"},{"@type":"ListItem","position":2,"name":"Sosial","item":"https:\/\/www.meydan.tv\/az\/section\/sosial\/"},{"@type":"ListItem","position":3,"name":"H\u0259ft\u0259sonu metro v\u0259 s\u0259rni\u015finda\u015f\u0131maya qoyulan m\u0259hdudiyy\u0259t l\u0259\u011fv olunur"}]},{"@type":"WebSite","@id":"https:\/\/www.meydan.tv\/az\/#website","url":"https:\/\/www.meydan.tv\/az\/","name":"MEYDAN.TV","description":"Meydan TV Az\u0259rbaycan\u0131n media m\u0259kan\u0131ndak\u0131 alternativ s\u0259sidir","publisher":{"@id":"https:\/\/www.meydan.tv\/az\/#organization"},"potentialAction":[{"@type":"SearchAction","target":{"@type":"EntryPoint","urlTemplate":"https:\/\/www.meydan.tv\/az\/?s={search_term_string}"},"query-input":{"@type":"PropertyValueSpecification","valueRequired":true,"valueName":"search_term_string"}}],"inLanguage":"az"},{"@type":"Organization","@id":"https:\/\/www.meydan.tv\/az\/#organization","name":"Meydan TV","url":"https:\/\/www.meydan.tv\/az\/","logo":{"@type":"ImageObject","inLanguage":"az","@id":"https:\/\/www.meydan.tv\/az\/#\/schema\/logo\/image\/","url":"https:\/\/www.meydan.tv\/wp-content\/uploads\/2021\/07\/meydan-logo.svg","contentUrl":"https:\/\/www.meydan.tv\/wp-content\/uploads\/2021\/07\/meydan-logo.svg","width":195,"height":46,"caption":"Meydan TV"},"image":{"@id":"https:\/\/www.meydan.tv\/az\/#\/schema\/logo\/image\/"}},{"@type":"Person","@id":"https:\/\/www.meydan.tv\/az\/#\/schema\/person\/10d11eccf6da3662cf5fdab9806ea91a","name":"user-manager"}]}},"_links":{"self":[{"href":"https:\/\/www.meydan.tv\/az\/wp-json\/wp\/v2\/posts\/212997","targetHints":{"allow":["GET"]}}],"collection":[{"href":"https:\/\/www.meydan.tv\/az\/wp-json\/wp\/v2\/posts"}],"about":[{"href":"https:\/\/www.meydan.tv\/az\/wp-json\/wp\/v2\/types\/post"}],"author":[{"embeddable":true,"href":"https:\/\/www.meydan.tv\/az\/wp-json\/wp\/v2\/users\/11"}],"replies":[{"embeddable":true,"href":"https:\/\/www.meydan.tv\/az\/wp-json\/wp\/v2\/comments?post=212997"}],"version-history":[{"count":0,"href":"https:\/\/www.meydan.tv\/az\/wp-json\/wp\/v2\/posts\/212997\/revisions"}],"wp:featuredmedia":[{"embeddable":true,"href":"https:\/\/www.meydan.tv\/az\/wp-json\/wp\/v2\/media\/154269"}],"wp:attachment":[{"href":"https:\/\/www.meydan.tv\/az\/wp-json\/wp\/v2\/media?parent=212997"}],"wp:term":[{"taxonomy":"category","embeddable":true,"href":"https:\/\/www.meydan.tv\/az\/wp-json\/wp\/v2\/categories?post=212997"},{"taxonomy":"post_tag","embeddable":true,"href":"https:\/\/www.meydan.tv\/az\/wp-json\/wp\/v2\/tags?post=212997"}],"curies":[{"name":"wp","href":"https:\/\/api.w.org\/{rel}","templated":true}]}}