{"id":212986,"date":"2021-09-24T10:41:44","date_gmt":"2021-09-24T10:41:44","guid":{"rendered":"https:\/\/www.meydan.tv\/article\/eli-mireliyev-yuxarida-oturan-alverciler-emekdar-ve-xalq-artisti-adini-pulla-satiblar\/"},"modified":"2021-09-24T10:41:44","modified_gmt":"2021-09-24T10:41:44","slug":"eli-mireliyev-yuxarida-oturan-alverciler-emekdar-ve-xalq-artisti-adini-pulla-satiblar","status":"publish","type":"post","link":"https:\/\/www.meydan.tv\/az\/article\/eli-mireliyev-yuxarida-oturan-alverciler-emekdar-ve-xalq-artisti-adini-pulla-satiblar\/","title":{"rendered":"\u018fli Mir\u0259liyev: Yuxar\u0131da oturan alver\u00e7il\u0259r \u018fm\u0259kdar v\u0259 Xalq artisti ad\u0131n\u0131 pulla sat\u0131blar"},"content":{"rendered":"<p>\n  <i><br \/>\n    &quot;Han\u0131 bizim f\u0259xri ad\u0131m\u0131z? Yoxdur&quot;<br \/>\n  <\/i>\n<\/p>\n<p>\n  <b><br \/>\n    M\u00fc\u011f\u0259nni \u018fli Mir\u0259liyev Meydan TV-nin suallar\u0131n\u0131 cavabland\u0131r\u0131b.<br \/>\n  <\/b>\n<\/p>\n<p>\n  <b><br \/>\n    Telekanllarda baya\u011f\u0131 musiqil\u0259rd\u0259n \u015fikay\u0259tl\u0259n\u0259n ifa\u00e7\u0131 il\u0259 musiqi t\u0259hsili, qalmaqallar, f\u0259xri adlar v\u0259 dig\u0259r sual yaradan m\u0259qamlara toxunduq.<br \/>\n  <\/b>\n<\/p>\n<p>\n  &#8211;<br \/>\n  <i><br \/>\n    \u018fli m\u00fc\u0259llim, son ill\u0259r h\u0259m t\u0259bii \u00f6l\u00fcm, h\u0259m d\u0259 pandemiya bir \u00e7ox s\u0259n\u0259tkarlar\u0131n v\u0259fat\u0131na s\u0259b\u0259b oldu. Az\u0259rbaycan c\u0259miyy\u0259tind\u0259 onlar\u0131n yerini doldurma\u011fa potensial g\u00f6r\u00fcrs\u00fcn\u00fczm\u00fc?<br \/>\n  <\/i>\n<\/p>\n<p>\n  &#8211; G\u00f6rm\u00fcr\u0259m. \u0130ndi s\u0259n\u0259td\u0259 \u00f6zba\u015f\u0131nal\u0131q edirl\u0259r. \u00c7\u00fcnki yerl\u0259r bo\u015fdur. Tofiq Quliyev, S\u0259id R\u00fcst\u0259mov, Elza \u0130brahimova, Oqtay Kaz\u0131mov yoxdur. \u018flibaba m\u00fc\u0259llim (M\u0259mm\u0259dov-red) s\u0259sini \u00e7\u0131xar\u0131b dan\u0131\u015fm\u0131r. Arif Babayev, Can\u0259li \u018fkb\u0259rov da susur. T\u0259\u0259ss\u00fcf ki, bu biab\u0131r\u00e7\u0131l\u0131\u011fa reaksiya vermirl\u0259r. Efirl\u0259r\u0259 bax\u0131n, n\u0259 oyunlardan \u00e7\u0131x\u0131rlar. G\u00f6r\u00fcn, hans\u0131 musiqil\u0259ri t\u0259msil edirl\u0259r. \u201cLider\u201di ba\u011flad\u0131lar, \u201cSpace\u201dd\u0259 kadr d\u0259yi\u015fikliyi etdil\u0259r ki, baya\u011f\u0131 musiqil\u0259r olmas\u0131n. Han\u0131 n\u0259tic\u0259si? Bunlar sanki \u00dczeyir Hac\u0131b\u0259yova deyirl\u0259r ki, s\u0259n kims\u0259n? Biz yeni \u00dczeyir b\u0259y g\u0259tirmi\u015fik. O da Mehdizad\u0259dir.\n<\/p>\n<p>\n  <i><br \/>\n    &#8211; Hesab edirsiniz ki, adlar\u0131n\u0131 sadalad\u0131\u011f\u0131n\u0131z s\u0259n\u0259tkarlar da sizin kimi dan\u0131\u015fsalar, n\u0259tic\u0259si olacaq?<br \/>\n  <\/i>\n<\/p>\n<p>\n  &#8211; \u018flb\u0259tt\u0259, olacaq. Alim Qas\u0131movun oxudu\u011fu hans\u0131 mu\u011fam\u0131d\u0131r? Farsca oxuyur, d\u0259rvi\u015flik edir. Bizd\u0259 he\u00e7 bir s\u0259n\u0259tkar \u2013 Xan \u0259mi (\u015eu\u015finski-red), Arif Babayev, \u018flibaba M\u0259mm\u0259dov, Seyid \u015eu\u015finski, Cabbar Qarya\u011fd\u0131o\u011flu, Ke\u00e7\u0259\u00e7io\u011flu M\u0259h\u0259mm\u0259d bel\u0259 oxumay\u0131b. O vaxtlar \u018flibaba M\u0259mm\u0259dovla, Habil \u018fliyev Alim Qas\u0131movala dava edirdil\u0259r ki, s\u0259n Az\u0259rbaycan musiqisi il\u0259 n\u0259 oyun \u00e7\u0131xar\u0131rsan? B\u0259li, Alim 1992-ci il\u0259 q\u0259d\u0259r normal oxuyub. H\u0259tta o, oxuyanda, m\u0259n a\u011flam\u0131\u015fam. \u0130ndi el\u0259 bil ki, yasdasan, bu da d\u0259rvi\u015flik edir, azan verir. Azanla mu\u011fam\u0131 qar\u0131\u015fd\u0131r\u0131b. M\u0259nsum \u0130brahomov bir d\u0259f\u0259 olsun, \u201cindeyski\u201d, \u201ckitayski\u201d bo\u011fazlar edib? Ya da ondan sonra g\u0259l\u0259nl\u0259r &#8211; Teyyub Aslanov, Bab\u0259k Nift\u0259liyev, Kamil\u0259 N\u0259biyeva. Bunlar Az\u0259rbaycan musiqisi oxuyurlar. \u0130ndi respublikan\u0131n da ba\u015f\u0131 Qaraba\u011f m\u0259s\u0259l\u0259sin\u0259 qar\u0131\u015f\u0131b. M\u0259d\u0259niyy\u0259t Nazirliyi d\u0259 Qaraba\u011f s\u00f6hb\u0259tin\u0259 \u00fcz tutub. Az\u0259rbaycan xalq\u0131 da \u015eu\u015fada, orada-burada Alim Qas\u0131movu t\u0259msil edir. G\u00f6r\u00fcn, indi biz n\u0259 g\u00fcnd\u0259yik. B\u0259li, d\u0259rvi\u015f, fars musiqisind\u0259n sonra \u00fczeyir mehdizad\u0259l\u0259r g\u0259ldi, al\u0259m bir-birin\u0259 qar\u0131\u015fd\u0131. G\u0259l, indi bundan ba\u015f \u00e7\u0131xar.\n<\/p>\n<p>\n  <i><br \/>\n    &#8211; B\u0259lk\u0259, \u00f6t\u0259n 30-40 il s\u0259n\u0259tl\u0259 \u015fou-biznesin yerini s\u0259hv sal\u0131b, yaxud ikinci birincini s\u0131radan \u00e7\u0131xar\u0131b?<br \/>\n  <\/i>\n<\/p>\n<p>\n  &#8211; Bilirsiniz, problem n\u0259d\u0259dir? \u0130yirmi ildir deyir\u0259m ki, Az\u0259rbaycan televiziyas\u0131 v\u0259 radiosunda b\u0259dii \u015fura olmal\u0131d\u0131r. \u00c7\u0131x\u0131\u015f yolu budur ki, salamat qalan s\u0259n\u0259tkarlar\u0131 b\u0259dii \u015furaya toplas\u0131nlar &#8211; Ayg\u00fcn S\u0259m\u0259dzad\u0259, Oqtay R\u0259c\u0259bov, Baba V\u0259ziro\u011flu olsun. M\u0259n d\u0259 professional m\u00fc\u011f\u0259nni kimi onlar\u0131n i\u00e7ind\u0259 yer al\u0131m. \u00c7\u00fcnki S\u0259id R\u00fcst\u0259mov, Tofiq Quliyev, Cavangir Cahangirov, Fikr\u0259t \u018fmirov musiqisind\u0259n x\u0259b\u0259rdaram. Az\u0259rbaycan musiqisi t\u0259k be\u015f-on n\u0259f\u0259rin \u0259lind\u0259 deyil. Az\u0259rbaycan musiqisinin sahibi d\u0259 M\u0259d\u0259niyy\u0259t Nazirliyi deyil, xalqd\u0131r. Xalq da bilir ki, \u018fli d\u00fcz dan\u0131\u015f\u0131r. \u018fm\u0259kdar, Xalq artisti adlar\u0131n\u0131 pul verib al\u0131blar. Sonra da deyirl\u0259r ki, d\u00f6vl\u0259t bizi tan\u0131y\u0131r. D\u00f6vl\u0259tin he\u00e7 sizin varl\u0131\u011f\u0131n\u0131zdan x\u0259b\u0259ri yoxdur. M\u0259d\u0259niyy\u0259t Nazirliyi konsert\u0259 kimi yaz\u0131r, onu da g\u0259tirib, oxudurlar. \u0130ndi d\u00f6vl\u0259t yaz\u0131q n\u0259 bilsin ki, s\u0259n d\u00fcz oxuyursan, ya \u0259yri. Onu musiqi\u00e7i \u018flibaba M\u0259mm\u0259dov, Arif Babayev, Can\u0259li \u018fkb\u0259rov, Faiq S\u00fcc\u0259ddinov, Eldar Mansurov, Cavan\u015fir Quliyev bilir. Biz bilirik, m\u0259n, Zaur Rzayev bilir.\n<\/p>\n<p>\n  &#8211;<br \/>\n  <i><br \/>\n    Professional ifa\u00e7\u0131 oldu\u011funuzu dediniz. Sual yaran\u0131r: yarad\u0131c\u0131l\u0131\u011f\u0131n\u0131zda hans\u0131 yenilikl\u0259r var? Xeyli fasil\u0259d\u0259n sonra s\u0259n\u0259t\u0259 qay\u0131dandan, ifan\u0131zda yeni mahn\u0131lar e\u015fitm\u0259dik. Efirl\u0259rd\u0259 yaln\u0131z k\u00f6hn\u0259 mahn\u0131lar\u0131n\u0131z\u0131 oxuyursunuz.<br \/>\n  <\/i>\n<\/p>\n<p>\n  &#8211; 2010-cu ild\u0259n bu yana on be\u015f\u0259 yax\u0131n yeni mahn\u0131 oxumu\u015fam.\n<\/p>\n<p>\n  <i><br \/>\n    &#8211; Bu mahn\u0131lar harada s\u0259sl\u0259nir?<br \/>\n  <\/i>\n<\/p>\n<p>\n  &#8211; He\u00e7 harada. Siz onlar\u0131 e\u015fitm\u0259y\u0259c\u0259ksiniz. \u00c7\u00fcnki onlar\u0131 efir\u0259 vermirl\u0259r.\n<\/p>\n<p>\n  &#8211;<br \/>\n  <i><br \/>\n    S\u0259b\u0259b n\u0259dir?<br \/>\n  <\/i>\n<\/p>\n<p>\n  &#8211; Ona g\u00f6r\u0259 vermirl\u0259r ki, mahn\u0131lar\u0131m\u0131 s\u0259sl\u0259ndirs\u0259l\u0259r, dig\u0259rl\u0259rini efir\u0259 buraxmayacaqlar. Dey\u0259c\u0259kl\u0259r ki, \u018fli Mir\u0259liyevi \u00e7a\u011f\u0131r\u0131n, g\u00f6r, n\u0259 g\u00f6z\u0259l oxuyur. Bu yax\u0131nlarda \u201cGec\u0259l\u0259r bulaq ba\u015f\u0131\u201d mahn\u0131s\u0131n\u0131 t\u0259krar oxumu\u015fam. G\u00f6r\u00fcn, bu mahn\u0131n\u0131 indiki m\u00fc\u011f\u0259nnil\u0259r nec\u0259 oxuyur. Nec\u0259 biab\u0131r\u00e7\u0131l\u0131q, nec\u0259 bo\u011fazlar edirl\u0259r. B\u0259xtiyar Vahabzad\u0259 s\u00f6zl\u0259r\u0259, Elza \u0130brahimova da musiqiy\u0259 \u201cduzunu-istiotunu\u201d qat\u0131b. \u0130ndikil\u0259r is\u0259 el\u0259 oxuyurlar ki, mahn\u0131 ya \u201c\u015for\u201d, ya da \u201c\u015fit\u201d al\u0131n\u0131r. Demir\u0259m ki, g\u00f6z\u0259l m\u00fc\u011f\u0259nniy\u0259m. Amma professional m\u00fc\u011f\u0259nniy\u0259m. 1972-ci ild\u0259n \u201cDan ulduzu\u201d ansambl\u0131n\u0131n, S\u0259id R\u00fcst\u0259mov ad\u0131na orkestrin, Mahn\u0131 R\u0259qs Ansambl\u0131n\u0131n, Az\u0259rbaycan D\u00f6vl\u0259t Televiziyas\u0131n\u0131n solisti olmu\u015fam. G\u00fcla\u011fa M\u0259mm\u0259dov, \u015e\u00f6vk\u0259t \u018fl\u0259kb\u0259rova, Sara Q\u0259dimova, R\u00fcbab\u0259 Muradova, Fatma Mehr\u0259liyeva, T\u00fck\u0259zban \u0130smay\u0131lova, \u0130slam Rzayev, Yaqub M\u0259mm\u0259dov, Zeyn\u0259b Xanlarova, R\u0259\u015fid Behbudov, Xan \u0259mi, M\u00fcsl\u00fcm Maqomayev kimi s\u0259n\u0259tkarlarla \u00e7\u0131x\u0131\u015f etmi\u015f\u0259m.\n<\/p>\n<p>\n  <i><br \/>\n    &#8211; Siz 70-80-ci ill\u0259rd\u0259 musiqi meydan\u0131nda oldunuz, 90-c\u0131 ill\u0259rd\u0259 g\u00f6r\u00fcnm\u0259diniz. Yenid\u0259n qay\u0131dandan sonra qalmaqals\u0131z ke\u00e7inmirsiniz. Bu, xarakterinizd\u0259n ir\u0259li g\u0259lir, yoxsa s\u0259n\u0259t v\u0259 \u015fou-biznes aras\u0131nda h\u0259l\u0259 se\u00e7im ed\u0259 bilm\u0259misiniz?<br \/>\n  <\/i>\n<\/p>\n<p>\n  &#8211; Siz bu sual\u0131 Namiq Qara\u00e7uxurluya ver\u0259 bil\u0259rsiniz. M\u0259n s\u0259n\u0259tkaram. S\u0259n\u0259t yolunda add\u0131m-add\u0131m ir\u0259lil\u0259mi\u015f\u0259m. Q\u0131rxa yax\u0131n xarici \u00f6lk\u0259d\u0259 olmu\u015fam. Be\u015f xarici pasportum var, ham\u0131s\u0131 dolub, t\u0259z\u0259sini a\u00e7\u0131blar. El\u0259 bilirsiz ki, m\u0259n r\u0259hm\u0259tlik S\u0259m\u0259d S\u0259m\u0259dov kimi yer\u0259 g\u00f6yd\u0259n d\u00fc\u015fm\u00fc\u015f\u0259m? Onlar toylarla, m\u0259n is\u0259 musiqi il\u0259 add\u0131mlam\u0131\u015fam. H\u00fcseyna\u011fa Had\u0131yev, Akif \u0130slamzad\u0259 d\u0259 musiqi il\u0259 ad\u0131mlay\u0131b. \u00dc\u00e7\u00fcm\u00fcz d\u0259 G\u00fcla\u011fa M\u0259mm\u0259dov v\u0259 \u015e\u00f6vk\u0259t \u018fl\u0259kb\u0259rovadan sonra Az\u0259rbaycan musiqisin\u0259 qulluq etmi\u015fik. Han\u0131 bizim f\u0259xri ad\u0131m\u0131z? Yoxdur. Olmayacaq da. \u00c7\u00fcnki yuxar\u0131da oturan alver\u00e7il\u0259r, f\u0259xri adlar\u0131 pulla satanlar bizi Az\u0259rbaycan musiqisind\u0259 g\u00f6rm\u00fcrl\u0259r. \u201c\u015e\u0259r\u0259f\u201d ordenini \u015f\u0259r\u0259fsiz adamlara verirl\u0259r. \u018fks\u0259riyy\u0259ti \u015f\u0259r\u0259fsizdir, biz onlar\u0131 tan\u0131y\u0131r\u0131q. \u018flb\u0259tt\u0259 ki, i\u00e7ind\u0259 yax\u015f\u0131lar\u0131 da var. Bundan sonra \u0259lli-y\u00fcz il d\u0259 ke\u00e7s\u0259, Akif \u0130slamzad\u0259 kimi m\u00fc\u011f\u0259nni g\u0259lm\u0259y\u0259c\u0259k. He\u00e7 m\u0259nd\u0259n d\u0259 olmayacaq. Ad\u0131m\u0131 qalmaqall\u0131 qoyublar. Daha demirl\u0259r ki, \u018fli Mir\u0259liyev musiqimizin t\u0259mizliyi u\u011frunda dan\u0131\u015f\u0131r. Bu adam musiqimizin ke\u015fik\u00e7isidir, t\u0259\u0259ss\u00fcbke\u015fidir. Bel\u0259 demirl\u0259r, \u00e7\u00fcnki bunlara s\u0259rf etmir. Verili\u015f\u0259 d\u0259v\u0259t edirl\u0259r, q\u0259sd\u0259n m\u00f6vzu at\u0131rlar ki, ara q\u0131z\u0131\u015fs\u0131n. M\u0259nd\u0259 d\u0259 u\u015faql\u0131qdan bir balaca aqressiya var. D\u00fcz s\u00f6z\u00fcm\u00fc q\u0131\u015fq\u0131ra-q\u0131\u015fq\u0131ra deyir\u0259m. K\u0259nardan da el\u0259 g\u00f6r\u00fcn\u00fcr ki, qalmaqal salmaq ist\u0259yir\u0259m. M\u0259n\u0259 Jirinovski deyirl\u0259r. Jirinovski yox, \u018fli Mir\u0259liyev\u0259m, az\u0259rbaycanl\u0131yam. \u0130\u00e7imd\u0259 bir \u00fcsyan var. Az\u0259rbaycan musiqisin\u0259 pis g\u00fcn\u0259 qoyanlara \u00fcsyan edir\u0259m. M\u0259ni efir\u0259 oxuma\u011fa yox, qalmaqala \u00e7a\u011f\u0131r\u0131rlar. Ax\u0131rda da k\u00f6hn\u0259 mahn\u0131lar\u0131m\u0131 oxumaqla kifay\u0259tl\u0259nir\u0259m. Sonra da ad\u0131m\u0131 qalmaqal\u00e7\u0131 qoyurlar.\n<\/p>\n<p>\n  <i><br \/>\n    &#8211; Az\u0259rbaycanda pandemiyaya g\u00f6r\u0259 il yar\u0131m toylar olmad\u0131. Bu m\u0259nada Mir\u0259liyev nec\u0259 dolan\u0131r?<br \/>\n  <\/i>\n<\/p>\n<p>\n  &#8211; H\u0259l\u0259 pandemiyadan qabaq toylara getmirdim, imtina etmi\u015f\u0259m. S\u0259b\u0259b baya\u011f\u0131 mahn\u0131lar\u0131n s\u0259sl\u0259nm\u0259si, h\u0259m\u00e7inin toy zallar\u0131n\u0131n h\u0259dd\u0259n art\u0131q b\u00f6y\u00fck olmas\u0131d\u0131r. Restoran sahibl\u0259ri pul qazanmaq \u00fc\u00e7\u00fcn b\u00f6y\u00fck zallar tikibl\u0259r, tavan \u00e7ox h\u00fcnd\u00fcr oldu\u011fu \u00fc\u00e7\u00fcn akustika yoxdur. S\u0259s bir-birin\u0259 qar\u0131\u015f\u0131r. Musiqi\u00e7il\u0259rin h\u0259r\u0259sinin qar\u015f\u0131s\u0131nda bir mikrofon, m\u00fc\u011f\u0259nnid\u0259 d\u0259 mikrafon. El\u0259 bilirs\u0259n ki, \u201ckolxoz bazar\u0131\u201dna g\u0259lmis\u0259n. Bizim vaxt\u0131m\u0131zda, banket v\u0259 toy zallar\u0131 90-100 n\u0259f\u0259rlik olurdu, a\u011f\u0131z dey\u0259ni, qulaq e\u015fidirdi. Art\u0131q alt\u0131-yeddi ildir ki, \u201cARB\u201d TV-d\u0259 i\u015fl\u0259yir\u0259m. Telekanaldan ald\u0131\u011f\u0131m maa\u015f v\u0259 pensiyamla dolanram.<\/p>\n","protected":false},"excerpt":{"rendered":"<p>&#8220;D\u00fcz s\u00f6z\u00fcm\u00fc q\u0131\u015fq\u0131ra-q\u0131\u015fq\u0131ra deyir\u0259m&#8221;<\/p>\n","protected":false},"author":11,"featured_media":210412,"comment_status":"closed","ping_status":"open","sticky":false,"template":"","format":"standard","meta":{"_acf_changed":false,"_sitemap_exclude":false,"_sitemap_priority":"","_sitemap_frequency":"","footnotes":""},"categories":[52],"tags":[],"class_list":["post-212986","post","type-post","status-publish","format-standard","has-post-thumbnail","hentry","category-medeniyyet","infinite-scroll-item","generate-columns","tablet-grid-50","mobile-grid-100","grid-parent","grid-33","no-featured-image-padding"],"acf":[],"yoast_head":"<!-- This site is optimized with the Yoast SEO plugin v27.4 - https:\/\/yoast.com\/product\/yoast-seo-wordpress\/ -->\n<title>\u018fli Mir\u0259liyev: Yuxar\u0131da oturan alver\u00e7il\u0259r \u018fm\u0259kdar v\u0259 Xalq artisti ad\u0131n\u0131 pulla sat\u0131blar - MEYDAN.TV<\/title>\n<meta name=\"robots\" content=\"index, follow, max-snippet:-1, max-image-preview:large, max-video-preview:-1\" \/>\n<link rel=\"canonical\" href=\"https:\/\/www.meydan.tv\/az\/article\/eli-mireliyev-yuxarida-oturan-alverciler-emekdar-ve-xalq-artisti-adini-pulla-satiblar\/\" \/>\n<meta property=\"og:locale\" content=\"az_AZ\" \/>\n<meta property=\"og:type\" content=\"article\" \/>\n<meta property=\"og:title\" content=\"\u018fli Mir\u0259liyev: Yuxar\u0131da oturan alver\u00e7il\u0259r \u018fm\u0259kdar v\u0259 Xalq artisti ad\u0131n\u0131 pulla sat\u0131blar - MEYDAN.TV\" \/>\n<meta property=\"og:description\" content=\"&quot;D\u00fcz s\u00f6z\u00fcm\u00fc q\u0131\u015fq\u0131ra-q\u0131\u015fq\u0131ra deyir\u0259m&quot;\" \/>\n<meta property=\"og:url\" content=\"https:\/\/www.meydan.tv\/az\/article\/eli-mireliyev-yuxarida-oturan-alverciler-emekdar-ve-xalq-artisti-adini-pulla-satiblar\/\" \/>\n<meta property=\"og:site_name\" content=\"MEYDAN.TV\" \/>\n<meta property=\"article:published_time\" content=\"2021-09-24T10:41:44+00:00\" \/>\n<meta property=\"og:image\" content=\"https:\/\/www.meydan.tv\/wp-content\/uploads\/ali_ukynflj.jpg\" \/>\n\t<meta property=\"og:image:width\" content=\"800\" \/>\n\t<meta property=\"og:image:height\" content=\"533\" \/>\n\t<meta property=\"og:image:type\" content=\"image\/jpeg\" \/>\n<meta name=\"author\" content=\"user-manager\" \/>\n<meta name=\"twitter:card\" content=\"summary_large_image\" \/>\n<script type=\"application\/ld+json\" class=\"yoast-schema-graph\">{\"@context\":\"https:\\\/\\\/schema.org\",\"@graph\":[{\"@type\":\"Article\",\"@id\":\"https:\\\/\\\/www.meydan.tv\\\/az\\\/article\\\/eli-mireliyev-yuxarida-oturan-alverciler-emekdar-ve-xalq-artisti-adini-pulla-satiblar\\\/#article\",\"isPartOf\":{\"@id\":\"https:\\\/\\\/www.meydan.tv\\\/az\\\/article\\\/eli-mireliyev-yuxarida-oturan-alverciler-emekdar-ve-xalq-artisti-adini-pulla-satiblar\\\/\"},\"author\":{\"name\":\"user-manager\",\"@id\":\"https:\\\/\\\/www.meydan.tv\\\/az\\\/#\\\/schema\\\/person\\\/10d11eccf6da3662cf5fdab9806ea91a\"},\"headline\":\"\u018fli Mir\u0259liyev: Yuxar\u0131da oturan alver\u00e7il\u0259r \u018fm\u0259kdar v\u0259 Xalq artisti ad\u0131n\u0131 pulla sat\u0131blar\",\"datePublished\":\"2021-09-24T10:41:44+00:00\",\"mainEntityOfPage\":{\"@id\":\"https:\\\/\\\/www.meydan.tv\\\/az\\\/article\\\/eli-mireliyev-yuxarida-oturan-alverciler-emekdar-ve-xalq-artisti-adini-pulla-satiblar\\\/\"},\"wordCount\":1554,\"publisher\":{\"@id\":\"https:\\\/\\\/www.meydan.tv\\\/az\\\/#organization\"},\"image\":{\"@id\":\"https:\\\/\\\/www.meydan.tv\\\/az\\\/article\\\/eli-mireliyev-yuxarida-oturan-alverciler-emekdar-ve-xalq-artisti-adini-pulla-satiblar\\\/#primaryimage\"},\"thumbnailUrl\":\"https:\\\/\\\/www.meydan.tv\\\/wp-content\\\/uploads\\\/ali_ukynflj.jpg\",\"articleSection\":[\"M\u0259d\u0259niyy\u0259t\"],\"inLanguage\":\"az\"},{\"@type\":\"WebPage\",\"@id\":\"https:\\\/\\\/www.meydan.tv\\\/az\\\/article\\\/eli-mireliyev-yuxarida-oturan-alverciler-emekdar-ve-xalq-artisti-adini-pulla-satiblar\\\/\",\"url\":\"https:\\\/\\\/www.meydan.tv\\\/az\\\/article\\\/eli-mireliyev-yuxarida-oturan-alverciler-emekdar-ve-xalq-artisti-adini-pulla-satiblar\\\/\",\"name\":\"\u018fli Mir\u0259liyev: Yuxar\u0131da oturan alver\u00e7il\u0259r \u018fm\u0259kdar v\u0259 Xalq artisti ad\u0131n\u0131 pulla sat\u0131blar - MEYDAN.TV\",\"isPartOf\":{\"@id\":\"https:\\\/\\\/www.meydan.tv\\\/az\\\/#website\"},\"primaryImageOfPage\":{\"@id\":\"https:\\\/\\\/www.meydan.tv\\\/az\\\/article\\\/eli-mireliyev-yuxarida-oturan-alverciler-emekdar-ve-xalq-artisti-adini-pulla-satiblar\\\/#primaryimage\"},\"image\":{\"@id\":\"https:\\\/\\\/www.meydan.tv\\\/az\\\/article\\\/eli-mireliyev-yuxarida-oturan-alverciler-emekdar-ve-xalq-artisti-adini-pulla-satiblar\\\/#primaryimage\"},\"thumbnailUrl\":\"https:\\\/\\\/www.meydan.tv\\\/wp-content\\\/uploads\\\/ali_ukynflj.jpg\",\"datePublished\":\"2021-09-24T10:41:44+00:00\",\"breadcrumb\":{\"@id\":\"https:\\\/\\\/www.meydan.tv\\\/az\\\/article\\\/eli-mireliyev-yuxarida-oturan-alverciler-emekdar-ve-xalq-artisti-adini-pulla-satiblar\\\/#breadcrumb\"},\"inLanguage\":\"az\",\"potentialAction\":[{\"@type\":\"ReadAction\",\"target\":[\"https:\\\/\\\/www.meydan.tv\\\/az\\\/article\\\/eli-mireliyev-yuxarida-oturan-alverciler-emekdar-ve-xalq-artisti-adini-pulla-satiblar\\\/\"]}]},{\"@type\":\"ImageObject\",\"inLanguage\":\"az\",\"@id\":\"https:\\\/\\\/www.meydan.tv\\\/az\\\/article\\\/eli-mireliyev-yuxarida-oturan-alverciler-emekdar-ve-xalq-artisti-adini-pulla-satiblar\\\/#primaryimage\",\"url\":\"https:\\\/\\\/www.meydan.tv\\\/wp-content\\\/uploads\\\/ali_ukynflj.jpg\",\"contentUrl\":\"https:\\\/\\\/www.meydan.tv\\\/wp-content\\\/uploads\\\/ali_ukynflj.jpg\",\"width\":800,\"height\":533,\"caption\":\"Source: Specify Source\"},{\"@type\":\"BreadcrumbList\",\"@id\":\"https:\\\/\\\/www.meydan.tv\\\/az\\\/article\\\/eli-mireliyev-yuxarida-oturan-alverciler-emekdar-ve-xalq-artisti-adini-pulla-satiblar\\\/#breadcrumb\",\"itemListElement\":[{\"@type\":\"ListItem\",\"position\":1,\"name\":\"Ana s\u0259hif\u0259\",\"item\":\"https:\\\/\\\/www.meydan.tv\\\/az\\\/\"},{\"@type\":\"ListItem\",\"position\":2,\"name\":\"M\u0259d\u0259niyy\u0259t\",\"item\":\"https:\\\/\\\/www.meydan.tv\\\/az\\\/section\\\/medeniyyet\\\/\"},{\"@type\":\"ListItem\",\"position\":3,\"name\":\"\u018fli Mir\u0259liyev: Yuxar\u0131da oturan alver\u00e7il\u0259r \u018fm\u0259kdar v\u0259 Xalq artisti ad\u0131n\u0131 pulla sat\u0131blar\"}]},{\"@type\":\"WebSite\",\"@id\":\"https:\\\/\\\/www.meydan.tv\\\/az\\\/#website\",\"url\":\"https:\\\/\\\/www.meydan.tv\\\/az\\\/\",\"name\":\"MEYDAN.TV\",\"description\":\"Meydan TV Az\u0259rbaycan\u0131n media m\u0259kan\u0131ndak\u0131 alternativ s\u0259sidir\",\"publisher\":{\"@id\":\"https:\\\/\\\/www.meydan.tv\\\/az\\\/#organization\"},\"potentialAction\":[{\"@type\":\"SearchAction\",\"target\":{\"@type\":\"EntryPoint\",\"urlTemplate\":\"https:\\\/\\\/www.meydan.tv\\\/az\\\/?s={search_term_string}\"},\"query-input\":{\"@type\":\"PropertyValueSpecification\",\"valueRequired\":true,\"valueName\":\"search_term_string\"}}],\"inLanguage\":\"az\"},{\"@type\":\"Organization\",\"@id\":\"https:\\\/\\\/www.meydan.tv\\\/az\\\/#organization\",\"name\":\"Meydan TV\",\"url\":\"https:\\\/\\\/www.meydan.tv\\\/az\\\/\",\"logo\":{\"@type\":\"ImageObject\",\"inLanguage\":\"az\",\"@id\":\"https:\\\/\\\/www.meydan.tv\\\/az\\\/#\\\/schema\\\/logo\\\/image\\\/\",\"url\":\"https:\\\/\\\/www.meydan.tv\\\/wp-content\\\/uploads\\\/2021\\\/07\\\/meydan-logo.svg\",\"contentUrl\":\"https:\\\/\\\/www.meydan.tv\\\/wp-content\\\/uploads\\\/2021\\\/07\\\/meydan-logo.svg\",\"width\":195,\"height\":46,\"caption\":\"Meydan TV\"},\"image\":{\"@id\":\"https:\\\/\\\/www.meydan.tv\\\/az\\\/#\\\/schema\\\/logo\\\/image\\\/\"}},{\"@type\":\"Person\",\"@id\":\"https:\\\/\\\/www.meydan.tv\\\/az\\\/#\\\/schema\\\/person\\\/10d11eccf6da3662cf5fdab9806ea91a\",\"name\":\"user-manager\"}]}<\/script>\n<!-- \/ Yoast SEO plugin. -->","yoast_head_json":{"title":"\u018fli Mir\u0259liyev: Yuxar\u0131da oturan alver\u00e7il\u0259r \u018fm\u0259kdar v\u0259 Xalq artisti ad\u0131n\u0131 pulla sat\u0131blar - MEYDAN.TV","robots":{"index":"index","follow":"follow","max-snippet":"max-snippet:-1","max-image-preview":"max-image-preview:large","max-video-preview":"max-video-preview:-1"},"canonical":"https:\/\/www.meydan.tv\/az\/article\/eli-mireliyev-yuxarida-oturan-alverciler-emekdar-ve-xalq-artisti-adini-pulla-satiblar\/","og_locale":"az_AZ","og_type":"article","og_title":"\u018fli Mir\u0259liyev: Yuxar\u0131da oturan alver\u00e7il\u0259r \u018fm\u0259kdar v\u0259 Xalq artisti ad\u0131n\u0131 pulla sat\u0131blar - MEYDAN.TV","og_description":"\"D\u00fcz s\u00f6z\u00fcm\u00fc q\u0131\u015fq\u0131ra-q\u0131\u015fq\u0131ra deyir\u0259m\"","og_url":"https:\/\/www.meydan.tv\/az\/article\/eli-mireliyev-yuxarida-oturan-alverciler-emekdar-ve-xalq-artisti-adini-pulla-satiblar\/","og_site_name":"MEYDAN.TV","article_published_time":"2021-09-24T10:41:44+00:00","og_image":[{"width":800,"height":533,"url":"https:\/\/www.meydan.tv\/wp-content\/uploads\/ali_ukynflj.jpg","type":"image\/jpeg"}],"author":"user-manager","twitter_card":"summary_large_image","schema":{"@context":"https:\/\/schema.org","@graph":[{"@type":"Article","@id":"https:\/\/www.meydan.tv\/az\/article\/eli-mireliyev-yuxarida-oturan-alverciler-emekdar-ve-xalq-artisti-adini-pulla-satiblar\/#article","isPartOf":{"@id":"https:\/\/www.meydan.tv\/az\/article\/eli-mireliyev-yuxarida-oturan-alverciler-emekdar-ve-xalq-artisti-adini-pulla-satiblar\/"},"author":{"name":"user-manager","@id":"https:\/\/www.meydan.tv\/az\/#\/schema\/person\/10d11eccf6da3662cf5fdab9806ea91a"},"headline":"\u018fli Mir\u0259liyev: Yuxar\u0131da oturan alver\u00e7il\u0259r \u018fm\u0259kdar v\u0259 Xalq artisti ad\u0131n\u0131 pulla sat\u0131blar","datePublished":"2021-09-24T10:41:44+00:00","mainEntityOfPage":{"@id":"https:\/\/www.meydan.tv\/az\/article\/eli-mireliyev-yuxarida-oturan-alverciler-emekdar-ve-xalq-artisti-adini-pulla-satiblar\/"},"wordCount":1554,"publisher":{"@id":"https:\/\/www.meydan.tv\/az\/#organization"},"image":{"@id":"https:\/\/www.meydan.tv\/az\/article\/eli-mireliyev-yuxarida-oturan-alverciler-emekdar-ve-xalq-artisti-adini-pulla-satiblar\/#primaryimage"},"thumbnailUrl":"https:\/\/www.meydan.tv\/wp-content\/uploads\/ali_ukynflj.jpg","articleSection":["M\u0259d\u0259niyy\u0259t"],"inLanguage":"az"},{"@type":"WebPage","@id":"https:\/\/www.meydan.tv\/az\/article\/eli-mireliyev-yuxarida-oturan-alverciler-emekdar-ve-xalq-artisti-adini-pulla-satiblar\/","url":"https:\/\/www.meydan.tv\/az\/article\/eli-mireliyev-yuxarida-oturan-alverciler-emekdar-ve-xalq-artisti-adini-pulla-satiblar\/","name":"\u018fli Mir\u0259liyev: Yuxar\u0131da oturan alver\u00e7il\u0259r \u018fm\u0259kdar v\u0259 Xalq artisti ad\u0131n\u0131 pulla sat\u0131blar - MEYDAN.TV","isPartOf":{"@id":"https:\/\/www.meydan.tv\/az\/#website"},"primaryImageOfPage":{"@id":"https:\/\/www.meydan.tv\/az\/article\/eli-mireliyev-yuxarida-oturan-alverciler-emekdar-ve-xalq-artisti-adini-pulla-satiblar\/#primaryimage"},"image":{"@id":"https:\/\/www.meydan.tv\/az\/article\/eli-mireliyev-yuxarida-oturan-alverciler-emekdar-ve-xalq-artisti-adini-pulla-satiblar\/#primaryimage"},"thumbnailUrl":"https:\/\/www.meydan.tv\/wp-content\/uploads\/ali_ukynflj.jpg","datePublished":"2021-09-24T10:41:44+00:00","breadcrumb":{"@id":"https:\/\/www.meydan.tv\/az\/article\/eli-mireliyev-yuxarida-oturan-alverciler-emekdar-ve-xalq-artisti-adini-pulla-satiblar\/#breadcrumb"},"inLanguage":"az","potentialAction":[{"@type":"ReadAction","target":["https:\/\/www.meydan.tv\/az\/article\/eli-mireliyev-yuxarida-oturan-alverciler-emekdar-ve-xalq-artisti-adini-pulla-satiblar\/"]}]},{"@type":"ImageObject","inLanguage":"az","@id":"https:\/\/www.meydan.tv\/az\/article\/eli-mireliyev-yuxarida-oturan-alverciler-emekdar-ve-xalq-artisti-adini-pulla-satiblar\/#primaryimage","url":"https:\/\/www.meydan.tv\/wp-content\/uploads\/ali_ukynflj.jpg","contentUrl":"https:\/\/www.meydan.tv\/wp-content\/uploads\/ali_ukynflj.jpg","width":800,"height":533,"caption":"Source: Specify Source"},{"@type":"BreadcrumbList","@id":"https:\/\/www.meydan.tv\/az\/article\/eli-mireliyev-yuxarida-oturan-alverciler-emekdar-ve-xalq-artisti-adini-pulla-satiblar\/#breadcrumb","itemListElement":[{"@type":"ListItem","position":1,"name":"Ana s\u0259hif\u0259","item":"https:\/\/www.meydan.tv\/az\/"},{"@type":"ListItem","position":2,"name":"M\u0259d\u0259niyy\u0259t","item":"https:\/\/www.meydan.tv\/az\/section\/medeniyyet\/"},{"@type":"ListItem","position":3,"name":"\u018fli Mir\u0259liyev: Yuxar\u0131da oturan alver\u00e7il\u0259r \u018fm\u0259kdar v\u0259 Xalq artisti ad\u0131n\u0131 pulla sat\u0131blar"}]},{"@type":"WebSite","@id":"https:\/\/www.meydan.tv\/az\/#website","url":"https:\/\/www.meydan.tv\/az\/","name":"MEYDAN.TV","description":"Meydan TV Az\u0259rbaycan\u0131n media m\u0259kan\u0131ndak\u0131 alternativ s\u0259sidir","publisher":{"@id":"https:\/\/www.meydan.tv\/az\/#organization"},"potentialAction":[{"@type":"SearchAction","target":{"@type":"EntryPoint","urlTemplate":"https:\/\/www.meydan.tv\/az\/?s={search_term_string}"},"query-input":{"@type":"PropertyValueSpecification","valueRequired":true,"valueName":"search_term_string"}}],"inLanguage":"az"},{"@type":"Organization","@id":"https:\/\/www.meydan.tv\/az\/#organization","name":"Meydan TV","url":"https:\/\/www.meydan.tv\/az\/","logo":{"@type":"ImageObject","inLanguage":"az","@id":"https:\/\/www.meydan.tv\/az\/#\/schema\/logo\/image\/","url":"https:\/\/www.meydan.tv\/wp-content\/uploads\/2021\/07\/meydan-logo.svg","contentUrl":"https:\/\/www.meydan.tv\/wp-content\/uploads\/2021\/07\/meydan-logo.svg","width":195,"height":46,"caption":"Meydan TV"},"image":{"@id":"https:\/\/www.meydan.tv\/az\/#\/schema\/logo\/image\/"}},{"@type":"Person","@id":"https:\/\/www.meydan.tv\/az\/#\/schema\/person\/10d11eccf6da3662cf5fdab9806ea91a","name":"user-manager"}]}},"_links":{"self":[{"href":"https:\/\/www.meydan.tv\/az\/wp-json\/wp\/v2\/posts\/212986","targetHints":{"allow":["GET"]}}],"collection":[{"href":"https:\/\/www.meydan.tv\/az\/wp-json\/wp\/v2\/posts"}],"about":[{"href":"https:\/\/www.meydan.tv\/az\/wp-json\/wp\/v2\/types\/post"}],"author":[{"embeddable":true,"href":"https:\/\/www.meydan.tv\/az\/wp-json\/wp\/v2\/users\/11"}],"replies":[{"embeddable":true,"href":"https:\/\/www.meydan.tv\/az\/wp-json\/wp\/v2\/comments?post=212986"}],"version-history":[{"count":0,"href":"https:\/\/www.meydan.tv\/az\/wp-json\/wp\/v2\/posts\/212986\/revisions"}],"wp:featuredmedia":[{"embeddable":true,"href":"https:\/\/www.meydan.tv\/az\/wp-json\/wp\/v2\/media\/210412"}],"wp:attachment":[{"href":"https:\/\/www.meydan.tv\/az\/wp-json\/wp\/v2\/media?parent=212986"}],"wp:term":[{"taxonomy":"category","embeddable":true,"href":"https:\/\/www.meydan.tv\/az\/wp-json\/wp\/v2\/categories?post=212986"},{"taxonomy":"post_tag","embeddable":true,"href":"https:\/\/www.meydan.tv\/az\/wp-json\/wp\/v2\/tags?post=212986"}],"curies":[{"name":"wp","href":"https:\/\/api.w.org\/{rel}","templated":true}]}}