{"id":212979,"date":"2021-09-23T11:10:47","date_gmt":"2021-09-23T11:10:47","guid":{"rendered":"https:\/\/www.meydan.tv\/article\/ecofront-tekce-celilabad-mesebeyliyinde-225-qanunsuz-kesilmis-agac-askarlanib\/"},"modified":"2021-09-23T11:10:47","modified_gmt":"2021-09-23T11:10:47","slug":"ecofront-tekce-celilabad-mesebeyliyinde-225-qanunsuz-kesilmis-agac-askarlanib","status":"publish","type":"post","link":"https:\/\/www.meydan.tv\/az\/article\/ecofront-tekce-celilabad-mesebeyliyinde-225-qanunsuz-kesilmis-agac-askarlanib\/","title":{"rendered":"\u201cEcofront\u201d: T\u0259kc\u0259 C\u0259lilabad me\u015f\u0259b\u0259yliyind\u0259 225 qanunsuz k\u0259\u015filmi\u015f a\u011fac a\u015fkarlan\u0131b"},"content":{"rendered":"<p>\n  Sakinl\u0259r d\u0259 me\u015f\u0259 \u0259razisind\u0259 a\u011faclar\u0131n k\u0259silm\u0259sind\u0259n narahatd\u0131r\n<\/p>\n<p>\n  Masall\u0131 v\u0259 C\u0259lilabad rayonlar\u0131n\u0131n me\u015f\u0259 \u0259razil\u0259rind\u0259 a\u011faclar k\u0259silir, me\u015f\u0259 torpa\u011f\u0131 da\u015f\u0131n\u0131r.\n<\/p>\n<p>\n  Sakinl\u0259r bildirirl\u0259r ki, torpa\u011f\u0131 da\u015f\u0131nm\u0131\u015f 1 hektardan \u00e7ox \u0259razi var v\u0259 h\u0259min \u0259razil\u0259r\u0259 d\u0259ymi\u015f ziyan y\u00fcz minl\u0259rl\u0259 manat civar\u0131ndad\u0131r. \u018frazil\u0259r a\u011f\u0131r tonaj\u0131 texnikan\u0131n d\u0259st\u0259yi il\u0259 qaz\u0131l\u0131b. D\u0259rin qaz\u0131ld\u0131\u011f\u0131 \u00fc\u00e7\u00fcn yerind\u0259n su da \u00e7\u0131x\u0131b:\n<\/p>\n<p>\n  \u201cTorpaqlar\u0131 da\u015f\u0131y\u0131b k\u0259rpic zavodlar\u0131na apar\u0131rlar. Y\u0259ni sat\u0131rlar. Me\u015f\u0259 torpaqlar\u0131n\u0131n sat\u0131lmas\u0131n\u0131n arxas\u0131nda Masall\u0131 Regional Me\u015f\u0259 T\u0259s\u0259rr\u00fcfat\u0131 M\u0259rk\u0259zinin \u0259m\u0259kda\u015flar\u0131 durur. Ke\u00e7mi\u015fd\u0259 buna g\u00f6r\u0259 m\u0259hkumlu\u011fu da olub yen\u0259 eyni yerd\u0259 \u00e7al\u0131\u015f\u0131r. Tonlarla zavodlara torpaq da\u015f\u0131n\u0131r. D\u0259y\u0259n ziyan hesablanmal\u0131d\u0131r, etmirl\u0259r\u201d, &#8211; C\u0259lilabad rayonunun Soyuqbulaq k\u0259ndinin sakini Mirxas Sad\u0131qov bel\u0259 deyir.\n<\/p>\n<figure class=\"wp-block-image size-large\">\n  <img decoding=\"async\" src=\"https:\/\/www.meydan.tv\/az\/241784467_4315756908473141_5392328660385445510_n-jpg-2\/\" alt=\"241784467_4315756908473141_5392328660385445510_n.jpg\" class=\"wp-image-210376\"\/><figcaption>\n    Sakinl\u0259r bildirirl\u0259r ki, torpa\u011f\u0131 da\u015f\u0131nm\u0131\u015f 1 hektardan \u00e7ox \u0259razi var<br \/>\n  <\/figcaption><\/figure>\n<p>\n  M. Sad\u0131qov bildirir ki, h\u0259r iki rayonun \u0259razisind\u0259 olan me\u015f\u0259 sah\u0259l\u0259rinin ham\u0131s\u0131 bu durumdad\u0131r:\n<\/p>\n<p>\n  \u201cA\u011faclar k\u0259silir, torpaq qaz\u0131l\u0131r, da\u015f\u0131n\u0131r. Bu \u0259razil\u0259r\u0259 n\u0259zar\u0259t ed\u0259n Masall\u0131 Regional Me\u015f\u0259 T\u0259s\u0259rr\u00fcfat\u0131 M\u0259rk\u0259zi n\u0259y\u0259 bax\u0131r? Yaxud Ekologiya v\u0259 T\u0259bii S\u0259rv\u0259tl\u0259r Nazirliyi niy\u0259 m\u00fcdaxil\u0259 etmir?\u201d\n<\/p>\n<p>\n  Ekoloji m\u0259lumatlar payla\u015fan \u201cFacebook\u201d s\u0259hif\u0259si \u201cEcofront\u201d Masall\u0131 v\u0259 C\u0259lilabad me\u015f\u0259l\u0259ri il\u0259 ba\u011fl\u0131 yayd\u0131\u011f\u0131 m\u0259lumatda bildirir ki, Masall\u0131 RMTM-nin t\u0259kc\u0259 C\u0259lilabad me\u015f\u0259b\u0259yliyind\u0259 225 qanunsuz k\u0259\u015filmi\u015f a\u011fac a\u015fkarlan\u0131b:\n<\/p>\n<p>\n  \u201cBel\u0259 dem\u0259k olar ki, C\u0259lilabad me\u015f\u0259b\u0259yliyinin yiy\u0259si yoxdur. \u0130st\u0259y\u0259n me\u015f\u0259d\u0259n a\u011fac k\u0259sib apara bilir. Bunlar Azat, D\u0259mira\u011fac, \u015eabal\u0131dyarpaq pal\u0131d a\u011faclar\u0131d\u0131r. Azat a\u011fac\u0131n\u0131n ad\u0131 \u201cQ\u0131rm\u0131z\u0131 kitab\u201dda da var. D\u0259y\u0259rli me\u015f\u0259lik \u0259razil\u0259rimiz hans\u0131sa ekologiya sah\u0259sind\u0259n anlay\u0131\u015f\u0131 olmayan m\u0259murlar\u0131n qazanc m\u0259nb\u0259yin\u0259 \u00e7evrilib\u201d.\n<\/p>\n<figure class=\"wp-block-image size-large\">\n  <img decoding=\"async\" src=\"https:\/\/www.meydan.tv\/az\/241886489_4318955544819944_4626491108191667450_n-jpg\/\" alt=\"241886489_4318955544819944_4626491108191667450_n.jpg\" class=\"wp-image-210355\"\/><figcaption>\n    &#8220;Bu \u0259razil\u0259r\u0259 n\u0259zar\u0259t ed\u0259n Masall\u0131 Regional Me\u015f\u0259 T\u0259s\u0259rr\u00fcfat\u0131 M\u0259rk\u0259zi n\u0259y\u0259 bax\u0131r?&#8221;<br \/>\n  <\/figcaption><\/figure>\n<p>\n  Mirxas Sad\u0131qov deyir ki, k\u0259sil\u0259n a\u011faclar\u0131n ham\u0131s\u0131 irig\u00f6vd\u0259lidir v\u0259 \u00e7oxu q\u0259sd\u0259n z\u0259d\u0259l\u0259nib, quruma\u011fa t\u0259rk edilib.\n<\/p>\n<p>\n  Masall\u0131 Rayon \u0130cra Hakimiyy\u0259tind\u0259n bildirilib ki, bu m\u0259s\u0259l\u0259l\u0259r onlar\u0131n s\u0259lahiyy\u0259tin\u0259 daxil deyil:\n<\/p>\n<p>\n  \u201cBizim s\u0259lahiyy\u0259timizd\u0259 olmad\u0131\u011f\u0131 \u00fc\u00e7\u00fcn ara\u015fd\u0131r\u0131b, t\u0259dbir g\u00f6r\u0259 d\u0259 bilm\u0259rik. \u00dcmumiyy\u0259tl\u0259, bel\u0259 bir problemin oldu\u011fundan da x\u0259b\u0259rsizik\u201d.\n<\/p>\n<p>\n  Masall\u0131 Regional Me\u015f\u0259 T\u0259s\u0259ss\u00fcfat\u0131 M\u0259rk\u0259zind\u0259n is\u0259 bildirib ki, deyil\u0259nl\u0259r yaland\u0131r:\n<\/p>\n<p>\n  \u201cBir ne\u00e7\u0259 n\u0259f\u0259r var, s\u0131rf bizim i\u015fimiz\u0259 k\u00f6lg\u0259 salmaqd\u0131r m\u0259qs\u0259dl\u0259ri. B\u00fct\u00fcn g\u00fcn\u00fc yalan m\u0259lumatlar yay\u0131rlar\u201d.\n<\/p>\n<figure class=\"wp-block-image size-large\">\n  <img decoding=\"async\" src=\"https:\/\/www.meydan.tv\/az\/241681898_4318955671486598_8781313620322064383_n-jpg\/\" alt=\"241681898_4318955671486598_8781313620322064383_n.jpg\" class=\"wp-image-210379\"\/><figcaption>\n    &#8220;D\u0259y\u0259rli me\u015f\u0259lik \u0259razil\u0259rimiz hans\u0131sa ekologiya sah\u0259sind\u0259n anlay\u0131\u015f\u0131 olmayan m\u0259murlar\u0131n qazanc m\u0259nb\u0259yin\u0259 \u00e7evrilib\u201d.<br \/>\n  <\/figcaption><\/figure>\n","protected":false},"excerpt":{"rendered":"<p>\u201cBizim s\u0259lahiyy\u0259timizd\u0259 olmad\u0131\u011f\u0131 \u00fc\u00e7\u00fcn ara\u015fd\u0131r\u0131b, t\u0259dbir g\u00f6r\u0259 d\u0259 bilm\u0259rik.<\/p>\n","protected":false},"author":11,"featured_media":210352,"comment_status":"closed","ping_status":"open","sticky":false,"template":"","format":"standard","meta":{"_acf_changed":false,"_sitemap_exclude":false,"_sitemap_priority":"","_sitemap_frequency":"","footnotes":""},"categories":[60],"tags":[],"class_list":["post-212979","post","type-post","status-publish","format-standard","has-post-thumbnail","hentry","category-bolge","infinite-scroll-item","generate-columns","tablet-grid-50","mobile-grid-100","grid-parent","grid-33","no-featured-image-padding"],"acf":[],"yoast_head":"<!-- This site is optimized with the Yoast SEO plugin v27.5 - https:\/\/yoast.com\/product\/yoast-seo-wordpress\/ -->\n<title>\u201cEcofront\u201d: T\u0259kc\u0259 C\u0259lilabad me\u015f\u0259b\u0259yliyind\u0259 225 qanunsuz k\u0259\u015filmi\u015f a\u011fac a\u015fkarlan\u0131b - MEYDAN.TV<\/title>\n<meta name=\"robots\" content=\"index, follow, max-snippet:-1, max-image-preview:large, max-video-preview:-1\" \/>\n<link rel=\"canonical\" href=\"https:\/\/www.meydan.tv\/az\/article\/ecofront-tekce-celilabad-mesebeyliyinde-225-qanunsuz-kesilmis-agac-askarlanib\/\" \/>\n<meta property=\"og:locale\" content=\"az_AZ\" \/>\n<meta property=\"og:type\" content=\"article\" \/>\n<meta property=\"og:title\" content=\"\u201cEcofront\u201d: T\u0259kc\u0259 C\u0259lilabad me\u015f\u0259b\u0259yliyind\u0259 225 qanunsuz k\u0259\u015filmi\u015f a\u011fac a\u015fkarlan\u0131b - MEYDAN.TV\" \/>\n<meta property=\"og:description\" content=\"\u201cBizim s\u0259lahiyy\u0259timizd\u0259 olmad\u0131\u011f\u0131 \u00fc\u00e7\u00fcn ara\u015fd\u0131r\u0131b, t\u0259dbir g\u00f6r\u0259 d\u0259 bilm\u0259rik.\" \/>\n<meta property=\"og:url\" content=\"https:\/\/www.meydan.tv\/az\/article\/ecofront-tekce-celilabad-mesebeyliyinde-225-qanunsuz-kesilmis-agac-askarlanib\/\" \/>\n<meta property=\"og:site_name\" content=\"MEYDAN.TV\" \/>\n<meta property=\"article:published_time\" content=\"2021-09-23T11:10:47+00:00\" \/>\n<meta property=\"og:image\" content=\"https:\/\/www.meydan.tv\/wp-content\/uploads\/242039909_4318955884819910_7859404052837807551_n.jpg\" \/>\n\t<meta property=\"og:image:width\" content=\"960\" \/>\n\t<meta property=\"og:image:height\" content=\"720\" \/>\n\t<meta property=\"og:image:type\" content=\"image\/jpeg\" \/>\n<meta name=\"author\" content=\"user-manager\" \/>\n<meta name=\"twitter:card\" content=\"summary_large_image\" \/>\n<script type=\"application\/ld+json\" class=\"yoast-schema-graph\">{\"@context\":\"https:\\\/\\\/schema.org\",\"@graph\":[{\"@type\":\"Article\",\"@id\":\"https:\\\/\\\/www.meydan.tv\\\/az\\\/article\\\/ecofront-tekce-celilabad-mesebeyliyinde-225-qanunsuz-kesilmis-agac-askarlanib\\\/#article\",\"isPartOf\":{\"@id\":\"https:\\\/\\\/www.meydan.tv\\\/az\\\/article\\\/ecofront-tekce-celilabad-mesebeyliyinde-225-qanunsuz-kesilmis-agac-askarlanib\\\/\"},\"author\":{\"name\":\"user-manager\",\"@id\":\"https:\\\/\\\/www.meydan.tv\\\/az\\\/#\\\/schema\\\/person\\\/10d11eccf6da3662cf5fdab9806ea91a\"},\"headline\":\"\u201cEcofront\u201d: T\u0259kc\u0259 C\u0259lilabad me\u015f\u0259b\u0259yliyind\u0259 225 qanunsuz k\u0259\u015filmi\u015f a\u011fac a\u015fkarlan\u0131b\",\"datePublished\":\"2021-09-23T11:10:47+00:00\",\"mainEntityOfPage\":{\"@id\":\"https:\\\/\\\/www.meydan.tv\\\/az\\\/article\\\/ecofront-tekce-celilabad-mesebeyliyinde-225-qanunsuz-kesilmis-agac-askarlanib\\\/\"},\"wordCount\":551,\"publisher\":{\"@id\":\"https:\\\/\\\/www.meydan.tv\\\/az\\\/#organization\"},\"image\":{\"@id\":\"https:\\\/\\\/www.meydan.tv\\\/az\\\/article\\\/ecofront-tekce-celilabad-mesebeyliyinde-225-qanunsuz-kesilmis-agac-askarlanib\\\/#primaryimage\"},\"thumbnailUrl\":\"https:\\\/\\\/www.meydan.tv\\\/wp-content\\\/uploads\\\/242039909_4318955884819910_7859404052837807551_n.jpg\",\"articleSection\":[\"B\u00f6lg\u0259\"],\"inLanguage\":\"az\"},{\"@type\":\"WebPage\",\"@id\":\"https:\\\/\\\/www.meydan.tv\\\/az\\\/article\\\/ecofront-tekce-celilabad-mesebeyliyinde-225-qanunsuz-kesilmis-agac-askarlanib\\\/\",\"url\":\"https:\\\/\\\/www.meydan.tv\\\/az\\\/article\\\/ecofront-tekce-celilabad-mesebeyliyinde-225-qanunsuz-kesilmis-agac-askarlanib\\\/\",\"name\":\"\u201cEcofront\u201d: T\u0259kc\u0259 C\u0259lilabad me\u015f\u0259b\u0259yliyind\u0259 225 qanunsuz k\u0259\u015filmi\u015f a\u011fac a\u015fkarlan\u0131b - MEYDAN.TV\",\"isPartOf\":{\"@id\":\"https:\\\/\\\/www.meydan.tv\\\/az\\\/#website\"},\"primaryImageOfPage\":{\"@id\":\"https:\\\/\\\/www.meydan.tv\\\/az\\\/article\\\/ecofront-tekce-celilabad-mesebeyliyinde-225-qanunsuz-kesilmis-agac-askarlanib\\\/#primaryimage\"},\"image\":{\"@id\":\"https:\\\/\\\/www.meydan.tv\\\/az\\\/article\\\/ecofront-tekce-celilabad-mesebeyliyinde-225-qanunsuz-kesilmis-agac-askarlanib\\\/#primaryimage\"},\"thumbnailUrl\":\"https:\\\/\\\/www.meydan.tv\\\/wp-content\\\/uploads\\\/242039909_4318955884819910_7859404052837807551_n.jpg\",\"datePublished\":\"2021-09-23T11:10:47+00:00\",\"breadcrumb\":{\"@id\":\"https:\\\/\\\/www.meydan.tv\\\/az\\\/article\\\/ecofront-tekce-celilabad-mesebeyliyinde-225-qanunsuz-kesilmis-agac-askarlanib\\\/#breadcrumb\"},\"inLanguage\":\"az\",\"potentialAction\":[{\"@type\":\"ReadAction\",\"target\":[\"https:\\\/\\\/www.meydan.tv\\\/az\\\/article\\\/ecofront-tekce-celilabad-mesebeyliyinde-225-qanunsuz-kesilmis-agac-askarlanib\\\/\"]}]},{\"@type\":\"ImageObject\",\"inLanguage\":\"az\",\"@id\":\"https:\\\/\\\/www.meydan.tv\\\/az\\\/article\\\/ecofront-tekce-celilabad-mesebeyliyinde-225-qanunsuz-kesilmis-agac-askarlanib\\\/#primaryimage\",\"url\":\"https:\\\/\\\/www.meydan.tv\\\/wp-content\\\/uploads\\\/242039909_4318955884819910_7859404052837807551_n.jpg\",\"contentUrl\":\"https:\\\/\\\/www.meydan.tv\\\/wp-content\\\/uploads\\\/242039909_4318955884819910_7859404052837807551_n.jpg\",\"width\":960,\"height\":720,\"caption\":\"Source: Specify Source\"},{\"@type\":\"BreadcrumbList\",\"@id\":\"https:\\\/\\\/www.meydan.tv\\\/az\\\/article\\\/ecofront-tekce-celilabad-mesebeyliyinde-225-qanunsuz-kesilmis-agac-askarlanib\\\/#breadcrumb\",\"itemListElement\":[{\"@type\":\"ListItem\",\"position\":1,\"name\":\"Ana s\u0259hif\u0259\",\"item\":\"https:\\\/\\\/www.meydan.tv\\\/az\\\/\"},{\"@type\":\"ListItem\",\"position\":2,\"name\":\"B\u00f6lg\u0259\",\"item\":\"https:\\\/\\\/www.meydan.tv\\\/az\\\/section\\\/bolge\\\/\"},{\"@type\":\"ListItem\",\"position\":3,\"name\":\"\u201cEcofront\u201d: T\u0259kc\u0259 C\u0259lilabad me\u015f\u0259b\u0259yliyind\u0259 225 qanunsuz k\u0259\u015filmi\u015f a\u011fac a\u015fkarlan\u0131b\"}]},{\"@type\":\"WebSite\",\"@id\":\"https:\\\/\\\/www.meydan.tv\\\/az\\\/#website\",\"url\":\"https:\\\/\\\/www.meydan.tv\\\/az\\\/\",\"name\":\"MEYDAN.TV\",\"description\":\"Meydan TV Az\u0259rbaycan\u0131n media m\u0259kan\u0131ndak\u0131 alternativ s\u0259sidir\",\"publisher\":{\"@id\":\"https:\\\/\\\/www.meydan.tv\\\/az\\\/#organization\"},\"potentialAction\":[{\"@type\":\"SearchAction\",\"target\":{\"@type\":\"EntryPoint\",\"urlTemplate\":\"https:\\\/\\\/www.meydan.tv\\\/az\\\/?s={search_term_string}\"},\"query-input\":{\"@type\":\"PropertyValueSpecification\",\"valueRequired\":true,\"valueName\":\"search_term_string\"}}],\"inLanguage\":\"az\"},{\"@type\":\"Organization\",\"@id\":\"https:\\\/\\\/www.meydan.tv\\\/az\\\/#organization\",\"name\":\"Meydan TV\",\"url\":\"https:\\\/\\\/www.meydan.tv\\\/az\\\/\",\"logo\":{\"@type\":\"ImageObject\",\"inLanguage\":\"az\",\"@id\":\"https:\\\/\\\/www.meydan.tv\\\/az\\\/#\\\/schema\\\/logo\\\/image\\\/\",\"url\":\"https:\\\/\\\/www.meydan.tv\\\/wp-content\\\/uploads\\\/2021\\\/07\\\/meydan-logo.svg\",\"contentUrl\":\"https:\\\/\\\/www.meydan.tv\\\/wp-content\\\/uploads\\\/2021\\\/07\\\/meydan-logo.svg\",\"width\":195,\"height\":46,\"caption\":\"Meydan TV\"},\"image\":{\"@id\":\"https:\\\/\\\/www.meydan.tv\\\/az\\\/#\\\/schema\\\/logo\\\/image\\\/\"}},{\"@type\":\"Person\",\"@id\":\"https:\\\/\\\/www.meydan.tv\\\/az\\\/#\\\/schema\\\/person\\\/10d11eccf6da3662cf5fdab9806ea91a\",\"name\":\"user-manager\"}]}<\/script>\n<!-- \/ Yoast SEO plugin. -->","yoast_head_json":{"title":"\u201cEcofront\u201d: T\u0259kc\u0259 C\u0259lilabad me\u015f\u0259b\u0259yliyind\u0259 225 qanunsuz k\u0259\u015filmi\u015f a\u011fac a\u015fkarlan\u0131b - MEYDAN.TV","robots":{"index":"index","follow":"follow","max-snippet":"max-snippet:-1","max-image-preview":"max-image-preview:large","max-video-preview":"max-video-preview:-1"},"canonical":"https:\/\/www.meydan.tv\/az\/article\/ecofront-tekce-celilabad-mesebeyliyinde-225-qanunsuz-kesilmis-agac-askarlanib\/","og_locale":"az_AZ","og_type":"article","og_title":"\u201cEcofront\u201d: T\u0259kc\u0259 C\u0259lilabad me\u015f\u0259b\u0259yliyind\u0259 225 qanunsuz k\u0259\u015filmi\u015f a\u011fac a\u015fkarlan\u0131b - MEYDAN.TV","og_description":"\u201cBizim s\u0259lahiyy\u0259timizd\u0259 olmad\u0131\u011f\u0131 \u00fc\u00e7\u00fcn ara\u015fd\u0131r\u0131b, t\u0259dbir g\u00f6r\u0259 d\u0259 bilm\u0259rik.","og_url":"https:\/\/www.meydan.tv\/az\/article\/ecofront-tekce-celilabad-mesebeyliyinde-225-qanunsuz-kesilmis-agac-askarlanib\/","og_site_name":"MEYDAN.TV","article_published_time":"2021-09-23T11:10:47+00:00","og_image":[{"width":960,"height":720,"url":"https:\/\/www.meydan.tv\/wp-content\/uploads\/242039909_4318955884819910_7859404052837807551_n.jpg","type":"image\/jpeg"}],"author":"user-manager","twitter_card":"summary_large_image","schema":{"@context":"https:\/\/schema.org","@graph":[{"@type":"Article","@id":"https:\/\/www.meydan.tv\/az\/article\/ecofront-tekce-celilabad-mesebeyliyinde-225-qanunsuz-kesilmis-agac-askarlanib\/#article","isPartOf":{"@id":"https:\/\/www.meydan.tv\/az\/article\/ecofront-tekce-celilabad-mesebeyliyinde-225-qanunsuz-kesilmis-agac-askarlanib\/"},"author":{"name":"user-manager","@id":"https:\/\/www.meydan.tv\/az\/#\/schema\/person\/10d11eccf6da3662cf5fdab9806ea91a"},"headline":"\u201cEcofront\u201d: T\u0259kc\u0259 C\u0259lilabad me\u015f\u0259b\u0259yliyind\u0259 225 qanunsuz k\u0259\u015filmi\u015f a\u011fac a\u015fkarlan\u0131b","datePublished":"2021-09-23T11:10:47+00:00","mainEntityOfPage":{"@id":"https:\/\/www.meydan.tv\/az\/article\/ecofront-tekce-celilabad-mesebeyliyinde-225-qanunsuz-kesilmis-agac-askarlanib\/"},"wordCount":551,"publisher":{"@id":"https:\/\/www.meydan.tv\/az\/#organization"},"image":{"@id":"https:\/\/www.meydan.tv\/az\/article\/ecofront-tekce-celilabad-mesebeyliyinde-225-qanunsuz-kesilmis-agac-askarlanib\/#primaryimage"},"thumbnailUrl":"https:\/\/www.meydan.tv\/wp-content\/uploads\/242039909_4318955884819910_7859404052837807551_n.jpg","articleSection":["B\u00f6lg\u0259"],"inLanguage":"az"},{"@type":"WebPage","@id":"https:\/\/www.meydan.tv\/az\/article\/ecofront-tekce-celilabad-mesebeyliyinde-225-qanunsuz-kesilmis-agac-askarlanib\/","url":"https:\/\/www.meydan.tv\/az\/article\/ecofront-tekce-celilabad-mesebeyliyinde-225-qanunsuz-kesilmis-agac-askarlanib\/","name":"\u201cEcofront\u201d: T\u0259kc\u0259 C\u0259lilabad me\u015f\u0259b\u0259yliyind\u0259 225 qanunsuz k\u0259\u015filmi\u015f a\u011fac a\u015fkarlan\u0131b - MEYDAN.TV","isPartOf":{"@id":"https:\/\/www.meydan.tv\/az\/#website"},"primaryImageOfPage":{"@id":"https:\/\/www.meydan.tv\/az\/article\/ecofront-tekce-celilabad-mesebeyliyinde-225-qanunsuz-kesilmis-agac-askarlanib\/#primaryimage"},"image":{"@id":"https:\/\/www.meydan.tv\/az\/article\/ecofront-tekce-celilabad-mesebeyliyinde-225-qanunsuz-kesilmis-agac-askarlanib\/#primaryimage"},"thumbnailUrl":"https:\/\/www.meydan.tv\/wp-content\/uploads\/242039909_4318955884819910_7859404052837807551_n.jpg","datePublished":"2021-09-23T11:10:47+00:00","breadcrumb":{"@id":"https:\/\/www.meydan.tv\/az\/article\/ecofront-tekce-celilabad-mesebeyliyinde-225-qanunsuz-kesilmis-agac-askarlanib\/#breadcrumb"},"inLanguage":"az","potentialAction":[{"@type":"ReadAction","target":["https:\/\/www.meydan.tv\/az\/article\/ecofront-tekce-celilabad-mesebeyliyinde-225-qanunsuz-kesilmis-agac-askarlanib\/"]}]},{"@type":"ImageObject","inLanguage":"az","@id":"https:\/\/www.meydan.tv\/az\/article\/ecofront-tekce-celilabad-mesebeyliyinde-225-qanunsuz-kesilmis-agac-askarlanib\/#primaryimage","url":"https:\/\/www.meydan.tv\/wp-content\/uploads\/242039909_4318955884819910_7859404052837807551_n.jpg","contentUrl":"https:\/\/www.meydan.tv\/wp-content\/uploads\/242039909_4318955884819910_7859404052837807551_n.jpg","width":960,"height":720,"caption":"Source: Specify Source"},{"@type":"BreadcrumbList","@id":"https:\/\/www.meydan.tv\/az\/article\/ecofront-tekce-celilabad-mesebeyliyinde-225-qanunsuz-kesilmis-agac-askarlanib\/#breadcrumb","itemListElement":[{"@type":"ListItem","position":1,"name":"Ana s\u0259hif\u0259","item":"https:\/\/www.meydan.tv\/az\/"},{"@type":"ListItem","position":2,"name":"B\u00f6lg\u0259","item":"https:\/\/www.meydan.tv\/az\/section\/bolge\/"},{"@type":"ListItem","position":3,"name":"\u201cEcofront\u201d: T\u0259kc\u0259 C\u0259lilabad me\u015f\u0259b\u0259yliyind\u0259 225 qanunsuz k\u0259\u015filmi\u015f a\u011fac a\u015fkarlan\u0131b"}]},{"@type":"WebSite","@id":"https:\/\/www.meydan.tv\/az\/#website","url":"https:\/\/www.meydan.tv\/az\/","name":"MEYDAN.TV","description":"Meydan TV Az\u0259rbaycan\u0131n media m\u0259kan\u0131ndak\u0131 alternativ s\u0259sidir","publisher":{"@id":"https:\/\/www.meydan.tv\/az\/#organization"},"potentialAction":[{"@type":"SearchAction","target":{"@type":"EntryPoint","urlTemplate":"https:\/\/www.meydan.tv\/az\/?s={search_term_string}"},"query-input":{"@type":"PropertyValueSpecification","valueRequired":true,"valueName":"search_term_string"}}],"inLanguage":"az"},{"@type":"Organization","@id":"https:\/\/www.meydan.tv\/az\/#organization","name":"Meydan TV","url":"https:\/\/www.meydan.tv\/az\/","logo":{"@type":"ImageObject","inLanguage":"az","@id":"https:\/\/www.meydan.tv\/az\/#\/schema\/logo\/image\/","url":"https:\/\/www.meydan.tv\/wp-content\/uploads\/2021\/07\/meydan-logo.svg","contentUrl":"https:\/\/www.meydan.tv\/wp-content\/uploads\/2021\/07\/meydan-logo.svg","width":195,"height":46,"caption":"Meydan TV"},"image":{"@id":"https:\/\/www.meydan.tv\/az\/#\/schema\/logo\/image\/"}},{"@type":"Person","@id":"https:\/\/www.meydan.tv\/az\/#\/schema\/person\/10d11eccf6da3662cf5fdab9806ea91a","name":"user-manager"}]}},"_links":{"self":[{"href":"https:\/\/www.meydan.tv\/az\/wp-json\/wp\/v2\/posts\/212979","targetHints":{"allow":["GET"]}}],"collection":[{"href":"https:\/\/www.meydan.tv\/az\/wp-json\/wp\/v2\/posts"}],"about":[{"href":"https:\/\/www.meydan.tv\/az\/wp-json\/wp\/v2\/types\/post"}],"author":[{"embeddable":true,"href":"https:\/\/www.meydan.tv\/az\/wp-json\/wp\/v2\/users\/11"}],"replies":[{"embeddable":true,"href":"https:\/\/www.meydan.tv\/az\/wp-json\/wp\/v2\/comments?post=212979"}],"version-history":[{"count":0,"href":"https:\/\/www.meydan.tv\/az\/wp-json\/wp\/v2\/posts\/212979\/revisions"}],"wp:featuredmedia":[{"embeddable":true,"href":"https:\/\/www.meydan.tv\/az\/wp-json\/wp\/v2\/media\/210352"}],"wp:attachment":[{"href":"https:\/\/www.meydan.tv\/az\/wp-json\/wp\/v2\/media?parent=212979"}],"wp:term":[{"taxonomy":"category","embeddable":true,"href":"https:\/\/www.meydan.tv\/az\/wp-json\/wp\/v2\/categories?post=212979"},{"taxonomy":"post_tag","embeddable":true,"href":"https:\/\/www.meydan.tv\/az\/wp-json\/wp\/v2\/tags?post=212979"}],"curies":[{"name":"wp","href":"https:\/\/api.w.org\/{rel}","templated":true}]}}