{"id":212962,"date":"2021-09-22T15:28:58","date_gmt":"2021-09-22T15:28:58","guid":{"rendered":"https:\/\/www.meydan.tv\/article\/almaniyadan-deport-olunan-jurnalist-kucede-qalmisiq\/"},"modified":"2021-09-22T15:28:58","modified_gmt":"2021-09-22T15:28:58","slug":"almaniyadan-deport-olunan-jurnalist-kucede-qalmisiq","status":"publish","type":"post","link":"https:\/\/www.meydan.tv\/az\/article\/almaniyadan-deport-olunan-jurnalist-kucede-qalmisiq\/","title":{"rendered":"Almaniyadan deport olunan jurnalist: K\u00fc\u00e7\u0259d\u0259 qalm\u0131\u015f\u0131q"},"content":{"rendered":"<p>\n  <i><br \/>\n    &quot;\u201cM\u0259n d\u0259li deyil\u0259m, u\u015faqlar\u0131m\u0131 \u0259limd\u0259n almaq kimi variantlara getm\u0259yin&quot;<br \/>\n  <\/i>\n<\/p>\n<p>\n  Sentyabr\u0131n 14-d\u0259 Almaniyadan deport olunan az\u0259rbaycanl\u0131 jurnalist R\u00f6ya R\u0259fiyeva s\u0131\u011f\u0131naca\u011f\u0131n\u0131n olmad\u0131\u011f\u0131n\u0131 deyir.\n<\/p>\n<p>\n  O, 3 u\u015fa\u011f\u0131 il\u0259 birlikd\u0259 k\u00fc\u00e7\u0259d\u0259 qala bil\u0259c\u0259yind\u0259n narahatd\u0131r: \u201cHava liman\u0131na en\u0259nd\u0259 \u018fm\u0259k v\u0259 \u018fhalinin Sosial M\u00fcdafi\u0259si Nazirliyinin \u0259m\u0259kda\u015f\u0131na evsiz, i\u015fsiz v\u0259 pulsuz oldu\u011fumu bildirmi\u015fdim. O da karantin bit\u0259n kimi Zabratdak\u0131 sosial s\u0131\u011f\u0131naca\u011fa yerl\u0259\u015fdiril\u0259c\u0259yimizi v\u0259 alt\u0131 ay orada pul \u00f6d\u0259m\u0259d\u0259n ya\u015faya bil\u0259c\u0259yimizi demi\u015fdi. Bu g\u00fcn karantin bitib, Atletl\u0259r K\u0259ndind\u0259n \u00e7\u0131xmal\u0131y\u0131q. Ged\u0259c\u0259k yerimiz yoxdur\u201d.\n<\/p>\n<p>\n  2017-ci ild\u0259 Az\u0259rbaycandan ged\u0259n jurnalist R\u00f6ya R\u0259fiyeva v\u0259 3 \u00f6vlad\u0131na Almaniya h\u00f6kum\u0259ti ya\u015famaq icaz\u0259si verm\u0259kd\u0259n imtina edib.\n<\/p>\n<p>\n  O, m\u00fcsahib\u0259l\u0259rind\u0259 \u00f6lk\u0259d\u0259n repressiyalardan bezib getdiyini<br \/>\n  <a href=\"https:\/\/www.meydan.tv\/az\/article\/azerbaycanli-jurnalist-almaniyadan-deportasiya-edildi\/?ref=search\"><br \/>\n    bildirirdi<br \/>\n  <\/a><br \/>\n  .\n<\/p>\n<p>\n  Jurnalist deyir ki, onun haz\u0131rki durumundan \u018fm\u0259k v\u0259 \u018fhalinin Sosial M\u00fcdafi\u0259si Nazirliyinin, D\u00f6vl\u0259t Sosial M\u00fcdafi\u0259 Fondunun, Sosial Xidm\u0259tl\u0259r Agentliyinin x\u0259b\u0259ri var, amma ona haz\u0131rda s\u0131\u011f\u0131nacaqda yer olmad\u0131\u011f\u0131n\u0131 bildiribl\u0259r: \u201cBurada s\u0131\u011f\u0131naca\u011fa ehtiyac\u0131 olan, getm\u0259y\u0259 yeri olmayan dig\u0259r insanlar da var. Ham\u0131m\u0131z k\u00fc\u00e7\u0259d\u0259 qalmaq t\u0259hl\u00fck\u0259sind\u0259yik. M\u0259nim u\u015faqlarla qad\u0131n, yaxud u\u015faq s\u0131\u011f\u0131nacaqlar\u0131na getm\u0259yimi m\u0259sl\u0259h\u0259t g\u00f6r\u00fcrl\u0259r. Ora m\u0259nim v\u0259 u\u015faqlar\u0131m\u0131n psixoloji durumuna uy\u011fun yer deyil. Jurnalist v\u0259 v\u0259t\u0259nda\u015f kimi h\u0259min s\u0131\u011f\u0131nacaqlara d\u0259f\u0259l\u0259rl\u0259 ill\u0259r \u0259vv\u0259l getmi\u015f\u0259m, yer problemi var, bir n\u0259f\u0259rin yerin\u0259 ne\u00e7\u0259si yerl\u0259\u015fdirilir ki, k\u00fc\u00e7\u0259d\u0259 qalmas\u0131nlar. M\u0259n biz\u0259 v\u0259d edil\u0259n d\u00f6vl\u0259tin sosial s\u0131\u011f\u0131naca\u011f\u0131ndan 4 n\u0259f\u0259rlik yox, 1 n\u0259f\u0259rlik yer ist\u0259yir\u0259m. U\u015faqlar\u0131m\u0131 y\u0131\u011faca\u011f\u0131m ki\u00e7ik, bir \u00e7arpay\u0131l\u0131q yer ist\u0259yir\u0259m ki, ail\u0259 olaraq y\u0131\u011f\u0131\u015f\u0131b, durumumu d\u00fc\u015f\u00fcnm\u0259k imkan\u0131m olsun. Bunu etmirl\u0259r\u201d.\n<\/p>\n<p>\n  R\u00f6ya R\u0259fiyeva deyir ki, onlar\u0131 Readmissiya Sazi\u015fin\u0259 \u0259sas\u0259n, geri g\u0259tir\u0259n d\u00f6vl\u0259td\u0259n, h\u00f6kum\u0259td\u0259n s\u0131\u011f\u0131nacaq ist\u0259yir: \u201c\u0130ki ya\u015fl\u0131 q\u0131z\u0131ma qanunsuz olaraq Az\u0259rbaycan v\u0259t\u0259nda\u015f\u0131 oldu\u011funu t\u0259sdiq ed\u0259r\u0259k deport etdir\u0259n miqrasiya qurumlar\u0131ndan burada bizi yerl\u0259\u015fdirm\u0259l\u0259ri \u00fc\u00e7\u00fcn s\u0131\u011f\u0131nacaq t\u0259l\u0259b edir\u0259m. M\u0259nim v\u0259 ba\u015fqa \u00f6lk\u0259 v\u0259t\u0259nda\u015f\u0131 olan atas\u0131n\u0131n r\u0259smi icaz\u0259si olmadan r\u0259smi, qanunsuz s\u0259n\u0259d ver\u0259r\u0259k deportumuza s\u0259b\u0259b olan Almaniyadak\u0131 s\u0259firliyimizd\u0259n, konsullu\u011fumuzdan bizi buradak\u0131 sosial s\u0131\u011f\u0131naca\u011fa yerl\u0259\u015fdirm\u0259l\u0259rini ist\u0259yir\u0259m. \u00d6lk\u0259nin \u00e7i\u00e7\u0259kl\u0259ndiyini, sosial rifah\u0131n y\u00fcks\u0259k s\u0259viyy\u0259d\u0259 oldu\u011funu h\u0259r m\u0259qamda vur\u011fulayan d\u00f6vl\u0259t ba\u015f\u00e7\u0131s\u0131 \u0130lham \u018fliyevd\u0259n bizi, \u00fc\u00e7 u\u015faql\u0131 t\u0259k qad\u0131n\u0131 sosial s\u0131\u011f\u0131naca\u011fa yerl\u0259\u015fdirm\u0259sini ist\u0259yir\u0259m. \u00c7ox \u015fey ist\u0259mir\u0259m ki&#8230;\u201d.\n<\/p>\n<p>\n  R\u00f6ya R\u0259fiyeva bildirir ki, Az\u0259rbaycana \u00f6z xo\u015fu il\u0259 g\u0259lm\u0259yib, h\u0259tta raz\u0131l\u0131\u011f\u0131 olmadan \u00fc\u00e7 u\u015fa\u011f\u0131na qay\u0131d\u0131\u015f \u015f\u0259had\u0259tnam\u0259si verilib: \u201c\u0130ki ya\u015fl\u0131 q\u0131z\u0131m\u0131n g\u0259tirilm\u0259si qanuni deyil, orada ata r\u0259smi ka\u011f\u0131z, h\u0259m\u00e7inin u\u015fa\u011f\u0131n Almaniyadan \u00e7\u0131x\u0131\u015f\u0131 \u00fc\u00e7\u00fcn raz\u0131l\u0131q verm\u0259yib. B\u00fct\u00fcn bunlara r\u0259\u011fm\u0259n, deportuma s\u0259b\u0259b olan Az\u0259rbaycan\u0131n h\u00f6kum\u0259t qurumlar\u0131 bizi s\u0131\u011f\u0131nacaqla t\u0259min etmirl\u0259r, biz k\u00fc\u00e7\u0259d\u0259 qalm\u0131\u015f\u0131q. He\u00e7 bir \u0259laq\u0259m olmayan qohumlar\u0131n qap\u0131s\u0131na polis g\u00fcc\u00fcn\u0259 apar\u0131b atmaq \u00e7\u0131x\u0131\u015f yolu deyil. \u00d6z\u00fcn\u0259 g\u00fcv\u0259nib, y\u00fczl\u0259rl\u0259 qa\u00e7q\u0131n\u0131 geri ist\u0259y\u0259n d\u00f6vl\u0259td\u0259n bir yataql\u0131q s\u0131\u011f\u0131nacaq ist\u0259yir\u0259m\u201d.\n<\/p>\n<p>\n  Jurnalist psixoloji durumunun yerind\u0259 olmad\u0131\u011f\u0131n\u0131 s\u00f6yl\u0259yir: &quot;Apar\u0131b m\u0259ni dispanserd\u0259 \u00e7arpay\u0131ya ba\u011flay\u0131b, \u00f6l\u00fcm\u00fcm\u00fc g\u00f6zl\u0259m\u0259k \u00e7\u0131x\u0131\u015f yolu deyil\u201d.\n<\/p>\n<p>\n  \u201cM\u0259n d\u0259li deyil\u0259m, u\u015faqlar\u0131m\u0131 \u0259limd\u0259n almaq kimi variantlara getm\u0259yin. He\u00e7 kim\u0259 z\u0259r\u0259r ver\u0259c\u0259k biri deyil\u0259m, Almaniyada m\u00fcalic\u0259l\u0259r zaman\u0131 u\u015faqlar\u0131m m\u0259nim \u00f6hd\u0259md\u0259 olub, onlar\u0131 \u0259limd\u0259n almay\u0131blar. Burada da buna c\u0259hd etm\u0259yin, l\u00fctf\u0259n. \u00d6hd\u0259md\u0259 \u00fc\u00e7 azya\u015fl\u0131 var. Onlar\u0131 m\u0259nd\u0259n ay\u0131rmadan, biz\u0259 sosial s\u0131\u011f\u0131nacaq verin. D\u00fc\u015fm\u0259n d\u00f6vl\u0259t olan Erm\u0259nistandan tutub g\u0259tirdikl\u0259rini hotell\u0259rd\u0259 yerl\u0259\u015fdir\u0259n h\u00f6kum\u0259timd\u0259n Az\u0259rbaycan v\u0259t\u0259nda\u015f\u0131 olaraq sosial s\u0131\u011f\u0131nacaq ist\u0259yir\u0259m\u201d, &#8211; jurnalist bel\u0259 deyir.\n<\/p>\n<p>\n  \u018fm\u0259k v\u0259 \u018fhalinin Sosial M\u00fcdafi\u0259si Nazirliyi g\u00fcn \u0259rzind\u0259 telefonlara cavab verm\u0259yib.\n<\/p>\n<p>\n  Sosial Xidm\u0259tl\u0259r Agentliyinin m\u0259tbuat xidm\u0259tinin r\u0259hb\u0259ri Murad Ha\u015f\u0131mov is\u0259 bildirib ki, m\u0259s\u0259l\u0259ni ara\u015fd\u0131racaqlar: \u201c\u00c7al\u0131\u015faca\u011f\u0131q ki, k\u00f6m\u0259k ed\u0259k\u201d.\n<\/p>\n<p>\n  R\u00f6ya R\u0259fiyeva Az\u0259rbaycanda ya\u015fayark\u0259n \u201cYeni M\u00fcsavat\u201d, ANS v\u0259 \u201cKanal 13\u201d-d\u0259 \u00e7al\u0131\u015f\u0131b.\n<\/p>\n<p>\n  O, Az\u0259rbaycandan ged\u0259nd\u0259n bir ne\u00e7\u0259 ay sonra, 2017-ci ilin may\u0131nda \u201cKanal-13\u201d\u00fcn redaktoru h\u0259bs edilib.\n<\/p>\n<p>\n  Eyni zamanda, kanala qar\u015f\u0131 cinay\u0259t i\u015fi a\u00e7\u0131l\u0131b v\u0259 kanal qapad\u0131l\u0131b.<\/p>\n","protected":false},"excerpt":{"rendered":"<p>&#8220;M\u0259nim u\u015faqlarla qad\u0131n, yaxud u\u015faq s\u0131\u011f\u0131nacaqlar\u0131na getm\u0259yimi m\u0259sl\u0259h\u0259t g\u00f6r\u00fcrl\u0259r&#8221;<\/p>\n","protected":false},"author":11,"featured_media":82477,"comment_status":"closed","ping_status":"open","sticky":false,"template":"","format":"standard","meta":{"_acf_changed":false,"_sitemap_exclude":false,"_sitemap_priority":"","_sitemap_frequency":"","footnotes":""},"categories":[59],"tags":[],"class_list":["post-212962","post","type-post","status-publish","format-standard","has-post-thumbnail","hentry","category-siyaset","infinite-scroll-item","generate-columns","tablet-grid-50","mobile-grid-100","grid-parent","grid-33","no-featured-image-padding"],"acf":[],"yoast_head":"<!-- This site is optimized with the Yoast SEO plugin v27.5 - https:\/\/yoast.com\/product\/yoast-seo-wordpress\/ -->\n<title>Almaniyadan deport olunan jurnalist: K\u00fc\u00e7\u0259d\u0259 qalm\u0131\u015f\u0131q - MEYDAN.TV<\/title>\n<meta name=\"robots\" content=\"index, follow, max-snippet:-1, max-image-preview:large, max-video-preview:-1\" \/>\n<link rel=\"canonical\" href=\"https:\/\/www.meydan.tv\/az\/article\/almaniyadan-deport-olunan-jurnalist-kucede-qalmisiq\/\" \/>\n<meta property=\"og:locale\" content=\"az_AZ\" \/>\n<meta property=\"og:type\" content=\"article\" \/>\n<meta property=\"og:title\" content=\"Almaniyadan deport olunan jurnalist: K\u00fc\u00e7\u0259d\u0259 qalm\u0131\u015f\u0131q - MEYDAN.TV\" \/>\n<meta property=\"og:description\" content=\"&quot;M\u0259nim u\u015faqlarla qad\u0131n, yaxud u\u015faq s\u0131\u011f\u0131nacaqlar\u0131na getm\u0259yimi m\u0259sl\u0259h\u0259t g\u00f6r\u00fcrl\u0259r&quot;\" \/>\n<meta property=\"og:url\" content=\"https:\/\/www.meydan.tv\/az\/article\/almaniyadan-deport-olunan-jurnalist-kucede-qalmisiq\/\" \/>\n<meta property=\"og:site_name\" content=\"MEYDAN.TV\" \/>\n<meta property=\"article:published_time\" content=\"2021-09-22T15:28:58+00:00\" \/>\n<meta property=\"og:image\" content=\"https:\/\/www.meydan.tv\/wp-content\/uploads\/32317.jpg\" \/>\n\t<meta property=\"og:image:width\" content=\"720\" \/>\n\t<meta property=\"og:image:height\" content=\"405\" \/>\n\t<meta property=\"og:image:type\" content=\"image\/jpeg\" \/>\n<meta name=\"author\" content=\"user-manager\" \/>\n<meta name=\"twitter:card\" content=\"summary_large_image\" \/>\n<script type=\"application\/ld+json\" class=\"yoast-schema-graph\">{\"@context\":\"https:\\\/\\\/schema.org\",\"@graph\":[{\"@type\":\"Article\",\"@id\":\"https:\\\/\\\/www.meydan.tv\\\/az\\\/article\\\/almaniyadan-deport-olunan-jurnalist-kucede-qalmisiq\\\/#article\",\"isPartOf\":{\"@id\":\"https:\\\/\\\/www.meydan.tv\\\/az\\\/article\\\/almaniyadan-deport-olunan-jurnalist-kucede-qalmisiq\\\/\"},\"author\":{\"name\":\"user-manager\",\"@id\":\"https:\\\/\\\/www.meydan.tv\\\/az\\\/#\\\/schema\\\/person\\\/10d11eccf6da3662cf5fdab9806ea91a\"},\"headline\":\"Almaniyadan deport olunan jurnalist: K\u00fc\u00e7\u0259d\u0259 qalm\u0131\u015f\u0131q\",\"datePublished\":\"2021-09-22T15:28:58+00:00\",\"mainEntityOfPage\":{\"@id\":\"https:\\\/\\\/www.meydan.tv\\\/az\\\/article\\\/almaniyadan-deport-olunan-jurnalist-kucede-qalmisiq\\\/\"},\"wordCount\":927,\"publisher\":{\"@id\":\"https:\\\/\\\/www.meydan.tv\\\/az\\\/#organization\"},\"image\":{\"@id\":\"https:\\\/\\\/www.meydan.tv\\\/az\\\/article\\\/almaniyadan-deport-olunan-jurnalist-kucede-qalmisiq\\\/#primaryimage\"},\"thumbnailUrl\":\"https:\\\/\\\/www.meydan.tv\\\/wp-content\\\/uploads\\\/32317.jpg\",\"articleSection\":[\"Siyas\u0259t\"],\"inLanguage\":\"az\"},{\"@type\":\"WebPage\",\"@id\":\"https:\\\/\\\/www.meydan.tv\\\/az\\\/article\\\/almaniyadan-deport-olunan-jurnalist-kucede-qalmisiq\\\/\",\"url\":\"https:\\\/\\\/www.meydan.tv\\\/az\\\/article\\\/almaniyadan-deport-olunan-jurnalist-kucede-qalmisiq\\\/\",\"name\":\"Almaniyadan deport olunan jurnalist: K\u00fc\u00e7\u0259d\u0259 qalm\u0131\u015f\u0131q - MEYDAN.TV\",\"isPartOf\":{\"@id\":\"https:\\\/\\\/www.meydan.tv\\\/az\\\/#website\"},\"primaryImageOfPage\":{\"@id\":\"https:\\\/\\\/www.meydan.tv\\\/az\\\/article\\\/almaniyadan-deport-olunan-jurnalist-kucede-qalmisiq\\\/#primaryimage\"},\"image\":{\"@id\":\"https:\\\/\\\/www.meydan.tv\\\/az\\\/article\\\/almaniyadan-deport-olunan-jurnalist-kucede-qalmisiq\\\/#primaryimage\"},\"thumbnailUrl\":\"https:\\\/\\\/www.meydan.tv\\\/wp-content\\\/uploads\\\/32317.jpg\",\"datePublished\":\"2021-09-22T15:28:58+00:00\",\"breadcrumb\":{\"@id\":\"https:\\\/\\\/www.meydan.tv\\\/az\\\/article\\\/almaniyadan-deport-olunan-jurnalist-kucede-qalmisiq\\\/#breadcrumb\"},\"inLanguage\":\"az\",\"potentialAction\":[{\"@type\":\"ReadAction\",\"target\":[\"https:\\\/\\\/www.meydan.tv\\\/az\\\/article\\\/almaniyadan-deport-olunan-jurnalist-kucede-qalmisiq\\\/\"]}]},{\"@type\":\"ImageObject\",\"inLanguage\":\"az\",\"@id\":\"https:\\\/\\\/www.meydan.tv\\\/az\\\/article\\\/almaniyadan-deport-olunan-jurnalist-kucede-qalmisiq\\\/#primaryimage\",\"url\":\"https:\\\/\\\/www.meydan.tv\\\/wp-content\\\/uploads\\\/32317.jpg\",\"contentUrl\":\"https:\\\/\\\/www.meydan.tv\\\/wp-content\\\/uploads\\\/32317.jpg\",\"width\":720,\"height\":405,\"caption\":\"Foto: R\u00f6ya R\u0259fiyevan\u0131n \u015f\u0259xsi arxivi\"},{\"@type\":\"BreadcrumbList\",\"@id\":\"https:\\\/\\\/www.meydan.tv\\\/az\\\/article\\\/almaniyadan-deport-olunan-jurnalist-kucede-qalmisiq\\\/#breadcrumb\",\"itemListElement\":[{\"@type\":\"ListItem\",\"position\":1,\"name\":\"Ana s\u0259hif\u0259\",\"item\":\"https:\\\/\\\/www.meydan.tv\\\/az\\\/\"},{\"@type\":\"ListItem\",\"position\":2,\"name\":\"Siyas\u0259t\",\"item\":\"https:\\\/\\\/www.meydan.tv\\\/az\\\/section\\\/siyaset\\\/\"},{\"@type\":\"ListItem\",\"position\":3,\"name\":\"Almaniyadan deport olunan jurnalist: K\u00fc\u00e7\u0259d\u0259 qalm\u0131\u015f\u0131q\"}]},{\"@type\":\"WebSite\",\"@id\":\"https:\\\/\\\/www.meydan.tv\\\/az\\\/#website\",\"url\":\"https:\\\/\\\/www.meydan.tv\\\/az\\\/\",\"name\":\"MEYDAN.TV\",\"description\":\"Meydan TV Az\u0259rbaycan\u0131n media m\u0259kan\u0131ndak\u0131 alternativ s\u0259sidir\",\"publisher\":{\"@id\":\"https:\\\/\\\/www.meydan.tv\\\/az\\\/#organization\"},\"potentialAction\":[{\"@type\":\"SearchAction\",\"target\":{\"@type\":\"EntryPoint\",\"urlTemplate\":\"https:\\\/\\\/www.meydan.tv\\\/az\\\/?s={search_term_string}\"},\"query-input\":{\"@type\":\"PropertyValueSpecification\",\"valueRequired\":true,\"valueName\":\"search_term_string\"}}],\"inLanguage\":\"az\"},{\"@type\":\"Organization\",\"@id\":\"https:\\\/\\\/www.meydan.tv\\\/az\\\/#organization\",\"name\":\"Meydan TV\",\"url\":\"https:\\\/\\\/www.meydan.tv\\\/az\\\/\",\"logo\":{\"@type\":\"ImageObject\",\"inLanguage\":\"az\",\"@id\":\"https:\\\/\\\/www.meydan.tv\\\/az\\\/#\\\/schema\\\/logo\\\/image\\\/\",\"url\":\"https:\\\/\\\/www.meydan.tv\\\/wp-content\\\/uploads\\\/2021\\\/07\\\/meydan-logo.svg\",\"contentUrl\":\"https:\\\/\\\/www.meydan.tv\\\/wp-content\\\/uploads\\\/2021\\\/07\\\/meydan-logo.svg\",\"width\":195,\"height\":46,\"caption\":\"Meydan TV\"},\"image\":{\"@id\":\"https:\\\/\\\/www.meydan.tv\\\/az\\\/#\\\/schema\\\/logo\\\/image\\\/\"}},{\"@type\":\"Person\",\"@id\":\"https:\\\/\\\/www.meydan.tv\\\/az\\\/#\\\/schema\\\/person\\\/10d11eccf6da3662cf5fdab9806ea91a\",\"name\":\"user-manager\"}]}<\/script>\n<!-- \/ Yoast SEO plugin. -->","yoast_head_json":{"title":"Almaniyadan deport olunan jurnalist: K\u00fc\u00e7\u0259d\u0259 qalm\u0131\u015f\u0131q - MEYDAN.TV","robots":{"index":"index","follow":"follow","max-snippet":"max-snippet:-1","max-image-preview":"max-image-preview:large","max-video-preview":"max-video-preview:-1"},"canonical":"https:\/\/www.meydan.tv\/az\/article\/almaniyadan-deport-olunan-jurnalist-kucede-qalmisiq\/","og_locale":"az_AZ","og_type":"article","og_title":"Almaniyadan deport olunan jurnalist: K\u00fc\u00e7\u0259d\u0259 qalm\u0131\u015f\u0131q - MEYDAN.TV","og_description":"\"M\u0259nim u\u015faqlarla qad\u0131n, yaxud u\u015faq s\u0131\u011f\u0131nacaqlar\u0131na getm\u0259yimi m\u0259sl\u0259h\u0259t g\u00f6r\u00fcrl\u0259r\"","og_url":"https:\/\/www.meydan.tv\/az\/article\/almaniyadan-deport-olunan-jurnalist-kucede-qalmisiq\/","og_site_name":"MEYDAN.TV","article_published_time":"2021-09-22T15:28:58+00:00","og_image":[{"width":720,"height":405,"url":"https:\/\/www.meydan.tv\/wp-content\/uploads\/32317.jpg","type":"image\/jpeg"}],"author":"user-manager","twitter_card":"summary_large_image","schema":{"@context":"https:\/\/schema.org","@graph":[{"@type":"Article","@id":"https:\/\/www.meydan.tv\/az\/article\/almaniyadan-deport-olunan-jurnalist-kucede-qalmisiq\/#article","isPartOf":{"@id":"https:\/\/www.meydan.tv\/az\/article\/almaniyadan-deport-olunan-jurnalist-kucede-qalmisiq\/"},"author":{"name":"user-manager","@id":"https:\/\/www.meydan.tv\/az\/#\/schema\/person\/10d11eccf6da3662cf5fdab9806ea91a"},"headline":"Almaniyadan deport olunan jurnalist: K\u00fc\u00e7\u0259d\u0259 qalm\u0131\u015f\u0131q","datePublished":"2021-09-22T15:28:58+00:00","mainEntityOfPage":{"@id":"https:\/\/www.meydan.tv\/az\/article\/almaniyadan-deport-olunan-jurnalist-kucede-qalmisiq\/"},"wordCount":927,"publisher":{"@id":"https:\/\/www.meydan.tv\/az\/#organization"},"image":{"@id":"https:\/\/www.meydan.tv\/az\/article\/almaniyadan-deport-olunan-jurnalist-kucede-qalmisiq\/#primaryimage"},"thumbnailUrl":"https:\/\/www.meydan.tv\/wp-content\/uploads\/32317.jpg","articleSection":["Siyas\u0259t"],"inLanguage":"az"},{"@type":"WebPage","@id":"https:\/\/www.meydan.tv\/az\/article\/almaniyadan-deport-olunan-jurnalist-kucede-qalmisiq\/","url":"https:\/\/www.meydan.tv\/az\/article\/almaniyadan-deport-olunan-jurnalist-kucede-qalmisiq\/","name":"Almaniyadan deport olunan jurnalist: K\u00fc\u00e7\u0259d\u0259 qalm\u0131\u015f\u0131q - MEYDAN.TV","isPartOf":{"@id":"https:\/\/www.meydan.tv\/az\/#website"},"primaryImageOfPage":{"@id":"https:\/\/www.meydan.tv\/az\/article\/almaniyadan-deport-olunan-jurnalist-kucede-qalmisiq\/#primaryimage"},"image":{"@id":"https:\/\/www.meydan.tv\/az\/article\/almaniyadan-deport-olunan-jurnalist-kucede-qalmisiq\/#primaryimage"},"thumbnailUrl":"https:\/\/www.meydan.tv\/wp-content\/uploads\/32317.jpg","datePublished":"2021-09-22T15:28:58+00:00","breadcrumb":{"@id":"https:\/\/www.meydan.tv\/az\/article\/almaniyadan-deport-olunan-jurnalist-kucede-qalmisiq\/#breadcrumb"},"inLanguage":"az","potentialAction":[{"@type":"ReadAction","target":["https:\/\/www.meydan.tv\/az\/article\/almaniyadan-deport-olunan-jurnalist-kucede-qalmisiq\/"]}]},{"@type":"ImageObject","inLanguage":"az","@id":"https:\/\/www.meydan.tv\/az\/article\/almaniyadan-deport-olunan-jurnalist-kucede-qalmisiq\/#primaryimage","url":"https:\/\/www.meydan.tv\/wp-content\/uploads\/32317.jpg","contentUrl":"https:\/\/www.meydan.tv\/wp-content\/uploads\/32317.jpg","width":720,"height":405,"caption":"Foto: R\u00f6ya R\u0259fiyevan\u0131n \u015f\u0259xsi arxivi"},{"@type":"BreadcrumbList","@id":"https:\/\/www.meydan.tv\/az\/article\/almaniyadan-deport-olunan-jurnalist-kucede-qalmisiq\/#breadcrumb","itemListElement":[{"@type":"ListItem","position":1,"name":"Ana s\u0259hif\u0259","item":"https:\/\/www.meydan.tv\/az\/"},{"@type":"ListItem","position":2,"name":"Siyas\u0259t","item":"https:\/\/www.meydan.tv\/az\/section\/siyaset\/"},{"@type":"ListItem","position":3,"name":"Almaniyadan deport olunan jurnalist: K\u00fc\u00e7\u0259d\u0259 qalm\u0131\u015f\u0131q"}]},{"@type":"WebSite","@id":"https:\/\/www.meydan.tv\/az\/#website","url":"https:\/\/www.meydan.tv\/az\/","name":"MEYDAN.TV","description":"Meydan TV Az\u0259rbaycan\u0131n media m\u0259kan\u0131ndak\u0131 alternativ s\u0259sidir","publisher":{"@id":"https:\/\/www.meydan.tv\/az\/#organization"},"potentialAction":[{"@type":"SearchAction","target":{"@type":"EntryPoint","urlTemplate":"https:\/\/www.meydan.tv\/az\/?s={search_term_string}"},"query-input":{"@type":"PropertyValueSpecification","valueRequired":true,"valueName":"search_term_string"}}],"inLanguage":"az"},{"@type":"Organization","@id":"https:\/\/www.meydan.tv\/az\/#organization","name":"Meydan TV","url":"https:\/\/www.meydan.tv\/az\/","logo":{"@type":"ImageObject","inLanguage":"az","@id":"https:\/\/www.meydan.tv\/az\/#\/schema\/logo\/image\/","url":"https:\/\/www.meydan.tv\/wp-content\/uploads\/2021\/07\/meydan-logo.svg","contentUrl":"https:\/\/www.meydan.tv\/wp-content\/uploads\/2021\/07\/meydan-logo.svg","width":195,"height":46,"caption":"Meydan TV"},"image":{"@id":"https:\/\/www.meydan.tv\/az\/#\/schema\/logo\/image\/"}},{"@type":"Person","@id":"https:\/\/www.meydan.tv\/az\/#\/schema\/person\/10d11eccf6da3662cf5fdab9806ea91a","name":"user-manager"}]}},"_links":{"self":[{"href":"https:\/\/www.meydan.tv\/az\/wp-json\/wp\/v2\/posts\/212962","targetHints":{"allow":["GET"]}}],"collection":[{"href":"https:\/\/www.meydan.tv\/az\/wp-json\/wp\/v2\/posts"}],"about":[{"href":"https:\/\/www.meydan.tv\/az\/wp-json\/wp\/v2\/types\/post"}],"author":[{"embeddable":true,"href":"https:\/\/www.meydan.tv\/az\/wp-json\/wp\/v2\/users\/11"}],"replies":[{"embeddable":true,"href":"https:\/\/www.meydan.tv\/az\/wp-json\/wp\/v2\/comments?post=212962"}],"version-history":[{"count":0,"href":"https:\/\/www.meydan.tv\/az\/wp-json\/wp\/v2\/posts\/212962\/revisions"}],"wp:featuredmedia":[{"embeddable":true,"href":"https:\/\/www.meydan.tv\/az\/wp-json\/wp\/v2\/media\/82477"}],"wp:attachment":[{"href":"https:\/\/www.meydan.tv\/az\/wp-json\/wp\/v2\/media?parent=212962"}],"wp:term":[{"taxonomy":"category","embeddable":true,"href":"https:\/\/www.meydan.tv\/az\/wp-json\/wp\/v2\/categories?post=212962"},{"taxonomy":"post_tag","embeddable":true,"href":"https:\/\/www.meydan.tv\/az\/wp-json\/wp\/v2\/tags?post=212962"}],"curies":[{"name":"wp","href":"https:\/\/api.w.org\/{rel}","templated":true}]}}