{"id":212961,"date":"2021-09-22T12:24:16","date_gmt":"2021-09-22T12:24:16","guid":{"rendered":"https:\/\/www.meydan.tv\/article\/prokurorun-qanunsuzluguna-gore-dogmalarim-heyatda-deyil\/"},"modified":"2021-09-22T12:24:16","modified_gmt":"2021-09-22T12:24:16","slug":"prokurorun-qanunsuzluguna-gore-dogmalarim-heyatda-deyil","status":"publish","type":"post","link":"https:\/\/www.meydan.tv\/az\/article\/prokurorun-qanunsuzluguna-gore-dogmalarim-heyatda-deyil\/","title":{"rendered":"\u201cProkurorun qanunsuzlu\u011funa g\u00f6r\u0259 do\u011fmalar\u0131m h\u0259yatda deyil&#8230;\u201d"},"content":{"rendered":"<p>\n  <i><br \/>\n    Niyam\u0259ddin K\u0259rimov iddia edir ki, \u0259g\u0259r prokurorun d\u0259st\u0259yil\u0259 \u0259misi o\u011flu azadl\u0131qda qalmasayd\u0131, onun atas\u0131 v\u0259 qarda\u015f\u0131 da q\u0259tl\u0259 yetirilm\u0259zdi<br \/>\n  <\/i>\n<\/p>\n<p>\n  Yard\u0131ml\u0131 rayonunun E\u00e7ara k\u0259nd sakini Niyam\u0259ddin K\u0259rimov atas\u0131 v\u0259 qarda\u015f\u0131n\u0131n q\u0259tlin\u0259 g\u00f6r\u0259 rayonun ke\u00e7mi\u015f prokurorunu g\u00fcnahland\u0131r\u0131r. Deyir ki, \u0259g\u0259r prokuror v\u0259zif\u0259sind\u0259n sui-istifad\u0259 etm\u0259s\u0259ydi, b\u0259lk\u0259 bu g\u00fcn atas\u0131 da, qarda\u015f\u0131 da sa\u011f olard\u0131.\n<\/p>\n<p>\n  <b><br \/>\n    Ata v\u0259 o\u011flunun q\u0259tlin\u0259 g\u00f6r\u0259 daha bir ata il\u0259 o\u011fulun h\u0259bsi&#8230;<br \/>\n  <\/b>\n<\/p>\n<p>\n  Niyam\u0259ddin K\u0259rimovun atas\u0131 \u015e\u0259ms\u0259ddin v\u0259 qarda\u015f\u0131 Elm\u0259ddin K\u0259rimovlar 2020-ci ilin fevral\u0131nda q\u0259tl\u0259 yetirilib. Onlar\u0131n q\u0259tlind\u0259 t\u0259qsirl\u0259ndiril\u0259n is\u0259 Niyam\u0259ddin K\u0259rimovun \u0259misi Nur\u0259ddin K\u0259rimov v\u0259 onun o\u011flu K\u0259nan Nuro\u011fludur.\n<\/p>\n<p>\n  Cinay\u0259t i\u015finin materiallar\u0131nda iddia olunur ki, qarda\u015flar v\u0259 onlar\u0131n \u00f6vladlar\u0131 aras\u0131nda \u0259dav\u0259t E\u00e7ara k\u0259ndind\u0259 torpaq sah\u0259sin\u0259 g\u00f6r\u0259 yaran\u0131b. 2020-ci ili fevral\u0131n 27-d\u0259 t\u0259r\u0259fl\u0259r aras\u0131nda n\u00f6vb\u0259ti m\u00fcbahis\u0259l\u0259rin biri bir qarda\u015f v\u0259 o\u011flunun \u00f6l\u00fcm\u00fc, o biri qarda\u015f v\u0259 o\u011flunun is\u0259 uzunm\u00fcdd\u0259tli h\u0259bsi il\u0259 n\u0259tic\u0259l\u0259nib. H\u0259bsd\u0259 olan ata v\u0259 o\u011fula Cinay\u0259t M\u0259c\u0259ll\u0259sinin 120.2.1 (bir qrup \u015f\u0259xs t\u0259r\u0259find\u0259n q\u0259sd\u0259n adam \u00f6ld\u00fcrm\u0259), 120.2.4 (x\u00fcsusi amans\u0131zl\u0131q v\u0259 ya \u00fcmumi t\u0259hl\u00fck\u0259li \u00fcsulla q\u0259sd\u0259n adam \u00f6ld\u00fcrm\u0259) v\u0259 120.2.7 (iki v\u0259 ya daha \u00e7ox \u015f\u0259xsi \u00f6ld\u00fcrm\u0259) madd\u0259l\u0259ril\u0259 ittiham verilib.\n<\/p>\n<figure class=\"wp-block-image size-large\">\n  <img decoding=\"async\" src=\"https:\/\/www.meydan.tv\/az\/photo-2021-09-21-13-54-59-jpg\/\" alt=\"photo-2021-09-21-13-54-59.jpg\" class=\"wp-image-210337\"\/><figcaption>\n    \u0130ttiham akt\u0131<br \/>\n  <\/figcaption><\/figure>\n<p>\n  <b><br \/>\n    \u201cProkurorun d\u0259st\u0259yil\u0259 \u0259mim o\u011flu h\u0259bsd\u0259n burax\u0131lmasayd\u0131&#8230;\u201d<br \/>\n  <\/b>\n<\/p>\n<p>\n  Niyam\u0259ddin K\u0259rimov Meydan TV-y\u0259 bildirib ki, \u0259misinin o\u011flu K\u0259nan Nuro\u011flu v\u0259 onun qarda\u015f\u0131 F\u0259rhad 2019-cu ild\u0259 k\u00fclli miqdarda narkotik\u0259 g\u00f6r\u0259 saxlanm\u0131\u015fd\u0131. Onun s\u00f6zl\u0259rin\u0259 g\u00f6r\u0259, F\u0259rhad d\u0259rhal azad edilib, K\u0259nana is\u0259 ittiham verils\u0259 d\u0259, o, tutulandan 4 g\u00fcn sonra ev dustaql\u0131\u011f\u0131na burax\u0131l\u0131b. Yard\u0131ml\u0131 rayonunun prokuroru Vahid M\u0259mm\u0259dli d\u0259 bu q\u0259rarla raz\u0131la\u015f\u0131b: \u201cK\u0259nan Nuro\u011fluna Cinay\u0259t M\u0259c\u0259ll\u0259sinin 234.4.1 (qabaqcadan \u0259lbir olan bir qrup \u015f\u0259xs t\u0259r\u0259find\u0259n k\u00fclli miqdarda narkotik \u0259ld\u0259 etm\u0259, da\u015f\u0131ma, saxlama) v\u0259 234.4.3 (sat\u0131\u015f m\u0259qs\u0259dil\u0259 k\u00fclli miqdarda narkotik \u0259ld\u0259 etm\u0259, saxlama) madd\u0259l\u0259ril\u0259 ittiham verilmi\u015fdi. Lakin Yard\u0131ml\u0131 rayon prokuroru Vahid M\u0259mm\u0259dli bununla raz\u0131la\u015fmay\u0131b. O, \u201ccinay\u0259t i\u015fi \u00fczr\u0259 s\u00fcbutlar\u0131n qiym\u0259tl\u0259ndirilm\u0259si q\u0259rar\u0131\u201dn\u0131 t\u0259sdiql\u0259m\u0259yib v\u0259 i\u015fi Yard\u0131ml\u0131 Rayon Polis \u015e\u00f6b\u0259sind\u0259 t\u0259krar istintaqa qaytar\u0131b. Prokuror g\u00f6st\u0259ri\u015f verib ki, K\u0259nan Nuro\u011fluna Cinay\u0259t M\u0259c\u0259ll\u0259sinin 307.1, y\u0259ni cinay\u0259ti bilib x\u0259b\u0259r verm\u0259m\u0259y\u0259 g\u00f6r\u0259 ittiham verilsin\u201d.\n<\/p>\n<p>\n  Niyam\u0259ddin K\u0259rimov iddia edir ki, \u0259g\u0259r prokurorun d\u0259st\u0259yil\u0259 \u0259misi o\u011flu azadl\u0131qda qalmasayd\u0131, onun atas\u0131 v\u0259 qarda\u015f\u0131 da q\u0259tl\u0259 yetirilm\u0259zdi.\n<\/p>\n<figure class=\"wp-block-image size-large\">\n  <img decoding=\"async\" src=\"https:\/\/www.meydan.tv\/az\/photo-2021-09-21-13-54-01-jpg\/\" alt=\"photo-2021-09-21-13-54-01.jpg\" class=\"wp-image-210331\"\/><figcaption>\n    Prezident\u0259 m\u00fcraci\u0259t<br \/>\n  <\/figcaption><\/figure>\n<p>\n  <b><br \/>\n    Prokurorun s\u0259s yaz\u0131s\u0131<br \/>\n  <\/b>\n<\/p>\n<p>\n  Yax\u0131nlar\u0131n\u0131n q\u0259tlind\u0259n bir m\u00fcdd\u0259t sonra Niyam\u0259ddin K\u0259rimov hadis\u0259ni t\u00f6r\u0259tm\u0259kd\u0259 \u015f\u00fcbh\u0259li bilin\u0259n \u015f\u0259xsl\u0259rin m\u0259suliyy\u0259t\u0259 c\u0259lb olunmamas\u0131yla \u0259laq\u0259dar rayonun prokuroru Vahid M\u0259mm\u0259dli il\u0259 g\u00f6r\u00fc\u015f\u00fcb. Onun s\u00f6zl\u0259rin\u0259 g\u00f6r\u0259, h\u0259min g\u00f6r\u00fc\u015fd\u0259 prokuror a\u00e7\u0131q \u015f\u0259kild\u0259 deyib ki, Nur\u0259ddin K\u0259rimov v\u0259 o\u011flu K\u0259nan\u0131n m\u0259suliyy\u0259t\u0259 c\u0259lb olunmas\u0131na mane olan v\u0259zif\u0259li \u015f\u0259xsl\u0259r var. Konkret Ba\u015f Prokurorlu\u011fun T\u0259\u015fkilat-Analitik \u0130dar\u0259sinin prokuroru \u018fdal\u0259t H\u0259\u015fimov v\u0259 Z\u0259rdab rayonunun ke\u00e7mi\u015f prokuroru H\u00fcseynxan \u018fliyevin ad\u0131 \u00e7\u0259kilib: \u201cH\u0259min vaxt yar\u0131m saata q\u0259d\u0259r s\u00f6hb\u0259timiz oldu. B\u0259lk\u0259 d\u0259 spirtli i\u00e7kinin t\u0259sirind\u0259n idi, Vahid M\u0259mm\u0259dli bir \u00e7ox m\u0259s\u0259l\u0259l\u0259ri etiraf etdi. Dedi ki, Nur\u0259ddin K\u0259rimovu da, o\u011flu K\u0259nan\u0131 da yax\u015f\u0131 tan\u0131y\u0131r, onlara m\u00fc\u0259yy\u0259n m\u0259s\u0259l\u0259l\u0259rd\u0259 k\u00f6m\u0259k d\u0259 el\u0259yib. \u018fsas onlar\u0131n kimay\u0259\u00e7isi kimi, Ba\u015f Prokurorluqdan \u018fdal\u0259t H\u0259\u015fimovun v\u0259 Z\u0259rdab rayonunun H\u00fcseynxan adl\u0131 ke\u00e7mi\u015f prokurorunun ad\u0131n\u0131 \u00e7\u0259kdi&#8230;\u201d\n<\/p>\n<p>\n  (embedded content removed)\n<\/p>\n<p>\n  Niyam\u0259ddin K\u0259rimov prokurorla aralar\u0131ndak\u0131 bu s\u00f6hb\u0259tin s\u0259s yaz\u0131s\u0131n\u0131 da \u0259lav\u0259 ed\u0259r\u0259k, Ba\u015f Prokurorlu\u011fa \u015fikay\u0259t g\u00f6nd\u0259rib. O, 2011-ci ild\u0259n 2020-ci il\u0259 q\u0259d\u0259r Yard\u0131ml\u0131 rayonunun prokuroru v\u0259zif\u0259sind\u0259 \u00e7al\u0131\u015fm\u0131\u015f, haz\u0131rda is\u0259 Qarada\u011f rayonunda m\u0259hk\u0259m\u0259d\u0259 d\u00f6vl\u0259t ittiham\u0131n\u0131 m\u00fcdafi\u0259 ed\u0259n prokuror kimi f\u0259aliyy\u0259t g\u00f6st\u0259r\u0259n Vahid M\u0259mm\u0259dlinin c\u0259zaland\u0131r\u0131lmas\u0131n\u0131 t\u0259l\u0259b edib. Lakin ona cavab g\u0259lib ki, g\u00f6nd\u0259rdiyi diski a\u00e7maq, s\u0259s yaz\u0131s\u0131n\u0131 dinl\u0259m\u0259k m\u00fcmk\u00fcn olmad\u0131.\n<\/p>\n<figure class=\"wp-block-image size-large\">\n  <img decoding=\"async\" src=\"https:\/\/www.meydan.tv\/az\/photo-2021-09-21-13-53-55-jpg\/\" alt=\"photo-2021-09-21-13-53-55.jpg\" class=\"wp-image-210334\"\/><figcaption>\n    Prokurora m\u00fcraci\u0259t<br \/>\n  <\/figcaption><\/figure>\n<p>\n  Yard\u0131ml\u0131 sakini bu cavab\u0131n s\u0259mimiliyin\u0259 inanm\u0131r: \u201cM\u0259nim m\u00fcraci\u0259timd\u0259n bir h\u0259ft\u0259 \u0259vv\u0259l Ba\u015f Prokurorlu\u011fun yeni inzibati binas\u0131n\u0131n a\u00e7\u0131l\u0131\u015f\u0131 olmu\u015fdu. A\u00e7\u0131l\u0131\u015fda prezident d\u0259 i\u015ftirak edirdi. Onda Ba\u015f prokuror Kamran \u018fliyev prezident\u0259 dedi ki, yeni binadak\u0131 b\u00fct\u00fcn otaqlar m\u00fcasir informasiya-kommunikasiya qur\u011fular\u0131 il\u0259 t\u0259chiz olunub. O zaman niy\u0259 m\u0259n\u0259 cavab verirl\u0259r ki, komp\u00fcterl\u0259r k\u00f6hn\u0259 oldu\u011fu \u00fc\u00e7\u00fcn diski a\u00e7\u0131b oxumaq texniki bax\u0131mdan m\u00fcmk\u00fcn olmad\u0131?\u201d\n<\/p>\n<p>\n  \u015eikay\u0259t\u00e7inin s\u00f6zl\u0259rin\u0259 g\u00f6r\u0259, o, bu cavabdan sonra may\u0131n 19-da bir daha s\u0259s yaz\u0131s\u0131n\u0131 Ba\u015f Prokurorlu\u011fa g\u00f6nd\u0259rib. \u00dcst\u00fcnd\u0259n aylar ke\u00e7s\u0259 d\u0259, m\u00fcraci\u0259tin\u0259 cavab g\u0259lm\u0259yib: \u201cVahid M\u0259mm\u0259dli haz\u0131rda Qarada\u011f rayonunda prokurorluq \u0259m\u0259kda\u015f\u0131 kimi f\u0259aliyy\u0259tini davam etdirir. M\u0259hz onun qanunsuz h\u0259r\u0259k\u0259ti n\u0259tic\u0259sind\u0259 bu g\u00fcn m\u0259nim do\u011fmalar\u0131m h\u0259yatda deyil. Ba\u015fqalar\u0131n\u0131n da eyni aqib\u0259tl\u0259 \u00fczl\u0259\u015fm\u0259m\u0259si \u00fc\u00e7\u00fcn onun c\u0259zaland\u0131r\u0131lmas\u0131n\u0131 ist\u0259yir\u0259m\u201d.\n<\/p>\n<p>\n  <b><br \/>\n    Ba\u015f Prokurorluq: \u201cXidm\u0259ti yoxlama apar\u0131l\u0131r\u201d<br \/>\n  <\/b>\n<\/p>\n<p>\n  1965-ci il t\u0259v\u0259ll\u00fcdl\u00fc Vahid M\u0259mm\u0259dli Yard\u0131ml\u0131 rayonuna g\u00f6nd\u0259rilm\u0259mi\u015fd\u0259n \u00f6nc\u0259 8 il Ba\u015f Prokurorluqda \u0130stintaqa N\u0259zar\u0259t \u0130dar\u0259sinin prokuroru olub. O, bir s\u0131ra b\u0259dii \u0259s\u0259rl\u0259rin, kitablar\u0131n m\u00fc\u0259llifidir.\n<\/p>\n<figure class=\"wp-block-image size-large\">\n  <img decoding=\"async\" src=\"https:\/\/www.meydan.tv\/az\/photo-2021-09-21-13-53-48-jpg\/\" alt=\"photo-2021-09-21-13-53-48.jpg\" class=\"wp-image-210325\"\/><figcaption>\n    M\u00fcraci\u0259t<br \/>\n  <\/figcaption><\/figure>\n<p>\n  Ba\u015f Prokurorluqdan bildirilib ki, Niyam\u0259ddin K\u0259rimovun t\u0259qdim etdiyi s\u0259s yaz\u0131s\u0131 v\u0259 dig\u0259r materiallarla ba\u011fl\u0131 m\u00fcvafiq idar\u0259d\u0259 Vahid M\u0259mm\u0259dli bar\u0259sind\u0259 xidm\u0259ti yoxlama ba\u015flan\u0131b.\n<\/p>\n<p>\n  Ata v\u0259 o\u011ful K\u0259rimovlar\u0131n q\u0259tlin\u0259 g\u0259linc\u0259, hadis\u0259d\u0259n \u00fc\u00e7 ay sonra \u2013 2020-ci il may\u0131n 18-d\u0259 Nur\u0259ddin K\u0259rimov h\u0259bs edilib. Ona \u00f6nc\u0259 Cinay\u0259t M\u0259c\u0259ll\u0259sinin 307-ci (cinay\u0259ti bilib x\u0259b\u0259r verm\u0259m\u0259) madd\u0259sil\u0259 ittiham verilib. Bundan 4 g\u00fcn sonra o\u011flu K\u0259nan Nuro\u011flu k\u00f6n\u00fcll\u00fc \u015f\u0259kild\u0259 h\u00fcquq-m\u00fchafiz\u0259 orqanlar\u0131na g\u0259l\u0259r\u0259k t\u0259slim olub. Sonradan h\u0259m ata, h\u0259m d\u0259 o\u011fula q\u0259sd\u0259n adam \u00f6ld\u00fcrm\u0259y\u0259 g\u00f6r\u0259 \u00fc\u00e7 madd\u0259 il\u0259 ittiham verilib.\n<\/p>\n<p>\n  Nur\u0259ddin K\u0259rimov ittihamlarla raz\u0131la\u015fm\u0131r, qarda\u015f\u0131 v\u0259 onun o\u011flunun \u00f6l\u00fcm\u00fcnd\u0259 \u00f6z\u00fcn\u00fc t\u0259qsirli bilmir. O\u011flu K\u0259nan is\u0259 \u00f6z\u00fcn\u00fc qism\u0259n t\u0259qsirli bilir. Bu i\u015f L\u0259nk\u0259ran A\u011f\u0131r Cinay\u0259tl\u0259r M\u0259hk\u0259m\u0259sind\u0259 ara\u015fd\u0131r\u0131l\u0131r.<\/p>\n","protected":false},"excerpt":{"rendered":"<p>\u015eikay\u0259t\u00e7inin s\u00f6zl\u0259rin\u0259 g\u00f6r\u0259, o, bu cavabdan sonra may\u0131n 19-da bir daha s\u0259s yaz\u0131s\u0131n\u0131 Ba\u015f Prokurorlu\u011fa g\u00f6nd\u0259rib.<\/p>\n","protected":false},"author":11,"featured_media":210328,"comment_status":"closed","ping_status":"open","sticky":false,"template":"","format":"standard","meta":{"_acf_changed":false,"_sitemap_exclude":false,"_sitemap_priority":"","_sitemap_frequency":"","footnotes":""},"categories":[60],"tags":[],"class_list":["post-212961","post","type-post","status-publish","format-standard","has-post-thumbnail","hentry","category-bolge","infinite-scroll-item","generate-columns","tablet-grid-50","mobile-grid-100","grid-parent","grid-33","no-featured-image-padding"],"acf":[],"yoast_head":"<!-- This site is optimized with the Yoast SEO plugin v27.5 - https:\/\/yoast.com\/product\/yoast-seo-wordpress\/ -->\n<title>\u201cProkurorun qanunsuzlu\u011funa g\u00f6r\u0259 do\u011fmalar\u0131m h\u0259yatda deyil...\u201d - MEYDAN.TV<\/title>\n<meta name=\"robots\" content=\"index, follow, max-snippet:-1, max-image-preview:large, max-video-preview:-1\" \/>\n<link rel=\"canonical\" href=\"https:\/\/www.meydan.tv\/az\/article\/prokurorun-qanunsuzluguna-gore-dogmalarim-heyatda-deyil\/\" \/>\n<meta property=\"og:locale\" content=\"az_AZ\" \/>\n<meta property=\"og:type\" content=\"article\" \/>\n<meta property=\"og:title\" content=\"\u201cProkurorun qanunsuzlu\u011funa g\u00f6r\u0259 do\u011fmalar\u0131m h\u0259yatda deyil...\u201d - MEYDAN.TV\" \/>\n<meta property=\"og:description\" content=\"\u015eikay\u0259t\u00e7inin s\u00f6zl\u0259rin\u0259 g\u00f6r\u0259, o, bu cavabdan sonra may\u0131n 19-da bir daha s\u0259s yaz\u0131s\u0131n\u0131 Ba\u015f Prokurorlu\u011fa g\u00f6nd\u0259rib.\" \/>\n<meta property=\"og:url\" content=\"https:\/\/www.meydan.tv\/az\/article\/prokurorun-qanunsuzluguna-gore-dogmalarim-heyatda-deyil\/\" \/>\n<meta property=\"og:site_name\" content=\"MEYDAN.TV\" \/>\n<meta property=\"article:published_time\" content=\"2021-09-22T12:24:16+00:00\" \/>\n<meta property=\"og:image\" content=\"https:\/\/www.meydan.tv\/wp-content\/uploads\/original_size_facebook_app__untitled_design_1_ktqrahk.png\" \/>\n\t<meta property=\"og:image:width\" content=\"864\" \/>\n\t<meta property=\"og:image:height\" content=\"480\" \/>\n\t<meta property=\"og:image:type\" content=\"image\/png\" \/>\n<meta name=\"author\" content=\"user-manager\" \/>\n<meta name=\"twitter:card\" content=\"summary_large_image\" \/>\n<script type=\"application\/ld+json\" class=\"yoast-schema-graph\">{\"@context\":\"https:\\\/\\\/schema.org\",\"@graph\":[{\"@type\":\"Article\",\"@id\":\"https:\\\/\\\/www.meydan.tv\\\/az\\\/article\\\/prokurorun-qanunsuzluguna-gore-dogmalarim-heyatda-deyil\\\/#article\",\"isPartOf\":{\"@id\":\"https:\\\/\\\/www.meydan.tv\\\/az\\\/article\\\/prokurorun-qanunsuzluguna-gore-dogmalarim-heyatda-deyil\\\/\"},\"author\":{\"name\":\"user-manager\",\"@id\":\"https:\\\/\\\/www.meydan.tv\\\/az\\\/#\\\/schema\\\/person\\\/10d11eccf6da3662cf5fdab9806ea91a\"},\"headline\":\"\u201cProkurorun qanunsuzlu\u011funa g\u00f6r\u0259 do\u011fmalar\u0131m h\u0259yatda deyil&#8230;\u201d\",\"datePublished\":\"2021-09-22T12:24:16+00:00\",\"mainEntityOfPage\":{\"@id\":\"https:\\\/\\\/www.meydan.tv\\\/az\\\/article\\\/prokurorun-qanunsuzluguna-gore-dogmalarim-heyatda-deyil\\\/\"},\"wordCount\":1298,\"publisher\":{\"@id\":\"https:\\\/\\\/www.meydan.tv\\\/az\\\/#organization\"},\"image\":{\"@id\":\"https:\\\/\\\/www.meydan.tv\\\/az\\\/article\\\/prokurorun-qanunsuzluguna-gore-dogmalarim-heyatda-deyil\\\/#primaryimage\"},\"thumbnailUrl\":\"https:\\\/\\\/www.meydan.tv\\\/wp-content\\\/uploads\\\/original_size_facebook_app__untitled_design_1_ktqrahk.png\",\"articleSection\":[\"B\u00f6lg\u0259\"],\"inLanguage\":\"az\"},{\"@type\":\"WebPage\",\"@id\":\"https:\\\/\\\/www.meydan.tv\\\/az\\\/article\\\/prokurorun-qanunsuzluguna-gore-dogmalarim-heyatda-deyil\\\/\",\"url\":\"https:\\\/\\\/www.meydan.tv\\\/az\\\/article\\\/prokurorun-qanunsuzluguna-gore-dogmalarim-heyatda-deyil\\\/\",\"name\":\"\u201cProkurorun qanunsuzlu\u011funa g\u00f6r\u0259 do\u011fmalar\u0131m h\u0259yatda deyil...\u201d - MEYDAN.TV\",\"isPartOf\":{\"@id\":\"https:\\\/\\\/www.meydan.tv\\\/az\\\/#website\"},\"primaryImageOfPage\":{\"@id\":\"https:\\\/\\\/www.meydan.tv\\\/az\\\/article\\\/prokurorun-qanunsuzluguna-gore-dogmalarim-heyatda-deyil\\\/#primaryimage\"},\"image\":{\"@id\":\"https:\\\/\\\/www.meydan.tv\\\/az\\\/article\\\/prokurorun-qanunsuzluguna-gore-dogmalarim-heyatda-deyil\\\/#primaryimage\"},\"thumbnailUrl\":\"https:\\\/\\\/www.meydan.tv\\\/wp-content\\\/uploads\\\/original_size_facebook_app__untitled_design_1_ktqrahk.png\",\"datePublished\":\"2021-09-22T12:24:16+00:00\",\"breadcrumb\":{\"@id\":\"https:\\\/\\\/www.meydan.tv\\\/az\\\/article\\\/prokurorun-qanunsuzluguna-gore-dogmalarim-heyatda-deyil\\\/#breadcrumb\"},\"inLanguage\":\"az\",\"potentialAction\":[{\"@type\":\"ReadAction\",\"target\":[\"https:\\\/\\\/www.meydan.tv\\\/az\\\/article\\\/prokurorun-qanunsuzluguna-gore-dogmalarim-heyatda-deyil\\\/\"]}]},{\"@type\":\"ImageObject\",\"inLanguage\":\"az\",\"@id\":\"https:\\\/\\\/www.meydan.tv\\\/az\\\/article\\\/prokurorun-qanunsuzluguna-gore-dogmalarim-heyatda-deyil\\\/#primaryimage\",\"url\":\"https:\\\/\\\/www.meydan.tv\\\/wp-content\\\/uploads\\\/original_size_facebook_app__untitled_design_1_ktqrahk.png\",\"contentUrl\":\"https:\\\/\\\/www.meydan.tv\\\/wp-content\\\/uploads\\\/original_size_facebook_app__untitled_design_1_ktqrahk.png\",\"width\":864,\"height\":480,\"caption\":\"Source: Specify Source\"},{\"@type\":\"BreadcrumbList\",\"@id\":\"https:\\\/\\\/www.meydan.tv\\\/az\\\/article\\\/prokurorun-qanunsuzluguna-gore-dogmalarim-heyatda-deyil\\\/#breadcrumb\",\"itemListElement\":[{\"@type\":\"ListItem\",\"position\":1,\"name\":\"Ana s\u0259hif\u0259\",\"item\":\"https:\\\/\\\/www.meydan.tv\\\/az\\\/\"},{\"@type\":\"ListItem\",\"position\":2,\"name\":\"B\u00f6lg\u0259\",\"item\":\"https:\\\/\\\/www.meydan.tv\\\/az\\\/section\\\/bolge\\\/\"},{\"@type\":\"ListItem\",\"position\":3,\"name\":\"\u201cProkurorun qanunsuzlu\u011funa g\u00f6r\u0259 do\u011fmalar\u0131m h\u0259yatda deyil&#8230;\u201d\"}]},{\"@type\":\"WebSite\",\"@id\":\"https:\\\/\\\/www.meydan.tv\\\/az\\\/#website\",\"url\":\"https:\\\/\\\/www.meydan.tv\\\/az\\\/\",\"name\":\"MEYDAN.TV\",\"description\":\"Meydan TV Az\u0259rbaycan\u0131n media m\u0259kan\u0131ndak\u0131 alternativ s\u0259sidir\",\"publisher\":{\"@id\":\"https:\\\/\\\/www.meydan.tv\\\/az\\\/#organization\"},\"potentialAction\":[{\"@type\":\"SearchAction\",\"target\":{\"@type\":\"EntryPoint\",\"urlTemplate\":\"https:\\\/\\\/www.meydan.tv\\\/az\\\/?s={search_term_string}\"},\"query-input\":{\"@type\":\"PropertyValueSpecification\",\"valueRequired\":true,\"valueName\":\"search_term_string\"}}],\"inLanguage\":\"az\"},{\"@type\":\"Organization\",\"@id\":\"https:\\\/\\\/www.meydan.tv\\\/az\\\/#organization\",\"name\":\"Meydan TV\",\"url\":\"https:\\\/\\\/www.meydan.tv\\\/az\\\/\",\"logo\":{\"@type\":\"ImageObject\",\"inLanguage\":\"az\",\"@id\":\"https:\\\/\\\/www.meydan.tv\\\/az\\\/#\\\/schema\\\/logo\\\/image\\\/\",\"url\":\"https:\\\/\\\/www.meydan.tv\\\/wp-content\\\/uploads\\\/2021\\\/07\\\/meydan-logo.svg\",\"contentUrl\":\"https:\\\/\\\/www.meydan.tv\\\/wp-content\\\/uploads\\\/2021\\\/07\\\/meydan-logo.svg\",\"width\":195,\"height\":46,\"caption\":\"Meydan TV\"},\"image\":{\"@id\":\"https:\\\/\\\/www.meydan.tv\\\/az\\\/#\\\/schema\\\/logo\\\/image\\\/\"}},{\"@type\":\"Person\",\"@id\":\"https:\\\/\\\/www.meydan.tv\\\/az\\\/#\\\/schema\\\/person\\\/10d11eccf6da3662cf5fdab9806ea91a\",\"name\":\"user-manager\"}]}<\/script>\n<!-- \/ Yoast SEO plugin. -->","yoast_head_json":{"title":"\u201cProkurorun qanunsuzlu\u011funa g\u00f6r\u0259 do\u011fmalar\u0131m h\u0259yatda deyil...\u201d - MEYDAN.TV","robots":{"index":"index","follow":"follow","max-snippet":"max-snippet:-1","max-image-preview":"max-image-preview:large","max-video-preview":"max-video-preview:-1"},"canonical":"https:\/\/www.meydan.tv\/az\/article\/prokurorun-qanunsuzluguna-gore-dogmalarim-heyatda-deyil\/","og_locale":"az_AZ","og_type":"article","og_title":"\u201cProkurorun qanunsuzlu\u011funa g\u00f6r\u0259 do\u011fmalar\u0131m h\u0259yatda deyil...\u201d - MEYDAN.TV","og_description":"\u015eikay\u0259t\u00e7inin s\u00f6zl\u0259rin\u0259 g\u00f6r\u0259, o, bu cavabdan sonra may\u0131n 19-da bir daha s\u0259s yaz\u0131s\u0131n\u0131 Ba\u015f Prokurorlu\u011fa g\u00f6nd\u0259rib.","og_url":"https:\/\/www.meydan.tv\/az\/article\/prokurorun-qanunsuzluguna-gore-dogmalarim-heyatda-deyil\/","og_site_name":"MEYDAN.TV","article_published_time":"2021-09-22T12:24:16+00:00","og_image":[{"width":864,"height":480,"url":"https:\/\/www.meydan.tv\/wp-content\/uploads\/original_size_facebook_app__untitled_design_1_ktqrahk.png","type":"image\/png"}],"author":"user-manager","twitter_card":"summary_large_image","schema":{"@context":"https:\/\/schema.org","@graph":[{"@type":"Article","@id":"https:\/\/www.meydan.tv\/az\/article\/prokurorun-qanunsuzluguna-gore-dogmalarim-heyatda-deyil\/#article","isPartOf":{"@id":"https:\/\/www.meydan.tv\/az\/article\/prokurorun-qanunsuzluguna-gore-dogmalarim-heyatda-deyil\/"},"author":{"name":"user-manager","@id":"https:\/\/www.meydan.tv\/az\/#\/schema\/person\/10d11eccf6da3662cf5fdab9806ea91a"},"headline":"\u201cProkurorun qanunsuzlu\u011funa g\u00f6r\u0259 do\u011fmalar\u0131m h\u0259yatda deyil&#8230;\u201d","datePublished":"2021-09-22T12:24:16+00:00","mainEntityOfPage":{"@id":"https:\/\/www.meydan.tv\/az\/article\/prokurorun-qanunsuzluguna-gore-dogmalarim-heyatda-deyil\/"},"wordCount":1298,"publisher":{"@id":"https:\/\/www.meydan.tv\/az\/#organization"},"image":{"@id":"https:\/\/www.meydan.tv\/az\/article\/prokurorun-qanunsuzluguna-gore-dogmalarim-heyatda-deyil\/#primaryimage"},"thumbnailUrl":"https:\/\/www.meydan.tv\/wp-content\/uploads\/original_size_facebook_app__untitled_design_1_ktqrahk.png","articleSection":["B\u00f6lg\u0259"],"inLanguage":"az"},{"@type":"WebPage","@id":"https:\/\/www.meydan.tv\/az\/article\/prokurorun-qanunsuzluguna-gore-dogmalarim-heyatda-deyil\/","url":"https:\/\/www.meydan.tv\/az\/article\/prokurorun-qanunsuzluguna-gore-dogmalarim-heyatda-deyil\/","name":"\u201cProkurorun qanunsuzlu\u011funa g\u00f6r\u0259 do\u011fmalar\u0131m h\u0259yatda deyil...\u201d - MEYDAN.TV","isPartOf":{"@id":"https:\/\/www.meydan.tv\/az\/#website"},"primaryImageOfPage":{"@id":"https:\/\/www.meydan.tv\/az\/article\/prokurorun-qanunsuzluguna-gore-dogmalarim-heyatda-deyil\/#primaryimage"},"image":{"@id":"https:\/\/www.meydan.tv\/az\/article\/prokurorun-qanunsuzluguna-gore-dogmalarim-heyatda-deyil\/#primaryimage"},"thumbnailUrl":"https:\/\/www.meydan.tv\/wp-content\/uploads\/original_size_facebook_app__untitled_design_1_ktqrahk.png","datePublished":"2021-09-22T12:24:16+00:00","breadcrumb":{"@id":"https:\/\/www.meydan.tv\/az\/article\/prokurorun-qanunsuzluguna-gore-dogmalarim-heyatda-deyil\/#breadcrumb"},"inLanguage":"az","potentialAction":[{"@type":"ReadAction","target":["https:\/\/www.meydan.tv\/az\/article\/prokurorun-qanunsuzluguna-gore-dogmalarim-heyatda-deyil\/"]}]},{"@type":"ImageObject","inLanguage":"az","@id":"https:\/\/www.meydan.tv\/az\/article\/prokurorun-qanunsuzluguna-gore-dogmalarim-heyatda-deyil\/#primaryimage","url":"https:\/\/www.meydan.tv\/wp-content\/uploads\/original_size_facebook_app__untitled_design_1_ktqrahk.png","contentUrl":"https:\/\/www.meydan.tv\/wp-content\/uploads\/original_size_facebook_app__untitled_design_1_ktqrahk.png","width":864,"height":480,"caption":"Source: Specify Source"},{"@type":"BreadcrumbList","@id":"https:\/\/www.meydan.tv\/az\/article\/prokurorun-qanunsuzluguna-gore-dogmalarim-heyatda-deyil\/#breadcrumb","itemListElement":[{"@type":"ListItem","position":1,"name":"Ana s\u0259hif\u0259","item":"https:\/\/www.meydan.tv\/az\/"},{"@type":"ListItem","position":2,"name":"B\u00f6lg\u0259","item":"https:\/\/www.meydan.tv\/az\/section\/bolge\/"},{"@type":"ListItem","position":3,"name":"\u201cProkurorun qanunsuzlu\u011funa g\u00f6r\u0259 do\u011fmalar\u0131m h\u0259yatda deyil&#8230;\u201d"}]},{"@type":"WebSite","@id":"https:\/\/www.meydan.tv\/az\/#website","url":"https:\/\/www.meydan.tv\/az\/","name":"MEYDAN.TV","description":"Meydan TV Az\u0259rbaycan\u0131n media m\u0259kan\u0131ndak\u0131 alternativ s\u0259sidir","publisher":{"@id":"https:\/\/www.meydan.tv\/az\/#organization"},"potentialAction":[{"@type":"SearchAction","target":{"@type":"EntryPoint","urlTemplate":"https:\/\/www.meydan.tv\/az\/?s={search_term_string}"},"query-input":{"@type":"PropertyValueSpecification","valueRequired":true,"valueName":"search_term_string"}}],"inLanguage":"az"},{"@type":"Organization","@id":"https:\/\/www.meydan.tv\/az\/#organization","name":"Meydan TV","url":"https:\/\/www.meydan.tv\/az\/","logo":{"@type":"ImageObject","inLanguage":"az","@id":"https:\/\/www.meydan.tv\/az\/#\/schema\/logo\/image\/","url":"https:\/\/www.meydan.tv\/wp-content\/uploads\/2021\/07\/meydan-logo.svg","contentUrl":"https:\/\/www.meydan.tv\/wp-content\/uploads\/2021\/07\/meydan-logo.svg","width":195,"height":46,"caption":"Meydan TV"},"image":{"@id":"https:\/\/www.meydan.tv\/az\/#\/schema\/logo\/image\/"}},{"@type":"Person","@id":"https:\/\/www.meydan.tv\/az\/#\/schema\/person\/10d11eccf6da3662cf5fdab9806ea91a","name":"user-manager"}]}},"_links":{"self":[{"href":"https:\/\/www.meydan.tv\/az\/wp-json\/wp\/v2\/posts\/212961","targetHints":{"allow":["GET"]}}],"collection":[{"href":"https:\/\/www.meydan.tv\/az\/wp-json\/wp\/v2\/posts"}],"about":[{"href":"https:\/\/www.meydan.tv\/az\/wp-json\/wp\/v2\/types\/post"}],"author":[{"embeddable":true,"href":"https:\/\/www.meydan.tv\/az\/wp-json\/wp\/v2\/users\/11"}],"replies":[{"embeddable":true,"href":"https:\/\/www.meydan.tv\/az\/wp-json\/wp\/v2\/comments?post=212961"}],"version-history":[{"count":0,"href":"https:\/\/www.meydan.tv\/az\/wp-json\/wp\/v2\/posts\/212961\/revisions"}],"wp:featuredmedia":[{"embeddable":true,"href":"https:\/\/www.meydan.tv\/az\/wp-json\/wp\/v2\/media\/210328"}],"wp:attachment":[{"href":"https:\/\/www.meydan.tv\/az\/wp-json\/wp\/v2\/media?parent=212961"}],"wp:term":[{"taxonomy":"category","embeddable":true,"href":"https:\/\/www.meydan.tv\/az\/wp-json\/wp\/v2\/categories?post=212961"},{"taxonomy":"post_tag","embeddable":true,"href":"https:\/\/www.meydan.tv\/az\/wp-json\/wp\/v2\/tags?post=212961"}],"curies":[{"name":"wp","href":"https:\/\/api.w.org\/{rel}","templated":true}]}}