{"id":212922,"date":"2021-09-20T16:25:54","date_gmt":"2021-09-20T16:25:54","guid":{"rendered":"https:\/\/www.meydan.tv\/article\/nazirlik-azerbaycanda-tehsil-iscilerinin-86-faizi-vaksinasiyadan-kecib\/"},"modified":"2021-09-20T16:25:54","modified_gmt":"2021-09-20T16:25:54","slug":"nazirlik-azerbaycanda-tehsil-iscilerinin-86-faizi-vaksinasiyadan-kecib","status":"publish","type":"post","link":"https:\/\/www.meydan.tv\/az\/article\/nazirlik-azerbaycanda-tehsil-iscilerinin-86-faizi-vaksinasiyadan-kecib\/","title":{"rendered":"Nazirlik: Az\u0259rbaycanda t\u0259hsil i\u015f\u00e7il\u0259rinin 86 faizi vaksinasiyadan ke\u00e7ib"},"content":{"rendered":"<p>\n  <i><br \/>\n    \u201cM\u0259kt\u0259bd\u0259nk\u0259nar m\u00fc\u0259ssis\u0259l\u0259rin t\u0259hsil i\u015f\u00e7il\u0259rinin 2 faizinin immunitet sertifikat\u0131 var\u201d<br \/>\n  <\/i>\n<\/p>\n<p>\n  Az\u0259rbaycanda t\u0259hsil i\u015f\u00e7il\u0259rinin 86 faizi COVID-19 \u0259leyhin\u0259 vaksinasiyadan ke\u00e7ib.\n<\/p>\n<p>\n  T\u0259hsil Nazirliyinin yayd\u0131\u011f\u0131 m\u0259lumatda bildirilir ki, bu g\u00f6st\u0259rici Bak\u0131 \u00fczr\u0259 88, Sumqay\u0131t \u00fczr\u0259 92, G\u0259nc\u0259 \u00fczr\u0259 94, Ab\u015feron rayonu \u00fczr\u0259 89, Yard\u0131ml\u0131 rayonu \u00fczr\u0259 97, Naftalan \u015f\u0259h\u0259ri \u00fczr\u0259 96, \u015eirvan, Qazax v\u0259 T\u0259rt\u0259r rayonlar\u0131n\u0131n h\u0259r biri \u00fczr\u0259 95 faiz t\u0259\u015fkil<br \/>\n  <a href=\"https:\/\/edu.gov.az\/az\/news-and-updates\/16880-1\"><br \/>\n    edir.<br \/>\n  <\/a>\n<\/p>\n<p>\n  M\u0259kt\u0259bd\u0259nk\u0259nar t\u0259hsil m\u00fc\u0259ssis\u0259l\u0259rind\u0259 \u00e7al\u0131\u015fan t\u0259hsil i\u015f\u00e7il\u0259rinin 92 faizi, ali v\u0259 orta ixtisas t\u0259hsili m\u00fc\u0259ssis\u0259l\u0259rind\u0259 \u00e7al\u0131\u015fan t\u0259hsil i\u015f\u00e7il\u0259rinin 80 faizi, pe\u015f\u0259 t\u0259hsili m\u00fc\u0259ssis\u0259l\u0259rind\u0259 \u00e7al\u0131\u015fan t\u0259hsil i\u015f\u00e7il\u0259rinin 92 faizi art\u0131q vaksinasiya olunub.\n<\/p>\n<p>\n  Bundan \u0259lav\u0259, \u00fcmumi v\u0259 pe\u015f\u0259 t\u0259hsili m\u00fc\u0259ssis\u0259l\u0259rind\u0259 \u00e7al\u0131\u015fan t\u0259hsil i\u015f\u00e7il\u0259rinin 1 faizinin, m\u0259kt\u0259bd\u0259nk\u0259nar t\u0259hsil m\u00fc\u0259ssis\u0259l\u0259rinin t\u0259hsil i\u015f\u00e7il\u0259rinin 2 faizinin immunitet sertifikat\u0131 var.\n<\/p>\n<p>\n  Az\u0259rbaycanda sentyabr\u0131n 22-d\u0259n 1-4-c\u00fc sinifl\u0259r, 29-dan is\u0259 5-11-ci sinifl\u0259r v\u0259 ali m\u0259kt\u0259bl\u0259r \u0259n\u0259n\u0259vi t\u0259dris\u0259 qay\u0131d\u0131r.\n<\/p>\n<p>\n  Sentyabr\u0131n 7-d\u0259 t\u0259hsil naziri Emin \u018fmrullayev 2021-2022-ci t\u0259dris ilinin t\u0259\u015fkilin\u0259 dair ke\u00e7iril\u0259n brifinqd\u0259 d\u0259rs ilinin sentyabr\u0131n 22-d\u0259 ba\u015flamas\u0131 m\u0259s\u0259l\u0259sin\u0259 d\u0259 ayd\u0131nl\u0131q g\u0259tirib.\n<\/p>\n<p>\n  Bunu yoluxma say\u0131n\u0131n artmas\u0131 il\u0259 \u0259laq\u0259l\u0259ndirib.\n<\/p>\n<p>\n  Nazir h\u0259min vaxta q\u0259d\u0259r vaksinasiya prosesin\u0259 g\u00f6r\u0259 yoluxma say\u0131nda azalma qeyd\u0259 al\u0131naca\u011f\u0131na \u00fcmid etdiyini s\u00f6yl\u0259yib.<\/p>\n","protected":false},"excerpt":{"rendered":"<p>\u201cM\u0259kt\u0259bd\u0259nk\u0259nar m\u00fc\u0259ssis\u0259l\u0259rin t\u0259hsil i\u015f\u00e7il\u0259rinin 2 faizinin immunitet sertifikat\u0131 var\u201d<\/p>\n","protected":false},"author":11,"featured_media":161766,"comment_status":"closed","ping_status":"open","sticky":false,"template":"","format":"standard","meta":{"_acf_changed":false,"_sitemap_exclude":false,"_sitemap_priority":"","_sitemap_frequency":"","footnotes":""},"categories":[56],"tags":[],"class_list":["post-212922","post","type-post","status-publish","format-standard","has-post-thumbnail","hentry","category-xeberler","infinite-scroll-item","generate-columns","tablet-grid-50","mobile-grid-100","grid-parent","grid-33","no-featured-image-padding"],"acf":[],"yoast_head":"<!-- This site is optimized with the Yoast SEO plugin v28.4 - https:\/\/yoast.com\/product\/yoast-seo-wordpress\/ -->\n<title>Nazirlik: Az\u0259rbaycanda t\u0259hsil i\u015f\u00e7il\u0259rinin 86 faizi vaksinasiyadan ke\u00e7ib - MEYDAN.TV<\/title>\n<meta name=\"robots\" content=\"index, follow, max-snippet:-1, max-image-preview:large, max-video-preview:-1\" \/>\n<link rel=\"canonical\" href=\"https:\/\/www.meydan.tv\/az\/article\/nazirlik-azerbaycanda-tehsil-iscilerinin-86-faizi-vaksinasiyadan-kecib\/\" \/>\n<meta property=\"og:locale\" content=\"az_AZ\" \/>\n<meta property=\"og:type\" content=\"article\" \/>\n<meta property=\"og:title\" content=\"Nazirlik: Az\u0259rbaycanda t\u0259hsil i\u015f\u00e7il\u0259rinin 86 faizi vaksinasiyadan ke\u00e7ib - MEYDAN.TV\" \/>\n<meta property=\"og:description\" content=\"\u201cM\u0259kt\u0259bd\u0259nk\u0259nar m\u00fc\u0259ssis\u0259l\u0259rin t\u0259hsil i\u015f\u00e7il\u0259rinin 2 faizinin immunitet sertifikat\u0131 var\u201d\" \/>\n<meta property=\"og:url\" content=\"https:\/\/www.meydan.tv\/az\/article\/nazirlik-azerbaycanda-tehsil-iscilerinin-86-faizi-vaksinasiyadan-kecib\/\" \/>\n<meta property=\"og:site_name\" content=\"MEYDAN.TV\" \/>\n<meta property=\"article:published_time\" content=\"2021-09-20T16:25:54+00:00\" \/>\n<meta property=\"og:image\" content=\"https:\/\/www.meydan.tv\/wp-content\/uploads\/covid3-scaled.jpg\" \/>\n\t<meta property=\"og:image:width\" content=\"2560\" \/>\n\t<meta property=\"og:image:height\" content=\"1440\" \/>\n\t<meta property=\"og:image:type\" content=\"image\/jpeg\" \/>\n<meta name=\"twitter:card\" content=\"summary_large_image\" \/>\n<!-- \/ Yoast SEO plugin. -->","yoast_head_json":{"title":"Nazirlik: Az\u0259rbaycanda t\u0259hsil i\u015f\u00e7il\u0259rinin 86 faizi vaksinasiyadan ke\u00e7ib - MEYDAN.TV","robots":{"index":"index","follow":"follow","max-snippet":"max-snippet:-1","max-image-preview":"max-image-preview:large","max-video-preview":"max-video-preview:-1"},"canonical":"https:\/\/www.meydan.tv\/az\/article\/nazirlik-azerbaycanda-tehsil-iscilerinin-86-faizi-vaksinasiyadan-kecib\/","og_locale":"az_AZ","og_type":"article","og_title":"Nazirlik: Az\u0259rbaycanda t\u0259hsil i\u015f\u00e7il\u0259rinin 86 faizi vaksinasiyadan ke\u00e7ib - MEYDAN.TV","og_description":"\u201cM\u0259kt\u0259bd\u0259nk\u0259nar m\u00fc\u0259ssis\u0259l\u0259rin t\u0259hsil i\u015f\u00e7il\u0259rinin 2 faizinin immunitet sertifikat\u0131 var\u201d","og_url":"https:\/\/www.meydan.tv\/az\/article\/nazirlik-azerbaycanda-tehsil-iscilerinin-86-faizi-vaksinasiyadan-kecib\/","og_site_name":"MEYDAN.TV","article_published_time":"2021-09-20T16:25:54+00:00","og_image":[{"width":2560,"height":1440,"url":"https:\/\/www.meydan.tv\/wp-content\/uploads\/covid3-scaled.jpg","type":"image\/jpeg"}],"twitter_card":"summary_large_image","schema":{"@context":"https:\/\/schema.org","@graph":[{"@type":"Article","@id":"https:\/\/www.meydan.tv\/az\/article\/nazirlik-azerbaycanda-tehsil-iscilerinin-86-faizi-vaksinasiyadan-kecib\/#article","isPartOf":{"@id":"https:\/\/www.meydan.tv\/az\/article\/nazirlik-azerbaycanda-tehsil-iscilerinin-86-faizi-vaksinasiyadan-kecib\/"},"author":{"name":"user-manager","@id":"https:\/\/www.meydan.tv\/az\/#\/schema\/person\/10d11eccf6da3662cf5fdab9806ea91a"},"headline":"Nazirlik: Az\u0259rbaycanda t\u0259hsil i\u015f\u00e7il\u0259rinin 86 faizi vaksinasiyadan ke\u00e7ib","datePublished":"2021-09-20T16:25:54+00:00","mainEntityOfPage":{"@id":"https:\/\/www.meydan.tv\/az\/article\/nazirlik-azerbaycanda-tehsil-iscilerinin-86-faizi-vaksinasiyadan-kecib\/"},"wordCount":289,"publisher":{"@id":"https:\/\/www.meydan.tv\/az\/#organization"},"image":{"@id":"https:\/\/www.meydan.tv\/az\/article\/nazirlik-azerbaycanda-tehsil-iscilerinin-86-faizi-vaksinasiyadan-kecib\/#primaryimage"},"thumbnailUrl":"https:\/\/www.meydan.tv\/wp-content\/uploads\/covid3-scaled.jpg","articleSection":["X\u0259b\u0259rl\u0259r"],"inLanguage":"az"},{"@type":"WebPage","@id":"https:\/\/www.meydan.tv\/az\/article\/nazirlik-azerbaycanda-tehsil-iscilerinin-86-faizi-vaksinasiyadan-kecib\/","url":"https:\/\/www.meydan.tv\/az\/article\/nazirlik-azerbaycanda-tehsil-iscilerinin-86-faizi-vaksinasiyadan-kecib\/","name":"Nazirlik: Az\u0259rbaycanda t\u0259hsil i\u015f\u00e7il\u0259rinin 86 faizi vaksinasiyadan ke\u00e7ib - MEYDAN.TV","isPartOf":{"@id":"https:\/\/www.meydan.tv\/az\/#website"},"primaryImageOfPage":{"@id":"https:\/\/www.meydan.tv\/az\/article\/nazirlik-azerbaycanda-tehsil-iscilerinin-86-faizi-vaksinasiyadan-kecib\/#primaryimage"},"image":{"@id":"https:\/\/www.meydan.tv\/az\/article\/nazirlik-azerbaycanda-tehsil-iscilerinin-86-faizi-vaksinasiyadan-kecib\/#primaryimage"},"thumbnailUrl":"https:\/\/www.meydan.tv\/wp-content\/uploads\/covid3-scaled.jpg","datePublished":"2021-09-20T16:25:54+00:00","breadcrumb":{"@id":"https:\/\/www.meydan.tv\/az\/article\/nazirlik-azerbaycanda-tehsil-iscilerinin-86-faizi-vaksinasiyadan-kecib\/#breadcrumb"},"inLanguage":"az","potentialAction":[{"@type":"ReadAction","target":["https:\/\/www.meydan.tv\/az\/article\/nazirlik-azerbaycanda-tehsil-iscilerinin-86-faizi-vaksinasiyadan-kecib\/"]}]},{"@type":"ImageObject","inLanguage":"az","@id":"https:\/\/www.meydan.tv\/az\/article\/nazirlik-azerbaycanda-tehsil-iscilerinin-86-faizi-vaksinasiyadan-kecib\/#primaryimage","url":"https:\/\/www.meydan.tv\/wp-content\/uploads\/covid3-scaled.jpg","contentUrl":"https:\/\/www.meydan.tv\/wp-content\/uploads\/covid3-scaled.jpg","width":2560,"height":1440,"caption":"Source: Meydan TV"},{"@type":"BreadcrumbList","@id":"https:\/\/www.meydan.tv\/az\/article\/nazirlik-azerbaycanda-tehsil-iscilerinin-86-faizi-vaksinasiyadan-kecib\/#breadcrumb","itemListElement":[{"@type":"ListItem","position":1,"name":"Ana s\u0259hif\u0259","item":"https:\/\/www.meydan.tv\/az\/"},{"@type":"ListItem","position":2,"name":"X\u0259b\u0259rl\u0259r","item":"https:\/\/www.meydan.tv\/az\/section\/xeberler\/"},{"@type":"ListItem","position":3,"name":"Nazirlik: Az\u0259rbaycanda t\u0259hsil i\u015f\u00e7il\u0259rinin 86 faizi vaksinasiyadan ke\u00e7ib"}]},{"@type":"WebSite","@id":"https:\/\/www.meydan.tv\/az\/#website","url":"https:\/\/www.meydan.tv\/az\/","name":"MEYDAN.TV","description":"Meydan TV Az\u0259rbaycan\u0131n media m\u0259kan\u0131ndak\u0131 alternativ s\u0259sidir","publisher":{"@id":"https:\/\/www.meydan.tv\/az\/#organization"},"potentialAction":[{"@type":"SearchAction","target":{"@type":"EntryPoint","urlTemplate":"https:\/\/www.meydan.tv\/az\/?s={search_term_string}"},"query-input":{"@type":"PropertyValueSpecification","valueRequired":true,"valueName":"search_term_string"}}],"inLanguage":"az"},{"@type":"Organization","@id":"https:\/\/www.meydan.tv\/az\/#organization","name":"Meydan TV","url":"https:\/\/www.meydan.tv\/az\/","logo":{"@type":"ImageObject","inLanguage":"az","@id":"https:\/\/www.meydan.tv\/az\/#\/schema\/logo\/image\/","url":"https:\/\/www.meydan.tv\/wp-content\/uploads\/2021\/07\/meydan-logo.svg","contentUrl":"https:\/\/www.meydan.tv\/wp-content\/uploads\/2021\/07\/meydan-logo.svg","width":195,"height":46,"caption":"Meydan TV"},"image":{"@id":"https:\/\/www.meydan.tv\/az\/#\/schema\/logo\/image\/"}},{"@type":"Person","@id":"https:\/\/www.meydan.tv\/az\/#\/schema\/person\/10d11eccf6da3662cf5fdab9806ea91a","name":"user-manager"}]}},"_links":{"self":[{"href":"https:\/\/www.meydan.tv\/az\/wp-json\/wp\/v2\/posts\/212922","targetHints":{"allow":["GET"]}}],"collection":[{"href":"https:\/\/www.meydan.tv\/az\/wp-json\/wp\/v2\/posts"}],"about":[{"href":"https:\/\/www.meydan.tv\/az\/wp-json\/wp\/v2\/types\/post"}],"author":[{"embeddable":true,"href":"https:\/\/www.meydan.tv\/az\/wp-json\/wp\/v2\/users\/11"}],"replies":[{"embeddable":true,"href":"https:\/\/www.meydan.tv\/az\/wp-json\/wp\/v2\/comments?post=212922"}],"version-history":[{"count":0,"href":"https:\/\/www.meydan.tv\/az\/wp-json\/wp\/v2\/posts\/212922\/revisions"}],"wp:featuredmedia":[{"embeddable":true,"href":"https:\/\/www.meydan.tv\/az\/wp-json\/wp\/v2\/media\/161766"}],"wp:attachment":[{"href":"https:\/\/www.meydan.tv\/az\/wp-json\/wp\/v2\/media?parent=212922"}],"wp:term":[{"taxonomy":"category","embeddable":true,"href":"https:\/\/www.meydan.tv\/az\/wp-json\/wp\/v2\/categories?post=212922"},{"taxonomy":"post_tag","embeddable":true,"href":"https:\/\/www.meydan.tv\/az\/wp-json\/wp\/v2\/tags?post=212922"}],"curies":[{"name":"wp","href":"https:\/\/api.w.org\/{rel}","templated":true}]}}