{"id":212901,"date":"2021-09-17T14:56:19","date_gmt":"2021-09-17T14:56:19","guid":{"rendered":"https:\/\/www.meydan.tv\/article\/nazirlik-yeni-layiheye-baslayacagini-aciqladi\/"},"modified":"2021-09-17T14:56:19","modified_gmt":"2021-09-17T14:56:19","slug":"nazirlik-yeni-layiheye-baslayacagini-aciqladi","status":"publish","type":"post","link":"https:\/\/www.meydan.tv\/az\/article\/nazirlik-yeni-layiheye-baslayacagini-aciqladi\/","title":{"rendered":"Nazirlik yeni layih\u0259y\u0259 ba\u015flayaca\u011f\u0131n\u0131 a\u00e7\u0131qlad\u0131"},"content":{"rendered":"<p>\n  <i><br \/>\n    Teatr menecmenti v\u0259 prod\u00fcserlik f\u0259aliyy\u0259ti il\u0259 ba\u011fl\u0131 pe\u015f\u0259karlar yeti\u015fdiril\u0259c\u0259k<br \/>\n  <\/i>\n<\/p>\n<p>\n  M\u0259d\u0259niyy\u0259t Nazirliyi \u201cG\u0259nc teatr prod\u00fcserl\u0259ri \u00fc\u00e7\u00fcn laboratoriya\u201d adl\u0131 layih\u0259y\u0259 ba\u015flay\u0131r.\n<\/p>\n<p>\n  Nazirliyin yayd\u0131\u011f\u0131 m\u0259lumatda bildirilir ki, Rusiya D\u00f6vl\u0259t Teatr S\u0259n\u0259ti \u0130nstitutu il\u0259 birlikd\u0259 Az\u0259rbaycanda teatr menecmentinin v\u0259 prod\u00fcserlik strukturunun inki\u015faf\u0131 v\u0259 idar\u0259etm\u0259si sah\u0259sind\u0259 kadr<br \/>\n  <a href=\"http:\/\/mct.gov.az\/az\/umumi-xeberler\/13724\"><br \/>\n    yeti\u015fdiril\u0259c\u0259k<br \/>\n  <\/a><br \/>\n  .\n<\/p>\n<p>\n  M\u0259qs\u0259d bu sah\u0259d\u0259 pe\u015f\u0259karlar\u0131n art\u0131r\u0131lmas\u0131d\u0131r.\n<\/p>\n<p>\n  Layih\u0259 oktyabr\u0131n 3-d\u0259n 9-d\u0259k Yarat M\u00fcasir \u0130nc\u0259s\u0259n\u0259t M\u0259kan\u0131nda t\u0259\u015fkil olunacaq.\n<\/p>\n<p>\n  T\u0259liml\u0259rd\u0259 Elena Simurzina, Aleksandra Knyazeva, El\u015f\u0259n M\u0259mm\u0259dov m\u00fcasir teatr menecmenti v\u0259 prod\u00fcserlik f\u0259aliyy\u0259ti il\u0259 ba\u011fl\u0131 bilik v\u0259 bacar\u0131qlar\u0131n\u0131 b\u00f6l\u00fc\u015f\u0259c\u0259kl\u0259r.\n<\/p>\n<p>\n  Menecment v\u0259 prod\u00fcserlik sah\u0259sin\u0259 maraq g\u00f6st\u0259r\u0259n g\u0259ncl\u0259r\u0259 laboratoriyada \u00f6d\u0259ni\u015fsiz i\u015ftirak etm\u0259k imkan\u0131 yarad\u0131l\u0131r.\n<\/p>\n<p>\n  Teatr\u015f\u00fcnas Vidadi Qafarov Meydan TV-y\u0259 a\u00e7\u0131qlamas\u0131nda bildirib ki, Az\u0259rbaycanda teatr menecmentinin yarad\u0131lmas\u0131, inki\u015faf\u0131 \u00e7ox vacibdir: \u201cD\u00fcnya kino v\u0259 teatr s\u0259nayesi menecmentl\u0259 i\u015fl\u0259yir. T\u0259\u0259ss\u00fcf ki, Az\u0259rbaycanda bel\u0259 institutlar olmay\u0131b. Yeri g\u0259lmi\u015fk\u0259n, art\u0131q bu ild\u0259n Az\u0259rbaycan D\u00f6vl\u0259t M\u0259d\u0259niyy\u0259t v\u0259 \u0130nc\u0259s\u0259n\u0259t Universitetind\u0259 Teatr menecmenti ixtisas\u0131 f\u0259aliyy\u0259t\u0259 ba\u015flay\u0131b. Universitet teatr menecmenti fak\u00fclt\u0259si \u00fczr\u0259 magistr s\u0259viyy\u0259sind\u0259 t\u0259l\u0259b\u0259l\u0259r yeti\u015fdir\u0259c\u0259k\u201d.<\/p>\n","protected":false},"excerpt":{"rendered":"<p>T\u0259liml\u0259rd\u0259 Elena Simurzina, Aleksandra Knyazeva, El\u015f\u0259n M\u0259mm\u0259dov m\u00fcasir teatr menecmenti v\u0259 prod\u00fcserlik f\u0259aliyy\u0259ti il\u0259 ba\u011fl\u0131 bilik v\u0259 bacar\u0131qlar\u0131n\u0131 b\u00f6l\u00fc\u015f\u0259c\u0259kl\u0259r.<\/p>\n","protected":false},"author":11,"featured_media":155115,"comment_status":"closed","ping_status":"open","sticky":false,"template":"","format":"standard","meta":{"_acf_changed":false,"_sitemap_exclude":false,"_sitemap_priority":"","_sitemap_frequency":"","footnotes":""},"categories":[52],"tags":[],"class_list":["post-212901","post","type-post","status-publish","format-standard","has-post-thumbnail","hentry","category-medeniyyet","infinite-scroll-item","generate-columns","tablet-grid-50","mobile-grid-100","grid-parent","grid-33","no-featured-image-padding"],"acf":[],"yoast_head":"<!-- This site is optimized with the Yoast SEO plugin v27.4 - https:\/\/yoast.com\/product\/yoast-seo-wordpress\/ -->\n<title>Nazirlik yeni layih\u0259y\u0259 ba\u015flayaca\u011f\u0131n\u0131 a\u00e7\u0131qlad\u0131 - MEYDAN.TV<\/title>\n<meta name=\"robots\" content=\"index, follow, max-snippet:-1, max-image-preview:large, max-video-preview:-1\" \/>\n<link rel=\"canonical\" href=\"https:\/\/www.meydan.tv\/az\/article\/nazirlik-yeni-layiheye-baslayacagini-aciqladi\/\" \/>\n<meta property=\"og:locale\" content=\"az_AZ\" \/>\n<meta property=\"og:type\" content=\"article\" \/>\n<meta property=\"og:title\" content=\"Nazirlik yeni layih\u0259y\u0259 ba\u015flayaca\u011f\u0131n\u0131 a\u00e7\u0131qlad\u0131 - MEYDAN.TV\" \/>\n<meta property=\"og:description\" content=\"T\u0259liml\u0259rd\u0259 Elena Simurzina, Aleksandra Knyazeva, El\u015f\u0259n M\u0259mm\u0259dov m\u00fcasir teatr menecmenti v\u0259 prod\u00fcserlik f\u0259aliyy\u0259ti il\u0259 ba\u011fl\u0131 bilik v\u0259 bacar\u0131qlar\u0131n\u0131 b\u00f6l\u00fc\u015f\u0259c\u0259kl\u0259r.\" \/>\n<meta property=\"og:url\" content=\"https:\/\/www.meydan.tv\/az\/article\/nazirlik-yeni-layiheye-baslayacagini-aciqladi\/\" \/>\n<meta property=\"og:site_name\" content=\"MEYDAN.TV\" \/>\n<meta property=\"article:published_time\" content=\"2021-09-17T14:56:19+00:00\" \/>\n<meta property=\"og:image\" content=\"https:\/\/www.meydan.tv\/wp-content\/uploads\/unnamed_lqc8dvu.png\" \/>\n\t<meta property=\"og:image:width\" content=\"813\" \/>\n\t<meta property=\"og:image:height\" content=\"480\" \/>\n\t<meta property=\"og:image:type\" content=\"image\/png\" \/>\n<meta name=\"author\" content=\"user-manager\" \/>\n<meta name=\"twitter:card\" content=\"summary_large_image\" \/>\n<script type=\"application\/ld+json\" class=\"yoast-schema-graph\">{\"@context\":\"https:\\\/\\\/schema.org\",\"@graph\":[{\"@type\":\"Article\",\"@id\":\"https:\\\/\\\/www.meydan.tv\\\/az\\\/article\\\/nazirlik-yeni-layiheye-baslayacagini-aciqladi\\\/#article\",\"isPartOf\":{\"@id\":\"https:\\\/\\\/www.meydan.tv\\\/az\\\/article\\\/nazirlik-yeni-layiheye-baslayacagini-aciqladi\\\/\"},\"author\":{\"name\":\"user-manager\",\"@id\":\"https:\\\/\\\/www.meydan.tv\\\/az\\\/#\\\/schema\\\/person\\\/10d11eccf6da3662cf5fdab9806ea91a\"},\"headline\":\"Nazirlik yeni layih\u0259y\u0259 ba\u015flayaca\u011f\u0131n\u0131 a\u00e7\u0131qlad\u0131\",\"datePublished\":\"2021-09-17T14:56:19+00:00\",\"mainEntityOfPage\":{\"@id\":\"https:\\\/\\\/www.meydan.tv\\\/az\\\/article\\\/nazirlik-yeni-layiheye-baslayacagini-aciqladi\\\/\"},\"wordCount\":274,\"publisher\":{\"@id\":\"https:\\\/\\\/www.meydan.tv\\\/az\\\/#organization\"},\"image\":{\"@id\":\"https:\\\/\\\/www.meydan.tv\\\/az\\\/article\\\/nazirlik-yeni-layiheye-baslayacagini-aciqladi\\\/#primaryimage\"},\"thumbnailUrl\":\"https:\\\/\\\/www.meydan.tv\\\/wp-content\\\/uploads\\\/unnamed_lqc8dvu.png\",\"articleSection\":[\"M\u0259d\u0259niyy\u0259t\"],\"inLanguage\":\"az\"},{\"@type\":\"WebPage\",\"@id\":\"https:\\\/\\\/www.meydan.tv\\\/az\\\/article\\\/nazirlik-yeni-layiheye-baslayacagini-aciqladi\\\/\",\"url\":\"https:\\\/\\\/www.meydan.tv\\\/az\\\/article\\\/nazirlik-yeni-layiheye-baslayacagini-aciqladi\\\/\",\"name\":\"Nazirlik yeni layih\u0259y\u0259 ba\u015flayaca\u011f\u0131n\u0131 a\u00e7\u0131qlad\u0131 - MEYDAN.TV\",\"isPartOf\":{\"@id\":\"https:\\\/\\\/www.meydan.tv\\\/az\\\/#website\"},\"primaryImageOfPage\":{\"@id\":\"https:\\\/\\\/www.meydan.tv\\\/az\\\/article\\\/nazirlik-yeni-layiheye-baslayacagini-aciqladi\\\/#primaryimage\"},\"image\":{\"@id\":\"https:\\\/\\\/www.meydan.tv\\\/az\\\/article\\\/nazirlik-yeni-layiheye-baslayacagini-aciqladi\\\/#primaryimage\"},\"thumbnailUrl\":\"https:\\\/\\\/www.meydan.tv\\\/wp-content\\\/uploads\\\/unnamed_lqc8dvu.png\",\"datePublished\":\"2021-09-17T14:56:19+00:00\",\"breadcrumb\":{\"@id\":\"https:\\\/\\\/www.meydan.tv\\\/az\\\/article\\\/nazirlik-yeni-layiheye-baslayacagini-aciqladi\\\/#breadcrumb\"},\"inLanguage\":\"az\",\"potentialAction\":[{\"@type\":\"ReadAction\",\"target\":[\"https:\\\/\\\/www.meydan.tv\\\/az\\\/article\\\/nazirlik-yeni-layiheye-baslayacagini-aciqladi\\\/\"]}]},{\"@type\":\"ImageObject\",\"inLanguage\":\"az\",\"@id\":\"https:\\\/\\\/www.meydan.tv\\\/az\\\/article\\\/nazirlik-yeni-layiheye-baslayacagini-aciqladi\\\/#primaryimage\",\"url\":\"https:\\\/\\\/www.meydan.tv\\\/wp-content\\\/uploads\\\/unnamed_lqc8dvu.png\",\"contentUrl\":\"https:\\\/\\\/www.meydan.tv\\\/wp-content\\\/uploads\\\/unnamed_lqc8dvu.png\",\"width\":813,\"height\":480,\"caption\":\"Foto: M\u0259d\u0259niyy\u0259t Nazirliyi\"},{\"@type\":\"BreadcrumbList\",\"@id\":\"https:\\\/\\\/www.meydan.tv\\\/az\\\/article\\\/nazirlik-yeni-layiheye-baslayacagini-aciqladi\\\/#breadcrumb\",\"itemListElement\":[{\"@type\":\"ListItem\",\"position\":1,\"name\":\"Ana s\u0259hif\u0259\",\"item\":\"https:\\\/\\\/www.meydan.tv\\\/az\\\/\"},{\"@type\":\"ListItem\",\"position\":2,\"name\":\"M\u0259d\u0259niyy\u0259t\",\"item\":\"https:\\\/\\\/www.meydan.tv\\\/az\\\/section\\\/medeniyyet\\\/\"},{\"@type\":\"ListItem\",\"position\":3,\"name\":\"Nazirlik yeni layih\u0259y\u0259 ba\u015flayaca\u011f\u0131n\u0131 a\u00e7\u0131qlad\u0131\"}]},{\"@type\":\"WebSite\",\"@id\":\"https:\\\/\\\/www.meydan.tv\\\/az\\\/#website\",\"url\":\"https:\\\/\\\/www.meydan.tv\\\/az\\\/\",\"name\":\"MEYDAN.TV\",\"description\":\"Meydan TV Az\u0259rbaycan\u0131n media m\u0259kan\u0131ndak\u0131 alternativ s\u0259sidir\",\"publisher\":{\"@id\":\"https:\\\/\\\/www.meydan.tv\\\/az\\\/#organization\"},\"potentialAction\":[{\"@type\":\"SearchAction\",\"target\":{\"@type\":\"EntryPoint\",\"urlTemplate\":\"https:\\\/\\\/www.meydan.tv\\\/az\\\/?s={search_term_string}\"},\"query-input\":{\"@type\":\"PropertyValueSpecification\",\"valueRequired\":true,\"valueName\":\"search_term_string\"}}],\"inLanguage\":\"az\"},{\"@type\":\"Organization\",\"@id\":\"https:\\\/\\\/www.meydan.tv\\\/az\\\/#organization\",\"name\":\"Meydan TV\",\"url\":\"https:\\\/\\\/www.meydan.tv\\\/az\\\/\",\"logo\":{\"@type\":\"ImageObject\",\"inLanguage\":\"az\",\"@id\":\"https:\\\/\\\/www.meydan.tv\\\/az\\\/#\\\/schema\\\/logo\\\/image\\\/\",\"url\":\"https:\\\/\\\/www.meydan.tv\\\/wp-content\\\/uploads\\\/2021\\\/07\\\/meydan-logo.svg\",\"contentUrl\":\"https:\\\/\\\/www.meydan.tv\\\/wp-content\\\/uploads\\\/2021\\\/07\\\/meydan-logo.svg\",\"width\":195,\"height\":46,\"caption\":\"Meydan TV\"},\"image\":{\"@id\":\"https:\\\/\\\/www.meydan.tv\\\/az\\\/#\\\/schema\\\/logo\\\/image\\\/\"}},{\"@type\":\"Person\",\"@id\":\"https:\\\/\\\/www.meydan.tv\\\/az\\\/#\\\/schema\\\/person\\\/10d11eccf6da3662cf5fdab9806ea91a\",\"name\":\"user-manager\"}]}<\/script>\n<!-- \/ Yoast SEO plugin. -->","yoast_head_json":{"title":"Nazirlik yeni layih\u0259y\u0259 ba\u015flayaca\u011f\u0131n\u0131 a\u00e7\u0131qlad\u0131 - MEYDAN.TV","robots":{"index":"index","follow":"follow","max-snippet":"max-snippet:-1","max-image-preview":"max-image-preview:large","max-video-preview":"max-video-preview:-1"},"canonical":"https:\/\/www.meydan.tv\/az\/article\/nazirlik-yeni-layiheye-baslayacagini-aciqladi\/","og_locale":"az_AZ","og_type":"article","og_title":"Nazirlik yeni layih\u0259y\u0259 ba\u015flayaca\u011f\u0131n\u0131 a\u00e7\u0131qlad\u0131 - MEYDAN.TV","og_description":"T\u0259liml\u0259rd\u0259 Elena Simurzina, Aleksandra Knyazeva, El\u015f\u0259n M\u0259mm\u0259dov m\u00fcasir teatr menecmenti v\u0259 prod\u00fcserlik f\u0259aliyy\u0259ti il\u0259 ba\u011fl\u0131 bilik v\u0259 bacar\u0131qlar\u0131n\u0131 b\u00f6l\u00fc\u015f\u0259c\u0259kl\u0259r.","og_url":"https:\/\/www.meydan.tv\/az\/article\/nazirlik-yeni-layiheye-baslayacagini-aciqladi\/","og_site_name":"MEYDAN.TV","article_published_time":"2021-09-17T14:56:19+00:00","og_image":[{"width":813,"height":480,"url":"https:\/\/www.meydan.tv\/wp-content\/uploads\/unnamed_lqc8dvu.png","type":"image\/png"}],"author":"user-manager","twitter_card":"summary_large_image","schema":{"@context":"https:\/\/schema.org","@graph":[{"@type":"Article","@id":"https:\/\/www.meydan.tv\/az\/article\/nazirlik-yeni-layiheye-baslayacagini-aciqladi\/#article","isPartOf":{"@id":"https:\/\/www.meydan.tv\/az\/article\/nazirlik-yeni-layiheye-baslayacagini-aciqladi\/"},"author":{"name":"user-manager","@id":"https:\/\/www.meydan.tv\/az\/#\/schema\/person\/10d11eccf6da3662cf5fdab9806ea91a"},"headline":"Nazirlik yeni layih\u0259y\u0259 ba\u015flayaca\u011f\u0131n\u0131 a\u00e7\u0131qlad\u0131","datePublished":"2021-09-17T14:56:19+00:00","mainEntityOfPage":{"@id":"https:\/\/www.meydan.tv\/az\/article\/nazirlik-yeni-layiheye-baslayacagini-aciqladi\/"},"wordCount":274,"publisher":{"@id":"https:\/\/www.meydan.tv\/az\/#organization"},"image":{"@id":"https:\/\/www.meydan.tv\/az\/article\/nazirlik-yeni-layiheye-baslayacagini-aciqladi\/#primaryimage"},"thumbnailUrl":"https:\/\/www.meydan.tv\/wp-content\/uploads\/unnamed_lqc8dvu.png","articleSection":["M\u0259d\u0259niyy\u0259t"],"inLanguage":"az"},{"@type":"WebPage","@id":"https:\/\/www.meydan.tv\/az\/article\/nazirlik-yeni-layiheye-baslayacagini-aciqladi\/","url":"https:\/\/www.meydan.tv\/az\/article\/nazirlik-yeni-layiheye-baslayacagini-aciqladi\/","name":"Nazirlik yeni layih\u0259y\u0259 ba\u015flayaca\u011f\u0131n\u0131 a\u00e7\u0131qlad\u0131 - MEYDAN.TV","isPartOf":{"@id":"https:\/\/www.meydan.tv\/az\/#website"},"primaryImageOfPage":{"@id":"https:\/\/www.meydan.tv\/az\/article\/nazirlik-yeni-layiheye-baslayacagini-aciqladi\/#primaryimage"},"image":{"@id":"https:\/\/www.meydan.tv\/az\/article\/nazirlik-yeni-layiheye-baslayacagini-aciqladi\/#primaryimage"},"thumbnailUrl":"https:\/\/www.meydan.tv\/wp-content\/uploads\/unnamed_lqc8dvu.png","datePublished":"2021-09-17T14:56:19+00:00","breadcrumb":{"@id":"https:\/\/www.meydan.tv\/az\/article\/nazirlik-yeni-layiheye-baslayacagini-aciqladi\/#breadcrumb"},"inLanguage":"az","potentialAction":[{"@type":"ReadAction","target":["https:\/\/www.meydan.tv\/az\/article\/nazirlik-yeni-layiheye-baslayacagini-aciqladi\/"]}]},{"@type":"ImageObject","inLanguage":"az","@id":"https:\/\/www.meydan.tv\/az\/article\/nazirlik-yeni-layiheye-baslayacagini-aciqladi\/#primaryimage","url":"https:\/\/www.meydan.tv\/wp-content\/uploads\/unnamed_lqc8dvu.png","contentUrl":"https:\/\/www.meydan.tv\/wp-content\/uploads\/unnamed_lqc8dvu.png","width":813,"height":480,"caption":"Foto: M\u0259d\u0259niyy\u0259t Nazirliyi"},{"@type":"BreadcrumbList","@id":"https:\/\/www.meydan.tv\/az\/article\/nazirlik-yeni-layiheye-baslayacagini-aciqladi\/#breadcrumb","itemListElement":[{"@type":"ListItem","position":1,"name":"Ana s\u0259hif\u0259","item":"https:\/\/www.meydan.tv\/az\/"},{"@type":"ListItem","position":2,"name":"M\u0259d\u0259niyy\u0259t","item":"https:\/\/www.meydan.tv\/az\/section\/medeniyyet\/"},{"@type":"ListItem","position":3,"name":"Nazirlik yeni layih\u0259y\u0259 ba\u015flayaca\u011f\u0131n\u0131 a\u00e7\u0131qlad\u0131"}]},{"@type":"WebSite","@id":"https:\/\/www.meydan.tv\/az\/#website","url":"https:\/\/www.meydan.tv\/az\/","name":"MEYDAN.TV","description":"Meydan TV Az\u0259rbaycan\u0131n media m\u0259kan\u0131ndak\u0131 alternativ s\u0259sidir","publisher":{"@id":"https:\/\/www.meydan.tv\/az\/#organization"},"potentialAction":[{"@type":"SearchAction","target":{"@type":"EntryPoint","urlTemplate":"https:\/\/www.meydan.tv\/az\/?s={search_term_string}"},"query-input":{"@type":"PropertyValueSpecification","valueRequired":true,"valueName":"search_term_string"}}],"inLanguage":"az"},{"@type":"Organization","@id":"https:\/\/www.meydan.tv\/az\/#organization","name":"Meydan TV","url":"https:\/\/www.meydan.tv\/az\/","logo":{"@type":"ImageObject","inLanguage":"az","@id":"https:\/\/www.meydan.tv\/az\/#\/schema\/logo\/image\/","url":"https:\/\/www.meydan.tv\/wp-content\/uploads\/2021\/07\/meydan-logo.svg","contentUrl":"https:\/\/www.meydan.tv\/wp-content\/uploads\/2021\/07\/meydan-logo.svg","width":195,"height":46,"caption":"Meydan TV"},"image":{"@id":"https:\/\/www.meydan.tv\/az\/#\/schema\/logo\/image\/"}},{"@type":"Person","@id":"https:\/\/www.meydan.tv\/az\/#\/schema\/person\/10d11eccf6da3662cf5fdab9806ea91a","name":"user-manager"}]}},"_links":{"self":[{"href":"https:\/\/www.meydan.tv\/az\/wp-json\/wp\/v2\/posts\/212901","targetHints":{"allow":["GET"]}}],"collection":[{"href":"https:\/\/www.meydan.tv\/az\/wp-json\/wp\/v2\/posts"}],"about":[{"href":"https:\/\/www.meydan.tv\/az\/wp-json\/wp\/v2\/types\/post"}],"author":[{"embeddable":true,"href":"https:\/\/www.meydan.tv\/az\/wp-json\/wp\/v2\/users\/11"}],"replies":[{"embeddable":true,"href":"https:\/\/www.meydan.tv\/az\/wp-json\/wp\/v2\/comments?post=212901"}],"version-history":[{"count":0,"href":"https:\/\/www.meydan.tv\/az\/wp-json\/wp\/v2\/posts\/212901\/revisions"}],"wp:featuredmedia":[{"embeddable":true,"href":"https:\/\/www.meydan.tv\/az\/wp-json\/wp\/v2\/media\/155115"}],"wp:attachment":[{"href":"https:\/\/www.meydan.tv\/az\/wp-json\/wp\/v2\/media?parent=212901"}],"wp:term":[{"taxonomy":"category","embeddable":true,"href":"https:\/\/www.meydan.tv\/az\/wp-json\/wp\/v2\/categories?post=212901"},{"taxonomy":"post_tag","embeddable":true,"href":"https:\/\/www.meydan.tv\/az\/wp-json\/wp\/v2\/tags?post=212901"}],"curies":[{"name":"wp","href":"https:\/\/api.w.org\/{rel}","templated":true}]}}