{"id":212893,"date":"2021-09-17T11:27:42","date_gmt":"2021-09-17T11:27:42","guid":{"rendered":"https:\/\/www.meydan.tv\/article\/azerbaycanla-ozbekistan-birge-filmler-cekecek\/"},"modified":"2021-09-17T11:27:42","modified_gmt":"2021-09-17T11:27:42","slug":"azerbaycanla-ozbekistan-birge-filmler-cekecek","status":"publish","type":"post","link":"https:\/\/www.meydan.tv\/az\/article\/azerbaycanla-ozbekistan-birge-filmler-cekecek\/","title":{"rendered":"Az\u0259rbaycanla \u00d6zb\u0259kistan birg\u0259 filml\u0259r \u00e7\u0259k\u0259c\u0259k"},"content":{"rendered":"<p>\n  <i><br \/>\n    \u0130lk ekran i\u015fi Xar\u0259zm\u015fahlar\u0131n sonuncu h\u00f6kmdar\u0131 haqq\u0131nda olacaq<br \/>\n  <\/i>\n<\/p>\n<p>\n  Az\u0259rbaycanla \u00d6zb\u0259kistan aras\u0131nda m\u00fc\u015ft\u0259r\u0259k filml\u0259rin \u00e7\u0259kilm\u0259si m\u00fczakir\u0259 edilib.\n<\/p>\n<p>\n  M\u0259d\u0259niyy\u0259t Nazirliyinin yayd\u0131\u011f\u0131 m\u0259lumata g\u00f6r\u0259, nazir Anar K\u0259rimov \u00d6zb\u0259kistan\u0131n Xiv\u0259 \u015f\u0259h\u0259rind\u0259 UNESCO-n\u0131n himay\u0259si alt\u0131nda ke\u00e7iril\u0259n \u201cM\u0259rk\u0259zi Asiya d\u00fcnya sivilizasiyalar\u0131n\u0131n k\u0259si\u015fm\u0259sind\u0259\u201d Beyn\u0259lxalq M\u0259d\u0259niyy\u0259t Forumunun a\u00e7\u0131l\u0131\u015f m\u0259rasimin\u0259 qat\u0131l\u0131b.\n<\/p>\n<p>\n  T\u0259dbir \u00e7\u0259r\u00e7iv\u0259sind\u0259 o, \u00d6zb\u0259kistan Ba\u015f nazirinin m\u00fcavini \u018fziz \u018fbduhakimov v\u0259 m\u0259d\u0259niyy\u0259t naziri Ozodbek Nazarbekovla da<br \/>\n  <a href=\"http:\/\/mct.gov.az\/az\/umumi-xeberler\/13715\"><br \/>\n    g\u00f6r\u00fc\u015f\u00fcb.<br \/>\n  <\/a>\n<\/p>\n<p>\n  G\u00f6r\u00fc\u015fd\u0259 \u00d6zb\u0259kistanda Xar\u0259zm\u015fahlar\u0131n sonuncu h\u00f6kmdar\u0131 C\u0259lal\u0259ddin M\u0259nquberdi (1199-1231) haqq\u0131nda filmin \u00e7\u0259kilm\u0259si, Az\u0259rbaycan aktyorlar\u0131n\u0131n ekran i\u015find\u0259 i\u015ftirak\u0131 bar\u0259d\u0259 s\u00f6hb\u0259t a\u00e7\u0131l\u0131b.\n<\/p>\n<p>\n  Bundan ba\u015fqa, \u201c\u00d6zb\u0259kfilm\u201dl\u0259 birg\u0259 Molla N\u0259sr\u0259ddin haqq\u0131nda filmin \u00e7\u0259kilm\u0259si bar\u0259d\u0259 d\u0259 m\u00fczakir\u0259l\u0259r apar\u0131l\u0131b.\n<\/p>\n<p>\n  M\u0259d\u0259niyy\u0259t sah\u0259sind\u0259 \u0259m\u0259kda\u015fl\u0131q imkanlar\u0131n\u0131n geni\u015fl\u0259ndirilm\u0259si m\u0259qs\u0259dil\u0259, h\u0259m\u00e7inin abid\u0259l\u0259rin b\u0259rpas\u0131 haqq\u0131nda da dan\u0131\u015f\u0131l\u0131b.\n<\/p>\n<p>\n  Bu ilin mart\u0131nda m\u0259d\u0259niyy\u0259t naziri Anar K\u0259rimov T\u00fcrkiy\u0259d\u0259 f\u0259aliyy\u0259t g\u00f6st\u0259r\u0259n kino istehsal\u0131, distribusiya v\u0259 media \u015firk\u0259tl\u0259rinin r\u0259hb\u0259rl\u0259ri il\u0259 d\u0259 g\u00f6r\u00fc\u015f<br \/>\n  <a href=\"https:\/\/www.meydan.tv\/az\/article\/azerbaycan-filmleri-netflixde-yayimlanacaq\/?ref=search\"><br \/>\n    ke\u00e7irib.<br \/>\n  <\/a>\n<\/p>\n<p>\n  M\u0259qs\u0259d birg\u0259 filml\u0259rin istehsal\u0131, h\u0259m\u00e7inin \u201cNetflix T\u00fcrkiye\u201d platformas\u0131nda yay\u0131m\u0131n\u0131n t\u0259\u015fkil olunmas\u0131d\u0131r.\n<\/p>\n<p>\n  M\u00fc\u015ft\u0259r\u0259k filml\u0259rd\u0259n ilki 44 g\u00fcnl\u00fck \u0130kinci Qaraba\u011f m\u00fcharib\u0259sin\u0259 h\u0259sr olunmu\u015f \u201cFulya\u201d s\u0259n\u0259dli filmidir.\n<\/p>\n<p>\n  \u201cAz\u0259rbaycanfilm\u201d kinostudiyas\u0131 v\u0259 T\u00fcrkiy\u0259nin \u201cDada Yap\u0131m\u201d \u015firk\u0259tinin birg\u0259 istehsal\u0131d\u0131r.\n<\/p>\n<p>\n  Filmin \u00e7\u0259kili\u015f v\u0259 montaj prosesi ba\u015fa \u00e7at\u0131b.\n<\/p>\n<p>\n  \u201cCNN T\u00fcrk\u201d kanal\u0131n\u0131n m\u00fcxbiri Fulya \u00d6zt\u00fcrk \u0130kinci Qaraba\u011f M\u00fcharib\u0259si zaman\u0131 44 g\u00fcn \u0259rzind\u0259 Az\u0259rbaycan\u0131n \u0259n qaynar n\u00f6qt\u0259l\u0259rind\u0259 i\u015ftirak edib.\n<\/p>\n<p>\n  S\u0259n\u0259dli film h\u0259min hadis\u0259l\u0259ri \u0259ks etdirir.\n<\/p>\n<p>\n  Fulya \u00d6zt\u00fcrk haz\u0131rda FOX TV-nin \u0259m\u0259kda\u015f\u0131d\u0131r.\n<\/p>\n<p>\n  Film T\u00fcrkiy\u0259d\u0259 oktyabr ay\u0131nda t\u0259qdim olunacaq.\n<\/p>\n<p>\n  Az\u0259rbaycandak\u0131 premyeran\u0131n vaxt\u0131 h\u0259l\u0259 m\u0259lum deyil.<\/p>\n","protected":false},"excerpt":{"rendered":"<p>\u0130lk ekran i\u015fi Xar\u0259zm\u015fahlar\u0131n sonuncu h\u00f6kmdar\u0131 haqq\u0131nda olacaq<\/p>\n","protected":false},"author":11,"featured_media":210136,"comment_status":"closed","ping_status":"open","sticky":false,"template":"","format":"standard","meta":{"_acf_changed":false,"_sitemap_exclude":false,"_sitemap_priority":"","_sitemap_frequency":"","footnotes":""},"categories":[52],"tags":[],"class_list":["post-212893","post","type-post","status-publish","format-standard","has-post-thumbnail","hentry","category-medeniyyet","infinite-scroll-item","generate-columns","tablet-grid-50","mobile-grid-100","grid-parent","grid-33","no-featured-image-padding"],"acf":[],"yoast_head":"<!-- This site is optimized with the Yoast SEO plugin v27.4 - https:\/\/yoast.com\/product\/yoast-seo-wordpress\/ -->\n<title>Az\u0259rbaycanla \u00d6zb\u0259kistan birg\u0259 filml\u0259r \u00e7\u0259k\u0259c\u0259k - MEYDAN.TV<\/title>\n<meta name=\"robots\" content=\"index, follow, max-snippet:-1, max-image-preview:large, max-video-preview:-1\" \/>\n<link rel=\"canonical\" href=\"https:\/\/www.meydan.tv\/az\/article\/azerbaycanla-ozbekistan-birge-filmler-cekecek\/\" \/>\n<meta property=\"og:locale\" content=\"az_AZ\" \/>\n<meta property=\"og:type\" content=\"article\" \/>\n<meta property=\"og:title\" content=\"Az\u0259rbaycanla \u00d6zb\u0259kistan birg\u0259 filml\u0259r \u00e7\u0259k\u0259c\u0259k - MEYDAN.TV\" \/>\n<meta property=\"og:description\" content=\"\u0130lk ekran i\u015fi Xar\u0259zm\u015fahlar\u0131n sonuncu h\u00f6kmdar\u0131 haqq\u0131nda olacaq\" \/>\n<meta property=\"og:url\" content=\"https:\/\/www.meydan.tv\/az\/article\/azerbaycanla-ozbekistan-birge-filmler-cekecek\/\" \/>\n<meta property=\"og:site_name\" content=\"MEYDAN.TV\" \/>\n<meta property=\"article:published_time\" content=\"2021-09-17T11:27:42+00:00\" \/>\n<meta property=\"og:image\" content=\"https:\/\/www.meydan.tv\/wp-content\/uploads\/422314227.jpeg\" \/>\n\t<meta property=\"og:image:width\" content=\"1000\" \/>\n\t<meta property=\"og:image:height\" content=\"541\" \/>\n\t<meta property=\"og:image:type\" content=\"image\/jpeg\" \/>\n<meta name=\"author\" content=\"user-manager\" \/>\n<meta name=\"twitter:card\" content=\"summary_large_image\" \/>\n<script type=\"application\/ld+json\" class=\"yoast-schema-graph\">{\"@context\":\"https:\\\/\\\/schema.org\",\"@graph\":[{\"@type\":\"Article\",\"@id\":\"https:\\\/\\\/www.meydan.tv\\\/az\\\/article\\\/azerbaycanla-ozbekistan-birge-filmler-cekecek\\\/#article\",\"isPartOf\":{\"@id\":\"https:\\\/\\\/www.meydan.tv\\\/az\\\/article\\\/azerbaycanla-ozbekistan-birge-filmler-cekecek\\\/\"},\"author\":{\"name\":\"user-manager\",\"@id\":\"https:\\\/\\\/www.meydan.tv\\\/az\\\/#\\\/schema\\\/person\\\/10d11eccf6da3662cf5fdab9806ea91a\"},\"headline\":\"Az\u0259rbaycanla \u00d6zb\u0259kistan birg\u0259 filml\u0259r \u00e7\u0259k\u0259c\u0259k\",\"datePublished\":\"2021-09-17T11:27:42+00:00\",\"mainEntityOfPage\":{\"@id\":\"https:\\\/\\\/www.meydan.tv\\\/az\\\/article\\\/azerbaycanla-ozbekistan-birge-filmler-cekecek\\\/\"},\"wordCount\":411,\"publisher\":{\"@id\":\"https:\\\/\\\/www.meydan.tv\\\/az\\\/#organization\"},\"image\":{\"@id\":\"https:\\\/\\\/www.meydan.tv\\\/az\\\/article\\\/azerbaycanla-ozbekistan-birge-filmler-cekecek\\\/#primaryimage\"},\"thumbnailUrl\":\"https:\\\/\\\/www.meydan.tv\\\/wp-content\\\/uploads\\\/422314227.jpeg\",\"articleSection\":[\"M\u0259d\u0259niyy\u0259t\"],\"inLanguage\":\"az\"},{\"@type\":\"WebPage\",\"@id\":\"https:\\\/\\\/www.meydan.tv\\\/az\\\/article\\\/azerbaycanla-ozbekistan-birge-filmler-cekecek\\\/\",\"url\":\"https:\\\/\\\/www.meydan.tv\\\/az\\\/article\\\/azerbaycanla-ozbekistan-birge-filmler-cekecek\\\/\",\"name\":\"Az\u0259rbaycanla \u00d6zb\u0259kistan birg\u0259 filml\u0259r \u00e7\u0259k\u0259c\u0259k - MEYDAN.TV\",\"isPartOf\":{\"@id\":\"https:\\\/\\\/www.meydan.tv\\\/az\\\/#website\"},\"primaryImageOfPage\":{\"@id\":\"https:\\\/\\\/www.meydan.tv\\\/az\\\/article\\\/azerbaycanla-ozbekistan-birge-filmler-cekecek\\\/#primaryimage\"},\"image\":{\"@id\":\"https:\\\/\\\/www.meydan.tv\\\/az\\\/article\\\/azerbaycanla-ozbekistan-birge-filmler-cekecek\\\/#primaryimage\"},\"thumbnailUrl\":\"https:\\\/\\\/www.meydan.tv\\\/wp-content\\\/uploads\\\/422314227.jpeg\",\"datePublished\":\"2021-09-17T11:27:42+00:00\",\"breadcrumb\":{\"@id\":\"https:\\\/\\\/www.meydan.tv\\\/az\\\/article\\\/azerbaycanla-ozbekistan-birge-filmler-cekecek\\\/#breadcrumb\"},\"inLanguage\":\"az\",\"potentialAction\":[{\"@type\":\"ReadAction\",\"target\":[\"https:\\\/\\\/www.meydan.tv\\\/az\\\/article\\\/azerbaycanla-ozbekistan-birge-filmler-cekecek\\\/\"]}]},{\"@type\":\"ImageObject\",\"inLanguage\":\"az\",\"@id\":\"https:\\\/\\\/www.meydan.tv\\\/az\\\/article\\\/azerbaycanla-ozbekistan-birge-filmler-cekecek\\\/#primaryimage\",\"url\":\"https:\\\/\\\/www.meydan.tv\\\/wp-content\\\/uploads\\\/422314227.jpeg\",\"contentUrl\":\"https:\\\/\\\/www.meydan.tv\\\/wp-content\\\/uploads\\\/422314227.jpeg\",\"width\":1000,\"height\":541,\"caption\":\"Source: Meydan.tv\"},{\"@type\":\"BreadcrumbList\",\"@id\":\"https:\\\/\\\/www.meydan.tv\\\/az\\\/article\\\/azerbaycanla-ozbekistan-birge-filmler-cekecek\\\/#breadcrumb\",\"itemListElement\":[{\"@type\":\"ListItem\",\"position\":1,\"name\":\"Ana s\u0259hif\u0259\",\"item\":\"https:\\\/\\\/www.meydan.tv\\\/az\\\/\"},{\"@type\":\"ListItem\",\"position\":2,\"name\":\"M\u0259d\u0259niyy\u0259t\",\"item\":\"https:\\\/\\\/www.meydan.tv\\\/az\\\/section\\\/medeniyyet\\\/\"},{\"@type\":\"ListItem\",\"position\":3,\"name\":\"Az\u0259rbaycanla \u00d6zb\u0259kistan birg\u0259 filml\u0259r \u00e7\u0259k\u0259c\u0259k\"}]},{\"@type\":\"WebSite\",\"@id\":\"https:\\\/\\\/www.meydan.tv\\\/az\\\/#website\",\"url\":\"https:\\\/\\\/www.meydan.tv\\\/az\\\/\",\"name\":\"MEYDAN.TV\",\"description\":\"Meydan TV Az\u0259rbaycan\u0131n media m\u0259kan\u0131ndak\u0131 alternativ s\u0259sidir\",\"publisher\":{\"@id\":\"https:\\\/\\\/www.meydan.tv\\\/az\\\/#organization\"},\"potentialAction\":[{\"@type\":\"SearchAction\",\"target\":{\"@type\":\"EntryPoint\",\"urlTemplate\":\"https:\\\/\\\/www.meydan.tv\\\/az\\\/?s={search_term_string}\"},\"query-input\":{\"@type\":\"PropertyValueSpecification\",\"valueRequired\":true,\"valueName\":\"search_term_string\"}}],\"inLanguage\":\"az\"},{\"@type\":\"Organization\",\"@id\":\"https:\\\/\\\/www.meydan.tv\\\/az\\\/#organization\",\"name\":\"Meydan TV\",\"url\":\"https:\\\/\\\/www.meydan.tv\\\/az\\\/\",\"logo\":{\"@type\":\"ImageObject\",\"inLanguage\":\"az\",\"@id\":\"https:\\\/\\\/www.meydan.tv\\\/az\\\/#\\\/schema\\\/logo\\\/image\\\/\",\"url\":\"https:\\\/\\\/www.meydan.tv\\\/wp-content\\\/uploads\\\/2021\\\/07\\\/meydan-logo.svg\",\"contentUrl\":\"https:\\\/\\\/www.meydan.tv\\\/wp-content\\\/uploads\\\/2021\\\/07\\\/meydan-logo.svg\",\"width\":195,\"height\":46,\"caption\":\"Meydan TV\"},\"image\":{\"@id\":\"https:\\\/\\\/www.meydan.tv\\\/az\\\/#\\\/schema\\\/logo\\\/image\\\/\"}},{\"@type\":\"Person\",\"@id\":\"https:\\\/\\\/www.meydan.tv\\\/az\\\/#\\\/schema\\\/person\\\/10d11eccf6da3662cf5fdab9806ea91a\",\"name\":\"user-manager\"}]}<\/script>\n<!-- \/ Yoast SEO plugin. -->","yoast_head_json":{"title":"Az\u0259rbaycanla \u00d6zb\u0259kistan birg\u0259 filml\u0259r \u00e7\u0259k\u0259c\u0259k - MEYDAN.TV","robots":{"index":"index","follow":"follow","max-snippet":"max-snippet:-1","max-image-preview":"max-image-preview:large","max-video-preview":"max-video-preview:-1"},"canonical":"https:\/\/www.meydan.tv\/az\/article\/azerbaycanla-ozbekistan-birge-filmler-cekecek\/","og_locale":"az_AZ","og_type":"article","og_title":"Az\u0259rbaycanla \u00d6zb\u0259kistan birg\u0259 filml\u0259r \u00e7\u0259k\u0259c\u0259k - MEYDAN.TV","og_description":"\u0130lk ekran i\u015fi Xar\u0259zm\u015fahlar\u0131n sonuncu h\u00f6kmdar\u0131 haqq\u0131nda olacaq","og_url":"https:\/\/www.meydan.tv\/az\/article\/azerbaycanla-ozbekistan-birge-filmler-cekecek\/","og_site_name":"MEYDAN.TV","article_published_time":"2021-09-17T11:27:42+00:00","og_image":[{"width":1000,"height":541,"url":"https:\/\/www.meydan.tv\/wp-content\/uploads\/422314227.jpeg","type":"image\/jpeg"}],"author":"user-manager","twitter_card":"summary_large_image","schema":{"@context":"https:\/\/schema.org","@graph":[{"@type":"Article","@id":"https:\/\/www.meydan.tv\/az\/article\/azerbaycanla-ozbekistan-birge-filmler-cekecek\/#article","isPartOf":{"@id":"https:\/\/www.meydan.tv\/az\/article\/azerbaycanla-ozbekistan-birge-filmler-cekecek\/"},"author":{"name":"user-manager","@id":"https:\/\/www.meydan.tv\/az\/#\/schema\/person\/10d11eccf6da3662cf5fdab9806ea91a"},"headline":"Az\u0259rbaycanla \u00d6zb\u0259kistan birg\u0259 filml\u0259r \u00e7\u0259k\u0259c\u0259k","datePublished":"2021-09-17T11:27:42+00:00","mainEntityOfPage":{"@id":"https:\/\/www.meydan.tv\/az\/article\/azerbaycanla-ozbekistan-birge-filmler-cekecek\/"},"wordCount":411,"publisher":{"@id":"https:\/\/www.meydan.tv\/az\/#organization"},"image":{"@id":"https:\/\/www.meydan.tv\/az\/article\/azerbaycanla-ozbekistan-birge-filmler-cekecek\/#primaryimage"},"thumbnailUrl":"https:\/\/www.meydan.tv\/wp-content\/uploads\/422314227.jpeg","articleSection":["M\u0259d\u0259niyy\u0259t"],"inLanguage":"az"},{"@type":"WebPage","@id":"https:\/\/www.meydan.tv\/az\/article\/azerbaycanla-ozbekistan-birge-filmler-cekecek\/","url":"https:\/\/www.meydan.tv\/az\/article\/azerbaycanla-ozbekistan-birge-filmler-cekecek\/","name":"Az\u0259rbaycanla \u00d6zb\u0259kistan birg\u0259 filml\u0259r \u00e7\u0259k\u0259c\u0259k - MEYDAN.TV","isPartOf":{"@id":"https:\/\/www.meydan.tv\/az\/#website"},"primaryImageOfPage":{"@id":"https:\/\/www.meydan.tv\/az\/article\/azerbaycanla-ozbekistan-birge-filmler-cekecek\/#primaryimage"},"image":{"@id":"https:\/\/www.meydan.tv\/az\/article\/azerbaycanla-ozbekistan-birge-filmler-cekecek\/#primaryimage"},"thumbnailUrl":"https:\/\/www.meydan.tv\/wp-content\/uploads\/422314227.jpeg","datePublished":"2021-09-17T11:27:42+00:00","breadcrumb":{"@id":"https:\/\/www.meydan.tv\/az\/article\/azerbaycanla-ozbekistan-birge-filmler-cekecek\/#breadcrumb"},"inLanguage":"az","potentialAction":[{"@type":"ReadAction","target":["https:\/\/www.meydan.tv\/az\/article\/azerbaycanla-ozbekistan-birge-filmler-cekecek\/"]}]},{"@type":"ImageObject","inLanguage":"az","@id":"https:\/\/www.meydan.tv\/az\/article\/azerbaycanla-ozbekistan-birge-filmler-cekecek\/#primaryimage","url":"https:\/\/www.meydan.tv\/wp-content\/uploads\/422314227.jpeg","contentUrl":"https:\/\/www.meydan.tv\/wp-content\/uploads\/422314227.jpeg","width":1000,"height":541,"caption":"Source: Meydan.tv"},{"@type":"BreadcrumbList","@id":"https:\/\/www.meydan.tv\/az\/article\/azerbaycanla-ozbekistan-birge-filmler-cekecek\/#breadcrumb","itemListElement":[{"@type":"ListItem","position":1,"name":"Ana s\u0259hif\u0259","item":"https:\/\/www.meydan.tv\/az\/"},{"@type":"ListItem","position":2,"name":"M\u0259d\u0259niyy\u0259t","item":"https:\/\/www.meydan.tv\/az\/section\/medeniyyet\/"},{"@type":"ListItem","position":3,"name":"Az\u0259rbaycanla \u00d6zb\u0259kistan birg\u0259 filml\u0259r \u00e7\u0259k\u0259c\u0259k"}]},{"@type":"WebSite","@id":"https:\/\/www.meydan.tv\/az\/#website","url":"https:\/\/www.meydan.tv\/az\/","name":"MEYDAN.TV","description":"Meydan TV Az\u0259rbaycan\u0131n media m\u0259kan\u0131ndak\u0131 alternativ s\u0259sidir","publisher":{"@id":"https:\/\/www.meydan.tv\/az\/#organization"},"potentialAction":[{"@type":"SearchAction","target":{"@type":"EntryPoint","urlTemplate":"https:\/\/www.meydan.tv\/az\/?s={search_term_string}"},"query-input":{"@type":"PropertyValueSpecification","valueRequired":true,"valueName":"search_term_string"}}],"inLanguage":"az"},{"@type":"Organization","@id":"https:\/\/www.meydan.tv\/az\/#organization","name":"Meydan TV","url":"https:\/\/www.meydan.tv\/az\/","logo":{"@type":"ImageObject","inLanguage":"az","@id":"https:\/\/www.meydan.tv\/az\/#\/schema\/logo\/image\/","url":"https:\/\/www.meydan.tv\/wp-content\/uploads\/2021\/07\/meydan-logo.svg","contentUrl":"https:\/\/www.meydan.tv\/wp-content\/uploads\/2021\/07\/meydan-logo.svg","width":195,"height":46,"caption":"Meydan TV"},"image":{"@id":"https:\/\/www.meydan.tv\/az\/#\/schema\/logo\/image\/"}},{"@type":"Person","@id":"https:\/\/www.meydan.tv\/az\/#\/schema\/person\/10d11eccf6da3662cf5fdab9806ea91a","name":"user-manager"}]}},"_links":{"self":[{"href":"https:\/\/www.meydan.tv\/az\/wp-json\/wp\/v2\/posts\/212893","targetHints":{"allow":["GET"]}}],"collection":[{"href":"https:\/\/www.meydan.tv\/az\/wp-json\/wp\/v2\/posts"}],"about":[{"href":"https:\/\/www.meydan.tv\/az\/wp-json\/wp\/v2\/types\/post"}],"author":[{"embeddable":true,"href":"https:\/\/www.meydan.tv\/az\/wp-json\/wp\/v2\/users\/11"}],"replies":[{"embeddable":true,"href":"https:\/\/www.meydan.tv\/az\/wp-json\/wp\/v2\/comments?post=212893"}],"version-history":[{"count":0,"href":"https:\/\/www.meydan.tv\/az\/wp-json\/wp\/v2\/posts\/212893\/revisions"}],"wp:featuredmedia":[{"embeddable":true,"href":"https:\/\/www.meydan.tv\/az\/wp-json\/wp\/v2\/media\/210136"}],"wp:attachment":[{"href":"https:\/\/www.meydan.tv\/az\/wp-json\/wp\/v2\/media?parent=212893"}],"wp:term":[{"taxonomy":"category","embeddable":true,"href":"https:\/\/www.meydan.tv\/az\/wp-json\/wp\/v2\/categories?post=212893"},{"taxonomy":"post_tag","embeddable":true,"href":"https:\/\/www.meydan.tv\/az\/wp-json\/wp\/v2\/tags?post=212893"}],"curies":[{"name":"wp","href":"https:\/\/api.w.org\/{rel}","templated":true}]}}