{"id":212890,"date":"2021-09-16T22:04:35","date_gmt":"2021-09-16T22:04:35","guid":{"rendered":"https:\/\/www.meydan.tv\/article\/medeniyyet-nazirliyi-umid-edirik-ki-teatrlar-movsumun-sonuna-kimi-acilacaq\/"},"modified":"2021-09-16T22:04:35","modified_gmt":"2021-09-16T22:04:35","slug":"medeniyyet-nazirliyi-umid-edirik-ki-teatrlar-movsumun-sonuna-kimi-acilacaq","status":"publish","type":"post","link":"https:\/\/www.meydan.tv\/az\/article\/medeniyyet-nazirliyi-umid-edirik-ki-teatrlar-movsumun-sonuna-kimi-acilacaq\/","title":{"rendered":"M\u0259d\u0259niyy\u0259t Nazirliyi: \u00dcmid edirik ki, teatrlar m\u00f6vs\u00fcm\u00fcn sonuna kimi a\u00e7\u0131lacaq"},"content":{"rendered":"<p>\n  <i><br \/>\n    &quot;Kinoteatrlar\u0131n f\u0259aliyy\u0259tinin b\u0259rpas\u0131 nazirin \u015f\u0259xsi diqq\u0259tind\u0259dir&quot;<br \/>\n  <\/i>\n<\/p>\n<p>\n  &quot;\u0130ki il\u0259 yax\u0131nd\u0131r ki, d\u00fcnya \u00f6lk\u0259l\u0259rinin qlobal problemin\u0259 \u00e7evril\u0259n pandemiya b\u00fct\u00fcn sah\u0259l\u0259r\u0259, x\u00fcsus\u0259n m\u0259d\u0259niyy\u0259t sah\u0259sin\u0259 \u00f6z m\u0259nfi t\u0259sirini g\u00f6st\u0259rib. Etiraf etm\u0259liyik ki, bu bax\u0131mdan \u0259n \u00e7ox z\u0259r\u0259r \u00e7\u0259k\u0259n sah\u0259 teatr, kino sah\u0259sidir&quot;.\n<\/p>\n<p>\n  M\u0259d\u0259niyy\u0259t Nazirliyinin teatrlar\u0131n a\u00e7\u0131lmas\u0131 il\u0259 ba\u011fl\u0131 yayd\u0131\u011f\u0131 r\u0259smi a\u00e7\u0131qlamada bel\u0259<br \/>\n  <a href=\"http:\/\/mct.gov.az\/az\/umumi-xeberler\/13718\"><br \/>\n    deyilir<br \/>\n  <\/a><br \/>\n  .\n<\/p>\n<p>\n  Pandemiya il\u0259 \u0259laq\u0259dar bir ild\u0259n \u00e7oxdur ki, Az\u0259rbaycanda da teatrlar\u0131n f\u0259aliyy\u0259ti dayan\u0131b. \u00d6lk\u0259 teatrlar\u0131 virtual tama\u015falar n\u00fcmayi\u015f etdirir.\n<\/p>\n<p>\n  Nazirliyin a\u00e7\u0131qlamas\u0131nda qeyd olunur ki, kinoteatrlar\u0131n, teatr-konsert m\u00fc\u0259ssis\u0259l\u0259rinin f\u0259aliyy\u0259tinin b\u0259rpa olunmas\u0131 M\u0259d\u0259niyy\u0259t Nazirliyinin, x\u00fcsus\u0259n m\u0259d\u0259niyy\u0259t nazirinin \u015f\u0259xsi diqq\u0259tind\u0259dir.\n<\/p>\n<p>\n  Bildirilir ki, pandemiya \u015f\u0259rtl\u0259rin\u0259 \u0259m\u0259l edilm\u0259kl\u0259, kinoteatrlar\u0131n, teatr-konsert m\u00fc\u0259ssis\u0259l\u0259rinin f\u0259aliyy\u0259tinin qism\u0259n b\u0259rpas\u0131na icaz\u0259 verilm\u0259si il\u0259 ba\u011fl\u0131 Nazirl\u0259r Kabineti yan\u0131nda Operativ Q\u0259rargaha m\u00fcraci\u0259t \u00fcnvanlan\u0131b: \u201cHaz\u0131rda davam ed\u0259n Bak\u0131 Caz Festival\u0131n\u0131n, \u00f6t\u0259n il online formatda ke\u00e7iril\u0259n \u00dczeyir Hac\u0131b\u0259yli Beyn\u0259lxalq Musiqi Festival\u0131n\u0131n b\u00f6y\u00fck m\u0259hdudiyy\u0259tl\u0259rl\u0259 olsa da, bu il canl\u0131 ke\u00e7irilm\u0259sin\u0259 nail olmu\u015fuq. H\u0259r iki festival\u0131n ke\u00e7irilm\u0259si s\u0131naq rolunu oynay\u0131r. Gedi\u015fat u\u011furlu olarsa, bunu teatr-konsert m\u00fc\u0259ssis\u0259l\u0259rinin a\u00e7\u0131lmas\u0131na y\u00f6n\u0259lmi\u015f m\u00fcsb\u0259t add\u0131m hesab etm\u0259k olar. Teatr-konsert m\u00fc\u0259ssis\u0259l\u0259rind\u0259 f\u0259aliyy\u0259t g\u00f6st\u0259r\u0259n \u0259m\u0259kda\u015flar\u0131n b\u00f6y\u00fck \u0259ks\u0259riyy\u0259ti vaksinasiyadan ke\u00e7ib. Ancaq bu i\u015fd\u0259 t\u0259kc\u0259 m\u00fc\u0259ssis\u0259l\u0259r\u0259 deyil, v\u0259t\u0259nda\u015flar\u0131n da \u00fcz\u0259rin\u0259 sosial m\u0259suliyy\u0259t d\u00fc\u015f\u00fcr. Vaksinasiya prosesind\u0259 u\u011furlu n\u0259tic\u0259l\u0259r \u0259ld\u0259 edildikd\u0259n sonra kinoteatrlar\u0131n, teatr-konsert m\u00fc\u0259ssis\u0259l\u0259rinin f\u0259aliyy\u0259tinin \u0259n\u0259n\u0259vi qaydada b\u0259rpa edil\u0259c\u0259yin\u0259 \u00fcmid edirik\u201d.\n<\/p>\n<p>\n  M\u0259d\u0259niyy\u0259t naziri Anar K\u0259rimov 2021-ci il mart\u0131n 10-u Milli Teatr G\u00fcn\u00fcnd\u0259 Az\u0259rbaycanda teatrlar\u0131n bu ilin sonuna kimi a\u00e7\u0131lmaq ehtimal\u0131n\u0131n oldu\u011funu bildirmi\u015fdi: \u201cNazirl\u0259r Kabineti yan\u0131nda Operativ Q\u0259rargahla m\u00fczakir\u0259l\u0259r apar\u0131l\u0131r, t\u0259bii ki, burada M\u0259d\u0259niyy\u0259t Nazirliyinin r\u0259yi d\u0259 n\u0259z\u0259r\u0259 al\u0131n\u0131r. Dinamika a\u015fa\u011f\u0131 d\u00fc\u015fd\u00fcy\u00fc zaman teatrlar\u0131 a\u00e7aca\u011f\u0131q. \u00dcmid edirik ki, teatrlar\u0131m\u0131z m\u00f6vs\u00fcm\u00fcn sonuna kimi a\u00e7\u0131lacaq\u201d.<\/p>\n","protected":false},"excerpt":{"rendered":"<p>Bildirilir ki, pandemiya \u015f\u0259rtl\u0259rin\u0259 \u0259m\u0259l edilm\u0259kl\u0259, kinoteatrlar\u0131n, teatr-konsert m\u00fc\u0259ssis\u0259l\u0259rinin f\u0259aliyy\u0259tinin qism\u0259n b\u0259rpas\u0131na icaz\u0259 verilm\u0259si il\u0259 ba\u011fl\u0131 Nazirl\u0259r Kabineti yan\u0131nda Operativ Q\u0259rargaha m\u00fcraci\u0259t \u00fcnvanlan\u0131b<\/p>\n","protected":false},"author":11,"featured_media":155115,"comment_status":"closed","ping_status":"open","sticky":false,"template":"","format":"standard","meta":{"_acf_changed":false,"_sitemap_exclude":false,"_sitemap_priority":"","_sitemap_frequency":"","footnotes":""},"categories":[52],"tags":[],"class_list":["post-212890","post","type-post","status-publish","format-standard","has-post-thumbnail","hentry","category-medeniyyet","infinite-scroll-item","generate-columns","tablet-grid-50","mobile-grid-100","grid-parent","grid-33","no-featured-image-padding"],"acf":[],"yoast_head":"<!-- This site is optimized with the Yoast SEO plugin v27.4 - https:\/\/yoast.com\/product\/yoast-seo-wordpress\/ -->\n<title>M\u0259d\u0259niyy\u0259t Nazirliyi: \u00dcmid edirik ki, teatrlar m\u00f6vs\u00fcm\u00fcn sonuna kimi a\u00e7\u0131lacaq - MEYDAN.TV<\/title>\n<meta name=\"robots\" content=\"index, follow, max-snippet:-1, max-image-preview:large, max-video-preview:-1\" \/>\n<link rel=\"canonical\" href=\"https:\/\/www.meydan.tv\/az\/article\/medeniyyet-nazirliyi-umid-edirik-ki-teatrlar-movsumun-sonuna-kimi-acilacaq\/\" \/>\n<meta property=\"og:locale\" content=\"az_AZ\" \/>\n<meta property=\"og:type\" content=\"article\" \/>\n<meta property=\"og:title\" content=\"M\u0259d\u0259niyy\u0259t Nazirliyi: \u00dcmid edirik ki, teatrlar m\u00f6vs\u00fcm\u00fcn sonuna kimi a\u00e7\u0131lacaq - MEYDAN.TV\" \/>\n<meta property=\"og:description\" content=\"Bildirilir ki, pandemiya \u015f\u0259rtl\u0259rin\u0259 \u0259m\u0259l edilm\u0259kl\u0259, kinoteatrlar\u0131n, teatr-konsert m\u00fc\u0259ssis\u0259l\u0259rinin f\u0259aliyy\u0259tinin qism\u0259n b\u0259rpas\u0131na icaz\u0259 verilm\u0259si il\u0259 ba\u011fl\u0131 Nazirl\u0259r Kabineti yan\u0131nda Operativ Q\u0259rargaha m\u00fcraci\u0259t \u00fcnvanlan\u0131b\" \/>\n<meta property=\"og:url\" content=\"https:\/\/www.meydan.tv\/az\/article\/medeniyyet-nazirliyi-umid-edirik-ki-teatrlar-movsumun-sonuna-kimi-acilacaq\/\" \/>\n<meta property=\"og:site_name\" content=\"MEYDAN.TV\" \/>\n<meta property=\"article:published_time\" content=\"2021-09-16T22:04:35+00:00\" \/>\n<meta property=\"og:image\" content=\"https:\/\/www.meydan.tv\/wp-content\/uploads\/unnamed_lqc8dvu.png\" \/>\n\t<meta property=\"og:image:width\" content=\"813\" \/>\n\t<meta property=\"og:image:height\" content=\"480\" \/>\n\t<meta property=\"og:image:type\" content=\"image\/png\" \/>\n<meta name=\"author\" content=\"user-manager\" \/>\n<meta name=\"twitter:card\" content=\"summary_large_image\" \/>\n<script type=\"application\/ld+json\" class=\"yoast-schema-graph\">{\"@context\":\"https:\\\/\\\/schema.org\",\"@graph\":[{\"@type\":\"Article\",\"@id\":\"https:\\\/\\\/www.meydan.tv\\\/az\\\/article\\\/medeniyyet-nazirliyi-umid-edirik-ki-teatrlar-movsumun-sonuna-kimi-acilacaq\\\/#article\",\"isPartOf\":{\"@id\":\"https:\\\/\\\/www.meydan.tv\\\/az\\\/article\\\/medeniyyet-nazirliyi-umid-edirik-ki-teatrlar-movsumun-sonuna-kimi-acilacaq\\\/\"},\"author\":{\"name\":\"user-manager\",\"@id\":\"https:\\\/\\\/www.meydan.tv\\\/az\\\/#\\\/schema\\\/person\\\/10d11eccf6da3662cf5fdab9806ea91a\"},\"headline\":\"M\u0259d\u0259niyy\u0259t Nazirliyi: \u00dcmid edirik ki, teatrlar m\u00f6vs\u00fcm\u00fcn sonuna kimi a\u00e7\u0131lacaq\",\"datePublished\":\"2021-09-16T22:04:35+00:00\",\"mainEntityOfPage\":{\"@id\":\"https:\\\/\\\/www.meydan.tv\\\/az\\\/article\\\/medeniyyet-nazirliyi-umid-edirik-ki-teatrlar-movsumun-sonuna-kimi-acilacaq\\\/\"},\"wordCount\":478,\"publisher\":{\"@id\":\"https:\\\/\\\/www.meydan.tv\\\/az\\\/#organization\"},\"image\":{\"@id\":\"https:\\\/\\\/www.meydan.tv\\\/az\\\/article\\\/medeniyyet-nazirliyi-umid-edirik-ki-teatrlar-movsumun-sonuna-kimi-acilacaq\\\/#primaryimage\"},\"thumbnailUrl\":\"https:\\\/\\\/www.meydan.tv\\\/wp-content\\\/uploads\\\/unnamed_lqc8dvu.png\",\"articleSection\":[\"M\u0259d\u0259niyy\u0259t\"],\"inLanguage\":\"az\"},{\"@type\":\"WebPage\",\"@id\":\"https:\\\/\\\/www.meydan.tv\\\/az\\\/article\\\/medeniyyet-nazirliyi-umid-edirik-ki-teatrlar-movsumun-sonuna-kimi-acilacaq\\\/\",\"url\":\"https:\\\/\\\/www.meydan.tv\\\/az\\\/article\\\/medeniyyet-nazirliyi-umid-edirik-ki-teatrlar-movsumun-sonuna-kimi-acilacaq\\\/\",\"name\":\"M\u0259d\u0259niyy\u0259t Nazirliyi: \u00dcmid edirik ki, teatrlar m\u00f6vs\u00fcm\u00fcn sonuna kimi a\u00e7\u0131lacaq - MEYDAN.TV\",\"isPartOf\":{\"@id\":\"https:\\\/\\\/www.meydan.tv\\\/az\\\/#website\"},\"primaryImageOfPage\":{\"@id\":\"https:\\\/\\\/www.meydan.tv\\\/az\\\/article\\\/medeniyyet-nazirliyi-umid-edirik-ki-teatrlar-movsumun-sonuna-kimi-acilacaq\\\/#primaryimage\"},\"image\":{\"@id\":\"https:\\\/\\\/www.meydan.tv\\\/az\\\/article\\\/medeniyyet-nazirliyi-umid-edirik-ki-teatrlar-movsumun-sonuna-kimi-acilacaq\\\/#primaryimage\"},\"thumbnailUrl\":\"https:\\\/\\\/www.meydan.tv\\\/wp-content\\\/uploads\\\/unnamed_lqc8dvu.png\",\"datePublished\":\"2021-09-16T22:04:35+00:00\",\"breadcrumb\":{\"@id\":\"https:\\\/\\\/www.meydan.tv\\\/az\\\/article\\\/medeniyyet-nazirliyi-umid-edirik-ki-teatrlar-movsumun-sonuna-kimi-acilacaq\\\/#breadcrumb\"},\"inLanguage\":\"az\",\"potentialAction\":[{\"@type\":\"ReadAction\",\"target\":[\"https:\\\/\\\/www.meydan.tv\\\/az\\\/article\\\/medeniyyet-nazirliyi-umid-edirik-ki-teatrlar-movsumun-sonuna-kimi-acilacaq\\\/\"]}]},{\"@type\":\"ImageObject\",\"inLanguage\":\"az\",\"@id\":\"https:\\\/\\\/www.meydan.tv\\\/az\\\/article\\\/medeniyyet-nazirliyi-umid-edirik-ki-teatrlar-movsumun-sonuna-kimi-acilacaq\\\/#primaryimage\",\"url\":\"https:\\\/\\\/www.meydan.tv\\\/wp-content\\\/uploads\\\/unnamed_lqc8dvu.png\",\"contentUrl\":\"https:\\\/\\\/www.meydan.tv\\\/wp-content\\\/uploads\\\/unnamed_lqc8dvu.png\",\"width\":813,\"height\":480,\"caption\":\"Foto: M\u0259d\u0259niyy\u0259t Nazirliyi\"},{\"@type\":\"BreadcrumbList\",\"@id\":\"https:\\\/\\\/www.meydan.tv\\\/az\\\/article\\\/medeniyyet-nazirliyi-umid-edirik-ki-teatrlar-movsumun-sonuna-kimi-acilacaq\\\/#breadcrumb\",\"itemListElement\":[{\"@type\":\"ListItem\",\"position\":1,\"name\":\"Ana s\u0259hif\u0259\",\"item\":\"https:\\\/\\\/www.meydan.tv\\\/az\\\/\"},{\"@type\":\"ListItem\",\"position\":2,\"name\":\"M\u0259d\u0259niyy\u0259t\",\"item\":\"https:\\\/\\\/www.meydan.tv\\\/az\\\/section\\\/medeniyyet\\\/\"},{\"@type\":\"ListItem\",\"position\":3,\"name\":\"M\u0259d\u0259niyy\u0259t Nazirliyi: \u00dcmid edirik ki, teatrlar m\u00f6vs\u00fcm\u00fcn sonuna kimi a\u00e7\u0131lacaq\"}]},{\"@type\":\"WebSite\",\"@id\":\"https:\\\/\\\/www.meydan.tv\\\/az\\\/#website\",\"url\":\"https:\\\/\\\/www.meydan.tv\\\/az\\\/\",\"name\":\"MEYDAN.TV\",\"description\":\"Meydan TV Az\u0259rbaycan\u0131n media m\u0259kan\u0131ndak\u0131 alternativ s\u0259sidir\",\"publisher\":{\"@id\":\"https:\\\/\\\/www.meydan.tv\\\/az\\\/#organization\"},\"potentialAction\":[{\"@type\":\"SearchAction\",\"target\":{\"@type\":\"EntryPoint\",\"urlTemplate\":\"https:\\\/\\\/www.meydan.tv\\\/az\\\/?s={search_term_string}\"},\"query-input\":{\"@type\":\"PropertyValueSpecification\",\"valueRequired\":true,\"valueName\":\"search_term_string\"}}],\"inLanguage\":\"az\"},{\"@type\":\"Organization\",\"@id\":\"https:\\\/\\\/www.meydan.tv\\\/az\\\/#organization\",\"name\":\"Meydan TV\",\"url\":\"https:\\\/\\\/www.meydan.tv\\\/az\\\/\",\"logo\":{\"@type\":\"ImageObject\",\"inLanguage\":\"az\",\"@id\":\"https:\\\/\\\/www.meydan.tv\\\/az\\\/#\\\/schema\\\/logo\\\/image\\\/\",\"url\":\"https:\\\/\\\/www.meydan.tv\\\/wp-content\\\/uploads\\\/2021\\\/07\\\/meydan-logo.svg\",\"contentUrl\":\"https:\\\/\\\/www.meydan.tv\\\/wp-content\\\/uploads\\\/2021\\\/07\\\/meydan-logo.svg\",\"width\":195,\"height\":46,\"caption\":\"Meydan TV\"},\"image\":{\"@id\":\"https:\\\/\\\/www.meydan.tv\\\/az\\\/#\\\/schema\\\/logo\\\/image\\\/\"}},{\"@type\":\"Person\",\"@id\":\"https:\\\/\\\/www.meydan.tv\\\/az\\\/#\\\/schema\\\/person\\\/10d11eccf6da3662cf5fdab9806ea91a\",\"name\":\"user-manager\"}]}<\/script>\n<!-- \/ Yoast SEO plugin. -->","yoast_head_json":{"title":"M\u0259d\u0259niyy\u0259t Nazirliyi: \u00dcmid edirik ki, teatrlar m\u00f6vs\u00fcm\u00fcn sonuna kimi a\u00e7\u0131lacaq - MEYDAN.TV","robots":{"index":"index","follow":"follow","max-snippet":"max-snippet:-1","max-image-preview":"max-image-preview:large","max-video-preview":"max-video-preview:-1"},"canonical":"https:\/\/www.meydan.tv\/az\/article\/medeniyyet-nazirliyi-umid-edirik-ki-teatrlar-movsumun-sonuna-kimi-acilacaq\/","og_locale":"az_AZ","og_type":"article","og_title":"M\u0259d\u0259niyy\u0259t Nazirliyi: \u00dcmid edirik ki, teatrlar m\u00f6vs\u00fcm\u00fcn sonuna kimi a\u00e7\u0131lacaq - MEYDAN.TV","og_description":"Bildirilir ki, pandemiya \u015f\u0259rtl\u0259rin\u0259 \u0259m\u0259l edilm\u0259kl\u0259, kinoteatrlar\u0131n, teatr-konsert m\u00fc\u0259ssis\u0259l\u0259rinin f\u0259aliyy\u0259tinin qism\u0259n b\u0259rpas\u0131na icaz\u0259 verilm\u0259si il\u0259 ba\u011fl\u0131 Nazirl\u0259r Kabineti yan\u0131nda Operativ Q\u0259rargaha m\u00fcraci\u0259t \u00fcnvanlan\u0131b","og_url":"https:\/\/www.meydan.tv\/az\/article\/medeniyyet-nazirliyi-umid-edirik-ki-teatrlar-movsumun-sonuna-kimi-acilacaq\/","og_site_name":"MEYDAN.TV","article_published_time":"2021-09-16T22:04:35+00:00","og_image":[{"width":813,"height":480,"url":"https:\/\/www.meydan.tv\/wp-content\/uploads\/unnamed_lqc8dvu.png","type":"image\/png"}],"author":"user-manager","twitter_card":"summary_large_image","schema":{"@context":"https:\/\/schema.org","@graph":[{"@type":"Article","@id":"https:\/\/www.meydan.tv\/az\/article\/medeniyyet-nazirliyi-umid-edirik-ki-teatrlar-movsumun-sonuna-kimi-acilacaq\/#article","isPartOf":{"@id":"https:\/\/www.meydan.tv\/az\/article\/medeniyyet-nazirliyi-umid-edirik-ki-teatrlar-movsumun-sonuna-kimi-acilacaq\/"},"author":{"name":"user-manager","@id":"https:\/\/www.meydan.tv\/az\/#\/schema\/person\/10d11eccf6da3662cf5fdab9806ea91a"},"headline":"M\u0259d\u0259niyy\u0259t Nazirliyi: \u00dcmid edirik ki, teatrlar m\u00f6vs\u00fcm\u00fcn sonuna kimi a\u00e7\u0131lacaq","datePublished":"2021-09-16T22:04:35+00:00","mainEntityOfPage":{"@id":"https:\/\/www.meydan.tv\/az\/article\/medeniyyet-nazirliyi-umid-edirik-ki-teatrlar-movsumun-sonuna-kimi-acilacaq\/"},"wordCount":478,"publisher":{"@id":"https:\/\/www.meydan.tv\/az\/#organization"},"image":{"@id":"https:\/\/www.meydan.tv\/az\/article\/medeniyyet-nazirliyi-umid-edirik-ki-teatrlar-movsumun-sonuna-kimi-acilacaq\/#primaryimage"},"thumbnailUrl":"https:\/\/www.meydan.tv\/wp-content\/uploads\/unnamed_lqc8dvu.png","articleSection":["M\u0259d\u0259niyy\u0259t"],"inLanguage":"az"},{"@type":"WebPage","@id":"https:\/\/www.meydan.tv\/az\/article\/medeniyyet-nazirliyi-umid-edirik-ki-teatrlar-movsumun-sonuna-kimi-acilacaq\/","url":"https:\/\/www.meydan.tv\/az\/article\/medeniyyet-nazirliyi-umid-edirik-ki-teatrlar-movsumun-sonuna-kimi-acilacaq\/","name":"M\u0259d\u0259niyy\u0259t Nazirliyi: \u00dcmid edirik ki, teatrlar m\u00f6vs\u00fcm\u00fcn sonuna kimi a\u00e7\u0131lacaq - MEYDAN.TV","isPartOf":{"@id":"https:\/\/www.meydan.tv\/az\/#website"},"primaryImageOfPage":{"@id":"https:\/\/www.meydan.tv\/az\/article\/medeniyyet-nazirliyi-umid-edirik-ki-teatrlar-movsumun-sonuna-kimi-acilacaq\/#primaryimage"},"image":{"@id":"https:\/\/www.meydan.tv\/az\/article\/medeniyyet-nazirliyi-umid-edirik-ki-teatrlar-movsumun-sonuna-kimi-acilacaq\/#primaryimage"},"thumbnailUrl":"https:\/\/www.meydan.tv\/wp-content\/uploads\/unnamed_lqc8dvu.png","datePublished":"2021-09-16T22:04:35+00:00","breadcrumb":{"@id":"https:\/\/www.meydan.tv\/az\/article\/medeniyyet-nazirliyi-umid-edirik-ki-teatrlar-movsumun-sonuna-kimi-acilacaq\/#breadcrumb"},"inLanguage":"az","potentialAction":[{"@type":"ReadAction","target":["https:\/\/www.meydan.tv\/az\/article\/medeniyyet-nazirliyi-umid-edirik-ki-teatrlar-movsumun-sonuna-kimi-acilacaq\/"]}]},{"@type":"ImageObject","inLanguage":"az","@id":"https:\/\/www.meydan.tv\/az\/article\/medeniyyet-nazirliyi-umid-edirik-ki-teatrlar-movsumun-sonuna-kimi-acilacaq\/#primaryimage","url":"https:\/\/www.meydan.tv\/wp-content\/uploads\/unnamed_lqc8dvu.png","contentUrl":"https:\/\/www.meydan.tv\/wp-content\/uploads\/unnamed_lqc8dvu.png","width":813,"height":480,"caption":"Foto: M\u0259d\u0259niyy\u0259t Nazirliyi"},{"@type":"BreadcrumbList","@id":"https:\/\/www.meydan.tv\/az\/article\/medeniyyet-nazirliyi-umid-edirik-ki-teatrlar-movsumun-sonuna-kimi-acilacaq\/#breadcrumb","itemListElement":[{"@type":"ListItem","position":1,"name":"Ana s\u0259hif\u0259","item":"https:\/\/www.meydan.tv\/az\/"},{"@type":"ListItem","position":2,"name":"M\u0259d\u0259niyy\u0259t","item":"https:\/\/www.meydan.tv\/az\/section\/medeniyyet\/"},{"@type":"ListItem","position":3,"name":"M\u0259d\u0259niyy\u0259t Nazirliyi: \u00dcmid edirik ki, teatrlar m\u00f6vs\u00fcm\u00fcn sonuna kimi a\u00e7\u0131lacaq"}]},{"@type":"WebSite","@id":"https:\/\/www.meydan.tv\/az\/#website","url":"https:\/\/www.meydan.tv\/az\/","name":"MEYDAN.TV","description":"Meydan TV Az\u0259rbaycan\u0131n media m\u0259kan\u0131ndak\u0131 alternativ s\u0259sidir","publisher":{"@id":"https:\/\/www.meydan.tv\/az\/#organization"},"potentialAction":[{"@type":"SearchAction","target":{"@type":"EntryPoint","urlTemplate":"https:\/\/www.meydan.tv\/az\/?s={search_term_string}"},"query-input":{"@type":"PropertyValueSpecification","valueRequired":true,"valueName":"search_term_string"}}],"inLanguage":"az"},{"@type":"Organization","@id":"https:\/\/www.meydan.tv\/az\/#organization","name":"Meydan TV","url":"https:\/\/www.meydan.tv\/az\/","logo":{"@type":"ImageObject","inLanguage":"az","@id":"https:\/\/www.meydan.tv\/az\/#\/schema\/logo\/image\/","url":"https:\/\/www.meydan.tv\/wp-content\/uploads\/2021\/07\/meydan-logo.svg","contentUrl":"https:\/\/www.meydan.tv\/wp-content\/uploads\/2021\/07\/meydan-logo.svg","width":195,"height":46,"caption":"Meydan TV"},"image":{"@id":"https:\/\/www.meydan.tv\/az\/#\/schema\/logo\/image\/"}},{"@type":"Person","@id":"https:\/\/www.meydan.tv\/az\/#\/schema\/person\/10d11eccf6da3662cf5fdab9806ea91a","name":"user-manager"}]}},"_links":{"self":[{"href":"https:\/\/www.meydan.tv\/az\/wp-json\/wp\/v2\/posts\/212890","targetHints":{"allow":["GET"]}}],"collection":[{"href":"https:\/\/www.meydan.tv\/az\/wp-json\/wp\/v2\/posts"}],"about":[{"href":"https:\/\/www.meydan.tv\/az\/wp-json\/wp\/v2\/types\/post"}],"author":[{"embeddable":true,"href":"https:\/\/www.meydan.tv\/az\/wp-json\/wp\/v2\/users\/11"}],"replies":[{"embeddable":true,"href":"https:\/\/www.meydan.tv\/az\/wp-json\/wp\/v2\/comments?post=212890"}],"version-history":[{"count":0,"href":"https:\/\/www.meydan.tv\/az\/wp-json\/wp\/v2\/posts\/212890\/revisions"}],"wp:featuredmedia":[{"embeddable":true,"href":"https:\/\/www.meydan.tv\/az\/wp-json\/wp\/v2\/media\/155115"}],"wp:attachment":[{"href":"https:\/\/www.meydan.tv\/az\/wp-json\/wp\/v2\/media?parent=212890"}],"wp:term":[{"taxonomy":"category","embeddable":true,"href":"https:\/\/www.meydan.tv\/az\/wp-json\/wp\/v2\/categories?post=212890"},{"taxonomy":"post_tag","embeddable":true,"href":"https:\/\/www.meydan.tv\/az\/wp-json\/wp\/v2\/tags?post=212890"}],"curies":[{"name":"wp","href":"https:\/\/api.w.org\/{rel}","templated":true}]}}