{"id":212860,"date":"2021-09-15T13:41:06","date_gmt":"2021-09-15T13:41:06","guid":{"rendered":"https:\/\/www.meydan.tv\/article\/celilabad-sakini-ilham-eliyevle-mehriban-eliyevaya-muraciet-etdim-neticesi-olmadi\/"},"modified":"2021-09-15T13:41:06","modified_gmt":"2021-09-15T13:41:06","slug":"celilabad-sakini-ilham-eliyevle-mehriban-eliyevaya-muraciet-etdim-neticesi-olmadi","status":"publish","type":"post","link":"https:\/\/www.meydan.tv\/az\/article\/celilabad-sakini-ilham-eliyevle-mehriban-eliyevaya-muraciet-etdim-neticesi-olmadi\/","title":{"rendered":"C\u0259lilabad sakini: \u0130lham \u018fliyevl\u0259 Mehriban \u018fliyevaya m\u00fcraci\u0259t etdim, n\u0259tic\u0259si olmad\u0131"},"content":{"rendered":"<p>\n  <i><br \/>\n    F\u00fczuli D\u00f6vl\u0259tov: &quot;D\u00f6vl\u0259t\u0259 s\u0131\u011forta \u00f6d\u0259yir\u0259ms\u0259, m\u00fcayin\u0259y\u0259 niy\u0259 pul verm\u0259liy\u0259m?&quot;<br \/>\n  <\/i>\n<\/p>\n<p>\n  C\u0259lilabad\u0131n Ocaql\u0131 k\u0259nd sakini, II qrup \u0259lil rayon M\u0259rk\u0259zi X\u0259st\u0259xanas\u0131n\u0131n ba\u015f direktoru Elnur Azadxanovdan \u015fikay\u0259t\u00e7idir.\n<\/p>\n<p>\n  Epilepsiya x\u0259st\u0259liyind\u0259n \u0259ziyy\u0259t \u00e7\u0259k\u0259n \u015fikay\u0259t\u00e7i deyir ki, x\u0259st\u0259xanada ondan r\u00fc\u015fv\u0259t t\u0259l\u0259b edibl\u0259r.\n<\/p>\n<p>\n  Meydan TV-y\u0259 dan\u0131\u015fan \u015fikay\u0259t\u00e7i bildirib ki, bu ilin mart\u0131nda m\u00fcayin\u0259 v\u0259 m\u00fcalic\u0259 m\u0259qs\u0259dil\u0259 C\u0259lilabad Rayon M\u0259rk\u0259zi X\u0259st\u0259xanas\u0131na m\u00fcraci\u0259t edib.\n<\/p>\n<p>\n  <b><br \/>\n    &quot;M\u0259nd\u0259n 172 manat pul ist\u0259dil\u0259r&quot;<br \/>\n  <\/b>\n<\/p>\n<p>\n  Nevropatoloq ona ba\u015f-beyin nahiyy\u0259sinin maqnit rezonans tomoqrafiyas\u0131ndan (MRT) ke\u00e7m\u0259yi t\u00f6vsiy\u0259 edib: \u201cBunun \u00fc\u00e7\u00fcn m\u0259nd\u0259n 172 manat pul ist\u0259dil\u0259r. Buna etiraz etdim, M\u0259d\u0259niyy\u0259t M\u0259rk\u0259zind\u0259 metodist i\u015fl\u0259diyimi, d\u00f6vl\u0259t\u0259 s\u0131\u011fortapulu \u00f6d\u0259diyimi bildirdim. Bel\u0259 olan halda niy\u0259 pul verm\u0259liy\u0259m? X\u0259st\u0259xanan\u0131n ba\u015f direktoru Elnur Azadxanov cavab\u0131nda bildirdi ki, bunun biz\u0259 aidiyy\u0259ti yoxdur, pulu \u00f6d\u0259m\u0259s\u0259n, MRT olunmayacaqsan\u201d.\n<\/p>\n<p>\n  <b><br \/>\n    &quot;Prezident\u0259, Birinci vitse-prezident\u0259 m\u00fcraci\u0259t etdim, n\u0259tic\u0259 yoxdur&quot;<br \/>\n  <\/b>\n<\/p>\n<p>\n  \u015eikay\u0259t\u00e7inin s\u00f6zl\u0259rin\u0259 g\u00f6r\u0259, m\u0259s\u0259l\u0259 il\u0259 ba\u011fl\u0131 S\u0259hiyy\u0259 Nazirliyin\u0259, \u018fm\u0259k v\u0259 \u018fhalinin Sosial M\u00fcdafi\u0259si Nazirliyinin tabeliyind\u0259ki D\u00f6vl\u0259t Tibbi-Sosial Ekspertiza v\u0259 Reabilitasiya Agentliyin\u0259, Ba\u015f Prokurorlu\u011fa, Prezident \u0130lham \u018fliyev\u0259, Birinci vitse-prezident Mehriban \u018fliyevaya m\u0259ktub yaz\u0131b, amma n\u0259tic\u0259 olmay\u0131b.\n<\/p>\n<p>\n  \u201cM\u0259ktublar\u0131ma cavab g\u0259ldi ki, m\u00fcraci\u0259tiniz \u0130cbari Tibbi S\u0131\u011forta \u00fczr\u0259 D\u00f6vl\u0259t Agentliyin\u0259 y\u00f6nl\u0259nidirilib. \u00dcz\u0259rind\u0259n alt\u0131 ay ke\u00e7ib, qurum h\u0259l\u0259 d\u0259 \u015fikay\u0259tim\u0259 baxmay\u0131b. Bu ilin may\u0131nda yenid\u0259n h\u0259min x\u0259st\u0259xanaya \u0259lillik m\u00fcdd\u0259tinin uzad\u0131lmas\u0131 il\u0259 \u0259laq\u0259dar bildiril\u015f almaq \u00fc\u00e7\u00fcn getdim. Komissiyadan ke\u00e7m\u0259k vaxt\u0131m idi. N\u00f6vb\u0259m \u00e7atanda, dedil\u0259r ki, ka\u011f\u0131z bitdi. Bir az g\u00f6zl\u0259dim, s\u0259brim \u00e7atmad\u0131. Ax\u0131rda etiraz etdim ki, niy\u0259 camaat\u0131 incidirsiniz? X\u0259st\u0259xanan\u0131n m\u00fchafiz\u0259 xidm\u0259tinin \u0259m\u0259kda\u015f\u0131 m\u0259n\u0259 yax\u0131nla\u015f\u0131b, xo\u015fag\u0259lm\u0259z ifad\u0259l\u0259r i\u015fl\u0259tdi. Dedi ki, s\u0259s-k\u00fcy sal\u0131rsan. M\u0259n d\u0259 bildirdim ki, haqq\u0131m\u0131 t\u0259l\u0259b edir\u0259m\u201d, &#8211; dey\u0259 F\u00fczuli D\u00f6vl\u0259tov qeyd edib.\n<\/p>\n<p>\n  <b><br \/>\n    &quot;Elnur Azadxanovun yan\u0131na getdim, z\u0259ng etdil\u0259r, polis g\u0259lib m\u0259ni idar\u0259y\u0259 apard\u0131&quot;<br \/>\n  <\/b>\n<\/p>\n<p>\n  O deyir ki, bundan sonra ba\u015f direktor Elnur Azadxanovun yan\u0131na gedib, amma m\u00fcbahis\u0259 z\u0259minind\u0259 x\u0259st\u0259xana i\u015f\u00e7il\u0259ri polis b\u00f6lm\u0259sin\u0259 z\u0259ng edibl\u0259r v\u0259 onu polis\u0259 apar\u0131blar: \u201cPolisl\u0259r g\u0259lib, m\u0259ni x\u0259st\u0259xanadan C\u0259lilabad Rayon Polis \u0130dar\u0259sin\u0259 apard\u0131lar v\u0259 saatlarla orada saxlad\u0131lar. H\u0259tta izahat da almad\u0131lar. Ev\u0259 buraxanda is\u0259 dedil\u0259r ki, get, biz t\u0259dbir g\u00f6r\u0259c\u0259yik. Bu g\u00fcn\u0259 kimi he\u00e7 bir t\u0259dbir g\u00f6r\u00fclm\u0259yib. C\u0259lilabad Rayon M\u0259rk\u0259zi X\u0259st\u0259xanas\u0131nda m\u0259n\u0259 he\u00e7 bir xidm\u0259t g\u00f6st\u0259rilmir. \u00d6z pulumla \u00f6z\u0259l klinikalarda m\u00fcalic\u0259 olunuram. \u00dcst\u0259lik, \u00fc\u00e7 ayd\u0131r ki, pensiyam dayand\u0131r\u0131l\u0131b. \u015eikay\u0259tim\u0259 g\u00f6r\u0259 s\u0259n\u0259dim\u0259 bax\u0131lm\u0131r\u201d.\n<\/p>\n<p>\n  <b><br \/>\n    \u0130TSDA: &quot;T\u018fB\u0130B-\u0259, ya da Agentliy\u0259 m\u00fcraci\u0259t etsin&#8230;&quot;<br \/>\n  <\/b>\n<\/p>\n<p>\n  \u0130cbari Tibbi S\u0131\u011forta \u00fczr\u0259 D\u00f6vl\u0259t Agentliyind\u0259n (\u0130TSDA) Meydan TV-y\u0259 bildirilib ki, F\u00fczuli D\u00f6vl\u0259tov 2021-ci il iyunun 15-d\u0259 m\u00fcraci\u0259t edib: \u201cCavab olaraq v\u0259t\u0259nda\u015fa yaz\u0131l\u0131 \u015f\u0259kild\u0259 bildirilib ki, m\u0259ktubunda h\u0259r hans\u0131 konkret fakt v\u0259 m\u00fcraci\u0259tinin d\u0259qiql\u0259\u015fdirilm\u0259si \u00fc\u00e7\u00fcn \u0259laq\u0259 vasit\u0259si qeyd olunmad\u0131\u011f\u0131ndan qurum t\u0259r\u0259find\u0259n k\u00f6m\u0259klik g\u00f6st\u0259rilm\u0259si m\u00fcmk\u00fcn deyil. \u015eikay\u0259t\u00e7inin t\u0259sdiqedici s\u00fcbutlar\u0131 oldu\u011fu t\u0259qdird\u0259 Agentliy\u0259, yaxud m\u00fcvafiq instansiyalara m\u00fcraci\u0259t ed\u0259 bil\u0259r. Yaln\u0131z bu halda qeyd edil\u0259n m\u0259s\u0259l\u0259nin ara\u015fd\u0131r\u0131lmas\u0131 v\u0259 tibb m\u00fc\u0259ssis\u0259si, yaxud konkret \u015f\u0259xs bar\u0259sind\u0259 m\u00f6vcud qanunvericiliyin t\u0259l\u0259bl\u0259rin\u0259 uy\u011fun t\u0259dbir g\u00f6r\u00fclm\u0259si m\u00fcmk\u00fcnd\u00fcr\u201d.\n<\/p>\n<p>\n  Agentlikd\u0259n bildirilib ki, F\u00fczuli D\u00f6vl\u0259tov C\u0259lilabad Rayon X\u0259st\u0259xanas\u0131na ba\u015f beyin nahiy\u0259sinin maqnit rezonans tomoqrafiyas\u0131 il\u0259 ba\u011fl\u0131 m\u00fcraci\u0259t etm\u0259yib: \u201cV\u0259t\u0259nda\u015f tibb m\u00fc\u0259ssis\u0259sind\u0259 g\u00f6st\u0259ril\u0259n xidm\u0259tl\u0259rin keyfiyy\u0259tind\u0259n naraz\u0131d\u0131rsa v\u0259 ya personal t\u0259r\u0259find\u0259n ona qar\u015f\u0131 h\u00fcquq pozuntusuna yol verilibs\u0259, bununla ba\u011fl\u0131 birinci tibb m\u00fc\u0259ssis\u0259sinin v\u0259t\u0259nda\u015f m\u00fcraci\u0259tl\u0259ri il\u0259 ba\u011fl\u0131 t\u0259yin olunmu\u015f m\u0259sul \u015f\u0259xsl\u0259rin\u0259 v\u0259 yaxud birba\u015fa r\u0259hb\u0259rliyin\u0259 m\u00fcraci\u0259t etm\u0259lidir\u201d.\n<\/p>\n<p>\n  Agentlik h\u0259m\u00e7inin qeyd edib ki, v\u0259t\u0259nda\u015f ona verilmi\u015f cavabdan v\u0259 yaxud g\u00f6r\u00fclm\u00fc\u015f t\u0259dbird\u0259n raz\u0131 qalmazsa Tibbi \u018frazi B\u00f6lm\u0259l\u0259rini \u0130dar\u0259etm\u0259 Birliyinin (T\u018fB\u0130B) 012 310 17 70 n\u00f6mr\u0259sin\u0259 z\u0259ng ed\u0259, info@tabib.gov.az elektron po\u00e7t \u00fcnvan\u0131na v\u0259 ya r\u0259smi \u00fcnvan\u0131na (\u0130smay\u0131l Hiday\u0259tzad\u0259 k\u00fc\u00e7. 11, Bak\u0131, AZ1154) m\u00fcraci\u0259t ed\u0259 bil\u0259r. Eyni zamanda, Agentliy\u0259 d\u0259 m\u00fcraci\u0259t edil\u0259 bil\u0259r.\n<\/p>\n<p>\n  <b><br \/>\n    B\u0259s qanun n\u0259 deyir?<br \/>\n  <\/b>\n<\/p>\n<p>\n  \u201cV\u0259t\u0259nda\u015flar\u0131n m\u00fcraci\u0259tl\u0259ri haqq\u0131nda\u201d Qanun il\u0259 m\u00fc\u0259yy\u0259nl\u0259\u015fdirilmi\u015f v\u0259t\u0259nda\u015flar\u0131n m\u00fcraci\u0259tl\u0259rin\u0259 dair t\u0259l\u0259bl\u0259r\u0259 uy\u011fun olaraq ad, soyad, ata ad\u0131, \u00fcnvan, telefon n\u00f6mr\u0259si, yaxud i\u015f yeri qeyd edilm\u0259kl\u0259 m\u00fcraci\u0259t edilm\u0259lidir. H\u0259m\u00e7inin m\u00fcraci\u0259tin m\u0259tni oxunaql\u0131 olmal\u0131 v\u0259 m\u00fcraci\u0259td\u0259 ir\u0259li s\u00fcr\u00fcl\u0259n t\u0259l\u0259b ayd\u0131n \u015f\u0259kild\u0259 ifad\u0259 olunmal\u0131d\u0131r.\n<\/p>\n<p>\n  Laz\u0131mi m\u0259lumatlar t\u0259qdim edilm\u0259diyi halda h\u0259min Qanuna \u0259sas\u0259n m\u00fcraci\u0259t anonim say\u0131l\u0131r v\u0259 bax\u0131lmam\u0131\u015f saxlan\u0131l\u0131r.\n<\/p>\n<p>\n  Qanunvericiliy\u0259 \u0259sas\u0259n, v\u0259t\u0259nda\u015f t\u0259r\u0259find\u0259n neqativ hal il\u0259 ba\u011fl\u0131 \u0259sasland\u0131r\u0131lm\u0131\u015f s\u00fcbut t\u0259qdim edildiyi t\u0259qdird\u0259 fakt m\u00fcvafiq qaydada ara\u015fd\u0131r\u0131l\u0131r.\n<\/p>\n<p>\n  T\u0259sdiqini tapm\u0131\u015f fakta dair h\u00fcquq-m\u00fchafiz\u0259 orqanlar\u0131na m\u00fcraci\u0259t edilir.\n<\/p>\n<p>\n  Tibb i\u015f\u00e7isinin h\u00fcquq pozuntusuna yol verdiyi s\u00fcbut olunarsa, o qanunvericilikl\u0259 n\u0259z\u0259rd\u0259 tutulmu\u015f qaydada m\u0259suliyy\u0259t\u0259 c\u0259lb olunur.<\/p>\n","protected":false},"excerpt":{"rendered":"<p>&#8220;X\u0259st\u0259xanan\u0131n m\u00fchafiz\u0259 xidm\u0259tinin \u0259m\u0259kda\u015f\u0131 m\u0259n\u0259 yax\u0131nla\u015f\u0131b, xo\u015fag\u0259lm\u0259z ifad\u0259l\u0259r i\u015fl\u0259tdi&#8221;<\/p>\n","protected":false},"author":11,"featured_media":210100,"comment_status":"closed","ping_status":"open","sticky":false,"template":"","format":"standard","meta":{"_acf_changed":false,"_sitemap_exclude":false,"_sitemap_priority":"","_sitemap_frequency":"","footnotes":""},"categories":[60],"tags":[],"class_list":["post-212860","post","type-post","status-publish","format-standard","has-post-thumbnail","hentry","category-bolge","infinite-scroll-item","generate-columns","tablet-grid-50","mobile-grid-100","grid-parent","grid-33","no-featured-image-padding"],"acf":[],"yoast_head":"<!-- This site is optimized with the Yoast SEO plugin v27.5 - https:\/\/yoast.com\/product\/yoast-seo-wordpress\/ -->\n<title>C\u0259lilabad sakini: \u0130lham \u018fliyevl\u0259 Mehriban \u018fliyevaya m\u00fcraci\u0259t etdim, n\u0259tic\u0259si olmad\u0131 - MEYDAN.TV<\/title>\n<meta name=\"robots\" content=\"index, follow, max-snippet:-1, max-image-preview:large, max-video-preview:-1\" \/>\n<link rel=\"canonical\" href=\"https:\/\/www.meydan.tv\/az\/article\/celilabad-sakini-ilham-eliyevle-mehriban-eliyevaya-muraciet-etdim-neticesi-olmadi\/\" \/>\n<meta property=\"og:locale\" content=\"az_AZ\" \/>\n<meta property=\"og:type\" content=\"article\" \/>\n<meta property=\"og:title\" content=\"C\u0259lilabad sakini: \u0130lham \u018fliyevl\u0259 Mehriban \u018fliyevaya m\u00fcraci\u0259t etdim, n\u0259tic\u0259si olmad\u0131 - MEYDAN.TV\" \/>\n<meta property=\"og:description\" content=\"&quot;X\u0259st\u0259xanan\u0131n m\u00fchafiz\u0259 xidm\u0259tinin \u0259m\u0259kda\u015f\u0131 m\u0259n\u0259 yax\u0131nla\u015f\u0131b, xo\u015fag\u0259lm\u0259z ifad\u0259l\u0259r i\u015fl\u0259tdi&quot;\" \/>\n<meta property=\"og:url\" content=\"https:\/\/www.meydan.tv\/az\/article\/celilabad-sakini-ilham-eliyevle-mehriban-eliyevaya-muraciet-etdim-neticesi-olmadi\/\" \/>\n<meta property=\"og:site_name\" content=\"MEYDAN.TV\" \/>\n<meta property=\"article:published_time\" content=\"2021-09-15T13:41:06+00:00\" \/>\n<meta property=\"og:image\" content=\"https:\/\/www.meydan.tv\/wp-content\/uploads\/1_3od1gme.png\" \/>\n\t<meta property=\"og:image:width\" content=\"1220\" \/>\n\t<meta property=\"og:image:height\" content=\"686\" \/>\n\t<meta property=\"og:image:type\" content=\"image\/png\" \/>\n<meta name=\"author\" content=\"user-manager\" \/>\n<meta name=\"twitter:card\" content=\"summary_large_image\" \/>\n<script type=\"application\/ld+json\" class=\"yoast-schema-graph\">{\"@context\":\"https:\\\/\\\/schema.org\",\"@graph\":[{\"@type\":\"Article\",\"@id\":\"https:\\\/\\\/www.meydan.tv\\\/az\\\/article\\\/celilabad-sakini-ilham-eliyevle-mehriban-eliyevaya-muraciet-etdim-neticesi-olmadi\\\/#article\",\"isPartOf\":{\"@id\":\"https:\\\/\\\/www.meydan.tv\\\/az\\\/article\\\/celilabad-sakini-ilham-eliyevle-mehriban-eliyevaya-muraciet-etdim-neticesi-olmadi\\\/\"},\"author\":{\"name\":\"user-manager\",\"@id\":\"https:\\\/\\\/www.meydan.tv\\\/az\\\/#\\\/schema\\\/person\\\/10d11eccf6da3662cf5fdab9806ea91a\"},\"headline\":\"C\u0259lilabad sakini: \u0130lham \u018fliyevl\u0259 Mehriban \u018fliyevaya m\u00fcraci\u0259t etdim, n\u0259tic\u0259si olmad\u0131\",\"datePublished\":\"2021-09-15T13:41:06+00:00\",\"mainEntityOfPage\":{\"@id\":\"https:\\\/\\\/www.meydan.tv\\\/az\\\/article\\\/celilabad-sakini-ilham-eliyevle-mehriban-eliyevaya-muraciet-etdim-neticesi-olmadi\\\/\"},\"wordCount\":1111,\"publisher\":{\"@id\":\"https:\\\/\\\/www.meydan.tv\\\/az\\\/#organization\"},\"image\":{\"@id\":\"https:\\\/\\\/www.meydan.tv\\\/az\\\/article\\\/celilabad-sakini-ilham-eliyevle-mehriban-eliyevaya-muraciet-etdim-neticesi-olmadi\\\/#primaryimage\"},\"thumbnailUrl\":\"https:\\\/\\\/www.meydan.tv\\\/wp-content\\\/uploads\\\/1_3od1gme.png\",\"articleSection\":[\"B\u00f6lg\u0259\"],\"inLanguage\":\"az\"},{\"@type\":\"WebPage\",\"@id\":\"https:\\\/\\\/www.meydan.tv\\\/az\\\/article\\\/celilabad-sakini-ilham-eliyevle-mehriban-eliyevaya-muraciet-etdim-neticesi-olmadi\\\/\",\"url\":\"https:\\\/\\\/www.meydan.tv\\\/az\\\/article\\\/celilabad-sakini-ilham-eliyevle-mehriban-eliyevaya-muraciet-etdim-neticesi-olmadi\\\/\",\"name\":\"C\u0259lilabad sakini: \u0130lham \u018fliyevl\u0259 Mehriban \u018fliyevaya m\u00fcraci\u0259t etdim, n\u0259tic\u0259si olmad\u0131 - MEYDAN.TV\",\"isPartOf\":{\"@id\":\"https:\\\/\\\/www.meydan.tv\\\/az\\\/#website\"},\"primaryImageOfPage\":{\"@id\":\"https:\\\/\\\/www.meydan.tv\\\/az\\\/article\\\/celilabad-sakini-ilham-eliyevle-mehriban-eliyevaya-muraciet-etdim-neticesi-olmadi\\\/#primaryimage\"},\"image\":{\"@id\":\"https:\\\/\\\/www.meydan.tv\\\/az\\\/article\\\/celilabad-sakini-ilham-eliyevle-mehriban-eliyevaya-muraciet-etdim-neticesi-olmadi\\\/#primaryimage\"},\"thumbnailUrl\":\"https:\\\/\\\/www.meydan.tv\\\/wp-content\\\/uploads\\\/1_3od1gme.png\",\"datePublished\":\"2021-09-15T13:41:06+00:00\",\"breadcrumb\":{\"@id\":\"https:\\\/\\\/www.meydan.tv\\\/az\\\/article\\\/celilabad-sakini-ilham-eliyevle-mehriban-eliyevaya-muraciet-etdim-neticesi-olmadi\\\/#breadcrumb\"},\"inLanguage\":\"az\",\"potentialAction\":[{\"@type\":\"ReadAction\",\"target\":[\"https:\\\/\\\/www.meydan.tv\\\/az\\\/article\\\/celilabad-sakini-ilham-eliyevle-mehriban-eliyevaya-muraciet-etdim-neticesi-olmadi\\\/\"]}]},{\"@type\":\"ImageObject\",\"inLanguage\":\"az\",\"@id\":\"https:\\\/\\\/www.meydan.tv\\\/az\\\/article\\\/celilabad-sakini-ilham-eliyevle-mehriban-eliyevaya-muraciet-etdim-neticesi-olmadi\\\/#primaryimage\",\"url\":\"https:\\\/\\\/www.meydan.tv\\\/wp-content\\\/uploads\\\/1_3od1gme.png\",\"contentUrl\":\"https:\\\/\\\/www.meydan.tv\\\/wp-content\\\/uploads\\\/1_3od1gme.png\",\"width\":1220,\"height\":686,\"caption\":\"Source: Meydan.TV\"},{\"@type\":\"BreadcrumbList\",\"@id\":\"https:\\\/\\\/www.meydan.tv\\\/az\\\/article\\\/celilabad-sakini-ilham-eliyevle-mehriban-eliyevaya-muraciet-etdim-neticesi-olmadi\\\/#breadcrumb\",\"itemListElement\":[{\"@type\":\"ListItem\",\"position\":1,\"name\":\"Ana s\u0259hif\u0259\",\"item\":\"https:\\\/\\\/www.meydan.tv\\\/az\\\/\"},{\"@type\":\"ListItem\",\"position\":2,\"name\":\"B\u00f6lg\u0259\",\"item\":\"https:\\\/\\\/www.meydan.tv\\\/az\\\/section\\\/bolge\\\/\"},{\"@type\":\"ListItem\",\"position\":3,\"name\":\"C\u0259lilabad sakini: \u0130lham \u018fliyevl\u0259 Mehriban \u018fliyevaya m\u00fcraci\u0259t etdim, n\u0259tic\u0259si olmad\u0131\"}]},{\"@type\":\"WebSite\",\"@id\":\"https:\\\/\\\/www.meydan.tv\\\/az\\\/#website\",\"url\":\"https:\\\/\\\/www.meydan.tv\\\/az\\\/\",\"name\":\"MEYDAN.TV\",\"description\":\"Meydan TV Az\u0259rbaycan\u0131n media m\u0259kan\u0131ndak\u0131 alternativ s\u0259sidir\",\"publisher\":{\"@id\":\"https:\\\/\\\/www.meydan.tv\\\/az\\\/#organization\"},\"potentialAction\":[{\"@type\":\"SearchAction\",\"target\":{\"@type\":\"EntryPoint\",\"urlTemplate\":\"https:\\\/\\\/www.meydan.tv\\\/az\\\/?s={search_term_string}\"},\"query-input\":{\"@type\":\"PropertyValueSpecification\",\"valueRequired\":true,\"valueName\":\"search_term_string\"}}],\"inLanguage\":\"az\"},{\"@type\":\"Organization\",\"@id\":\"https:\\\/\\\/www.meydan.tv\\\/az\\\/#organization\",\"name\":\"Meydan TV\",\"url\":\"https:\\\/\\\/www.meydan.tv\\\/az\\\/\",\"logo\":{\"@type\":\"ImageObject\",\"inLanguage\":\"az\",\"@id\":\"https:\\\/\\\/www.meydan.tv\\\/az\\\/#\\\/schema\\\/logo\\\/image\\\/\",\"url\":\"https:\\\/\\\/www.meydan.tv\\\/wp-content\\\/uploads\\\/2021\\\/07\\\/meydan-logo.svg\",\"contentUrl\":\"https:\\\/\\\/www.meydan.tv\\\/wp-content\\\/uploads\\\/2021\\\/07\\\/meydan-logo.svg\",\"width\":195,\"height\":46,\"caption\":\"Meydan TV\"},\"image\":{\"@id\":\"https:\\\/\\\/www.meydan.tv\\\/az\\\/#\\\/schema\\\/logo\\\/image\\\/\"}},{\"@type\":\"Person\",\"@id\":\"https:\\\/\\\/www.meydan.tv\\\/az\\\/#\\\/schema\\\/person\\\/10d11eccf6da3662cf5fdab9806ea91a\",\"name\":\"user-manager\"}]}<\/script>\n<!-- \/ Yoast SEO plugin. -->","yoast_head_json":{"title":"C\u0259lilabad sakini: \u0130lham \u018fliyevl\u0259 Mehriban \u018fliyevaya m\u00fcraci\u0259t etdim, n\u0259tic\u0259si olmad\u0131 - MEYDAN.TV","robots":{"index":"index","follow":"follow","max-snippet":"max-snippet:-1","max-image-preview":"max-image-preview:large","max-video-preview":"max-video-preview:-1"},"canonical":"https:\/\/www.meydan.tv\/az\/article\/celilabad-sakini-ilham-eliyevle-mehriban-eliyevaya-muraciet-etdim-neticesi-olmadi\/","og_locale":"az_AZ","og_type":"article","og_title":"C\u0259lilabad sakini: \u0130lham \u018fliyevl\u0259 Mehriban \u018fliyevaya m\u00fcraci\u0259t etdim, n\u0259tic\u0259si olmad\u0131 - MEYDAN.TV","og_description":"\"X\u0259st\u0259xanan\u0131n m\u00fchafiz\u0259 xidm\u0259tinin \u0259m\u0259kda\u015f\u0131 m\u0259n\u0259 yax\u0131nla\u015f\u0131b, xo\u015fag\u0259lm\u0259z ifad\u0259l\u0259r i\u015fl\u0259tdi\"","og_url":"https:\/\/www.meydan.tv\/az\/article\/celilabad-sakini-ilham-eliyevle-mehriban-eliyevaya-muraciet-etdim-neticesi-olmadi\/","og_site_name":"MEYDAN.TV","article_published_time":"2021-09-15T13:41:06+00:00","og_image":[{"width":1220,"height":686,"url":"https:\/\/www.meydan.tv\/wp-content\/uploads\/1_3od1gme.png","type":"image\/png"}],"author":"user-manager","twitter_card":"summary_large_image","schema":{"@context":"https:\/\/schema.org","@graph":[{"@type":"Article","@id":"https:\/\/www.meydan.tv\/az\/article\/celilabad-sakini-ilham-eliyevle-mehriban-eliyevaya-muraciet-etdim-neticesi-olmadi\/#article","isPartOf":{"@id":"https:\/\/www.meydan.tv\/az\/article\/celilabad-sakini-ilham-eliyevle-mehriban-eliyevaya-muraciet-etdim-neticesi-olmadi\/"},"author":{"name":"user-manager","@id":"https:\/\/www.meydan.tv\/az\/#\/schema\/person\/10d11eccf6da3662cf5fdab9806ea91a"},"headline":"C\u0259lilabad sakini: \u0130lham \u018fliyevl\u0259 Mehriban \u018fliyevaya m\u00fcraci\u0259t etdim, n\u0259tic\u0259si olmad\u0131","datePublished":"2021-09-15T13:41:06+00:00","mainEntityOfPage":{"@id":"https:\/\/www.meydan.tv\/az\/article\/celilabad-sakini-ilham-eliyevle-mehriban-eliyevaya-muraciet-etdim-neticesi-olmadi\/"},"wordCount":1111,"publisher":{"@id":"https:\/\/www.meydan.tv\/az\/#organization"},"image":{"@id":"https:\/\/www.meydan.tv\/az\/article\/celilabad-sakini-ilham-eliyevle-mehriban-eliyevaya-muraciet-etdim-neticesi-olmadi\/#primaryimage"},"thumbnailUrl":"https:\/\/www.meydan.tv\/wp-content\/uploads\/1_3od1gme.png","articleSection":["B\u00f6lg\u0259"],"inLanguage":"az"},{"@type":"WebPage","@id":"https:\/\/www.meydan.tv\/az\/article\/celilabad-sakini-ilham-eliyevle-mehriban-eliyevaya-muraciet-etdim-neticesi-olmadi\/","url":"https:\/\/www.meydan.tv\/az\/article\/celilabad-sakini-ilham-eliyevle-mehriban-eliyevaya-muraciet-etdim-neticesi-olmadi\/","name":"C\u0259lilabad sakini: \u0130lham \u018fliyevl\u0259 Mehriban \u018fliyevaya m\u00fcraci\u0259t etdim, n\u0259tic\u0259si olmad\u0131 - MEYDAN.TV","isPartOf":{"@id":"https:\/\/www.meydan.tv\/az\/#website"},"primaryImageOfPage":{"@id":"https:\/\/www.meydan.tv\/az\/article\/celilabad-sakini-ilham-eliyevle-mehriban-eliyevaya-muraciet-etdim-neticesi-olmadi\/#primaryimage"},"image":{"@id":"https:\/\/www.meydan.tv\/az\/article\/celilabad-sakini-ilham-eliyevle-mehriban-eliyevaya-muraciet-etdim-neticesi-olmadi\/#primaryimage"},"thumbnailUrl":"https:\/\/www.meydan.tv\/wp-content\/uploads\/1_3od1gme.png","datePublished":"2021-09-15T13:41:06+00:00","breadcrumb":{"@id":"https:\/\/www.meydan.tv\/az\/article\/celilabad-sakini-ilham-eliyevle-mehriban-eliyevaya-muraciet-etdim-neticesi-olmadi\/#breadcrumb"},"inLanguage":"az","potentialAction":[{"@type":"ReadAction","target":["https:\/\/www.meydan.tv\/az\/article\/celilabad-sakini-ilham-eliyevle-mehriban-eliyevaya-muraciet-etdim-neticesi-olmadi\/"]}]},{"@type":"ImageObject","inLanguage":"az","@id":"https:\/\/www.meydan.tv\/az\/article\/celilabad-sakini-ilham-eliyevle-mehriban-eliyevaya-muraciet-etdim-neticesi-olmadi\/#primaryimage","url":"https:\/\/www.meydan.tv\/wp-content\/uploads\/1_3od1gme.png","contentUrl":"https:\/\/www.meydan.tv\/wp-content\/uploads\/1_3od1gme.png","width":1220,"height":686,"caption":"Source: Meydan.TV"},{"@type":"BreadcrumbList","@id":"https:\/\/www.meydan.tv\/az\/article\/celilabad-sakini-ilham-eliyevle-mehriban-eliyevaya-muraciet-etdim-neticesi-olmadi\/#breadcrumb","itemListElement":[{"@type":"ListItem","position":1,"name":"Ana s\u0259hif\u0259","item":"https:\/\/www.meydan.tv\/az\/"},{"@type":"ListItem","position":2,"name":"B\u00f6lg\u0259","item":"https:\/\/www.meydan.tv\/az\/section\/bolge\/"},{"@type":"ListItem","position":3,"name":"C\u0259lilabad sakini: \u0130lham \u018fliyevl\u0259 Mehriban \u018fliyevaya m\u00fcraci\u0259t etdim, n\u0259tic\u0259si olmad\u0131"}]},{"@type":"WebSite","@id":"https:\/\/www.meydan.tv\/az\/#website","url":"https:\/\/www.meydan.tv\/az\/","name":"MEYDAN.TV","description":"Meydan TV Az\u0259rbaycan\u0131n media m\u0259kan\u0131ndak\u0131 alternativ s\u0259sidir","publisher":{"@id":"https:\/\/www.meydan.tv\/az\/#organization"},"potentialAction":[{"@type":"SearchAction","target":{"@type":"EntryPoint","urlTemplate":"https:\/\/www.meydan.tv\/az\/?s={search_term_string}"},"query-input":{"@type":"PropertyValueSpecification","valueRequired":true,"valueName":"search_term_string"}}],"inLanguage":"az"},{"@type":"Organization","@id":"https:\/\/www.meydan.tv\/az\/#organization","name":"Meydan TV","url":"https:\/\/www.meydan.tv\/az\/","logo":{"@type":"ImageObject","inLanguage":"az","@id":"https:\/\/www.meydan.tv\/az\/#\/schema\/logo\/image\/","url":"https:\/\/www.meydan.tv\/wp-content\/uploads\/2021\/07\/meydan-logo.svg","contentUrl":"https:\/\/www.meydan.tv\/wp-content\/uploads\/2021\/07\/meydan-logo.svg","width":195,"height":46,"caption":"Meydan TV"},"image":{"@id":"https:\/\/www.meydan.tv\/az\/#\/schema\/logo\/image\/"}},{"@type":"Person","@id":"https:\/\/www.meydan.tv\/az\/#\/schema\/person\/10d11eccf6da3662cf5fdab9806ea91a","name":"user-manager"}]}},"_links":{"self":[{"href":"https:\/\/www.meydan.tv\/az\/wp-json\/wp\/v2\/posts\/212860","targetHints":{"allow":["GET"]}}],"collection":[{"href":"https:\/\/www.meydan.tv\/az\/wp-json\/wp\/v2\/posts"}],"about":[{"href":"https:\/\/www.meydan.tv\/az\/wp-json\/wp\/v2\/types\/post"}],"author":[{"embeddable":true,"href":"https:\/\/www.meydan.tv\/az\/wp-json\/wp\/v2\/users\/11"}],"replies":[{"embeddable":true,"href":"https:\/\/www.meydan.tv\/az\/wp-json\/wp\/v2\/comments?post=212860"}],"version-history":[{"count":0,"href":"https:\/\/www.meydan.tv\/az\/wp-json\/wp\/v2\/posts\/212860\/revisions"}],"wp:featuredmedia":[{"embeddable":true,"href":"https:\/\/www.meydan.tv\/az\/wp-json\/wp\/v2\/media\/210100"}],"wp:attachment":[{"href":"https:\/\/www.meydan.tv\/az\/wp-json\/wp\/v2\/media?parent=212860"}],"wp:term":[{"taxonomy":"category","embeddable":true,"href":"https:\/\/www.meydan.tv\/az\/wp-json\/wp\/v2\/categories?post=212860"},{"taxonomy":"post_tag","embeddable":true,"href":"https:\/\/www.meydan.tv\/az\/wp-json\/wp\/v2\/tags?post=212860"}],"curies":[{"name":"wp","href":"https:\/\/api.w.org\/{rel}","templated":true}]}}