{"id":212853,"date":"2021-09-15T10:08:38","date_gmt":"2021-09-15T10:08:38","guid":{"rendered":"https:\/\/www.meydan.tv\/article\/yaqub-zurufcu-qurd-qapisinda-defn-olunacaq\/"},"modified":"2021-09-15T10:08:38","modified_gmt":"2021-09-15T10:08:38","slug":"yaqub-zurufcu-qurd-qapisinda-defn-olunacaq","status":"publish","type":"post","link":"https:\/\/www.meydan.tv\/az\/article\/yaqub-zurufcu-qurd-qapisinda-defn-olunacaq\/","title":{"rendered":"Yaqub Zuruf\u00e7u &#8220;Qurd qap\u0131s\u0131&#8221;nda d\u0259fn olunacaq"},"content":{"rendered":"<p>\n  <i><br \/>\n    &quot;S\u0259n\u0259t\u00e7i Arif Quliyev v\u0259 R\u0259mi\u015fin yan\u0131nda torpa\u011fa tap\u015f\u0131r\u0131lacaq&quot;<br \/>\n  <\/i>\n<\/p>\n<p>\n  COV\u0130D-19 infeksiyas\u0131ndan v\u0259fat ed\u0259n \u018fm\u0259kdar artist Yaqub Zuruf\u00e7u sentyabr\u0131n 15-d\u0259 Yasamal q\u0259bristanl\u0131\u011f\u0131nda (&quot;Qurd qap\u0131s\u0131&quot; q\u0259biristanl\u0131\u011f\u0131-red) d\u0259fn olunacaq.\n<\/p>\n<p>\n  M\u0259d\u0259niyy\u0259t Nazirliyinin m\u0259tbuat xidm\u0259tinin r\u0259hb\u0259ri M\u0259ry\u0259m Qafarzad\u0259nin m\u0259lumat\u0131na g\u00f6r\u0259, s\u0259n\u0259t\u00e7i Xalq artistl\u0259ri Arif Quliyev v\u0259 R\u0259mi\u015fin (Rafiq H\u00fcseynov) yan\u0131nda torpa\u011fa tap\u015f\u0131r\u0131lacaq.\n<\/p>\n<p>\n  D\u0259fn m\u0259rasimi saat 13:00-dadd\u0131r.\n<\/p>\n<p>\n  Sentyabr\u0131n \u0259vv\u0259lind\u0259 yeni n\u00f6v koronavirusa yoluxan Yaqub Zuruf\u00e7u sentyabr\u0131n 14-d\u0259 \u201cYeni Klinika\u201dda v\u0259fat<br \/>\n  <a href=\"https:\/\/www.meydan.tv\/az\/article\/mugenni-yaqub-zurufcu-vefat-\"><br \/>\n    edib<br \/>\n  <\/a><br \/>\n  .<\/p>\n","protected":false},"excerpt":{"rendered":"<p>D\u0259fn m\u0259rasimi saat 13:00-dadd\u0131r.<\/p>\n","protected":false},"author":11,"featured_media":210073,"comment_status":"closed","ping_status":"open","sticky":false,"template":"","format":"standard","meta":{"_acf_changed":false,"_sitemap_exclude":false,"_sitemap_priority":"","_sitemap_frequency":"","footnotes":""},"categories":[52],"tags":[],"class_list":["post-212853","post","type-post","status-publish","format-standard","has-post-thumbnail","hentry","category-medeniyyet","infinite-scroll-item","generate-columns","tablet-grid-50","mobile-grid-100","grid-parent","grid-33","no-featured-image-padding"],"acf":[],"yoast_head":"<!-- This site is optimized with the Yoast SEO plugin v27.4 - https:\/\/yoast.com\/product\/yoast-seo-wordpress\/ -->\n<title>Yaqub Zuruf\u00e7u &quot;Qurd qap\u0131s\u0131&quot;nda d\u0259fn olunacaq - MEYDAN.TV<\/title>\n<meta name=\"robots\" content=\"index, follow, max-snippet:-1, max-image-preview:large, max-video-preview:-1\" \/>\n<link rel=\"canonical\" href=\"https:\/\/www.meydan.tv\/az\/article\/yaqub-zurufcu-qurd-qapisinda-defn-olunacaq\/\" \/>\n<meta property=\"og:locale\" content=\"az_AZ\" \/>\n<meta property=\"og:type\" content=\"article\" \/>\n<meta property=\"og:title\" content=\"Yaqub Zuruf\u00e7u &quot;Qurd qap\u0131s\u0131&quot;nda d\u0259fn olunacaq - MEYDAN.TV\" \/>\n<meta property=\"og:description\" content=\"D\u0259fn m\u0259rasimi saat 13:00-dadd\u0131r.\" \/>\n<meta property=\"og:url\" content=\"https:\/\/www.meydan.tv\/az\/article\/yaqub-zurufcu-qurd-qapisinda-defn-olunacaq\/\" \/>\n<meta property=\"og:site_name\" content=\"MEYDAN.TV\" \/>\n<meta property=\"article:published_time\" content=\"2021-09-15T10:08:38+00:00\" \/>\n<meta property=\"og:image\" content=\"https:\/\/www.meydan.tv\/wp-content\/uploads\/yaqub_zurufcu_mansetted.jpg\" \/>\n\t<meta property=\"og:image:width\" content=\"726\" \/>\n\t<meta property=\"og:image:height\" content=\"481\" \/>\n\t<meta property=\"og:image:type\" content=\"image\/jpeg\" \/>\n<meta name=\"author\" content=\"user-manager\" \/>\n<meta name=\"twitter:card\" content=\"summary_large_image\" \/>\n<script type=\"application\/ld+json\" class=\"yoast-schema-graph\">{\"@context\":\"https:\\\/\\\/schema.org\",\"@graph\":[{\"@type\":\"Article\",\"@id\":\"https:\\\/\\\/www.meydan.tv\\\/az\\\/article\\\/yaqub-zurufcu-qurd-qapisinda-defn-olunacaq\\\/#article\",\"isPartOf\":{\"@id\":\"https:\\\/\\\/www.meydan.tv\\\/az\\\/article\\\/yaqub-zurufcu-qurd-qapisinda-defn-olunacaq\\\/\"},\"author\":{\"name\":\"user-manager\",\"@id\":\"https:\\\/\\\/www.meydan.tv\\\/az\\\/#\\\/schema\\\/person\\\/10d11eccf6da3662cf5fdab9806ea91a\"},\"headline\":\"Yaqub Zuruf\u00e7u &#8220;Qurd qap\u0131s\u0131&#8221;nda d\u0259fn olunacaq\",\"datePublished\":\"2021-09-15T10:08:38+00:00\",\"mainEntityOfPage\":{\"@id\":\"https:\\\/\\\/www.meydan.tv\\\/az\\\/article\\\/yaqub-zurufcu-qurd-qapisinda-defn-olunacaq\\\/\"},\"wordCount\":134,\"publisher\":{\"@id\":\"https:\\\/\\\/www.meydan.tv\\\/az\\\/#organization\"},\"image\":{\"@id\":\"https:\\\/\\\/www.meydan.tv\\\/az\\\/article\\\/yaqub-zurufcu-qurd-qapisinda-defn-olunacaq\\\/#primaryimage\"},\"thumbnailUrl\":\"https:\\\/\\\/www.meydan.tv\\\/wp-content\\\/uploads\\\/yaqub_zurufcu_mansetted.jpg\",\"articleSection\":[\"M\u0259d\u0259niyy\u0259t\"],\"inLanguage\":\"az\"},{\"@type\":\"WebPage\",\"@id\":\"https:\\\/\\\/www.meydan.tv\\\/az\\\/article\\\/yaqub-zurufcu-qurd-qapisinda-defn-olunacaq\\\/\",\"url\":\"https:\\\/\\\/www.meydan.tv\\\/az\\\/article\\\/yaqub-zurufcu-qurd-qapisinda-defn-olunacaq\\\/\",\"name\":\"Yaqub Zuruf\u00e7u \\\"Qurd qap\u0131s\u0131\\\"nda d\u0259fn olunacaq - MEYDAN.TV\",\"isPartOf\":{\"@id\":\"https:\\\/\\\/www.meydan.tv\\\/az\\\/#website\"},\"primaryImageOfPage\":{\"@id\":\"https:\\\/\\\/www.meydan.tv\\\/az\\\/article\\\/yaqub-zurufcu-qurd-qapisinda-defn-olunacaq\\\/#primaryimage\"},\"image\":{\"@id\":\"https:\\\/\\\/www.meydan.tv\\\/az\\\/article\\\/yaqub-zurufcu-qurd-qapisinda-defn-olunacaq\\\/#primaryimage\"},\"thumbnailUrl\":\"https:\\\/\\\/www.meydan.tv\\\/wp-content\\\/uploads\\\/yaqub_zurufcu_mansetted.jpg\",\"datePublished\":\"2021-09-15T10:08:38+00:00\",\"breadcrumb\":{\"@id\":\"https:\\\/\\\/www.meydan.tv\\\/az\\\/article\\\/yaqub-zurufcu-qurd-qapisinda-defn-olunacaq\\\/#breadcrumb\"},\"inLanguage\":\"az\",\"potentialAction\":[{\"@type\":\"ReadAction\",\"target\":[\"https:\\\/\\\/www.meydan.tv\\\/az\\\/article\\\/yaqub-zurufcu-qurd-qapisinda-defn-olunacaq\\\/\"]}]},{\"@type\":\"ImageObject\",\"inLanguage\":\"az\",\"@id\":\"https:\\\/\\\/www.meydan.tv\\\/az\\\/article\\\/yaqub-zurufcu-qurd-qapisinda-defn-olunacaq\\\/#primaryimage\",\"url\":\"https:\\\/\\\/www.meydan.tv\\\/wp-content\\\/uploads\\\/yaqub_zurufcu_mansetted.jpg\",\"contentUrl\":\"https:\\\/\\\/www.meydan.tv\\\/wp-content\\\/uploads\\\/yaqub_zurufcu_mansetted.jpg\",\"width\":726,\"height\":481,\"caption\":\"Source: Specify Source\"},{\"@type\":\"BreadcrumbList\",\"@id\":\"https:\\\/\\\/www.meydan.tv\\\/az\\\/article\\\/yaqub-zurufcu-qurd-qapisinda-defn-olunacaq\\\/#breadcrumb\",\"itemListElement\":[{\"@type\":\"ListItem\",\"position\":1,\"name\":\"Ana s\u0259hif\u0259\",\"item\":\"https:\\\/\\\/www.meydan.tv\\\/az\\\/\"},{\"@type\":\"ListItem\",\"position\":2,\"name\":\"M\u0259d\u0259niyy\u0259t\",\"item\":\"https:\\\/\\\/www.meydan.tv\\\/az\\\/section\\\/medeniyyet\\\/\"},{\"@type\":\"ListItem\",\"position\":3,\"name\":\"Yaqub Zuruf\u00e7u &#8220;Qurd qap\u0131s\u0131&#8221;nda d\u0259fn olunacaq\"}]},{\"@type\":\"WebSite\",\"@id\":\"https:\\\/\\\/www.meydan.tv\\\/az\\\/#website\",\"url\":\"https:\\\/\\\/www.meydan.tv\\\/az\\\/\",\"name\":\"MEYDAN.TV\",\"description\":\"Meydan TV Az\u0259rbaycan\u0131n media m\u0259kan\u0131ndak\u0131 alternativ s\u0259sidir\",\"publisher\":{\"@id\":\"https:\\\/\\\/www.meydan.tv\\\/az\\\/#organization\"},\"potentialAction\":[{\"@type\":\"SearchAction\",\"target\":{\"@type\":\"EntryPoint\",\"urlTemplate\":\"https:\\\/\\\/www.meydan.tv\\\/az\\\/?s={search_term_string}\"},\"query-input\":{\"@type\":\"PropertyValueSpecification\",\"valueRequired\":true,\"valueName\":\"search_term_string\"}}],\"inLanguage\":\"az\"},{\"@type\":\"Organization\",\"@id\":\"https:\\\/\\\/www.meydan.tv\\\/az\\\/#organization\",\"name\":\"Meydan TV\",\"url\":\"https:\\\/\\\/www.meydan.tv\\\/az\\\/\",\"logo\":{\"@type\":\"ImageObject\",\"inLanguage\":\"az\",\"@id\":\"https:\\\/\\\/www.meydan.tv\\\/az\\\/#\\\/schema\\\/logo\\\/image\\\/\",\"url\":\"https:\\\/\\\/www.meydan.tv\\\/wp-content\\\/uploads\\\/2021\\\/07\\\/meydan-logo.svg\",\"contentUrl\":\"https:\\\/\\\/www.meydan.tv\\\/wp-content\\\/uploads\\\/2021\\\/07\\\/meydan-logo.svg\",\"width\":195,\"height\":46,\"caption\":\"Meydan TV\"},\"image\":{\"@id\":\"https:\\\/\\\/www.meydan.tv\\\/az\\\/#\\\/schema\\\/logo\\\/image\\\/\"}},{\"@type\":\"Person\",\"@id\":\"https:\\\/\\\/www.meydan.tv\\\/az\\\/#\\\/schema\\\/person\\\/10d11eccf6da3662cf5fdab9806ea91a\",\"name\":\"user-manager\"}]}<\/script>\n<!-- \/ Yoast SEO plugin. -->","yoast_head_json":{"title":"Yaqub Zuruf\u00e7u \"Qurd qap\u0131s\u0131\"nda d\u0259fn olunacaq - MEYDAN.TV","robots":{"index":"index","follow":"follow","max-snippet":"max-snippet:-1","max-image-preview":"max-image-preview:large","max-video-preview":"max-video-preview:-1"},"canonical":"https:\/\/www.meydan.tv\/az\/article\/yaqub-zurufcu-qurd-qapisinda-defn-olunacaq\/","og_locale":"az_AZ","og_type":"article","og_title":"Yaqub Zuruf\u00e7u \"Qurd qap\u0131s\u0131\"nda d\u0259fn olunacaq - MEYDAN.TV","og_description":"D\u0259fn m\u0259rasimi saat 13:00-dadd\u0131r.","og_url":"https:\/\/www.meydan.tv\/az\/article\/yaqub-zurufcu-qurd-qapisinda-defn-olunacaq\/","og_site_name":"MEYDAN.TV","article_published_time":"2021-09-15T10:08:38+00:00","og_image":[{"width":726,"height":481,"url":"https:\/\/www.meydan.tv\/wp-content\/uploads\/yaqub_zurufcu_mansetted.jpg","type":"image\/jpeg"}],"author":"user-manager","twitter_card":"summary_large_image","schema":{"@context":"https:\/\/schema.org","@graph":[{"@type":"Article","@id":"https:\/\/www.meydan.tv\/az\/article\/yaqub-zurufcu-qurd-qapisinda-defn-olunacaq\/#article","isPartOf":{"@id":"https:\/\/www.meydan.tv\/az\/article\/yaqub-zurufcu-qurd-qapisinda-defn-olunacaq\/"},"author":{"name":"user-manager","@id":"https:\/\/www.meydan.tv\/az\/#\/schema\/person\/10d11eccf6da3662cf5fdab9806ea91a"},"headline":"Yaqub Zuruf\u00e7u &#8220;Qurd qap\u0131s\u0131&#8221;nda d\u0259fn olunacaq","datePublished":"2021-09-15T10:08:38+00:00","mainEntityOfPage":{"@id":"https:\/\/www.meydan.tv\/az\/article\/yaqub-zurufcu-qurd-qapisinda-defn-olunacaq\/"},"wordCount":134,"publisher":{"@id":"https:\/\/www.meydan.tv\/az\/#organization"},"image":{"@id":"https:\/\/www.meydan.tv\/az\/article\/yaqub-zurufcu-qurd-qapisinda-defn-olunacaq\/#primaryimage"},"thumbnailUrl":"https:\/\/www.meydan.tv\/wp-content\/uploads\/yaqub_zurufcu_mansetted.jpg","articleSection":["M\u0259d\u0259niyy\u0259t"],"inLanguage":"az"},{"@type":"WebPage","@id":"https:\/\/www.meydan.tv\/az\/article\/yaqub-zurufcu-qurd-qapisinda-defn-olunacaq\/","url":"https:\/\/www.meydan.tv\/az\/article\/yaqub-zurufcu-qurd-qapisinda-defn-olunacaq\/","name":"Yaqub Zuruf\u00e7u \"Qurd qap\u0131s\u0131\"nda d\u0259fn olunacaq - MEYDAN.TV","isPartOf":{"@id":"https:\/\/www.meydan.tv\/az\/#website"},"primaryImageOfPage":{"@id":"https:\/\/www.meydan.tv\/az\/article\/yaqub-zurufcu-qurd-qapisinda-defn-olunacaq\/#primaryimage"},"image":{"@id":"https:\/\/www.meydan.tv\/az\/article\/yaqub-zurufcu-qurd-qapisinda-defn-olunacaq\/#primaryimage"},"thumbnailUrl":"https:\/\/www.meydan.tv\/wp-content\/uploads\/yaqub_zurufcu_mansetted.jpg","datePublished":"2021-09-15T10:08:38+00:00","breadcrumb":{"@id":"https:\/\/www.meydan.tv\/az\/article\/yaqub-zurufcu-qurd-qapisinda-defn-olunacaq\/#breadcrumb"},"inLanguage":"az","potentialAction":[{"@type":"ReadAction","target":["https:\/\/www.meydan.tv\/az\/article\/yaqub-zurufcu-qurd-qapisinda-defn-olunacaq\/"]}]},{"@type":"ImageObject","inLanguage":"az","@id":"https:\/\/www.meydan.tv\/az\/article\/yaqub-zurufcu-qurd-qapisinda-defn-olunacaq\/#primaryimage","url":"https:\/\/www.meydan.tv\/wp-content\/uploads\/yaqub_zurufcu_mansetted.jpg","contentUrl":"https:\/\/www.meydan.tv\/wp-content\/uploads\/yaqub_zurufcu_mansetted.jpg","width":726,"height":481,"caption":"Source: Specify Source"},{"@type":"BreadcrumbList","@id":"https:\/\/www.meydan.tv\/az\/article\/yaqub-zurufcu-qurd-qapisinda-defn-olunacaq\/#breadcrumb","itemListElement":[{"@type":"ListItem","position":1,"name":"Ana s\u0259hif\u0259","item":"https:\/\/www.meydan.tv\/az\/"},{"@type":"ListItem","position":2,"name":"M\u0259d\u0259niyy\u0259t","item":"https:\/\/www.meydan.tv\/az\/section\/medeniyyet\/"},{"@type":"ListItem","position":3,"name":"Yaqub Zuruf\u00e7u &#8220;Qurd qap\u0131s\u0131&#8221;nda d\u0259fn olunacaq"}]},{"@type":"WebSite","@id":"https:\/\/www.meydan.tv\/az\/#website","url":"https:\/\/www.meydan.tv\/az\/","name":"MEYDAN.TV","description":"Meydan TV Az\u0259rbaycan\u0131n media m\u0259kan\u0131ndak\u0131 alternativ s\u0259sidir","publisher":{"@id":"https:\/\/www.meydan.tv\/az\/#organization"},"potentialAction":[{"@type":"SearchAction","target":{"@type":"EntryPoint","urlTemplate":"https:\/\/www.meydan.tv\/az\/?s={search_term_string}"},"query-input":{"@type":"PropertyValueSpecification","valueRequired":true,"valueName":"search_term_string"}}],"inLanguage":"az"},{"@type":"Organization","@id":"https:\/\/www.meydan.tv\/az\/#organization","name":"Meydan TV","url":"https:\/\/www.meydan.tv\/az\/","logo":{"@type":"ImageObject","inLanguage":"az","@id":"https:\/\/www.meydan.tv\/az\/#\/schema\/logo\/image\/","url":"https:\/\/www.meydan.tv\/wp-content\/uploads\/2021\/07\/meydan-logo.svg","contentUrl":"https:\/\/www.meydan.tv\/wp-content\/uploads\/2021\/07\/meydan-logo.svg","width":195,"height":46,"caption":"Meydan TV"},"image":{"@id":"https:\/\/www.meydan.tv\/az\/#\/schema\/logo\/image\/"}},{"@type":"Person","@id":"https:\/\/www.meydan.tv\/az\/#\/schema\/person\/10d11eccf6da3662cf5fdab9806ea91a","name":"user-manager"}]}},"_links":{"self":[{"href":"https:\/\/www.meydan.tv\/az\/wp-json\/wp\/v2\/posts\/212853","targetHints":{"allow":["GET"]}}],"collection":[{"href":"https:\/\/www.meydan.tv\/az\/wp-json\/wp\/v2\/posts"}],"about":[{"href":"https:\/\/www.meydan.tv\/az\/wp-json\/wp\/v2\/types\/post"}],"author":[{"embeddable":true,"href":"https:\/\/www.meydan.tv\/az\/wp-json\/wp\/v2\/users\/11"}],"replies":[{"embeddable":true,"href":"https:\/\/www.meydan.tv\/az\/wp-json\/wp\/v2\/comments?post=212853"}],"version-history":[{"count":0,"href":"https:\/\/www.meydan.tv\/az\/wp-json\/wp\/v2\/posts\/212853\/revisions"}],"wp:featuredmedia":[{"embeddable":true,"href":"https:\/\/www.meydan.tv\/az\/wp-json\/wp\/v2\/media\/210073"}],"wp:attachment":[{"href":"https:\/\/www.meydan.tv\/az\/wp-json\/wp\/v2\/media?parent=212853"}],"wp:term":[{"taxonomy":"category","embeddable":true,"href":"https:\/\/www.meydan.tv\/az\/wp-json\/wp\/v2\/categories?post=212853"},{"taxonomy":"post_tag","embeddable":true,"href":"https:\/\/www.meydan.tv\/az\/wp-json\/wp\/v2\/tags?post=212853"}],"curies":[{"name":"wp","href":"https:\/\/api.w.org\/{rel}","templated":true}]}}