{"id":212851,"date":"2021-09-15T08:38:35","date_gmt":"2021-09-15T08:38:35","guid":{"rendered":"https:\/\/www.meydan.tv\/article\/akademik-opera-ve-balet-teatrinda-iki-tamasa-gosterilecek\/"},"modified":"2021-09-15T08:38:35","modified_gmt":"2021-09-15T08:38:35","slug":"akademik-opera-ve-balet-teatrinda-iki-tamasa-gosterilecek","status":"publish","type":"post","link":"https:\/\/www.meydan.tv\/az\/article\/akademik-opera-ve-balet-teatrinda-iki-tamasa-gosterilecek\/","title":{"rendered":"Akademik Opera v\u0259 Balet Teatr\u0131nda iki tama\u015fa g\u00f6st\u0259ril\u0259c\u0259k"},"content":{"rendered":"<p>\n  <i><br \/>\n    Tama\u015fa\u00e7\u0131lar zala pandemiya qaydalar\u0131na uy\u011fun olaraq burax\u0131lacaq<br \/>\n  <\/i>\n<\/p>\n<p>\n  Sentyabr\u0131n 18-d\u0259 b\u0259st\u0259kar \u00dczeyir Hac\u0131b\u0259ylinin do\u011fum g\u00fcn\u00fcnd\u0259 \u0259n\u0259n\u0259vi XIII Beyn\u0259lxalq Musiqi Festival\u0131 t\u0259\u015fkil olunacaq.\n<\/p>\n<p>\n  T\u0259dbir \u00e7\u0259r\u00e7iv\u0259sind\u0259 \u00f6lk\u0259d\u0259 bir s\u0131ra konsert proqramlar\u0131n\u0131n n\u00fcmayi\u015fi olacaq. Bu m\u00fcnasib\u0259tl\u0259 Akademik Opera v\u0259 Balet Teatr\u0131nda iki opera tama\u015fas\u0131 ke\u00e7iril\u0259c\u0259k.\n<\/p>\n<p>\n  Teatr\u0131n M\u0259tbuat Xidm\u0259tind\u0259n Meydan TV-y\u0259 veril\u0259n m\u0259lumata \u0259sas\u0259n, sentyabr\u0131n 21-d\u0259 \u00dczeyir Hac\u0131b\u0259ylinin \u201cLeyli v\u0259 M\u0259cnun\u201d operas\u0131 g\u00f6st\u0259ril\u0259c\u0259k.\n<\/p>\n<p>\n  Tama\u015fada \u0259sas partiyalar\u0131 R\u0259van\u0259 \u018fmiraslanl\u0131 (Leyli) v\u0259 \u018fm\u0259kdar artist Elnur Zeynalov (M\u0259cnun) ifa ed\u0259c\u0259kl\u0259r.\n<\/p>\n<p>\n  Dig\u0259r partiyalarda \u018fm\u0259kdar artistl\u0259r T\u0259yyar Bayramov (M\u0259cnunun atas\u0131), Cahangir Qurbanov (Nof\u0259l) v\u0259 ba\u015fqalar\u0131 olacaq.\n<\/p>\n<p>\n  Sentyabr\u0131n 24-d\u0259 is\u0259 italyal\u0131 b\u0259st\u0259kar C\u00fczeppe Verdinin \u201cTraviata\u201d operas\u0131n\u0131n tama\u015fas\u0131 t\u0259qdim edil\u0259c\u0259k.\n<\/p>\n<p>\n  Tama\u015fada ba\u015f rolu &#8211; Violetta partiyas\u0131n\u0131 ifa etm\u0259k \u00fc\u00e7\u00fcn pol\u015fal\u0131 m\u00fc\u011f\u0259nni, Vokal\u00e7\u0131lar\u0131n beyn\u0259lxalq m\u00fcsabiq\u0259l\u0259rinin laureat\u0131 \u0130vona Sobotka d\u0259v\u0259t olunub.\n<\/p>\n<p>\n  Onun t\u0259r\u0259f m\u00fcqabili kimi Alfred partiyas\u0131n\u0131 Xalq artisti Samir C\u0259f\u0259rov ifa ed\u0259c\u0259k.\n<\/p>\n<p>\n  Tama\u015fada h\u0259m\u00e7inin Xalq artistl\u0259ri \u018fli \u018fsg\u0259rov (Markiz), \u018fkr\u0259m Poladov (Doktor), \u018fm\u0259kdar artistl\u0259r Cahangir Qurbanov (Jermon), S\u0259bin\u0259 Vahabzad\u0259 (Flora), Tural A\u011fas\u0131yev (Qaston), g\u0259nc solistl\u0259r Nina Makarova (Anina) v\u0259 Mahir Ta\u011f\u0131zad\u0259 (Baron) oynayacaqlar.\n<\/p>\n<p>\n  Opera tama\u015fas\u0131n\u0131 \u018fm\u0259kdar artist \u018fyyub Quliyev idar\u0259 ed\u0259c\u0259k.\n<\/p>\n<p>\n  Tama\u015fa\u00e7\u0131lar Nazirl\u0259r Kabineti yan\u0131nda Operativ Q\u0259rargah\u0131n koronovirusla m\u00fcbariz\u0259y\u0259 qar\u015f\u0131 m\u00fc\u0259yy\u0259n etdiyi qaydalara uy\u011fun olaraq zala burax\u0131lacaqlar.<\/p>\n","protected":false},"excerpt":{"rendered":"<p>Sentyabr\u0131n 24-d\u0259 is\u0259 italyal\u0131 b\u0259st\u0259kar C\u00fczeppe Verdinin \u201cTraviata\u201d operas\u0131n\u0131n tama\u015fas\u0131 t\u0259qdim edil\u0259c\u0259k.<\/p>\n","protected":false},"author":11,"featured_media":210061,"comment_status":"closed","ping_status":"open","sticky":false,"template":"","format":"standard","meta":{"_acf_changed":false,"_sitemap_exclude":false,"_sitemap_priority":"","_sitemap_frequency":"","footnotes":""},"categories":[52],"tags":[],"class_list":["post-212851","post","type-post","status-publish","format-standard","has-post-thumbnail","hentry","category-medeniyyet","infinite-scroll-item","generate-columns","tablet-grid-50","mobile-grid-100","grid-parent","grid-33","no-featured-image-padding"],"acf":[],"yoast_head":"<!-- This site is optimized with the Yoast SEO plugin v27.4 - https:\/\/yoast.com\/product\/yoast-seo-wordpress\/ -->\n<title>Akademik Opera v\u0259 Balet Teatr\u0131nda iki tama\u015fa g\u00f6st\u0259ril\u0259c\u0259k - MEYDAN.TV<\/title>\n<meta name=\"robots\" content=\"index, follow, max-snippet:-1, max-image-preview:large, max-video-preview:-1\" \/>\n<link rel=\"canonical\" href=\"https:\/\/www.meydan.tv\/az\/article\/akademik-opera-ve-balet-teatrinda-iki-tamasa-gosterilecek\/\" \/>\n<meta property=\"og:locale\" content=\"az_AZ\" \/>\n<meta property=\"og:type\" content=\"article\" \/>\n<meta property=\"og:title\" content=\"Akademik Opera v\u0259 Balet Teatr\u0131nda iki tama\u015fa g\u00f6st\u0259ril\u0259c\u0259k - MEYDAN.TV\" \/>\n<meta property=\"og:description\" content=\"Sentyabr\u0131n 24-d\u0259 is\u0259 italyal\u0131 b\u0259st\u0259kar C\u00fczeppe Verdinin \u201cTraviata\u201d operas\u0131n\u0131n tama\u015fas\u0131 t\u0259qdim edil\u0259c\u0259k.\" \/>\n<meta property=\"og:url\" content=\"https:\/\/www.meydan.tv\/az\/article\/akademik-opera-ve-balet-teatrinda-iki-tamasa-gosterilecek\/\" \/>\n<meta property=\"og:site_name\" content=\"MEYDAN.TV\" \/>\n<meta property=\"article:published_time\" content=\"2021-09-15T08:38:35+00:00\" \/>\n<meta property=\"og:image\" content=\"https:\/\/www.meydan.tv\/wp-content\/uploads\/148533405037248461_1000x669.jpg\" \/>\n\t<meta property=\"og:image:width\" content=\"927\" \/>\n\t<meta property=\"og:image:height\" content=\"669\" \/>\n\t<meta property=\"og:image:type\" content=\"image\/jpeg\" \/>\n<meta name=\"author\" content=\"user-manager\" \/>\n<meta name=\"twitter:card\" content=\"summary_large_image\" \/>\n<script type=\"application\/ld+json\" class=\"yoast-schema-graph\">{\"@context\":\"https:\\\/\\\/schema.org\",\"@graph\":[{\"@type\":\"Article\",\"@id\":\"https:\\\/\\\/www.meydan.tv\\\/az\\\/article\\\/akademik-opera-ve-balet-teatrinda-iki-tamasa-gosterilecek\\\/#article\",\"isPartOf\":{\"@id\":\"https:\\\/\\\/www.meydan.tv\\\/az\\\/article\\\/akademik-opera-ve-balet-teatrinda-iki-tamasa-gosterilecek\\\/\"},\"author\":{\"name\":\"user-manager\",\"@id\":\"https:\\\/\\\/www.meydan.tv\\\/az\\\/#\\\/schema\\\/person\\\/10d11eccf6da3662cf5fdab9806ea91a\"},\"headline\":\"Akademik Opera v\u0259 Balet Teatr\u0131nda iki tama\u015fa g\u00f6st\u0259ril\u0259c\u0259k\",\"datePublished\":\"2021-09-15T08:38:35+00:00\",\"mainEntityOfPage\":{\"@id\":\"https:\\\/\\\/www.meydan.tv\\\/az\\\/article\\\/akademik-opera-ve-balet-teatrinda-iki-tamasa-gosterilecek\\\/\"},\"wordCount\":322,\"publisher\":{\"@id\":\"https:\\\/\\\/www.meydan.tv\\\/az\\\/#organization\"},\"image\":{\"@id\":\"https:\\\/\\\/www.meydan.tv\\\/az\\\/article\\\/akademik-opera-ve-balet-teatrinda-iki-tamasa-gosterilecek\\\/#primaryimage\"},\"thumbnailUrl\":\"https:\\\/\\\/www.meydan.tv\\\/wp-content\\\/uploads\\\/148533405037248461_1000x669.jpg\",\"articleSection\":[\"M\u0259d\u0259niyy\u0259t\"],\"inLanguage\":\"az\"},{\"@type\":\"WebPage\",\"@id\":\"https:\\\/\\\/www.meydan.tv\\\/az\\\/article\\\/akademik-opera-ve-balet-teatrinda-iki-tamasa-gosterilecek\\\/\",\"url\":\"https:\\\/\\\/www.meydan.tv\\\/az\\\/article\\\/akademik-opera-ve-balet-teatrinda-iki-tamasa-gosterilecek\\\/\",\"name\":\"Akademik Opera v\u0259 Balet Teatr\u0131nda iki tama\u015fa g\u00f6st\u0259ril\u0259c\u0259k - MEYDAN.TV\",\"isPartOf\":{\"@id\":\"https:\\\/\\\/www.meydan.tv\\\/az\\\/#website\"},\"primaryImageOfPage\":{\"@id\":\"https:\\\/\\\/www.meydan.tv\\\/az\\\/article\\\/akademik-opera-ve-balet-teatrinda-iki-tamasa-gosterilecek\\\/#primaryimage\"},\"image\":{\"@id\":\"https:\\\/\\\/www.meydan.tv\\\/az\\\/article\\\/akademik-opera-ve-balet-teatrinda-iki-tamasa-gosterilecek\\\/#primaryimage\"},\"thumbnailUrl\":\"https:\\\/\\\/www.meydan.tv\\\/wp-content\\\/uploads\\\/148533405037248461_1000x669.jpg\",\"datePublished\":\"2021-09-15T08:38:35+00:00\",\"breadcrumb\":{\"@id\":\"https:\\\/\\\/www.meydan.tv\\\/az\\\/article\\\/akademik-opera-ve-balet-teatrinda-iki-tamasa-gosterilecek\\\/#breadcrumb\"},\"inLanguage\":\"az\",\"potentialAction\":[{\"@type\":\"ReadAction\",\"target\":[\"https:\\\/\\\/www.meydan.tv\\\/az\\\/article\\\/akademik-opera-ve-balet-teatrinda-iki-tamasa-gosterilecek\\\/\"]}]},{\"@type\":\"ImageObject\",\"inLanguage\":\"az\",\"@id\":\"https:\\\/\\\/www.meydan.tv\\\/az\\\/article\\\/akademik-opera-ve-balet-teatrinda-iki-tamasa-gosterilecek\\\/#primaryimage\",\"url\":\"https:\\\/\\\/www.meydan.tv\\\/wp-content\\\/uploads\\\/148533405037248461_1000x669.jpg\",\"contentUrl\":\"https:\\\/\\\/www.meydan.tv\\\/wp-content\\\/uploads\\\/148533405037248461_1000x669.jpg\",\"width\":927,\"height\":669,\"caption\":\"Source: Specify Source\"},{\"@type\":\"BreadcrumbList\",\"@id\":\"https:\\\/\\\/www.meydan.tv\\\/az\\\/article\\\/akademik-opera-ve-balet-teatrinda-iki-tamasa-gosterilecek\\\/#breadcrumb\",\"itemListElement\":[{\"@type\":\"ListItem\",\"position\":1,\"name\":\"Ana s\u0259hif\u0259\",\"item\":\"https:\\\/\\\/www.meydan.tv\\\/az\\\/\"},{\"@type\":\"ListItem\",\"position\":2,\"name\":\"M\u0259d\u0259niyy\u0259t\",\"item\":\"https:\\\/\\\/www.meydan.tv\\\/az\\\/section\\\/medeniyyet\\\/\"},{\"@type\":\"ListItem\",\"position\":3,\"name\":\"Akademik Opera v\u0259 Balet Teatr\u0131nda iki tama\u015fa g\u00f6st\u0259ril\u0259c\u0259k\"}]},{\"@type\":\"WebSite\",\"@id\":\"https:\\\/\\\/www.meydan.tv\\\/az\\\/#website\",\"url\":\"https:\\\/\\\/www.meydan.tv\\\/az\\\/\",\"name\":\"MEYDAN.TV\",\"description\":\"Meydan TV Az\u0259rbaycan\u0131n media m\u0259kan\u0131ndak\u0131 alternativ s\u0259sidir\",\"publisher\":{\"@id\":\"https:\\\/\\\/www.meydan.tv\\\/az\\\/#organization\"},\"potentialAction\":[{\"@type\":\"SearchAction\",\"target\":{\"@type\":\"EntryPoint\",\"urlTemplate\":\"https:\\\/\\\/www.meydan.tv\\\/az\\\/?s={search_term_string}\"},\"query-input\":{\"@type\":\"PropertyValueSpecification\",\"valueRequired\":true,\"valueName\":\"search_term_string\"}}],\"inLanguage\":\"az\"},{\"@type\":\"Organization\",\"@id\":\"https:\\\/\\\/www.meydan.tv\\\/az\\\/#organization\",\"name\":\"Meydan TV\",\"url\":\"https:\\\/\\\/www.meydan.tv\\\/az\\\/\",\"logo\":{\"@type\":\"ImageObject\",\"inLanguage\":\"az\",\"@id\":\"https:\\\/\\\/www.meydan.tv\\\/az\\\/#\\\/schema\\\/logo\\\/image\\\/\",\"url\":\"https:\\\/\\\/www.meydan.tv\\\/wp-content\\\/uploads\\\/2021\\\/07\\\/meydan-logo.svg\",\"contentUrl\":\"https:\\\/\\\/www.meydan.tv\\\/wp-content\\\/uploads\\\/2021\\\/07\\\/meydan-logo.svg\",\"width\":195,\"height\":46,\"caption\":\"Meydan TV\"},\"image\":{\"@id\":\"https:\\\/\\\/www.meydan.tv\\\/az\\\/#\\\/schema\\\/logo\\\/image\\\/\"}},{\"@type\":\"Person\",\"@id\":\"https:\\\/\\\/www.meydan.tv\\\/az\\\/#\\\/schema\\\/person\\\/10d11eccf6da3662cf5fdab9806ea91a\",\"name\":\"user-manager\"}]}<\/script>\n<!-- \/ Yoast SEO plugin. -->","yoast_head_json":{"title":"Akademik Opera v\u0259 Balet Teatr\u0131nda iki tama\u015fa g\u00f6st\u0259ril\u0259c\u0259k - MEYDAN.TV","robots":{"index":"index","follow":"follow","max-snippet":"max-snippet:-1","max-image-preview":"max-image-preview:large","max-video-preview":"max-video-preview:-1"},"canonical":"https:\/\/www.meydan.tv\/az\/article\/akademik-opera-ve-balet-teatrinda-iki-tamasa-gosterilecek\/","og_locale":"az_AZ","og_type":"article","og_title":"Akademik Opera v\u0259 Balet Teatr\u0131nda iki tama\u015fa g\u00f6st\u0259ril\u0259c\u0259k - MEYDAN.TV","og_description":"Sentyabr\u0131n 24-d\u0259 is\u0259 italyal\u0131 b\u0259st\u0259kar C\u00fczeppe Verdinin \u201cTraviata\u201d operas\u0131n\u0131n tama\u015fas\u0131 t\u0259qdim edil\u0259c\u0259k.","og_url":"https:\/\/www.meydan.tv\/az\/article\/akademik-opera-ve-balet-teatrinda-iki-tamasa-gosterilecek\/","og_site_name":"MEYDAN.TV","article_published_time":"2021-09-15T08:38:35+00:00","og_image":[{"width":927,"height":669,"url":"https:\/\/www.meydan.tv\/wp-content\/uploads\/148533405037248461_1000x669.jpg","type":"image\/jpeg"}],"author":"user-manager","twitter_card":"summary_large_image","schema":{"@context":"https:\/\/schema.org","@graph":[{"@type":"Article","@id":"https:\/\/www.meydan.tv\/az\/article\/akademik-opera-ve-balet-teatrinda-iki-tamasa-gosterilecek\/#article","isPartOf":{"@id":"https:\/\/www.meydan.tv\/az\/article\/akademik-opera-ve-balet-teatrinda-iki-tamasa-gosterilecek\/"},"author":{"name":"user-manager","@id":"https:\/\/www.meydan.tv\/az\/#\/schema\/person\/10d11eccf6da3662cf5fdab9806ea91a"},"headline":"Akademik Opera v\u0259 Balet Teatr\u0131nda iki tama\u015fa g\u00f6st\u0259ril\u0259c\u0259k","datePublished":"2021-09-15T08:38:35+00:00","mainEntityOfPage":{"@id":"https:\/\/www.meydan.tv\/az\/article\/akademik-opera-ve-balet-teatrinda-iki-tamasa-gosterilecek\/"},"wordCount":322,"publisher":{"@id":"https:\/\/www.meydan.tv\/az\/#organization"},"image":{"@id":"https:\/\/www.meydan.tv\/az\/article\/akademik-opera-ve-balet-teatrinda-iki-tamasa-gosterilecek\/#primaryimage"},"thumbnailUrl":"https:\/\/www.meydan.tv\/wp-content\/uploads\/148533405037248461_1000x669.jpg","articleSection":["M\u0259d\u0259niyy\u0259t"],"inLanguage":"az"},{"@type":"WebPage","@id":"https:\/\/www.meydan.tv\/az\/article\/akademik-opera-ve-balet-teatrinda-iki-tamasa-gosterilecek\/","url":"https:\/\/www.meydan.tv\/az\/article\/akademik-opera-ve-balet-teatrinda-iki-tamasa-gosterilecek\/","name":"Akademik Opera v\u0259 Balet Teatr\u0131nda iki tama\u015fa g\u00f6st\u0259ril\u0259c\u0259k - MEYDAN.TV","isPartOf":{"@id":"https:\/\/www.meydan.tv\/az\/#website"},"primaryImageOfPage":{"@id":"https:\/\/www.meydan.tv\/az\/article\/akademik-opera-ve-balet-teatrinda-iki-tamasa-gosterilecek\/#primaryimage"},"image":{"@id":"https:\/\/www.meydan.tv\/az\/article\/akademik-opera-ve-balet-teatrinda-iki-tamasa-gosterilecek\/#primaryimage"},"thumbnailUrl":"https:\/\/www.meydan.tv\/wp-content\/uploads\/148533405037248461_1000x669.jpg","datePublished":"2021-09-15T08:38:35+00:00","breadcrumb":{"@id":"https:\/\/www.meydan.tv\/az\/article\/akademik-opera-ve-balet-teatrinda-iki-tamasa-gosterilecek\/#breadcrumb"},"inLanguage":"az","potentialAction":[{"@type":"ReadAction","target":["https:\/\/www.meydan.tv\/az\/article\/akademik-opera-ve-balet-teatrinda-iki-tamasa-gosterilecek\/"]}]},{"@type":"ImageObject","inLanguage":"az","@id":"https:\/\/www.meydan.tv\/az\/article\/akademik-opera-ve-balet-teatrinda-iki-tamasa-gosterilecek\/#primaryimage","url":"https:\/\/www.meydan.tv\/wp-content\/uploads\/148533405037248461_1000x669.jpg","contentUrl":"https:\/\/www.meydan.tv\/wp-content\/uploads\/148533405037248461_1000x669.jpg","width":927,"height":669,"caption":"Source: Specify Source"},{"@type":"BreadcrumbList","@id":"https:\/\/www.meydan.tv\/az\/article\/akademik-opera-ve-balet-teatrinda-iki-tamasa-gosterilecek\/#breadcrumb","itemListElement":[{"@type":"ListItem","position":1,"name":"Ana s\u0259hif\u0259","item":"https:\/\/www.meydan.tv\/az\/"},{"@type":"ListItem","position":2,"name":"M\u0259d\u0259niyy\u0259t","item":"https:\/\/www.meydan.tv\/az\/section\/medeniyyet\/"},{"@type":"ListItem","position":3,"name":"Akademik Opera v\u0259 Balet Teatr\u0131nda iki tama\u015fa g\u00f6st\u0259ril\u0259c\u0259k"}]},{"@type":"WebSite","@id":"https:\/\/www.meydan.tv\/az\/#website","url":"https:\/\/www.meydan.tv\/az\/","name":"MEYDAN.TV","description":"Meydan TV Az\u0259rbaycan\u0131n media m\u0259kan\u0131ndak\u0131 alternativ s\u0259sidir","publisher":{"@id":"https:\/\/www.meydan.tv\/az\/#organization"},"potentialAction":[{"@type":"SearchAction","target":{"@type":"EntryPoint","urlTemplate":"https:\/\/www.meydan.tv\/az\/?s={search_term_string}"},"query-input":{"@type":"PropertyValueSpecification","valueRequired":true,"valueName":"search_term_string"}}],"inLanguage":"az"},{"@type":"Organization","@id":"https:\/\/www.meydan.tv\/az\/#organization","name":"Meydan TV","url":"https:\/\/www.meydan.tv\/az\/","logo":{"@type":"ImageObject","inLanguage":"az","@id":"https:\/\/www.meydan.tv\/az\/#\/schema\/logo\/image\/","url":"https:\/\/www.meydan.tv\/wp-content\/uploads\/2021\/07\/meydan-logo.svg","contentUrl":"https:\/\/www.meydan.tv\/wp-content\/uploads\/2021\/07\/meydan-logo.svg","width":195,"height":46,"caption":"Meydan TV"},"image":{"@id":"https:\/\/www.meydan.tv\/az\/#\/schema\/logo\/image\/"}},{"@type":"Person","@id":"https:\/\/www.meydan.tv\/az\/#\/schema\/person\/10d11eccf6da3662cf5fdab9806ea91a","name":"user-manager"}]}},"_links":{"self":[{"href":"https:\/\/www.meydan.tv\/az\/wp-json\/wp\/v2\/posts\/212851","targetHints":{"allow":["GET"]}}],"collection":[{"href":"https:\/\/www.meydan.tv\/az\/wp-json\/wp\/v2\/posts"}],"about":[{"href":"https:\/\/www.meydan.tv\/az\/wp-json\/wp\/v2\/types\/post"}],"author":[{"embeddable":true,"href":"https:\/\/www.meydan.tv\/az\/wp-json\/wp\/v2\/users\/11"}],"replies":[{"embeddable":true,"href":"https:\/\/www.meydan.tv\/az\/wp-json\/wp\/v2\/comments?post=212851"}],"version-history":[{"count":0,"href":"https:\/\/www.meydan.tv\/az\/wp-json\/wp\/v2\/posts\/212851\/revisions"}],"wp:featuredmedia":[{"embeddable":true,"href":"https:\/\/www.meydan.tv\/az\/wp-json\/wp\/v2\/media\/210061"}],"wp:attachment":[{"href":"https:\/\/www.meydan.tv\/az\/wp-json\/wp\/v2\/media?parent=212851"}],"wp:term":[{"taxonomy":"category","embeddable":true,"href":"https:\/\/www.meydan.tv\/az\/wp-json\/wp\/v2\/categories?post=212851"},{"taxonomy":"post_tag","embeddable":true,"href":"https:\/\/www.meydan.tv\/az\/wp-json\/wp\/v2\/tags?post=212851"}],"curies":[{"name":"wp","href":"https:\/\/api.w.org\/{rel}","templated":true}]}}