{"id":212845,"date":"2021-09-14T14:28:24","date_gmt":"2021-09-14T14:28:24","guid":{"rendered":"https:\/\/www.meydan.tv\/article\/azerbaycanli-jurnalist-almaniyadan-deportasiya-edildi\/"},"modified":"2021-09-14T14:28:24","modified_gmt":"2021-09-14T14:28:24","slug":"azerbaycanli-jurnalist-almaniyadan-deportasiya-edildi","status":"publish","type":"post","link":"https:\/\/www.meydan.tv\/az\/article\/azerbaycanli-jurnalist-almaniyadan-deportasiya-edildi\/","title":{"rendered":"Az\u0259rbaycanl\u0131 jurnalist Almaniyadan deportasiya edildi"},"content":{"rendered":"<p>\n  <i><br \/>\n    Almaniyadak\u0131 yax\u0131nlar\u0131 R\u00f6ya R\u0259fiyevan\u0131n D\u00fcsseldorf \u015f\u0259h\u0259rind\u0259n Bak\u0131ya u\u00e7du\u011funu bildirirl\u0259r<br \/>\n  <\/i>\n<\/p>\n<p>\n  Az\u0259rbaycanl\u0131 jurnalist R\u00f6ya R\u0259fiyeva v\u0259 3 \u00f6vlad\u0131 Almaniyadan deportasiya olunub. S\u0259b\u0259b onlara Almaniyada ya\u015famaq izninin verilm\u0259m\u0259sidir.\n<\/p>\n<p>\n  Bu bar\u0259d\u0259 jurnalist \u00f6z\u00fc \u201cFacebook\u201d s\u0259hif\u0259sind\u0259 yaz\u0131r. O bildirir ki, sentyabr\u0131n 13-d\u0259 gec\u0259 saatlar\u0131nda deportasiya \u00fc\u00e7\u00fcn evin\u0259 g\u0259libl\u0259r:\n<\/p>\n<p>\n  \u201cBizim \u0259limizd\u0259 deportu saxlatmaq \u00fc\u00e7\u00fcn g\u00fccl\u00fc, ciddi h\u0259kim r\u0259yi vard\u0131, baxmad\u0131lar. H\u0259tta ki\u00e7ik u\u015fa\u011f\u0131n atas\u0131 \u018ffqan\u0131stan v\u0259t\u0259nda\u015f\u0131d\u0131r, o, qanunla he\u00e7 bir \u00f6lk\u0259y\u0259 deport oluna bilm\u0259z. H\u0259m\u00e7inin, u\u015fa\u011f\u0131n u\u00e7u\u015f etm\u0259si \u00fc\u00e7\u00fcn m\u00fctl\u0259q atan\u0131n icaz\u0259si olmal\u0131d\u0131r, bunu da sayan yoxdur\u201d.\n<\/p>\n<p>\n  Almaniyadak\u0131 yax\u0131nlar\u0131 R\u00f6ya R\u0259fiyevan\u0131n sentyabr\u0131n 14-d\u0259 D\u00fcsseldorf \u015f\u0259h\u0259rind\u0259n Bak\u0131ya u\u00e7du\u011funu bildirirl\u0259r.\n<\/p>\n<p>\n  R\u00f6ya R\u0259fiyeva 2017-ci il fevral\u0131n sonunda Az\u0259rbaycan\u0131 t\u0259rk edib. Daha \u00f6nc\u0259 verdiyi m\u00fcsahib\u0259l\u0259rind\u0259<br \/>\n  <a href=\"https:\/\/www.meydan.tv\/ru\/article\/teyinat-almaniya\/\"><br \/>\n    bildirir<br \/>\n  <\/a><br \/>\n  ki, s\u0259b\u0259b Az\u0259rbaycandak\u0131 repressiyalard\u0131r:\n<\/p>\n<p>\n  \u201cArt\u0131q \u201cFacebook\u201d-da bel\u0259 n\u0259s\u0259 t\u0259nqidi bir payla\u015f\u0131m etm\u0259k m\u00fcmk\u00fcn deyildi. Bir \u00e7ox dostumun \u00f6lk\u0259d\u0259n \u00e7\u0131x\u0131\u015f\u0131na qada\u011fa qoyulmu\u015fdu. H\u0259bs haqq\u0131nda d\u00fc\u015f\u00fcnm\u00fcrd\u00fcm, \u00e7\u00fcnki \u00e7ox nadir hallarda qad\u0131nlar\u0131 h\u0259bs edirl\u0259r. Ancaq bilirdim ki, \u00f6lk\u0259d\u0259n \u00e7\u0131x\u0131\u015f\u0131ma qada\u011fa qoyula, yaxud i\u015fimi itir\u0259 bil\u0259r\u0259m\u201d.\n<\/p>\n<p>\n  R\u00f6ya R\u0259fiyeva Az\u0259rbaycanda ya\u015fayark\u0259n \u201cYeni M\u00fcsavat\u201d, ANS v\u0259 \u201cKanal 13\u201d-d\u0259 \u00e7al\u0131\u015f\u0131b. O, Az\u0259rbaycandan ged\u0259nd\u0259n bir ne\u00e7\u0259 ay sonra, 2017-ci ilin may\u0131nda \u201cKanal-13\u201d-\u00fcn redaktoru h\u0259bs edilib. Eyni zamanda, kanala qar\u015f\u0131 cinay\u0259t i\u015fi a\u00e7\u0131l\u0131b v\u0259 kanal qapad\u0131l\u0131b.<\/p>\n","protected":false},"excerpt":{"rendered":"<p>\u201cBizim \u0259limizd\u0259 deportu saxlatmaq \u00fc\u00e7\u00fcn g\u00fccl\u00fc, ciddi h\u0259kim r\u0259yi vard\u0131, baxmad\u0131lar&#8221;<\/p>\n","protected":false},"author":11,"featured_media":82477,"comment_status":"closed","ping_status":"open","sticky":false,"template":"","format":"standard","meta":{"_acf_changed":false,"_sitemap_exclude":false,"_sitemap_priority":"","_sitemap_frequency":"","footnotes":""},"categories":[59],"tags":[],"class_list":["post-212845","post","type-post","status-publish","format-standard","has-post-thumbnail","hentry","category-siyaset","infinite-scroll-item","generate-columns","tablet-grid-50","mobile-grid-100","grid-parent","grid-33","no-featured-image-padding"],"acf":[],"yoast_head":"<!-- This site is optimized with the Yoast SEO plugin v27.5 - https:\/\/yoast.com\/product\/yoast-seo-wordpress\/ -->\n<title>Az\u0259rbaycanl\u0131 jurnalist Almaniyadan deportasiya edildi - MEYDAN.TV<\/title>\n<meta name=\"robots\" content=\"index, follow, max-snippet:-1, max-image-preview:large, max-video-preview:-1\" \/>\n<link rel=\"canonical\" href=\"https:\/\/www.meydan.tv\/az\/article\/azerbaycanli-jurnalist-almaniyadan-deportasiya-edildi\/\" \/>\n<meta property=\"og:locale\" content=\"az_AZ\" \/>\n<meta property=\"og:type\" content=\"article\" \/>\n<meta property=\"og:title\" content=\"Az\u0259rbaycanl\u0131 jurnalist Almaniyadan deportasiya edildi - MEYDAN.TV\" \/>\n<meta property=\"og:description\" content=\"\u201cBizim \u0259limizd\u0259 deportu saxlatmaq \u00fc\u00e7\u00fcn g\u00fccl\u00fc, ciddi h\u0259kim r\u0259yi vard\u0131, baxmad\u0131lar&quot;\" \/>\n<meta property=\"og:url\" content=\"https:\/\/www.meydan.tv\/az\/article\/azerbaycanli-jurnalist-almaniyadan-deportasiya-edildi\/\" \/>\n<meta property=\"og:site_name\" content=\"MEYDAN.TV\" \/>\n<meta property=\"article:published_time\" content=\"2021-09-14T14:28:24+00:00\" \/>\n<meta property=\"og:image\" content=\"https:\/\/www.meydan.tv\/wp-content\/uploads\/32317.jpg\" \/>\n\t<meta property=\"og:image:width\" content=\"720\" \/>\n\t<meta property=\"og:image:height\" content=\"405\" \/>\n\t<meta property=\"og:image:type\" content=\"image\/jpeg\" \/>\n<meta name=\"author\" content=\"user-manager\" \/>\n<meta name=\"twitter:card\" content=\"summary_large_image\" \/>\n<script type=\"application\/ld+json\" class=\"yoast-schema-graph\">{\"@context\":\"https:\\\/\\\/schema.org\",\"@graph\":[{\"@type\":\"Article\",\"@id\":\"https:\\\/\\\/www.meydan.tv\\\/az\\\/article\\\/azerbaycanli-jurnalist-almaniyadan-deportasiya-edildi\\\/#article\",\"isPartOf\":{\"@id\":\"https:\\\/\\\/www.meydan.tv\\\/az\\\/article\\\/azerbaycanli-jurnalist-almaniyadan-deportasiya-edildi\\\/\"},\"author\":{\"name\":\"user-manager\",\"@id\":\"https:\\\/\\\/www.meydan.tv\\\/az\\\/#\\\/schema\\\/person\\\/10d11eccf6da3662cf5fdab9806ea91a\"},\"headline\":\"Az\u0259rbaycanl\u0131 jurnalist Almaniyadan deportasiya edildi\",\"datePublished\":\"2021-09-14T14:28:24+00:00\",\"mainEntityOfPage\":{\"@id\":\"https:\\\/\\\/www.meydan.tv\\\/az\\\/article\\\/azerbaycanli-jurnalist-almaniyadan-deportasiya-edildi\\\/\"},\"wordCount\":314,\"publisher\":{\"@id\":\"https:\\\/\\\/www.meydan.tv\\\/az\\\/#organization\"},\"image\":{\"@id\":\"https:\\\/\\\/www.meydan.tv\\\/az\\\/article\\\/azerbaycanli-jurnalist-almaniyadan-deportasiya-edildi\\\/#primaryimage\"},\"thumbnailUrl\":\"https:\\\/\\\/www.meydan.tv\\\/wp-content\\\/uploads\\\/32317.jpg\",\"articleSection\":[\"Siyas\u0259t\"],\"inLanguage\":\"az\"},{\"@type\":\"WebPage\",\"@id\":\"https:\\\/\\\/www.meydan.tv\\\/az\\\/article\\\/azerbaycanli-jurnalist-almaniyadan-deportasiya-edildi\\\/\",\"url\":\"https:\\\/\\\/www.meydan.tv\\\/az\\\/article\\\/azerbaycanli-jurnalist-almaniyadan-deportasiya-edildi\\\/\",\"name\":\"Az\u0259rbaycanl\u0131 jurnalist Almaniyadan deportasiya edildi - MEYDAN.TV\",\"isPartOf\":{\"@id\":\"https:\\\/\\\/www.meydan.tv\\\/az\\\/#website\"},\"primaryImageOfPage\":{\"@id\":\"https:\\\/\\\/www.meydan.tv\\\/az\\\/article\\\/azerbaycanli-jurnalist-almaniyadan-deportasiya-edildi\\\/#primaryimage\"},\"image\":{\"@id\":\"https:\\\/\\\/www.meydan.tv\\\/az\\\/article\\\/azerbaycanli-jurnalist-almaniyadan-deportasiya-edildi\\\/#primaryimage\"},\"thumbnailUrl\":\"https:\\\/\\\/www.meydan.tv\\\/wp-content\\\/uploads\\\/32317.jpg\",\"datePublished\":\"2021-09-14T14:28:24+00:00\",\"breadcrumb\":{\"@id\":\"https:\\\/\\\/www.meydan.tv\\\/az\\\/article\\\/azerbaycanli-jurnalist-almaniyadan-deportasiya-edildi\\\/#breadcrumb\"},\"inLanguage\":\"az\",\"potentialAction\":[{\"@type\":\"ReadAction\",\"target\":[\"https:\\\/\\\/www.meydan.tv\\\/az\\\/article\\\/azerbaycanli-jurnalist-almaniyadan-deportasiya-edildi\\\/\"]}]},{\"@type\":\"ImageObject\",\"inLanguage\":\"az\",\"@id\":\"https:\\\/\\\/www.meydan.tv\\\/az\\\/article\\\/azerbaycanli-jurnalist-almaniyadan-deportasiya-edildi\\\/#primaryimage\",\"url\":\"https:\\\/\\\/www.meydan.tv\\\/wp-content\\\/uploads\\\/32317.jpg\",\"contentUrl\":\"https:\\\/\\\/www.meydan.tv\\\/wp-content\\\/uploads\\\/32317.jpg\",\"width\":720,\"height\":405,\"caption\":\"Foto: R\u00f6ya R\u0259fiyevan\u0131n \u015f\u0259xsi arxivi\"},{\"@type\":\"BreadcrumbList\",\"@id\":\"https:\\\/\\\/www.meydan.tv\\\/az\\\/article\\\/azerbaycanli-jurnalist-almaniyadan-deportasiya-edildi\\\/#breadcrumb\",\"itemListElement\":[{\"@type\":\"ListItem\",\"position\":1,\"name\":\"Ana s\u0259hif\u0259\",\"item\":\"https:\\\/\\\/www.meydan.tv\\\/az\\\/\"},{\"@type\":\"ListItem\",\"position\":2,\"name\":\"Siyas\u0259t\",\"item\":\"https:\\\/\\\/www.meydan.tv\\\/az\\\/section\\\/siyaset\\\/\"},{\"@type\":\"ListItem\",\"position\":3,\"name\":\"Az\u0259rbaycanl\u0131 jurnalist Almaniyadan deportasiya edildi\"}]},{\"@type\":\"WebSite\",\"@id\":\"https:\\\/\\\/www.meydan.tv\\\/az\\\/#website\",\"url\":\"https:\\\/\\\/www.meydan.tv\\\/az\\\/\",\"name\":\"MEYDAN.TV\",\"description\":\"Meydan TV Az\u0259rbaycan\u0131n media m\u0259kan\u0131ndak\u0131 alternativ s\u0259sidir\",\"publisher\":{\"@id\":\"https:\\\/\\\/www.meydan.tv\\\/az\\\/#organization\"},\"potentialAction\":[{\"@type\":\"SearchAction\",\"target\":{\"@type\":\"EntryPoint\",\"urlTemplate\":\"https:\\\/\\\/www.meydan.tv\\\/az\\\/?s={search_term_string}\"},\"query-input\":{\"@type\":\"PropertyValueSpecification\",\"valueRequired\":true,\"valueName\":\"search_term_string\"}}],\"inLanguage\":\"az\"},{\"@type\":\"Organization\",\"@id\":\"https:\\\/\\\/www.meydan.tv\\\/az\\\/#organization\",\"name\":\"Meydan TV\",\"url\":\"https:\\\/\\\/www.meydan.tv\\\/az\\\/\",\"logo\":{\"@type\":\"ImageObject\",\"inLanguage\":\"az\",\"@id\":\"https:\\\/\\\/www.meydan.tv\\\/az\\\/#\\\/schema\\\/logo\\\/image\\\/\",\"url\":\"https:\\\/\\\/www.meydan.tv\\\/wp-content\\\/uploads\\\/2021\\\/07\\\/meydan-logo.svg\",\"contentUrl\":\"https:\\\/\\\/www.meydan.tv\\\/wp-content\\\/uploads\\\/2021\\\/07\\\/meydan-logo.svg\",\"width\":195,\"height\":46,\"caption\":\"Meydan TV\"},\"image\":{\"@id\":\"https:\\\/\\\/www.meydan.tv\\\/az\\\/#\\\/schema\\\/logo\\\/image\\\/\"}},{\"@type\":\"Person\",\"@id\":\"https:\\\/\\\/www.meydan.tv\\\/az\\\/#\\\/schema\\\/person\\\/10d11eccf6da3662cf5fdab9806ea91a\",\"name\":\"user-manager\"}]}<\/script>\n<!-- \/ Yoast SEO plugin. -->","yoast_head_json":{"title":"Az\u0259rbaycanl\u0131 jurnalist Almaniyadan deportasiya edildi - MEYDAN.TV","robots":{"index":"index","follow":"follow","max-snippet":"max-snippet:-1","max-image-preview":"max-image-preview:large","max-video-preview":"max-video-preview:-1"},"canonical":"https:\/\/www.meydan.tv\/az\/article\/azerbaycanli-jurnalist-almaniyadan-deportasiya-edildi\/","og_locale":"az_AZ","og_type":"article","og_title":"Az\u0259rbaycanl\u0131 jurnalist Almaniyadan deportasiya edildi - MEYDAN.TV","og_description":"\u201cBizim \u0259limizd\u0259 deportu saxlatmaq \u00fc\u00e7\u00fcn g\u00fccl\u00fc, ciddi h\u0259kim r\u0259yi vard\u0131, baxmad\u0131lar\"","og_url":"https:\/\/www.meydan.tv\/az\/article\/azerbaycanli-jurnalist-almaniyadan-deportasiya-edildi\/","og_site_name":"MEYDAN.TV","article_published_time":"2021-09-14T14:28:24+00:00","og_image":[{"width":720,"height":405,"url":"https:\/\/www.meydan.tv\/wp-content\/uploads\/32317.jpg","type":"image\/jpeg"}],"author":"user-manager","twitter_card":"summary_large_image","schema":{"@context":"https:\/\/schema.org","@graph":[{"@type":"Article","@id":"https:\/\/www.meydan.tv\/az\/article\/azerbaycanli-jurnalist-almaniyadan-deportasiya-edildi\/#article","isPartOf":{"@id":"https:\/\/www.meydan.tv\/az\/article\/azerbaycanli-jurnalist-almaniyadan-deportasiya-edildi\/"},"author":{"name":"user-manager","@id":"https:\/\/www.meydan.tv\/az\/#\/schema\/person\/10d11eccf6da3662cf5fdab9806ea91a"},"headline":"Az\u0259rbaycanl\u0131 jurnalist Almaniyadan deportasiya edildi","datePublished":"2021-09-14T14:28:24+00:00","mainEntityOfPage":{"@id":"https:\/\/www.meydan.tv\/az\/article\/azerbaycanli-jurnalist-almaniyadan-deportasiya-edildi\/"},"wordCount":314,"publisher":{"@id":"https:\/\/www.meydan.tv\/az\/#organization"},"image":{"@id":"https:\/\/www.meydan.tv\/az\/article\/azerbaycanli-jurnalist-almaniyadan-deportasiya-edildi\/#primaryimage"},"thumbnailUrl":"https:\/\/www.meydan.tv\/wp-content\/uploads\/32317.jpg","articleSection":["Siyas\u0259t"],"inLanguage":"az"},{"@type":"WebPage","@id":"https:\/\/www.meydan.tv\/az\/article\/azerbaycanli-jurnalist-almaniyadan-deportasiya-edildi\/","url":"https:\/\/www.meydan.tv\/az\/article\/azerbaycanli-jurnalist-almaniyadan-deportasiya-edildi\/","name":"Az\u0259rbaycanl\u0131 jurnalist Almaniyadan deportasiya edildi - MEYDAN.TV","isPartOf":{"@id":"https:\/\/www.meydan.tv\/az\/#website"},"primaryImageOfPage":{"@id":"https:\/\/www.meydan.tv\/az\/article\/azerbaycanli-jurnalist-almaniyadan-deportasiya-edildi\/#primaryimage"},"image":{"@id":"https:\/\/www.meydan.tv\/az\/article\/azerbaycanli-jurnalist-almaniyadan-deportasiya-edildi\/#primaryimage"},"thumbnailUrl":"https:\/\/www.meydan.tv\/wp-content\/uploads\/32317.jpg","datePublished":"2021-09-14T14:28:24+00:00","breadcrumb":{"@id":"https:\/\/www.meydan.tv\/az\/article\/azerbaycanli-jurnalist-almaniyadan-deportasiya-edildi\/#breadcrumb"},"inLanguage":"az","potentialAction":[{"@type":"ReadAction","target":["https:\/\/www.meydan.tv\/az\/article\/azerbaycanli-jurnalist-almaniyadan-deportasiya-edildi\/"]}]},{"@type":"ImageObject","inLanguage":"az","@id":"https:\/\/www.meydan.tv\/az\/article\/azerbaycanli-jurnalist-almaniyadan-deportasiya-edildi\/#primaryimage","url":"https:\/\/www.meydan.tv\/wp-content\/uploads\/32317.jpg","contentUrl":"https:\/\/www.meydan.tv\/wp-content\/uploads\/32317.jpg","width":720,"height":405,"caption":"Foto: R\u00f6ya R\u0259fiyevan\u0131n \u015f\u0259xsi arxivi"},{"@type":"BreadcrumbList","@id":"https:\/\/www.meydan.tv\/az\/article\/azerbaycanli-jurnalist-almaniyadan-deportasiya-edildi\/#breadcrumb","itemListElement":[{"@type":"ListItem","position":1,"name":"Ana s\u0259hif\u0259","item":"https:\/\/www.meydan.tv\/az\/"},{"@type":"ListItem","position":2,"name":"Siyas\u0259t","item":"https:\/\/www.meydan.tv\/az\/section\/siyaset\/"},{"@type":"ListItem","position":3,"name":"Az\u0259rbaycanl\u0131 jurnalist Almaniyadan deportasiya edildi"}]},{"@type":"WebSite","@id":"https:\/\/www.meydan.tv\/az\/#website","url":"https:\/\/www.meydan.tv\/az\/","name":"MEYDAN.TV","description":"Meydan TV Az\u0259rbaycan\u0131n media m\u0259kan\u0131ndak\u0131 alternativ s\u0259sidir","publisher":{"@id":"https:\/\/www.meydan.tv\/az\/#organization"},"potentialAction":[{"@type":"SearchAction","target":{"@type":"EntryPoint","urlTemplate":"https:\/\/www.meydan.tv\/az\/?s={search_term_string}"},"query-input":{"@type":"PropertyValueSpecification","valueRequired":true,"valueName":"search_term_string"}}],"inLanguage":"az"},{"@type":"Organization","@id":"https:\/\/www.meydan.tv\/az\/#organization","name":"Meydan TV","url":"https:\/\/www.meydan.tv\/az\/","logo":{"@type":"ImageObject","inLanguage":"az","@id":"https:\/\/www.meydan.tv\/az\/#\/schema\/logo\/image\/","url":"https:\/\/www.meydan.tv\/wp-content\/uploads\/2021\/07\/meydan-logo.svg","contentUrl":"https:\/\/www.meydan.tv\/wp-content\/uploads\/2021\/07\/meydan-logo.svg","width":195,"height":46,"caption":"Meydan TV"},"image":{"@id":"https:\/\/www.meydan.tv\/az\/#\/schema\/logo\/image\/"}},{"@type":"Person","@id":"https:\/\/www.meydan.tv\/az\/#\/schema\/person\/10d11eccf6da3662cf5fdab9806ea91a","name":"user-manager"}]}},"_links":{"self":[{"href":"https:\/\/www.meydan.tv\/az\/wp-json\/wp\/v2\/posts\/212845","targetHints":{"allow":["GET"]}}],"collection":[{"href":"https:\/\/www.meydan.tv\/az\/wp-json\/wp\/v2\/posts"}],"about":[{"href":"https:\/\/www.meydan.tv\/az\/wp-json\/wp\/v2\/types\/post"}],"author":[{"embeddable":true,"href":"https:\/\/www.meydan.tv\/az\/wp-json\/wp\/v2\/users\/11"}],"replies":[{"embeddable":true,"href":"https:\/\/www.meydan.tv\/az\/wp-json\/wp\/v2\/comments?post=212845"}],"version-history":[{"count":0,"href":"https:\/\/www.meydan.tv\/az\/wp-json\/wp\/v2\/posts\/212845\/revisions"}],"wp:featuredmedia":[{"embeddable":true,"href":"https:\/\/www.meydan.tv\/az\/wp-json\/wp\/v2\/media\/82477"}],"wp:attachment":[{"href":"https:\/\/www.meydan.tv\/az\/wp-json\/wp\/v2\/media?parent=212845"}],"wp:term":[{"taxonomy":"category","embeddable":true,"href":"https:\/\/www.meydan.tv\/az\/wp-json\/wp\/v2\/categories?post=212845"},{"taxonomy":"post_tag","embeddable":true,"href":"https:\/\/www.meydan.tv\/az\/wp-json\/wp\/v2\/tags?post=212845"}],"curies":[{"name":"wp","href":"https:\/\/api.w.org\/{rel}","templated":true}]}}