{"id":212839,"date":"2021-09-14T12:06:06","date_gmt":"2021-09-14T12:06:06","guid":{"rendered":"https:\/\/www.meydan.tv\/article\/uzeyir-hacibeyli-xiii-beynelxalq-musiqi-festivali-baslayir\/"},"modified":"2021-09-14T12:06:06","modified_gmt":"2021-09-14T12:06:06","slug":"uzeyir-hacibeyli-xiii-beynelxalq-musiqi-festivali-baslayir","status":"publish","type":"post","link":"https:\/\/www.meydan.tv\/az\/article\/uzeyir-hacibeyli-xiii-beynelxalq-musiqi-festivali-baslayir\/","title":{"rendered":"\u00dczeyir Hac\u0131b\u0259yli XIII Beyn\u0259lxalq Musiqi Festival\u0131 ba\u015flay\u0131r"},"content":{"rendered":"<p>\n  <i><br \/>\n    Festival \u00e7\u0259r\u00e7iv\u0259sind\u0259 ke\u00e7iril\u0259n t\u0259dbirl\u0259r\u0259 yaln\u0131z COV\u0130D pasportu il\u0259 giri\u015f m\u00fcmk\u00fcn olacaq<br \/>\n  <\/i>\n<\/p>\n<p>\n  Sentyabr\u0131n 18-d\u0259 Az\u0259rbaycanda \u0259n\u0259n\u0259vi \u00dczeyir Hac\u0131b\u0259yli Beyn\u0259lxalq Musiqi Festival\u0131 ba\u015flay\u0131r.\n<\/p>\n<p>\n  \u018fsas\u0259n Bak\u0131da t\u0259\u015fkil olunacaq festival proqram\u0131nda Az\u0259rbaycan\u0131n b\u0259dii kollektivl\u0259ri, solistl\u0259ri il\u0259 yana\u015f\u0131, AB\u015e v\u0259 Pol\u015fadan d\u0259v\u0259t olunmu\u015f musiqi\u00e7il\u0259rin d\u0259 \u00e7\u0131x\u0131\u015flar\u0131 yer<br \/>\n  <a href=\"http:\/\/mct.gov.az\/az\/umumi-xeberler\/13711\"><br \/>\n    alacaq<br \/>\n  <\/a><br \/>\n  .\n<\/p>\n<p>\n  Festival \u00e7\u0259r\u00e7iv\u0259sind\u0259 t\u0259\u015fkil olunacaq konsertl\u0259rd\u0259n biri \u015eu\u015fada ke\u00e7iril\u0259c\u0259k. Sentyabr\u0131n 18-d\u0259 \u00dczeyir musiqi g\u00fcn\u00fcnd\u0259 Xalq artisti A\u011faverdi Pa\u015fayevin r\u0259hb\u0259rliyi alt\u0131nda Fikr\u0259t \u018fmirov ad\u0131na Az\u0259rbaycan D\u00f6vl\u0259t Mahn\u0131 v\u0259 R\u0259qs Ansambl\u0131 v\u0259 tan\u0131nm\u0131\u015f solistl\u0259rin i\u015ftirak\u0131 il\u0259 \u015eu\u015fada a\u00e7\u0131q havada konsert t\u0259\u015fkil olunacaq.\n<\/p>\n<p>\n  Eyni zamanda, sayca XIII olan bu festival\u0131n proqram\u0131nda G\u0259nc\u0259 v\u0259 A\u011fdamda t\u0259dbirl\u0259rin t\u0259\u015fkili planla\u015fd\u0131r\u0131l\u0131b. Builki festival \u00e7\u0259r\u00e7iv\u0259sind\u0259 h\u0259m\u00e7inin ilk d\u0259f\u0259 olaraq \u201c\u00dczeyir s\u0259n\u0259tinin g\u0259nclik s\u0259dalar\u0131\u201d ad\u0131 alt\u0131nda yeni proqrama start veril\u0259c\u0259k v\u0259 g\u0259ncl\u0259r\u0259 b\u00f6y\u00fck s\u0259hn\u0259d\u0259 \u00f6zl\u0259rini n\u00fcmayi\u015f etdirm\u0259y\u0259 \u015fans yarad\u0131lacaq.\n<\/p>\n<p>\n  M\u00f6vcud pandemiya \u015f\u0259raiti il\u0259 \u0259laq\u0259dar t\u0259dbirl\u0259r\u0259 yaln\u0131z x\u00fcsusi d\u0259v\u0259tnam\u0259l\u0259r v\u0259 COV\u0130D pasportu il\u0259 giri\u015f m\u00fcmk\u00fcn olacaq.\n<\/p>\n<p>\n  Festival sentyabr\u0131n 24-d\u0259k davam ed\u0259c\u0259k.<\/p>\n","protected":false},"excerpt":{"rendered":"<p>Festival \u00e7\u0259r\u00e7iv\u0259sind\u0259 ke\u00e7iril\u0259n t\u0259dbirl\u0259r\u0259 yaln\u0131z COV\u0130D pasportu il\u0259 giri\u015f m\u00fcmk\u00fcn olacaq<\/p>\n","protected":false},"author":11,"featured_media":210043,"comment_status":"closed","ping_status":"open","sticky":false,"template":"","format":"standard","meta":{"_acf_changed":false,"_sitemap_exclude":false,"_sitemap_priority":"","_sitemap_frequency":"","footnotes":""},"categories":[52],"tags":[],"class_list":["post-212839","post","type-post","status-publish","format-standard","has-post-thumbnail","hentry","category-medeniyyet","infinite-scroll-item","generate-columns","tablet-grid-50","mobile-grid-100","grid-parent","grid-33","no-featured-image-padding"],"acf":[],"yoast_head":"<!-- This site is optimized with the Yoast SEO plugin v27.4 - https:\/\/yoast.com\/product\/yoast-seo-wordpress\/ -->\n<title>\u00dczeyir Hac\u0131b\u0259yli XIII Beyn\u0259lxalq Musiqi Festival\u0131 ba\u015flay\u0131r - MEYDAN.TV<\/title>\n<meta name=\"robots\" content=\"index, follow, max-snippet:-1, max-image-preview:large, max-video-preview:-1\" \/>\n<link rel=\"canonical\" href=\"https:\/\/www.meydan.tv\/az\/article\/uzeyir-hacibeyli-xiii-beynelxalq-musiqi-festivali-baslayir\/\" \/>\n<meta property=\"og:locale\" content=\"az_AZ\" \/>\n<meta property=\"og:type\" content=\"article\" \/>\n<meta property=\"og:title\" content=\"\u00dczeyir Hac\u0131b\u0259yli XIII Beyn\u0259lxalq Musiqi Festival\u0131 ba\u015flay\u0131r - MEYDAN.TV\" \/>\n<meta property=\"og:description\" content=\"Festival \u00e7\u0259r\u00e7iv\u0259sind\u0259 ke\u00e7iril\u0259n t\u0259dbirl\u0259r\u0259 yaln\u0131z COV\u0130D pasportu il\u0259 giri\u015f m\u00fcmk\u00fcn olacaq\" \/>\n<meta property=\"og:url\" content=\"https:\/\/www.meydan.tv\/az\/article\/uzeyir-hacibeyli-xiii-beynelxalq-musiqi-festivali-baslayir\/\" \/>\n<meta property=\"og:site_name\" content=\"MEYDAN.TV\" \/>\n<meta property=\"article:published_time\" content=\"2021-09-14T12:06:06+00:00\" \/>\n<meta property=\"og:image\" content=\"https:\/\/www.meydan.tv\/wp-content\/uploads\/uzeyir_bey.png\" \/>\n\t<meta property=\"og:image:width\" content=\"1024\" \/>\n\t<meta property=\"og:image:height\" content=\"648\" \/>\n\t<meta property=\"og:image:type\" content=\"image\/png\" \/>\n<meta name=\"author\" content=\"user-manager\" \/>\n<meta name=\"twitter:card\" content=\"summary_large_image\" \/>\n<script type=\"application\/ld+json\" class=\"yoast-schema-graph\">{\"@context\":\"https:\\\/\\\/schema.org\",\"@graph\":[{\"@type\":\"Article\",\"@id\":\"https:\\\/\\\/www.meydan.tv\\\/az\\\/article\\\/uzeyir-hacibeyli-xiii-beynelxalq-musiqi-festivali-baslayir\\\/#article\",\"isPartOf\":{\"@id\":\"https:\\\/\\\/www.meydan.tv\\\/az\\\/article\\\/uzeyir-hacibeyli-xiii-beynelxalq-musiqi-festivali-baslayir\\\/\"},\"author\":{\"name\":\"user-manager\",\"@id\":\"https:\\\/\\\/www.meydan.tv\\\/az\\\/#\\\/schema\\\/person\\\/10d11eccf6da3662cf5fdab9806ea91a\"},\"headline\":\"\u00dczeyir Hac\u0131b\u0259yli XIII Beyn\u0259lxalq Musiqi Festival\u0131 ba\u015flay\u0131r\",\"datePublished\":\"2021-09-14T12:06:06+00:00\",\"mainEntityOfPage\":{\"@id\":\"https:\\\/\\\/www.meydan.tv\\\/az\\\/article\\\/uzeyir-hacibeyli-xiii-beynelxalq-musiqi-festivali-baslayir\\\/\"},\"wordCount\":268,\"publisher\":{\"@id\":\"https:\\\/\\\/www.meydan.tv\\\/az\\\/#organization\"},\"image\":{\"@id\":\"https:\\\/\\\/www.meydan.tv\\\/az\\\/article\\\/uzeyir-hacibeyli-xiii-beynelxalq-musiqi-festivali-baslayir\\\/#primaryimage\"},\"thumbnailUrl\":\"https:\\\/\\\/www.meydan.tv\\\/wp-content\\\/uploads\\\/uzeyir_bey.png\",\"articleSection\":[\"M\u0259d\u0259niyy\u0259t\"],\"inLanguage\":\"az\"},{\"@type\":\"WebPage\",\"@id\":\"https:\\\/\\\/www.meydan.tv\\\/az\\\/article\\\/uzeyir-hacibeyli-xiii-beynelxalq-musiqi-festivali-baslayir\\\/\",\"url\":\"https:\\\/\\\/www.meydan.tv\\\/az\\\/article\\\/uzeyir-hacibeyli-xiii-beynelxalq-musiqi-festivali-baslayir\\\/\",\"name\":\"\u00dczeyir Hac\u0131b\u0259yli XIII Beyn\u0259lxalq Musiqi Festival\u0131 ba\u015flay\u0131r - MEYDAN.TV\",\"isPartOf\":{\"@id\":\"https:\\\/\\\/www.meydan.tv\\\/az\\\/#website\"},\"primaryImageOfPage\":{\"@id\":\"https:\\\/\\\/www.meydan.tv\\\/az\\\/article\\\/uzeyir-hacibeyli-xiii-beynelxalq-musiqi-festivali-baslayir\\\/#primaryimage\"},\"image\":{\"@id\":\"https:\\\/\\\/www.meydan.tv\\\/az\\\/article\\\/uzeyir-hacibeyli-xiii-beynelxalq-musiqi-festivali-baslayir\\\/#primaryimage\"},\"thumbnailUrl\":\"https:\\\/\\\/www.meydan.tv\\\/wp-content\\\/uploads\\\/uzeyir_bey.png\",\"datePublished\":\"2021-09-14T12:06:06+00:00\",\"breadcrumb\":{\"@id\":\"https:\\\/\\\/www.meydan.tv\\\/az\\\/article\\\/uzeyir-hacibeyli-xiii-beynelxalq-musiqi-festivali-baslayir\\\/#breadcrumb\"},\"inLanguage\":\"az\",\"potentialAction\":[{\"@type\":\"ReadAction\",\"target\":[\"https:\\\/\\\/www.meydan.tv\\\/az\\\/article\\\/uzeyir-hacibeyli-xiii-beynelxalq-musiqi-festivali-baslayir\\\/\"]}]},{\"@type\":\"ImageObject\",\"inLanguage\":\"az\",\"@id\":\"https:\\\/\\\/www.meydan.tv\\\/az\\\/article\\\/uzeyir-hacibeyli-xiii-beynelxalq-musiqi-festivali-baslayir\\\/#primaryimage\",\"url\":\"https:\\\/\\\/www.meydan.tv\\\/wp-content\\\/uploads\\\/uzeyir_bey.png\",\"contentUrl\":\"https:\\\/\\\/www.meydan.tv\\\/wp-content\\\/uploads\\\/uzeyir_bey.png\",\"width\":1024,\"height\":648,\"caption\":\"Source: M\u0259d\u0259niyy\u0259t Nazirliyinin sayt\u0131\"},{\"@type\":\"BreadcrumbList\",\"@id\":\"https:\\\/\\\/www.meydan.tv\\\/az\\\/article\\\/uzeyir-hacibeyli-xiii-beynelxalq-musiqi-festivali-baslayir\\\/#breadcrumb\",\"itemListElement\":[{\"@type\":\"ListItem\",\"position\":1,\"name\":\"Ana s\u0259hif\u0259\",\"item\":\"https:\\\/\\\/www.meydan.tv\\\/az\\\/\"},{\"@type\":\"ListItem\",\"position\":2,\"name\":\"M\u0259d\u0259niyy\u0259t\",\"item\":\"https:\\\/\\\/www.meydan.tv\\\/az\\\/section\\\/medeniyyet\\\/\"},{\"@type\":\"ListItem\",\"position\":3,\"name\":\"\u00dczeyir Hac\u0131b\u0259yli XIII Beyn\u0259lxalq Musiqi Festival\u0131 ba\u015flay\u0131r\"}]},{\"@type\":\"WebSite\",\"@id\":\"https:\\\/\\\/www.meydan.tv\\\/az\\\/#website\",\"url\":\"https:\\\/\\\/www.meydan.tv\\\/az\\\/\",\"name\":\"MEYDAN.TV\",\"description\":\"Meydan TV Az\u0259rbaycan\u0131n media m\u0259kan\u0131ndak\u0131 alternativ s\u0259sidir\",\"publisher\":{\"@id\":\"https:\\\/\\\/www.meydan.tv\\\/az\\\/#organization\"},\"potentialAction\":[{\"@type\":\"SearchAction\",\"target\":{\"@type\":\"EntryPoint\",\"urlTemplate\":\"https:\\\/\\\/www.meydan.tv\\\/az\\\/?s={search_term_string}\"},\"query-input\":{\"@type\":\"PropertyValueSpecification\",\"valueRequired\":true,\"valueName\":\"search_term_string\"}}],\"inLanguage\":\"az\"},{\"@type\":\"Organization\",\"@id\":\"https:\\\/\\\/www.meydan.tv\\\/az\\\/#organization\",\"name\":\"Meydan TV\",\"url\":\"https:\\\/\\\/www.meydan.tv\\\/az\\\/\",\"logo\":{\"@type\":\"ImageObject\",\"inLanguage\":\"az\",\"@id\":\"https:\\\/\\\/www.meydan.tv\\\/az\\\/#\\\/schema\\\/logo\\\/image\\\/\",\"url\":\"https:\\\/\\\/www.meydan.tv\\\/wp-content\\\/uploads\\\/2021\\\/07\\\/meydan-logo.svg\",\"contentUrl\":\"https:\\\/\\\/www.meydan.tv\\\/wp-content\\\/uploads\\\/2021\\\/07\\\/meydan-logo.svg\",\"width\":195,\"height\":46,\"caption\":\"Meydan TV\"},\"image\":{\"@id\":\"https:\\\/\\\/www.meydan.tv\\\/az\\\/#\\\/schema\\\/logo\\\/image\\\/\"}},{\"@type\":\"Person\",\"@id\":\"https:\\\/\\\/www.meydan.tv\\\/az\\\/#\\\/schema\\\/person\\\/10d11eccf6da3662cf5fdab9806ea91a\",\"name\":\"user-manager\"}]}<\/script>\n<!-- \/ Yoast SEO plugin. -->","yoast_head_json":{"title":"\u00dczeyir Hac\u0131b\u0259yli XIII Beyn\u0259lxalq Musiqi Festival\u0131 ba\u015flay\u0131r - MEYDAN.TV","robots":{"index":"index","follow":"follow","max-snippet":"max-snippet:-1","max-image-preview":"max-image-preview:large","max-video-preview":"max-video-preview:-1"},"canonical":"https:\/\/www.meydan.tv\/az\/article\/uzeyir-hacibeyli-xiii-beynelxalq-musiqi-festivali-baslayir\/","og_locale":"az_AZ","og_type":"article","og_title":"\u00dczeyir Hac\u0131b\u0259yli XIII Beyn\u0259lxalq Musiqi Festival\u0131 ba\u015flay\u0131r - MEYDAN.TV","og_description":"Festival \u00e7\u0259r\u00e7iv\u0259sind\u0259 ke\u00e7iril\u0259n t\u0259dbirl\u0259r\u0259 yaln\u0131z COV\u0130D pasportu il\u0259 giri\u015f m\u00fcmk\u00fcn olacaq","og_url":"https:\/\/www.meydan.tv\/az\/article\/uzeyir-hacibeyli-xiii-beynelxalq-musiqi-festivali-baslayir\/","og_site_name":"MEYDAN.TV","article_published_time":"2021-09-14T12:06:06+00:00","og_image":[{"width":1024,"height":648,"url":"https:\/\/www.meydan.tv\/wp-content\/uploads\/uzeyir_bey.png","type":"image\/png"}],"author":"user-manager","twitter_card":"summary_large_image","schema":{"@context":"https:\/\/schema.org","@graph":[{"@type":"Article","@id":"https:\/\/www.meydan.tv\/az\/article\/uzeyir-hacibeyli-xiii-beynelxalq-musiqi-festivali-baslayir\/#article","isPartOf":{"@id":"https:\/\/www.meydan.tv\/az\/article\/uzeyir-hacibeyli-xiii-beynelxalq-musiqi-festivali-baslayir\/"},"author":{"name":"user-manager","@id":"https:\/\/www.meydan.tv\/az\/#\/schema\/person\/10d11eccf6da3662cf5fdab9806ea91a"},"headline":"\u00dczeyir Hac\u0131b\u0259yli XIII Beyn\u0259lxalq Musiqi Festival\u0131 ba\u015flay\u0131r","datePublished":"2021-09-14T12:06:06+00:00","mainEntityOfPage":{"@id":"https:\/\/www.meydan.tv\/az\/article\/uzeyir-hacibeyli-xiii-beynelxalq-musiqi-festivali-baslayir\/"},"wordCount":268,"publisher":{"@id":"https:\/\/www.meydan.tv\/az\/#organization"},"image":{"@id":"https:\/\/www.meydan.tv\/az\/article\/uzeyir-hacibeyli-xiii-beynelxalq-musiqi-festivali-baslayir\/#primaryimage"},"thumbnailUrl":"https:\/\/www.meydan.tv\/wp-content\/uploads\/uzeyir_bey.png","articleSection":["M\u0259d\u0259niyy\u0259t"],"inLanguage":"az"},{"@type":"WebPage","@id":"https:\/\/www.meydan.tv\/az\/article\/uzeyir-hacibeyli-xiii-beynelxalq-musiqi-festivali-baslayir\/","url":"https:\/\/www.meydan.tv\/az\/article\/uzeyir-hacibeyli-xiii-beynelxalq-musiqi-festivali-baslayir\/","name":"\u00dczeyir Hac\u0131b\u0259yli XIII Beyn\u0259lxalq Musiqi Festival\u0131 ba\u015flay\u0131r - MEYDAN.TV","isPartOf":{"@id":"https:\/\/www.meydan.tv\/az\/#website"},"primaryImageOfPage":{"@id":"https:\/\/www.meydan.tv\/az\/article\/uzeyir-hacibeyli-xiii-beynelxalq-musiqi-festivali-baslayir\/#primaryimage"},"image":{"@id":"https:\/\/www.meydan.tv\/az\/article\/uzeyir-hacibeyli-xiii-beynelxalq-musiqi-festivali-baslayir\/#primaryimage"},"thumbnailUrl":"https:\/\/www.meydan.tv\/wp-content\/uploads\/uzeyir_bey.png","datePublished":"2021-09-14T12:06:06+00:00","breadcrumb":{"@id":"https:\/\/www.meydan.tv\/az\/article\/uzeyir-hacibeyli-xiii-beynelxalq-musiqi-festivali-baslayir\/#breadcrumb"},"inLanguage":"az","potentialAction":[{"@type":"ReadAction","target":["https:\/\/www.meydan.tv\/az\/article\/uzeyir-hacibeyli-xiii-beynelxalq-musiqi-festivali-baslayir\/"]}]},{"@type":"ImageObject","inLanguage":"az","@id":"https:\/\/www.meydan.tv\/az\/article\/uzeyir-hacibeyli-xiii-beynelxalq-musiqi-festivali-baslayir\/#primaryimage","url":"https:\/\/www.meydan.tv\/wp-content\/uploads\/uzeyir_bey.png","contentUrl":"https:\/\/www.meydan.tv\/wp-content\/uploads\/uzeyir_bey.png","width":1024,"height":648,"caption":"Source: M\u0259d\u0259niyy\u0259t Nazirliyinin sayt\u0131"},{"@type":"BreadcrumbList","@id":"https:\/\/www.meydan.tv\/az\/article\/uzeyir-hacibeyli-xiii-beynelxalq-musiqi-festivali-baslayir\/#breadcrumb","itemListElement":[{"@type":"ListItem","position":1,"name":"Ana s\u0259hif\u0259","item":"https:\/\/www.meydan.tv\/az\/"},{"@type":"ListItem","position":2,"name":"M\u0259d\u0259niyy\u0259t","item":"https:\/\/www.meydan.tv\/az\/section\/medeniyyet\/"},{"@type":"ListItem","position":3,"name":"\u00dczeyir Hac\u0131b\u0259yli XIII Beyn\u0259lxalq Musiqi Festival\u0131 ba\u015flay\u0131r"}]},{"@type":"WebSite","@id":"https:\/\/www.meydan.tv\/az\/#website","url":"https:\/\/www.meydan.tv\/az\/","name":"MEYDAN.TV","description":"Meydan TV Az\u0259rbaycan\u0131n media m\u0259kan\u0131ndak\u0131 alternativ s\u0259sidir","publisher":{"@id":"https:\/\/www.meydan.tv\/az\/#organization"},"potentialAction":[{"@type":"SearchAction","target":{"@type":"EntryPoint","urlTemplate":"https:\/\/www.meydan.tv\/az\/?s={search_term_string}"},"query-input":{"@type":"PropertyValueSpecification","valueRequired":true,"valueName":"search_term_string"}}],"inLanguage":"az"},{"@type":"Organization","@id":"https:\/\/www.meydan.tv\/az\/#organization","name":"Meydan TV","url":"https:\/\/www.meydan.tv\/az\/","logo":{"@type":"ImageObject","inLanguage":"az","@id":"https:\/\/www.meydan.tv\/az\/#\/schema\/logo\/image\/","url":"https:\/\/www.meydan.tv\/wp-content\/uploads\/2021\/07\/meydan-logo.svg","contentUrl":"https:\/\/www.meydan.tv\/wp-content\/uploads\/2021\/07\/meydan-logo.svg","width":195,"height":46,"caption":"Meydan TV"},"image":{"@id":"https:\/\/www.meydan.tv\/az\/#\/schema\/logo\/image\/"}},{"@type":"Person","@id":"https:\/\/www.meydan.tv\/az\/#\/schema\/person\/10d11eccf6da3662cf5fdab9806ea91a","name":"user-manager"}]}},"_links":{"self":[{"href":"https:\/\/www.meydan.tv\/az\/wp-json\/wp\/v2\/posts\/212839","targetHints":{"allow":["GET"]}}],"collection":[{"href":"https:\/\/www.meydan.tv\/az\/wp-json\/wp\/v2\/posts"}],"about":[{"href":"https:\/\/www.meydan.tv\/az\/wp-json\/wp\/v2\/types\/post"}],"author":[{"embeddable":true,"href":"https:\/\/www.meydan.tv\/az\/wp-json\/wp\/v2\/users\/11"}],"replies":[{"embeddable":true,"href":"https:\/\/www.meydan.tv\/az\/wp-json\/wp\/v2\/comments?post=212839"}],"version-history":[{"count":0,"href":"https:\/\/www.meydan.tv\/az\/wp-json\/wp\/v2\/posts\/212839\/revisions"}],"wp:featuredmedia":[{"embeddable":true,"href":"https:\/\/www.meydan.tv\/az\/wp-json\/wp\/v2\/media\/210043"}],"wp:attachment":[{"href":"https:\/\/www.meydan.tv\/az\/wp-json\/wp\/v2\/media?parent=212839"}],"wp:term":[{"taxonomy":"category","embeddable":true,"href":"https:\/\/www.meydan.tv\/az\/wp-json\/wp\/v2\/categories?post=212839"},{"taxonomy":"post_tag","embeddable":true,"href":"https:\/\/www.meydan.tv\/az\/wp-json\/wp\/v2\/tags?post=212839"}],"curies":[{"name":"wp","href":"https:\/\/api.w.org\/{rel}","templated":true}]}}