{"id":212819,"date":"2021-09-13T10:14:57","date_gmt":"2021-09-13T10:14:57","guid":{"rendered":"https:\/\/www.meydan.tv\/article\/partlayisdan-zererceken-tezminat-odenileceyi-tesdiqlendi-ancaq-verilmedi\/"},"modified":"2021-09-13T10:14:57","modified_gmt":"2021-09-13T10:14:57","slug":"partlayisdan-zererceken-tezminat-odenileceyi-tesdiqlendi-ancaq-verilmedi","status":"publish","type":"post","link":"https:\/\/www.meydan.tv\/az\/article\/partlayisdan-zererceken-tezminat-odenileceyi-tesdiqlendi-ancaq-verilmedi\/","title":{"rendered":"Partlay\u0131\u015fdan z\u0259r\u0259r\u00e7\u0259k\u0259n: T\u0259zminat \u00f6d\u0259nil\u0259c\u0259yi t\u0259sdiql\u0259ndi, ancaq verilm\u0259di"},"content":{"rendered":"<p>\n  <i><br \/>\n    \u201cArt\u0131q d\u00f6zm\u00fcr\u0259m, ist\u0259yir\u0259m bu \u00f6zba\u015f\u0131nal\u0131qdan ham\u0131n\u0131n x\u0259b\u0259ri olsun\u201d<br \/>\n  <\/i>\n<\/p>\n<p>\n  \u201c4 il \u0259vv\u0259l \u0259kin sah\u0259min oldu\u011fu yerin yax\u0131nl\u0131\u011f\u0131ndak\u0131 h\u0259rbi hiss\u0259d\u0259 partlay\u0131\u015f oldu. Kiminin evin\u0259, kiminin heyvan\u0131na z\u0259r\u0259r d\u0259ydi. M\u0259nim d\u0259 h\u0259min vaxt m\u0259hsul g\u00f6zl\u0259diyim ba\u011f\u0131m m\u0259hv oldu. \u0130nsanlar\u0131n ham\u0131s\u0131na t\u0259zminat \u00f6d\u0259ndi. M\u0259nim t\u0259zminat\u0131m da t\u0259sdiql\u0259ndi, ancaq bu g\u00fcn\u0259d\u0259k ala bilmir\u0259m\u201d.\n<\/p>\n<p>\n  X\u0131z\u0131 sakini \u018ffqan Abdullayev bel\u0259 deyir. Bildirir ki, b\u00fct\u00fcn ail\u0259l\u0259ri \u0259kin-bi\u00e7inl\u0259 dolan\u0131r. \u018fsas\u0259n t\u0259r\u0259v\u0259z \u0259kini il\u0259 m\u0259\u015f\u011ful olurlar. El\u0259 2017-ci il avqustun 27-d\u0259 partlay\u0131\u015f ba\u015f ver\u0259nd\u0259 \u0259kin sah\u0259sind\u0259 \u00e7al\u0131\u015f\u0131rm\u0131\u015flar. \u015e\u00fckr edir ki, ail\u0259sind\u0259n he\u00e7 kim x\u0259sar\u0259t almay\u0131b, ancaq onlar\u0131n g\u0259l\u0259c\u0259k dolan\u0131\u015f\u0131\u011f\u0131 \u00fc\u00e7\u00fcn \u0259kdikl\u0259ri bostanlar\u0131 m\u0259hv olub. Dolay\u0131s\u0131 il\u0259 ail\u0259si maddi \u00e7\u0259tinlik \u00e7\u0259kib, z\u0259r\u0259r g\u00f6r\u00fcb:\n<\/p>\n<p>\n  \u201cBizi d\u0259 qeydiyyata al\u0131b, t\u0259zminat yazm\u0131\u015fd\u0131lar. Y\u0259ni d\u0259ymi\u015f ziyan \u00f6d\u0259nilm\u0259li idi, ancaq bug\u00fcn\u0259d\u0259k verilm\u0259yib. Yazd\u0131\u011f\u0131m\u0131z m\u0259ktublara na\u011f\u0131l cavablar g\u00f6nd\u0259rirl\u0259r. M\u00fcraci\u0259timiz\u0259 d\u0259qiq baxan biri yoxdur. Bu g\u00fcn\u0259d\u0259k susurdum, fikirl\u0259\u015firdim ki, haqq\u0131m\u0131 almaq \u00fc\u00e7\u00fcn s\u0259s-k\u00fcy salmal\u0131 deyil\u0259m, verilm\u0259lidir. Art\u0131q d\u00f6zm\u00fcr\u0259m, ist\u0259yir\u0259m bu \u00f6zba\u015f\u0131nal\u0131qdan ham\u0131n\u0131n x\u0259b\u0259ri olsun \u201d.\n<\/p>\n<figure class=\"wp-block-image size-large\">\n  <img decoding=\"async\" src=\"https:\/\/www.meydan.tv\/az\/original-size-facebook-app-untitled-design-1-png-4\/\" alt=\"[Original size] Facebook App \u2013 Untitled Design (1).png\" class=\"wp-image-209974\"\/><figcaption>\n    \u018fsas\u0259n t\u0259r\u0259v\u0259z \u0259kini il\u0259 m\u0259\u015f\u011ful olurlar<br \/>\n  <\/figcaption><\/figure>\n<p>\n  \u015eikay\u0259t\u00e7i bildirir ki, partlay\u0131\u015f olan zaman m\u0259hsul y\u0131\u011f\u0131m\u0131na \u00e7ox az qal\u0131bm\u0131\u015f. Partlay\u0131\u015f n\u0259tic\u0259sind\u0259 su x\u0259tti da\u011f\u0131l\u0131b, sah\u0259 g\u00fcnl\u0259rl\u0259 susuz qal\u0131b v\u0259 quruyub:\n<\/p>\n<p>\n  \u201cYay\u0131n isti vaxtlar\u0131 idi, su k\u0259sildi v\u0259 bizim m\u0259hsulumuz xarab oldu, \u00e7\u00fcr\u00fcd\u00fc. Ekspert g\u0259ldi, partlay\u0131\u015fdan z\u0259r\u0259r\u00e7\u0259k\u0259nl\u0259rin z\u0259r\u0259rl\u0259rini yazd\u0131. M\u0259nim bostan\u0131ma da bax\u0131\u015f ke\u00e7irildi v\u0259 m\u00fc\u0259yy\u0259n olundu ki, 10 min manat z\u0259r\u0259rim var. \u018fslind\u0259 m\u0259hsul sat\u0131\u015f\u0131ndan daha \u00e7ox g\u0259lir \u0259ld\u0259 edirdim, amma buna da yox dem\u0259dim, raz\u0131la\u015fd\u0131m. Hadis\u0259nin \u00fcst\u00fcnd\u0259n 4 il ke\u00e7m\u0259sin\u0259 baxmayaraq, n\u0259 ortada 10 min var, n\u0259 d\u0259 bir k\u00f6m\u0259k, yard\u0131m\u201d.\n<\/p>\n<p>\n  \u018ffqan Abdullayevin bostan\u0131 3 hektarl\u0131q \u0259razid\u0259dir. Deyir, h\u0259min bostan 8 n\u0259f\u0259rlik ail\u0259sinin yegan\u0259 g\u0259lir m\u0259nb\u0259yidir v\u0259 onlar partlay\u0131\u015f olan q\u0131\u015f\u0131 ke\u00e7irm\u0259k, ya\u015faya bilm\u0259k \u00fc\u00e7\u00fcn borc g\u00f6t\u00fcrm\u0259li olublar:\n<\/p>\n<figure class=\"wp-block-image size-large\">\n  <img decoding=\"async\" src=\"https:\/\/www.meydan.tv\/az\/original-size-facebook-app-untitled-design-2-png-2\/\" alt=\"[Original size] Facebook App \u2013 Untitled Design (2).png\" class=\"wp-image-209983\"\/><figcaption>\n    Partlay\u0131\u015f ba\u015f ver\u0259nd\u0259 \u0259kin sah\u0259sind\u0259 \u00e7al\u0131\u015f\u0131rm\u0131\u015flar<br \/>\n  <\/figcaption><\/figure>\n<p>\n  \u201cG\u00f6z\u00fcm\u00fcz\u00fc m\u0259hsula dikmi\u015fdik. Olmayandan sonra nec\u0259 dolanmal\u0131 idik? T\u0259bii, biz h\u0259min q\u0131\u015fdan borc-x\u0259rcl\u0259 \u00e7\u0131xd\u0131q. Kompensasiya ver\u0259c\u0259kl\u0259rini dey\u0259nd\u0259, sevindik. El\u0259 v\u0259ziyy\u0259td\u0259n \u00e7\u0131xd\u0131\u011f\u0131m\u0131za sevinirdik ki, get-g\u0259l\u0259 d\u00fc\u015fd\u00fck. \u0130ll\u0259rdir get-g\u0259ld\u0259y\u0259m, z\u00fclm \u00e7\u0259kir\u0259m. D\u00f6vl\u0259t idar\u0259l\u0259rind\u0259 s\u00fcr\u00fcnd\u00fcrm\u0259\u00e7ilikdir. Kompensasiyan\u0131 m\u0259n t\u0259rtib etm\u0259mi\u015f\u0259m, \u00f6zl\u0259ri edib, ancaq vermirl\u0259r\u201d.\n<\/p>\n<p>\n  \u015eikay\u0259t\u00e7i bildirir ki, h\u0259min vaxt bostanda xiyar \u0259kibmi\u015f. Amma ham\u0131s\u0131 ta\u011f\u0131nda quruyub, m\u0259hv olub:\n<\/p>\n<p>\n  \u201cSonrak\u0131 ill\u0259r d\u0259 \u0259kin-bi\u00e7inl\u0259 m\u0259\u015f\u011ful oldum. Amma \u0259vv\u0259lki kimi bar verm\u0259di. Sah\u0259m h\u0259rbi hiss\u0259nin 1 kilometrliyind\u0259dir. Ona g\u00f6r\u0259 \u0259n \u00e7ox z\u0259r\u0259r g\u00f6r\u0259n adamlardan oldum. Otu yananlara, evi da\u011f\u0131lanlara yard\u0131m oldu. Ancaq m\u0259n\u0259 bu g\u00fcn\u0259d\u0259k k\u00f6m\u0259k edilm\u0259yib\u201d.\n<\/p>\n<figure class=\"wp-block-image size-large\">\n  <img decoding=\"async\" src=\"https:\/\/www.meydan.tv\/az\/image00007-jpeg-13\/\" alt=\"image00007.jpeg\" class=\"wp-image-209980\"\/><figcaption>\n    &#8220;Yazd\u0131\u011f\u0131m\u0131z m\u0259ktublara na\u011f\u0131l cavablar g\u00f6nd\u0259rirl\u0259r&#8221;<br \/>\n  <\/figcaption><\/figure>\n<p>\n  X\u0131z\u0131 Rayon \u0130cra Hakimiyy\u0259tinin s\u0259n\u0259dl\u0259rl\u0259 v\u0259 v\u0259t\u0259nda\u015flar\u0131n m\u00fcraci\u0259tl\u0259ri il\u0259 i\u015f \u015f\u00f6b\u0259sid\u0259n bildirilib ki, h\u0259min il partlay\u0131\u015fda z\u0259r\u0259r \u00e7\u0259kmi\u015f b\u00fct\u00fcn v\u0259t\u0259nda\u015flara kompensasiya \u00f6d\u0259nib:\n<\/p>\n<p>\n  \u201cB\u0259lk\u0259 n\u0259s\u0259 s\u0259hv olub, ya da v\u0259t\u0259nda\u015f vaxt\u0131nda m\u00fcraci\u0259t etm\u0259yib, ara\u015fd\u0131raca\u011f\u0131q. Amma h\u0259min il kimin n\u0259 z\u0259r\u0259ri olmu\u015fdursa, qar\u015f\u0131lan\u0131b. Komissiya t\u0259\u015fkil olunmu\u015fdu, z\u0259r\u0259rl\u0259 ba\u011fl\u0131 s\u0259n\u0259dl\u0259\u015fdirm\u0259l\u0259r edildi v\u0259 ax\u0131rda da v\u0259t\u0259nda\u015flara \u00f6d\u0259nildi\u201d.\n<\/p>\n<figure class=\"wp-block-image size-large\">\n  <img decoding=\"async\" src=\"https:\/\/www.meydan.tv\/az\/image00019-jpeg-2\/\" alt=\"image00019.jpeg\" class=\"wp-image-209971\"\/><figcaption>\n    \u018ffqan Abdullayevin bostan\u0131 3 hektarl\u0131q \u0259razid\u0259dir.<br \/>\n  <\/figcaption><\/figure>\n","protected":false},"excerpt":{"rendered":"<p>\u201cYay\u0131n isti vaxtlar\u0131 idi, su k\u0259sildi v\u0259 bizim m\u0259hsulumuz xarab oldu, \u00e7\u00fcr\u00fcd\u00fc&#8221;<\/p>\n","protected":false},"author":11,"featured_media":209977,"comment_status":"closed","ping_status":"open","sticky":false,"template":"","format":"standard","meta":{"_acf_changed":false,"_sitemap_exclude":false,"_sitemap_priority":"","_sitemap_frequency":"","footnotes":""},"categories":[60],"tags":[],"class_list":["post-212819","post","type-post","status-publish","format-standard","has-post-thumbnail","hentry","category-bolge","infinite-scroll-item","generate-columns","tablet-grid-50","mobile-grid-100","grid-parent","grid-33","no-featured-image-padding"],"acf":[],"yoast_head":"<!-- This site is optimized with the Yoast SEO plugin v27.5 - https:\/\/yoast.com\/product\/yoast-seo-wordpress\/ -->\n<title>Partlay\u0131\u015fdan z\u0259r\u0259r\u00e7\u0259k\u0259n: T\u0259zminat \u00f6d\u0259nil\u0259c\u0259yi t\u0259sdiql\u0259ndi, ancaq verilm\u0259di - MEYDAN.TV<\/title>\n<meta name=\"robots\" content=\"index, follow, max-snippet:-1, max-image-preview:large, max-video-preview:-1\" \/>\n<link rel=\"canonical\" href=\"https:\/\/www.meydan.tv\/az\/article\/partlayisdan-zererceken-tezminat-odenileceyi-tesdiqlendi-ancaq-verilmedi\/\" \/>\n<meta property=\"og:locale\" content=\"az_AZ\" \/>\n<meta property=\"og:type\" content=\"article\" \/>\n<meta property=\"og:title\" content=\"Partlay\u0131\u015fdan z\u0259r\u0259r\u00e7\u0259k\u0259n: T\u0259zminat \u00f6d\u0259nil\u0259c\u0259yi t\u0259sdiql\u0259ndi, ancaq verilm\u0259di - MEYDAN.TV\" \/>\n<meta property=\"og:description\" content=\"\u201cYay\u0131n isti vaxtlar\u0131 idi, su k\u0259sildi v\u0259 bizim m\u0259hsulumuz xarab oldu, \u00e7\u00fcr\u00fcd\u00fc&quot;\" \/>\n<meta property=\"og:url\" content=\"https:\/\/www.meydan.tv\/az\/article\/partlayisdan-zererceken-tezminat-odenileceyi-tesdiqlendi-ancaq-verilmedi\/\" \/>\n<meta property=\"og:site_name\" content=\"MEYDAN.TV\" \/>\n<meta property=\"article:published_time\" content=\"2021-09-13T10:14:57+00:00\" \/>\n<meta property=\"og:image\" content=\"https:\/\/www.meydan.tv\/wp-content\/uploads\/original_size_facebook_app__untitled_design_yrbt9xz.png\" \/>\n\t<meta property=\"og:image:width\" content=\"864\" \/>\n\t<meta property=\"og:image:height\" content=\"480\" \/>\n\t<meta property=\"og:image:type\" content=\"image\/png\" \/>\n<meta name=\"author\" content=\"user-manager\" \/>\n<meta name=\"twitter:card\" content=\"summary_large_image\" \/>\n<script type=\"application\/ld+json\" class=\"yoast-schema-graph\">{\"@context\":\"https:\\\/\\\/schema.org\",\"@graph\":[{\"@type\":\"Article\",\"@id\":\"https:\\\/\\\/www.meydan.tv\\\/az\\\/article\\\/partlayisdan-zererceken-tezminat-odenileceyi-tesdiqlendi-ancaq-verilmedi\\\/#article\",\"isPartOf\":{\"@id\":\"https:\\\/\\\/www.meydan.tv\\\/az\\\/article\\\/partlayisdan-zererceken-tezminat-odenileceyi-tesdiqlendi-ancaq-verilmedi\\\/\"},\"author\":{\"name\":\"user-manager\",\"@id\":\"https:\\\/\\\/www.meydan.tv\\\/az\\\/#\\\/schema\\\/person\\\/10d11eccf6da3662cf5fdab9806ea91a\"},\"headline\":\"Partlay\u0131\u015fdan z\u0259r\u0259r\u00e7\u0259k\u0259n: T\u0259zminat \u00f6d\u0259nil\u0259c\u0259yi t\u0259sdiql\u0259ndi, ancaq verilm\u0259di\",\"datePublished\":\"2021-09-13T10:14:57+00:00\",\"mainEntityOfPage\":{\"@id\":\"https:\\\/\\\/www.meydan.tv\\\/az\\\/article\\\/partlayisdan-zererceken-tezminat-odenileceyi-tesdiqlendi-ancaq-verilmedi\\\/\"},\"wordCount\":766,\"publisher\":{\"@id\":\"https:\\\/\\\/www.meydan.tv\\\/az\\\/#organization\"},\"image\":{\"@id\":\"https:\\\/\\\/www.meydan.tv\\\/az\\\/article\\\/partlayisdan-zererceken-tezminat-odenileceyi-tesdiqlendi-ancaq-verilmedi\\\/#primaryimage\"},\"thumbnailUrl\":\"https:\\\/\\\/www.meydan.tv\\\/wp-content\\\/uploads\\\/original_size_facebook_app__untitled_design_yrbt9xz.png\",\"articleSection\":[\"B\u00f6lg\u0259\"],\"inLanguage\":\"az\"},{\"@type\":\"WebPage\",\"@id\":\"https:\\\/\\\/www.meydan.tv\\\/az\\\/article\\\/partlayisdan-zererceken-tezminat-odenileceyi-tesdiqlendi-ancaq-verilmedi\\\/\",\"url\":\"https:\\\/\\\/www.meydan.tv\\\/az\\\/article\\\/partlayisdan-zererceken-tezminat-odenileceyi-tesdiqlendi-ancaq-verilmedi\\\/\",\"name\":\"Partlay\u0131\u015fdan z\u0259r\u0259r\u00e7\u0259k\u0259n: T\u0259zminat \u00f6d\u0259nil\u0259c\u0259yi t\u0259sdiql\u0259ndi, ancaq verilm\u0259di - MEYDAN.TV\",\"isPartOf\":{\"@id\":\"https:\\\/\\\/www.meydan.tv\\\/az\\\/#website\"},\"primaryImageOfPage\":{\"@id\":\"https:\\\/\\\/www.meydan.tv\\\/az\\\/article\\\/partlayisdan-zererceken-tezminat-odenileceyi-tesdiqlendi-ancaq-verilmedi\\\/#primaryimage\"},\"image\":{\"@id\":\"https:\\\/\\\/www.meydan.tv\\\/az\\\/article\\\/partlayisdan-zererceken-tezminat-odenileceyi-tesdiqlendi-ancaq-verilmedi\\\/#primaryimage\"},\"thumbnailUrl\":\"https:\\\/\\\/www.meydan.tv\\\/wp-content\\\/uploads\\\/original_size_facebook_app__untitled_design_yrbt9xz.png\",\"datePublished\":\"2021-09-13T10:14:57+00:00\",\"breadcrumb\":{\"@id\":\"https:\\\/\\\/www.meydan.tv\\\/az\\\/article\\\/partlayisdan-zererceken-tezminat-odenileceyi-tesdiqlendi-ancaq-verilmedi\\\/#breadcrumb\"},\"inLanguage\":\"az\",\"potentialAction\":[{\"@type\":\"ReadAction\",\"target\":[\"https:\\\/\\\/www.meydan.tv\\\/az\\\/article\\\/partlayisdan-zererceken-tezminat-odenileceyi-tesdiqlendi-ancaq-verilmedi\\\/\"]}]},{\"@type\":\"ImageObject\",\"inLanguage\":\"az\",\"@id\":\"https:\\\/\\\/www.meydan.tv\\\/az\\\/article\\\/partlayisdan-zererceken-tezminat-odenileceyi-tesdiqlendi-ancaq-verilmedi\\\/#primaryimage\",\"url\":\"https:\\\/\\\/www.meydan.tv\\\/wp-content\\\/uploads\\\/original_size_facebook_app__untitled_design_yrbt9xz.png\",\"contentUrl\":\"https:\\\/\\\/www.meydan.tv\\\/wp-content\\\/uploads\\\/original_size_facebook_app__untitled_design_yrbt9xz.png\",\"width\":864,\"height\":480,\"caption\":\"Source: Specify Source\"},{\"@type\":\"BreadcrumbList\",\"@id\":\"https:\\\/\\\/www.meydan.tv\\\/az\\\/article\\\/partlayisdan-zererceken-tezminat-odenileceyi-tesdiqlendi-ancaq-verilmedi\\\/#breadcrumb\",\"itemListElement\":[{\"@type\":\"ListItem\",\"position\":1,\"name\":\"Ana s\u0259hif\u0259\",\"item\":\"https:\\\/\\\/www.meydan.tv\\\/az\\\/\"},{\"@type\":\"ListItem\",\"position\":2,\"name\":\"B\u00f6lg\u0259\",\"item\":\"https:\\\/\\\/www.meydan.tv\\\/az\\\/section\\\/bolge\\\/\"},{\"@type\":\"ListItem\",\"position\":3,\"name\":\"Partlay\u0131\u015fdan z\u0259r\u0259r\u00e7\u0259k\u0259n: T\u0259zminat \u00f6d\u0259nil\u0259c\u0259yi t\u0259sdiql\u0259ndi, ancaq verilm\u0259di\"}]},{\"@type\":\"WebSite\",\"@id\":\"https:\\\/\\\/www.meydan.tv\\\/az\\\/#website\",\"url\":\"https:\\\/\\\/www.meydan.tv\\\/az\\\/\",\"name\":\"MEYDAN.TV\",\"description\":\"Meydan TV Az\u0259rbaycan\u0131n media m\u0259kan\u0131ndak\u0131 alternativ s\u0259sidir\",\"publisher\":{\"@id\":\"https:\\\/\\\/www.meydan.tv\\\/az\\\/#organization\"},\"potentialAction\":[{\"@type\":\"SearchAction\",\"target\":{\"@type\":\"EntryPoint\",\"urlTemplate\":\"https:\\\/\\\/www.meydan.tv\\\/az\\\/?s={search_term_string}\"},\"query-input\":{\"@type\":\"PropertyValueSpecification\",\"valueRequired\":true,\"valueName\":\"search_term_string\"}}],\"inLanguage\":\"az\"},{\"@type\":\"Organization\",\"@id\":\"https:\\\/\\\/www.meydan.tv\\\/az\\\/#organization\",\"name\":\"Meydan TV\",\"url\":\"https:\\\/\\\/www.meydan.tv\\\/az\\\/\",\"logo\":{\"@type\":\"ImageObject\",\"inLanguage\":\"az\",\"@id\":\"https:\\\/\\\/www.meydan.tv\\\/az\\\/#\\\/schema\\\/logo\\\/image\\\/\",\"url\":\"https:\\\/\\\/www.meydan.tv\\\/wp-content\\\/uploads\\\/2021\\\/07\\\/meydan-logo.svg\",\"contentUrl\":\"https:\\\/\\\/www.meydan.tv\\\/wp-content\\\/uploads\\\/2021\\\/07\\\/meydan-logo.svg\",\"width\":195,\"height\":46,\"caption\":\"Meydan TV\"},\"image\":{\"@id\":\"https:\\\/\\\/www.meydan.tv\\\/az\\\/#\\\/schema\\\/logo\\\/image\\\/\"}},{\"@type\":\"Person\",\"@id\":\"https:\\\/\\\/www.meydan.tv\\\/az\\\/#\\\/schema\\\/person\\\/10d11eccf6da3662cf5fdab9806ea91a\",\"name\":\"user-manager\"}]}<\/script>\n<!-- \/ Yoast SEO plugin. -->","yoast_head_json":{"title":"Partlay\u0131\u015fdan z\u0259r\u0259r\u00e7\u0259k\u0259n: T\u0259zminat \u00f6d\u0259nil\u0259c\u0259yi t\u0259sdiql\u0259ndi, ancaq verilm\u0259di - MEYDAN.TV","robots":{"index":"index","follow":"follow","max-snippet":"max-snippet:-1","max-image-preview":"max-image-preview:large","max-video-preview":"max-video-preview:-1"},"canonical":"https:\/\/www.meydan.tv\/az\/article\/partlayisdan-zererceken-tezminat-odenileceyi-tesdiqlendi-ancaq-verilmedi\/","og_locale":"az_AZ","og_type":"article","og_title":"Partlay\u0131\u015fdan z\u0259r\u0259r\u00e7\u0259k\u0259n: T\u0259zminat \u00f6d\u0259nil\u0259c\u0259yi t\u0259sdiql\u0259ndi, ancaq verilm\u0259di - MEYDAN.TV","og_description":"\u201cYay\u0131n isti vaxtlar\u0131 idi, su k\u0259sildi v\u0259 bizim m\u0259hsulumuz xarab oldu, \u00e7\u00fcr\u00fcd\u00fc\"","og_url":"https:\/\/www.meydan.tv\/az\/article\/partlayisdan-zererceken-tezminat-odenileceyi-tesdiqlendi-ancaq-verilmedi\/","og_site_name":"MEYDAN.TV","article_published_time":"2021-09-13T10:14:57+00:00","og_image":[{"width":864,"height":480,"url":"https:\/\/www.meydan.tv\/wp-content\/uploads\/original_size_facebook_app__untitled_design_yrbt9xz.png","type":"image\/png"}],"author":"user-manager","twitter_card":"summary_large_image","schema":{"@context":"https:\/\/schema.org","@graph":[{"@type":"Article","@id":"https:\/\/www.meydan.tv\/az\/article\/partlayisdan-zererceken-tezminat-odenileceyi-tesdiqlendi-ancaq-verilmedi\/#article","isPartOf":{"@id":"https:\/\/www.meydan.tv\/az\/article\/partlayisdan-zererceken-tezminat-odenileceyi-tesdiqlendi-ancaq-verilmedi\/"},"author":{"name":"user-manager","@id":"https:\/\/www.meydan.tv\/az\/#\/schema\/person\/10d11eccf6da3662cf5fdab9806ea91a"},"headline":"Partlay\u0131\u015fdan z\u0259r\u0259r\u00e7\u0259k\u0259n: T\u0259zminat \u00f6d\u0259nil\u0259c\u0259yi t\u0259sdiql\u0259ndi, ancaq verilm\u0259di","datePublished":"2021-09-13T10:14:57+00:00","mainEntityOfPage":{"@id":"https:\/\/www.meydan.tv\/az\/article\/partlayisdan-zererceken-tezminat-odenileceyi-tesdiqlendi-ancaq-verilmedi\/"},"wordCount":766,"publisher":{"@id":"https:\/\/www.meydan.tv\/az\/#organization"},"image":{"@id":"https:\/\/www.meydan.tv\/az\/article\/partlayisdan-zererceken-tezminat-odenileceyi-tesdiqlendi-ancaq-verilmedi\/#primaryimage"},"thumbnailUrl":"https:\/\/www.meydan.tv\/wp-content\/uploads\/original_size_facebook_app__untitled_design_yrbt9xz.png","articleSection":["B\u00f6lg\u0259"],"inLanguage":"az"},{"@type":"WebPage","@id":"https:\/\/www.meydan.tv\/az\/article\/partlayisdan-zererceken-tezminat-odenileceyi-tesdiqlendi-ancaq-verilmedi\/","url":"https:\/\/www.meydan.tv\/az\/article\/partlayisdan-zererceken-tezminat-odenileceyi-tesdiqlendi-ancaq-verilmedi\/","name":"Partlay\u0131\u015fdan z\u0259r\u0259r\u00e7\u0259k\u0259n: T\u0259zminat \u00f6d\u0259nil\u0259c\u0259yi t\u0259sdiql\u0259ndi, ancaq verilm\u0259di - MEYDAN.TV","isPartOf":{"@id":"https:\/\/www.meydan.tv\/az\/#website"},"primaryImageOfPage":{"@id":"https:\/\/www.meydan.tv\/az\/article\/partlayisdan-zererceken-tezminat-odenileceyi-tesdiqlendi-ancaq-verilmedi\/#primaryimage"},"image":{"@id":"https:\/\/www.meydan.tv\/az\/article\/partlayisdan-zererceken-tezminat-odenileceyi-tesdiqlendi-ancaq-verilmedi\/#primaryimage"},"thumbnailUrl":"https:\/\/www.meydan.tv\/wp-content\/uploads\/original_size_facebook_app__untitled_design_yrbt9xz.png","datePublished":"2021-09-13T10:14:57+00:00","breadcrumb":{"@id":"https:\/\/www.meydan.tv\/az\/article\/partlayisdan-zererceken-tezminat-odenileceyi-tesdiqlendi-ancaq-verilmedi\/#breadcrumb"},"inLanguage":"az","potentialAction":[{"@type":"ReadAction","target":["https:\/\/www.meydan.tv\/az\/article\/partlayisdan-zererceken-tezminat-odenileceyi-tesdiqlendi-ancaq-verilmedi\/"]}]},{"@type":"ImageObject","inLanguage":"az","@id":"https:\/\/www.meydan.tv\/az\/article\/partlayisdan-zererceken-tezminat-odenileceyi-tesdiqlendi-ancaq-verilmedi\/#primaryimage","url":"https:\/\/www.meydan.tv\/wp-content\/uploads\/original_size_facebook_app__untitled_design_yrbt9xz.png","contentUrl":"https:\/\/www.meydan.tv\/wp-content\/uploads\/original_size_facebook_app__untitled_design_yrbt9xz.png","width":864,"height":480,"caption":"Source: Specify Source"},{"@type":"BreadcrumbList","@id":"https:\/\/www.meydan.tv\/az\/article\/partlayisdan-zererceken-tezminat-odenileceyi-tesdiqlendi-ancaq-verilmedi\/#breadcrumb","itemListElement":[{"@type":"ListItem","position":1,"name":"Ana s\u0259hif\u0259","item":"https:\/\/www.meydan.tv\/az\/"},{"@type":"ListItem","position":2,"name":"B\u00f6lg\u0259","item":"https:\/\/www.meydan.tv\/az\/section\/bolge\/"},{"@type":"ListItem","position":3,"name":"Partlay\u0131\u015fdan z\u0259r\u0259r\u00e7\u0259k\u0259n: T\u0259zminat \u00f6d\u0259nil\u0259c\u0259yi t\u0259sdiql\u0259ndi, ancaq verilm\u0259di"}]},{"@type":"WebSite","@id":"https:\/\/www.meydan.tv\/az\/#website","url":"https:\/\/www.meydan.tv\/az\/","name":"MEYDAN.TV","description":"Meydan TV Az\u0259rbaycan\u0131n media m\u0259kan\u0131ndak\u0131 alternativ s\u0259sidir","publisher":{"@id":"https:\/\/www.meydan.tv\/az\/#organization"},"potentialAction":[{"@type":"SearchAction","target":{"@type":"EntryPoint","urlTemplate":"https:\/\/www.meydan.tv\/az\/?s={search_term_string}"},"query-input":{"@type":"PropertyValueSpecification","valueRequired":true,"valueName":"search_term_string"}}],"inLanguage":"az"},{"@type":"Organization","@id":"https:\/\/www.meydan.tv\/az\/#organization","name":"Meydan TV","url":"https:\/\/www.meydan.tv\/az\/","logo":{"@type":"ImageObject","inLanguage":"az","@id":"https:\/\/www.meydan.tv\/az\/#\/schema\/logo\/image\/","url":"https:\/\/www.meydan.tv\/wp-content\/uploads\/2021\/07\/meydan-logo.svg","contentUrl":"https:\/\/www.meydan.tv\/wp-content\/uploads\/2021\/07\/meydan-logo.svg","width":195,"height":46,"caption":"Meydan TV"},"image":{"@id":"https:\/\/www.meydan.tv\/az\/#\/schema\/logo\/image\/"}},{"@type":"Person","@id":"https:\/\/www.meydan.tv\/az\/#\/schema\/person\/10d11eccf6da3662cf5fdab9806ea91a","name":"user-manager"}]}},"_links":{"self":[{"href":"https:\/\/www.meydan.tv\/az\/wp-json\/wp\/v2\/posts\/212819","targetHints":{"allow":["GET"]}}],"collection":[{"href":"https:\/\/www.meydan.tv\/az\/wp-json\/wp\/v2\/posts"}],"about":[{"href":"https:\/\/www.meydan.tv\/az\/wp-json\/wp\/v2\/types\/post"}],"author":[{"embeddable":true,"href":"https:\/\/www.meydan.tv\/az\/wp-json\/wp\/v2\/users\/11"}],"replies":[{"embeddable":true,"href":"https:\/\/www.meydan.tv\/az\/wp-json\/wp\/v2\/comments?post=212819"}],"version-history":[{"count":0,"href":"https:\/\/www.meydan.tv\/az\/wp-json\/wp\/v2\/posts\/212819\/revisions"}],"wp:featuredmedia":[{"embeddable":true,"href":"https:\/\/www.meydan.tv\/az\/wp-json\/wp\/v2\/media\/209977"}],"wp:attachment":[{"href":"https:\/\/www.meydan.tv\/az\/wp-json\/wp\/v2\/media?parent=212819"}],"wp:term":[{"taxonomy":"category","embeddable":true,"href":"https:\/\/www.meydan.tv\/az\/wp-json\/wp\/v2\/categories?post=212819"},{"taxonomy":"post_tag","embeddable":true,"href":"https:\/\/www.meydan.tv\/az\/wp-json\/wp\/v2\/tags?post=212819"}],"curies":[{"name":"wp","href":"https:\/\/api.w.org\/{rel}","templated":true}]}}