{"id":212816,"date":"2021-09-13T11:21:25","date_gmt":"2021-09-13T11:21:25","guid":{"rendered":"https:\/\/www.meydan.tv\/article\/fulya-filminin-montaj-prosesi-basa-catib\/"},"modified":"2021-09-13T11:21:25","modified_gmt":"2021-09-13T11:21:25","slug":"fulya-filminin-montaj-prosesi-basa-catib","status":"publish","type":"post","link":"https:\/\/www.meydan.tv\/az\/article\/fulya-filminin-montaj-prosesi-basa-catib\/","title":{"rendered":"\u201cFulya\u201d filminin montaj prosesi ba\u015fa \u00e7at\u0131b"},"content":{"rendered":"<p>\n  <i><br \/>\n    Filmin premyeras\u0131n\u0131n harada ke\u00e7iril\u0259c\u0259yi h\u0259l\u0259 m\u0259lum deyil<br \/>\n  <\/i>\n<\/p>\n<p>\n  C\u0259f\u0259r Cabbarl\u0131 ad\u0131na \u201cAz\u0259rbaycanfilm\u201d kinostudiyas\u0131 il\u0259 T\u00fcrkiy\u0259nin \u201cDada Yap\u0131m\u201d \u015firk\u0259tinin birg\u0259 istehsal\u0131 \u201cFulya\u201d s\u0259n\u0259dli filminin \u00e7\u0259kili\u015fl\u0259ri v\u0259 montaj prosesi art\u0131q ba\u015fa \u00e7at\u0131b.\n<\/p>\n<p>\n  Bu haqda m\u0259lumat\u0131 Meydan TV-y\u0259 \u201cAz\u0259rbaycanfilm\u201d kinostudiyas\u0131n\u0131n PR meneceri L\u0259tif L\u0259tifsoy verib.\n<\/p>\n<p>\n  Onun s\u00f6zl\u0259rin\u0259 g\u00f6r\u0259, filmin montaj prosesi T\u00fcrkiy\u0259d\u0259 olub. \u201cFulya\u201d ortaq istehsal oldu\u011fu \u00fc\u00e7\u00fcn premyeran\u0131n harada ke\u00e7iril\u0259c\u0259yi h\u0259l\u0259 m\u0259lum deyil.\n<\/p>\n<p>\n  Ssenari m\u00fc\u0259llifi v\u0259 rejissoru Tahir Tahirovi\u00e7, operatoru \u00c7engizhan Durmaz, prod\u00fcserl\u0259r Fariz \u018fhm\u0259dov v\u0259 \u00d6zcan Dadad\u0131r. Filmin \u00e7\u0259kili\u015fl\u0259ri G\u0259nc\u0259, T\u0259rt\u0259r v\u0259 \u015eu\u015fada apar\u0131l\u0131b.\n<\/p>\n<p>\n  \u201cCNN T\u00fcrk\u201d kanal\u0131n\u0131n m\u00fcxbiri Fulya \u00d6zt\u00fcrk \u0130kinci Qaraba\u011f M\u00fcharib\u0259si zaman\u0131 44 g\u00fcn \u0259rzind\u0259 Az\u0259rbaycan\u0131n \u0259n qaynar n\u00f6qt\u0259l\u0259rind\u0259 i\u015ftirak edib. S\u0259n\u0259dli film h\u0259min hadis\u0259l\u0259ri \u0259ks etdirir. Fulya \u00d6zt\u00fcrk haz\u0131rda FOX TV-nin \u0259m\u0259kda\u015f\u0131d\u0131r.<\/p>\n","protected":false},"excerpt":{"rendered":"<p>Onun s\u00f6zl\u0259rin\u0259 g\u00f6r\u0259, filmin montaj prosesi T\u00fcrkiy\u0259d\u0259 olub.<\/p>\n","protected":false},"author":11,"featured_media":209986,"comment_status":"closed","ping_status":"open","sticky":false,"template":"","format":"standard","meta":{"_acf_changed":false,"_sitemap_exclude":false,"_sitemap_priority":"","_sitemap_frequency":"","footnotes":""},"categories":[52],"tags":[],"class_list":["post-212816","post","type-post","status-publish","format-standard","has-post-thumbnail","hentry","category-medeniyyet","infinite-scroll-item","generate-columns","tablet-grid-50","mobile-grid-100","grid-parent","grid-33","no-featured-image-padding"],"acf":[],"yoast_head":"<!-- This site is optimized with the Yoast SEO plugin v28.4 - https:\/\/yoast.com\/product\/yoast-seo-wordpress\/ -->\n<title>\u201cFulya\u201d filminin montaj prosesi ba\u015fa \u00e7at\u0131b - MEYDAN.TV<\/title>\n<meta name=\"robots\" content=\"index, follow, max-snippet:-1, max-image-preview:large, max-video-preview:-1\" \/>\n<link rel=\"canonical\" href=\"https:\/\/www.meydan.tv\/az\/article\/fulya-filminin-montaj-prosesi-basa-catib\/\" \/>\n<meta property=\"og:locale\" content=\"az_AZ\" \/>\n<meta property=\"og:type\" content=\"article\" \/>\n<meta property=\"og:title\" content=\"\u201cFulya\u201d filminin montaj prosesi ba\u015fa \u00e7at\u0131b - MEYDAN.TV\" \/>\n<meta property=\"og:description\" content=\"Onun s\u00f6zl\u0259rin\u0259 g\u00f6r\u0259, filmin montaj prosesi T\u00fcrkiy\u0259d\u0259 olub.\" \/>\n<meta property=\"og:url\" content=\"https:\/\/www.meydan.tv\/az\/article\/fulya-filminin-montaj-prosesi-basa-catib\/\" \/>\n<meta property=\"og:site_name\" content=\"MEYDAN.TV\" \/>\n<meta property=\"article:published_time\" content=\"2021-09-13T11:21:25+00:00\" \/>\n<meta property=\"og:image\" content=\"https:\/\/www.meydan.tv\/wp-content\/uploads\/kapak_110611.jpg\" \/>\n\t<meta property=\"og:image:width\" content=\"810\" \/>\n\t<meta property=\"og:image:height\" content=\"480\" \/>\n\t<meta property=\"og:image:type\" content=\"image\/jpeg\" \/>\n<meta name=\"twitter:card\" content=\"summary_large_image\" \/>\n<!-- \/ Yoast SEO plugin. -->","yoast_head_json":{"title":"\u201cFulya\u201d filminin montaj prosesi ba\u015fa \u00e7at\u0131b - MEYDAN.TV","robots":{"index":"index","follow":"follow","max-snippet":"max-snippet:-1","max-image-preview":"max-image-preview:large","max-video-preview":"max-video-preview:-1"},"canonical":"https:\/\/www.meydan.tv\/az\/article\/fulya-filminin-montaj-prosesi-basa-catib\/","og_locale":"az_AZ","og_type":"article","og_title":"\u201cFulya\u201d filminin montaj prosesi ba\u015fa \u00e7at\u0131b - MEYDAN.TV","og_description":"Onun s\u00f6zl\u0259rin\u0259 g\u00f6r\u0259, filmin montaj prosesi T\u00fcrkiy\u0259d\u0259 olub.","og_url":"https:\/\/www.meydan.tv\/az\/article\/fulya-filminin-montaj-prosesi-basa-catib\/","og_site_name":"MEYDAN.TV","article_published_time":"2021-09-13T11:21:25+00:00","og_image":[{"width":810,"height":480,"url":"https:\/\/www.meydan.tv\/wp-content\/uploads\/kapak_110611.jpg","type":"image\/jpeg"}],"twitter_card":"summary_large_image","schema":{"@context":"https:\/\/schema.org","@graph":[{"@type":"Article","@id":"https:\/\/www.meydan.tv\/az\/article\/fulya-filminin-montaj-prosesi-basa-catib\/#article","isPartOf":{"@id":"https:\/\/www.meydan.tv\/az\/article\/fulya-filminin-montaj-prosesi-basa-catib\/"},"author":{"name":"user-manager","@id":"https:\/\/www.meydan.tv\/az\/#\/schema\/person\/10d11eccf6da3662cf5fdab9806ea91a"},"headline":"\u201cFulya\u201d filminin montaj prosesi ba\u015fa \u00e7at\u0131b","datePublished":"2021-09-13T11:21:25+00:00","mainEntityOfPage":{"@id":"https:\/\/www.meydan.tv\/az\/article\/fulya-filminin-montaj-prosesi-basa-catib\/"},"wordCount":197,"publisher":{"@id":"https:\/\/www.meydan.tv\/az\/#organization"},"image":{"@id":"https:\/\/www.meydan.tv\/az\/article\/fulya-filminin-montaj-prosesi-basa-catib\/#primaryimage"},"thumbnailUrl":"https:\/\/www.meydan.tv\/wp-content\/uploads\/kapak_110611.jpg","articleSection":["M\u0259d\u0259niyy\u0259t"],"inLanguage":"az"},{"@type":"WebPage","@id":"https:\/\/www.meydan.tv\/az\/article\/fulya-filminin-montaj-prosesi-basa-catib\/","url":"https:\/\/www.meydan.tv\/az\/article\/fulya-filminin-montaj-prosesi-basa-catib\/","name":"\u201cFulya\u201d filminin montaj prosesi ba\u015fa \u00e7at\u0131b - MEYDAN.TV","isPartOf":{"@id":"https:\/\/www.meydan.tv\/az\/#website"},"primaryImageOfPage":{"@id":"https:\/\/www.meydan.tv\/az\/article\/fulya-filminin-montaj-prosesi-basa-catib\/#primaryimage"},"image":{"@id":"https:\/\/www.meydan.tv\/az\/article\/fulya-filminin-montaj-prosesi-basa-catib\/#primaryimage"},"thumbnailUrl":"https:\/\/www.meydan.tv\/wp-content\/uploads\/kapak_110611.jpg","datePublished":"2021-09-13T11:21:25+00:00","breadcrumb":{"@id":"https:\/\/www.meydan.tv\/az\/article\/fulya-filminin-montaj-prosesi-basa-catib\/#breadcrumb"},"inLanguage":"az","potentialAction":[{"@type":"ReadAction","target":["https:\/\/www.meydan.tv\/az\/article\/fulya-filminin-montaj-prosesi-basa-catib\/"]}]},{"@type":"ImageObject","inLanguage":"az","@id":"https:\/\/www.meydan.tv\/az\/article\/fulya-filminin-montaj-prosesi-basa-catib\/#primaryimage","url":"https:\/\/www.meydan.tv\/wp-content\/uploads\/kapak_110611.jpg","contentUrl":"https:\/\/www.meydan.tv\/wp-content\/uploads\/kapak_110611.jpg","width":810,"height":480,"caption":"Source: https:\/\/www.cumhuriyet.com.tr\/"},{"@type":"BreadcrumbList","@id":"https:\/\/www.meydan.tv\/az\/article\/fulya-filminin-montaj-prosesi-basa-catib\/#breadcrumb","itemListElement":[{"@type":"ListItem","position":1,"name":"Ana s\u0259hif\u0259","item":"https:\/\/www.meydan.tv\/az\/"},{"@type":"ListItem","position":2,"name":"M\u0259d\u0259niyy\u0259t","item":"https:\/\/www.meydan.tv\/az\/section\/medeniyyet\/"},{"@type":"ListItem","position":3,"name":"\u201cFulya\u201d filminin montaj prosesi ba\u015fa \u00e7at\u0131b"}]},{"@type":"WebSite","@id":"https:\/\/www.meydan.tv\/az\/#website","url":"https:\/\/www.meydan.tv\/az\/","name":"MEYDAN.TV","description":"Meydan TV Az\u0259rbaycan\u0131n media m\u0259kan\u0131ndak\u0131 alternativ s\u0259sidir","publisher":{"@id":"https:\/\/www.meydan.tv\/az\/#organization"},"potentialAction":[{"@type":"SearchAction","target":{"@type":"EntryPoint","urlTemplate":"https:\/\/www.meydan.tv\/az\/?s={search_term_string}"},"query-input":{"@type":"PropertyValueSpecification","valueRequired":true,"valueName":"search_term_string"}}],"inLanguage":"az"},{"@type":"Organization","@id":"https:\/\/www.meydan.tv\/az\/#organization","name":"Meydan TV","url":"https:\/\/www.meydan.tv\/az\/","logo":{"@type":"ImageObject","inLanguage":"az","@id":"https:\/\/www.meydan.tv\/az\/#\/schema\/logo\/image\/","url":"https:\/\/www.meydan.tv\/wp-content\/uploads\/2021\/07\/meydan-logo.svg","contentUrl":"https:\/\/www.meydan.tv\/wp-content\/uploads\/2021\/07\/meydan-logo.svg","width":195,"height":46,"caption":"Meydan TV"},"image":{"@id":"https:\/\/www.meydan.tv\/az\/#\/schema\/logo\/image\/"}},{"@type":"Person","@id":"https:\/\/www.meydan.tv\/az\/#\/schema\/person\/10d11eccf6da3662cf5fdab9806ea91a","name":"user-manager"}]}},"_links":{"self":[{"href":"https:\/\/www.meydan.tv\/az\/wp-json\/wp\/v2\/posts\/212816","targetHints":{"allow":["GET"]}}],"collection":[{"href":"https:\/\/www.meydan.tv\/az\/wp-json\/wp\/v2\/posts"}],"about":[{"href":"https:\/\/www.meydan.tv\/az\/wp-json\/wp\/v2\/types\/post"}],"author":[{"embeddable":true,"href":"https:\/\/www.meydan.tv\/az\/wp-json\/wp\/v2\/users\/11"}],"replies":[{"embeddable":true,"href":"https:\/\/www.meydan.tv\/az\/wp-json\/wp\/v2\/comments?post=212816"}],"version-history":[{"count":0,"href":"https:\/\/www.meydan.tv\/az\/wp-json\/wp\/v2\/posts\/212816\/revisions"}],"wp:featuredmedia":[{"embeddable":true,"href":"https:\/\/www.meydan.tv\/az\/wp-json\/wp\/v2\/media\/209986"}],"wp:attachment":[{"href":"https:\/\/www.meydan.tv\/az\/wp-json\/wp\/v2\/media?parent=212816"}],"wp:term":[{"taxonomy":"category","embeddable":true,"href":"https:\/\/www.meydan.tv\/az\/wp-json\/wp\/v2\/categories?post=212816"},{"taxonomy":"post_tag","embeddable":true,"href":"https:\/\/www.meydan.tv\/az\/wp-json\/wp\/v2\/tags?post=212816"}],"curies":[{"name":"wp","href":"https:\/\/api.w.org\/{rel}","templated":true}]}}